{"id":46209,"date":"2025-11-14T12:47:21","date_gmt":"2025-11-14T15:47:21","guid":{"rendered":"https:\/\/www.eldiariodetucuman.com\/web\/la-justicia-obliga-a-vialidad-a-reparar-la-ruta-40-entre-bariloche-y-el-bolson\/"},"modified":"2025-11-14T12:47:24","modified_gmt":"2025-11-14T15:47:24","slug":"la-justicia-obliga-a-vialidad-a-reparar-la-ruta-40-entre-bariloche-y-el-bolson","status":"publish","type":"post","link":"https:\/\/www.eldiariodetucuman.com\/web\/la-justicia-obliga-a-vialidad-a-reparar-la-ruta-40-entre-bariloche-y-el-bolson\/","title":{"rendered":"La Justicia obliga a Vialidad a reparar la ruta 40 entre Bariloche y El Bols\u00f3n"},"content":{"rendered":"<p><\/p>\n<p class=\"com-paragraph  --capital --s\">SAN CARLOS DE BARILOCHE.- Qued\u00f3 firme la sentencia que orden\u00f3 a Vialidad Nacional la reparaci\u00f3n urgente de la<strong> Ruta Nacional 40<\/strong> entre Bariloche y El Bols\u00f3n. <\/p>\n<p class=\"com-paragraph   --s\">La acci\u00f3n de amparo colectivo fue impulsada en 2023 por el entonces senador \u2013y actual gobernador\u2013 <strong>Alberto Weretilneck <\/strong>(JSRN) y diversas entidades provinciales y locales debido al deterioro cr\u00edtico de la ruta, en particular esos 120 km entre ambos destinos tur\u00edsticos.<\/p>\n<p class=\"com-paragraph   --s\">Ahora, con la sentencia firme corre el plazo para que <strong>Vialidad ejecute obras inmediatas<\/strong> y presente informes t\u00e9cnicos obligatorios que garanticen la seguridad del tramo. <\/p>\n<p class=\"com-paragraph   --s\">Seg\u00fan detallaron desde el gobierno rionegrino, entre las obligaciones m\u00e1s urgentes figuran la reparaci\u00f3n de pozos, grietas, ahuellamientos y deformaciones peligrosas; la correcci\u00f3n de los descalces de banquinas; la reposici\u00f3n de la se\u00f1alizaci\u00f3n horizontal en los sectores intervenidos; y la colocaci\u00f3n de se\u00f1alizaci\u00f3n vertical diurna y nocturna en curvas, badenes, zonas con riesgo de derrumbe y dem\u00e1s puntos cr\u00edticos. <\/p>\n<p class=\"com-paragraph   --s\">Todas estas intervenciones deben realizarse sin reprogramaciones ni demoras administrativas.<\/p>\n<p class=\"com-paragraph   --s\">El fallo fija plazos precisos: dentro de los primeros 90 d\u00edas, Vialidad Nacional deber\u00e1 presentar un relevamiento completo de todos los puntos cr\u00edticos del tramo, acompa\u00f1ado por un cronograma detallado de ejecuci\u00f3n de cada reparaci\u00f3n ordenada. <\/p>\n<p class=\"com-paragraph   --s\">En el mismo plazo, tendr\u00e1 que elevar un informe t\u00e9cnico que confirme o descarte el riesgo de arrastre de material rocoso. Si el riesgo existe, deber\u00e1 proponer las medidas correctivas y especificar los tiempos de aplicaci\u00f3n.<\/p>\n<p>Aunque en estos a\u00f1os se realizaron reparaciones, el estado de la ruta 40 en esta zona sigue siendo deficiente<\/p>\n<p class=\"com-paragraph   --s\">Asimismo, en ese per\u00edodo deber\u00e1 informar si es necesario instalar puestos de control de carga y, en caso afirmativo, qu\u00e9 medidas implementar\u00e1 y en qu\u00e9 plazos. En tanto, a los 120 d\u00edas, la sentencia exige la presentaci\u00f3n de un plan integral de mantenimiento para aplicar una vez finalizadas las reparaciones urgentes, con acciones preventivas y de conservaci\u00f3n futura que permitan sostener en el tiempo la seguridad del tramo.<\/p>\n<p class=\"com-paragraph   --s\">En julio de 2024, el fallo original del Juzgado Federal de Bariloche orden\u00f3 la reparaci\u00f3n urgente y completa del tramo de la ruta nacional 40 que une esta ciudad con El Bols\u00f3n. El juez <strong>Gustavo Villanueva<\/strong> determin\u00f3 que la Direcci\u00f3n Nacional de Vialidad incumpli\u00f3 su obligaci\u00f3n de mantener la ruta en condiciones seguras y orden\u00f3 la ejecuci\u00f3n inmediata de reparaciones urgentes en los puntos m\u00e1s cr\u00edticos de la ruta, la se\u00f1alizaci\u00f3n adecuada y la implementaci\u00f3n de medidas de seguridad vial.<\/p>\n<p class=\"com-paragraph   --s\">\u201cLa sentencia firme reafirma el rol de la provincia en la defensa de la vida, la seguridad vial y la integridad f\u00edsica de quienes transitan una de las rutas m\u00e1s importantes para la conectividad andina y el desarrollo tur\u00edstico y econ\u00f3mico del sudoeste rionegrino. La Justicia reconoci\u00f3 la inacci\u00f3n del organismo nacional durante a\u00f1os y valid\u00f3 el derecho y el deber de R\u00edo Negro de accionar ante incumplimientos del Estado Nacional\u201d, indicaron desde el gobierno provincial.<\/p>\n<p class=\"com-paragraph   --s\">Adem\u00e1s de exponer el \u201cabsoluto estado de abandono\u201d de la ruta 40, el amparo presentado a finales de septiembre de 2023 advert\u00eda sobre las roturas permanentes de veh\u00edculos y los accidentes viales, la ausencia de se\u00f1alizaci\u00f3n, las deformaciones de calzada y los cr\u00e1teres, entre otras cuestiones. \u201cEl estado de la ruta que conecta Bariloche, Villa Mascardi, Villegas, El Manso, El Foyel y El Bols\u00f3n pone en peligro la vida de las personas, atenta contra la prestaci\u00f3n de servicios y contra el turismo, que genera aproximadamente el 30% del Producto Bruto Interno\u201d, se\u00f1al\u00f3 <strong>Weretilneck<\/strong> en ese momento.<\/p>\n<p class=\"com-paragraph   --s\">El gobernador tambi\u00e9n mantiene una pulseada con el Gobierno nacional por el fallo que orden\u00f3 reparar la ruta 151. A principios de octubre pasado, el Juzgado Federal de General Roca, a cargo de <strong>Hugo Greca<\/strong>, hizo lugar al amparo colectivo presentado por Weretilneck, junto a intendentes y entidades empresariales, y orden\u00f3 a la Direcci\u00f3n Nacional de Vialidad que ejecute de manera urgente las obras de reparaci\u00f3n y mantenimiento. <\/p>\n<p class=\"com-paragraph   --s\">Sin embargo, la Casa Rosada decidi\u00f3 apelar el fallo. \u201cEn lugar de cumplir con la sentencia y presentar un plan de reparaci\u00f3n para la ruta 151, lo que est\u00e1n haciendo es patear el problema para adelante y mostrar que no les importa R\u00edo Negro\u201d, dispar\u00f3 Weretilneck.<\/p>\n<p><a href=\"https:\/\/www.lanacion.com.ar\/politica\/la-justicia-obliga-a-vialidad-a-reparar-la-ruta-40-entre-bariloche-y-el-bolson-nid14112025\/\">Fuente de la nota <\/a><\/p>\n","protected":false},"excerpt":{"rendered":"<p>SAN CARLOS DE BARILOCHE.- Qued\u00f3 firme la sentencia que orden\u00f3 a Vialidad Nacional la reparaci\u00f3n urgente de la Ruta Nacional 40 entre Bariloche y El Bols\u00f3n. La acci\u00f3n de amparo colectivo fue impulsada en 2023 por el entonces senador \u2013y actual gobernador\u2013 Alberto Weretilneck (JSRN) y diversas entidades provinciales y locales debido al deterioro cr\u00edtico [&hellip;]<\/p>\n","protected":false},"author":5,"featured_media":46210,"comment_status":"closed","ping_status":"open","sticky":false,"template":"","format":"standard","meta":{"footnotes":""},"categories":[3],"tags":[],"class_list":{"0":"post-46209","1":"post","2":"type-post","3":"status-publish","4":"format-standard","5":"has-post-thumbnail","7":"category-politica"},"yoast_head":"<!-- This site is optimized with the Yoast SEO plugin v27.4 - https:\/\/yoast.com\/product\/yoast-seo-wordpress\/ -->\n<title>La Justicia obliga a Vialidad a reparar la ruta 40 entre Bariloche y El Bols\u00f3n - El Diario de Tucuman<\/title>\n<meta name=\"robots\" content=\"index, follow, max-snippet:-1, max-image-preview:large, max-video-preview:-1\" \/>\n<link rel=\"canonical\" href=\"https:\/\/www.eldiariodetucuman.com\/web\/la-justicia-obliga-a-vialidad-a-reparar-la-ruta-40-entre-bariloche-y-el-bolson\/\" \/>\n<meta property=\"og:locale\" content=\"es_ES\" \/>\n<meta property=\"og:type\" content=\"article\" \/>\n<meta property=\"og:title\" content=\"La Justicia obliga a Vialidad a reparar la ruta 40 entre Bariloche y El Bols\u00f3n - El Diario de Tucuman\" \/>\n<meta property=\"og:description\" content=\"SAN CARLOS DE BARILOCHE.- Qued\u00f3 firme la sentencia que orden\u00f3 a Vialidad Nacional la reparaci\u00f3n urgente de la Ruta Nacional 40 entre Bariloche y El Bols\u00f3n. La acci\u00f3n de amparo colectivo fue impulsada en 2023 por el entonces senador \u2013y actual gobernador\u2013 Alberto Weretilneck (JSRN) y diversas entidades provinciales y locales debido al deterioro cr\u00edtico [&hellip;]\" \/>\n<meta property=\"og:url\" content=\"https:\/\/www.eldiariodetucuman.com\/web\/la-justicia-obliga-a-vialidad-a-reparar-la-ruta-40-entre-bariloche-y-el-bolson\/\" \/>\n<meta property=\"og:site_name\" content=\"El Diario de Tucuman\" \/>\n<meta property=\"article:published_time\" content=\"2025-11-14T15:47:21+00:00\" \/>\n<meta property=\"article:modified_time\" content=\"2025-11-14T15:47:24+00:00\" \/>\n<meta property=\"og:image\" content=\"https:\/\/www.eldiariodetucuman.com\/web\/wp-content\/uploads\/2025\/11\/vialidad-nacional-debe-realizar-obras-urgentes-en-IHZNQ7Q7GBCRLNLCYBE7CSODNE.webp.jpeg\" \/>\n\t<meta property=\"og:image:width\" content=\"1200\" \/>\n\t<meta property=\"og:image:height\" content=\"674\" \/>\n\t<meta property=\"og:image:type\" content=\"image\/jpeg\" \/>\n<meta name=\"author\" content=\"Redactor Uno\" \/>\n<meta name=\"twitter:card\" content=\"summary_large_image\" \/>\n<meta name=\"twitter:label1\" content=\"Escrito por\" \/>\n\t<meta name=\"twitter:data1\" content=\"Redactor Uno\" \/>\n\t<meta name=\"twitter:label2\" content=\"Tiempo de lectura\" \/>\n\t<meta name=\"twitter:data2\" content=\"4 minutos\" \/>\n<script type=\"application\/ld+json\" class=\"yoast-schema-graph\">{\"@context\":\"https:\\\/\\\/schema.org\",\"@graph\":[{\"@type\":\"Article\",\"@id\":\"https:\\\/\\\/www.eldiariodetucuman.com\\\/web\\\/la-justicia-obliga-a-vialidad-a-reparar-la-ruta-40-entre-bariloche-y-el-bolson\\\/#article\",\"isPartOf\":{\"@id\":\"https:\\\/\\\/www.eldiariodetucuman.com\\\/web\\\/la-justicia-obliga-a-vialidad-a-reparar-la-ruta-40-entre-bariloche-y-el-bolson\\\/\"},\"author\":{\"name\":\"Redactor Uno\",\"@id\":\"https:\\\/\\\/www.eldiariodetucuman.com\\\/web\\\/#\\\/schema\\\/person\\\/7e6644a46e60888f6b868594407e08dd\"},\"headline\":\"La Justicia obliga a Vialidad a reparar la ruta 40 entre Bariloche y El Bols\u00f3n\",\"datePublished\":\"2025-11-14T15:47:21+00:00\",\"dateModified\":\"2025-11-14T15:47:24+00:00\",\"mainEntityOfPage\":{\"@id\":\"https:\\\/\\\/www.eldiariodetucuman.com\\\/web\\\/la-justicia-obliga-a-vialidad-a-reparar-la-ruta-40-entre-bariloche-y-el-bolson\\\/\"},\"wordCount\":754,\"publisher\":{\"@id\":\"https:\\\/\\\/www.eldiariodetucuman.com\\\/web\\\/#organization\"},\"image\":{\"@id\":\"https:\\\/\\\/www.eldiariodetucuman.com\\\/web\\\/la-justicia-obliga-a-vialidad-a-reparar-la-ruta-40-entre-bariloche-y-el-bolson\\\/#primaryimage\"},\"thumbnailUrl\":\"https:\\\/\\\/www.eldiariodetucuman.com\\\/web\\\/wp-content\\\/uploads\\\/2025\\\/11\\\/vialidad-nacional-debe-realizar-obras-urgentes-en-IHZNQ7Q7GBCRLNLCYBE7CSODNE.webp.jpeg\",\"articleSection\":[\"Politica\"],\"inLanguage\":\"es\"},{\"@type\":\"WebPage\",\"@id\":\"https:\\\/\\\/www.eldiariodetucuman.com\\\/web\\\/la-justicia-obliga-a-vialidad-a-reparar-la-ruta-40-entre-bariloche-y-el-bolson\\\/\",\"url\":\"https:\\\/\\\/www.eldiariodetucuman.com\\\/web\\\/la-justicia-obliga-a-vialidad-a-reparar-la-ruta-40-entre-bariloche-y-el-bolson\\\/\",\"name\":\"La Justicia obliga a Vialidad a reparar la ruta 40 entre Bariloche y El Bols\u00f3n - El Diario de Tucuman\",\"isPartOf\":{\"@id\":\"https:\\\/\\\/www.eldiariodetucuman.com\\\/web\\\/#website\"},\"primaryImageOfPage\":{\"@id\":\"https:\\\/\\\/www.eldiariodetucuman.com\\\/web\\\/la-justicia-obliga-a-vialidad-a-reparar-la-ruta-40-entre-bariloche-y-el-bolson\\\/#primaryimage\"},\"image\":{\"@id\":\"https:\\\/\\\/www.eldiariodetucuman.com\\\/web\\\/la-justicia-obliga-a-vialidad-a-reparar-la-ruta-40-entre-bariloche-y-el-bolson\\\/#primaryimage\"},\"thumbnailUrl\":\"https:\\\/\\\/www.eldiariodetucuman.com\\\/web\\\/wp-content\\\/uploads\\\/2025\\\/11\\\/vialidad-nacional-debe-realizar-obras-urgentes-en-IHZNQ7Q7GBCRLNLCYBE7CSODNE.webp.jpeg\",\"datePublished\":\"2025-11-14T15:47:21+00:00\",\"dateModified\":\"2025-11-14T15:47:24+00:00\",\"breadcrumb\":{\"@id\":\"https:\\\/\\\/www.eldiariodetucuman.com\\\/web\\\/la-justicia-obliga-a-vialidad-a-reparar-la-ruta-40-entre-bariloche-y-el-bolson\\\/#breadcrumb\"},\"inLanguage\":\"es\",\"potentialAction\":[{\"@type\":\"ReadAction\",\"target\":[\"https:\\\/\\\/www.eldiariodetucuman.com\\\/web\\\/la-justicia-obliga-a-vialidad-a-reparar-la-ruta-40-entre-bariloche-y-el-bolson\\\/\"]}]},{\"@type\":\"ImageObject\",\"inLanguage\":\"es\",\"@id\":\"https:\\\/\\\/www.eldiariodetucuman.com\\\/web\\\/la-justicia-obliga-a-vialidad-a-reparar-la-ruta-40-entre-bariloche-y-el-bolson\\\/#primaryimage\",\"url\":\"https:\\\/\\\/www.eldiariodetucuman.com\\\/web\\\/wp-content\\\/uploads\\\/2025\\\/11\\\/vialidad-nacional-debe-realizar-obras-urgentes-en-IHZNQ7Q7GBCRLNLCYBE7CSODNE.webp.jpeg\",\"contentUrl\":\"https:\\\/\\\/www.eldiariodetucuman.com\\\/web\\\/wp-content\\\/uploads\\\/2025\\\/11\\\/vialidad-nacional-debe-realizar-obras-urgentes-en-IHZNQ7Q7GBCRLNLCYBE7CSODNE.webp.jpeg\",\"width\":1200,\"height\":674},{\"@type\":\"BreadcrumbList\",\"@id\":\"https:\\\/\\\/www.eldiariodetucuman.com\\\/web\\\/la-justicia-obliga-a-vialidad-a-reparar-la-ruta-40-entre-bariloche-y-el-bolson\\\/#breadcrumb\",\"itemListElement\":[{\"@type\":\"ListItem\",\"position\":1,\"name\":\"Portada\",\"item\":\"https:\\\/\\\/www.eldiariodetucuman.com\\\/web\\\/\"},{\"@type\":\"ListItem\",\"position\":2,\"name\":\"La Justicia obliga a Vialidad a reparar la ruta 40 entre Bariloche y El Bols\u00f3n\"}]},{\"@type\":\"WebSite\",\"@id\":\"https:\\\/\\\/www.eldiariodetucuman.com\\\/web\\\/#website\",\"url\":\"https:\\\/\\\/www.eldiariodetucuman.com\\\/web\\\/\",\"name\":\"El Diario de Tucuman\",\"description\":\"Diario Tucuman - Informaci\u00f3n y noticias\",\"publisher\":{\"@id\":\"https:\\\/\\\/www.eldiariodetucuman.com\\\/web\\\/#organization\"},\"potentialAction\":[{\"@type\":\"SearchAction\",\"target\":{\"@type\":\"EntryPoint\",\"urlTemplate\":\"https:\\\/\\\/www.eldiariodetucuman.com\\\/web\\\/?s={search_term_string}\"},\"query-input\":{\"@type\":\"PropertyValueSpecification\",\"valueRequired\":true,\"valueName\":\"search_term_string\"}}],\"inLanguage\":\"es\"},{\"@type\":\"Organization\",\"@id\":\"https:\\\/\\\/www.eldiariodetucuman.com\\\/web\\\/#organization\",\"name\":\"El Diario de Tucuman\",\"url\":\"https:\\\/\\\/www.eldiariodetucuman.com\\\/web\\\/\",\"logo\":{\"@type\":\"ImageObject\",\"inLanguage\":\"es\",\"@id\":\"https:\\\/\\\/www.eldiariodetucuman.com\\\/web\\\/#\\\/schema\\\/logo\\\/image\\\/\",\"url\":\"http:\\\/\\\/www.eldiariodetucuman.com\\\/web\\\/wp-content\\\/uploads\\\/2017\\\/12\\\/el-diario-de-tucuman.jpg\",\"contentUrl\":\"http:\\\/\\\/www.eldiariodetucuman.com\\\/web\\\/wp-content\\\/uploads\\\/2017\\\/12\\\/el-diario-de-tucuman.jpg\",\"width\":272,\"height\":92,\"caption\":\"El Diario de Tucuman\"},\"image\":{\"@id\":\"https:\\\/\\\/www.eldiariodetucuman.com\\\/web\\\/#\\\/schema\\\/logo\\\/image\\\/\"}},{\"@type\":\"Person\",\"@id\":\"https:\\\/\\\/www.eldiariodetucuman.com\\\/web\\\/#\\\/schema\\\/person\\\/7e6644a46e60888f6b868594407e08dd\",\"name\":\"Redactor Uno\",\"image\":{\"@type\":\"ImageObject\",\"inLanguage\":\"es\",\"@id\":\"https:\\\/\\\/secure.gravatar.com\\\/avatar\\\/0049b1bdf1bd548385c9ea6b9356431717930913089febd2ba904f0187d7d074?s=96&d=mm&r=g\",\"url\":\"https:\\\/\\\/secure.gravatar.com\\\/avatar\\\/0049b1bdf1bd548385c9ea6b9356431717930913089febd2ba904f0187d7d074?s=96&d=mm&r=g\",\"contentUrl\":\"https:\\\/\\\/secure.gravatar.com\\\/avatar\\\/0049b1bdf1bd548385c9ea6b9356431717930913089febd2ba904f0187d7d074?s=96&d=mm&r=g\",\"caption\":\"Redactor Uno\"},\"url\":\"https:\\\/\\\/www.eldiariodetucuman.com\\\/web\\\/author\\\/mramasco\\\/\"}]}<\/script>\n<!-- \/ Yoast SEO plugin. -->","yoast_head_json":{"title":"La Justicia obliga a Vialidad a reparar la ruta 40 entre Bariloche y El Bols\u00f3n - El Diario de Tucuman","robots":{"index":"index","follow":"follow","max-snippet":"max-snippet:-1","max-image-preview":"max-image-preview:large","max-video-preview":"max-video-preview:-1"},"canonical":"https:\/\/www.eldiariodetucuman.com\/web\/la-justicia-obliga-a-vialidad-a-reparar-la-ruta-40-entre-bariloche-y-el-bolson\/","og_locale":"es_ES","og_type":"article","og_title":"La Justicia obliga a Vialidad a reparar la ruta 40 entre Bariloche y El Bols\u00f3n - El Diario de Tucuman","og_description":"SAN CARLOS DE BARILOCHE.- Qued\u00f3 firme la sentencia que orden\u00f3 a Vialidad Nacional la reparaci\u00f3n urgente de la Ruta Nacional 40 entre Bariloche y El Bols\u00f3n. La acci\u00f3n de amparo colectivo fue impulsada en 2023 por el entonces senador \u2013y actual gobernador\u2013 Alberto Weretilneck (JSRN) y diversas entidades provinciales y locales debido al deterioro cr\u00edtico [&hellip;]","og_url":"https:\/\/www.eldiariodetucuman.com\/web\/la-justicia-obliga-a-vialidad-a-reparar-la-ruta-40-entre-bariloche-y-el-bolson\/","og_site_name":"El Diario de Tucuman","article_published_time":"2025-11-14T15:47:21+00:00","article_modified_time":"2025-11-14T15:47:24+00:00","og_image":[{"width":1200,"height":674,"url":"https:\/\/www.eldiariodetucuman.com\/web\/wp-content\/uploads\/2025\/11\/vialidad-nacional-debe-realizar-obras-urgentes-en-IHZNQ7Q7GBCRLNLCYBE7CSODNE.webp.jpeg","type":"image\/jpeg"}],"author":"Redactor Uno","twitter_card":"summary_large_image","twitter_misc":{"Escrito por":"Redactor Uno","Tiempo de lectura":"4 minutos"},"schema":{"@context":"https:\/\/schema.org","@graph":[{"@type":"Article","@id":"https:\/\/www.eldiariodetucuman.com\/web\/la-justicia-obliga-a-vialidad-a-reparar-la-ruta-40-entre-bariloche-y-el-bolson\/#article","isPartOf":{"@id":"https:\/\/www.eldiariodetucuman.com\/web\/la-justicia-obliga-a-vialidad-a-reparar-la-ruta-40-entre-bariloche-y-el-bolson\/"},"author":{"name":"Redactor Uno","@id":"https:\/\/www.eldiariodetucuman.com\/web\/#\/schema\/person\/7e6644a46e60888f6b868594407e08dd"},"headline":"La Justicia obliga a Vialidad a reparar la ruta 40 entre Bariloche y El Bols\u00f3n","datePublished":"2025-11-14T15:47:21+00:00","dateModified":"2025-11-14T15:47:24+00:00","mainEntityOfPage":{"@id":"https:\/\/www.eldiariodetucuman.com\/web\/la-justicia-obliga-a-vialidad-a-reparar-la-ruta-40-entre-bariloche-y-el-bolson\/"},"wordCount":754,"publisher":{"@id":"https:\/\/www.eldiariodetucuman.com\/web\/#organization"},"image":{"@id":"https:\/\/www.eldiariodetucuman.com\/web\/la-justicia-obliga-a-vialidad-a-reparar-la-ruta-40-entre-bariloche-y-el-bolson\/#primaryimage"},"thumbnailUrl":"https:\/\/www.eldiariodetucuman.com\/web\/wp-content\/uploads\/2025\/11\/vialidad-nacional-debe-realizar-obras-urgentes-en-IHZNQ7Q7GBCRLNLCYBE7CSODNE.webp.jpeg","articleSection":["Politica"],"inLanguage":"es"},{"@type":"WebPage","@id":"https:\/\/www.eldiariodetucuman.com\/web\/la-justicia-obliga-a-vialidad-a-reparar-la-ruta-40-entre-bariloche-y-el-bolson\/","url":"https:\/\/www.eldiariodetucuman.com\/web\/la-justicia-obliga-a-vialidad-a-reparar-la-ruta-40-entre-bariloche-y-el-bolson\/","name":"La Justicia obliga a Vialidad a reparar la ruta 40 entre Bariloche y El Bols\u00f3n - El Diario de Tucuman","isPartOf":{"@id":"https:\/\/www.eldiariodetucuman.com\/web\/#website"},"primaryImageOfPage":{"@id":"https:\/\/www.eldiariodetucuman.com\/web\/la-justicia-obliga-a-vialidad-a-reparar-la-ruta-40-entre-bariloche-y-el-bolson\/#primaryimage"},"image":{"@id":"https:\/\/www.eldiariodetucuman.com\/web\/la-justicia-obliga-a-vialidad-a-reparar-la-ruta-40-entre-bariloche-y-el-bolson\/#primaryimage"},"thumbnailUrl":"https:\/\/www.eldiariodetucuman.com\/web\/wp-content\/uploads\/2025\/11\/vialidad-nacional-debe-realizar-obras-urgentes-en-IHZNQ7Q7GBCRLNLCYBE7CSODNE.webp.jpeg","datePublished":"2025-11-14T15:47:21+00:00","dateModified":"2025-11-14T15:47:24+00:00","breadcrumb":{"@id":"https:\/\/www.eldiariodetucuman.com\/web\/la-justicia-obliga-a-vialidad-a-reparar-la-ruta-40-entre-bariloche-y-el-bolson\/#breadcrumb"},"inLanguage":"es","potentialAction":[{"@type":"ReadAction","target":["https:\/\/www.eldiariodetucuman.com\/web\/la-justicia-obliga-a-vialidad-a-reparar-la-ruta-40-entre-bariloche-y-el-bolson\/"]}]},{"@type":"ImageObject","inLanguage":"es","@id":"https:\/\/www.eldiariodetucuman.com\/web\/la-justicia-obliga-a-vialidad-a-reparar-la-ruta-40-entre-bariloche-y-el-bolson\/#primaryimage","url":"https:\/\/www.eldiariodetucuman.com\/web\/wp-content\/uploads\/2025\/11\/vialidad-nacional-debe-realizar-obras-urgentes-en-IHZNQ7Q7GBCRLNLCYBE7CSODNE.webp.jpeg","contentUrl":"https:\/\/www.eldiariodetucuman.com\/web\/wp-content\/uploads\/2025\/11\/vialidad-nacional-debe-realizar-obras-urgentes-en-IHZNQ7Q7GBCRLNLCYBE7CSODNE.webp.jpeg","width":1200,"height":674},{"@type":"BreadcrumbList","@id":"https:\/\/www.eldiariodetucuman.com\/web\/la-justicia-obliga-a-vialidad-a-reparar-la-ruta-40-entre-bariloche-y-el-bolson\/#breadcrumb","itemListElement":[{"@type":"ListItem","position":1,"name":"Portada","item":"https:\/\/www.eldiariodetucuman.com\/web\/"},{"@type":"ListItem","position":2,"name":"La Justicia obliga a Vialidad a reparar la ruta 40 entre Bariloche y El Bols\u00f3n"}]},{"@type":"WebSite","@id":"https:\/\/www.eldiariodetucuman.com\/web\/#website","url":"https:\/\/www.eldiariodetucuman.com\/web\/","name":"El Diario de Tucuman","description":"Diario Tucuman - Informaci\u00f3n y noticias","publisher":{"@id":"https:\/\/www.eldiariodetucuman.com\/web\/#organization"},"potentialAction":[{"@type":"SearchAction","target":{"@type":"EntryPoint","urlTemplate":"https:\/\/www.eldiariodetucuman.com\/web\/?s={search_term_string}"},"query-input":{"@type":"PropertyValueSpecification","valueRequired":true,"valueName":"search_term_string"}}],"inLanguage":"es"},{"@type":"Organization","@id":"https:\/\/www.eldiariodetucuman.com\/web\/#organization","name":"El Diario de Tucuman","url":"https:\/\/www.eldiariodetucuman.com\/web\/","logo":{"@type":"ImageObject","inLanguage":"es","@id":"https:\/\/www.eldiariodetucuman.com\/web\/#\/schema\/logo\/image\/","url":"http:\/\/www.eldiariodetucuman.com\/web\/wp-content\/uploads\/2017\/12\/el-diario-de-tucuman.jpg","contentUrl":"http:\/\/www.eldiariodetucuman.com\/web\/wp-content\/uploads\/2017\/12\/el-diario-de-tucuman.jpg","width":272,"height":92,"caption":"El Diario de Tucuman"},"image":{"@id":"https:\/\/www.eldiariodetucuman.com\/web\/#\/schema\/logo\/image\/"}},{"@type":"Person","@id":"https:\/\/www.eldiariodetucuman.com\/web\/#\/schema\/person\/7e6644a46e60888f6b868594407e08dd","name":"Redactor Uno","image":{"@type":"ImageObject","inLanguage":"es","@id":"https:\/\/secure.gravatar.com\/avatar\/0049b1bdf1bd548385c9ea6b9356431717930913089febd2ba904f0187d7d074?s=96&d=mm&r=g","url":"https:\/\/secure.gravatar.com\/avatar\/0049b1bdf1bd548385c9ea6b9356431717930913089febd2ba904f0187d7d074?s=96&d=mm&r=g","contentUrl":"https:\/\/secure.gravatar.com\/avatar\/0049b1bdf1bd548385c9ea6b9356431717930913089febd2ba904f0187d7d074?s=96&d=mm&r=g","caption":"Redactor Uno"},"url":"https:\/\/www.eldiariodetucuman.com\/web\/author\/mramasco\/"}]}},"_links":{"self":[{"href":"https:\/\/www.eldiariodetucuman.com\/web\/wp-json\/wp\/v2\/posts\/46209","targetHints":{"allow":["GET"]}}],"collection":[{"href":"https:\/\/www.eldiariodetucuman.com\/web\/wp-json\/wp\/v2\/posts"}],"about":[{"href":"https:\/\/www.eldiariodetucuman.com\/web\/wp-json\/wp\/v2\/types\/post"}],"author":[{"embeddable":true,"href":"https:\/\/www.eldiariodetucuman.com\/web\/wp-json\/wp\/v2\/users\/5"}],"replies":[{"embeddable":true,"href":"https:\/\/www.eldiariodetucuman.com\/web\/wp-json\/wp\/v2\/comments?post=46209"}],"version-history":[{"count":1,"href":"https:\/\/www.eldiariodetucuman.com\/web\/wp-json\/wp\/v2\/posts\/46209\/revisions"}],"predecessor-version":[{"id":46211,"href":"https:\/\/www.eldiariodetucuman.com\/web\/wp-json\/wp\/v2\/posts\/46209\/revisions\/46211"}],"wp:featuredmedia":[{"embeddable":true,"href":"https:\/\/www.eldiariodetucuman.com\/web\/wp-json\/wp\/v2\/media\/46210"}],"wp:attachment":[{"href":"https:\/\/www.eldiariodetucuman.com\/web\/wp-json\/wp\/v2\/media?parent=46209"}],"wp:term":[{"taxonomy":"category","embeddable":true,"href":"https:\/\/www.eldiariodetucuman.com\/web\/wp-json\/wp\/v2\/categories?post=46209"},{"taxonomy":"post_tag","embeddable":true,"href":"https:\/\/www.eldiariodetucuman.com\/web\/wp-json\/wp\/v2\/tags?post=46209"}],"curies":[{"name":"wp","href":"https:\/\/api.w.org\/{rel}","templated":true}]}}