{"id":46152,"date":"2025-11-07T19:12:32","date_gmt":"2025-11-07T22:12:32","guid":{"rendered":"https:\/\/www.eldiariodetucuman.com\/web\/el-spot-de-la-seleccion-argentina-camino-al-mundial\/"},"modified":"2025-11-07T19:12:32","modified_gmt":"2025-11-07T22:12:32","slug":"el-spot-de-la-seleccion-argentina-camino-al-mundial","status":"publish","type":"post","link":"https:\/\/www.eldiariodetucuman.com\/web\/el-spot-de-la-seleccion-argentina-camino-al-mundial\/","title":{"rendered":"El spot de la Selecci\u00f3n Argentina camino al mundial"},"content":{"rendered":"<p>  <\/p>\n<p>En el spot aparecen varios nombres estelares y otros que est\u00e1 detr\u00e1s de los futbolistas, como Marito, el hist\u00f3rico utilero de la selecci\u00f3n; Bizarrap, productor argentino y Claudio Chiqui Tapia, presidente de la AFA. Aunque las luces se las lleva la gran aparici\u00f3n de \u00c1ngel Di Mar\u00eda, diciendo \u00abYo acompa\u00f1o, como siempre\u00bb, jugando con el doble sentido mientras juega a las cartas.<\/p>\n<p>El anuncio, musicalizado con la versi\u00f3n de Divididos de la canci\u00f3n \u00abTengo\u00bb de Sandro, simula una partida de truco en la que participan Leandro Paredes, Tapia, Rodrigo De Paul y Lionel Messi, la llamada \u00abmesa chica\u00bb de la Scaloneta. Durante el aviso se suceden varias referencias del lenguaje propio del truco del juego de cartas, como cuando Emiliano Dibu Mart\u00ednez dice \u00abVamos al pie\u00bb y se se\u00f1ala la pierna con que evit\u00f3 el gol de Randal Kolo Muani en la final contra Francia.<\/p>\n<p>Sobre el final, es el propio Tapia quien desaf\u00eda a los jugadores de la Albiceleste lanzando un \u201cQuiero vale cuatro\u00bb que regala el momento del cl\u00edmax, porque quien le responde al presidente de la AFA no es otro que Messi: \u00abQuiero\u00bb, dice el 10, y todo el mundo s\u00f3lo piensa en una cosa, la cuarta estrella que puede llegar a darse en tierra estadounidense.<\/p>\n<p>Otro que dice \u00abpresente\u00bb en el anuncio es Lionel Scaloni, quien est\u00e1 leyendo un diario que se pregunta si sigue el sue\u00f1o argentino. \u00ab\u00bfYa arranc\u00f3?\u00bb, le pregunta Juli\u00e1n \u00c1lvarez al DT, quien le responde con una sonrisa, asintiendo: \u00ab\u00bfQu\u00e9 te parece?\u00bb.<\/p>\n<p>Nicol\u00e1s Otamendi, Cuti Romero, Alexis Mac Allister, Gio Lo Celso, Juan Foyth y Nico Taglaifico, algunos de los jugadores que pasan por el spot, mezclados entre otros m\u00e1s j\u00f3venes como Nico Paz, Giuliano Simeone, Valent\u00edn Barco y Valent\u00edn Carboni, adem\u00e1s de Franco Mastantuono y Claudio Echeverri, que juegan un partido de metegol.<\/p>\n<p>Embed &#8211; https:\/\/publish.x.com\/oembed?url=https:\/\/x.com\/filonewsOK\/status\/1986807814782599521?t=SI9YgbV3hfP4zyVksG3Jqw&amp;s=19&amp;partner=&amp;hide_thread=false<\/p>\n<p dir=\"ltr\" lang=\"es\"> \u00abQuiero vale cuatro\u00bb: \u00a1La Scaloneta tiene todo listo para el Mundial 2026! <\/p>\n<p>Lionel Messi y la AFA protagonizan un nuevo corte musicalizado por Divididos y lleno de referencias a la m\u00edstica de la Selecci\u00f3n. pic.twitter.com\/osHsCp865f<\/p>\n<p> \u2014 Filo.news (@filonewsOK) November 7, 2025         <script async src=\"https:\/\/platform.twitter.com\/widgets.js\" charset=\"utf-8\"><\/script><br \/>\n<br \/>Fuente: <a href=\"https:\/\/www.lv12.com.ar\/seleccion-argentina\/los-actores-menos-pensados-el-spot-la-seleccion-argentina-camino-al-mundial-n188695\"> Fuente de la nota <\/a><\/p>\n","protected":false},"excerpt":{"rendered":"<p>En el spot aparecen varios nombres estelares y otros que est\u00e1 detr\u00e1s de los futbolistas, como Marito, el hist\u00f3rico utilero de la selecci\u00f3n; Bizarrap, productor argentino y Claudio Chiqui Tapia, presidente de la AFA. Aunque las luces se las lleva la gran aparici\u00f3n de \u00c1ngel Di Mar\u00eda, diciendo \u00abYo acompa\u00f1o, como siempre\u00bb, jugando con el [&hellip;]<\/p>\n","protected":false},"author":1,"featured_media":46153,"comment_status":"closed","ping_status":"open","sticky":false,"template":"","format":"standard","meta":{"footnotes":""},"categories":[6],"tags":[],"class_list":{"0":"post-46152","1":"post","2":"type-post","3":"status-publish","4":"format-standard","5":"has-post-thumbnail","7":"category-deporte"},"yoast_head":"<!-- This site is optimized with the Yoast SEO plugin v27.4 - https:\/\/yoast.com\/product\/yoast-seo-wordpress\/ -->\n<title>El spot de la Selecci\u00f3n Argentina camino al mundial - El Diario de Tucuman<\/title>\n<meta name=\"robots\" content=\"index, follow, max-snippet:-1, max-image-preview:large, max-video-preview:-1\" \/>\n<link rel=\"canonical\" href=\"https:\/\/www.eldiariodetucuman.com\/web\/el-spot-de-la-seleccion-argentina-camino-al-mundial\/\" \/>\n<meta property=\"og:locale\" content=\"es_ES\" \/>\n<meta property=\"og:type\" content=\"article\" \/>\n<meta property=\"og:title\" content=\"El spot de la Selecci\u00f3n Argentina camino al mundial - El Diario de Tucuman\" \/>\n<meta property=\"og:description\" content=\"En el spot aparecen varios nombres estelares y otros que est\u00e1 detr\u00e1s de los futbolistas, como Marito, el hist\u00f3rico utilero de la selecci\u00f3n; Bizarrap, productor argentino y Claudio Chiqui Tapia, presidente de la AFA. Aunque las luces se las lleva la gran aparici\u00f3n de \u00c1ngel Di Mar\u00eda, diciendo \u00abYo acompa\u00f1o, como siempre\u00bb, jugando con el [&hellip;]\" \/>\n<meta property=\"og:url\" content=\"https:\/\/www.eldiariodetucuman.com\/web\/el-spot-de-la-seleccion-argentina-camino-al-mundial\/\" \/>\n<meta property=\"og:site_name\" content=\"El Diario de Tucuman\" \/>\n<meta property=\"article:published_time\" content=\"2025-11-07T22:12:32+00:00\" \/>\n<meta name=\"author\" content=\"admin\" \/>\n<meta name=\"twitter:card\" content=\"summary_large_image\" \/>\n<meta name=\"twitter:label1\" content=\"Escrito por\" \/>\n\t<meta name=\"twitter:data1\" content=\"admin\" \/>\n\t<meta name=\"twitter:label2\" content=\"Tiempo de lectura\" \/>\n\t<meta name=\"twitter:data2\" content=\"2 minutos\" \/>\n<script type=\"application\/ld+json\" class=\"yoast-schema-graph\">{\"@context\":\"https:\\\/\\\/schema.org\",\"@graph\":[{\"@type\":\"Article\",\"@id\":\"https:\\\/\\\/www.eldiariodetucuman.com\\\/web\\\/el-spot-de-la-seleccion-argentina-camino-al-mundial\\\/#article\",\"isPartOf\":{\"@id\":\"https:\\\/\\\/www.eldiariodetucuman.com\\\/web\\\/el-spot-de-la-seleccion-argentina-camino-al-mundial\\\/\"},\"author\":{\"name\":\"admin\",\"@id\":\"https:\\\/\\\/www.eldiariodetucuman.com\\\/web\\\/#\\\/schema\\\/person\\\/9250197d75ab5483412e19678b121caa\"},\"headline\":\"El spot de la Selecci\u00f3n Argentina camino al mundial\",\"datePublished\":\"2025-11-07T22:12:32+00:00\",\"mainEntityOfPage\":{\"@id\":\"https:\\\/\\\/www.eldiariodetucuman.com\\\/web\\\/el-spot-de-la-seleccion-argentina-camino-al-mundial\\\/\"},\"wordCount\":408,\"publisher\":{\"@id\":\"https:\\\/\\\/www.eldiariodetucuman.com\\\/web\\\/#organization\"},\"image\":{\"@id\":\"https:\\\/\\\/www.eldiariodetucuman.com\\\/web\\\/el-spot-de-la-seleccion-argentina-camino-al-mundial\\\/#primaryimage\"},\"thumbnailUrl\":\"https:\\\/\\\/www.eldiariodetucuman.com\\\/web\\\/wp-content\\\/uploads\\\/2025\\\/11\\\/El-spot-de-la-Seleccion-Argentina-camino-al-mundial.webp.png\",\"articleSection\":[\"Deporte\"],\"inLanguage\":\"es\"},{\"@type\":\"WebPage\",\"@id\":\"https:\\\/\\\/www.eldiariodetucuman.com\\\/web\\\/el-spot-de-la-seleccion-argentina-camino-al-mundial\\\/\",\"url\":\"https:\\\/\\\/www.eldiariodetucuman.com\\\/web\\\/el-spot-de-la-seleccion-argentina-camino-al-mundial\\\/\",\"name\":\"El spot de la Selecci\u00f3n Argentina camino al mundial - El Diario de Tucuman\",\"isPartOf\":{\"@id\":\"https:\\\/\\\/www.eldiariodetucuman.com\\\/web\\\/#website\"},\"primaryImageOfPage\":{\"@id\":\"https:\\\/\\\/www.eldiariodetucuman.com\\\/web\\\/el-spot-de-la-seleccion-argentina-camino-al-mundial\\\/#primaryimage\"},\"image\":{\"@id\":\"https:\\\/\\\/www.eldiariodetucuman.com\\\/web\\\/el-spot-de-la-seleccion-argentina-camino-al-mundial\\\/#primaryimage\"},\"thumbnailUrl\":\"https:\\\/\\\/www.eldiariodetucuman.com\\\/web\\\/wp-content\\\/uploads\\\/2025\\\/11\\\/El-spot-de-la-Seleccion-Argentina-camino-al-mundial.webp.png\",\"datePublished\":\"2025-11-07T22:12:32+00:00\",\"breadcrumb\":{\"@id\":\"https:\\\/\\\/www.eldiariodetucuman.com\\\/web\\\/el-spot-de-la-seleccion-argentina-camino-al-mundial\\\/#breadcrumb\"},\"inLanguage\":\"es\",\"potentialAction\":[{\"@type\":\"ReadAction\",\"target\":[\"https:\\\/\\\/www.eldiariodetucuman.com\\\/web\\\/el-spot-de-la-seleccion-argentina-camino-al-mundial\\\/\"]}]},{\"@type\":\"ImageObject\",\"inLanguage\":\"es\",\"@id\":\"https:\\\/\\\/www.eldiariodetucuman.com\\\/web\\\/el-spot-de-la-seleccion-argentina-camino-al-mundial\\\/#primaryimage\",\"url\":\"https:\\\/\\\/www.eldiariodetucuman.com\\\/web\\\/wp-content\\\/uploads\\\/2025\\\/11\\\/El-spot-de-la-Seleccion-Argentina-camino-al-mundial.webp.png\",\"contentUrl\":\"https:\\\/\\\/www.eldiariodetucuman.com\\\/web\\\/wp-content\\\/uploads\\\/2025\\\/11\\\/El-spot-de-la-Seleccion-Argentina-camino-al-mundial.webp.png\",\"width\":1200,\"height\":675},{\"@type\":\"BreadcrumbList\",\"@id\":\"https:\\\/\\\/www.eldiariodetucuman.com\\\/web\\\/el-spot-de-la-seleccion-argentina-camino-al-mundial\\\/#breadcrumb\",\"itemListElement\":[{\"@type\":\"ListItem\",\"position\":1,\"name\":\"Portada\",\"item\":\"https:\\\/\\\/www.eldiariodetucuman.com\\\/web\\\/\"},{\"@type\":\"ListItem\",\"position\":2,\"name\":\"El spot de la Selecci\u00f3n Argentina camino al mundial\"}]},{\"@type\":\"WebSite\",\"@id\":\"https:\\\/\\\/www.eldiariodetucuman.com\\\/web\\\/#website\",\"url\":\"https:\\\/\\\/www.eldiariodetucuman.com\\\/web\\\/\",\"name\":\"El Diario de Tucuman\",\"description\":\"Diario Tucuman - Informaci\u00f3n y noticias\",\"publisher\":{\"@id\":\"https:\\\/\\\/www.eldiariodetucuman.com\\\/web\\\/#organization\"},\"potentialAction\":[{\"@type\":\"SearchAction\",\"target\":{\"@type\":\"EntryPoint\",\"urlTemplate\":\"https:\\\/\\\/www.eldiariodetucuman.com\\\/web\\\/?s={search_term_string}\"},\"query-input\":{\"@type\":\"PropertyValueSpecification\",\"valueRequired\":true,\"valueName\":\"search_term_string\"}}],\"inLanguage\":\"es\"},{\"@type\":\"Organization\",\"@id\":\"https:\\\/\\\/www.eldiariodetucuman.com\\\/web\\\/#organization\",\"name\":\"El Diario de Tucuman\",\"url\":\"https:\\\/\\\/www.eldiariodetucuman.com\\\/web\\\/\",\"logo\":{\"@type\":\"ImageObject\",\"inLanguage\":\"es\",\"@id\":\"https:\\\/\\\/www.eldiariodetucuman.com\\\/web\\\/#\\\/schema\\\/logo\\\/image\\\/\",\"url\":\"http:\\\/\\\/www.eldiariodetucuman.com\\\/web\\\/wp-content\\\/uploads\\\/2017\\\/12\\\/el-diario-de-tucuman.jpg\",\"contentUrl\":\"http:\\\/\\\/www.eldiariodetucuman.com\\\/web\\\/wp-content\\\/uploads\\\/2017\\\/12\\\/el-diario-de-tucuman.jpg\",\"width\":272,\"height\":92,\"caption\":\"El Diario de Tucuman\"},\"image\":{\"@id\":\"https:\\\/\\\/www.eldiariodetucuman.com\\\/web\\\/#\\\/schema\\\/logo\\\/image\\\/\"}},{\"@type\":\"Person\",\"@id\":\"https:\\\/\\\/www.eldiariodetucuman.com\\\/web\\\/#\\\/schema\\\/person\\\/9250197d75ab5483412e19678b121caa\",\"name\":\"admin\",\"image\":{\"@type\":\"ImageObject\",\"inLanguage\":\"es\",\"@id\":\"https:\\\/\\\/secure.gravatar.com\\\/avatar\\\/c44d117c2be811212c22cb481f6b8384b6873de103fbc49e7a03cc58d7dea4ac?s=96&d=mm&r=g\",\"url\":\"https:\\\/\\\/secure.gravatar.com\\\/avatar\\\/c44d117c2be811212c22cb481f6b8384b6873de103fbc49e7a03cc58d7dea4ac?s=96&d=mm&r=g\",\"contentUrl\":\"https:\\\/\\\/secure.gravatar.com\\\/avatar\\\/c44d117c2be811212c22cb481f6b8384b6873de103fbc49e7a03cc58d7dea4ac?s=96&d=mm&r=g\",\"caption\":\"admin\"},\"url\":\"https:\\\/\\\/www.eldiariodetucuman.com\\\/web\\\/author\\\/admin\\\/\"}]}<\/script>\n<!-- \/ Yoast SEO plugin. -->","yoast_head_json":{"title":"El spot de la Selecci\u00f3n Argentina camino al mundial - El Diario de Tucuman","robots":{"index":"index","follow":"follow","max-snippet":"max-snippet:-1","max-image-preview":"max-image-preview:large","max-video-preview":"max-video-preview:-1"},"canonical":"https:\/\/www.eldiariodetucuman.com\/web\/el-spot-de-la-seleccion-argentina-camino-al-mundial\/","og_locale":"es_ES","og_type":"article","og_title":"El spot de la Selecci\u00f3n Argentina camino al mundial - El Diario de Tucuman","og_description":"En el spot aparecen varios nombres estelares y otros que est\u00e1 detr\u00e1s de los futbolistas, como Marito, el hist\u00f3rico utilero de la selecci\u00f3n; Bizarrap, productor argentino y Claudio Chiqui Tapia, presidente de la AFA. Aunque las luces se las lleva la gran aparici\u00f3n de \u00c1ngel Di Mar\u00eda, diciendo \u00abYo acompa\u00f1o, como siempre\u00bb, jugando con el [&hellip;]","og_url":"https:\/\/www.eldiariodetucuman.com\/web\/el-spot-de-la-seleccion-argentina-camino-al-mundial\/","og_site_name":"El Diario de Tucuman","article_published_time":"2025-11-07T22:12:32+00:00","author":"admin","twitter_card":"summary_large_image","twitter_misc":{"Escrito por":"admin","Tiempo de lectura":"2 minutos"},"schema":{"@context":"https:\/\/schema.org","@graph":[{"@type":"Article","@id":"https:\/\/www.eldiariodetucuman.com\/web\/el-spot-de-la-seleccion-argentina-camino-al-mundial\/#article","isPartOf":{"@id":"https:\/\/www.eldiariodetucuman.com\/web\/el-spot-de-la-seleccion-argentina-camino-al-mundial\/"},"author":{"name":"admin","@id":"https:\/\/www.eldiariodetucuman.com\/web\/#\/schema\/person\/9250197d75ab5483412e19678b121caa"},"headline":"El spot de la Selecci\u00f3n Argentina camino al mundial","datePublished":"2025-11-07T22:12:32+00:00","mainEntityOfPage":{"@id":"https:\/\/www.eldiariodetucuman.com\/web\/el-spot-de-la-seleccion-argentina-camino-al-mundial\/"},"wordCount":408,"publisher":{"@id":"https:\/\/www.eldiariodetucuman.com\/web\/#organization"},"image":{"@id":"https:\/\/www.eldiariodetucuman.com\/web\/el-spot-de-la-seleccion-argentina-camino-al-mundial\/#primaryimage"},"thumbnailUrl":"https:\/\/www.eldiariodetucuman.com\/web\/wp-content\/uploads\/2025\/11\/El-spot-de-la-Seleccion-Argentina-camino-al-mundial.webp.png","articleSection":["Deporte"],"inLanguage":"es"},{"@type":"WebPage","@id":"https:\/\/www.eldiariodetucuman.com\/web\/el-spot-de-la-seleccion-argentina-camino-al-mundial\/","url":"https:\/\/www.eldiariodetucuman.com\/web\/el-spot-de-la-seleccion-argentina-camino-al-mundial\/","name":"El spot de la Selecci\u00f3n Argentina camino al mundial - El Diario de Tucuman","isPartOf":{"@id":"https:\/\/www.eldiariodetucuman.com\/web\/#website"},"primaryImageOfPage":{"@id":"https:\/\/www.eldiariodetucuman.com\/web\/el-spot-de-la-seleccion-argentina-camino-al-mundial\/#primaryimage"},"image":{"@id":"https:\/\/www.eldiariodetucuman.com\/web\/el-spot-de-la-seleccion-argentina-camino-al-mundial\/#primaryimage"},"thumbnailUrl":"https:\/\/www.eldiariodetucuman.com\/web\/wp-content\/uploads\/2025\/11\/El-spot-de-la-Seleccion-Argentina-camino-al-mundial.webp.png","datePublished":"2025-11-07T22:12:32+00:00","breadcrumb":{"@id":"https:\/\/www.eldiariodetucuman.com\/web\/el-spot-de-la-seleccion-argentina-camino-al-mundial\/#breadcrumb"},"inLanguage":"es","potentialAction":[{"@type":"ReadAction","target":["https:\/\/www.eldiariodetucuman.com\/web\/el-spot-de-la-seleccion-argentina-camino-al-mundial\/"]}]},{"@type":"ImageObject","inLanguage":"es","@id":"https:\/\/www.eldiariodetucuman.com\/web\/el-spot-de-la-seleccion-argentina-camino-al-mundial\/#primaryimage","url":"https:\/\/www.eldiariodetucuman.com\/web\/wp-content\/uploads\/2025\/11\/El-spot-de-la-Seleccion-Argentina-camino-al-mundial.webp.png","contentUrl":"https:\/\/www.eldiariodetucuman.com\/web\/wp-content\/uploads\/2025\/11\/El-spot-de-la-Seleccion-Argentina-camino-al-mundial.webp.png","width":1200,"height":675},{"@type":"BreadcrumbList","@id":"https:\/\/www.eldiariodetucuman.com\/web\/el-spot-de-la-seleccion-argentina-camino-al-mundial\/#breadcrumb","itemListElement":[{"@type":"ListItem","position":1,"name":"Portada","item":"https:\/\/www.eldiariodetucuman.com\/web\/"},{"@type":"ListItem","position":2,"name":"El spot de la Selecci\u00f3n Argentina camino al mundial"}]},{"@type":"WebSite","@id":"https:\/\/www.eldiariodetucuman.com\/web\/#website","url":"https:\/\/www.eldiariodetucuman.com\/web\/","name":"El Diario de Tucuman","description":"Diario Tucuman - Informaci\u00f3n y noticias","publisher":{"@id":"https:\/\/www.eldiariodetucuman.com\/web\/#organization"},"potentialAction":[{"@type":"SearchAction","target":{"@type":"EntryPoint","urlTemplate":"https:\/\/www.eldiariodetucuman.com\/web\/?s={search_term_string}"},"query-input":{"@type":"PropertyValueSpecification","valueRequired":true,"valueName":"search_term_string"}}],"inLanguage":"es"},{"@type":"Organization","@id":"https:\/\/www.eldiariodetucuman.com\/web\/#organization","name":"El Diario de Tucuman","url":"https:\/\/www.eldiariodetucuman.com\/web\/","logo":{"@type":"ImageObject","inLanguage":"es","@id":"https:\/\/www.eldiariodetucuman.com\/web\/#\/schema\/logo\/image\/","url":"http:\/\/www.eldiariodetucuman.com\/web\/wp-content\/uploads\/2017\/12\/el-diario-de-tucuman.jpg","contentUrl":"http:\/\/www.eldiariodetucuman.com\/web\/wp-content\/uploads\/2017\/12\/el-diario-de-tucuman.jpg","width":272,"height":92,"caption":"El Diario de Tucuman"},"image":{"@id":"https:\/\/www.eldiariodetucuman.com\/web\/#\/schema\/logo\/image\/"}},{"@type":"Person","@id":"https:\/\/www.eldiariodetucuman.com\/web\/#\/schema\/person\/9250197d75ab5483412e19678b121caa","name":"admin","image":{"@type":"ImageObject","inLanguage":"es","@id":"https:\/\/secure.gravatar.com\/avatar\/c44d117c2be811212c22cb481f6b8384b6873de103fbc49e7a03cc58d7dea4ac?s=96&d=mm&r=g","url":"https:\/\/secure.gravatar.com\/avatar\/c44d117c2be811212c22cb481f6b8384b6873de103fbc49e7a03cc58d7dea4ac?s=96&d=mm&r=g","contentUrl":"https:\/\/secure.gravatar.com\/avatar\/c44d117c2be811212c22cb481f6b8384b6873de103fbc49e7a03cc58d7dea4ac?s=96&d=mm&r=g","caption":"admin"},"url":"https:\/\/www.eldiariodetucuman.com\/web\/author\/admin\/"}]}},"_links":{"self":[{"href":"https:\/\/www.eldiariodetucuman.com\/web\/wp-json\/wp\/v2\/posts\/46152","targetHints":{"allow":["GET"]}}],"collection":[{"href":"https:\/\/www.eldiariodetucuman.com\/web\/wp-json\/wp\/v2\/posts"}],"about":[{"href":"https:\/\/www.eldiariodetucuman.com\/web\/wp-json\/wp\/v2\/types\/post"}],"author":[{"embeddable":true,"href":"https:\/\/www.eldiariodetucuman.com\/web\/wp-json\/wp\/v2\/users\/1"}],"replies":[{"embeddable":true,"href":"https:\/\/www.eldiariodetucuman.com\/web\/wp-json\/wp\/v2\/comments?post=46152"}],"version-history":[{"count":0,"href":"https:\/\/www.eldiariodetucuman.com\/web\/wp-json\/wp\/v2\/posts\/46152\/revisions"}],"wp:featuredmedia":[{"embeddable":true,"href":"https:\/\/www.eldiariodetucuman.com\/web\/wp-json\/wp\/v2\/media\/46153"}],"wp:attachment":[{"href":"https:\/\/www.eldiariodetucuman.com\/web\/wp-json\/wp\/v2\/media?parent=46152"}],"wp:term":[{"taxonomy":"category","embeddable":true,"href":"https:\/\/www.eldiariodetucuman.com\/web\/wp-json\/wp\/v2\/categories?post=46152"},{"taxonomy":"post_tag","embeddable":true,"href":"https:\/\/www.eldiariodetucuman.com\/web\/wp-json\/wp\/v2\/tags?post=46152"}],"curies":[{"name":"wp","href":"https:\/\/api.w.org\/{rel}","templated":true}]}}