{"id":46150,"date":"2025-11-07T15:59:30","date_gmt":"2025-11-07T18:59:30","guid":{"rendered":"https:\/\/www.eldiariodetucuman.com\/web\/milei-aviso-que-sostendra-las-bandas-cambiarias-pero-la-presion-para-levantar-el-cepo-a-las-empresas-ira-en-aumento\/"},"modified":"2025-11-07T15:59:30","modified_gmt":"2025-11-07T18:59:30","slug":"milei-aviso-que-sostendra-las-bandas-cambiarias-pero-la-presion-para-levantar-el-cepo-a-las-empresas-ira-en-aumento","status":"publish","type":"post","link":"https:\/\/www.eldiariodetucuman.com\/web\/milei-aviso-que-sostendra-las-bandas-cambiarias-pero-la-presion-para-levantar-el-cepo-a-las-empresas-ira-en-aumento\/","title":{"rendered":"Milei avis\u00f3 que sostendr\u00e1 las bandas cambiarias pero la presi\u00f3n para levantar el cepo a las empresas ir\u00e1 en aumento"},"content":{"rendered":"<p><\/p>\n<h2>El Gobierno quiere evitar la volatilidad cambiaria para sostener la desinflaci\u00f3n, pero los mercados exigen una reducci\u00f3n gradual de los controles para promover inversiones reales y financieras<\/h2>\n<p>El Gobierno no quiere sorpresas con el tipo de cambio y\u00a0<strong>Javier Milei<\/strong>avis\u00f3 que\u00a0<strong>las bandas cambiarias continuar\u00e1n hasta el 2027<\/strong>. En el mismo sentido ya se hab\u00eda manifestado el titular del Tesoro norteamericano,\u00a0<strong>Scott Bessent<\/strong>. Sin embargo, los controles cambiarios que a\u00fan persisten, en particular para las empresas, podr\u00edan seguir un camino distinto.<\/p>\n<p>La expectativa de los inversores es que\u00a0<strong>se sigan levantando de forma gradual<\/strong>, posiblemente a partir del segundo trimestre, cuando ingresan los d\u00f3lares de la\u00a0<strong>cosecha gruesa<\/strong>. Este a\u00f1o fue la liberaci\u00f3n del cepo para las personas f\u00edsicas, pero para las empresas se mantuvieron pr\u00e1cticamente todas las restricciones cambiarias del \u00faltimo gobierno.<\/p>\n<p>Incluso en medio de las presiones sobre el tipo de cambio en la previa electoral, el Gobierno reimpuso algunas trabas para el p\u00fablico, como la \u201c<strong>restricci\u00f3n cruzada<\/strong>\u201d. Se trata de la prohibici\u00f3n de comprar d\u00f3lares a trav\u00e9s del MEP y el contado con liquidaci\u00f3n (CCL) para quienes ya acudieron al mercado oficial. Seg\u00fan estimaciones privadas, las empresas habr\u00edan comprado cerca de\u00a0<strong>USD 12.000 millones<\/strong>\u00a0hasta septiembre mediante este mecanismo, pero a trav\u00e9s de los due\u00f1os de las firmas.<\/p>\n<h2>Los dilemas del cepo<\/h2>\n<p>Mantener el cepo sin flexibilizarlo presenta una serie de inconvenientes. El primero es que le<strong>\u00a0impedir\u00eda a la Argentina volver a la categor\u00eda de mercado emergente<\/strong>. Seg\u00fan estim\u00f3 el JP Morgan en un informe reciente, esta recategorizaci\u00f3n generar\u00eda nuevos flujos al mercado de acciones por USD 2.600 millones de manera casi autom\u00e1tica. Sucede que los grandes fondos de inversi\u00f3n internacionales deber\u00edan replicar en sus carteras la participaci\u00f3n que el merado local tendr\u00eda en el \u00edndice MSCI emergentes (0,5% del total) o bien en el MSCI Latinoam\u00e9rica (con un peso de 6,3%).<\/p>\n<p>Pero m\u00e1s all\u00e1 de las inversiones financieras, tambi\u00e9n se apunta a que la liberaci\u00f3n del cepo es un paso necesario hacia una\u00a0<strong>mayor normalizaci\u00f3n de la econom\u00eda argentina<\/strong>. En ese sentido, el gobierno de Milei eligi\u00f3 otro orden que la experiencia de Mauricio Macri.<\/p>\n<p>En la gesti\u00f3n que arranc\u00f3 en 2015 se liberaron todas las restricciones cambiarias de la noche a la ma\u00f1ana. Sin embargo, nunca se pudo alcanzar el super\u00e1vit fiscal. Esta vez fue exactamente al rev\u00e9s. Desde el primer mes de gesti\u00f3n que las cuentas p\u00fablicas est\u00e1n en equilibrio, pero el cepo se va levantando con lentitud e incluso con algunos retrocesos en el camino.<\/p>\n<p>Un dato importante es que mantener el esquema de bandas no es incompatible con seguir liberando las restricciones para el acceso al mercado cambiario. El Gobierno se mantiene firme en la idea de dar previsibilidad respecto a la cotizaci\u00f3n de d\u00f3lar. No obstante,\u00a0<strong>muchos analistas<\/strong>\u00a0creen que sostener un\u00a0<strong>ajuste de las bandas al 1% mensual conspira contra<\/strong>\u00a0otro de los objetivos centrales que hay para el 2026, que es\u00a0<strong>la acumulaci\u00f3n de reservas<\/strong>.El Gobierno apunta a evitar la volatilidad cambiaria para seguir con la desinflaci\u00f3n. (Photo by Chandan Khanna \/ AFP)<\/p>\n<h2>Flexibilizaci\u00f3n y reservas<\/h2>\n<p>Con este escenario y la necesidad de captar m\u00e1s inversiones, todo indica que el camino para seguir flexibilizando los controles cambiarios continuar\u00e1 aunque no est\u00e1 claro a qu\u00e9 ritmo.<\/p>\n<p>Otra de las inc\u00f3gnitas es c\u00f3mo caer\u00e1 entre los inversores el anuncio de Milei respecto a la decisi\u00f3n de mantener las bandas cambiarias al menos por otros dos a\u00f1os. En los mercados existe un convencimiento bastante generalizado de que la mejor manera de\u00a0<strong>acumular reservas<\/strong>\u00a0que tiene el Gobierno es liberando el cepo y, al mismo tiempo, eliminar las\u00a0<strong>bandas<\/strong>, que son percibidas como una\u00a0<strong>transici\u00f3n para ir hacia un esquema de mayor flotaci\u00f3n<\/strong>.<\/p>\n<p>Lo que s\u00ed resulta ineludible es la necesidad de\u00a0<strong>incrementar la compra de reservas para fortalecer al Central<\/strong>. Los cr\u00edticos del esquema de bandas insisten en que se trata de un corset para que se produzca esa compra de d\u00f3lares, que deber\u00eda ser por montos significativos en 2026. El peligro es que si el Tesoro compra por grandes cantidades se verifique mayor presi\u00f3n sobre el tipo de cambio. La cotizaci\u00f3n oficial quedar\u00eda siempre al borde de superar el techo, que actualmente se ubica en unos $ 1.500 para el tipo de cambio mayorista.<\/p>\n<p>INFOBAE<\/p>\n<p>Fuente: <a href=\"https:\/\/tucuman24.com\/nota\/195704\/milei-aviso-que-sostendra-las-bandas-cambiarias-pero-la-presion-para-levantar-el-cepo-a-las-empresas-ira-en-aumento.html\"> Fuente de la nota <\/a><\/p>\n","protected":false},"excerpt":{"rendered":"<p>El Gobierno quiere evitar la volatilidad cambiaria para sostener la desinflaci\u00f3n, pero los mercados exigen una reducci\u00f3n gradual de los controles para promover inversiones reales y financieras El Gobierno no quiere sorpresas con el tipo de cambio y\u00a0Javier Mileiavis\u00f3 que\u00a0las bandas cambiarias continuar\u00e1n hasta el 2027. En el mismo sentido ya se hab\u00eda manifestado el [&hellip;]<\/p>\n","protected":false},"author":1,"featured_media":46151,"comment_status":"closed","ping_status":"open","sticky":false,"template":"","format":"standard","meta":{"footnotes":""},"categories":[2],"tags":[],"class_list":{"0":"post-46150","1":"post","2":"type-post","3":"status-publish","4":"format-standard","5":"has-post-thumbnail","7":"category-actualidad"},"yoast_head":"<!-- This site is optimized with the Yoast SEO plugin v27.4 - https:\/\/yoast.com\/product\/yoast-seo-wordpress\/ -->\n<title>Milei avis\u00f3 que sostendr\u00e1 las bandas cambiarias pero la presi\u00f3n para levantar el cepo a las empresas ir\u00e1 en aumento - El Diario de Tucuman<\/title>\n<meta name=\"robots\" content=\"index, follow, max-snippet:-1, max-image-preview:large, max-video-preview:-1\" \/>\n<link rel=\"canonical\" href=\"https:\/\/www.eldiariodetucuman.com\/web\/milei-aviso-que-sostendra-las-bandas-cambiarias-pero-la-presion-para-levantar-el-cepo-a-las-empresas-ira-en-aumento\/\" \/>\n<meta property=\"og:locale\" content=\"es_ES\" \/>\n<meta property=\"og:type\" content=\"article\" \/>\n<meta property=\"og:title\" content=\"Milei avis\u00f3 que sostendr\u00e1 las bandas cambiarias pero la presi\u00f3n para levantar el cepo a las empresas ir\u00e1 en aumento - El Diario de Tucuman\" \/>\n<meta property=\"og:description\" content=\"El Gobierno quiere evitar la volatilidad cambiaria para sostener la desinflaci\u00f3n, pero los mercados exigen una reducci\u00f3n gradual de los controles para promover inversiones reales y financieras El Gobierno no quiere sorpresas con el tipo de cambio y\u00a0Javier Mileiavis\u00f3 que\u00a0las bandas cambiarias continuar\u00e1n hasta el 2027. En el mismo sentido ya se hab\u00eda manifestado el [&hellip;]\" \/>\n<meta property=\"og:url\" content=\"https:\/\/www.eldiariodetucuman.com\/web\/milei-aviso-que-sostendra-las-bandas-cambiarias-pero-la-presion-para-levantar-el-cepo-a-las-empresas-ira-en-aumento\/\" \/>\n<meta property=\"og:site_name\" content=\"El Diario de Tucuman\" \/>\n<meta property=\"article:published_time\" content=\"2025-11-07T18:59:30+00:00\" \/>\n<meta name=\"author\" content=\"admin\" \/>\n<meta name=\"twitter:card\" content=\"summary_large_image\" \/>\n<meta name=\"twitter:label1\" content=\"Escrito por\" \/>\n\t<meta name=\"twitter:data1\" content=\"admin\" \/>\n\t<meta name=\"twitter:label2\" content=\"Tiempo de lectura\" \/>\n\t<meta name=\"twitter:data2\" content=\"4 minutos\" \/>\n<script type=\"application\/ld+json\" class=\"yoast-schema-graph\">{\"@context\":\"https:\\\/\\\/schema.org\",\"@graph\":[{\"@type\":\"Article\",\"@id\":\"https:\\\/\\\/www.eldiariodetucuman.com\\\/web\\\/milei-aviso-que-sostendra-las-bandas-cambiarias-pero-la-presion-para-levantar-el-cepo-a-las-empresas-ira-en-aumento\\\/#article\",\"isPartOf\":{\"@id\":\"https:\\\/\\\/www.eldiariodetucuman.com\\\/web\\\/milei-aviso-que-sostendra-las-bandas-cambiarias-pero-la-presion-para-levantar-el-cepo-a-las-empresas-ira-en-aumento\\\/\"},\"author\":{\"name\":\"admin\",\"@id\":\"https:\\\/\\\/www.eldiariodetucuman.com\\\/web\\\/#\\\/schema\\\/person\\\/9250197d75ab5483412e19678b121caa\"},\"headline\":\"Milei avis\u00f3 que sostendr\u00e1 las bandas cambiarias pero la presi\u00f3n para levantar el cepo a las empresas ir\u00e1 en aumento\",\"datePublished\":\"2025-11-07T18:59:30+00:00\",\"mainEntityOfPage\":{\"@id\":\"https:\\\/\\\/www.eldiariodetucuman.com\\\/web\\\/milei-aviso-que-sostendra-las-bandas-cambiarias-pero-la-presion-para-levantar-el-cepo-a-las-empresas-ira-en-aumento\\\/\"},\"wordCount\":782,\"publisher\":{\"@id\":\"https:\\\/\\\/www.eldiariodetucuman.com\\\/web\\\/#organization\"},\"image\":{\"@id\":\"https:\\\/\\\/www.eldiariodetucuman.com\\\/web\\\/milei-aviso-que-sostendra-las-bandas-cambiarias-pero-la-presion-para-levantar-el-cepo-a-las-empresas-ira-en-aumento\\\/#primaryimage\"},\"thumbnailUrl\":\"https:\\\/\\\/www.eldiariodetucuman.com\\\/web\\\/wp-content\\\/uploads\\\/2025\\\/11\\\/Milei-aviso-que-sostendra-las-bandas-cambiarias-pero-la-presion.png\",\"articleSection\":[\"Actualidad\"],\"inLanguage\":\"es\"},{\"@type\":\"WebPage\",\"@id\":\"https:\\\/\\\/www.eldiariodetucuman.com\\\/web\\\/milei-aviso-que-sostendra-las-bandas-cambiarias-pero-la-presion-para-levantar-el-cepo-a-las-empresas-ira-en-aumento\\\/\",\"url\":\"https:\\\/\\\/www.eldiariodetucuman.com\\\/web\\\/milei-aviso-que-sostendra-las-bandas-cambiarias-pero-la-presion-para-levantar-el-cepo-a-las-empresas-ira-en-aumento\\\/\",\"name\":\"Milei avis\u00f3 que sostendr\u00e1 las bandas cambiarias pero la presi\u00f3n para levantar el cepo a las empresas ir\u00e1 en aumento - El Diario de Tucuman\",\"isPartOf\":{\"@id\":\"https:\\\/\\\/www.eldiariodetucuman.com\\\/web\\\/#website\"},\"primaryImageOfPage\":{\"@id\":\"https:\\\/\\\/www.eldiariodetucuman.com\\\/web\\\/milei-aviso-que-sostendra-las-bandas-cambiarias-pero-la-presion-para-levantar-el-cepo-a-las-empresas-ira-en-aumento\\\/#primaryimage\"},\"image\":{\"@id\":\"https:\\\/\\\/www.eldiariodetucuman.com\\\/web\\\/milei-aviso-que-sostendra-las-bandas-cambiarias-pero-la-presion-para-levantar-el-cepo-a-las-empresas-ira-en-aumento\\\/#primaryimage\"},\"thumbnailUrl\":\"https:\\\/\\\/www.eldiariodetucuman.com\\\/web\\\/wp-content\\\/uploads\\\/2025\\\/11\\\/Milei-aviso-que-sostendra-las-bandas-cambiarias-pero-la-presion.png\",\"datePublished\":\"2025-11-07T18:59:30+00:00\",\"breadcrumb\":{\"@id\":\"https:\\\/\\\/www.eldiariodetucuman.com\\\/web\\\/milei-aviso-que-sostendra-las-bandas-cambiarias-pero-la-presion-para-levantar-el-cepo-a-las-empresas-ira-en-aumento\\\/#breadcrumb\"},\"inLanguage\":\"es\",\"potentialAction\":[{\"@type\":\"ReadAction\",\"target\":[\"https:\\\/\\\/www.eldiariodetucuman.com\\\/web\\\/milei-aviso-que-sostendra-las-bandas-cambiarias-pero-la-presion-para-levantar-el-cepo-a-las-empresas-ira-en-aumento\\\/\"]}]},{\"@type\":\"ImageObject\",\"inLanguage\":\"es\",\"@id\":\"https:\\\/\\\/www.eldiariodetucuman.com\\\/web\\\/milei-aviso-que-sostendra-las-bandas-cambiarias-pero-la-presion-para-levantar-el-cepo-a-las-empresas-ira-en-aumento\\\/#primaryimage\",\"url\":\"https:\\\/\\\/www.eldiariodetucuman.com\\\/web\\\/wp-content\\\/uploads\\\/2025\\\/11\\\/Milei-aviso-que-sostendra-las-bandas-cambiarias-pero-la-presion.png\",\"contentUrl\":\"https:\\\/\\\/www.eldiariodetucuman.com\\\/web\\\/wp-content\\\/uploads\\\/2025\\\/11\\\/Milei-aviso-que-sostendra-las-bandas-cambiarias-pero-la-presion.png\",\"width\":864,\"height\":576},{\"@type\":\"BreadcrumbList\",\"@id\":\"https:\\\/\\\/www.eldiariodetucuman.com\\\/web\\\/milei-aviso-que-sostendra-las-bandas-cambiarias-pero-la-presion-para-levantar-el-cepo-a-las-empresas-ira-en-aumento\\\/#breadcrumb\",\"itemListElement\":[{\"@type\":\"ListItem\",\"position\":1,\"name\":\"Portada\",\"item\":\"https:\\\/\\\/www.eldiariodetucuman.com\\\/web\\\/\"},{\"@type\":\"ListItem\",\"position\":2,\"name\":\"Milei avis\u00f3 que sostendr\u00e1 las bandas cambiarias pero la presi\u00f3n para levantar el cepo a las empresas ir\u00e1 en aumento\"}]},{\"@type\":\"WebSite\",\"@id\":\"https:\\\/\\\/www.eldiariodetucuman.com\\\/web\\\/#website\",\"url\":\"https:\\\/\\\/www.eldiariodetucuman.com\\\/web\\\/\",\"name\":\"El Diario de Tucuman\",\"description\":\"Diario Tucuman - Informaci\u00f3n y noticias\",\"publisher\":{\"@id\":\"https:\\\/\\\/www.eldiariodetucuman.com\\\/web\\\/#organization\"},\"potentialAction\":[{\"@type\":\"SearchAction\",\"target\":{\"@type\":\"EntryPoint\",\"urlTemplate\":\"https:\\\/\\\/www.eldiariodetucuman.com\\\/web\\\/?s={search_term_string}\"},\"query-input\":{\"@type\":\"PropertyValueSpecification\",\"valueRequired\":true,\"valueName\":\"search_term_string\"}}],\"inLanguage\":\"es\"},{\"@type\":\"Organization\",\"@id\":\"https:\\\/\\\/www.eldiariodetucuman.com\\\/web\\\/#organization\",\"name\":\"El Diario de Tucuman\",\"url\":\"https:\\\/\\\/www.eldiariodetucuman.com\\\/web\\\/\",\"logo\":{\"@type\":\"ImageObject\",\"inLanguage\":\"es\",\"@id\":\"https:\\\/\\\/www.eldiariodetucuman.com\\\/web\\\/#\\\/schema\\\/logo\\\/image\\\/\",\"url\":\"http:\\\/\\\/www.eldiariodetucuman.com\\\/web\\\/wp-content\\\/uploads\\\/2017\\\/12\\\/el-diario-de-tucuman.jpg\",\"contentUrl\":\"http:\\\/\\\/www.eldiariodetucuman.com\\\/web\\\/wp-content\\\/uploads\\\/2017\\\/12\\\/el-diario-de-tucuman.jpg\",\"width\":272,\"height\":92,\"caption\":\"El Diario de Tucuman\"},\"image\":{\"@id\":\"https:\\\/\\\/www.eldiariodetucuman.com\\\/web\\\/#\\\/schema\\\/logo\\\/image\\\/\"}},{\"@type\":\"Person\",\"@id\":\"https:\\\/\\\/www.eldiariodetucuman.com\\\/web\\\/#\\\/schema\\\/person\\\/9250197d75ab5483412e19678b121caa\",\"name\":\"admin\",\"image\":{\"@type\":\"ImageObject\",\"inLanguage\":\"es\",\"@id\":\"https:\\\/\\\/secure.gravatar.com\\\/avatar\\\/c44d117c2be811212c22cb481f6b8384b6873de103fbc49e7a03cc58d7dea4ac?s=96&d=mm&r=g\",\"url\":\"https:\\\/\\\/secure.gravatar.com\\\/avatar\\\/c44d117c2be811212c22cb481f6b8384b6873de103fbc49e7a03cc58d7dea4ac?s=96&d=mm&r=g\",\"contentUrl\":\"https:\\\/\\\/secure.gravatar.com\\\/avatar\\\/c44d117c2be811212c22cb481f6b8384b6873de103fbc49e7a03cc58d7dea4ac?s=96&d=mm&r=g\",\"caption\":\"admin\"},\"url\":\"https:\\\/\\\/www.eldiariodetucuman.com\\\/web\\\/author\\\/admin\\\/\"}]}<\/script>\n<!-- \/ Yoast SEO plugin. -->","yoast_head_json":{"title":"Milei avis\u00f3 que sostendr\u00e1 las bandas cambiarias pero la presi\u00f3n para levantar el cepo a las empresas ir\u00e1 en aumento - El Diario de Tucuman","robots":{"index":"index","follow":"follow","max-snippet":"max-snippet:-1","max-image-preview":"max-image-preview:large","max-video-preview":"max-video-preview:-1"},"canonical":"https:\/\/www.eldiariodetucuman.com\/web\/milei-aviso-que-sostendra-las-bandas-cambiarias-pero-la-presion-para-levantar-el-cepo-a-las-empresas-ira-en-aumento\/","og_locale":"es_ES","og_type":"article","og_title":"Milei avis\u00f3 que sostendr\u00e1 las bandas cambiarias pero la presi\u00f3n para levantar el cepo a las empresas ir\u00e1 en aumento - El Diario de Tucuman","og_description":"El Gobierno quiere evitar la volatilidad cambiaria para sostener la desinflaci\u00f3n, pero los mercados exigen una reducci\u00f3n gradual de los controles para promover inversiones reales y financieras El Gobierno no quiere sorpresas con el tipo de cambio y\u00a0Javier Mileiavis\u00f3 que\u00a0las bandas cambiarias continuar\u00e1n hasta el 2027. En el mismo sentido ya se hab\u00eda manifestado el [&hellip;]","og_url":"https:\/\/www.eldiariodetucuman.com\/web\/milei-aviso-que-sostendra-las-bandas-cambiarias-pero-la-presion-para-levantar-el-cepo-a-las-empresas-ira-en-aumento\/","og_site_name":"El Diario de Tucuman","article_published_time":"2025-11-07T18:59:30+00:00","author":"admin","twitter_card":"summary_large_image","twitter_misc":{"Escrito por":"admin","Tiempo de lectura":"4 minutos"},"schema":{"@context":"https:\/\/schema.org","@graph":[{"@type":"Article","@id":"https:\/\/www.eldiariodetucuman.com\/web\/milei-aviso-que-sostendra-las-bandas-cambiarias-pero-la-presion-para-levantar-el-cepo-a-las-empresas-ira-en-aumento\/#article","isPartOf":{"@id":"https:\/\/www.eldiariodetucuman.com\/web\/milei-aviso-que-sostendra-las-bandas-cambiarias-pero-la-presion-para-levantar-el-cepo-a-las-empresas-ira-en-aumento\/"},"author":{"name":"admin","@id":"https:\/\/www.eldiariodetucuman.com\/web\/#\/schema\/person\/9250197d75ab5483412e19678b121caa"},"headline":"Milei avis\u00f3 que sostendr\u00e1 las bandas cambiarias pero la presi\u00f3n para levantar el cepo a las empresas ir\u00e1 en aumento","datePublished":"2025-11-07T18:59:30+00:00","mainEntityOfPage":{"@id":"https:\/\/www.eldiariodetucuman.com\/web\/milei-aviso-que-sostendra-las-bandas-cambiarias-pero-la-presion-para-levantar-el-cepo-a-las-empresas-ira-en-aumento\/"},"wordCount":782,"publisher":{"@id":"https:\/\/www.eldiariodetucuman.com\/web\/#organization"},"image":{"@id":"https:\/\/www.eldiariodetucuman.com\/web\/milei-aviso-que-sostendra-las-bandas-cambiarias-pero-la-presion-para-levantar-el-cepo-a-las-empresas-ira-en-aumento\/#primaryimage"},"thumbnailUrl":"https:\/\/www.eldiariodetucuman.com\/web\/wp-content\/uploads\/2025\/11\/Milei-aviso-que-sostendra-las-bandas-cambiarias-pero-la-presion.png","articleSection":["Actualidad"],"inLanguage":"es"},{"@type":"WebPage","@id":"https:\/\/www.eldiariodetucuman.com\/web\/milei-aviso-que-sostendra-las-bandas-cambiarias-pero-la-presion-para-levantar-el-cepo-a-las-empresas-ira-en-aumento\/","url":"https:\/\/www.eldiariodetucuman.com\/web\/milei-aviso-que-sostendra-las-bandas-cambiarias-pero-la-presion-para-levantar-el-cepo-a-las-empresas-ira-en-aumento\/","name":"Milei avis\u00f3 que sostendr\u00e1 las bandas cambiarias pero la presi\u00f3n para levantar el cepo a las empresas ir\u00e1 en aumento - El Diario de Tucuman","isPartOf":{"@id":"https:\/\/www.eldiariodetucuman.com\/web\/#website"},"primaryImageOfPage":{"@id":"https:\/\/www.eldiariodetucuman.com\/web\/milei-aviso-que-sostendra-las-bandas-cambiarias-pero-la-presion-para-levantar-el-cepo-a-las-empresas-ira-en-aumento\/#primaryimage"},"image":{"@id":"https:\/\/www.eldiariodetucuman.com\/web\/milei-aviso-que-sostendra-las-bandas-cambiarias-pero-la-presion-para-levantar-el-cepo-a-las-empresas-ira-en-aumento\/#primaryimage"},"thumbnailUrl":"https:\/\/www.eldiariodetucuman.com\/web\/wp-content\/uploads\/2025\/11\/Milei-aviso-que-sostendra-las-bandas-cambiarias-pero-la-presion.png","datePublished":"2025-11-07T18:59:30+00:00","breadcrumb":{"@id":"https:\/\/www.eldiariodetucuman.com\/web\/milei-aviso-que-sostendra-las-bandas-cambiarias-pero-la-presion-para-levantar-el-cepo-a-las-empresas-ira-en-aumento\/#breadcrumb"},"inLanguage":"es","potentialAction":[{"@type":"ReadAction","target":["https:\/\/www.eldiariodetucuman.com\/web\/milei-aviso-que-sostendra-las-bandas-cambiarias-pero-la-presion-para-levantar-el-cepo-a-las-empresas-ira-en-aumento\/"]}]},{"@type":"ImageObject","inLanguage":"es","@id":"https:\/\/www.eldiariodetucuman.com\/web\/milei-aviso-que-sostendra-las-bandas-cambiarias-pero-la-presion-para-levantar-el-cepo-a-las-empresas-ira-en-aumento\/#primaryimage","url":"https:\/\/www.eldiariodetucuman.com\/web\/wp-content\/uploads\/2025\/11\/Milei-aviso-que-sostendra-las-bandas-cambiarias-pero-la-presion.png","contentUrl":"https:\/\/www.eldiariodetucuman.com\/web\/wp-content\/uploads\/2025\/11\/Milei-aviso-que-sostendra-las-bandas-cambiarias-pero-la-presion.png","width":864,"height":576},{"@type":"BreadcrumbList","@id":"https:\/\/www.eldiariodetucuman.com\/web\/milei-aviso-que-sostendra-las-bandas-cambiarias-pero-la-presion-para-levantar-el-cepo-a-las-empresas-ira-en-aumento\/#breadcrumb","itemListElement":[{"@type":"ListItem","position":1,"name":"Portada","item":"https:\/\/www.eldiariodetucuman.com\/web\/"},{"@type":"ListItem","position":2,"name":"Milei avis\u00f3 que sostendr\u00e1 las bandas cambiarias pero la presi\u00f3n para levantar el cepo a las empresas ir\u00e1 en aumento"}]},{"@type":"WebSite","@id":"https:\/\/www.eldiariodetucuman.com\/web\/#website","url":"https:\/\/www.eldiariodetucuman.com\/web\/","name":"El Diario de Tucuman","description":"Diario Tucuman - Informaci\u00f3n y noticias","publisher":{"@id":"https:\/\/www.eldiariodetucuman.com\/web\/#organization"},"potentialAction":[{"@type":"SearchAction","target":{"@type":"EntryPoint","urlTemplate":"https:\/\/www.eldiariodetucuman.com\/web\/?s={search_term_string}"},"query-input":{"@type":"PropertyValueSpecification","valueRequired":true,"valueName":"search_term_string"}}],"inLanguage":"es"},{"@type":"Organization","@id":"https:\/\/www.eldiariodetucuman.com\/web\/#organization","name":"El Diario de Tucuman","url":"https:\/\/www.eldiariodetucuman.com\/web\/","logo":{"@type":"ImageObject","inLanguage":"es","@id":"https:\/\/www.eldiariodetucuman.com\/web\/#\/schema\/logo\/image\/","url":"http:\/\/www.eldiariodetucuman.com\/web\/wp-content\/uploads\/2017\/12\/el-diario-de-tucuman.jpg","contentUrl":"http:\/\/www.eldiariodetucuman.com\/web\/wp-content\/uploads\/2017\/12\/el-diario-de-tucuman.jpg","width":272,"height":92,"caption":"El Diario de Tucuman"},"image":{"@id":"https:\/\/www.eldiariodetucuman.com\/web\/#\/schema\/logo\/image\/"}},{"@type":"Person","@id":"https:\/\/www.eldiariodetucuman.com\/web\/#\/schema\/person\/9250197d75ab5483412e19678b121caa","name":"admin","image":{"@type":"ImageObject","inLanguage":"es","@id":"https:\/\/secure.gravatar.com\/avatar\/c44d117c2be811212c22cb481f6b8384b6873de103fbc49e7a03cc58d7dea4ac?s=96&d=mm&r=g","url":"https:\/\/secure.gravatar.com\/avatar\/c44d117c2be811212c22cb481f6b8384b6873de103fbc49e7a03cc58d7dea4ac?s=96&d=mm&r=g","contentUrl":"https:\/\/secure.gravatar.com\/avatar\/c44d117c2be811212c22cb481f6b8384b6873de103fbc49e7a03cc58d7dea4ac?s=96&d=mm&r=g","caption":"admin"},"url":"https:\/\/www.eldiariodetucuman.com\/web\/author\/admin\/"}]}},"_links":{"self":[{"href":"https:\/\/www.eldiariodetucuman.com\/web\/wp-json\/wp\/v2\/posts\/46150","targetHints":{"allow":["GET"]}}],"collection":[{"href":"https:\/\/www.eldiariodetucuman.com\/web\/wp-json\/wp\/v2\/posts"}],"about":[{"href":"https:\/\/www.eldiariodetucuman.com\/web\/wp-json\/wp\/v2\/types\/post"}],"author":[{"embeddable":true,"href":"https:\/\/www.eldiariodetucuman.com\/web\/wp-json\/wp\/v2\/users\/1"}],"replies":[{"embeddable":true,"href":"https:\/\/www.eldiariodetucuman.com\/web\/wp-json\/wp\/v2\/comments?post=46150"}],"version-history":[{"count":0,"href":"https:\/\/www.eldiariodetucuman.com\/web\/wp-json\/wp\/v2\/posts\/46150\/revisions"}],"wp:featuredmedia":[{"embeddable":true,"href":"https:\/\/www.eldiariodetucuman.com\/web\/wp-json\/wp\/v2\/media\/46151"}],"wp:attachment":[{"href":"https:\/\/www.eldiariodetucuman.com\/web\/wp-json\/wp\/v2\/media?parent=46150"}],"wp:term":[{"taxonomy":"category","embeddable":true,"href":"https:\/\/www.eldiariodetucuman.com\/web\/wp-json\/wp\/v2\/categories?post=46150"},{"taxonomy":"post_tag","embeddable":true,"href":"https:\/\/www.eldiariodetucuman.com\/web\/wp-json\/wp\/v2\/tags?post=46150"}],"curies":[{"name":"wp","href":"https:\/\/api.w.org\/{rel}","templated":true}]}}