{"id":46134,"date":"2025-11-05T19:06:06","date_gmt":"2025-11-05T22:06:06","guid":{"rendered":"https:\/\/www.eldiariodetucuman.com\/web\/jaldo-y-los-comisionados-comunales-evaluaron-gestion-y-proyectaron-metas-a-futuro\/"},"modified":"2025-11-05T19:06:06","modified_gmt":"2025-11-05T22:06:06","slug":"jaldo-y-los-comisionados-comunales-evaluaron-gestion-y-proyectaron-metas-a-futuro","status":"publish","type":"post","link":"https:\/\/www.eldiariodetucuman.com\/web\/jaldo-y-los-comisionados-comunales-evaluaron-gestion-y-proyectaron-metas-a-futuro\/","title":{"rendered":"Jaldo y los comisionados comunales evaluaron gesti\u00f3n y proyectaron metas a futuro"},"content":{"rendered":"<p><\/p>\n<p id=\"isPasted\">El gobernador<strong> Osvaldo Jaldo<\/strong> se reuni\u00f3, este mi\u00e9rcoles en El Cadillal, con los 93 comisionados comunales para compartir un almuerzo de trabajo.\u00a0<\/p>\n<p>Durante el encuentro hicieron un balance de los dos a\u00f1os de gesti\u00f3n y la proyecci\u00f3n de los pr\u00f3ximos dos que restan para culminar el mandato.<\/p>\n<p>Particip\u00f3 el ministro de Interior,<strong> Dar\u00edo Monteros;<\/strong> de Desarrollo Social,<strong> Federico Masso;<\/strong> de Salud,<strong> Luis Medina Ruiz;<\/strong> el Secretario Municipios y Grandes Comunas, <strong>Marcelo\u00a0Santill\u00e1n<\/strong>; secretario de Deportes, <strong>Diego Erroz<\/strong>, entre otras autoridades.<\/p>\n<p id=\"isPasted\">Durante el encuentro, analizaron los avances en obras de infraestructura, servicios p\u00fablicos y programas sociales ejecutados en el interior tucumano.\u00a0<\/p>\n<p id=\"isPasted\">Monteros destac\u00f3 que \u201cfue un importante encuentro con los 93 comisionados comunales para agradecer, hacer un balance y proyectar. Con el gobernador venimos manteniendo reuniones de gesti\u00f3n sobre estos dos a\u00f1os que, sin dudas, consideramos positivos. Evaluamos lo realizado, las elecciones del 26 de octubre y trazamos los desaf\u00edos de los pr\u00f3ximos dos a\u00f1os\u201d.<\/p>\n<p>El funcionario subray\u00f3 que \u201cnuestro gobernador est\u00e1 m\u00e1s que comprometido en seguir trabajando por el bienestar de todos los tucumanos, especialmente en los ejes de salud, educaci\u00f3n y seguridad, sumando la atenci\u00f3n social y las obras de infraestructura. Estas pol\u00edticas llegan a los 18 municipios y a las 93 comunas\u201d.<\/p>\n<p>Monteros tambi\u00e9n agradeci\u00f3 el acompa\u00f1amiento electoral de las comunas en los comicios del 26 de octubre. \u201cReconocimos el gran triunfo de las comunas, que representan el 26% del electorado provincial, aportando m\u00e1s de 100.000 votos l\u00edquidos. En muchas jurisdicciones, entre el 70 y el 75% del electorado vot\u00f3 por Tucum\u00e1n Primero y por Osvaldo Jaldo como candidato a diputado nacional\u201d, se\u00f1al\u00f3.<\/p>\n<p>Finalmente, destac\u00f3 que el peronismo tucumano \u201cseguir\u00e1 tomando decisiones en favor de quien hoy est\u00e1 gobernando la provincia\u201d y adelant\u00f3 una etapa de \u201cm\u00e1s trabajo, gesti\u00f3n y acci\u00f3n pol\u00edtica\u201d rumbo a 2027.<\/p>\n<p>Por su parte, el comisionado comunal de Cebil Redondo, <strong>Gest\u00f3n Garc\u00eda Biagosh,\u00a0<\/strong>indic\u00f3 que \u201choy cumplimos dos a\u00f1os de gesti\u00f3n y nos reunimos con el gobernador y el gabinete para hacer un balance muy positivo. El gobierno ha puesto el foco en las comunas del interior con obras necesarias para cada localidad. Tambi\u00e9n analizamos el resultado electoral, que mostr\u00f3 un fuerte acompa\u00f1amiento de los vecinos\u201d.<\/p>\n<p>Adem\u00e1s, destac\u00f3, adem\u00e1s, la continuidad del Plan Independencia, que financia obras en todas las comunas. \u201cEl anuncio de que el plan seguir\u00e1 en marcha es una excelente noticia. En Cebil Redondo no pas\u00f3 un mes sin que terminemos una obra y comencemos otra. Eso demuestra que la gesti\u00f3n provincial est\u00e1 comprometida con el interior\u201d, afirm\u00f3.<\/p>\n<p>A su vez, el comisionado comunal de Ranchillos,<strong>\u00a0Luis del Campo<\/strong>, defini\u00f3 el encuentro como un espacio de reconocimiento y fortalecimiento pol\u00edtico. \u201cFue un mensaje claro y contundente de respaldo a las comunas, que somos la primera trinchera del gobierno. Hoy nos sentimos fortalecidos porque hay una pol\u00edtica fuerte para el interior. Hace m\u00e1s de 50 a\u00f1os que no se ve\u00edan las obras que estamos realizando ahora, gracias al liderazgo de Jaldo y Monteros\u201d, sostuvo.<\/p>\n<p>Del Campo tambi\u00e9n resalt\u00f3 que \u201cel interior fue clave para frenar el avance de Milei en el norte. Tucum\u00e1n fue el punto donde se detuvo esa ola. Esta victoria demuestra que Osvaldo Jaldo representa un peronismo con ra\u00edz y compromiso con la gente, con una mirada federal que pone a las comunas en el centro del desarrollo provincial\u201d.<\/p>\n<p>Fuente: <a href=\"https:\/\/www.comunicaciontucuman.gob.ar\/noticia\/gobernacion\/237872\/jaldo-comisionados-comunales-evaluaron-gestion-proyectaron-metas-futuro\"> Fuente de la nota <\/a><\/p>\n","protected":false},"excerpt":{"rendered":"<p>El gobernador Osvaldo Jaldo se reuni\u00f3, este mi\u00e9rcoles en El Cadillal, con los 93 comisionados comunales para compartir un almuerzo de trabajo.\u00a0 Durante el encuentro hicieron un balance de los dos a\u00f1os de gesti\u00f3n y la proyecci\u00f3n de los pr\u00f3ximos dos que restan para culminar el mandato. Particip\u00f3 el ministro de Interior, Dar\u00edo Monteros; de [&hellip;]<\/p>\n","protected":false},"author":1,"featured_media":46135,"comment_status":"closed","ping_status":"open","sticky":false,"template":"","format":"standard","meta":{"footnotes":""},"categories":[3],"tags":[],"class_list":{"0":"post-46134","1":"post","2":"type-post","3":"status-publish","4":"format-standard","5":"has-post-thumbnail","7":"category-politica"},"yoast_head":"<!-- This site is optimized with the Yoast SEO plugin v27.4 - https:\/\/yoast.com\/product\/yoast-seo-wordpress\/ -->\n<title>Jaldo y los comisionados comunales evaluaron gesti\u00f3n y proyectaron metas a futuro - El Diario de Tucuman<\/title>\n<meta name=\"robots\" content=\"index, follow, max-snippet:-1, max-image-preview:large, max-video-preview:-1\" \/>\n<link rel=\"canonical\" href=\"https:\/\/www.eldiariodetucuman.com\/web\/jaldo-y-los-comisionados-comunales-evaluaron-gestion-y-proyectaron-metas-a-futuro\/\" \/>\n<meta property=\"og:locale\" content=\"es_ES\" \/>\n<meta property=\"og:type\" content=\"article\" \/>\n<meta property=\"og:title\" content=\"Jaldo y los comisionados comunales evaluaron gesti\u00f3n y proyectaron metas a futuro - El Diario de Tucuman\" \/>\n<meta property=\"og:description\" content=\"El gobernador Osvaldo Jaldo se reuni\u00f3, este mi\u00e9rcoles en El Cadillal, con los 93 comisionados comunales para compartir un almuerzo de trabajo.\u00a0 Durante el encuentro hicieron un balance de los dos a\u00f1os de gesti\u00f3n y la proyecci\u00f3n de los pr\u00f3ximos dos que restan para culminar el mandato. Particip\u00f3 el ministro de Interior, Dar\u00edo Monteros; de [&hellip;]\" \/>\n<meta property=\"og:url\" content=\"https:\/\/www.eldiariodetucuman.com\/web\/jaldo-y-los-comisionados-comunales-evaluaron-gestion-y-proyectaron-metas-a-futuro\/\" \/>\n<meta property=\"og:site_name\" content=\"El Diario de Tucuman\" \/>\n<meta property=\"article:published_time\" content=\"2025-11-05T22:06:06+00:00\" \/>\n<meta name=\"author\" content=\"admin\" \/>\n<meta name=\"twitter:card\" content=\"summary_large_image\" \/>\n<meta name=\"twitter:label1\" content=\"Escrito por\" \/>\n\t<meta name=\"twitter:data1\" content=\"admin\" \/>\n\t<meta name=\"twitter:label2\" content=\"Tiempo de lectura\" \/>\n\t<meta name=\"twitter:data2\" content=\"3 minutos\" \/>\n<script type=\"application\/ld+json\" class=\"yoast-schema-graph\">{\"@context\":\"https:\\\/\\\/schema.org\",\"@graph\":[{\"@type\":\"Article\",\"@id\":\"https:\\\/\\\/www.eldiariodetucuman.com\\\/web\\\/jaldo-y-los-comisionados-comunales-evaluaron-gestion-y-proyectaron-metas-a-futuro\\\/#article\",\"isPartOf\":{\"@id\":\"https:\\\/\\\/www.eldiariodetucuman.com\\\/web\\\/jaldo-y-los-comisionados-comunales-evaluaron-gestion-y-proyectaron-metas-a-futuro\\\/\"},\"author\":{\"name\":\"admin\",\"@id\":\"https:\\\/\\\/www.eldiariodetucuman.com\\\/web\\\/#\\\/schema\\\/person\\\/9250197d75ab5483412e19678b121caa\"},\"headline\":\"Jaldo y los comisionados comunales evaluaron gesti\u00f3n y proyectaron metas a futuro\",\"datePublished\":\"2025-11-05T22:06:06+00:00\",\"mainEntityOfPage\":{\"@id\":\"https:\\\/\\\/www.eldiariodetucuman.com\\\/web\\\/jaldo-y-los-comisionados-comunales-evaluaron-gestion-y-proyectaron-metas-a-futuro\\\/\"},\"wordCount\":600,\"publisher\":{\"@id\":\"https:\\\/\\\/www.eldiariodetucuman.com\\\/web\\\/#organization\"},\"image\":{\"@id\":\"https:\\\/\\\/www.eldiariodetucuman.com\\\/web\\\/jaldo-y-los-comisionados-comunales-evaluaron-gestion-y-proyectaron-metas-a-futuro\\\/#primaryimage\"},\"thumbnailUrl\":\"https:\\\/\\\/www.eldiariodetucuman.com\\\/web\\\/wp-content\\\/uploads\\\/2025\\\/11\\\/Jaldo-y-los-comisionados-comunales-evaluaron-gestion-y-proyectaron-metas.jpg\",\"articleSection\":[\"Politica\"],\"inLanguage\":\"es\"},{\"@type\":\"WebPage\",\"@id\":\"https:\\\/\\\/www.eldiariodetucuman.com\\\/web\\\/jaldo-y-los-comisionados-comunales-evaluaron-gestion-y-proyectaron-metas-a-futuro\\\/\",\"url\":\"https:\\\/\\\/www.eldiariodetucuman.com\\\/web\\\/jaldo-y-los-comisionados-comunales-evaluaron-gestion-y-proyectaron-metas-a-futuro\\\/\",\"name\":\"Jaldo y los comisionados comunales evaluaron gesti\u00f3n y proyectaron metas a futuro - El Diario de Tucuman\",\"isPartOf\":{\"@id\":\"https:\\\/\\\/www.eldiariodetucuman.com\\\/web\\\/#website\"},\"primaryImageOfPage\":{\"@id\":\"https:\\\/\\\/www.eldiariodetucuman.com\\\/web\\\/jaldo-y-los-comisionados-comunales-evaluaron-gestion-y-proyectaron-metas-a-futuro\\\/#primaryimage\"},\"image\":{\"@id\":\"https:\\\/\\\/www.eldiariodetucuman.com\\\/web\\\/jaldo-y-los-comisionados-comunales-evaluaron-gestion-y-proyectaron-metas-a-futuro\\\/#primaryimage\"},\"thumbnailUrl\":\"https:\\\/\\\/www.eldiariodetucuman.com\\\/web\\\/wp-content\\\/uploads\\\/2025\\\/11\\\/Jaldo-y-los-comisionados-comunales-evaluaron-gestion-y-proyectaron-metas.jpg\",\"datePublished\":\"2025-11-05T22:06:06+00:00\",\"breadcrumb\":{\"@id\":\"https:\\\/\\\/www.eldiariodetucuman.com\\\/web\\\/jaldo-y-los-comisionados-comunales-evaluaron-gestion-y-proyectaron-metas-a-futuro\\\/#breadcrumb\"},\"inLanguage\":\"es\",\"potentialAction\":[{\"@type\":\"ReadAction\",\"target\":[\"https:\\\/\\\/www.eldiariodetucuman.com\\\/web\\\/jaldo-y-los-comisionados-comunales-evaluaron-gestion-y-proyectaron-metas-a-futuro\\\/\"]}]},{\"@type\":\"ImageObject\",\"inLanguage\":\"es\",\"@id\":\"https:\\\/\\\/www.eldiariodetucuman.com\\\/web\\\/jaldo-y-los-comisionados-comunales-evaluaron-gestion-y-proyectaron-metas-a-futuro\\\/#primaryimage\",\"url\":\"https:\\\/\\\/www.eldiariodetucuman.com\\\/web\\\/wp-content\\\/uploads\\\/2025\\\/11\\\/Jaldo-y-los-comisionados-comunales-evaluaron-gestion-y-proyectaron-metas.jpg\",\"contentUrl\":\"https:\\\/\\\/www.eldiariodetucuman.com\\\/web\\\/wp-content\\\/uploads\\\/2025\\\/11\\\/Jaldo-y-los-comisionados-comunales-evaluaron-gestion-y-proyectaron-metas.jpg\",\"width\":818,\"height\":460},{\"@type\":\"BreadcrumbList\",\"@id\":\"https:\\\/\\\/www.eldiariodetucuman.com\\\/web\\\/jaldo-y-los-comisionados-comunales-evaluaron-gestion-y-proyectaron-metas-a-futuro\\\/#breadcrumb\",\"itemListElement\":[{\"@type\":\"ListItem\",\"position\":1,\"name\":\"Portada\",\"item\":\"https:\\\/\\\/www.eldiariodetucuman.com\\\/web\\\/\"},{\"@type\":\"ListItem\",\"position\":2,\"name\":\"Jaldo y los comisionados comunales evaluaron gesti\u00f3n y proyectaron metas a futuro\"}]},{\"@type\":\"WebSite\",\"@id\":\"https:\\\/\\\/www.eldiariodetucuman.com\\\/web\\\/#website\",\"url\":\"https:\\\/\\\/www.eldiariodetucuman.com\\\/web\\\/\",\"name\":\"El Diario de Tucuman\",\"description\":\"Diario Tucuman - Informaci\u00f3n y noticias\",\"publisher\":{\"@id\":\"https:\\\/\\\/www.eldiariodetucuman.com\\\/web\\\/#organization\"},\"potentialAction\":[{\"@type\":\"SearchAction\",\"target\":{\"@type\":\"EntryPoint\",\"urlTemplate\":\"https:\\\/\\\/www.eldiariodetucuman.com\\\/web\\\/?s={search_term_string}\"},\"query-input\":{\"@type\":\"PropertyValueSpecification\",\"valueRequired\":true,\"valueName\":\"search_term_string\"}}],\"inLanguage\":\"es\"},{\"@type\":\"Organization\",\"@id\":\"https:\\\/\\\/www.eldiariodetucuman.com\\\/web\\\/#organization\",\"name\":\"El Diario de Tucuman\",\"url\":\"https:\\\/\\\/www.eldiariodetucuman.com\\\/web\\\/\",\"logo\":{\"@type\":\"ImageObject\",\"inLanguage\":\"es\",\"@id\":\"https:\\\/\\\/www.eldiariodetucuman.com\\\/web\\\/#\\\/schema\\\/logo\\\/image\\\/\",\"url\":\"http:\\\/\\\/www.eldiariodetucuman.com\\\/web\\\/wp-content\\\/uploads\\\/2017\\\/12\\\/el-diario-de-tucuman.jpg\",\"contentUrl\":\"http:\\\/\\\/www.eldiariodetucuman.com\\\/web\\\/wp-content\\\/uploads\\\/2017\\\/12\\\/el-diario-de-tucuman.jpg\",\"width\":272,\"height\":92,\"caption\":\"El Diario de Tucuman\"},\"image\":{\"@id\":\"https:\\\/\\\/www.eldiariodetucuman.com\\\/web\\\/#\\\/schema\\\/logo\\\/image\\\/\"}},{\"@type\":\"Person\",\"@id\":\"https:\\\/\\\/www.eldiariodetucuman.com\\\/web\\\/#\\\/schema\\\/person\\\/9250197d75ab5483412e19678b121caa\",\"name\":\"admin\",\"image\":{\"@type\":\"ImageObject\",\"inLanguage\":\"es\",\"@id\":\"https:\\\/\\\/secure.gravatar.com\\\/avatar\\\/c44d117c2be811212c22cb481f6b8384b6873de103fbc49e7a03cc58d7dea4ac?s=96&d=mm&r=g\",\"url\":\"https:\\\/\\\/secure.gravatar.com\\\/avatar\\\/c44d117c2be811212c22cb481f6b8384b6873de103fbc49e7a03cc58d7dea4ac?s=96&d=mm&r=g\",\"contentUrl\":\"https:\\\/\\\/secure.gravatar.com\\\/avatar\\\/c44d117c2be811212c22cb481f6b8384b6873de103fbc49e7a03cc58d7dea4ac?s=96&d=mm&r=g\",\"caption\":\"admin\"},\"url\":\"https:\\\/\\\/www.eldiariodetucuman.com\\\/web\\\/author\\\/admin\\\/\"}]}<\/script>\n<!-- \/ Yoast SEO plugin. -->","yoast_head_json":{"title":"Jaldo y los comisionados comunales evaluaron gesti\u00f3n y proyectaron metas a futuro - El Diario de Tucuman","robots":{"index":"index","follow":"follow","max-snippet":"max-snippet:-1","max-image-preview":"max-image-preview:large","max-video-preview":"max-video-preview:-1"},"canonical":"https:\/\/www.eldiariodetucuman.com\/web\/jaldo-y-los-comisionados-comunales-evaluaron-gestion-y-proyectaron-metas-a-futuro\/","og_locale":"es_ES","og_type":"article","og_title":"Jaldo y los comisionados comunales evaluaron gesti\u00f3n y proyectaron metas a futuro - El Diario de Tucuman","og_description":"El gobernador Osvaldo Jaldo se reuni\u00f3, este mi\u00e9rcoles en El Cadillal, con los 93 comisionados comunales para compartir un almuerzo de trabajo.\u00a0 Durante el encuentro hicieron un balance de los dos a\u00f1os de gesti\u00f3n y la proyecci\u00f3n de los pr\u00f3ximos dos que restan para culminar el mandato. Particip\u00f3 el ministro de Interior, Dar\u00edo Monteros; de [&hellip;]","og_url":"https:\/\/www.eldiariodetucuman.com\/web\/jaldo-y-los-comisionados-comunales-evaluaron-gestion-y-proyectaron-metas-a-futuro\/","og_site_name":"El Diario de Tucuman","article_published_time":"2025-11-05T22:06:06+00:00","author":"admin","twitter_card":"summary_large_image","twitter_misc":{"Escrito por":"admin","Tiempo de lectura":"3 minutos"},"schema":{"@context":"https:\/\/schema.org","@graph":[{"@type":"Article","@id":"https:\/\/www.eldiariodetucuman.com\/web\/jaldo-y-los-comisionados-comunales-evaluaron-gestion-y-proyectaron-metas-a-futuro\/#article","isPartOf":{"@id":"https:\/\/www.eldiariodetucuman.com\/web\/jaldo-y-los-comisionados-comunales-evaluaron-gestion-y-proyectaron-metas-a-futuro\/"},"author":{"name":"admin","@id":"https:\/\/www.eldiariodetucuman.com\/web\/#\/schema\/person\/9250197d75ab5483412e19678b121caa"},"headline":"Jaldo y los comisionados comunales evaluaron gesti\u00f3n y proyectaron metas a futuro","datePublished":"2025-11-05T22:06:06+00:00","mainEntityOfPage":{"@id":"https:\/\/www.eldiariodetucuman.com\/web\/jaldo-y-los-comisionados-comunales-evaluaron-gestion-y-proyectaron-metas-a-futuro\/"},"wordCount":600,"publisher":{"@id":"https:\/\/www.eldiariodetucuman.com\/web\/#organization"},"image":{"@id":"https:\/\/www.eldiariodetucuman.com\/web\/jaldo-y-los-comisionados-comunales-evaluaron-gestion-y-proyectaron-metas-a-futuro\/#primaryimage"},"thumbnailUrl":"https:\/\/www.eldiariodetucuman.com\/web\/wp-content\/uploads\/2025\/11\/Jaldo-y-los-comisionados-comunales-evaluaron-gestion-y-proyectaron-metas.jpg","articleSection":["Politica"],"inLanguage":"es"},{"@type":"WebPage","@id":"https:\/\/www.eldiariodetucuman.com\/web\/jaldo-y-los-comisionados-comunales-evaluaron-gestion-y-proyectaron-metas-a-futuro\/","url":"https:\/\/www.eldiariodetucuman.com\/web\/jaldo-y-los-comisionados-comunales-evaluaron-gestion-y-proyectaron-metas-a-futuro\/","name":"Jaldo y los comisionados comunales evaluaron gesti\u00f3n y proyectaron metas a futuro - El Diario de Tucuman","isPartOf":{"@id":"https:\/\/www.eldiariodetucuman.com\/web\/#website"},"primaryImageOfPage":{"@id":"https:\/\/www.eldiariodetucuman.com\/web\/jaldo-y-los-comisionados-comunales-evaluaron-gestion-y-proyectaron-metas-a-futuro\/#primaryimage"},"image":{"@id":"https:\/\/www.eldiariodetucuman.com\/web\/jaldo-y-los-comisionados-comunales-evaluaron-gestion-y-proyectaron-metas-a-futuro\/#primaryimage"},"thumbnailUrl":"https:\/\/www.eldiariodetucuman.com\/web\/wp-content\/uploads\/2025\/11\/Jaldo-y-los-comisionados-comunales-evaluaron-gestion-y-proyectaron-metas.jpg","datePublished":"2025-11-05T22:06:06+00:00","breadcrumb":{"@id":"https:\/\/www.eldiariodetucuman.com\/web\/jaldo-y-los-comisionados-comunales-evaluaron-gestion-y-proyectaron-metas-a-futuro\/#breadcrumb"},"inLanguage":"es","potentialAction":[{"@type":"ReadAction","target":["https:\/\/www.eldiariodetucuman.com\/web\/jaldo-y-los-comisionados-comunales-evaluaron-gestion-y-proyectaron-metas-a-futuro\/"]}]},{"@type":"ImageObject","inLanguage":"es","@id":"https:\/\/www.eldiariodetucuman.com\/web\/jaldo-y-los-comisionados-comunales-evaluaron-gestion-y-proyectaron-metas-a-futuro\/#primaryimage","url":"https:\/\/www.eldiariodetucuman.com\/web\/wp-content\/uploads\/2025\/11\/Jaldo-y-los-comisionados-comunales-evaluaron-gestion-y-proyectaron-metas.jpg","contentUrl":"https:\/\/www.eldiariodetucuman.com\/web\/wp-content\/uploads\/2025\/11\/Jaldo-y-los-comisionados-comunales-evaluaron-gestion-y-proyectaron-metas.jpg","width":818,"height":460},{"@type":"BreadcrumbList","@id":"https:\/\/www.eldiariodetucuman.com\/web\/jaldo-y-los-comisionados-comunales-evaluaron-gestion-y-proyectaron-metas-a-futuro\/#breadcrumb","itemListElement":[{"@type":"ListItem","position":1,"name":"Portada","item":"https:\/\/www.eldiariodetucuman.com\/web\/"},{"@type":"ListItem","position":2,"name":"Jaldo y los comisionados comunales evaluaron gesti\u00f3n y proyectaron metas a futuro"}]},{"@type":"WebSite","@id":"https:\/\/www.eldiariodetucuman.com\/web\/#website","url":"https:\/\/www.eldiariodetucuman.com\/web\/","name":"El Diario de Tucuman","description":"Diario Tucuman - Informaci\u00f3n y noticias","publisher":{"@id":"https:\/\/www.eldiariodetucuman.com\/web\/#organization"},"potentialAction":[{"@type":"SearchAction","target":{"@type":"EntryPoint","urlTemplate":"https:\/\/www.eldiariodetucuman.com\/web\/?s={search_term_string}"},"query-input":{"@type":"PropertyValueSpecification","valueRequired":true,"valueName":"search_term_string"}}],"inLanguage":"es"},{"@type":"Organization","@id":"https:\/\/www.eldiariodetucuman.com\/web\/#organization","name":"El Diario de Tucuman","url":"https:\/\/www.eldiariodetucuman.com\/web\/","logo":{"@type":"ImageObject","inLanguage":"es","@id":"https:\/\/www.eldiariodetucuman.com\/web\/#\/schema\/logo\/image\/","url":"http:\/\/www.eldiariodetucuman.com\/web\/wp-content\/uploads\/2017\/12\/el-diario-de-tucuman.jpg","contentUrl":"http:\/\/www.eldiariodetucuman.com\/web\/wp-content\/uploads\/2017\/12\/el-diario-de-tucuman.jpg","width":272,"height":92,"caption":"El Diario de Tucuman"},"image":{"@id":"https:\/\/www.eldiariodetucuman.com\/web\/#\/schema\/logo\/image\/"}},{"@type":"Person","@id":"https:\/\/www.eldiariodetucuman.com\/web\/#\/schema\/person\/9250197d75ab5483412e19678b121caa","name":"admin","image":{"@type":"ImageObject","inLanguage":"es","@id":"https:\/\/secure.gravatar.com\/avatar\/c44d117c2be811212c22cb481f6b8384b6873de103fbc49e7a03cc58d7dea4ac?s=96&d=mm&r=g","url":"https:\/\/secure.gravatar.com\/avatar\/c44d117c2be811212c22cb481f6b8384b6873de103fbc49e7a03cc58d7dea4ac?s=96&d=mm&r=g","contentUrl":"https:\/\/secure.gravatar.com\/avatar\/c44d117c2be811212c22cb481f6b8384b6873de103fbc49e7a03cc58d7dea4ac?s=96&d=mm&r=g","caption":"admin"},"url":"https:\/\/www.eldiariodetucuman.com\/web\/author\/admin\/"}]}},"_links":{"self":[{"href":"https:\/\/www.eldiariodetucuman.com\/web\/wp-json\/wp\/v2\/posts\/46134","targetHints":{"allow":["GET"]}}],"collection":[{"href":"https:\/\/www.eldiariodetucuman.com\/web\/wp-json\/wp\/v2\/posts"}],"about":[{"href":"https:\/\/www.eldiariodetucuman.com\/web\/wp-json\/wp\/v2\/types\/post"}],"author":[{"embeddable":true,"href":"https:\/\/www.eldiariodetucuman.com\/web\/wp-json\/wp\/v2\/users\/1"}],"replies":[{"embeddable":true,"href":"https:\/\/www.eldiariodetucuman.com\/web\/wp-json\/wp\/v2\/comments?post=46134"}],"version-history":[{"count":0,"href":"https:\/\/www.eldiariodetucuman.com\/web\/wp-json\/wp\/v2\/posts\/46134\/revisions"}],"wp:featuredmedia":[{"embeddable":true,"href":"https:\/\/www.eldiariodetucuman.com\/web\/wp-json\/wp\/v2\/media\/46135"}],"wp:attachment":[{"href":"https:\/\/www.eldiariodetucuman.com\/web\/wp-json\/wp\/v2\/media?parent=46134"}],"wp:term":[{"taxonomy":"category","embeddable":true,"href":"https:\/\/www.eldiariodetucuman.com\/web\/wp-json\/wp\/v2\/categories?post=46134"},{"taxonomy":"post_tag","embeddable":true,"href":"https:\/\/www.eldiariodetucuman.com\/web\/wp-json\/wp\/v2\/tags?post=46134"}],"curies":[{"name":"wp","href":"https:\/\/api.w.org\/{rel}","templated":true}]}}