{"id":46132,"date":"2025-11-05T19:04:55","date_gmt":"2025-11-05T22:04:55","guid":{"rendered":"https:\/\/www.eldiariodetucuman.com\/web\/neymar-se-pierde-el-clasico-por-un-motivo-insolito\/"},"modified":"2025-11-05T19:04:55","modified_gmt":"2025-11-05T22:04:55","slug":"neymar-se-pierde-el-clasico-por-un-motivo-insolito","status":"publish","type":"post","link":"https:\/\/www.eldiariodetucuman.com\/web\/neymar-se-pierde-el-clasico-por-un-motivo-insolito\/","title":{"rendered":"Neymar se pierde el cl\u00e1sico por un motivo ins\u00f3lito"},"content":{"rendered":"<p>    <\/p>\n<p>La decisi\u00f3n gener\u00f3 pol\u00e9mica, ya que el Peixe se encuentra apenas dos puntos por encima de la zona de descenso y necesita sumar con urgencia. Sin embargo, el cuerpo t\u00e9cnico habr\u00eda optado por priorizar la salud del delantero, quien arrastra una serie de lesiones desde hace m\u00e1s de dos a\u00f1os.<\/p>\n<p>Neymar sufri\u00f3 la rotura del ligamento cruzado anterior y de los meniscos de su rodilla izquierda a fines de 2023, durante un partido de Eliminatorias ante Uruguay. Aquella lesi\u00f3n lo dej\u00f3 fuera de las canchas por casi un a\u00f1o. Su regreso al Santos, en 2025, luego de once a\u00f1os y medio, despert\u00f3 una gran expectativa entre los hinchas, pero los constantes problemas musculares y articulares complicaron su rendimiento.<\/p>\n<p>Desde su vuelta, solo disput\u00f3 20 encuentros, en los que anot\u00f3 siete goles y dio cuatro asistencias. Un registro modesto para un jugador de su jerarqu\u00eda. Adem\u00e1s, versiones cercanas a la selecci\u00f3n brasile\u00f1a indican que Carlo Ancelotti, actual t\u00e9cnico del combinado nacional, no lo tendr\u00eda en cuenta para el Mundial de 2026 debido a su flojo estado f\u00edsico.<\/p>\n<p>El Santos, actualmente en el puesto 16 con 33 puntos, se juega gran parte de su futuro ante el l\u00edder Palmeiras. Una derrota podr\u00eda dejarlo al borde del descenso. Mientras tanto, el astro sigue sin poder reencontrarse con su mejor versi\u00f3n, en un regreso que hasta ahora est\u00e1 lejos de ser el sue\u00f1o que imaginaban los fan\u00e1ticos del \u201cPeixe\u201d.<\/p>\n<p>  <strong> FUENTE:<\/strong> Minuto Uno<br \/>\n<br \/>Fuente: <a href=\"https:\/\/www.lv12.com.ar\/neymar\/neymar-se-pierde-el-clasico-un-motivo-insolito-n188568\"> Fuente de la nota <\/a><\/p>\n","protected":false},"excerpt":{"rendered":"<p>La decisi\u00f3n gener\u00f3 pol\u00e9mica, ya que el Peixe se encuentra apenas dos puntos por encima de la zona de descenso y necesita sumar con urgencia. Sin embargo, el cuerpo t\u00e9cnico habr\u00eda optado por priorizar la salud del delantero, quien arrastra una serie de lesiones desde hace m\u00e1s de dos a\u00f1os. Neymar sufri\u00f3 la rotura del [&hellip;]<\/p>\n","protected":false},"author":1,"featured_media":46133,"comment_status":"closed","ping_status":"open","sticky":false,"template":"","format":"standard","meta":{"footnotes":""},"categories":[6],"tags":[],"class_list":{"0":"post-46132","1":"post","2":"type-post","3":"status-publish","4":"format-standard","5":"has-post-thumbnail","7":"category-deporte"},"yoast_head":"<!-- This site is optimized with the Yoast SEO plugin v27.4 - https:\/\/yoast.com\/product\/yoast-seo-wordpress\/ -->\n<title>Neymar se pierde el cl\u00e1sico por un motivo ins\u00f3lito - El Diario de Tucuman<\/title>\n<meta name=\"robots\" content=\"index, follow, max-snippet:-1, max-image-preview:large, max-video-preview:-1\" \/>\n<link rel=\"canonical\" href=\"https:\/\/www.eldiariodetucuman.com\/web\/neymar-se-pierde-el-clasico-por-un-motivo-insolito\/\" \/>\n<meta property=\"og:locale\" content=\"es_ES\" \/>\n<meta property=\"og:type\" content=\"article\" \/>\n<meta property=\"og:title\" content=\"Neymar se pierde el cl\u00e1sico por un motivo ins\u00f3lito - El Diario de Tucuman\" \/>\n<meta property=\"og:description\" content=\"La decisi\u00f3n gener\u00f3 pol\u00e9mica, ya que el Peixe se encuentra apenas dos puntos por encima de la zona de descenso y necesita sumar con urgencia. Sin embargo, el cuerpo t\u00e9cnico habr\u00eda optado por priorizar la salud del delantero, quien arrastra una serie de lesiones desde hace m\u00e1s de dos a\u00f1os. Neymar sufri\u00f3 la rotura del [&hellip;]\" \/>\n<meta property=\"og:url\" content=\"https:\/\/www.eldiariodetucuman.com\/web\/neymar-se-pierde-el-clasico-por-un-motivo-insolito\/\" \/>\n<meta property=\"og:site_name\" content=\"El Diario de Tucuman\" \/>\n<meta property=\"article:published_time\" content=\"2025-11-05T22:04:55+00:00\" \/>\n<meta name=\"author\" content=\"admin\" \/>\n<meta name=\"twitter:card\" content=\"summary_large_image\" \/>\n<meta name=\"twitter:label1\" content=\"Escrito por\" \/>\n\t<meta name=\"twitter:data1\" content=\"admin\" \/>\n\t<meta name=\"twitter:label2\" content=\"Tiempo de lectura\" \/>\n\t<meta name=\"twitter:data2\" content=\"1 minuto\" \/>\n<script type=\"application\/ld+json\" class=\"yoast-schema-graph\">{\"@context\":\"https:\\\/\\\/schema.org\",\"@graph\":[{\"@type\":\"Article\",\"@id\":\"https:\\\/\\\/www.eldiariodetucuman.com\\\/web\\\/neymar-se-pierde-el-clasico-por-un-motivo-insolito\\\/#article\",\"isPartOf\":{\"@id\":\"https:\\\/\\\/www.eldiariodetucuman.com\\\/web\\\/neymar-se-pierde-el-clasico-por-un-motivo-insolito\\\/\"},\"author\":{\"name\":\"admin\",\"@id\":\"https:\\\/\\\/www.eldiariodetucuman.com\\\/web\\\/#\\\/schema\\\/person\\\/9250197d75ab5483412e19678b121caa\"},\"headline\":\"Neymar se pierde el cl\u00e1sico por un motivo ins\u00f3lito\",\"datePublished\":\"2025-11-05T22:04:55+00:00\",\"mainEntityOfPage\":{\"@id\":\"https:\\\/\\\/www.eldiariodetucuman.com\\\/web\\\/neymar-se-pierde-el-clasico-por-un-motivo-insolito\\\/\"},\"wordCount\":269,\"publisher\":{\"@id\":\"https:\\\/\\\/www.eldiariodetucuman.com\\\/web\\\/#organization\"},\"image\":{\"@id\":\"https:\\\/\\\/www.eldiariodetucuman.com\\\/web\\\/neymar-se-pierde-el-clasico-por-un-motivo-insolito\\\/#primaryimage\"},\"thumbnailUrl\":\"https:\\\/\\\/www.eldiariodetucuman.com\\\/web\\\/wp-content\\\/uploads\\\/2025\\\/11\\\/Neymar-se-pierde-el-clasico-por-un-motivo-insolito.jpeg\",\"articleSection\":[\"Deporte\"],\"inLanguage\":\"es\"},{\"@type\":\"WebPage\",\"@id\":\"https:\\\/\\\/www.eldiariodetucuman.com\\\/web\\\/neymar-se-pierde-el-clasico-por-un-motivo-insolito\\\/\",\"url\":\"https:\\\/\\\/www.eldiariodetucuman.com\\\/web\\\/neymar-se-pierde-el-clasico-por-un-motivo-insolito\\\/\",\"name\":\"Neymar se pierde el cl\u00e1sico por un motivo ins\u00f3lito - El Diario de Tucuman\",\"isPartOf\":{\"@id\":\"https:\\\/\\\/www.eldiariodetucuman.com\\\/web\\\/#website\"},\"primaryImageOfPage\":{\"@id\":\"https:\\\/\\\/www.eldiariodetucuman.com\\\/web\\\/neymar-se-pierde-el-clasico-por-un-motivo-insolito\\\/#primaryimage\"},\"image\":{\"@id\":\"https:\\\/\\\/www.eldiariodetucuman.com\\\/web\\\/neymar-se-pierde-el-clasico-por-un-motivo-insolito\\\/#primaryimage\"},\"thumbnailUrl\":\"https:\\\/\\\/www.eldiariodetucuman.com\\\/web\\\/wp-content\\\/uploads\\\/2025\\\/11\\\/Neymar-se-pierde-el-clasico-por-un-motivo-insolito.jpeg\",\"datePublished\":\"2025-11-05T22:04:55+00:00\",\"breadcrumb\":{\"@id\":\"https:\\\/\\\/www.eldiariodetucuman.com\\\/web\\\/neymar-se-pierde-el-clasico-por-un-motivo-insolito\\\/#breadcrumb\"},\"inLanguage\":\"es\",\"potentialAction\":[{\"@type\":\"ReadAction\",\"target\":[\"https:\\\/\\\/www.eldiariodetucuman.com\\\/web\\\/neymar-se-pierde-el-clasico-por-un-motivo-insolito\\\/\"]}]},{\"@type\":\"ImageObject\",\"inLanguage\":\"es\",\"@id\":\"https:\\\/\\\/www.eldiariodetucuman.com\\\/web\\\/neymar-se-pierde-el-clasico-por-un-motivo-insolito\\\/#primaryimage\",\"url\":\"https:\\\/\\\/www.eldiariodetucuman.com\\\/web\\\/wp-content\\\/uploads\\\/2025\\\/11\\\/Neymar-se-pierde-el-clasico-por-un-motivo-insolito.jpeg\",\"contentUrl\":\"https:\\\/\\\/www.eldiariodetucuman.com\\\/web\\\/wp-content\\\/uploads\\\/2025\\\/11\\\/Neymar-se-pierde-el-clasico-por-un-motivo-insolito.jpeg\",\"width\":1200,\"height\":675},{\"@type\":\"BreadcrumbList\",\"@id\":\"https:\\\/\\\/www.eldiariodetucuman.com\\\/web\\\/neymar-se-pierde-el-clasico-por-un-motivo-insolito\\\/#breadcrumb\",\"itemListElement\":[{\"@type\":\"ListItem\",\"position\":1,\"name\":\"Portada\",\"item\":\"https:\\\/\\\/www.eldiariodetucuman.com\\\/web\\\/\"},{\"@type\":\"ListItem\",\"position\":2,\"name\":\"Neymar se pierde el cl\u00e1sico por un motivo ins\u00f3lito\"}]},{\"@type\":\"WebSite\",\"@id\":\"https:\\\/\\\/www.eldiariodetucuman.com\\\/web\\\/#website\",\"url\":\"https:\\\/\\\/www.eldiariodetucuman.com\\\/web\\\/\",\"name\":\"El Diario de Tucuman\",\"description\":\"Diario Tucuman - Informaci\u00f3n y noticias\",\"publisher\":{\"@id\":\"https:\\\/\\\/www.eldiariodetucuman.com\\\/web\\\/#organization\"},\"potentialAction\":[{\"@type\":\"SearchAction\",\"target\":{\"@type\":\"EntryPoint\",\"urlTemplate\":\"https:\\\/\\\/www.eldiariodetucuman.com\\\/web\\\/?s={search_term_string}\"},\"query-input\":{\"@type\":\"PropertyValueSpecification\",\"valueRequired\":true,\"valueName\":\"search_term_string\"}}],\"inLanguage\":\"es\"},{\"@type\":\"Organization\",\"@id\":\"https:\\\/\\\/www.eldiariodetucuman.com\\\/web\\\/#organization\",\"name\":\"El Diario de Tucuman\",\"url\":\"https:\\\/\\\/www.eldiariodetucuman.com\\\/web\\\/\",\"logo\":{\"@type\":\"ImageObject\",\"inLanguage\":\"es\",\"@id\":\"https:\\\/\\\/www.eldiariodetucuman.com\\\/web\\\/#\\\/schema\\\/logo\\\/image\\\/\",\"url\":\"http:\\\/\\\/www.eldiariodetucuman.com\\\/web\\\/wp-content\\\/uploads\\\/2017\\\/12\\\/el-diario-de-tucuman.jpg\",\"contentUrl\":\"http:\\\/\\\/www.eldiariodetucuman.com\\\/web\\\/wp-content\\\/uploads\\\/2017\\\/12\\\/el-diario-de-tucuman.jpg\",\"width\":272,\"height\":92,\"caption\":\"El Diario de Tucuman\"},\"image\":{\"@id\":\"https:\\\/\\\/www.eldiariodetucuman.com\\\/web\\\/#\\\/schema\\\/logo\\\/image\\\/\"}},{\"@type\":\"Person\",\"@id\":\"https:\\\/\\\/www.eldiariodetucuman.com\\\/web\\\/#\\\/schema\\\/person\\\/9250197d75ab5483412e19678b121caa\",\"name\":\"admin\",\"image\":{\"@type\":\"ImageObject\",\"inLanguage\":\"es\",\"@id\":\"https:\\\/\\\/secure.gravatar.com\\\/avatar\\\/c44d117c2be811212c22cb481f6b8384b6873de103fbc49e7a03cc58d7dea4ac?s=96&d=mm&r=g\",\"url\":\"https:\\\/\\\/secure.gravatar.com\\\/avatar\\\/c44d117c2be811212c22cb481f6b8384b6873de103fbc49e7a03cc58d7dea4ac?s=96&d=mm&r=g\",\"contentUrl\":\"https:\\\/\\\/secure.gravatar.com\\\/avatar\\\/c44d117c2be811212c22cb481f6b8384b6873de103fbc49e7a03cc58d7dea4ac?s=96&d=mm&r=g\",\"caption\":\"admin\"},\"url\":\"https:\\\/\\\/www.eldiariodetucuman.com\\\/web\\\/author\\\/admin\\\/\"}]}<\/script>\n<!-- \/ Yoast SEO plugin. -->","yoast_head_json":{"title":"Neymar se pierde el cl\u00e1sico por un motivo ins\u00f3lito - El Diario de Tucuman","robots":{"index":"index","follow":"follow","max-snippet":"max-snippet:-1","max-image-preview":"max-image-preview:large","max-video-preview":"max-video-preview:-1"},"canonical":"https:\/\/www.eldiariodetucuman.com\/web\/neymar-se-pierde-el-clasico-por-un-motivo-insolito\/","og_locale":"es_ES","og_type":"article","og_title":"Neymar se pierde el cl\u00e1sico por un motivo ins\u00f3lito - El Diario de Tucuman","og_description":"La decisi\u00f3n gener\u00f3 pol\u00e9mica, ya que el Peixe se encuentra apenas dos puntos por encima de la zona de descenso y necesita sumar con urgencia. Sin embargo, el cuerpo t\u00e9cnico habr\u00eda optado por priorizar la salud del delantero, quien arrastra una serie de lesiones desde hace m\u00e1s de dos a\u00f1os. Neymar sufri\u00f3 la rotura del [&hellip;]","og_url":"https:\/\/www.eldiariodetucuman.com\/web\/neymar-se-pierde-el-clasico-por-un-motivo-insolito\/","og_site_name":"El Diario de Tucuman","article_published_time":"2025-11-05T22:04:55+00:00","author":"admin","twitter_card":"summary_large_image","twitter_misc":{"Escrito por":"admin","Tiempo de lectura":"1 minuto"},"schema":{"@context":"https:\/\/schema.org","@graph":[{"@type":"Article","@id":"https:\/\/www.eldiariodetucuman.com\/web\/neymar-se-pierde-el-clasico-por-un-motivo-insolito\/#article","isPartOf":{"@id":"https:\/\/www.eldiariodetucuman.com\/web\/neymar-se-pierde-el-clasico-por-un-motivo-insolito\/"},"author":{"name":"admin","@id":"https:\/\/www.eldiariodetucuman.com\/web\/#\/schema\/person\/9250197d75ab5483412e19678b121caa"},"headline":"Neymar se pierde el cl\u00e1sico por un motivo ins\u00f3lito","datePublished":"2025-11-05T22:04:55+00:00","mainEntityOfPage":{"@id":"https:\/\/www.eldiariodetucuman.com\/web\/neymar-se-pierde-el-clasico-por-un-motivo-insolito\/"},"wordCount":269,"publisher":{"@id":"https:\/\/www.eldiariodetucuman.com\/web\/#organization"},"image":{"@id":"https:\/\/www.eldiariodetucuman.com\/web\/neymar-se-pierde-el-clasico-por-un-motivo-insolito\/#primaryimage"},"thumbnailUrl":"https:\/\/www.eldiariodetucuman.com\/web\/wp-content\/uploads\/2025\/11\/Neymar-se-pierde-el-clasico-por-un-motivo-insolito.jpeg","articleSection":["Deporte"],"inLanguage":"es"},{"@type":"WebPage","@id":"https:\/\/www.eldiariodetucuman.com\/web\/neymar-se-pierde-el-clasico-por-un-motivo-insolito\/","url":"https:\/\/www.eldiariodetucuman.com\/web\/neymar-se-pierde-el-clasico-por-un-motivo-insolito\/","name":"Neymar se pierde el cl\u00e1sico por un motivo ins\u00f3lito - El Diario de Tucuman","isPartOf":{"@id":"https:\/\/www.eldiariodetucuman.com\/web\/#website"},"primaryImageOfPage":{"@id":"https:\/\/www.eldiariodetucuman.com\/web\/neymar-se-pierde-el-clasico-por-un-motivo-insolito\/#primaryimage"},"image":{"@id":"https:\/\/www.eldiariodetucuman.com\/web\/neymar-se-pierde-el-clasico-por-un-motivo-insolito\/#primaryimage"},"thumbnailUrl":"https:\/\/www.eldiariodetucuman.com\/web\/wp-content\/uploads\/2025\/11\/Neymar-se-pierde-el-clasico-por-un-motivo-insolito.jpeg","datePublished":"2025-11-05T22:04:55+00:00","breadcrumb":{"@id":"https:\/\/www.eldiariodetucuman.com\/web\/neymar-se-pierde-el-clasico-por-un-motivo-insolito\/#breadcrumb"},"inLanguage":"es","potentialAction":[{"@type":"ReadAction","target":["https:\/\/www.eldiariodetucuman.com\/web\/neymar-se-pierde-el-clasico-por-un-motivo-insolito\/"]}]},{"@type":"ImageObject","inLanguage":"es","@id":"https:\/\/www.eldiariodetucuman.com\/web\/neymar-se-pierde-el-clasico-por-un-motivo-insolito\/#primaryimage","url":"https:\/\/www.eldiariodetucuman.com\/web\/wp-content\/uploads\/2025\/11\/Neymar-se-pierde-el-clasico-por-un-motivo-insolito.jpeg","contentUrl":"https:\/\/www.eldiariodetucuman.com\/web\/wp-content\/uploads\/2025\/11\/Neymar-se-pierde-el-clasico-por-un-motivo-insolito.jpeg","width":1200,"height":675},{"@type":"BreadcrumbList","@id":"https:\/\/www.eldiariodetucuman.com\/web\/neymar-se-pierde-el-clasico-por-un-motivo-insolito\/#breadcrumb","itemListElement":[{"@type":"ListItem","position":1,"name":"Portada","item":"https:\/\/www.eldiariodetucuman.com\/web\/"},{"@type":"ListItem","position":2,"name":"Neymar se pierde el cl\u00e1sico por un motivo ins\u00f3lito"}]},{"@type":"WebSite","@id":"https:\/\/www.eldiariodetucuman.com\/web\/#website","url":"https:\/\/www.eldiariodetucuman.com\/web\/","name":"El Diario de Tucuman","description":"Diario Tucuman - Informaci\u00f3n y noticias","publisher":{"@id":"https:\/\/www.eldiariodetucuman.com\/web\/#organization"},"potentialAction":[{"@type":"SearchAction","target":{"@type":"EntryPoint","urlTemplate":"https:\/\/www.eldiariodetucuman.com\/web\/?s={search_term_string}"},"query-input":{"@type":"PropertyValueSpecification","valueRequired":true,"valueName":"search_term_string"}}],"inLanguage":"es"},{"@type":"Organization","@id":"https:\/\/www.eldiariodetucuman.com\/web\/#organization","name":"El Diario de Tucuman","url":"https:\/\/www.eldiariodetucuman.com\/web\/","logo":{"@type":"ImageObject","inLanguage":"es","@id":"https:\/\/www.eldiariodetucuman.com\/web\/#\/schema\/logo\/image\/","url":"http:\/\/www.eldiariodetucuman.com\/web\/wp-content\/uploads\/2017\/12\/el-diario-de-tucuman.jpg","contentUrl":"http:\/\/www.eldiariodetucuman.com\/web\/wp-content\/uploads\/2017\/12\/el-diario-de-tucuman.jpg","width":272,"height":92,"caption":"El Diario de Tucuman"},"image":{"@id":"https:\/\/www.eldiariodetucuman.com\/web\/#\/schema\/logo\/image\/"}},{"@type":"Person","@id":"https:\/\/www.eldiariodetucuman.com\/web\/#\/schema\/person\/9250197d75ab5483412e19678b121caa","name":"admin","image":{"@type":"ImageObject","inLanguage":"es","@id":"https:\/\/secure.gravatar.com\/avatar\/c44d117c2be811212c22cb481f6b8384b6873de103fbc49e7a03cc58d7dea4ac?s=96&d=mm&r=g","url":"https:\/\/secure.gravatar.com\/avatar\/c44d117c2be811212c22cb481f6b8384b6873de103fbc49e7a03cc58d7dea4ac?s=96&d=mm&r=g","contentUrl":"https:\/\/secure.gravatar.com\/avatar\/c44d117c2be811212c22cb481f6b8384b6873de103fbc49e7a03cc58d7dea4ac?s=96&d=mm&r=g","caption":"admin"},"url":"https:\/\/www.eldiariodetucuman.com\/web\/author\/admin\/"}]}},"_links":{"self":[{"href":"https:\/\/www.eldiariodetucuman.com\/web\/wp-json\/wp\/v2\/posts\/46132","targetHints":{"allow":["GET"]}}],"collection":[{"href":"https:\/\/www.eldiariodetucuman.com\/web\/wp-json\/wp\/v2\/posts"}],"about":[{"href":"https:\/\/www.eldiariodetucuman.com\/web\/wp-json\/wp\/v2\/types\/post"}],"author":[{"embeddable":true,"href":"https:\/\/www.eldiariodetucuman.com\/web\/wp-json\/wp\/v2\/users\/1"}],"replies":[{"embeddable":true,"href":"https:\/\/www.eldiariodetucuman.com\/web\/wp-json\/wp\/v2\/comments?post=46132"}],"version-history":[{"count":0,"href":"https:\/\/www.eldiariodetucuman.com\/web\/wp-json\/wp\/v2\/posts\/46132\/revisions"}],"wp:featuredmedia":[{"embeddable":true,"href":"https:\/\/www.eldiariodetucuman.com\/web\/wp-json\/wp\/v2\/media\/46133"}],"wp:attachment":[{"href":"https:\/\/www.eldiariodetucuman.com\/web\/wp-json\/wp\/v2\/media?parent=46132"}],"wp:term":[{"taxonomy":"category","embeddable":true,"href":"https:\/\/www.eldiariodetucuman.com\/web\/wp-json\/wp\/v2\/categories?post=46132"},{"taxonomy":"post_tag","embeddable":true,"href":"https:\/\/www.eldiariodetucuman.com\/web\/wp-json\/wp\/v2\/tags?post=46132"}],"curies":[{"name":"wp","href":"https:\/\/api.w.org\/{rel}","templated":true}]}}