{"id":46125,"date":"2025-11-04T19:03:55","date_gmt":"2025-11-04T22:03:55","guid":{"rendered":"https:\/\/www.eldiariodetucuman.com\/web\/asacop-realizara-su-ix-encuentro-anual-en-tucuman-con-los-principales-consultores-politicos-del-pais\/"},"modified":"2025-11-04T19:03:55","modified_gmt":"2025-11-04T22:03:55","slug":"asacop-realizara-su-ix-encuentro-anual-en-tucuman-con-los-principales-consultores-politicos-del-pais","status":"publish","type":"post","link":"https:\/\/www.eldiariodetucuman.com\/web\/asacop-realizara-su-ix-encuentro-anual-en-tucuman-con-los-principales-consultores-politicos-del-pais\/","title":{"rendered":"ASACOP realizar\u00e1 su IX Encuentro Anual en Tucum\u00e1n con los principales consultores pol\u00edticos del pa\u00eds"},"content":{"rendered":"<p><\/p>\n<p id=\"isPasted\">La Asociaci\u00f3n Argentina de Consultores Pol\u00edticos (ASACOP) celebrar\u00e1 su IX Encuentro Anual los d\u00edas jueves 6 y viernes 7 de noviembre de 2025 en la ciudad de San Miguel de Tucum\u00e1n, reuniendo a los principales especialistas del pa\u00eds en an\u00e1lisis pol\u00edtico, comunicaci\u00f3n y campa\u00f1as electorales.<\/p>\n<p>Por primera vez, el evento m\u00e1s importante de la consultor\u00eda pol\u00edtica argentina se desarrollar\u00e1 en el Noroeste Argentino, tras haberse realizado en ediciones anteriores en C\u00f3rdoba, Buenos Aires, La Plata, Rosario, Bariloche y Mendoza.<\/p>\n<p>Durante dos jornadas, consultores, dirigentes, periodistas, funcionarios, empresarios, estudiantes y acad\u00e9micos debatir\u00e1n sobre los grandes desaf\u00edos de la pol\u00edtica actual y el nuevo panorama tras un a\u00f1o de elecciones a nivel nacional y en distintas provincias del pa\u00eds. <\/p>\n<p>El programa incluir\u00e1 conferencias, talleres y conversatorios en torno a tem\u00e1ticas clave como campa\u00f1as electorales, investigaci\u00f3n y an\u00e1lisis de opini\u00f3n p\u00fablica, comunicaci\u00f3n gubernamental, reforma pol\u00edtica y sistemas electorales, gesti\u00f3n legislativa, medios y periodismo pol\u00edtico, asuntos p\u00fablicos y v\u00ednculos p\u00fablico-privados, adem\u00e1s de innovaci\u00f3n tecnol\u00f3gica, redes sociales e inteligencia artificial aplicada a la pol\u00edtica.<\/p>\n<p>Contar\u00e1 con la importante presencia de reconocidos consultores como <strong>Juan Courel, Anal\u00eda del Franco, Carlos Fara, Mario Riorda, Daniel Ivoskus, Malena Dip, Leandro Graglia, Federico Rey Lennon<\/strong>, adem\u00e1s de una disertaci\u00f3n especial de la intendenta de San Miguel de Tucum\u00e1n,<strong> Rossana Chahla<\/strong> y la periodista<strong> Romina Manguel.<\/strong><\/p>\n<p>Se prev\u00e9 la participaci\u00f3n de m\u00e1s de 100 consultores y consultoras de todo el pa\u00eds, junto a 200 asistentes entre dirigentes sociales y pol\u00edticos, periodistas, profesionales y estudiantes del NOA. El Encuentro contar\u00e1 con paneles simult\u00e1neos, mesas de experiencias, debates tem\u00e1ticos y presentaciones de publicaciones especializadas, que permitir\u00e1n a los participantes elegir entre m\u00faltiples espacios de trabajo y formaci\u00f3n.<\/p>\n<p>El ticket general tiene un valor de $120.000, con importantes descuentos para socios de ASACOP, estudiantes universitarios y miembros de instituciones aliadas, que pueden alcanzar hasta un 75% del valor total.\u00a0<\/p>\n<p>El programa completo se puede ver en el siguiente link y las inscripciones se realizan a trav\u00e9s del siguiente enlace.<\/p>\n<p id=\"isPasted\"><strong>Sobre ASACOP<\/strong><\/p>\n<p>Creada en 2014, la Asociaci\u00f3n Argentina de Consultores Pol\u00edticos es una organizaci\u00f3n sin fines de lucro que nuclea a profesionales dedicados al an\u00e1lisis, la planificaci\u00f3n y la comunicaci\u00f3n pol\u00edtica en toda la Rep\u00fablica Argentina. Con una red de m\u00e1s de 200 consultores y consultoras y 50 convenios institucionales con universidades y entidades del pa\u00eds, ASACOP promueve la formaci\u00f3n, la \u00e9tica profesional y la difusi\u00f3n de la consultor\u00eda pol\u00edtica como disciplina estrat\u00e9gica para la vida democr\u00e1tica.<\/p>\n<p>El Encuentro Anual constituye su principal actividad, un espacio de intercambio, actualizaci\u00f3n y debate que re\u00fane a profesionales, acad\u00e9micos y estudiantes de todo el pa\u00eds para pensar la pol\u00edtica del presente y los desaf\u00edos del futuro.<\/p>\n<p>Fuente: <a href=\"https:\/\/www.comunicaciontucuman.gob.ar\/noticia\/gobernacion\/237858\/asacop-realizara-ix-encuentro-anual-tucuman-principales-consultores-politicos-pais\"> Fuente de la nota <\/a><\/p>\n","protected":false},"excerpt":{"rendered":"<p>La Asociaci\u00f3n Argentina de Consultores Pol\u00edticos (ASACOP) celebrar\u00e1 su IX Encuentro Anual los d\u00edas jueves 6 y viernes 7 de noviembre de 2025 en la ciudad de San Miguel de Tucum\u00e1n, reuniendo a los principales especialistas del pa\u00eds en an\u00e1lisis pol\u00edtico, comunicaci\u00f3n y campa\u00f1as electorales. Por primera vez, el evento m\u00e1s importante de la consultor\u00eda [&hellip;]<\/p>\n","protected":false},"author":1,"featured_media":46126,"comment_status":"closed","ping_status":"open","sticky":false,"template":"","format":"standard","meta":{"footnotes":""},"categories":[3],"tags":[],"class_list":{"0":"post-46125","1":"post","2":"type-post","3":"status-publish","4":"format-standard","5":"has-post-thumbnail","7":"category-politica"},"yoast_head":"<!-- This site is optimized with the Yoast SEO plugin v27.4 - https:\/\/yoast.com\/product\/yoast-seo-wordpress\/ -->\n<title>ASACOP realizar\u00e1 su IX Encuentro Anual en Tucum\u00e1n con los principales consultores pol\u00edticos del pa\u00eds - El Diario de Tucuman<\/title>\n<meta name=\"robots\" content=\"index, follow, max-snippet:-1, max-image-preview:large, max-video-preview:-1\" \/>\n<link rel=\"canonical\" href=\"https:\/\/www.eldiariodetucuman.com\/web\/asacop-realizara-su-ix-encuentro-anual-en-tucuman-con-los-principales-consultores-politicos-del-pais\/\" \/>\n<meta property=\"og:locale\" content=\"es_ES\" \/>\n<meta property=\"og:type\" content=\"article\" \/>\n<meta property=\"og:title\" content=\"ASACOP realizar\u00e1 su IX Encuentro Anual en Tucum\u00e1n con los principales consultores pol\u00edticos del pa\u00eds - El Diario de Tucuman\" \/>\n<meta property=\"og:description\" content=\"La Asociaci\u00f3n Argentina de Consultores Pol\u00edticos (ASACOP) celebrar\u00e1 su IX Encuentro Anual los d\u00edas jueves 6 y viernes 7 de noviembre de 2025 en la ciudad de San Miguel de Tucum\u00e1n, reuniendo a los principales especialistas del pa\u00eds en an\u00e1lisis pol\u00edtico, comunicaci\u00f3n y campa\u00f1as electorales. Por primera vez, el evento m\u00e1s importante de la consultor\u00eda [&hellip;]\" \/>\n<meta property=\"og:url\" content=\"https:\/\/www.eldiariodetucuman.com\/web\/asacop-realizara-su-ix-encuentro-anual-en-tucuman-con-los-principales-consultores-politicos-del-pais\/\" \/>\n<meta property=\"og:site_name\" content=\"El Diario de Tucuman\" \/>\n<meta property=\"article:published_time\" content=\"2025-11-04T22:03:55+00:00\" \/>\n<meta name=\"author\" content=\"admin\" \/>\n<meta name=\"twitter:card\" content=\"summary_large_image\" \/>\n<meta name=\"twitter:label1\" content=\"Escrito por\" \/>\n\t<meta name=\"twitter:data1\" content=\"admin\" \/>\n\t<meta name=\"twitter:label2\" content=\"Tiempo de lectura\" \/>\n\t<meta name=\"twitter:data2\" content=\"3 minutos\" \/>\n<script type=\"application\/ld+json\" class=\"yoast-schema-graph\">{\"@context\":\"https:\\\/\\\/schema.org\",\"@graph\":[{\"@type\":\"Article\",\"@id\":\"https:\\\/\\\/www.eldiariodetucuman.com\\\/web\\\/asacop-realizara-su-ix-encuentro-anual-en-tucuman-con-los-principales-consultores-politicos-del-pais\\\/#article\",\"isPartOf\":{\"@id\":\"https:\\\/\\\/www.eldiariodetucuman.com\\\/web\\\/asacop-realizara-su-ix-encuentro-anual-en-tucuman-con-los-principales-consultores-politicos-del-pais\\\/\"},\"author\":{\"name\":\"admin\",\"@id\":\"https:\\\/\\\/www.eldiariodetucuman.com\\\/web\\\/#\\\/schema\\\/person\\\/9250197d75ab5483412e19678b121caa\"},\"headline\":\"ASACOP realizar\u00e1 su IX Encuentro Anual en Tucum\u00e1n con los principales consultores pol\u00edticos del pa\u00eds\",\"datePublished\":\"2025-11-04T22:03:55+00:00\",\"mainEntityOfPage\":{\"@id\":\"https:\\\/\\\/www.eldiariodetucuman.com\\\/web\\\/asacop-realizara-su-ix-encuentro-anual-en-tucuman-con-los-principales-consultores-politicos-del-pais\\\/\"},\"wordCount\":524,\"publisher\":{\"@id\":\"https:\\\/\\\/www.eldiariodetucuman.com\\\/web\\\/#organization\"},\"image\":{\"@id\":\"https:\\\/\\\/www.eldiariodetucuman.com\\\/web\\\/asacop-realizara-su-ix-encuentro-anual-en-tucuman-con-los-principales-consultores-politicos-del-pais\\\/#primaryimage\"},\"thumbnailUrl\":\"https:\\\/\\\/www.eldiariodetucuman.com\\\/web\\\/wp-content\\\/uploads\\\/2025\\\/11\\\/ASACOP-realizara-su-IX-Encuentro-Anual-en-Tucuman-con-los.jpg\",\"articleSection\":[\"Politica\"],\"inLanguage\":\"es\"},{\"@type\":\"WebPage\",\"@id\":\"https:\\\/\\\/www.eldiariodetucuman.com\\\/web\\\/asacop-realizara-su-ix-encuentro-anual-en-tucuman-con-los-principales-consultores-politicos-del-pais\\\/\",\"url\":\"https:\\\/\\\/www.eldiariodetucuman.com\\\/web\\\/asacop-realizara-su-ix-encuentro-anual-en-tucuman-con-los-principales-consultores-politicos-del-pais\\\/\",\"name\":\"ASACOP realizar\u00e1 su IX Encuentro Anual en Tucum\u00e1n con los principales consultores pol\u00edticos del pa\u00eds - El Diario de Tucuman\",\"isPartOf\":{\"@id\":\"https:\\\/\\\/www.eldiariodetucuman.com\\\/web\\\/#website\"},\"primaryImageOfPage\":{\"@id\":\"https:\\\/\\\/www.eldiariodetucuman.com\\\/web\\\/asacop-realizara-su-ix-encuentro-anual-en-tucuman-con-los-principales-consultores-politicos-del-pais\\\/#primaryimage\"},\"image\":{\"@id\":\"https:\\\/\\\/www.eldiariodetucuman.com\\\/web\\\/asacop-realizara-su-ix-encuentro-anual-en-tucuman-con-los-principales-consultores-politicos-del-pais\\\/#primaryimage\"},\"thumbnailUrl\":\"https:\\\/\\\/www.eldiariodetucuman.com\\\/web\\\/wp-content\\\/uploads\\\/2025\\\/11\\\/ASACOP-realizara-su-IX-Encuentro-Anual-en-Tucuman-con-los.jpg\",\"datePublished\":\"2025-11-04T22:03:55+00:00\",\"breadcrumb\":{\"@id\":\"https:\\\/\\\/www.eldiariodetucuman.com\\\/web\\\/asacop-realizara-su-ix-encuentro-anual-en-tucuman-con-los-principales-consultores-politicos-del-pais\\\/#breadcrumb\"},\"inLanguage\":\"es\",\"potentialAction\":[{\"@type\":\"ReadAction\",\"target\":[\"https:\\\/\\\/www.eldiariodetucuman.com\\\/web\\\/asacop-realizara-su-ix-encuentro-anual-en-tucuman-con-los-principales-consultores-politicos-del-pais\\\/\"]}]},{\"@type\":\"ImageObject\",\"inLanguage\":\"es\",\"@id\":\"https:\\\/\\\/www.eldiariodetucuman.com\\\/web\\\/asacop-realizara-su-ix-encuentro-anual-en-tucuman-con-los-principales-consultores-politicos-del-pais\\\/#primaryimage\",\"url\":\"https:\\\/\\\/www.eldiariodetucuman.com\\\/web\\\/wp-content\\\/uploads\\\/2025\\\/11\\\/ASACOP-realizara-su-IX-Encuentro-Anual-en-Tucuman-con-los.jpg\",\"contentUrl\":\"https:\\\/\\\/www.eldiariodetucuman.com\\\/web\\\/wp-content\\\/uploads\\\/2025\\\/11\\\/ASACOP-realizara-su-IX-Encuentro-Anual-en-Tucuman-con-los.jpg\",\"width\":818,\"height\":460},{\"@type\":\"BreadcrumbList\",\"@id\":\"https:\\\/\\\/www.eldiariodetucuman.com\\\/web\\\/asacop-realizara-su-ix-encuentro-anual-en-tucuman-con-los-principales-consultores-politicos-del-pais\\\/#breadcrumb\",\"itemListElement\":[{\"@type\":\"ListItem\",\"position\":1,\"name\":\"Portada\",\"item\":\"https:\\\/\\\/www.eldiariodetucuman.com\\\/web\\\/\"},{\"@type\":\"ListItem\",\"position\":2,\"name\":\"ASACOP realizar\u00e1 su IX Encuentro Anual en Tucum\u00e1n con los principales consultores pol\u00edticos del pa\u00eds\"}]},{\"@type\":\"WebSite\",\"@id\":\"https:\\\/\\\/www.eldiariodetucuman.com\\\/web\\\/#website\",\"url\":\"https:\\\/\\\/www.eldiariodetucuman.com\\\/web\\\/\",\"name\":\"El Diario de Tucuman\",\"description\":\"Diario Tucuman - Informaci\u00f3n y noticias\",\"publisher\":{\"@id\":\"https:\\\/\\\/www.eldiariodetucuman.com\\\/web\\\/#organization\"},\"potentialAction\":[{\"@type\":\"SearchAction\",\"target\":{\"@type\":\"EntryPoint\",\"urlTemplate\":\"https:\\\/\\\/www.eldiariodetucuman.com\\\/web\\\/?s={search_term_string}\"},\"query-input\":{\"@type\":\"PropertyValueSpecification\",\"valueRequired\":true,\"valueName\":\"search_term_string\"}}],\"inLanguage\":\"es\"},{\"@type\":\"Organization\",\"@id\":\"https:\\\/\\\/www.eldiariodetucuman.com\\\/web\\\/#organization\",\"name\":\"El Diario de Tucuman\",\"url\":\"https:\\\/\\\/www.eldiariodetucuman.com\\\/web\\\/\",\"logo\":{\"@type\":\"ImageObject\",\"inLanguage\":\"es\",\"@id\":\"https:\\\/\\\/www.eldiariodetucuman.com\\\/web\\\/#\\\/schema\\\/logo\\\/image\\\/\",\"url\":\"http:\\\/\\\/www.eldiariodetucuman.com\\\/web\\\/wp-content\\\/uploads\\\/2017\\\/12\\\/el-diario-de-tucuman.jpg\",\"contentUrl\":\"http:\\\/\\\/www.eldiariodetucuman.com\\\/web\\\/wp-content\\\/uploads\\\/2017\\\/12\\\/el-diario-de-tucuman.jpg\",\"width\":272,\"height\":92,\"caption\":\"El Diario de Tucuman\"},\"image\":{\"@id\":\"https:\\\/\\\/www.eldiariodetucuman.com\\\/web\\\/#\\\/schema\\\/logo\\\/image\\\/\"}},{\"@type\":\"Person\",\"@id\":\"https:\\\/\\\/www.eldiariodetucuman.com\\\/web\\\/#\\\/schema\\\/person\\\/9250197d75ab5483412e19678b121caa\",\"name\":\"admin\",\"image\":{\"@type\":\"ImageObject\",\"inLanguage\":\"es\",\"@id\":\"https:\\\/\\\/secure.gravatar.com\\\/avatar\\\/c44d117c2be811212c22cb481f6b8384b6873de103fbc49e7a03cc58d7dea4ac?s=96&d=mm&r=g\",\"url\":\"https:\\\/\\\/secure.gravatar.com\\\/avatar\\\/c44d117c2be811212c22cb481f6b8384b6873de103fbc49e7a03cc58d7dea4ac?s=96&d=mm&r=g\",\"contentUrl\":\"https:\\\/\\\/secure.gravatar.com\\\/avatar\\\/c44d117c2be811212c22cb481f6b8384b6873de103fbc49e7a03cc58d7dea4ac?s=96&d=mm&r=g\",\"caption\":\"admin\"},\"url\":\"https:\\\/\\\/www.eldiariodetucuman.com\\\/web\\\/author\\\/admin\\\/\"}]}<\/script>\n<!-- \/ Yoast SEO plugin. -->","yoast_head_json":{"title":"ASACOP realizar\u00e1 su IX Encuentro Anual en Tucum\u00e1n con los principales consultores pol\u00edticos del pa\u00eds - El Diario de Tucuman","robots":{"index":"index","follow":"follow","max-snippet":"max-snippet:-1","max-image-preview":"max-image-preview:large","max-video-preview":"max-video-preview:-1"},"canonical":"https:\/\/www.eldiariodetucuman.com\/web\/asacop-realizara-su-ix-encuentro-anual-en-tucuman-con-los-principales-consultores-politicos-del-pais\/","og_locale":"es_ES","og_type":"article","og_title":"ASACOP realizar\u00e1 su IX Encuentro Anual en Tucum\u00e1n con los principales consultores pol\u00edticos del pa\u00eds - El Diario de Tucuman","og_description":"La Asociaci\u00f3n Argentina de Consultores Pol\u00edticos (ASACOP) celebrar\u00e1 su IX Encuentro Anual los d\u00edas jueves 6 y viernes 7 de noviembre de 2025 en la ciudad de San Miguel de Tucum\u00e1n, reuniendo a los principales especialistas del pa\u00eds en an\u00e1lisis pol\u00edtico, comunicaci\u00f3n y campa\u00f1as electorales. Por primera vez, el evento m\u00e1s importante de la consultor\u00eda [&hellip;]","og_url":"https:\/\/www.eldiariodetucuman.com\/web\/asacop-realizara-su-ix-encuentro-anual-en-tucuman-con-los-principales-consultores-politicos-del-pais\/","og_site_name":"El Diario de Tucuman","article_published_time":"2025-11-04T22:03:55+00:00","author":"admin","twitter_card":"summary_large_image","twitter_misc":{"Escrito por":"admin","Tiempo de lectura":"3 minutos"},"schema":{"@context":"https:\/\/schema.org","@graph":[{"@type":"Article","@id":"https:\/\/www.eldiariodetucuman.com\/web\/asacop-realizara-su-ix-encuentro-anual-en-tucuman-con-los-principales-consultores-politicos-del-pais\/#article","isPartOf":{"@id":"https:\/\/www.eldiariodetucuman.com\/web\/asacop-realizara-su-ix-encuentro-anual-en-tucuman-con-los-principales-consultores-politicos-del-pais\/"},"author":{"name":"admin","@id":"https:\/\/www.eldiariodetucuman.com\/web\/#\/schema\/person\/9250197d75ab5483412e19678b121caa"},"headline":"ASACOP realizar\u00e1 su IX Encuentro Anual en Tucum\u00e1n con los principales consultores pol\u00edticos del pa\u00eds","datePublished":"2025-11-04T22:03:55+00:00","mainEntityOfPage":{"@id":"https:\/\/www.eldiariodetucuman.com\/web\/asacop-realizara-su-ix-encuentro-anual-en-tucuman-con-los-principales-consultores-politicos-del-pais\/"},"wordCount":524,"publisher":{"@id":"https:\/\/www.eldiariodetucuman.com\/web\/#organization"},"image":{"@id":"https:\/\/www.eldiariodetucuman.com\/web\/asacop-realizara-su-ix-encuentro-anual-en-tucuman-con-los-principales-consultores-politicos-del-pais\/#primaryimage"},"thumbnailUrl":"https:\/\/www.eldiariodetucuman.com\/web\/wp-content\/uploads\/2025\/11\/ASACOP-realizara-su-IX-Encuentro-Anual-en-Tucuman-con-los.jpg","articleSection":["Politica"],"inLanguage":"es"},{"@type":"WebPage","@id":"https:\/\/www.eldiariodetucuman.com\/web\/asacop-realizara-su-ix-encuentro-anual-en-tucuman-con-los-principales-consultores-politicos-del-pais\/","url":"https:\/\/www.eldiariodetucuman.com\/web\/asacop-realizara-su-ix-encuentro-anual-en-tucuman-con-los-principales-consultores-politicos-del-pais\/","name":"ASACOP realizar\u00e1 su IX Encuentro Anual en Tucum\u00e1n con los principales consultores pol\u00edticos del pa\u00eds - El Diario de Tucuman","isPartOf":{"@id":"https:\/\/www.eldiariodetucuman.com\/web\/#website"},"primaryImageOfPage":{"@id":"https:\/\/www.eldiariodetucuman.com\/web\/asacop-realizara-su-ix-encuentro-anual-en-tucuman-con-los-principales-consultores-politicos-del-pais\/#primaryimage"},"image":{"@id":"https:\/\/www.eldiariodetucuman.com\/web\/asacop-realizara-su-ix-encuentro-anual-en-tucuman-con-los-principales-consultores-politicos-del-pais\/#primaryimage"},"thumbnailUrl":"https:\/\/www.eldiariodetucuman.com\/web\/wp-content\/uploads\/2025\/11\/ASACOP-realizara-su-IX-Encuentro-Anual-en-Tucuman-con-los.jpg","datePublished":"2025-11-04T22:03:55+00:00","breadcrumb":{"@id":"https:\/\/www.eldiariodetucuman.com\/web\/asacop-realizara-su-ix-encuentro-anual-en-tucuman-con-los-principales-consultores-politicos-del-pais\/#breadcrumb"},"inLanguage":"es","potentialAction":[{"@type":"ReadAction","target":["https:\/\/www.eldiariodetucuman.com\/web\/asacop-realizara-su-ix-encuentro-anual-en-tucuman-con-los-principales-consultores-politicos-del-pais\/"]}]},{"@type":"ImageObject","inLanguage":"es","@id":"https:\/\/www.eldiariodetucuman.com\/web\/asacop-realizara-su-ix-encuentro-anual-en-tucuman-con-los-principales-consultores-politicos-del-pais\/#primaryimage","url":"https:\/\/www.eldiariodetucuman.com\/web\/wp-content\/uploads\/2025\/11\/ASACOP-realizara-su-IX-Encuentro-Anual-en-Tucuman-con-los.jpg","contentUrl":"https:\/\/www.eldiariodetucuman.com\/web\/wp-content\/uploads\/2025\/11\/ASACOP-realizara-su-IX-Encuentro-Anual-en-Tucuman-con-los.jpg","width":818,"height":460},{"@type":"BreadcrumbList","@id":"https:\/\/www.eldiariodetucuman.com\/web\/asacop-realizara-su-ix-encuentro-anual-en-tucuman-con-los-principales-consultores-politicos-del-pais\/#breadcrumb","itemListElement":[{"@type":"ListItem","position":1,"name":"Portada","item":"https:\/\/www.eldiariodetucuman.com\/web\/"},{"@type":"ListItem","position":2,"name":"ASACOP realizar\u00e1 su IX Encuentro Anual en Tucum\u00e1n con los principales consultores pol\u00edticos del pa\u00eds"}]},{"@type":"WebSite","@id":"https:\/\/www.eldiariodetucuman.com\/web\/#website","url":"https:\/\/www.eldiariodetucuman.com\/web\/","name":"El Diario de Tucuman","description":"Diario Tucuman - Informaci\u00f3n y noticias","publisher":{"@id":"https:\/\/www.eldiariodetucuman.com\/web\/#organization"},"potentialAction":[{"@type":"SearchAction","target":{"@type":"EntryPoint","urlTemplate":"https:\/\/www.eldiariodetucuman.com\/web\/?s={search_term_string}"},"query-input":{"@type":"PropertyValueSpecification","valueRequired":true,"valueName":"search_term_string"}}],"inLanguage":"es"},{"@type":"Organization","@id":"https:\/\/www.eldiariodetucuman.com\/web\/#organization","name":"El Diario de Tucuman","url":"https:\/\/www.eldiariodetucuman.com\/web\/","logo":{"@type":"ImageObject","inLanguage":"es","@id":"https:\/\/www.eldiariodetucuman.com\/web\/#\/schema\/logo\/image\/","url":"http:\/\/www.eldiariodetucuman.com\/web\/wp-content\/uploads\/2017\/12\/el-diario-de-tucuman.jpg","contentUrl":"http:\/\/www.eldiariodetucuman.com\/web\/wp-content\/uploads\/2017\/12\/el-diario-de-tucuman.jpg","width":272,"height":92,"caption":"El Diario de Tucuman"},"image":{"@id":"https:\/\/www.eldiariodetucuman.com\/web\/#\/schema\/logo\/image\/"}},{"@type":"Person","@id":"https:\/\/www.eldiariodetucuman.com\/web\/#\/schema\/person\/9250197d75ab5483412e19678b121caa","name":"admin","image":{"@type":"ImageObject","inLanguage":"es","@id":"https:\/\/secure.gravatar.com\/avatar\/c44d117c2be811212c22cb481f6b8384b6873de103fbc49e7a03cc58d7dea4ac?s=96&d=mm&r=g","url":"https:\/\/secure.gravatar.com\/avatar\/c44d117c2be811212c22cb481f6b8384b6873de103fbc49e7a03cc58d7dea4ac?s=96&d=mm&r=g","contentUrl":"https:\/\/secure.gravatar.com\/avatar\/c44d117c2be811212c22cb481f6b8384b6873de103fbc49e7a03cc58d7dea4ac?s=96&d=mm&r=g","caption":"admin"},"url":"https:\/\/www.eldiariodetucuman.com\/web\/author\/admin\/"}]}},"_links":{"self":[{"href":"https:\/\/www.eldiariodetucuman.com\/web\/wp-json\/wp\/v2\/posts\/46125","targetHints":{"allow":["GET"]}}],"collection":[{"href":"https:\/\/www.eldiariodetucuman.com\/web\/wp-json\/wp\/v2\/posts"}],"about":[{"href":"https:\/\/www.eldiariodetucuman.com\/web\/wp-json\/wp\/v2\/types\/post"}],"author":[{"embeddable":true,"href":"https:\/\/www.eldiariodetucuman.com\/web\/wp-json\/wp\/v2\/users\/1"}],"replies":[{"embeddable":true,"href":"https:\/\/www.eldiariodetucuman.com\/web\/wp-json\/wp\/v2\/comments?post=46125"}],"version-history":[{"count":0,"href":"https:\/\/www.eldiariodetucuman.com\/web\/wp-json\/wp\/v2\/posts\/46125\/revisions"}],"wp:featuredmedia":[{"embeddable":true,"href":"https:\/\/www.eldiariodetucuman.com\/web\/wp-json\/wp\/v2\/media\/46126"}],"wp:attachment":[{"href":"https:\/\/www.eldiariodetucuman.com\/web\/wp-json\/wp\/v2\/media?parent=46125"}],"wp:term":[{"taxonomy":"category","embeddable":true,"href":"https:\/\/www.eldiariodetucuman.com\/web\/wp-json\/wp\/v2\/categories?post=46125"},{"taxonomy":"post_tag","embeddable":true,"href":"https:\/\/www.eldiariodetucuman.com\/web\/wp-json\/wp\/v2\/tags?post=46125"}],"curies":[{"name":"wp","href":"https:\/\/api.w.org\/{rel}","templated":true}]}}