{"id":46082,"date":"2025-10-31T16:55:56","date_gmt":"2025-10-31T19:55:56","guid":{"rendered":"https:\/\/www.eldiariodetucuman.com\/web\/robo-una-moto-en-pleno-centro-pero-fue-atrapado-cuando-escapaba\/"},"modified":"2025-10-31T16:55:56","modified_gmt":"2025-10-31T19:55:56","slug":"robo-una-moto-en-pleno-centro-pero-fue-atrapado-cuando-escapaba","status":"publish","type":"post","link":"https:\/\/www.eldiariodetucuman.com\/web\/robo-una-moto-en-pleno-centro-pero-fue-atrapado-cuando-escapaba\/","title":{"rendered":"Rob\u00f3 una moto en pleno centro pero fue atrapado cuando escapaba"},"content":{"rendered":"<p>    <\/p>\n<p>El caso es investigado por la Unidad Fiscal Especializada en Robos y Hurtos I, a cargo de Carmen Reuter, quien fue representada por la auxiliar de fiscal Andrea Carlino, quien formul\u00f3 cargos en contra del acusado, un sujeto de 21 a\u00f1os, por el delito de robo en calidad de autor.<\/p>\n<p>La Auxiliar de Fiscal, pidi\u00f3 la prisi\u00f3n por el t\u00e9rmino de 40 d\u00edas ante la existencia del riesgo procesal de peligro de fuga y para realizar las medidas investigativas restantes. El juez resolvi\u00f3 hacer lugar parcialmente a las medidas restrictivas concedi\u00e9ndolas por el t\u00e9rmino de 20 d\u00edas. De acuerdo a la acusaci\u00f3n, el 29 de octubre pasado, a las 8:00 horas aproximadamente, el imputado ingres\u00f3 a un local ubicado en calle Maip\u00fa al 100, donde la v\u00edctima hab\u00eda dejado estacionado su rodado. El ladr\u00f3n forz\u00f3 el tambor de la motocicleta, sustrajo la misma, pero fue captado por las c\u00e1maras de seguridad del 911 cuando se retiraba a bordo del veh\u00edculo sustra\u00eddo, siendo atrapado posteriormente.<\/p>\n<p>  <strong> FUENTE:<\/strong> MPF<br \/>\n<br \/>Fuente: <a href=\"https:\/\/www.lv12.com.ar\/robo\/robo-una-moto-pleno-centro-pero-fue-atrapado-cuando-escapaba-n188315\"> Fuente de la nota <\/a><\/p>\n","protected":false},"excerpt":{"rendered":"<p>El caso es investigado por la Unidad Fiscal Especializada en Robos y Hurtos I, a cargo de Carmen Reuter, quien fue representada por la auxiliar de fiscal Andrea Carlino, quien formul\u00f3 cargos en contra del acusado, un sujeto de 21 a\u00f1os, por el delito de robo en calidad de autor. La Auxiliar de Fiscal, pidi\u00f3 [&hellip;]<\/p>\n","protected":false},"author":1,"featured_media":46083,"comment_status":"closed","ping_status":"open","sticky":false,"template":"","format":"standard","meta":{"footnotes":""},"categories":[927],"tags":[],"class_list":{"0":"post-46082","1":"post","2":"type-post","3":"status-publish","4":"format-standard","5":"has-post-thumbnail","7":"category-policiales"},"yoast_head":"<!-- This site is optimized with the Yoast SEO plugin v27.5 - https:\/\/yoast.com\/product\/yoast-seo-wordpress\/ -->\n<title>Rob\u00f3 una moto en pleno centro pero fue atrapado cuando escapaba - El Diario de Tucuman<\/title>\n<meta name=\"robots\" content=\"index, follow, max-snippet:-1, max-image-preview:large, max-video-preview:-1\" \/>\n<link rel=\"canonical\" href=\"https:\/\/www.eldiariodetucuman.com\/web\/robo-una-moto-en-pleno-centro-pero-fue-atrapado-cuando-escapaba\/\" \/>\n<meta property=\"og:locale\" content=\"es_ES\" \/>\n<meta property=\"og:type\" content=\"article\" \/>\n<meta property=\"og:title\" content=\"Rob\u00f3 una moto en pleno centro pero fue atrapado cuando escapaba - El Diario de Tucuman\" \/>\n<meta property=\"og:description\" content=\"El caso es investigado por la Unidad Fiscal Especializada en Robos y Hurtos I, a cargo de Carmen Reuter, quien fue representada por la auxiliar de fiscal Andrea Carlino, quien formul\u00f3 cargos en contra del acusado, un sujeto de 21 a\u00f1os, por el delito de robo en calidad de autor. La Auxiliar de Fiscal, pidi\u00f3 [&hellip;]\" \/>\n<meta property=\"og:url\" content=\"https:\/\/www.eldiariodetucuman.com\/web\/robo-una-moto-en-pleno-centro-pero-fue-atrapado-cuando-escapaba\/\" \/>\n<meta property=\"og:site_name\" content=\"El Diario de Tucuman\" \/>\n<meta property=\"article:published_time\" content=\"2025-10-31T19:55:56+00:00\" \/>\n<meta name=\"author\" content=\"admin\" \/>\n<meta name=\"twitter:card\" content=\"summary_large_image\" \/>\n<meta name=\"twitter:label1\" content=\"Escrito por\" \/>\n\t<meta name=\"twitter:data1\" content=\"admin\" \/>\n\t<meta name=\"twitter:label2\" content=\"Tiempo de lectura\" \/>\n\t<meta name=\"twitter:data2\" content=\"1 minuto\" \/>\n<script type=\"application\/ld+json\" class=\"yoast-schema-graph\">{\"@context\":\"https:\\\/\\\/schema.org\",\"@graph\":[{\"@type\":\"Article\",\"@id\":\"https:\\\/\\\/www.eldiariodetucuman.com\\\/web\\\/robo-una-moto-en-pleno-centro-pero-fue-atrapado-cuando-escapaba\\\/#article\",\"isPartOf\":{\"@id\":\"https:\\\/\\\/www.eldiariodetucuman.com\\\/web\\\/robo-una-moto-en-pleno-centro-pero-fue-atrapado-cuando-escapaba\\\/\"},\"author\":{\"name\":\"admin\",\"@id\":\"https:\\\/\\\/www.eldiariodetucuman.com\\\/web\\\/#\\\/schema\\\/person\\\/9250197d75ab5483412e19678b121caa\"},\"headline\":\"Rob\u00f3 una moto en pleno centro pero fue atrapado cuando escapaba\",\"datePublished\":\"2025-10-31T19:55:56+00:00\",\"mainEntityOfPage\":{\"@id\":\"https:\\\/\\\/www.eldiariodetucuman.com\\\/web\\\/robo-una-moto-en-pleno-centro-pero-fue-atrapado-cuando-escapaba\\\/\"},\"wordCount\":189,\"publisher\":{\"@id\":\"https:\\\/\\\/www.eldiariodetucuman.com\\\/web\\\/#organization\"},\"image\":{\"@id\":\"https:\\\/\\\/www.eldiariodetucuman.com\\\/web\\\/robo-una-moto-en-pleno-centro-pero-fue-atrapado-cuando-escapaba\\\/#primaryimage\"},\"thumbnailUrl\":\"https:\\\/\\\/www.eldiariodetucuman.com\\\/web\\\/wp-content\\\/uploads\\\/2025\\\/10\\\/Robo-una-moto-en-pleno-centro-pero-fue-atrapado-cuando.png\",\"articleSection\":[\"Policiales\"],\"inLanguage\":\"es\"},{\"@type\":\"WebPage\",\"@id\":\"https:\\\/\\\/www.eldiariodetucuman.com\\\/web\\\/robo-una-moto-en-pleno-centro-pero-fue-atrapado-cuando-escapaba\\\/\",\"url\":\"https:\\\/\\\/www.eldiariodetucuman.com\\\/web\\\/robo-una-moto-en-pleno-centro-pero-fue-atrapado-cuando-escapaba\\\/\",\"name\":\"Rob\u00f3 una moto en pleno centro pero fue atrapado cuando escapaba - El Diario de Tucuman\",\"isPartOf\":{\"@id\":\"https:\\\/\\\/www.eldiariodetucuman.com\\\/web\\\/#website\"},\"primaryImageOfPage\":{\"@id\":\"https:\\\/\\\/www.eldiariodetucuman.com\\\/web\\\/robo-una-moto-en-pleno-centro-pero-fue-atrapado-cuando-escapaba\\\/#primaryimage\"},\"image\":{\"@id\":\"https:\\\/\\\/www.eldiariodetucuman.com\\\/web\\\/robo-una-moto-en-pleno-centro-pero-fue-atrapado-cuando-escapaba\\\/#primaryimage\"},\"thumbnailUrl\":\"https:\\\/\\\/www.eldiariodetucuman.com\\\/web\\\/wp-content\\\/uploads\\\/2025\\\/10\\\/Robo-una-moto-en-pleno-centro-pero-fue-atrapado-cuando.png\",\"datePublished\":\"2025-10-31T19:55:56+00:00\",\"breadcrumb\":{\"@id\":\"https:\\\/\\\/www.eldiariodetucuman.com\\\/web\\\/robo-una-moto-en-pleno-centro-pero-fue-atrapado-cuando-escapaba\\\/#breadcrumb\"},\"inLanguage\":\"es\",\"potentialAction\":[{\"@type\":\"ReadAction\",\"target\":[\"https:\\\/\\\/www.eldiariodetucuman.com\\\/web\\\/robo-una-moto-en-pleno-centro-pero-fue-atrapado-cuando-escapaba\\\/\"]}]},{\"@type\":\"ImageObject\",\"inLanguage\":\"es\",\"@id\":\"https:\\\/\\\/www.eldiariodetucuman.com\\\/web\\\/robo-una-moto-en-pleno-centro-pero-fue-atrapado-cuando-escapaba\\\/#primaryimage\",\"url\":\"https:\\\/\\\/www.eldiariodetucuman.com\\\/web\\\/wp-content\\\/uploads\\\/2025\\\/10\\\/Robo-una-moto-en-pleno-centro-pero-fue-atrapado-cuando.png\",\"contentUrl\":\"https:\\\/\\\/www.eldiariodetucuman.com\\\/web\\\/wp-content\\\/uploads\\\/2025\\\/10\\\/Robo-una-moto-en-pleno-centro-pero-fue-atrapado-cuando.png\",\"width\":1200,\"height\":675},{\"@type\":\"BreadcrumbList\",\"@id\":\"https:\\\/\\\/www.eldiariodetucuman.com\\\/web\\\/robo-una-moto-en-pleno-centro-pero-fue-atrapado-cuando-escapaba\\\/#breadcrumb\",\"itemListElement\":[{\"@type\":\"ListItem\",\"position\":1,\"name\":\"Portada\",\"item\":\"https:\\\/\\\/www.eldiariodetucuman.com\\\/web\\\/\"},{\"@type\":\"ListItem\",\"position\":2,\"name\":\"Rob\u00f3 una moto en pleno centro pero fue atrapado cuando escapaba\"}]},{\"@type\":\"WebSite\",\"@id\":\"https:\\\/\\\/www.eldiariodetucuman.com\\\/web\\\/#website\",\"url\":\"https:\\\/\\\/www.eldiariodetucuman.com\\\/web\\\/\",\"name\":\"El Diario de Tucuman\",\"description\":\"Diario Tucuman - Informaci\u00f3n y noticias\",\"publisher\":{\"@id\":\"https:\\\/\\\/www.eldiariodetucuman.com\\\/web\\\/#organization\"},\"potentialAction\":[{\"@type\":\"SearchAction\",\"target\":{\"@type\":\"EntryPoint\",\"urlTemplate\":\"https:\\\/\\\/www.eldiariodetucuman.com\\\/web\\\/?s={search_term_string}\"},\"query-input\":{\"@type\":\"PropertyValueSpecification\",\"valueRequired\":true,\"valueName\":\"search_term_string\"}}],\"inLanguage\":\"es\"},{\"@type\":\"Organization\",\"@id\":\"https:\\\/\\\/www.eldiariodetucuman.com\\\/web\\\/#organization\",\"name\":\"El Diario de Tucuman\",\"url\":\"https:\\\/\\\/www.eldiariodetucuman.com\\\/web\\\/\",\"logo\":{\"@type\":\"ImageObject\",\"inLanguage\":\"es\",\"@id\":\"https:\\\/\\\/www.eldiariodetucuman.com\\\/web\\\/#\\\/schema\\\/logo\\\/image\\\/\",\"url\":\"http:\\\/\\\/www.eldiariodetucuman.com\\\/web\\\/wp-content\\\/uploads\\\/2017\\\/12\\\/el-diario-de-tucuman.jpg\",\"contentUrl\":\"http:\\\/\\\/www.eldiariodetucuman.com\\\/web\\\/wp-content\\\/uploads\\\/2017\\\/12\\\/el-diario-de-tucuman.jpg\",\"width\":272,\"height\":92,\"caption\":\"El Diario de Tucuman\"},\"image\":{\"@id\":\"https:\\\/\\\/www.eldiariodetucuman.com\\\/web\\\/#\\\/schema\\\/logo\\\/image\\\/\"}},{\"@type\":\"Person\",\"@id\":\"https:\\\/\\\/www.eldiariodetucuman.com\\\/web\\\/#\\\/schema\\\/person\\\/9250197d75ab5483412e19678b121caa\",\"name\":\"admin\",\"image\":{\"@type\":\"ImageObject\",\"inLanguage\":\"es\",\"@id\":\"https:\\\/\\\/secure.gravatar.com\\\/avatar\\\/c44d117c2be811212c22cb481f6b8384b6873de103fbc49e7a03cc58d7dea4ac?s=96&d=mm&r=g\",\"url\":\"https:\\\/\\\/secure.gravatar.com\\\/avatar\\\/c44d117c2be811212c22cb481f6b8384b6873de103fbc49e7a03cc58d7dea4ac?s=96&d=mm&r=g\",\"contentUrl\":\"https:\\\/\\\/secure.gravatar.com\\\/avatar\\\/c44d117c2be811212c22cb481f6b8384b6873de103fbc49e7a03cc58d7dea4ac?s=96&d=mm&r=g\",\"caption\":\"admin\"},\"url\":\"https:\\\/\\\/www.eldiariodetucuman.com\\\/web\\\/author\\\/admin\\\/\"}]}<\/script>\n<!-- \/ Yoast SEO plugin. -->","yoast_head_json":{"title":"Rob\u00f3 una moto en pleno centro pero fue atrapado cuando escapaba - El Diario de Tucuman","robots":{"index":"index","follow":"follow","max-snippet":"max-snippet:-1","max-image-preview":"max-image-preview:large","max-video-preview":"max-video-preview:-1"},"canonical":"https:\/\/www.eldiariodetucuman.com\/web\/robo-una-moto-en-pleno-centro-pero-fue-atrapado-cuando-escapaba\/","og_locale":"es_ES","og_type":"article","og_title":"Rob\u00f3 una moto en pleno centro pero fue atrapado cuando escapaba - El Diario de Tucuman","og_description":"El caso es investigado por la Unidad Fiscal Especializada en Robos y Hurtos I, a cargo de Carmen Reuter, quien fue representada por la auxiliar de fiscal Andrea Carlino, quien formul\u00f3 cargos en contra del acusado, un sujeto de 21 a\u00f1os, por el delito de robo en calidad de autor. La Auxiliar de Fiscal, pidi\u00f3 [&hellip;]","og_url":"https:\/\/www.eldiariodetucuman.com\/web\/robo-una-moto-en-pleno-centro-pero-fue-atrapado-cuando-escapaba\/","og_site_name":"El Diario de Tucuman","article_published_time":"2025-10-31T19:55:56+00:00","author":"admin","twitter_card":"summary_large_image","twitter_misc":{"Escrito por":"admin","Tiempo de lectura":"1 minuto"},"schema":{"@context":"https:\/\/schema.org","@graph":[{"@type":"Article","@id":"https:\/\/www.eldiariodetucuman.com\/web\/robo-una-moto-en-pleno-centro-pero-fue-atrapado-cuando-escapaba\/#article","isPartOf":{"@id":"https:\/\/www.eldiariodetucuman.com\/web\/robo-una-moto-en-pleno-centro-pero-fue-atrapado-cuando-escapaba\/"},"author":{"name":"admin","@id":"https:\/\/www.eldiariodetucuman.com\/web\/#\/schema\/person\/9250197d75ab5483412e19678b121caa"},"headline":"Rob\u00f3 una moto en pleno centro pero fue atrapado cuando escapaba","datePublished":"2025-10-31T19:55:56+00:00","mainEntityOfPage":{"@id":"https:\/\/www.eldiariodetucuman.com\/web\/robo-una-moto-en-pleno-centro-pero-fue-atrapado-cuando-escapaba\/"},"wordCount":189,"publisher":{"@id":"https:\/\/www.eldiariodetucuman.com\/web\/#organization"},"image":{"@id":"https:\/\/www.eldiariodetucuman.com\/web\/robo-una-moto-en-pleno-centro-pero-fue-atrapado-cuando-escapaba\/#primaryimage"},"thumbnailUrl":"https:\/\/www.eldiariodetucuman.com\/web\/wp-content\/uploads\/2025\/10\/Robo-una-moto-en-pleno-centro-pero-fue-atrapado-cuando.png","articleSection":["Policiales"],"inLanguage":"es"},{"@type":"WebPage","@id":"https:\/\/www.eldiariodetucuman.com\/web\/robo-una-moto-en-pleno-centro-pero-fue-atrapado-cuando-escapaba\/","url":"https:\/\/www.eldiariodetucuman.com\/web\/robo-una-moto-en-pleno-centro-pero-fue-atrapado-cuando-escapaba\/","name":"Rob\u00f3 una moto en pleno centro pero fue atrapado cuando escapaba - El Diario de Tucuman","isPartOf":{"@id":"https:\/\/www.eldiariodetucuman.com\/web\/#website"},"primaryImageOfPage":{"@id":"https:\/\/www.eldiariodetucuman.com\/web\/robo-una-moto-en-pleno-centro-pero-fue-atrapado-cuando-escapaba\/#primaryimage"},"image":{"@id":"https:\/\/www.eldiariodetucuman.com\/web\/robo-una-moto-en-pleno-centro-pero-fue-atrapado-cuando-escapaba\/#primaryimage"},"thumbnailUrl":"https:\/\/www.eldiariodetucuman.com\/web\/wp-content\/uploads\/2025\/10\/Robo-una-moto-en-pleno-centro-pero-fue-atrapado-cuando.png","datePublished":"2025-10-31T19:55:56+00:00","breadcrumb":{"@id":"https:\/\/www.eldiariodetucuman.com\/web\/robo-una-moto-en-pleno-centro-pero-fue-atrapado-cuando-escapaba\/#breadcrumb"},"inLanguage":"es","potentialAction":[{"@type":"ReadAction","target":["https:\/\/www.eldiariodetucuman.com\/web\/robo-una-moto-en-pleno-centro-pero-fue-atrapado-cuando-escapaba\/"]}]},{"@type":"ImageObject","inLanguage":"es","@id":"https:\/\/www.eldiariodetucuman.com\/web\/robo-una-moto-en-pleno-centro-pero-fue-atrapado-cuando-escapaba\/#primaryimage","url":"https:\/\/www.eldiariodetucuman.com\/web\/wp-content\/uploads\/2025\/10\/Robo-una-moto-en-pleno-centro-pero-fue-atrapado-cuando.png","contentUrl":"https:\/\/www.eldiariodetucuman.com\/web\/wp-content\/uploads\/2025\/10\/Robo-una-moto-en-pleno-centro-pero-fue-atrapado-cuando.png","width":1200,"height":675},{"@type":"BreadcrumbList","@id":"https:\/\/www.eldiariodetucuman.com\/web\/robo-una-moto-en-pleno-centro-pero-fue-atrapado-cuando-escapaba\/#breadcrumb","itemListElement":[{"@type":"ListItem","position":1,"name":"Portada","item":"https:\/\/www.eldiariodetucuman.com\/web\/"},{"@type":"ListItem","position":2,"name":"Rob\u00f3 una moto en pleno centro pero fue atrapado cuando escapaba"}]},{"@type":"WebSite","@id":"https:\/\/www.eldiariodetucuman.com\/web\/#website","url":"https:\/\/www.eldiariodetucuman.com\/web\/","name":"El Diario de Tucuman","description":"Diario Tucuman - Informaci\u00f3n y noticias","publisher":{"@id":"https:\/\/www.eldiariodetucuman.com\/web\/#organization"},"potentialAction":[{"@type":"SearchAction","target":{"@type":"EntryPoint","urlTemplate":"https:\/\/www.eldiariodetucuman.com\/web\/?s={search_term_string}"},"query-input":{"@type":"PropertyValueSpecification","valueRequired":true,"valueName":"search_term_string"}}],"inLanguage":"es"},{"@type":"Organization","@id":"https:\/\/www.eldiariodetucuman.com\/web\/#organization","name":"El Diario de Tucuman","url":"https:\/\/www.eldiariodetucuman.com\/web\/","logo":{"@type":"ImageObject","inLanguage":"es","@id":"https:\/\/www.eldiariodetucuman.com\/web\/#\/schema\/logo\/image\/","url":"http:\/\/www.eldiariodetucuman.com\/web\/wp-content\/uploads\/2017\/12\/el-diario-de-tucuman.jpg","contentUrl":"http:\/\/www.eldiariodetucuman.com\/web\/wp-content\/uploads\/2017\/12\/el-diario-de-tucuman.jpg","width":272,"height":92,"caption":"El Diario de Tucuman"},"image":{"@id":"https:\/\/www.eldiariodetucuman.com\/web\/#\/schema\/logo\/image\/"}},{"@type":"Person","@id":"https:\/\/www.eldiariodetucuman.com\/web\/#\/schema\/person\/9250197d75ab5483412e19678b121caa","name":"admin","image":{"@type":"ImageObject","inLanguage":"es","@id":"https:\/\/secure.gravatar.com\/avatar\/c44d117c2be811212c22cb481f6b8384b6873de103fbc49e7a03cc58d7dea4ac?s=96&d=mm&r=g","url":"https:\/\/secure.gravatar.com\/avatar\/c44d117c2be811212c22cb481f6b8384b6873de103fbc49e7a03cc58d7dea4ac?s=96&d=mm&r=g","contentUrl":"https:\/\/secure.gravatar.com\/avatar\/c44d117c2be811212c22cb481f6b8384b6873de103fbc49e7a03cc58d7dea4ac?s=96&d=mm&r=g","caption":"admin"},"url":"https:\/\/www.eldiariodetucuman.com\/web\/author\/admin\/"}]}},"_links":{"self":[{"href":"https:\/\/www.eldiariodetucuman.com\/web\/wp-json\/wp\/v2\/posts\/46082","targetHints":{"allow":["GET"]}}],"collection":[{"href":"https:\/\/www.eldiariodetucuman.com\/web\/wp-json\/wp\/v2\/posts"}],"about":[{"href":"https:\/\/www.eldiariodetucuman.com\/web\/wp-json\/wp\/v2\/types\/post"}],"author":[{"embeddable":true,"href":"https:\/\/www.eldiariodetucuman.com\/web\/wp-json\/wp\/v2\/users\/1"}],"replies":[{"embeddable":true,"href":"https:\/\/www.eldiariodetucuman.com\/web\/wp-json\/wp\/v2\/comments?post=46082"}],"version-history":[{"count":0,"href":"https:\/\/www.eldiariodetucuman.com\/web\/wp-json\/wp\/v2\/posts\/46082\/revisions"}],"wp:featuredmedia":[{"embeddable":true,"href":"https:\/\/www.eldiariodetucuman.com\/web\/wp-json\/wp\/v2\/media\/46083"}],"wp:attachment":[{"href":"https:\/\/www.eldiariodetucuman.com\/web\/wp-json\/wp\/v2\/media?parent=46082"}],"wp:term":[{"taxonomy":"category","embeddable":true,"href":"https:\/\/www.eldiariodetucuman.com\/web\/wp-json\/wp\/v2\/categories?post=46082"},{"taxonomy":"post_tag","embeddable":true,"href":"https:\/\/www.eldiariodetucuman.com\/web\/wp-json\/wp\/v2\/tags?post=46082"}],"curies":[{"name":"wp","href":"https:\/\/api.w.org\/{rel}","templated":true}]}}