{"id":46077,"date":"2025-10-30T18:55:06","date_gmt":"2025-10-30T21:55:06","guid":{"rendered":"https:\/\/www.eldiariodetucuman.com\/web\/jaldo-participa-en-la-reunion-de-gobernadores-convocada-por-el-presidente-javier-milei\/"},"modified":"2025-10-30T18:55:06","modified_gmt":"2025-10-30T21:55:06","slug":"jaldo-participa-en-la-reunion-de-gobernadores-convocada-por-el-presidente-javier-milei","status":"publish","type":"post","link":"https:\/\/www.eldiariodetucuman.com\/web\/jaldo-participa-en-la-reunion-de-gobernadores-convocada-por-el-presidente-javier-milei\/","title":{"rendered":"Jaldo participa en la reuni\u00f3n de gobernadores convocada por el presidente Javier Milei"},"content":{"rendered":"<p><\/p>\n<p id=\"isPasted\">El gobernador <strong>Osvaldo Jaldo <\/strong>participa este jueves por la tarde en la reuni\u00f3n encabezada por el presidente <strong>Javier Milei<\/strong> en la Casa Rosada, junto a un amplio grupo de mandatarios provinciales. El encuentro tiene como eje principal el an\u00e1lisis de las reformas impositiva y laboral que el Gobierno nacional prev\u00e9 impulsar en el Congreso en los pr\u00f3ximos meses.<\/p>\n<p>La convocatoria, realizada tras los \u00faltimos resultados electorales, cuenta con la presencia del jefe de Gabinete, <strong>Guillermo Francos,<\/strong> el ministro de Econom\u00eda, <strong>Luis Caputo,\u00a0<\/strong>la secretaria general,<strong>\u00a0Karina Milei;\u00a0<\/strong>el ministro del Interior, <strong>Lisandro Catal\u00e1n;\u00a0<\/strong>el vocero, <strong>Manuel Adorni;\u00a0<\/strong>y los ministros <strong>Patricia Bullrich<\/strong> (Seguridad),<strong>\u00a0Luis Petri\u00a0<\/strong>(Defensa),<strong>\u00a0Federico Sturzenegger<\/strong> (Desregulaci\u00f3n y Transformaci\u00f3n del Estado)<strong>, Mariano C\u00faneo Libarona\u00a0<\/strong>(Justicia), <strong>Sandra Pettovello<\/strong> (Capital Humano)<strong>\u00a0y Mario Lugones<\/strong> (Salud), <strong>Pablo Quirno<\/strong> (Relaciones Exteriores), y <strong>Mart\u00edn Menem<\/strong> (presidente c\u00e1mara de Diputados).<strong\/>\u00a0<\/p>\n<p>Entre los gobernadores presentes est\u00e1n <strong>Carlos Sadir<\/strong> (Jujuy)<strong>, Jorge Macri<\/strong> (Ciudad de Buenos Aires), <strong>Maximiliano Pullaro<\/strong> (Santa Fe), <strong>Rogelio Frigerio\u00a0<\/strong>(Entre R\u00edos), <strong>Hebe Casado<\/strong> (vice en Mendoza),<strong>\u00a0Ignacio \u201cNacho\u201d Torres<\/strong> (Chubut)<strong>, Ra\u00fal Jalil\u00a0<\/strong>(Catamarca) <strong>Osvaldo Jaldo\u00a0<\/strong>(Tucum\u00e1n), <strong>Hugo Passalacqua\u00a0<\/strong>(Misiones), <strong>Zulema Reina\u00a0<\/strong>(vice en Neuqu\u00e9n) y <strong>Claudio Poggi (<\/strong>San Luis),<strong>\u00a0Alberto Weretilneck<\/strong> (R\u00edo Negro)<strong>, Gustavo S\u00e1enz<\/strong> (Salta),<strong>\u00a0Marcelo Orrego<\/strong> (San Juan) y <strong>Leandro Zdero<\/strong> (Chaco), <strong>Mart\u00edn Llaryora\u00a0<\/strong>(C\u00f3rdoba)<strong>, Gustavo Vald\u00e9s<\/strong> (Corrientes),<strong>\u00a0Gerardo Zamora<\/strong> (Santiago del Estero), <strong>Sergio Ziliotto\u00a0<\/strong>(La Pampa), <strong>Claudio Vidal<\/strong> (Santa Cruz).<\/p>\n<p>Fuente: <a href=\"https:\/\/www.comunicaciontucuman.gob.ar\/noticia\/gobernacion\/237787\/jaldo-participa-reunion-gobernadores-convocada-presidente-javier-milei\"> Fuente de la nota <\/a><\/p>\n","protected":false},"excerpt":{"rendered":"<p>El gobernador Osvaldo Jaldo participa este jueves por la tarde en la reuni\u00f3n encabezada por el presidente Javier Milei en la Casa Rosada, junto a un amplio grupo de mandatarios provinciales. El encuentro tiene como eje principal el an\u00e1lisis de las reformas impositiva y laboral que el Gobierno nacional prev\u00e9 impulsar en el Congreso en [&hellip;]<\/p>\n","protected":false},"author":1,"featured_media":46078,"comment_status":"closed","ping_status":"open","sticky":false,"template":"","format":"standard","meta":{"footnotes":""},"categories":[3],"tags":[],"class_list":{"0":"post-46077","1":"post","2":"type-post","3":"status-publish","4":"format-standard","5":"has-post-thumbnail","7":"category-politica"},"yoast_head":"<!-- This site is optimized with the Yoast SEO plugin v27.4 - https:\/\/yoast.com\/product\/yoast-seo-wordpress\/ -->\n<title>Jaldo participa en la reuni\u00f3n de gobernadores convocada por el presidente Javier Milei - El Diario de Tucuman<\/title>\n<meta name=\"robots\" content=\"index, follow, max-snippet:-1, max-image-preview:large, max-video-preview:-1\" \/>\n<link rel=\"canonical\" href=\"https:\/\/www.eldiariodetucuman.com\/web\/jaldo-participa-en-la-reunion-de-gobernadores-convocada-por-el-presidente-javier-milei\/\" \/>\n<meta property=\"og:locale\" content=\"es_ES\" \/>\n<meta property=\"og:type\" content=\"article\" \/>\n<meta property=\"og:title\" content=\"Jaldo participa en la reuni\u00f3n de gobernadores convocada por el presidente Javier Milei - El Diario de Tucuman\" \/>\n<meta property=\"og:description\" content=\"El gobernador Osvaldo Jaldo participa este jueves por la tarde en la reuni\u00f3n encabezada por el presidente Javier Milei en la Casa Rosada, junto a un amplio grupo de mandatarios provinciales. El encuentro tiene como eje principal el an\u00e1lisis de las reformas impositiva y laboral que el Gobierno nacional prev\u00e9 impulsar en el Congreso en [&hellip;]\" \/>\n<meta property=\"og:url\" content=\"https:\/\/www.eldiariodetucuman.com\/web\/jaldo-participa-en-la-reunion-de-gobernadores-convocada-por-el-presidente-javier-milei\/\" \/>\n<meta property=\"og:site_name\" content=\"El Diario de Tucuman\" \/>\n<meta property=\"article:published_time\" content=\"2025-10-30T21:55:06+00:00\" \/>\n<meta name=\"author\" content=\"admin\" \/>\n<meta name=\"twitter:card\" content=\"summary_large_image\" \/>\n<meta name=\"twitter:label1\" content=\"Escrito por\" \/>\n\t<meta name=\"twitter:data1\" content=\"admin\" \/>\n\t<meta name=\"twitter:label2\" content=\"Tiempo de lectura\" \/>\n\t<meta name=\"twitter:data2\" content=\"1 minuto\" \/>\n<script type=\"application\/ld+json\" class=\"yoast-schema-graph\">{\"@context\":\"https:\\\/\\\/schema.org\",\"@graph\":[{\"@type\":\"Article\",\"@id\":\"https:\\\/\\\/www.eldiariodetucuman.com\\\/web\\\/jaldo-participa-en-la-reunion-de-gobernadores-convocada-por-el-presidente-javier-milei\\\/#article\",\"isPartOf\":{\"@id\":\"https:\\\/\\\/www.eldiariodetucuman.com\\\/web\\\/jaldo-participa-en-la-reunion-de-gobernadores-convocada-por-el-presidente-javier-milei\\\/\"},\"author\":{\"name\":\"admin\",\"@id\":\"https:\\\/\\\/www.eldiariodetucuman.com\\\/web\\\/#\\\/schema\\\/person\\\/9250197d75ab5483412e19678b121caa\"},\"headline\":\"Jaldo participa en la reuni\u00f3n de gobernadores convocada por el presidente Javier Milei\",\"datePublished\":\"2025-10-30T21:55:06+00:00\",\"mainEntityOfPage\":{\"@id\":\"https:\\\/\\\/www.eldiariodetucuman.com\\\/web\\\/jaldo-participa-en-la-reunion-de-gobernadores-convocada-por-el-presidente-javier-milei\\\/\"},\"wordCount\":259,\"publisher\":{\"@id\":\"https:\\\/\\\/www.eldiariodetucuman.com\\\/web\\\/#organization\"},\"image\":{\"@id\":\"https:\\\/\\\/www.eldiariodetucuman.com\\\/web\\\/jaldo-participa-en-la-reunion-de-gobernadores-convocada-por-el-presidente-javier-milei\\\/#primaryimage\"},\"thumbnailUrl\":\"https:\\\/\\\/www.eldiariodetucuman.com\\\/web\\\/wp-content\\\/uploads\\\/2025\\\/10\\\/Jaldo-participa-en-la-reunion-de-gobernadores-convocada-por-el.jpg\",\"articleSection\":[\"Politica\"],\"inLanguage\":\"es\"},{\"@type\":\"WebPage\",\"@id\":\"https:\\\/\\\/www.eldiariodetucuman.com\\\/web\\\/jaldo-participa-en-la-reunion-de-gobernadores-convocada-por-el-presidente-javier-milei\\\/\",\"url\":\"https:\\\/\\\/www.eldiariodetucuman.com\\\/web\\\/jaldo-participa-en-la-reunion-de-gobernadores-convocada-por-el-presidente-javier-milei\\\/\",\"name\":\"Jaldo participa en la reuni\u00f3n de gobernadores convocada por el presidente Javier Milei - El Diario de Tucuman\",\"isPartOf\":{\"@id\":\"https:\\\/\\\/www.eldiariodetucuman.com\\\/web\\\/#website\"},\"primaryImageOfPage\":{\"@id\":\"https:\\\/\\\/www.eldiariodetucuman.com\\\/web\\\/jaldo-participa-en-la-reunion-de-gobernadores-convocada-por-el-presidente-javier-milei\\\/#primaryimage\"},\"image\":{\"@id\":\"https:\\\/\\\/www.eldiariodetucuman.com\\\/web\\\/jaldo-participa-en-la-reunion-de-gobernadores-convocada-por-el-presidente-javier-milei\\\/#primaryimage\"},\"thumbnailUrl\":\"https:\\\/\\\/www.eldiariodetucuman.com\\\/web\\\/wp-content\\\/uploads\\\/2025\\\/10\\\/Jaldo-participa-en-la-reunion-de-gobernadores-convocada-por-el.jpg\",\"datePublished\":\"2025-10-30T21:55:06+00:00\",\"breadcrumb\":{\"@id\":\"https:\\\/\\\/www.eldiariodetucuman.com\\\/web\\\/jaldo-participa-en-la-reunion-de-gobernadores-convocada-por-el-presidente-javier-milei\\\/#breadcrumb\"},\"inLanguage\":\"es\",\"potentialAction\":[{\"@type\":\"ReadAction\",\"target\":[\"https:\\\/\\\/www.eldiariodetucuman.com\\\/web\\\/jaldo-participa-en-la-reunion-de-gobernadores-convocada-por-el-presidente-javier-milei\\\/\"]}]},{\"@type\":\"ImageObject\",\"inLanguage\":\"es\",\"@id\":\"https:\\\/\\\/www.eldiariodetucuman.com\\\/web\\\/jaldo-participa-en-la-reunion-de-gobernadores-convocada-por-el-presidente-javier-milei\\\/#primaryimage\",\"url\":\"https:\\\/\\\/www.eldiariodetucuman.com\\\/web\\\/wp-content\\\/uploads\\\/2025\\\/10\\\/Jaldo-participa-en-la-reunion-de-gobernadores-convocada-por-el.jpg\",\"contentUrl\":\"https:\\\/\\\/www.eldiariodetucuman.com\\\/web\\\/wp-content\\\/uploads\\\/2025\\\/10\\\/Jaldo-participa-en-la-reunion-de-gobernadores-convocada-por-el.jpg\",\"width\":818,\"height\":460},{\"@type\":\"BreadcrumbList\",\"@id\":\"https:\\\/\\\/www.eldiariodetucuman.com\\\/web\\\/jaldo-participa-en-la-reunion-de-gobernadores-convocada-por-el-presidente-javier-milei\\\/#breadcrumb\",\"itemListElement\":[{\"@type\":\"ListItem\",\"position\":1,\"name\":\"Portada\",\"item\":\"https:\\\/\\\/www.eldiariodetucuman.com\\\/web\\\/\"},{\"@type\":\"ListItem\",\"position\":2,\"name\":\"Jaldo participa en la reuni\u00f3n de gobernadores convocada por el presidente Javier Milei\"}]},{\"@type\":\"WebSite\",\"@id\":\"https:\\\/\\\/www.eldiariodetucuman.com\\\/web\\\/#website\",\"url\":\"https:\\\/\\\/www.eldiariodetucuman.com\\\/web\\\/\",\"name\":\"El Diario de Tucuman\",\"description\":\"Diario Tucuman - Informaci\u00f3n y noticias\",\"publisher\":{\"@id\":\"https:\\\/\\\/www.eldiariodetucuman.com\\\/web\\\/#organization\"},\"potentialAction\":[{\"@type\":\"SearchAction\",\"target\":{\"@type\":\"EntryPoint\",\"urlTemplate\":\"https:\\\/\\\/www.eldiariodetucuman.com\\\/web\\\/?s={search_term_string}\"},\"query-input\":{\"@type\":\"PropertyValueSpecification\",\"valueRequired\":true,\"valueName\":\"search_term_string\"}}],\"inLanguage\":\"es\"},{\"@type\":\"Organization\",\"@id\":\"https:\\\/\\\/www.eldiariodetucuman.com\\\/web\\\/#organization\",\"name\":\"El Diario de Tucuman\",\"url\":\"https:\\\/\\\/www.eldiariodetucuman.com\\\/web\\\/\",\"logo\":{\"@type\":\"ImageObject\",\"inLanguage\":\"es\",\"@id\":\"https:\\\/\\\/www.eldiariodetucuman.com\\\/web\\\/#\\\/schema\\\/logo\\\/image\\\/\",\"url\":\"http:\\\/\\\/www.eldiariodetucuman.com\\\/web\\\/wp-content\\\/uploads\\\/2017\\\/12\\\/el-diario-de-tucuman.jpg\",\"contentUrl\":\"http:\\\/\\\/www.eldiariodetucuman.com\\\/web\\\/wp-content\\\/uploads\\\/2017\\\/12\\\/el-diario-de-tucuman.jpg\",\"width\":272,\"height\":92,\"caption\":\"El Diario de Tucuman\"},\"image\":{\"@id\":\"https:\\\/\\\/www.eldiariodetucuman.com\\\/web\\\/#\\\/schema\\\/logo\\\/image\\\/\"}},{\"@type\":\"Person\",\"@id\":\"https:\\\/\\\/www.eldiariodetucuman.com\\\/web\\\/#\\\/schema\\\/person\\\/9250197d75ab5483412e19678b121caa\",\"name\":\"admin\",\"image\":{\"@type\":\"ImageObject\",\"inLanguage\":\"es\",\"@id\":\"https:\\\/\\\/secure.gravatar.com\\\/avatar\\\/c44d117c2be811212c22cb481f6b8384b6873de103fbc49e7a03cc58d7dea4ac?s=96&d=mm&r=g\",\"url\":\"https:\\\/\\\/secure.gravatar.com\\\/avatar\\\/c44d117c2be811212c22cb481f6b8384b6873de103fbc49e7a03cc58d7dea4ac?s=96&d=mm&r=g\",\"contentUrl\":\"https:\\\/\\\/secure.gravatar.com\\\/avatar\\\/c44d117c2be811212c22cb481f6b8384b6873de103fbc49e7a03cc58d7dea4ac?s=96&d=mm&r=g\",\"caption\":\"admin\"},\"url\":\"https:\\\/\\\/www.eldiariodetucuman.com\\\/web\\\/author\\\/admin\\\/\"}]}<\/script>\n<!-- \/ Yoast SEO plugin. -->","yoast_head_json":{"title":"Jaldo participa en la reuni\u00f3n de gobernadores convocada por el presidente Javier Milei - El Diario de Tucuman","robots":{"index":"index","follow":"follow","max-snippet":"max-snippet:-1","max-image-preview":"max-image-preview:large","max-video-preview":"max-video-preview:-1"},"canonical":"https:\/\/www.eldiariodetucuman.com\/web\/jaldo-participa-en-la-reunion-de-gobernadores-convocada-por-el-presidente-javier-milei\/","og_locale":"es_ES","og_type":"article","og_title":"Jaldo participa en la reuni\u00f3n de gobernadores convocada por el presidente Javier Milei - El Diario de Tucuman","og_description":"El gobernador Osvaldo Jaldo participa este jueves por la tarde en la reuni\u00f3n encabezada por el presidente Javier Milei en la Casa Rosada, junto a un amplio grupo de mandatarios provinciales. El encuentro tiene como eje principal el an\u00e1lisis de las reformas impositiva y laboral que el Gobierno nacional prev\u00e9 impulsar en el Congreso en [&hellip;]","og_url":"https:\/\/www.eldiariodetucuman.com\/web\/jaldo-participa-en-la-reunion-de-gobernadores-convocada-por-el-presidente-javier-milei\/","og_site_name":"El Diario de Tucuman","article_published_time":"2025-10-30T21:55:06+00:00","author":"admin","twitter_card":"summary_large_image","twitter_misc":{"Escrito por":"admin","Tiempo de lectura":"1 minuto"},"schema":{"@context":"https:\/\/schema.org","@graph":[{"@type":"Article","@id":"https:\/\/www.eldiariodetucuman.com\/web\/jaldo-participa-en-la-reunion-de-gobernadores-convocada-por-el-presidente-javier-milei\/#article","isPartOf":{"@id":"https:\/\/www.eldiariodetucuman.com\/web\/jaldo-participa-en-la-reunion-de-gobernadores-convocada-por-el-presidente-javier-milei\/"},"author":{"name":"admin","@id":"https:\/\/www.eldiariodetucuman.com\/web\/#\/schema\/person\/9250197d75ab5483412e19678b121caa"},"headline":"Jaldo participa en la reuni\u00f3n de gobernadores convocada por el presidente Javier Milei","datePublished":"2025-10-30T21:55:06+00:00","mainEntityOfPage":{"@id":"https:\/\/www.eldiariodetucuman.com\/web\/jaldo-participa-en-la-reunion-de-gobernadores-convocada-por-el-presidente-javier-milei\/"},"wordCount":259,"publisher":{"@id":"https:\/\/www.eldiariodetucuman.com\/web\/#organization"},"image":{"@id":"https:\/\/www.eldiariodetucuman.com\/web\/jaldo-participa-en-la-reunion-de-gobernadores-convocada-por-el-presidente-javier-milei\/#primaryimage"},"thumbnailUrl":"https:\/\/www.eldiariodetucuman.com\/web\/wp-content\/uploads\/2025\/10\/Jaldo-participa-en-la-reunion-de-gobernadores-convocada-por-el.jpg","articleSection":["Politica"],"inLanguage":"es"},{"@type":"WebPage","@id":"https:\/\/www.eldiariodetucuman.com\/web\/jaldo-participa-en-la-reunion-de-gobernadores-convocada-por-el-presidente-javier-milei\/","url":"https:\/\/www.eldiariodetucuman.com\/web\/jaldo-participa-en-la-reunion-de-gobernadores-convocada-por-el-presidente-javier-milei\/","name":"Jaldo participa en la reuni\u00f3n de gobernadores convocada por el presidente Javier Milei - El Diario de Tucuman","isPartOf":{"@id":"https:\/\/www.eldiariodetucuman.com\/web\/#website"},"primaryImageOfPage":{"@id":"https:\/\/www.eldiariodetucuman.com\/web\/jaldo-participa-en-la-reunion-de-gobernadores-convocada-por-el-presidente-javier-milei\/#primaryimage"},"image":{"@id":"https:\/\/www.eldiariodetucuman.com\/web\/jaldo-participa-en-la-reunion-de-gobernadores-convocada-por-el-presidente-javier-milei\/#primaryimage"},"thumbnailUrl":"https:\/\/www.eldiariodetucuman.com\/web\/wp-content\/uploads\/2025\/10\/Jaldo-participa-en-la-reunion-de-gobernadores-convocada-por-el.jpg","datePublished":"2025-10-30T21:55:06+00:00","breadcrumb":{"@id":"https:\/\/www.eldiariodetucuman.com\/web\/jaldo-participa-en-la-reunion-de-gobernadores-convocada-por-el-presidente-javier-milei\/#breadcrumb"},"inLanguage":"es","potentialAction":[{"@type":"ReadAction","target":["https:\/\/www.eldiariodetucuman.com\/web\/jaldo-participa-en-la-reunion-de-gobernadores-convocada-por-el-presidente-javier-milei\/"]}]},{"@type":"ImageObject","inLanguage":"es","@id":"https:\/\/www.eldiariodetucuman.com\/web\/jaldo-participa-en-la-reunion-de-gobernadores-convocada-por-el-presidente-javier-milei\/#primaryimage","url":"https:\/\/www.eldiariodetucuman.com\/web\/wp-content\/uploads\/2025\/10\/Jaldo-participa-en-la-reunion-de-gobernadores-convocada-por-el.jpg","contentUrl":"https:\/\/www.eldiariodetucuman.com\/web\/wp-content\/uploads\/2025\/10\/Jaldo-participa-en-la-reunion-de-gobernadores-convocada-por-el.jpg","width":818,"height":460},{"@type":"BreadcrumbList","@id":"https:\/\/www.eldiariodetucuman.com\/web\/jaldo-participa-en-la-reunion-de-gobernadores-convocada-por-el-presidente-javier-milei\/#breadcrumb","itemListElement":[{"@type":"ListItem","position":1,"name":"Portada","item":"https:\/\/www.eldiariodetucuman.com\/web\/"},{"@type":"ListItem","position":2,"name":"Jaldo participa en la reuni\u00f3n de gobernadores convocada por el presidente Javier Milei"}]},{"@type":"WebSite","@id":"https:\/\/www.eldiariodetucuman.com\/web\/#website","url":"https:\/\/www.eldiariodetucuman.com\/web\/","name":"El Diario de Tucuman","description":"Diario Tucuman - Informaci\u00f3n y noticias","publisher":{"@id":"https:\/\/www.eldiariodetucuman.com\/web\/#organization"},"potentialAction":[{"@type":"SearchAction","target":{"@type":"EntryPoint","urlTemplate":"https:\/\/www.eldiariodetucuman.com\/web\/?s={search_term_string}"},"query-input":{"@type":"PropertyValueSpecification","valueRequired":true,"valueName":"search_term_string"}}],"inLanguage":"es"},{"@type":"Organization","@id":"https:\/\/www.eldiariodetucuman.com\/web\/#organization","name":"El Diario de Tucuman","url":"https:\/\/www.eldiariodetucuman.com\/web\/","logo":{"@type":"ImageObject","inLanguage":"es","@id":"https:\/\/www.eldiariodetucuman.com\/web\/#\/schema\/logo\/image\/","url":"http:\/\/www.eldiariodetucuman.com\/web\/wp-content\/uploads\/2017\/12\/el-diario-de-tucuman.jpg","contentUrl":"http:\/\/www.eldiariodetucuman.com\/web\/wp-content\/uploads\/2017\/12\/el-diario-de-tucuman.jpg","width":272,"height":92,"caption":"El Diario de Tucuman"},"image":{"@id":"https:\/\/www.eldiariodetucuman.com\/web\/#\/schema\/logo\/image\/"}},{"@type":"Person","@id":"https:\/\/www.eldiariodetucuman.com\/web\/#\/schema\/person\/9250197d75ab5483412e19678b121caa","name":"admin","image":{"@type":"ImageObject","inLanguage":"es","@id":"https:\/\/secure.gravatar.com\/avatar\/c44d117c2be811212c22cb481f6b8384b6873de103fbc49e7a03cc58d7dea4ac?s=96&d=mm&r=g","url":"https:\/\/secure.gravatar.com\/avatar\/c44d117c2be811212c22cb481f6b8384b6873de103fbc49e7a03cc58d7dea4ac?s=96&d=mm&r=g","contentUrl":"https:\/\/secure.gravatar.com\/avatar\/c44d117c2be811212c22cb481f6b8384b6873de103fbc49e7a03cc58d7dea4ac?s=96&d=mm&r=g","caption":"admin"},"url":"https:\/\/www.eldiariodetucuman.com\/web\/author\/admin\/"}]}},"_links":{"self":[{"href":"https:\/\/www.eldiariodetucuman.com\/web\/wp-json\/wp\/v2\/posts\/46077","targetHints":{"allow":["GET"]}}],"collection":[{"href":"https:\/\/www.eldiariodetucuman.com\/web\/wp-json\/wp\/v2\/posts"}],"about":[{"href":"https:\/\/www.eldiariodetucuman.com\/web\/wp-json\/wp\/v2\/types\/post"}],"author":[{"embeddable":true,"href":"https:\/\/www.eldiariodetucuman.com\/web\/wp-json\/wp\/v2\/users\/1"}],"replies":[{"embeddable":true,"href":"https:\/\/www.eldiariodetucuman.com\/web\/wp-json\/wp\/v2\/comments?post=46077"}],"version-history":[{"count":0,"href":"https:\/\/www.eldiariodetucuman.com\/web\/wp-json\/wp\/v2\/posts\/46077\/revisions"}],"wp:featuredmedia":[{"embeddable":true,"href":"https:\/\/www.eldiariodetucuman.com\/web\/wp-json\/wp\/v2\/media\/46078"}],"wp:attachment":[{"href":"https:\/\/www.eldiariodetucuman.com\/web\/wp-json\/wp\/v2\/media?parent=46077"}],"wp:term":[{"taxonomy":"category","embeddable":true,"href":"https:\/\/www.eldiariodetucuman.com\/web\/wp-json\/wp\/v2\/categories?post=46077"},{"taxonomy":"post_tag","embeddable":true,"href":"https:\/\/www.eldiariodetucuman.com\/web\/wp-json\/wp\/v2\/tags?post=46077"}],"curies":[{"name":"wp","href":"https:\/\/api.w.org\/{rel}","templated":true}]}}