{"id":46075,"date":"2025-10-30T18:50:12","date_gmt":"2025-10-30T21:50:12","guid":{"rendered":"https:\/\/www.eldiariodetucuman.com\/web\/el-mensaje-de-franco-colapinto-a-maradona-por-su-cumpleanos\/"},"modified":"2025-10-30T18:50:12","modified_gmt":"2025-10-30T21:50:12","slug":"el-mensaje-de-franco-colapinto-a-maradona-por-su-cumpleanos","status":"publish","type":"post","link":"https:\/\/www.eldiariodetucuman.com\/web\/el-mensaje-de-franco-colapinto-a-maradona-por-su-cumpleanos\/","title":{"rendered":"El mensaje de Franco Colapinto a Maradona por su cumplea\u00f1os"},"content":{"rendered":"<p>    <\/p>\n<p>El saludo tuvo lugar a trav\u00e9s de una historia de Instagram, donde el texto estuvo acompa\u00f1ado de aquella famosa entrada en calor del 10 que. El marco de aquella escena era la previa de la semifinal entre N\u00e1poli y Bayern Munich por la Copa UEFA de 1989.<\/p>\n<p> 17618576990266812287187958936825   <\/p>\n<p><strong>As\u00ed se dio la entrada en calor m\u00e1s recordada en la historia<\/strong><\/p>\n<p>Los italianos visitaban Alemania con una ventaja de 2 a 0 conseguida en la ida. Sin embargo, la vuelta qued\u00f3 en segundo plano por el show de Maradona, ya campe\u00f3n del mundo. Con sus botines negros, empez\u00f3 a bailar con la pelota y el tema Live Is Life (Opus) de fondo, sellando una de las im\u00e1genes deportivas m\u00e1s memorables de la historia. En YouTube, est\u00e1n los cuatro minutos que dur\u00f3 aquel momento y cuenta con 20 millones de reproducciones, el quintuple de las que tiene el compacto del encuentro que termin\u00f3 2 a 2.<\/p>\n<p>El gesto de Colapinto no pas\u00f3 inadvertido en las redes y fue compartido no s\u00f3lo por el mensaje en s\u00ed, sino tambi\u00e9n como una muestra m\u00e1s de c\u00f3mo el legado del Diego trasciende generaciones y disciplinas. El piloto de 21 a\u00f1os demostr\u00f3 que hay \u00eddolos que siguen marcando el camino con su pasi\u00f3n. Porque hablar de \u00e9l, que conquist\u00f3 el mundo desde Villa Fiorito, siempre es hablar de identidad y de una forma nacional de entender la gloria.<\/p>\n<p>  <strong> FUENTE:<\/strong> Ol\u00e9<br \/>\n<br \/>Fuente: <a href=\"https:\/\/www.lv12.com.ar\/franco-colapinto\/el-mensaje-franco-colapinto-maradona-su-cumpleanos-n188268\"> Fuente de la nota <\/a><\/p>\n","protected":false},"excerpt":{"rendered":"<p>El saludo tuvo lugar a trav\u00e9s de una historia de Instagram, donde el texto estuvo acompa\u00f1ado de aquella famosa entrada en calor del 10 que. El marco de aquella escena era la previa de la semifinal entre N\u00e1poli y Bayern Munich por la Copa UEFA de 1989. 17618576990266812287187958936825 As\u00ed se dio la entrada en calor [&hellip;]<\/p>\n","protected":false},"author":1,"featured_media":46076,"comment_status":"closed","ping_status":"open","sticky":false,"template":"","format":"standard","meta":{"footnotes":""},"categories":[6],"tags":[],"class_list":{"0":"post-46075","1":"post","2":"type-post","3":"status-publish","4":"format-standard","5":"has-post-thumbnail","7":"category-deporte"},"yoast_head":"<!-- This site is optimized with the Yoast SEO plugin v27.4 - https:\/\/yoast.com\/product\/yoast-seo-wordpress\/ -->\n<title>El mensaje de Franco Colapinto a Maradona por su cumplea\u00f1os - El Diario de Tucuman<\/title>\n<meta name=\"robots\" content=\"index, follow, max-snippet:-1, max-image-preview:large, max-video-preview:-1\" \/>\n<link rel=\"canonical\" href=\"https:\/\/www.eldiariodetucuman.com\/web\/el-mensaje-de-franco-colapinto-a-maradona-por-su-cumpleanos\/\" \/>\n<meta property=\"og:locale\" content=\"es_ES\" \/>\n<meta property=\"og:type\" content=\"article\" \/>\n<meta property=\"og:title\" content=\"El mensaje de Franco Colapinto a Maradona por su cumplea\u00f1os - El Diario de Tucuman\" \/>\n<meta property=\"og:description\" content=\"El saludo tuvo lugar a trav\u00e9s de una historia de Instagram, donde el texto estuvo acompa\u00f1ado de aquella famosa entrada en calor del 10 que. El marco de aquella escena era la previa de la semifinal entre N\u00e1poli y Bayern Munich por la Copa UEFA de 1989. 17618576990266812287187958936825 As\u00ed se dio la entrada en calor [&hellip;]\" \/>\n<meta property=\"og:url\" content=\"https:\/\/www.eldiariodetucuman.com\/web\/el-mensaje-de-franco-colapinto-a-maradona-por-su-cumpleanos\/\" \/>\n<meta property=\"og:site_name\" content=\"El Diario de Tucuman\" \/>\n<meta property=\"article:published_time\" content=\"2025-10-30T21:50:12+00:00\" \/>\n<meta name=\"author\" content=\"admin\" \/>\n<meta name=\"twitter:card\" content=\"summary_large_image\" \/>\n<meta name=\"twitter:label1\" content=\"Escrito por\" \/>\n\t<meta name=\"twitter:data1\" content=\"admin\" \/>\n\t<meta name=\"twitter:label2\" content=\"Tiempo de lectura\" \/>\n\t<meta name=\"twitter:data2\" content=\"1 minuto\" \/>\n<script type=\"application\/ld+json\" class=\"yoast-schema-graph\">{\"@context\":\"https:\\\/\\\/schema.org\",\"@graph\":[{\"@type\":\"Article\",\"@id\":\"https:\\\/\\\/www.eldiariodetucuman.com\\\/web\\\/el-mensaje-de-franco-colapinto-a-maradona-por-su-cumpleanos\\\/#article\",\"isPartOf\":{\"@id\":\"https:\\\/\\\/www.eldiariodetucuman.com\\\/web\\\/el-mensaje-de-franco-colapinto-a-maradona-por-su-cumpleanos\\\/\"},\"author\":{\"name\":\"admin\",\"@id\":\"https:\\\/\\\/www.eldiariodetucuman.com\\\/web\\\/#\\\/schema\\\/person\\\/9250197d75ab5483412e19678b121caa\"},\"headline\":\"El mensaje de Franco Colapinto a Maradona por su cumplea\u00f1os\",\"datePublished\":\"2025-10-30T21:50:12+00:00\",\"mainEntityOfPage\":{\"@id\":\"https:\\\/\\\/www.eldiariodetucuman.com\\\/web\\\/el-mensaje-de-franco-colapinto-a-maradona-por-su-cumpleanos\\\/\"},\"wordCount\":255,\"publisher\":{\"@id\":\"https:\\\/\\\/www.eldiariodetucuman.com\\\/web\\\/#organization\"},\"image\":{\"@id\":\"https:\\\/\\\/www.eldiariodetucuman.com\\\/web\\\/el-mensaje-de-franco-colapinto-a-maradona-por-su-cumpleanos\\\/#primaryimage\"},\"thumbnailUrl\":\"https:\\\/\\\/www.eldiariodetucuman.com\\\/web\\\/wp-content\\\/uploads\\\/2025\\\/10\\\/El-mensaje-de-Franco-Colapinto-a-Maradona-por-su-cumpleanos.jpg\",\"articleSection\":[\"Deporte\"],\"inLanguage\":\"es\"},{\"@type\":\"WebPage\",\"@id\":\"https:\\\/\\\/www.eldiariodetucuman.com\\\/web\\\/el-mensaje-de-franco-colapinto-a-maradona-por-su-cumpleanos\\\/\",\"url\":\"https:\\\/\\\/www.eldiariodetucuman.com\\\/web\\\/el-mensaje-de-franco-colapinto-a-maradona-por-su-cumpleanos\\\/\",\"name\":\"El mensaje de Franco Colapinto a Maradona por su cumplea\u00f1os - El Diario de Tucuman\",\"isPartOf\":{\"@id\":\"https:\\\/\\\/www.eldiariodetucuman.com\\\/web\\\/#website\"},\"primaryImageOfPage\":{\"@id\":\"https:\\\/\\\/www.eldiariodetucuman.com\\\/web\\\/el-mensaje-de-franco-colapinto-a-maradona-por-su-cumpleanos\\\/#primaryimage\"},\"image\":{\"@id\":\"https:\\\/\\\/www.eldiariodetucuman.com\\\/web\\\/el-mensaje-de-franco-colapinto-a-maradona-por-su-cumpleanos\\\/#primaryimage\"},\"thumbnailUrl\":\"https:\\\/\\\/www.eldiariodetucuman.com\\\/web\\\/wp-content\\\/uploads\\\/2025\\\/10\\\/El-mensaje-de-Franco-Colapinto-a-Maradona-por-su-cumpleanos.jpg\",\"datePublished\":\"2025-10-30T21:50:12+00:00\",\"breadcrumb\":{\"@id\":\"https:\\\/\\\/www.eldiariodetucuman.com\\\/web\\\/el-mensaje-de-franco-colapinto-a-maradona-por-su-cumpleanos\\\/#breadcrumb\"},\"inLanguage\":\"es\",\"potentialAction\":[{\"@type\":\"ReadAction\",\"target\":[\"https:\\\/\\\/www.eldiariodetucuman.com\\\/web\\\/el-mensaje-de-franco-colapinto-a-maradona-por-su-cumpleanos\\\/\"]}]},{\"@type\":\"ImageObject\",\"inLanguage\":\"es\",\"@id\":\"https:\\\/\\\/www.eldiariodetucuman.com\\\/web\\\/el-mensaje-de-franco-colapinto-a-maradona-por-su-cumpleanos\\\/#primaryimage\",\"url\":\"https:\\\/\\\/www.eldiariodetucuman.com\\\/web\\\/wp-content\\\/uploads\\\/2025\\\/10\\\/El-mensaje-de-Franco-Colapinto-a-Maradona-por-su-cumpleanos.jpg\",\"contentUrl\":\"https:\\\/\\\/www.eldiariodetucuman.com\\\/web\\\/wp-content\\\/uploads\\\/2025\\\/10\\\/El-mensaje-de-Franco-Colapinto-a-Maradona-por-su-cumpleanos.jpg\",\"width\":1200,\"height\":675},{\"@type\":\"BreadcrumbList\",\"@id\":\"https:\\\/\\\/www.eldiariodetucuman.com\\\/web\\\/el-mensaje-de-franco-colapinto-a-maradona-por-su-cumpleanos\\\/#breadcrumb\",\"itemListElement\":[{\"@type\":\"ListItem\",\"position\":1,\"name\":\"Portada\",\"item\":\"https:\\\/\\\/www.eldiariodetucuman.com\\\/web\\\/\"},{\"@type\":\"ListItem\",\"position\":2,\"name\":\"El mensaje de Franco Colapinto a Maradona por su cumplea\u00f1os\"}]},{\"@type\":\"WebSite\",\"@id\":\"https:\\\/\\\/www.eldiariodetucuman.com\\\/web\\\/#website\",\"url\":\"https:\\\/\\\/www.eldiariodetucuman.com\\\/web\\\/\",\"name\":\"El Diario de Tucuman\",\"description\":\"Diario Tucuman - Informaci\u00f3n y noticias\",\"publisher\":{\"@id\":\"https:\\\/\\\/www.eldiariodetucuman.com\\\/web\\\/#organization\"},\"potentialAction\":[{\"@type\":\"SearchAction\",\"target\":{\"@type\":\"EntryPoint\",\"urlTemplate\":\"https:\\\/\\\/www.eldiariodetucuman.com\\\/web\\\/?s={search_term_string}\"},\"query-input\":{\"@type\":\"PropertyValueSpecification\",\"valueRequired\":true,\"valueName\":\"search_term_string\"}}],\"inLanguage\":\"es\"},{\"@type\":\"Organization\",\"@id\":\"https:\\\/\\\/www.eldiariodetucuman.com\\\/web\\\/#organization\",\"name\":\"El Diario de Tucuman\",\"url\":\"https:\\\/\\\/www.eldiariodetucuman.com\\\/web\\\/\",\"logo\":{\"@type\":\"ImageObject\",\"inLanguage\":\"es\",\"@id\":\"https:\\\/\\\/www.eldiariodetucuman.com\\\/web\\\/#\\\/schema\\\/logo\\\/image\\\/\",\"url\":\"http:\\\/\\\/www.eldiariodetucuman.com\\\/web\\\/wp-content\\\/uploads\\\/2017\\\/12\\\/el-diario-de-tucuman.jpg\",\"contentUrl\":\"http:\\\/\\\/www.eldiariodetucuman.com\\\/web\\\/wp-content\\\/uploads\\\/2017\\\/12\\\/el-diario-de-tucuman.jpg\",\"width\":272,\"height\":92,\"caption\":\"El Diario de Tucuman\"},\"image\":{\"@id\":\"https:\\\/\\\/www.eldiariodetucuman.com\\\/web\\\/#\\\/schema\\\/logo\\\/image\\\/\"}},{\"@type\":\"Person\",\"@id\":\"https:\\\/\\\/www.eldiariodetucuman.com\\\/web\\\/#\\\/schema\\\/person\\\/9250197d75ab5483412e19678b121caa\",\"name\":\"admin\",\"image\":{\"@type\":\"ImageObject\",\"inLanguage\":\"es\",\"@id\":\"https:\\\/\\\/secure.gravatar.com\\\/avatar\\\/c44d117c2be811212c22cb481f6b8384b6873de103fbc49e7a03cc58d7dea4ac?s=96&d=mm&r=g\",\"url\":\"https:\\\/\\\/secure.gravatar.com\\\/avatar\\\/c44d117c2be811212c22cb481f6b8384b6873de103fbc49e7a03cc58d7dea4ac?s=96&d=mm&r=g\",\"contentUrl\":\"https:\\\/\\\/secure.gravatar.com\\\/avatar\\\/c44d117c2be811212c22cb481f6b8384b6873de103fbc49e7a03cc58d7dea4ac?s=96&d=mm&r=g\",\"caption\":\"admin\"},\"url\":\"https:\\\/\\\/www.eldiariodetucuman.com\\\/web\\\/author\\\/admin\\\/\"}]}<\/script>\n<!-- \/ Yoast SEO plugin. -->","yoast_head_json":{"title":"El mensaje de Franco Colapinto a Maradona por su cumplea\u00f1os - El Diario de Tucuman","robots":{"index":"index","follow":"follow","max-snippet":"max-snippet:-1","max-image-preview":"max-image-preview:large","max-video-preview":"max-video-preview:-1"},"canonical":"https:\/\/www.eldiariodetucuman.com\/web\/el-mensaje-de-franco-colapinto-a-maradona-por-su-cumpleanos\/","og_locale":"es_ES","og_type":"article","og_title":"El mensaje de Franco Colapinto a Maradona por su cumplea\u00f1os - El Diario de Tucuman","og_description":"El saludo tuvo lugar a trav\u00e9s de una historia de Instagram, donde el texto estuvo acompa\u00f1ado de aquella famosa entrada en calor del 10 que. El marco de aquella escena era la previa de la semifinal entre N\u00e1poli y Bayern Munich por la Copa UEFA de 1989. 17618576990266812287187958936825 As\u00ed se dio la entrada en calor [&hellip;]","og_url":"https:\/\/www.eldiariodetucuman.com\/web\/el-mensaje-de-franco-colapinto-a-maradona-por-su-cumpleanos\/","og_site_name":"El Diario de Tucuman","article_published_time":"2025-10-30T21:50:12+00:00","author":"admin","twitter_card":"summary_large_image","twitter_misc":{"Escrito por":"admin","Tiempo de lectura":"1 minuto"},"schema":{"@context":"https:\/\/schema.org","@graph":[{"@type":"Article","@id":"https:\/\/www.eldiariodetucuman.com\/web\/el-mensaje-de-franco-colapinto-a-maradona-por-su-cumpleanos\/#article","isPartOf":{"@id":"https:\/\/www.eldiariodetucuman.com\/web\/el-mensaje-de-franco-colapinto-a-maradona-por-su-cumpleanos\/"},"author":{"name":"admin","@id":"https:\/\/www.eldiariodetucuman.com\/web\/#\/schema\/person\/9250197d75ab5483412e19678b121caa"},"headline":"El mensaje de Franco Colapinto a Maradona por su cumplea\u00f1os","datePublished":"2025-10-30T21:50:12+00:00","mainEntityOfPage":{"@id":"https:\/\/www.eldiariodetucuman.com\/web\/el-mensaje-de-franco-colapinto-a-maradona-por-su-cumpleanos\/"},"wordCount":255,"publisher":{"@id":"https:\/\/www.eldiariodetucuman.com\/web\/#organization"},"image":{"@id":"https:\/\/www.eldiariodetucuman.com\/web\/el-mensaje-de-franco-colapinto-a-maradona-por-su-cumpleanos\/#primaryimage"},"thumbnailUrl":"https:\/\/www.eldiariodetucuman.com\/web\/wp-content\/uploads\/2025\/10\/El-mensaje-de-Franco-Colapinto-a-Maradona-por-su-cumpleanos.jpg","articleSection":["Deporte"],"inLanguage":"es"},{"@type":"WebPage","@id":"https:\/\/www.eldiariodetucuman.com\/web\/el-mensaje-de-franco-colapinto-a-maradona-por-su-cumpleanos\/","url":"https:\/\/www.eldiariodetucuman.com\/web\/el-mensaje-de-franco-colapinto-a-maradona-por-su-cumpleanos\/","name":"El mensaje de Franco Colapinto a Maradona por su cumplea\u00f1os - El Diario de Tucuman","isPartOf":{"@id":"https:\/\/www.eldiariodetucuman.com\/web\/#website"},"primaryImageOfPage":{"@id":"https:\/\/www.eldiariodetucuman.com\/web\/el-mensaje-de-franco-colapinto-a-maradona-por-su-cumpleanos\/#primaryimage"},"image":{"@id":"https:\/\/www.eldiariodetucuman.com\/web\/el-mensaje-de-franco-colapinto-a-maradona-por-su-cumpleanos\/#primaryimage"},"thumbnailUrl":"https:\/\/www.eldiariodetucuman.com\/web\/wp-content\/uploads\/2025\/10\/El-mensaje-de-Franco-Colapinto-a-Maradona-por-su-cumpleanos.jpg","datePublished":"2025-10-30T21:50:12+00:00","breadcrumb":{"@id":"https:\/\/www.eldiariodetucuman.com\/web\/el-mensaje-de-franco-colapinto-a-maradona-por-su-cumpleanos\/#breadcrumb"},"inLanguage":"es","potentialAction":[{"@type":"ReadAction","target":["https:\/\/www.eldiariodetucuman.com\/web\/el-mensaje-de-franco-colapinto-a-maradona-por-su-cumpleanos\/"]}]},{"@type":"ImageObject","inLanguage":"es","@id":"https:\/\/www.eldiariodetucuman.com\/web\/el-mensaje-de-franco-colapinto-a-maradona-por-su-cumpleanos\/#primaryimage","url":"https:\/\/www.eldiariodetucuman.com\/web\/wp-content\/uploads\/2025\/10\/El-mensaje-de-Franco-Colapinto-a-Maradona-por-su-cumpleanos.jpg","contentUrl":"https:\/\/www.eldiariodetucuman.com\/web\/wp-content\/uploads\/2025\/10\/El-mensaje-de-Franco-Colapinto-a-Maradona-por-su-cumpleanos.jpg","width":1200,"height":675},{"@type":"BreadcrumbList","@id":"https:\/\/www.eldiariodetucuman.com\/web\/el-mensaje-de-franco-colapinto-a-maradona-por-su-cumpleanos\/#breadcrumb","itemListElement":[{"@type":"ListItem","position":1,"name":"Portada","item":"https:\/\/www.eldiariodetucuman.com\/web\/"},{"@type":"ListItem","position":2,"name":"El mensaje de Franco Colapinto a Maradona por su cumplea\u00f1os"}]},{"@type":"WebSite","@id":"https:\/\/www.eldiariodetucuman.com\/web\/#website","url":"https:\/\/www.eldiariodetucuman.com\/web\/","name":"El Diario de Tucuman","description":"Diario Tucuman - Informaci\u00f3n y noticias","publisher":{"@id":"https:\/\/www.eldiariodetucuman.com\/web\/#organization"},"potentialAction":[{"@type":"SearchAction","target":{"@type":"EntryPoint","urlTemplate":"https:\/\/www.eldiariodetucuman.com\/web\/?s={search_term_string}"},"query-input":{"@type":"PropertyValueSpecification","valueRequired":true,"valueName":"search_term_string"}}],"inLanguage":"es"},{"@type":"Organization","@id":"https:\/\/www.eldiariodetucuman.com\/web\/#organization","name":"El Diario de Tucuman","url":"https:\/\/www.eldiariodetucuman.com\/web\/","logo":{"@type":"ImageObject","inLanguage":"es","@id":"https:\/\/www.eldiariodetucuman.com\/web\/#\/schema\/logo\/image\/","url":"http:\/\/www.eldiariodetucuman.com\/web\/wp-content\/uploads\/2017\/12\/el-diario-de-tucuman.jpg","contentUrl":"http:\/\/www.eldiariodetucuman.com\/web\/wp-content\/uploads\/2017\/12\/el-diario-de-tucuman.jpg","width":272,"height":92,"caption":"El Diario de Tucuman"},"image":{"@id":"https:\/\/www.eldiariodetucuman.com\/web\/#\/schema\/logo\/image\/"}},{"@type":"Person","@id":"https:\/\/www.eldiariodetucuman.com\/web\/#\/schema\/person\/9250197d75ab5483412e19678b121caa","name":"admin","image":{"@type":"ImageObject","inLanguage":"es","@id":"https:\/\/secure.gravatar.com\/avatar\/c44d117c2be811212c22cb481f6b8384b6873de103fbc49e7a03cc58d7dea4ac?s=96&d=mm&r=g","url":"https:\/\/secure.gravatar.com\/avatar\/c44d117c2be811212c22cb481f6b8384b6873de103fbc49e7a03cc58d7dea4ac?s=96&d=mm&r=g","contentUrl":"https:\/\/secure.gravatar.com\/avatar\/c44d117c2be811212c22cb481f6b8384b6873de103fbc49e7a03cc58d7dea4ac?s=96&d=mm&r=g","caption":"admin"},"url":"https:\/\/www.eldiariodetucuman.com\/web\/author\/admin\/"}]}},"_links":{"self":[{"href":"https:\/\/www.eldiariodetucuman.com\/web\/wp-json\/wp\/v2\/posts\/46075","targetHints":{"allow":["GET"]}}],"collection":[{"href":"https:\/\/www.eldiariodetucuman.com\/web\/wp-json\/wp\/v2\/posts"}],"about":[{"href":"https:\/\/www.eldiariodetucuman.com\/web\/wp-json\/wp\/v2\/types\/post"}],"author":[{"embeddable":true,"href":"https:\/\/www.eldiariodetucuman.com\/web\/wp-json\/wp\/v2\/users\/1"}],"replies":[{"embeddable":true,"href":"https:\/\/www.eldiariodetucuman.com\/web\/wp-json\/wp\/v2\/comments?post=46075"}],"version-history":[{"count":0,"href":"https:\/\/www.eldiariodetucuman.com\/web\/wp-json\/wp\/v2\/posts\/46075\/revisions"}],"wp:featuredmedia":[{"embeddable":true,"href":"https:\/\/www.eldiariodetucuman.com\/web\/wp-json\/wp\/v2\/media\/46076"}],"wp:attachment":[{"href":"https:\/\/www.eldiariodetucuman.com\/web\/wp-json\/wp\/v2\/media?parent=46075"}],"wp:term":[{"taxonomy":"category","embeddable":true,"href":"https:\/\/www.eldiariodetucuman.com\/web\/wp-json\/wp\/v2\/categories?post=46075"},{"taxonomy":"post_tag","embeddable":true,"href":"https:\/\/www.eldiariodetucuman.com\/web\/wp-json\/wp\/v2\/tags?post=46075"}],"curies":[{"name":"wp","href":"https:\/\/api.w.org\/{rel}","templated":true}]}}