{"id":46073,"date":"2025-10-30T15:51:04","date_gmt":"2025-10-30T18:51:04","guid":{"rendered":"https:\/\/www.eldiariodetucuman.com\/web\/la-inflacion-se-habria-acelerado-en-octubre-impulsada-por-alimentos\/"},"modified":"2025-10-30T15:51:04","modified_gmt":"2025-10-30T18:51:04","slug":"la-inflacion-se-habria-acelerado-en-octubre-impulsada-por-alimentos","status":"publish","type":"post","link":"https:\/\/www.eldiariodetucuman.com\/web\/la-inflacion-se-habria-acelerado-en-octubre-impulsada-por-alimentos\/","title":{"rendered":"La inflaci\u00f3n se habr\u00eda acelerado en octubre, impulsada por alimentos"},"content":{"rendered":"<p><\/p>\n<p>Estar\u00eda por encima de 2,1% que se registr\u00f3 en septiembre.<\/p>\n<p><strong>La inflaci\u00f3n de octubre mostrar\u00eda una leve aceleraci\u00f3n con relaci\u00f3n a septiembre, de acuerdo a relevamientos de consultoras privadas.<\/strong><\/p>\n<p>El consenso apunta a que la variaci\u00f3n del nivel general estar\u00eda por encima del 2,1% que se registr\u00f3 en septiembre.<\/p>\n<p>El principal motor de este repunte fue nuevamente el rubro de\u00a0<strong>alimentos y bebidas<\/strong>, que ejerce la mayor presi\u00f3n sobre el IPC.<\/p>\n<p>El aumento tambi\u00e9n se explica por el\u00a0<strong>recalentamiento del d\u00f3lar,<\/strong>\u00a0cuya suba tiene impacto en costos y precios en general.<\/p>\n<p>LCG estima una inflaci\u00f3n cercana al 2,5% para el nivel general, lo que implica una suba de 0,4 puntos porcentuales respecto al mes anterior. Su medici\u00f3n destac\u00f3 que el rubro Alimentos y Bebidas acumul\u00f3 un incremento del 2,9% mensual promedio hasta la cuarta semana de octubre.<\/p>\n<p>Econviews y Libertad y Progreso proyectan variaciones en el rango superior, entre el 2,4% y el 2,8%. Ambas firmas se\u00f1alaron la fuerte incidencia de los alimentos en esta tendencia.<\/p>\n<p>Con pron\u00f3sticos m\u00e1s moderados, la consultora Analytica proyect\u00f3 que el nivel general de precios al consumidor alcanzar\u00e1 el 2,2%, una variaci\u00f3n similar al dato oficial de septiembre.<\/p>\n<p>Por su parte, PxQ estim\u00f3 la proyecci\u00f3n m\u00e1s baja, con un 1,9% para el mes. Finalmente, C&amp;T Asesores Econ\u00f3micos inform\u00f3 que su relevamiento en el Gran Buenos Aires (GBA) se mantuvo estable cerca del 2% a mediados de mes.<\/p>\n<p>La consultora Equilibra reconoci\u00f3 una \u00abaceleraci\u00f3n en los alimentos no estacionales\u00bb, con un foco especial en el precio de las carnes. Los subrubros m\u00e1s afectados por subas pronunciadas fueron l\u00e1cteos, huevos, panificados y carnes.<\/p>\n<p>A la presi\u00f3n de la canasta alimentaria se sum\u00f3 el impacto de precios regulados. Entre ellos se destacaron los aumentos en: el transporte p\u00fablico (colectivos y subtes en el AMBA).<\/p>\n<p>Esta nueva aceleraci\u00f3n de precios pone en tensi\u00f3n el discurso del gobierno. El mensaje oficial se centr\u00f3 en que la inflaci\u00f3n tiene \u00abfecha de defunci\u00f3n\u00bb (proyectada para mediados del a\u00f1o pr\u00f3ximo), aludiendo a la inercia como causa de las variaciones actuales.<\/p>\n<p>De hecho, las propias proyecciones del banco central (a trav\u00e9s del Relevamiento de Expectativas de Mercado \u2013 REM) situaron la inflaci\u00f3n de octubre en un rango m\u00e1s bajo, cerca del 2%.<\/p>\n<p>La suba detectada por las consultoras en rubros sensibles como alimentos desaf\u00eda la narrativa de la \u00abinflaci\u00f3n en retirada\u00bb y genera preocupaci\u00f3n sobre el impacto en el poder adquisitivo de los sectores m\u00e1s vulnerables.<\/p>\n<p>El dato oficial del Indec se conocer\u00e1 el mi\u00e9rcoles 12 de noviembre.<\/p>\n<p>Por su parte, la encuesta de Expectativa de Inflaci\u00f3n que publica la Universidad Di Tella revel\u00f3 que se espera un alza de 3,96 para octubre.<\/p>\n<p>\u201cEn octubre, la expectativa mensual se ubic\u00f3 en 3,96% en promedio, mientras que la mediana fue de 3%. En comparaci\u00f3n con<\/p>\n<p>septiembre -cuando los valores fueron de 3,84% y 3%, respectivamente- se observa un leve aumento en el promedio, con la mediana estable\u201d, dijo la UTDT.<\/p>\n<p>El informe que se realiz\u00f3 entre el 1 y el 14 de octubre, se\u00f1al\u00f3 que \u201cla inflaci\u00f3n esperada promedio para los pr\u00f3ximos 12 meses se ubic\u00f3 en 37%, lo que representa una baja de 0,6 puntos porcentuales respecto a septiembre (37,6%). La mediana se mantuvo en 30%, sin cambios frente al mes anterior\u201d.<\/p>\n<p>NA<\/p>\n<p>Fuente: <a href=\"https:\/\/tucuman24.com\/nota\/194982\/la-inflacion-se-habria-acelerado-en-octubre-impulsada-por-alimentos.html\"> Fuente de la nota <\/a><\/p>\n","protected":false},"excerpt":{"rendered":"<p>Estar\u00eda por encima de 2,1% que se registr\u00f3 en septiembre. La inflaci\u00f3n de octubre mostrar\u00eda una leve aceleraci\u00f3n con relaci\u00f3n a septiembre, de acuerdo a relevamientos de consultoras privadas. El consenso apunta a que la variaci\u00f3n del nivel general estar\u00eda por encima del 2,1% que se registr\u00f3 en septiembre. El principal motor de este repunte [&hellip;]<\/p>\n","protected":false},"author":1,"featured_media":46074,"comment_status":"closed","ping_status":"open","sticky":false,"template":"","format":"standard","meta":{"footnotes":""},"categories":[2],"tags":[],"class_list":{"0":"post-46073","1":"post","2":"type-post","3":"status-publish","4":"format-standard","5":"has-post-thumbnail","7":"category-actualidad"},"yoast_head":"<!-- This site is optimized with the Yoast SEO plugin v27.4 - https:\/\/yoast.com\/product\/yoast-seo-wordpress\/ -->\n<title>La inflaci\u00f3n se habr\u00eda acelerado en octubre, impulsada por alimentos - El Diario de Tucuman<\/title>\n<meta name=\"robots\" content=\"index, follow, max-snippet:-1, max-image-preview:large, max-video-preview:-1\" \/>\n<link rel=\"canonical\" href=\"https:\/\/www.eldiariodetucuman.com\/web\/la-inflacion-se-habria-acelerado-en-octubre-impulsada-por-alimentos\/\" \/>\n<meta property=\"og:locale\" content=\"es_ES\" \/>\n<meta property=\"og:type\" content=\"article\" \/>\n<meta property=\"og:title\" content=\"La inflaci\u00f3n se habr\u00eda acelerado en octubre, impulsada por alimentos - El Diario de Tucuman\" \/>\n<meta property=\"og:description\" content=\"Estar\u00eda por encima de 2,1% que se registr\u00f3 en septiembre. La inflaci\u00f3n de octubre mostrar\u00eda una leve aceleraci\u00f3n con relaci\u00f3n a septiembre, de acuerdo a relevamientos de consultoras privadas. El consenso apunta a que la variaci\u00f3n del nivel general estar\u00eda por encima del 2,1% que se registr\u00f3 en septiembre. El principal motor de este repunte [&hellip;]\" \/>\n<meta property=\"og:url\" content=\"https:\/\/www.eldiariodetucuman.com\/web\/la-inflacion-se-habria-acelerado-en-octubre-impulsada-por-alimentos\/\" \/>\n<meta property=\"og:site_name\" content=\"El Diario de Tucuman\" \/>\n<meta property=\"article:published_time\" content=\"2025-10-30T18:51:04+00:00\" \/>\n<meta name=\"author\" content=\"admin\" \/>\n<meta name=\"twitter:card\" content=\"summary_large_image\" \/>\n<meta name=\"twitter:label1\" content=\"Escrito por\" \/>\n\t<meta name=\"twitter:data1\" content=\"admin\" \/>\n\t<meta name=\"twitter:label2\" content=\"Tiempo de lectura\" \/>\n\t<meta name=\"twitter:data2\" content=\"3 minutos\" \/>\n<script type=\"application\/ld+json\" class=\"yoast-schema-graph\">{\"@context\":\"https:\\\/\\\/schema.org\",\"@graph\":[{\"@type\":\"Article\",\"@id\":\"https:\\\/\\\/www.eldiariodetucuman.com\\\/web\\\/la-inflacion-se-habria-acelerado-en-octubre-impulsada-por-alimentos\\\/#article\",\"isPartOf\":{\"@id\":\"https:\\\/\\\/www.eldiariodetucuman.com\\\/web\\\/la-inflacion-se-habria-acelerado-en-octubre-impulsada-por-alimentos\\\/\"},\"author\":{\"name\":\"admin\",\"@id\":\"https:\\\/\\\/www.eldiariodetucuman.com\\\/web\\\/#\\\/schema\\\/person\\\/9250197d75ab5483412e19678b121caa\"},\"headline\":\"La inflaci\u00f3n se habr\u00eda acelerado en octubre, impulsada por alimentos\",\"datePublished\":\"2025-10-30T18:51:04+00:00\",\"mainEntityOfPage\":{\"@id\":\"https:\\\/\\\/www.eldiariodetucuman.com\\\/web\\\/la-inflacion-se-habria-acelerado-en-octubre-impulsada-por-alimentos\\\/\"},\"wordCount\":576,\"publisher\":{\"@id\":\"https:\\\/\\\/www.eldiariodetucuman.com\\\/web\\\/#organization\"},\"image\":{\"@id\":\"https:\\\/\\\/www.eldiariodetucuman.com\\\/web\\\/la-inflacion-se-habria-acelerado-en-octubre-impulsada-por-alimentos\\\/#primaryimage\"},\"thumbnailUrl\":\"https:\\\/\\\/www.eldiariodetucuman.com\\\/web\\\/wp-content\\\/uploads\\\/2025\\\/10\\\/La-inflacion-se-habria-acelerado-en-octubre-impulsada-por-alimentos.jpg\",\"articleSection\":[\"Actualidad\"],\"inLanguage\":\"es\"},{\"@type\":\"WebPage\",\"@id\":\"https:\\\/\\\/www.eldiariodetucuman.com\\\/web\\\/la-inflacion-se-habria-acelerado-en-octubre-impulsada-por-alimentos\\\/\",\"url\":\"https:\\\/\\\/www.eldiariodetucuman.com\\\/web\\\/la-inflacion-se-habria-acelerado-en-octubre-impulsada-por-alimentos\\\/\",\"name\":\"La inflaci\u00f3n se habr\u00eda acelerado en octubre, impulsada por alimentos - El Diario de Tucuman\",\"isPartOf\":{\"@id\":\"https:\\\/\\\/www.eldiariodetucuman.com\\\/web\\\/#website\"},\"primaryImageOfPage\":{\"@id\":\"https:\\\/\\\/www.eldiariodetucuman.com\\\/web\\\/la-inflacion-se-habria-acelerado-en-octubre-impulsada-por-alimentos\\\/#primaryimage\"},\"image\":{\"@id\":\"https:\\\/\\\/www.eldiariodetucuman.com\\\/web\\\/la-inflacion-se-habria-acelerado-en-octubre-impulsada-por-alimentos\\\/#primaryimage\"},\"thumbnailUrl\":\"https:\\\/\\\/www.eldiariodetucuman.com\\\/web\\\/wp-content\\\/uploads\\\/2025\\\/10\\\/La-inflacion-se-habria-acelerado-en-octubre-impulsada-por-alimentos.jpg\",\"datePublished\":\"2025-10-30T18:51:04+00:00\",\"breadcrumb\":{\"@id\":\"https:\\\/\\\/www.eldiariodetucuman.com\\\/web\\\/la-inflacion-se-habria-acelerado-en-octubre-impulsada-por-alimentos\\\/#breadcrumb\"},\"inLanguage\":\"es\",\"potentialAction\":[{\"@type\":\"ReadAction\",\"target\":[\"https:\\\/\\\/www.eldiariodetucuman.com\\\/web\\\/la-inflacion-se-habria-acelerado-en-octubre-impulsada-por-alimentos\\\/\"]}]},{\"@type\":\"ImageObject\",\"inLanguage\":\"es\",\"@id\":\"https:\\\/\\\/www.eldiariodetucuman.com\\\/web\\\/la-inflacion-se-habria-acelerado-en-octubre-impulsada-por-alimentos\\\/#primaryimage\",\"url\":\"https:\\\/\\\/www.eldiariodetucuman.com\\\/web\\\/wp-content\\\/uploads\\\/2025\\\/10\\\/La-inflacion-se-habria-acelerado-en-octubre-impulsada-por-alimentos.jpg\",\"contentUrl\":\"https:\\\/\\\/www.eldiariodetucuman.com\\\/web\\\/wp-content\\\/uploads\\\/2025\\\/10\\\/La-inflacion-se-habria-acelerado-en-octubre-impulsada-por-alimentos.jpg\",\"width\":800,\"height\":453},{\"@type\":\"BreadcrumbList\",\"@id\":\"https:\\\/\\\/www.eldiariodetucuman.com\\\/web\\\/la-inflacion-se-habria-acelerado-en-octubre-impulsada-por-alimentos\\\/#breadcrumb\",\"itemListElement\":[{\"@type\":\"ListItem\",\"position\":1,\"name\":\"Portada\",\"item\":\"https:\\\/\\\/www.eldiariodetucuman.com\\\/web\\\/\"},{\"@type\":\"ListItem\",\"position\":2,\"name\":\"La inflaci\u00f3n se habr\u00eda acelerado en octubre, impulsada por alimentos\"}]},{\"@type\":\"WebSite\",\"@id\":\"https:\\\/\\\/www.eldiariodetucuman.com\\\/web\\\/#website\",\"url\":\"https:\\\/\\\/www.eldiariodetucuman.com\\\/web\\\/\",\"name\":\"El Diario de Tucuman\",\"description\":\"Diario Tucuman - Informaci\u00f3n y noticias\",\"publisher\":{\"@id\":\"https:\\\/\\\/www.eldiariodetucuman.com\\\/web\\\/#organization\"},\"potentialAction\":[{\"@type\":\"SearchAction\",\"target\":{\"@type\":\"EntryPoint\",\"urlTemplate\":\"https:\\\/\\\/www.eldiariodetucuman.com\\\/web\\\/?s={search_term_string}\"},\"query-input\":{\"@type\":\"PropertyValueSpecification\",\"valueRequired\":true,\"valueName\":\"search_term_string\"}}],\"inLanguage\":\"es\"},{\"@type\":\"Organization\",\"@id\":\"https:\\\/\\\/www.eldiariodetucuman.com\\\/web\\\/#organization\",\"name\":\"El Diario de Tucuman\",\"url\":\"https:\\\/\\\/www.eldiariodetucuman.com\\\/web\\\/\",\"logo\":{\"@type\":\"ImageObject\",\"inLanguage\":\"es\",\"@id\":\"https:\\\/\\\/www.eldiariodetucuman.com\\\/web\\\/#\\\/schema\\\/logo\\\/image\\\/\",\"url\":\"http:\\\/\\\/www.eldiariodetucuman.com\\\/web\\\/wp-content\\\/uploads\\\/2017\\\/12\\\/el-diario-de-tucuman.jpg\",\"contentUrl\":\"http:\\\/\\\/www.eldiariodetucuman.com\\\/web\\\/wp-content\\\/uploads\\\/2017\\\/12\\\/el-diario-de-tucuman.jpg\",\"width\":272,\"height\":92,\"caption\":\"El Diario de Tucuman\"},\"image\":{\"@id\":\"https:\\\/\\\/www.eldiariodetucuman.com\\\/web\\\/#\\\/schema\\\/logo\\\/image\\\/\"}},{\"@type\":\"Person\",\"@id\":\"https:\\\/\\\/www.eldiariodetucuman.com\\\/web\\\/#\\\/schema\\\/person\\\/9250197d75ab5483412e19678b121caa\",\"name\":\"admin\",\"image\":{\"@type\":\"ImageObject\",\"inLanguage\":\"es\",\"@id\":\"https:\\\/\\\/secure.gravatar.com\\\/avatar\\\/c44d117c2be811212c22cb481f6b8384b6873de103fbc49e7a03cc58d7dea4ac?s=96&d=mm&r=g\",\"url\":\"https:\\\/\\\/secure.gravatar.com\\\/avatar\\\/c44d117c2be811212c22cb481f6b8384b6873de103fbc49e7a03cc58d7dea4ac?s=96&d=mm&r=g\",\"contentUrl\":\"https:\\\/\\\/secure.gravatar.com\\\/avatar\\\/c44d117c2be811212c22cb481f6b8384b6873de103fbc49e7a03cc58d7dea4ac?s=96&d=mm&r=g\",\"caption\":\"admin\"},\"url\":\"https:\\\/\\\/www.eldiariodetucuman.com\\\/web\\\/author\\\/admin\\\/\"}]}<\/script>\n<!-- \/ Yoast SEO plugin. -->","yoast_head_json":{"title":"La inflaci\u00f3n se habr\u00eda acelerado en octubre, impulsada por alimentos - El Diario de Tucuman","robots":{"index":"index","follow":"follow","max-snippet":"max-snippet:-1","max-image-preview":"max-image-preview:large","max-video-preview":"max-video-preview:-1"},"canonical":"https:\/\/www.eldiariodetucuman.com\/web\/la-inflacion-se-habria-acelerado-en-octubre-impulsada-por-alimentos\/","og_locale":"es_ES","og_type":"article","og_title":"La inflaci\u00f3n se habr\u00eda acelerado en octubre, impulsada por alimentos - El Diario de Tucuman","og_description":"Estar\u00eda por encima de 2,1% que se registr\u00f3 en septiembre. La inflaci\u00f3n de octubre mostrar\u00eda una leve aceleraci\u00f3n con relaci\u00f3n a septiembre, de acuerdo a relevamientos de consultoras privadas. El consenso apunta a que la variaci\u00f3n del nivel general estar\u00eda por encima del 2,1% que se registr\u00f3 en septiembre. El principal motor de este repunte [&hellip;]","og_url":"https:\/\/www.eldiariodetucuman.com\/web\/la-inflacion-se-habria-acelerado-en-octubre-impulsada-por-alimentos\/","og_site_name":"El Diario de Tucuman","article_published_time":"2025-10-30T18:51:04+00:00","author":"admin","twitter_card":"summary_large_image","twitter_misc":{"Escrito por":"admin","Tiempo de lectura":"3 minutos"},"schema":{"@context":"https:\/\/schema.org","@graph":[{"@type":"Article","@id":"https:\/\/www.eldiariodetucuman.com\/web\/la-inflacion-se-habria-acelerado-en-octubre-impulsada-por-alimentos\/#article","isPartOf":{"@id":"https:\/\/www.eldiariodetucuman.com\/web\/la-inflacion-se-habria-acelerado-en-octubre-impulsada-por-alimentos\/"},"author":{"name":"admin","@id":"https:\/\/www.eldiariodetucuman.com\/web\/#\/schema\/person\/9250197d75ab5483412e19678b121caa"},"headline":"La inflaci\u00f3n se habr\u00eda acelerado en octubre, impulsada por alimentos","datePublished":"2025-10-30T18:51:04+00:00","mainEntityOfPage":{"@id":"https:\/\/www.eldiariodetucuman.com\/web\/la-inflacion-se-habria-acelerado-en-octubre-impulsada-por-alimentos\/"},"wordCount":576,"publisher":{"@id":"https:\/\/www.eldiariodetucuman.com\/web\/#organization"},"image":{"@id":"https:\/\/www.eldiariodetucuman.com\/web\/la-inflacion-se-habria-acelerado-en-octubre-impulsada-por-alimentos\/#primaryimage"},"thumbnailUrl":"https:\/\/www.eldiariodetucuman.com\/web\/wp-content\/uploads\/2025\/10\/La-inflacion-se-habria-acelerado-en-octubre-impulsada-por-alimentos.jpg","articleSection":["Actualidad"],"inLanguage":"es"},{"@type":"WebPage","@id":"https:\/\/www.eldiariodetucuman.com\/web\/la-inflacion-se-habria-acelerado-en-octubre-impulsada-por-alimentos\/","url":"https:\/\/www.eldiariodetucuman.com\/web\/la-inflacion-se-habria-acelerado-en-octubre-impulsada-por-alimentos\/","name":"La inflaci\u00f3n se habr\u00eda acelerado en octubre, impulsada por alimentos - El Diario de Tucuman","isPartOf":{"@id":"https:\/\/www.eldiariodetucuman.com\/web\/#website"},"primaryImageOfPage":{"@id":"https:\/\/www.eldiariodetucuman.com\/web\/la-inflacion-se-habria-acelerado-en-octubre-impulsada-por-alimentos\/#primaryimage"},"image":{"@id":"https:\/\/www.eldiariodetucuman.com\/web\/la-inflacion-se-habria-acelerado-en-octubre-impulsada-por-alimentos\/#primaryimage"},"thumbnailUrl":"https:\/\/www.eldiariodetucuman.com\/web\/wp-content\/uploads\/2025\/10\/La-inflacion-se-habria-acelerado-en-octubre-impulsada-por-alimentos.jpg","datePublished":"2025-10-30T18:51:04+00:00","breadcrumb":{"@id":"https:\/\/www.eldiariodetucuman.com\/web\/la-inflacion-se-habria-acelerado-en-octubre-impulsada-por-alimentos\/#breadcrumb"},"inLanguage":"es","potentialAction":[{"@type":"ReadAction","target":["https:\/\/www.eldiariodetucuman.com\/web\/la-inflacion-se-habria-acelerado-en-octubre-impulsada-por-alimentos\/"]}]},{"@type":"ImageObject","inLanguage":"es","@id":"https:\/\/www.eldiariodetucuman.com\/web\/la-inflacion-se-habria-acelerado-en-octubre-impulsada-por-alimentos\/#primaryimage","url":"https:\/\/www.eldiariodetucuman.com\/web\/wp-content\/uploads\/2025\/10\/La-inflacion-se-habria-acelerado-en-octubre-impulsada-por-alimentos.jpg","contentUrl":"https:\/\/www.eldiariodetucuman.com\/web\/wp-content\/uploads\/2025\/10\/La-inflacion-se-habria-acelerado-en-octubre-impulsada-por-alimentos.jpg","width":800,"height":453},{"@type":"BreadcrumbList","@id":"https:\/\/www.eldiariodetucuman.com\/web\/la-inflacion-se-habria-acelerado-en-octubre-impulsada-por-alimentos\/#breadcrumb","itemListElement":[{"@type":"ListItem","position":1,"name":"Portada","item":"https:\/\/www.eldiariodetucuman.com\/web\/"},{"@type":"ListItem","position":2,"name":"La inflaci\u00f3n se habr\u00eda acelerado en octubre, impulsada por alimentos"}]},{"@type":"WebSite","@id":"https:\/\/www.eldiariodetucuman.com\/web\/#website","url":"https:\/\/www.eldiariodetucuman.com\/web\/","name":"El Diario de Tucuman","description":"Diario Tucuman - Informaci\u00f3n y noticias","publisher":{"@id":"https:\/\/www.eldiariodetucuman.com\/web\/#organization"},"potentialAction":[{"@type":"SearchAction","target":{"@type":"EntryPoint","urlTemplate":"https:\/\/www.eldiariodetucuman.com\/web\/?s={search_term_string}"},"query-input":{"@type":"PropertyValueSpecification","valueRequired":true,"valueName":"search_term_string"}}],"inLanguage":"es"},{"@type":"Organization","@id":"https:\/\/www.eldiariodetucuman.com\/web\/#organization","name":"El Diario de Tucuman","url":"https:\/\/www.eldiariodetucuman.com\/web\/","logo":{"@type":"ImageObject","inLanguage":"es","@id":"https:\/\/www.eldiariodetucuman.com\/web\/#\/schema\/logo\/image\/","url":"http:\/\/www.eldiariodetucuman.com\/web\/wp-content\/uploads\/2017\/12\/el-diario-de-tucuman.jpg","contentUrl":"http:\/\/www.eldiariodetucuman.com\/web\/wp-content\/uploads\/2017\/12\/el-diario-de-tucuman.jpg","width":272,"height":92,"caption":"El Diario de Tucuman"},"image":{"@id":"https:\/\/www.eldiariodetucuman.com\/web\/#\/schema\/logo\/image\/"}},{"@type":"Person","@id":"https:\/\/www.eldiariodetucuman.com\/web\/#\/schema\/person\/9250197d75ab5483412e19678b121caa","name":"admin","image":{"@type":"ImageObject","inLanguage":"es","@id":"https:\/\/secure.gravatar.com\/avatar\/c44d117c2be811212c22cb481f6b8384b6873de103fbc49e7a03cc58d7dea4ac?s=96&d=mm&r=g","url":"https:\/\/secure.gravatar.com\/avatar\/c44d117c2be811212c22cb481f6b8384b6873de103fbc49e7a03cc58d7dea4ac?s=96&d=mm&r=g","contentUrl":"https:\/\/secure.gravatar.com\/avatar\/c44d117c2be811212c22cb481f6b8384b6873de103fbc49e7a03cc58d7dea4ac?s=96&d=mm&r=g","caption":"admin"},"url":"https:\/\/www.eldiariodetucuman.com\/web\/author\/admin\/"}]}},"_links":{"self":[{"href":"https:\/\/www.eldiariodetucuman.com\/web\/wp-json\/wp\/v2\/posts\/46073","targetHints":{"allow":["GET"]}}],"collection":[{"href":"https:\/\/www.eldiariodetucuman.com\/web\/wp-json\/wp\/v2\/posts"}],"about":[{"href":"https:\/\/www.eldiariodetucuman.com\/web\/wp-json\/wp\/v2\/types\/post"}],"author":[{"embeddable":true,"href":"https:\/\/www.eldiariodetucuman.com\/web\/wp-json\/wp\/v2\/users\/1"}],"replies":[{"embeddable":true,"href":"https:\/\/www.eldiariodetucuman.com\/web\/wp-json\/wp\/v2\/comments?post=46073"}],"version-history":[{"count":0,"href":"https:\/\/www.eldiariodetucuman.com\/web\/wp-json\/wp\/v2\/posts\/46073\/revisions"}],"wp:featuredmedia":[{"embeddable":true,"href":"https:\/\/www.eldiariodetucuman.com\/web\/wp-json\/wp\/v2\/media\/46074"}],"wp:attachment":[{"href":"https:\/\/www.eldiariodetucuman.com\/web\/wp-json\/wp\/v2\/media?parent=46073"}],"wp:term":[{"taxonomy":"category","embeddable":true,"href":"https:\/\/www.eldiariodetucuman.com\/web\/wp-json\/wp\/v2\/categories?post=46073"},{"taxonomy":"post_tag","embeddable":true,"href":"https:\/\/www.eldiariodetucuman.com\/web\/wp-json\/wp\/v2\/tags?post=46073"}],"curies":[{"name":"wp","href":"https:\/\/api.w.org\/{rel}","templated":true}]}}