{"id":46070,"date":"2025-10-30T00:17:07","date_gmt":"2025-10-30T03:17:07","guid":{"rendered":"https:\/\/www.eldiariodetucuman.com\/web\/milei-les-pedira-a-los-gobernadores-que-lo-acompanen-con-el-presupuesto-y-las-reformas-laboral-e-impositiva\/"},"modified":"2025-10-30T00:17:09","modified_gmt":"2025-10-30T03:17:09","slug":"milei-les-pedira-a-los-gobernadores-que-lo-acompanen-con-el-presupuesto-y-las-reformas-laboral-e-impositiva","status":"publish","type":"post","link":"https:\/\/www.eldiariodetucuman.com\/web\/milei-les-pedira-a-los-gobernadores-que-lo-acompanen-con-el-presupuesto-y-las-reformas-laboral-e-impositiva\/","title":{"rendered":"Milei les pedir\u00e1 a los gobernadores que lo acompa\u00f1en con el presupuesto y las reformas laboral e impositiva"},"content":{"rendered":"<p><\/p>\n<p class=\"com-paragraph  --capital --s\">El Gobierno se prepara para cumplir con la primera demanda que se le plante\u00f3 interna y externamente despu\u00e9s del triunfo electoral del domingo: reunirse con los gobernadores para empezar a desplegar la agenda que pretende impulsar en la segunda mitad de su mandato. <\/p>\n<p class=\"com-paragraph   --s\">En la Casa Rosada marcaban que si bien creen que se tratar\u00e1 de una reuni\u00f3n de corte m\u00e1s \u201cgeneralista\u201d y de \u201cconsenso\u201d, para acercar posiciones de cara a lo que viene, el apoyo en la discusi\u00f3n por el Presupuesto 2026 ser\u00eda el tema predominante del encuentro. El presidente <strong>Javier Milei <\/strong>aspira a llevarse un primer compromiso de <strong>poder avanzar con el proyecto de presupuesto <\/strong>que se debate en la C\u00e1mara de Diputados.<\/p>\n<p class=\"com-paragraph   --s\">Tambi\u00e9n, las distintas fuentes consultadas se refirieron a<strong> la posibilidad de avanzar con el di\u00e1logo por las reformas de segunda generaci\u00f3n que la administraci\u00f3n libertaria busca llevar adelante en los pr\u00f3ximos a\u00f1os, como la laboral y la previsional<\/strong>. Son los dos principales objetivos del Gobierno en el corto plazo, y aspira a tratarlos en sesiones extraordinarias. <\/p>\n<p class=\"com-paragraph   --s\">Esta reformas, recuerdan en la Casa Rosada, en diferentes momentos de la etapa preelectoral, contaron con se\u00f1ales positivas de los mandatarios provinciales de querer sentarse a discutir.<\/p>\n<p>Reuni\u00f3n de los Gobernadores Alfredo Cornejo, Rogelio Frigerio y Leandro Zdero con Guillermo Francos, Luis Caputo y Lisandro Catal\u00e1nPresidencia<\/p>\n<p class=\"com-paragraph   --s\">Aunque la mayor\u00eda de los mandatarios que asistir\u00e1n quedaron debilitados para las negociaciones por las derrotas del domingo -solo ocho de los que estar\u00e1n ganaron en sus territorios- no van con \u00e1nimo doblegado. Insisten en que est\u00e1n dispuestos a escuchar los planteos del Presidente pero tambi\u00e9n a insistir con lo que vienen haciendo hace meses. Es decir, van con su propia lista de demandas. <\/p>\n<p class=\"com-paragraph   --s\">El encuentro estar\u00e1 encabezado por el presidente <strong>Javier Milei<\/strong>, quien estar\u00e1 acompa\u00f1ado del jefe de Gabinete, <strong>Guillermo Francos<\/strong> y los ministros de Econom\u00eda, <strong>Luis \u201cToto\u201d Caputo<\/strong> y de Interior, <strong>Lisandro Catal\u00e1n<\/strong>.<\/p>\n<p class=\"com-paragraph   --s\">La convocatoria de Milei a los gobernadores firmantes del Pacto de Mayo tuvo una buena recepci\u00f3n. Hasta el momento confirmaron 17 mandatarios (entre ellos el kirchnerista pampeano <strong>Sergio Ziliotto<\/strong>, quien recibi\u00f3 la invitaci\u00f3n este mediod\u00eda) y una vicegobernadora, la de Neuqu\u00e9n. Participar\u00eda tambi\u00e9n el santacruce\u00f1o <strong>Claudio Vidal<\/strong>, pese a que no firm\u00f3 el acuerdo. <\/p>\n<p class=\"com-paragraph   --s\">Para el encuentro de las 17 en la Casa Rosada est\u00e1 prevista la presencia de los aliados (<strong>Jorge Macri, Rogelio Frigerio, Leandro Zdero <\/strong>y <strong>Claudio Poggi<\/strong>), menos <strong>Alfredo Cornejo<\/strong> que parte de viaje a Francia; de los integrantes de Provincias Unidas (<strong>Mart\u00edn Llaryora, Maximiliano Pullaro, Ignacio Torres, Carlos Sadir, Gustavo Vald\u00e9s<\/strong> e ir\u00eda tambi\u00e9n Vidal), tambi\u00e9n las de <strong>Gustavo S\u00e1enz, Osvaldo Jaldo, Ra\u00fal Jalil, Hugo Passalaqua<\/strong> y<strong> Marcelo Orrego<\/strong>. De los patag\u00f3nicos, estar\u00e1 <strong>Alberto Wereltilneck,<\/strong> mientras que por Neuqu\u00e9n ira la vice, <strong>Zulma Reina <\/strong>(<strong>Rolando Figueroa<\/strong> est\u00e1 en Brasil por Vaca Muerta); estar\u00e1 tambi\u00e9n el pampeano Ziliotto. Desde la gobernaci\u00f3n de Santiago del Estero, no confirmaron si <strong>Gerardo Zamora<\/strong> dir\u00e1 presente.<\/p>\n<p class=\"com-paragraph   --s\">En Casa Rosada calificaron el encuentro como de car\u00e1cter \u201cfundacional\u201d de \u201cuna nueva etapa de di\u00e1logo y consenso con los gobernadores\u201d, y resaltaron que Milei se refiri\u00f3 al di\u00e1logo con ellos el domingo en su discurso post triunfo electoral y que en menos de dos d\u00edas se decidi\u00f3 la convocatoria y estar\u00e1 concretada antes de que hayan pasado cuatro jornadas desde esa menci\u00f3n. <\/p>\n<p class=\"com-paragraph   --s\">Por parte del Gobierno, la presencia de Luis Caputo es le\u00edda como toda una se\u00f1al para los mandataros provinciales, tal como lo fue en septiembre pasado cuando se anunci\u00f3, post derrota en la elecci\u00f3n bonaerense, la creaci\u00f3n de una \u201cmesa federal\u201d para dialogar con los mandatarios provinciales.<\/p>\n<p class=\"com-paragraph   --s\"><strong>La presencia de Caputo en la mesa implica que se podr\u00e1n abordar cuestiones econ\u00f3micas, como las que demandan las provincias.<\/strong> El propio ministro, el mi\u00e9rcoles pasado en C\u00f3rdoba, admiti\u00f3 que los negociadores del Gobierno no contaban con las herramientas econ\u00f3micas para darles respuestas a las demandas de los mandatarios y asumi\u00f3 su responabilidad.<\/p>\n<p class=\"com-paragraph   --s\"><strong>\u201cLa clave est\u00e1 en que Toto est\u00e9 en la foto\u201d, <\/strong>dec\u00edan por entonces en la Casa Rosada, donde cre\u00edan que la presencia del ministro de Econom\u00eda en esa foto era un \u201cespaldarazo\u201d a la labor de Catal\u00e1n con el posible env\u00edo de fondos. Poco m\u00e1s de cincuenta d\u00edas despu\u00e9s, Caputo volver\u00e1 a estar, no solo en la foto, sino tambi\u00e9n en el encuentro.<\/p>\n<p class=\"com-paragraph   --s\">As\u00ed como desde la Casa Rosada explicaron que el objetivo es avanzar en el di\u00e1logo de cara a las reformas, <strong>los mandatarios buscan que antes de llegar a ese punto se resuelvan cuestiones pendientes<\/strong>, varias de ellas vinculadas al proyecto de presupuesto 2026. <\/p>\n<p class=\"com-paragraph   --s\">Por ejemplo,<strong> no figuran los nuevos repartos pretendidos por las provincias para los ATN y el impuesto a los combustibles l\u00edquidos <\/strong>y aparecen como insuficientes los fondos asignados a Anses para cubrir los d\u00e9ficits de las 13 cajas de jubilaciones provinciales no transferidas. En Diputados la intenci\u00f3n del oficialismo es demorar el dictamen de manera tal que la iniciativa ya sea tratada por el nuevo Congreso.<\/p>\n<p class=\"com-paragraph   --s\">Los mandatarios no conocen cu\u00e1l ser\u00e1 la modalidad de la reuni\u00f3n, pero son varios los que prepararon un apunte de los temas pendientes con Naci\u00f3n. Van preparados por si se repite el esquema del encuentro de diciembre del 2023, cuando cada uno tuvo unos minutos para exponer. No hay detalles porque la convocatoria se realiz\u00f3 con llamados telef\u00f3nicos, as\u00ed que no existe un orden del d\u00eda.<\/p>\n<p><a href=\"https:\/\/www.lanacion.com.ar\/politica\/milei-les-pedira-a-los-gobernadores-que-lo-acompanen-con-el-presupuesto-y-las-reformas-laboral-e-nid29102025\/\">Fuente de la nota <\/a><\/p>\n","protected":false},"excerpt":{"rendered":"<p>El Gobierno se prepara para cumplir con la primera demanda que se le plante\u00f3 interna y externamente despu\u00e9s del triunfo electoral del domingo: reunirse con los gobernadores para empezar a desplegar la agenda que pretende impulsar en la segunda mitad de su mandato. En la Casa Rosada marcaban que si bien creen que se tratar\u00e1 [&hellip;]<\/p>\n","protected":false},"author":5,"featured_media":46071,"comment_status":"closed","ping_status":"open","sticky":false,"template":"","format":"standard","meta":{"footnotes":""},"categories":[3],"tags":[],"class_list":{"0":"post-46070","1":"post","2":"type-post","3":"status-publish","4":"format-standard","5":"has-post-thumbnail","7":"category-politica"},"yoast_head":"<!-- This site is optimized with the Yoast SEO plugin v27.4 - https:\/\/yoast.com\/product\/yoast-seo-wordpress\/ -->\n<title>Milei les pedir\u00e1 a los gobernadores que lo acompa\u00f1en con el presupuesto y las reformas laboral e impositiva - El Diario de Tucuman<\/title>\n<meta name=\"robots\" content=\"index, follow, max-snippet:-1, max-image-preview:large, max-video-preview:-1\" \/>\n<link rel=\"canonical\" href=\"https:\/\/www.eldiariodetucuman.com\/web\/milei-les-pedira-a-los-gobernadores-que-lo-acompanen-con-el-presupuesto-y-las-reformas-laboral-e-impositiva\/\" \/>\n<meta property=\"og:locale\" content=\"es_ES\" \/>\n<meta property=\"og:type\" content=\"article\" \/>\n<meta property=\"og:title\" content=\"Milei les pedir\u00e1 a los gobernadores que lo acompa\u00f1en con el presupuesto y las reformas laboral e impositiva - El Diario de Tucuman\" \/>\n<meta property=\"og:description\" content=\"El Gobierno se prepara para cumplir con la primera demanda que se le plante\u00f3 interna y externamente despu\u00e9s del triunfo electoral del domingo: reunirse con los gobernadores para empezar a desplegar la agenda que pretende impulsar en la segunda mitad de su mandato. En la Casa Rosada marcaban que si bien creen que se tratar\u00e1 [&hellip;]\" \/>\n<meta property=\"og:url\" content=\"https:\/\/www.eldiariodetucuman.com\/web\/milei-les-pedira-a-los-gobernadores-que-lo-acompanen-con-el-presupuesto-y-las-reformas-laboral-e-impositiva\/\" \/>\n<meta property=\"og:site_name\" content=\"El Diario de Tucuman\" \/>\n<meta property=\"article:published_time\" content=\"2025-10-30T03:17:07+00:00\" \/>\n<meta property=\"article:modified_time\" content=\"2025-10-30T03:17:09+00:00\" \/>\n<meta property=\"og:image\" content=\"https:\/\/www.eldiariodetucuman.com\/web\/wp-content\/uploads\/2025\/10\/javier-milei-junto-con-los-gobernadores-en-la-JZJDFARGERFLJLNH26SGMK5654.JPG\" \/>\n\t<meta property=\"og:image:width\" content=\"1200\" \/>\n\t<meta property=\"og:image:height\" content=\"790\" \/>\n\t<meta property=\"og:image:type\" content=\"image\/jpeg\" \/>\n<meta name=\"author\" content=\"Redactor Uno\" \/>\n<meta name=\"twitter:card\" content=\"summary_large_image\" \/>\n<meta name=\"twitter:label1\" content=\"Escrito por\" \/>\n\t<meta name=\"twitter:data1\" content=\"Redactor Uno\" \/>\n\t<meta name=\"twitter:label2\" content=\"Tiempo de lectura\" \/>\n\t<meta name=\"twitter:data2\" content=\"5 minutos\" \/>\n<script type=\"application\/ld+json\" class=\"yoast-schema-graph\">{\"@context\":\"https:\\\/\\\/schema.org\",\"@graph\":[{\"@type\":\"Article\",\"@id\":\"https:\\\/\\\/www.eldiariodetucuman.com\\\/web\\\/milei-les-pedira-a-los-gobernadores-que-lo-acompanen-con-el-presupuesto-y-las-reformas-laboral-e-impositiva\\\/#article\",\"isPartOf\":{\"@id\":\"https:\\\/\\\/www.eldiariodetucuman.com\\\/web\\\/milei-les-pedira-a-los-gobernadores-que-lo-acompanen-con-el-presupuesto-y-las-reformas-laboral-e-impositiva\\\/\"},\"author\":{\"name\":\"Redactor Uno\",\"@id\":\"https:\\\/\\\/www.eldiariodetucuman.com\\\/web\\\/#\\\/schema\\\/person\\\/7e6644a46e60888f6b868594407e08dd\"},\"headline\":\"Milei les pedir\u00e1 a los gobernadores que lo acompa\u00f1en con el presupuesto y las reformas laboral e impositiva\",\"datePublished\":\"2025-10-30T03:17:07+00:00\",\"dateModified\":\"2025-10-30T03:17:09+00:00\",\"mainEntityOfPage\":{\"@id\":\"https:\\\/\\\/www.eldiariodetucuman.com\\\/web\\\/milei-les-pedira-a-los-gobernadores-que-lo-acompanen-con-el-presupuesto-y-las-reformas-laboral-e-impositiva\\\/\"},\"wordCount\":967,\"publisher\":{\"@id\":\"https:\\\/\\\/www.eldiariodetucuman.com\\\/web\\\/#organization\"},\"image\":{\"@id\":\"https:\\\/\\\/www.eldiariodetucuman.com\\\/web\\\/milei-les-pedira-a-los-gobernadores-que-lo-acompanen-con-el-presupuesto-y-las-reformas-laboral-e-impositiva\\\/#primaryimage\"},\"thumbnailUrl\":\"https:\\\/\\\/www.eldiariodetucuman.com\\\/web\\\/wp-content\\\/uploads\\\/2025\\\/10\\\/javier-milei-junto-con-los-gobernadores-en-la-JZJDFARGERFLJLNH26SGMK5654.JPG\",\"articleSection\":[\"Politica\"],\"inLanguage\":\"es\"},{\"@type\":\"WebPage\",\"@id\":\"https:\\\/\\\/www.eldiariodetucuman.com\\\/web\\\/milei-les-pedira-a-los-gobernadores-que-lo-acompanen-con-el-presupuesto-y-las-reformas-laboral-e-impositiva\\\/\",\"url\":\"https:\\\/\\\/www.eldiariodetucuman.com\\\/web\\\/milei-les-pedira-a-los-gobernadores-que-lo-acompanen-con-el-presupuesto-y-las-reformas-laboral-e-impositiva\\\/\",\"name\":\"Milei les pedir\u00e1 a los gobernadores que lo acompa\u00f1en con el presupuesto y las reformas laboral e impositiva - El Diario de Tucuman\",\"isPartOf\":{\"@id\":\"https:\\\/\\\/www.eldiariodetucuman.com\\\/web\\\/#website\"},\"primaryImageOfPage\":{\"@id\":\"https:\\\/\\\/www.eldiariodetucuman.com\\\/web\\\/milei-les-pedira-a-los-gobernadores-que-lo-acompanen-con-el-presupuesto-y-las-reformas-laboral-e-impositiva\\\/#primaryimage\"},\"image\":{\"@id\":\"https:\\\/\\\/www.eldiariodetucuman.com\\\/web\\\/milei-les-pedira-a-los-gobernadores-que-lo-acompanen-con-el-presupuesto-y-las-reformas-laboral-e-impositiva\\\/#primaryimage\"},\"thumbnailUrl\":\"https:\\\/\\\/www.eldiariodetucuman.com\\\/web\\\/wp-content\\\/uploads\\\/2025\\\/10\\\/javier-milei-junto-con-los-gobernadores-en-la-JZJDFARGERFLJLNH26SGMK5654.JPG\",\"datePublished\":\"2025-10-30T03:17:07+00:00\",\"dateModified\":\"2025-10-30T03:17:09+00:00\",\"breadcrumb\":{\"@id\":\"https:\\\/\\\/www.eldiariodetucuman.com\\\/web\\\/milei-les-pedira-a-los-gobernadores-que-lo-acompanen-con-el-presupuesto-y-las-reformas-laboral-e-impositiva\\\/#breadcrumb\"},\"inLanguage\":\"es\",\"potentialAction\":[{\"@type\":\"ReadAction\",\"target\":[\"https:\\\/\\\/www.eldiariodetucuman.com\\\/web\\\/milei-les-pedira-a-los-gobernadores-que-lo-acompanen-con-el-presupuesto-y-las-reformas-laboral-e-impositiva\\\/\"]}]},{\"@type\":\"ImageObject\",\"inLanguage\":\"es\",\"@id\":\"https:\\\/\\\/www.eldiariodetucuman.com\\\/web\\\/milei-les-pedira-a-los-gobernadores-que-lo-acompanen-con-el-presupuesto-y-las-reformas-laboral-e-impositiva\\\/#primaryimage\",\"url\":\"https:\\\/\\\/www.eldiariodetucuman.com\\\/web\\\/wp-content\\\/uploads\\\/2025\\\/10\\\/javier-milei-junto-con-los-gobernadores-en-la-JZJDFARGERFLJLNH26SGMK5654.JPG\",\"contentUrl\":\"https:\\\/\\\/www.eldiariodetucuman.com\\\/web\\\/wp-content\\\/uploads\\\/2025\\\/10\\\/javier-milei-junto-con-los-gobernadores-en-la-JZJDFARGERFLJLNH26SGMK5654.JPG\",\"width\":1200,\"height\":790},{\"@type\":\"BreadcrumbList\",\"@id\":\"https:\\\/\\\/www.eldiariodetucuman.com\\\/web\\\/milei-les-pedira-a-los-gobernadores-que-lo-acompanen-con-el-presupuesto-y-las-reformas-laboral-e-impositiva\\\/#breadcrumb\",\"itemListElement\":[{\"@type\":\"ListItem\",\"position\":1,\"name\":\"Portada\",\"item\":\"https:\\\/\\\/www.eldiariodetucuman.com\\\/web\\\/\"},{\"@type\":\"ListItem\",\"position\":2,\"name\":\"Milei les pedir\u00e1 a los gobernadores que lo acompa\u00f1en con el presupuesto y las reformas laboral e impositiva\"}]},{\"@type\":\"WebSite\",\"@id\":\"https:\\\/\\\/www.eldiariodetucuman.com\\\/web\\\/#website\",\"url\":\"https:\\\/\\\/www.eldiariodetucuman.com\\\/web\\\/\",\"name\":\"El Diario de Tucuman\",\"description\":\"Diario Tucuman - Informaci\u00f3n y noticias\",\"publisher\":{\"@id\":\"https:\\\/\\\/www.eldiariodetucuman.com\\\/web\\\/#organization\"},\"potentialAction\":[{\"@type\":\"SearchAction\",\"target\":{\"@type\":\"EntryPoint\",\"urlTemplate\":\"https:\\\/\\\/www.eldiariodetucuman.com\\\/web\\\/?s={search_term_string}\"},\"query-input\":{\"@type\":\"PropertyValueSpecification\",\"valueRequired\":true,\"valueName\":\"search_term_string\"}}],\"inLanguage\":\"es\"},{\"@type\":\"Organization\",\"@id\":\"https:\\\/\\\/www.eldiariodetucuman.com\\\/web\\\/#organization\",\"name\":\"El Diario de Tucuman\",\"url\":\"https:\\\/\\\/www.eldiariodetucuman.com\\\/web\\\/\",\"logo\":{\"@type\":\"ImageObject\",\"inLanguage\":\"es\",\"@id\":\"https:\\\/\\\/www.eldiariodetucuman.com\\\/web\\\/#\\\/schema\\\/logo\\\/image\\\/\",\"url\":\"http:\\\/\\\/www.eldiariodetucuman.com\\\/web\\\/wp-content\\\/uploads\\\/2017\\\/12\\\/el-diario-de-tucuman.jpg\",\"contentUrl\":\"http:\\\/\\\/www.eldiariodetucuman.com\\\/web\\\/wp-content\\\/uploads\\\/2017\\\/12\\\/el-diario-de-tucuman.jpg\",\"width\":272,\"height\":92,\"caption\":\"El Diario de Tucuman\"},\"image\":{\"@id\":\"https:\\\/\\\/www.eldiariodetucuman.com\\\/web\\\/#\\\/schema\\\/logo\\\/image\\\/\"}},{\"@type\":\"Person\",\"@id\":\"https:\\\/\\\/www.eldiariodetucuman.com\\\/web\\\/#\\\/schema\\\/person\\\/7e6644a46e60888f6b868594407e08dd\",\"name\":\"Redactor Uno\",\"image\":{\"@type\":\"ImageObject\",\"inLanguage\":\"es\",\"@id\":\"https:\\\/\\\/secure.gravatar.com\\\/avatar\\\/0049b1bdf1bd548385c9ea6b9356431717930913089febd2ba904f0187d7d074?s=96&d=mm&r=g\",\"url\":\"https:\\\/\\\/secure.gravatar.com\\\/avatar\\\/0049b1bdf1bd548385c9ea6b9356431717930913089febd2ba904f0187d7d074?s=96&d=mm&r=g\",\"contentUrl\":\"https:\\\/\\\/secure.gravatar.com\\\/avatar\\\/0049b1bdf1bd548385c9ea6b9356431717930913089febd2ba904f0187d7d074?s=96&d=mm&r=g\",\"caption\":\"Redactor Uno\"},\"url\":\"https:\\\/\\\/www.eldiariodetucuman.com\\\/web\\\/author\\\/mramasco\\\/\"}]}<\/script>\n<!-- \/ Yoast SEO plugin. -->","yoast_head_json":{"title":"Milei les pedir\u00e1 a los gobernadores que lo acompa\u00f1en con el presupuesto y las reformas laboral e impositiva - El Diario de Tucuman","robots":{"index":"index","follow":"follow","max-snippet":"max-snippet:-1","max-image-preview":"max-image-preview:large","max-video-preview":"max-video-preview:-1"},"canonical":"https:\/\/www.eldiariodetucuman.com\/web\/milei-les-pedira-a-los-gobernadores-que-lo-acompanen-con-el-presupuesto-y-las-reformas-laboral-e-impositiva\/","og_locale":"es_ES","og_type":"article","og_title":"Milei les pedir\u00e1 a los gobernadores que lo acompa\u00f1en con el presupuesto y las reformas laboral e impositiva - El Diario de Tucuman","og_description":"El Gobierno se prepara para cumplir con la primera demanda que se le plante\u00f3 interna y externamente despu\u00e9s del triunfo electoral del domingo: reunirse con los gobernadores para empezar a desplegar la agenda que pretende impulsar en la segunda mitad de su mandato. En la Casa Rosada marcaban que si bien creen que se tratar\u00e1 [&hellip;]","og_url":"https:\/\/www.eldiariodetucuman.com\/web\/milei-les-pedira-a-los-gobernadores-que-lo-acompanen-con-el-presupuesto-y-las-reformas-laboral-e-impositiva\/","og_site_name":"El Diario de Tucuman","article_published_time":"2025-10-30T03:17:07+00:00","article_modified_time":"2025-10-30T03:17:09+00:00","og_image":[{"width":1200,"height":790,"url":"https:\/\/www.eldiariodetucuman.com\/web\/wp-content\/uploads\/2025\/10\/javier-milei-junto-con-los-gobernadores-en-la-JZJDFARGERFLJLNH26SGMK5654.JPG","type":"image\/jpeg"}],"author":"Redactor Uno","twitter_card":"summary_large_image","twitter_misc":{"Escrito por":"Redactor Uno","Tiempo de lectura":"5 minutos"},"schema":{"@context":"https:\/\/schema.org","@graph":[{"@type":"Article","@id":"https:\/\/www.eldiariodetucuman.com\/web\/milei-les-pedira-a-los-gobernadores-que-lo-acompanen-con-el-presupuesto-y-las-reformas-laboral-e-impositiva\/#article","isPartOf":{"@id":"https:\/\/www.eldiariodetucuman.com\/web\/milei-les-pedira-a-los-gobernadores-que-lo-acompanen-con-el-presupuesto-y-las-reformas-laboral-e-impositiva\/"},"author":{"name":"Redactor Uno","@id":"https:\/\/www.eldiariodetucuman.com\/web\/#\/schema\/person\/7e6644a46e60888f6b868594407e08dd"},"headline":"Milei les pedir\u00e1 a los gobernadores que lo acompa\u00f1en con el presupuesto y las reformas laboral e impositiva","datePublished":"2025-10-30T03:17:07+00:00","dateModified":"2025-10-30T03:17:09+00:00","mainEntityOfPage":{"@id":"https:\/\/www.eldiariodetucuman.com\/web\/milei-les-pedira-a-los-gobernadores-que-lo-acompanen-con-el-presupuesto-y-las-reformas-laboral-e-impositiva\/"},"wordCount":967,"publisher":{"@id":"https:\/\/www.eldiariodetucuman.com\/web\/#organization"},"image":{"@id":"https:\/\/www.eldiariodetucuman.com\/web\/milei-les-pedira-a-los-gobernadores-que-lo-acompanen-con-el-presupuesto-y-las-reformas-laboral-e-impositiva\/#primaryimage"},"thumbnailUrl":"https:\/\/www.eldiariodetucuman.com\/web\/wp-content\/uploads\/2025\/10\/javier-milei-junto-con-los-gobernadores-en-la-JZJDFARGERFLJLNH26SGMK5654.JPG","articleSection":["Politica"],"inLanguage":"es"},{"@type":"WebPage","@id":"https:\/\/www.eldiariodetucuman.com\/web\/milei-les-pedira-a-los-gobernadores-que-lo-acompanen-con-el-presupuesto-y-las-reformas-laboral-e-impositiva\/","url":"https:\/\/www.eldiariodetucuman.com\/web\/milei-les-pedira-a-los-gobernadores-que-lo-acompanen-con-el-presupuesto-y-las-reformas-laboral-e-impositiva\/","name":"Milei les pedir\u00e1 a los gobernadores que lo acompa\u00f1en con el presupuesto y las reformas laboral e impositiva - El Diario de Tucuman","isPartOf":{"@id":"https:\/\/www.eldiariodetucuman.com\/web\/#website"},"primaryImageOfPage":{"@id":"https:\/\/www.eldiariodetucuman.com\/web\/milei-les-pedira-a-los-gobernadores-que-lo-acompanen-con-el-presupuesto-y-las-reformas-laboral-e-impositiva\/#primaryimage"},"image":{"@id":"https:\/\/www.eldiariodetucuman.com\/web\/milei-les-pedira-a-los-gobernadores-que-lo-acompanen-con-el-presupuesto-y-las-reformas-laboral-e-impositiva\/#primaryimage"},"thumbnailUrl":"https:\/\/www.eldiariodetucuman.com\/web\/wp-content\/uploads\/2025\/10\/javier-milei-junto-con-los-gobernadores-en-la-JZJDFARGERFLJLNH26SGMK5654.JPG","datePublished":"2025-10-30T03:17:07+00:00","dateModified":"2025-10-30T03:17:09+00:00","breadcrumb":{"@id":"https:\/\/www.eldiariodetucuman.com\/web\/milei-les-pedira-a-los-gobernadores-que-lo-acompanen-con-el-presupuesto-y-las-reformas-laboral-e-impositiva\/#breadcrumb"},"inLanguage":"es","potentialAction":[{"@type":"ReadAction","target":["https:\/\/www.eldiariodetucuman.com\/web\/milei-les-pedira-a-los-gobernadores-que-lo-acompanen-con-el-presupuesto-y-las-reformas-laboral-e-impositiva\/"]}]},{"@type":"ImageObject","inLanguage":"es","@id":"https:\/\/www.eldiariodetucuman.com\/web\/milei-les-pedira-a-los-gobernadores-que-lo-acompanen-con-el-presupuesto-y-las-reformas-laboral-e-impositiva\/#primaryimage","url":"https:\/\/www.eldiariodetucuman.com\/web\/wp-content\/uploads\/2025\/10\/javier-milei-junto-con-los-gobernadores-en-la-JZJDFARGERFLJLNH26SGMK5654.JPG","contentUrl":"https:\/\/www.eldiariodetucuman.com\/web\/wp-content\/uploads\/2025\/10\/javier-milei-junto-con-los-gobernadores-en-la-JZJDFARGERFLJLNH26SGMK5654.JPG","width":1200,"height":790},{"@type":"BreadcrumbList","@id":"https:\/\/www.eldiariodetucuman.com\/web\/milei-les-pedira-a-los-gobernadores-que-lo-acompanen-con-el-presupuesto-y-las-reformas-laboral-e-impositiva\/#breadcrumb","itemListElement":[{"@type":"ListItem","position":1,"name":"Portada","item":"https:\/\/www.eldiariodetucuman.com\/web\/"},{"@type":"ListItem","position":2,"name":"Milei les pedir\u00e1 a los gobernadores que lo acompa\u00f1en con el presupuesto y las reformas laboral e impositiva"}]},{"@type":"WebSite","@id":"https:\/\/www.eldiariodetucuman.com\/web\/#website","url":"https:\/\/www.eldiariodetucuman.com\/web\/","name":"El Diario de Tucuman","description":"Diario Tucuman - Informaci\u00f3n y noticias","publisher":{"@id":"https:\/\/www.eldiariodetucuman.com\/web\/#organization"},"potentialAction":[{"@type":"SearchAction","target":{"@type":"EntryPoint","urlTemplate":"https:\/\/www.eldiariodetucuman.com\/web\/?s={search_term_string}"},"query-input":{"@type":"PropertyValueSpecification","valueRequired":true,"valueName":"search_term_string"}}],"inLanguage":"es"},{"@type":"Organization","@id":"https:\/\/www.eldiariodetucuman.com\/web\/#organization","name":"El Diario de Tucuman","url":"https:\/\/www.eldiariodetucuman.com\/web\/","logo":{"@type":"ImageObject","inLanguage":"es","@id":"https:\/\/www.eldiariodetucuman.com\/web\/#\/schema\/logo\/image\/","url":"http:\/\/www.eldiariodetucuman.com\/web\/wp-content\/uploads\/2017\/12\/el-diario-de-tucuman.jpg","contentUrl":"http:\/\/www.eldiariodetucuman.com\/web\/wp-content\/uploads\/2017\/12\/el-diario-de-tucuman.jpg","width":272,"height":92,"caption":"El Diario de Tucuman"},"image":{"@id":"https:\/\/www.eldiariodetucuman.com\/web\/#\/schema\/logo\/image\/"}},{"@type":"Person","@id":"https:\/\/www.eldiariodetucuman.com\/web\/#\/schema\/person\/7e6644a46e60888f6b868594407e08dd","name":"Redactor Uno","image":{"@type":"ImageObject","inLanguage":"es","@id":"https:\/\/secure.gravatar.com\/avatar\/0049b1bdf1bd548385c9ea6b9356431717930913089febd2ba904f0187d7d074?s=96&d=mm&r=g","url":"https:\/\/secure.gravatar.com\/avatar\/0049b1bdf1bd548385c9ea6b9356431717930913089febd2ba904f0187d7d074?s=96&d=mm&r=g","contentUrl":"https:\/\/secure.gravatar.com\/avatar\/0049b1bdf1bd548385c9ea6b9356431717930913089febd2ba904f0187d7d074?s=96&d=mm&r=g","caption":"Redactor Uno"},"url":"https:\/\/www.eldiariodetucuman.com\/web\/author\/mramasco\/"}]}},"_links":{"self":[{"href":"https:\/\/www.eldiariodetucuman.com\/web\/wp-json\/wp\/v2\/posts\/46070","targetHints":{"allow":["GET"]}}],"collection":[{"href":"https:\/\/www.eldiariodetucuman.com\/web\/wp-json\/wp\/v2\/posts"}],"about":[{"href":"https:\/\/www.eldiariodetucuman.com\/web\/wp-json\/wp\/v2\/types\/post"}],"author":[{"embeddable":true,"href":"https:\/\/www.eldiariodetucuman.com\/web\/wp-json\/wp\/v2\/users\/5"}],"replies":[{"embeddable":true,"href":"https:\/\/www.eldiariodetucuman.com\/web\/wp-json\/wp\/v2\/comments?post=46070"}],"version-history":[{"count":1,"href":"https:\/\/www.eldiariodetucuman.com\/web\/wp-json\/wp\/v2\/posts\/46070\/revisions"}],"predecessor-version":[{"id":46072,"href":"https:\/\/www.eldiariodetucuman.com\/web\/wp-json\/wp\/v2\/posts\/46070\/revisions\/46072"}],"wp:featuredmedia":[{"embeddable":true,"href":"https:\/\/www.eldiariodetucuman.com\/web\/wp-json\/wp\/v2\/media\/46071"}],"wp:attachment":[{"href":"https:\/\/www.eldiariodetucuman.com\/web\/wp-json\/wp\/v2\/media?parent=46070"}],"wp:term":[{"taxonomy":"category","embeddable":true,"href":"https:\/\/www.eldiariodetucuman.com\/web\/wp-json\/wp\/v2\/categories?post=46070"},{"taxonomy":"post_tag","embeddable":true,"href":"https:\/\/www.eldiariodetucuman.com\/web\/wp-json\/wp\/v2\/tags?post=46070"}],"curies":[{"name":"wp","href":"https:\/\/api.w.org\/{rel}","templated":true}]}}