{"id":46059,"date":"2025-10-29T00:14:21","date_gmt":"2025-10-29T03:14:21","guid":{"rendered":"https:\/\/www.eldiariodetucuman.com\/web\/un-exdirector-de-la-psa-le-respondio-a-bullrich-por-cuestionar-informes-sobre-la-detencion-de-fred-machado\/"},"modified":"2025-10-29T00:14:23","modified_gmt":"2025-10-29T03:14:23","slug":"un-exdirector-de-la-psa-le-respondio-a-bullrich-por-cuestionar-informes-sobre-la-detencion-de-fred-machado","status":"publish","type":"post","link":"https:\/\/www.eldiariodetucuman.com\/web\/un-exdirector-de-la-psa-le-respondio-a-bullrich-por-cuestionar-informes-sobre-la-detencion-de-fred-machado\/","title":{"rendered":"Un exdirector de la PSA le respondi\u00f3 a Bullrich por cuestionar informes sobre la detenci\u00f3n de \u201cFred\u201d Machado"},"content":{"rendered":"<p><\/p>\n<p class=\"com-paragraph  --capital --s\">Despu\u00e9s de que la ministra de Seguridad, <strong>Patricia Bullrich<\/strong>, apuntara en la Comisi\u00f3n de Presupuesto contra la gesti\u00f3n anterior y denunciara irregularidades en informes sobre la detenci\u00f3n de <strong>Federico Andr\u00e9s \u201cFred\u201d Machado<\/strong>, el <strong>exdirector de la Polic\u00eda de Seguridad Aeroportuaria, Jos\u00e9 Glinski, le sali\u00f3 al cruce<\/strong>, desminti\u00f3 las declaraciones de la funcionaria se\u00f1alando que la informaci\u00f3n \u201cpermiti\u00f3 detener al financista\u201d y la <strong>acus\u00f3 de utilizar las fuerzas de seguridad \u201cpara su propio beneficio<\/strong>\u201d.<\/p>\n<p class=\"com-paragraph   --s\">En su disertaci\u00f3n, Bullrich aclar\u00f3 que para el 10 de diciembre de 2023, cuando La Libertad Avanza (LLA) asumi\u00f3 al poder, Machado ya hab\u00eda sido detenido por la PSA, pero que, antes de esa situaci\u00f3n, se presentaron dos informes. Uno de ellos habr\u00eda expuesto la situaci\u00f3n del detenido y sus contactos, y, en un p\u00e1rrafo, <strong>habr\u00eda dicho que colabor\u00f3 con la campa\u00f1a de 2019<\/strong>. <\/p>\n<p class=\"com-paragraph   --s\">Al respecto, explic\u00f3: \u201cYa se lo mandamos a la Justicia. Le abrimos un expediente administrativo al exdirector de la Direcci\u00f3n Nacional de Inteligencia Criminal porque <strong>no hay un papel que diga que de ese informe que \u00e9l elaboro se haya judicializado una informaci\u00f3n<\/strong>. El organismo tiene la obligaci\u00f3n de judicializar cuando de sus an\u00e1lisis se deriva la posibilidad de un delito. En este caso, como no existe ese papel, abrimos un expediente administrativo porque, si lo hizo, no lo dej\u00f3 registrado\u00bb.<\/p>\n<p class=\"com-paragraph   --s\">Adem\u00e1s continu\u00f3: \u201cA la vez, hay un informe de la PSA, conducida por un diputado nacional al que respeto. Ah\u00ed se incluye que <strong>uno de los miembros del personal civil ten\u00eda un carnet para manejar el auto de Fred Machado<\/strong>. Se lo acabo de mandar a la Justicia. \u00bfQu\u00e9 hizo el director con ese personal? Se le abri\u00f3 un expediente a esa persona para que explique. La responsabilidad de quien deb\u00eda haber actuado en este caso es de quienes estaban al frente de los organismos de la Direcci\u00f3n Nacional de Inteligencia, de la PSA y del Ministerio de Seguridad\u00bb.<\/p>\n<p class=\"com-paragraph   --s\">Por su parte, Glinski reaccion\u00f3 y acus\u00f3 a la ministra de <strong>\u201crecurrir a supuestas irregularidades para encubrir su impericia\u201d<\/strong>. \u201cLos informes que mencion\u00f3 fueron elaborados por la Direcci\u00f3n Nacional de Inteligencia Criminal y la PSA, en el marco de una investigaci\u00f3n iniciada en EE.UU. con participaci\u00f3n de Homeland Security y la Procunar del Ministerio P\u00fablico Fiscal\u201c, coment\u00f3 en sus redes sociales y afirm\u00f3 que formaron parte del expediente que permiti\u00f3 detener a Machado.<\/p>\n<p class=\"com-paragraph   --s\">\u201c<strong>No entiendo por qu\u00e9 tergiversa o desconoce un trabajo profesional bien hecho y de utilidad para la causa.<\/strong> Pero no me sorprende, tampoco se interiorizaron en estos informes cuando eligieron a Jos\u00e9 Luis Espert Espert como primer candidato y ya era p\u00fablica su relaci\u00f3n con Machado\u201d, cuestion\u00f3 el diputado de Fuerza Patria.<\/p>\n<p class=\"com-paragraph   --s\">En tanto, Glinski respondi\u00f3 a los comentarios de Bullrich sobre el informe de 2021 de la PSA sobre el carnet que una empleada ten\u00eda para conducir el veh\u00edculo de Machado: \u201c<strong>La Justicia ya contaba con esa informaci\u00f3n, y usted misma la design\u00f3 [a la empleada] como secretaria del Tribunal de Disciplina de la Direcci\u00f3n de Control Policial<\/strong> de la PSA en septiembre de 2024\u2033.<\/p>\n<p><a href=\"https:\/\/www.lanacion.com.ar\/politica\/un-exdirector-de-la-psa-le-respondio-a-bullrich-por-cuestionar-informes-sobre-la-detencion-de-fred-nid28102025\/\">Fuente de la nota <\/a><\/p>\n","protected":false},"excerpt":{"rendered":"<p>Despu\u00e9s de que la ministra de Seguridad, Patricia Bullrich, apuntara en la Comisi\u00f3n de Presupuesto contra la gesti\u00f3n anterior y denunciara irregularidades en informes sobre la detenci\u00f3n de Federico Andr\u00e9s \u201cFred\u201d Machado, el exdirector de la Polic\u00eda de Seguridad Aeroportuaria, Jos\u00e9 Glinski, le sali\u00f3 al cruce, desminti\u00f3 las declaraciones de la funcionaria se\u00f1alando que la [&hellip;]<\/p>\n","protected":false},"author":5,"featured_media":46060,"comment_status":"closed","ping_status":"open","sticky":false,"template":"","format":"standard","meta":{"footnotes":""},"categories":[3],"tags":[],"class_list":{"0":"post-46059","1":"post","2":"type-post","3":"status-publish","4":"format-standard","5":"has-post-thumbnail","7":"category-politica"},"yoast_head":"<!-- This site is optimized with the Yoast SEO plugin v27.5 - https:\/\/yoast.com\/product\/yoast-seo-wordpress\/ -->\n<title>Un exdirector de la PSA le respondi\u00f3 a Bullrich por cuestionar informes sobre la detenci\u00f3n de \u201cFred\u201d Machado - El Diario de Tucuman<\/title>\n<meta name=\"robots\" content=\"index, follow, max-snippet:-1, max-image-preview:large, max-video-preview:-1\" \/>\n<link rel=\"canonical\" href=\"https:\/\/www.eldiariodetucuman.com\/web\/un-exdirector-de-la-psa-le-respondio-a-bullrich-por-cuestionar-informes-sobre-la-detencion-de-fred-machado\/\" \/>\n<meta property=\"og:locale\" content=\"es_ES\" \/>\n<meta property=\"og:type\" content=\"article\" \/>\n<meta property=\"og:title\" content=\"Un exdirector de la PSA le respondi\u00f3 a Bullrich por cuestionar informes sobre la detenci\u00f3n de \u201cFred\u201d Machado - El Diario de Tucuman\" \/>\n<meta property=\"og:description\" content=\"Despu\u00e9s de que la ministra de Seguridad, Patricia Bullrich, apuntara en la Comisi\u00f3n de Presupuesto contra la gesti\u00f3n anterior y denunciara irregularidades en informes sobre la detenci\u00f3n de Federico Andr\u00e9s \u201cFred\u201d Machado, el exdirector de la Polic\u00eda de Seguridad Aeroportuaria, Jos\u00e9 Glinski, le sali\u00f3 al cruce, desminti\u00f3 las declaraciones de la funcionaria se\u00f1alando que la [&hellip;]\" \/>\n<meta property=\"og:url\" content=\"https:\/\/www.eldiariodetucuman.com\/web\/un-exdirector-de-la-psa-le-respondio-a-bullrich-por-cuestionar-informes-sobre-la-detencion-de-fred-machado\/\" \/>\n<meta property=\"og:site_name\" content=\"El Diario de Tucuman\" \/>\n<meta property=\"article:published_time\" content=\"2025-10-29T03:14:21+00:00\" \/>\n<meta property=\"article:modified_time\" content=\"2025-10-29T03:14:23+00:00\" \/>\n<meta property=\"og:image\" content=\"https:\/\/www.eldiariodetucuman.com\/web\/wp-content\/uploads\/2025\/10\/un-exdirector-de-la-psa-le-respondio-a-bullrich-LFYT5BPTVJFANJTRL5VP6IIE34.jfif.jpeg\" \/>\n\t<meta property=\"og:image:width\" content=\"1200\" \/>\n\t<meta property=\"og:image:height\" content=\"927\" \/>\n\t<meta property=\"og:image:type\" content=\"image\/jpeg\" \/>\n<meta name=\"author\" content=\"Redactor Uno\" \/>\n<meta name=\"twitter:card\" content=\"summary_large_image\" \/>\n<meta name=\"twitter:label1\" content=\"Escrito por\" \/>\n\t<meta name=\"twitter:data1\" content=\"Redactor Uno\" \/>\n\t<meta name=\"twitter:label2\" content=\"Tiempo de lectura\" \/>\n\t<meta name=\"twitter:data2\" content=\"3 minutos\" \/>\n<script type=\"application\/ld+json\" class=\"yoast-schema-graph\">{\"@context\":\"https:\\\/\\\/schema.org\",\"@graph\":[{\"@type\":\"Article\",\"@id\":\"https:\\\/\\\/www.eldiariodetucuman.com\\\/web\\\/un-exdirector-de-la-psa-le-respondio-a-bullrich-por-cuestionar-informes-sobre-la-detencion-de-fred-machado\\\/#article\",\"isPartOf\":{\"@id\":\"https:\\\/\\\/www.eldiariodetucuman.com\\\/web\\\/un-exdirector-de-la-psa-le-respondio-a-bullrich-por-cuestionar-informes-sobre-la-detencion-de-fred-machado\\\/\"},\"author\":{\"name\":\"Redactor Uno\",\"@id\":\"https:\\\/\\\/www.eldiariodetucuman.com\\\/web\\\/#\\\/schema\\\/person\\\/7e6644a46e60888f6b868594407e08dd\"},\"headline\":\"Un exdirector de la PSA le respondi\u00f3 a Bullrich por cuestionar informes sobre la detenci\u00f3n de \u201cFred\u201d Machado\",\"datePublished\":\"2025-10-29T03:14:21+00:00\",\"dateModified\":\"2025-10-29T03:14:23+00:00\",\"mainEntityOfPage\":{\"@id\":\"https:\\\/\\\/www.eldiariodetucuman.com\\\/web\\\/un-exdirector-de-la-psa-le-respondio-a-bullrich-por-cuestionar-informes-sobre-la-detencion-de-fred-machado\\\/\"},\"wordCount\":559,\"publisher\":{\"@id\":\"https:\\\/\\\/www.eldiariodetucuman.com\\\/web\\\/#organization\"},\"image\":{\"@id\":\"https:\\\/\\\/www.eldiariodetucuman.com\\\/web\\\/un-exdirector-de-la-psa-le-respondio-a-bullrich-por-cuestionar-informes-sobre-la-detencion-de-fred-machado\\\/#primaryimage\"},\"thumbnailUrl\":\"https:\\\/\\\/www.eldiariodetucuman.com\\\/web\\\/wp-content\\\/uploads\\\/2025\\\/10\\\/un-exdirector-de-la-psa-le-respondio-a-bullrich-LFYT5BPTVJFANJTRL5VP6IIE34.jfif.jpeg\",\"articleSection\":[\"Politica\"],\"inLanguage\":\"es\"},{\"@type\":\"WebPage\",\"@id\":\"https:\\\/\\\/www.eldiariodetucuman.com\\\/web\\\/un-exdirector-de-la-psa-le-respondio-a-bullrich-por-cuestionar-informes-sobre-la-detencion-de-fred-machado\\\/\",\"url\":\"https:\\\/\\\/www.eldiariodetucuman.com\\\/web\\\/un-exdirector-de-la-psa-le-respondio-a-bullrich-por-cuestionar-informes-sobre-la-detencion-de-fred-machado\\\/\",\"name\":\"Un exdirector de la PSA le respondi\u00f3 a Bullrich por cuestionar informes sobre la detenci\u00f3n de \u201cFred\u201d Machado - El Diario de Tucuman\",\"isPartOf\":{\"@id\":\"https:\\\/\\\/www.eldiariodetucuman.com\\\/web\\\/#website\"},\"primaryImageOfPage\":{\"@id\":\"https:\\\/\\\/www.eldiariodetucuman.com\\\/web\\\/un-exdirector-de-la-psa-le-respondio-a-bullrich-por-cuestionar-informes-sobre-la-detencion-de-fred-machado\\\/#primaryimage\"},\"image\":{\"@id\":\"https:\\\/\\\/www.eldiariodetucuman.com\\\/web\\\/un-exdirector-de-la-psa-le-respondio-a-bullrich-por-cuestionar-informes-sobre-la-detencion-de-fred-machado\\\/#primaryimage\"},\"thumbnailUrl\":\"https:\\\/\\\/www.eldiariodetucuman.com\\\/web\\\/wp-content\\\/uploads\\\/2025\\\/10\\\/un-exdirector-de-la-psa-le-respondio-a-bullrich-LFYT5BPTVJFANJTRL5VP6IIE34.jfif.jpeg\",\"datePublished\":\"2025-10-29T03:14:21+00:00\",\"dateModified\":\"2025-10-29T03:14:23+00:00\",\"breadcrumb\":{\"@id\":\"https:\\\/\\\/www.eldiariodetucuman.com\\\/web\\\/un-exdirector-de-la-psa-le-respondio-a-bullrich-por-cuestionar-informes-sobre-la-detencion-de-fred-machado\\\/#breadcrumb\"},\"inLanguage\":\"es\",\"potentialAction\":[{\"@type\":\"ReadAction\",\"target\":[\"https:\\\/\\\/www.eldiariodetucuman.com\\\/web\\\/un-exdirector-de-la-psa-le-respondio-a-bullrich-por-cuestionar-informes-sobre-la-detencion-de-fred-machado\\\/\"]}]},{\"@type\":\"ImageObject\",\"inLanguage\":\"es\",\"@id\":\"https:\\\/\\\/www.eldiariodetucuman.com\\\/web\\\/un-exdirector-de-la-psa-le-respondio-a-bullrich-por-cuestionar-informes-sobre-la-detencion-de-fred-machado\\\/#primaryimage\",\"url\":\"https:\\\/\\\/www.eldiariodetucuman.com\\\/web\\\/wp-content\\\/uploads\\\/2025\\\/10\\\/un-exdirector-de-la-psa-le-respondio-a-bullrich-LFYT5BPTVJFANJTRL5VP6IIE34.jfif.jpeg\",\"contentUrl\":\"https:\\\/\\\/www.eldiariodetucuman.com\\\/web\\\/wp-content\\\/uploads\\\/2025\\\/10\\\/un-exdirector-de-la-psa-le-respondio-a-bullrich-LFYT5BPTVJFANJTRL5VP6IIE34.jfif.jpeg\",\"width\":1200,\"height\":927},{\"@type\":\"BreadcrumbList\",\"@id\":\"https:\\\/\\\/www.eldiariodetucuman.com\\\/web\\\/un-exdirector-de-la-psa-le-respondio-a-bullrich-por-cuestionar-informes-sobre-la-detencion-de-fred-machado\\\/#breadcrumb\",\"itemListElement\":[{\"@type\":\"ListItem\",\"position\":1,\"name\":\"Portada\",\"item\":\"https:\\\/\\\/www.eldiariodetucuman.com\\\/web\\\/\"},{\"@type\":\"ListItem\",\"position\":2,\"name\":\"Un exdirector de la PSA le respondi\u00f3 a Bullrich por cuestionar informes sobre la detenci\u00f3n de \u201cFred\u201d Machado\"}]},{\"@type\":\"WebSite\",\"@id\":\"https:\\\/\\\/www.eldiariodetucuman.com\\\/web\\\/#website\",\"url\":\"https:\\\/\\\/www.eldiariodetucuman.com\\\/web\\\/\",\"name\":\"El Diario de Tucuman\",\"description\":\"Diario Tucuman - Informaci\u00f3n y noticias\",\"publisher\":{\"@id\":\"https:\\\/\\\/www.eldiariodetucuman.com\\\/web\\\/#organization\"},\"potentialAction\":[{\"@type\":\"SearchAction\",\"target\":{\"@type\":\"EntryPoint\",\"urlTemplate\":\"https:\\\/\\\/www.eldiariodetucuman.com\\\/web\\\/?s={search_term_string}\"},\"query-input\":{\"@type\":\"PropertyValueSpecification\",\"valueRequired\":true,\"valueName\":\"search_term_string\"}}],\"inLanguage\":\"es\"},{\"@type\":\"Organization\",\"@id\":\"https:\\\/\\\/www.eldiariodetucuman.com\\\/web\\\/#organization\",\"name\":\"El Diario de Tucuman\",\"url\":\"https:\\\/\\\/www.eldiariodetucuman.com\\\/web\\\/\",\"logo\":{\"@type\":\"ImageObject\",\"inLanguage\":\"es\",\"@id\":\"https:\\\/\\\/www.eldiariodetucuman.com\\\/web\\\/#\\\/schema\\\/logo\\\/image\\\/\",\"url\":\"http:\\\/\\\/www.eldiariodetucuman.com\\\/web\\\/wp-content\\\/uploads\\\/2017\\\/12\\\/el-diario-de-tucuman.jpg\",\"contentUrl\":\"http:\\\/\\\/www.eldiariodetucuman.com\\\/web\\\/wp-content\\\/uploads\\\/2017\\\/12\\\/el-diario-de-tucuman.jpg\",\"width\":272,\"height\":92,\"caption\":\"El Diario de Tucuman\"},\"image\":{\"@id\":\"https:\\\/\\\/www.eldiariodetucuman.com\\\/web\\\/#\\\/schema\\\/logo\\\/image\\\/\"}},{\"@type\":\"Person\",\"@id\":\"https:\\\/\\\/www.eldiariodetucuman.com\\\/web\\\/#\\\/schema\\\/person\\\/7e6644a46e60888f6b868594407e08dd\",\"name\":\"Redactor Uno\",\"image\":{\"@type\":\"ImageObject\",\"inLanguage\":\"es\",\"@id\":\"https:\\\/\\\/secure.gravatar.com\\\/avatar\\\/0049b1bdf1bd548385c9ea6b9356431717930913089febd2ba904f0187d7d074?s=96&d=mm&r=g\",\"url\":\"https:\\\/\\\/secure.gravatar.com\\\/avatar\\\/0049b1bdf1bd548385c9ea6b9356431717930913089febd2ba904f0187d7d074?s=96&d=mm&r=g\",\"contentUrl\":\"https:\\\/\\\/secure.gravatar.com\\\/avatar\\\/0049b1bdf1bd548385c9ea6b9356431717930913089febd2ba904f0187d7d074?s=96&d=mm&r=g\",\"caption\":\"Redactor Uno\"},\"url\":\"https:\\\/\\\/www.eldiariodetucuman.com\\\/web\\\/author\\\/mramasco\\\/\"}]}<\/script>\n<!-- \/ Yoast SEO plugin. -->","yoast_head_json":{"title":"Un exdirector de la PSA le respondi\u00f3 a Bullrich por cuestionar informes sobre la detenci\u00f3n de \u201cFred\u201d Machado - El Diario de Tucuman","robots":{"index":"index","follow":"follow","max-snippet":"max-snippet:-1","max-image-preview":"max-image-preview:large","max-video-preview":"max-video-preview:-1"},"canonical":"https:\/\/www.eldiariodetucuman.com\/web\/un-exdirector-de-la-psa-le-respondio-a-bullrich-por-cuestionar-informes-sobre-la-detencion-de-fred-machado\/","og_locale":"es_ES","og_type":"article","og_title":"Un exdirector de la PSA le respondi\u00f3 a Bullrich por cuestionar informes sobre la detenci\u00f3n de \u201cFred\u201d Machado - El Diario de Tucuman","og_description":"Despu\u00e9s de que la ministra de Seguridad, Patricia Bullrich, apuntara en la Comisi\u00f3n de Presupuesto contra la gesti\u00f3n anterior y denunciara irregularidades en informes sobre la detenci\u00f3n de Federico Andr\u00e9s \u201cFred\u201d Machado, el exdirector de la Polic\u00eda de Seguridad Aeroportuaria, Jos\u00e9 Glinski, le sali\u00f3 al cruce, desminti\u00f3 las declaraciones de la funcionaria se\u00f1alando que la [&hellip;]","og_url":"https:\/\/www.eldiariodetucuman.com\/web\/un-exdirector-de-la-psa-le-respondio-a-bullrich-por-cuestionar-informes-sobre-la-detencion-de-fred-machado\/","og_site_name":"El Diario de Tucuman","article_published_time":"2025-10-29T03:14:21+00:00","article_modified_time":"2025-10-29T03:14:23+00:00","og_image":[{"width":1200,"height":927,"url":"https:\/\/www.eldiariodetucuman.com\/web\/wp-content\/uploads\/2025\/10\/un-exdirector-de-la-psa-le-respondio-a-bullrich-LFYT5BPTVJFANJTRL5VP6IIE34.jfif.jpeg","type":"image\/jpeg"}],"author":"Redactor Uno","twitter_card":"summary_large_image","twitter_misc":{"Escrito por":"Redactor Uno","Tiempo de lectura":"3 minutos"},"schema":{"@context":"https:\/\/schema.org","@graph":[{"@type":"Article","@id":"https:\/\/www.eldiariodetucuman.com\/web\/un-exdirector-de-la-psa-le-respondio-a-bullrich-por-cuestionar-informes-sobre-la-detencion-de-fred-machado\/#article","isPartOf":{"@id":"https:\/\/www.eldiariodetucuman.com\/web\/un-exdirector-de-la-psa-le-respondio-a-bullrich-por-cuestionar-informes-sobre-la-detencion-de-fred-machado\/"},"author":{"name":"Redactor Uno","@id":"https:\/\/www.eldiariodetucuman.com\/web\/#\/schema\/person\/7e6644a46e60888f6b868594407e08dd"},"headline":"Un exdirector de la PSA le respondi\u00f3 a Bullrich por cuestionar informes sobre la detenci\u00f3n de \u201cFred\u201d Machado","datePublished":"2025-10-29T03:14:21+00:00","dateModified":"2025-10-29T03:14:23+00:00","mainEntityOfPage":{"@id":"https:\/\/www.eldiariodetucuman.com\/web\/un-exdirector-de-la-psa-le-respondio-a-bullrich-por-cuestionar-informes-sobre-la-detencion-de-fred-machado\/"},"wordCount":559,"publisher":{"@id":"https:\/\/www.eldiariodetucuman.com\/web\/#organization"},"image":{"@id":"https:\/\/www.eldiariodetucuman.com\/web\/un-exdirector-de-la-psa-le-respondio-a-bullrich-por-cuestionar-informes-sobre-la-detencion-de-fred-machado\/#primaryimage"},"thumbnailUrl":"https:\/\/www.eldiariodetucuman.com\/web\/wp-content\/uploads\/2025\/10\/un-exdirector-de-la-psa-le-respondio-a-bullrich-LFYT5BPTVJFANJTRL5VP6IIE34.jfif.jpeg","articleSection":["Politica"],"inLanguage":"es"},{"@type":"WebPage","@id":"https:\/\/www.eldiariodetucuman.com\/web\/un-exdirector-de-la-psa-le-respondio-a-bullrich-por-cuestionar-informes-sobre-la-detencion-de-fred-machado\/","url":"https:\/\/www.eldiariodetucuman.com\/web\/un-exdirector-de-la-psa-le-respondio-a-bullrich-por-cuestionar-informes-sobre-la-detencion-de-fred-machado\/","name":"Un exdirector de la PSA le respondi\u00f3 a Bullrich por cuestionar informes sobre la detenci\u00f3n de \u201cFred\u201d Machado - El Diario de Tucuman","isPartOf":{"@id":"https:\/\/www.eldiariodetucuman.com\/web\/#website"},"primaryImageOfPage":{"@id":"https:\/\/www.eldiariodetucuman.com\/web\/un-exdirector-de-la-psa-le-respondio-a-bullrich-por-cuestionar-informes-sobre-la-detencion-de-fred-machado\/#primaryimage"},"image":{"@id":"https:\/\/www.eldiariodetucuman.com\/web\/un-exdirector-de-la-psa-le-respondio-a-bullrich-por-cuestionar-informes-sobre-la-detencion-de-fred-machado\/#primaryimage"},"thumbnailUrl":"https:\/\/www.eldiariodetucuman.com\/web\/wp-content\/uploads\/2025\/10\/un-exdirector-de-la-psa-le-respondio-a-bullrich-LFYT5BPTVJFANJTRL5VP6IIE34.jfif.jpeg","datePublished":"2025-10-29T03:14:21+00:00","dateModified":"2025-10-29T03:14:23+00:00","breadcrumb":{"@id":"https:\/\/www.eldiariodetucuman.com\/web\/un-exdirector-de-la-psa-le-respondio-a-bullrich-por-cuestionar-informes-sobre-la-detencion-de-fred-machado\/#breadcrumb"},"inLanguage":"es","potentialAction":[{"@type":"ReadAction","target":["https:\/\/www.eldiariodetucuman.com\/web\/un-exdirector-de-la-psa-le-respondio-a-bullrich-por-cuestionar-informes-sobre-la-detencion-de-fred-machado\/"]}]},{"@type":"ImageObject","inLanguage":"es","@id":"https:\/\/www.eldiariodetucuman.com\/web\/un-exdirector-de-la-psa-le-respondio-a-bullrich-por-cuestionar-informes-sobre-la-detencion-de-fred-machado\/#primaryimage","url":"https:\/\/www.eldiariodetucuman.com\/web\/wp-content\/uploads\/2025\/10\/un-exdirector-de-la-psa-le-respondio-a-bullrich-LFYT5BPTVJFANJTRL5VP6IIE34.jfif.jpeg","contentUrl":"https:\/\/www.eldiariodetucuman.com\/web\/wp-content\/uploads\/2025\/10\/un-exdirector-de-la-psa-le-respondio-a-bullrich-LFYT5BPTVJFANJTRL5VP6IIE34.jfif.jpeg","width":1200,"height":927},{"@type":"BreadcrumbList","@id":"https:\/\/www.eldiariodetucuman.com\/web\/un-exdirector-de-la-psa-le-respondio-a-bullrich-por-cuestionar-informes-sobre-la-detencion-de-fred-machado\/#breadcrumb","itemListElement":[{"@type":"ListItem","position":1,"name":"Portada","item":"https:\/\/www.eldiariodetucuman.com\/web\/"},{"@type":"ListItem","position":2,"name":"Un exdirector de la PSA le respondi\u00f3 a Bullrich por cuestionar informes sobre la detenci\u00f3n de \u201cFred\u201d Machado"}]},{"@type":"WebSite","@id":"https:\/\/www.eldiariodetucuman.com\/web\/#website","url":"https:\/\/www.eldiariodetucuman.com\/web\/","name":"El Diario de Tucuman","description":"Diario Tucuman - Informaci\u00f3n y noticias","publisher":{"@id":"https:\/\/www.eldiariodetucuman.com\/web\/#organization"},"potentialAction":[{"@type":"SearchAction","target":{"@type":"EntryPoint","urlTemplate":"https:\/\/www.eldiariodetucuman.com\/web\/?s={search_term_string}"},"query-input":{"@type":"PropertyValueSpecification","valueRequired":true,"valueName":"search_term_string"}}],"inLanguage":"es"},{"@type":"Organization","@id":"https:\/\/www.eldiariodetucuman.com\/web\/#organization","name":"El Diario de Tucuman","url":"https:\/\/www.eldiariodetucuman.com\/web\/","logo":{"@type":"ImageObject","inLanguage":"es","@id":"https:\/\/www.eldiariodetucuman.com\/web\/#\/schema\/logo\/image\/","url":"http:\/\/www.eldiariodetucuman.com\/web\/wp-content\/uploads\/2017\/12\/el-diario-de-tucuman.jpg","contentUrl":"http:\/\/www.eldiariodetucuman.com\/web\/wp-content\/uploads\/2017\/12\/el-diario-de-tucuman.jpg","width":272,"height":92,"caption":"El Diario de Tucuman"},"image":{"@id":"https:\/\/www.eldiariodetucuman.com\/web\/#\/schema\/logo\/image\/"}},{"@type":"Person","@id":"https:\/\/www.eldiariodetucuman.com\/web\/#\/schema\/person\/7e6644a46e60888f6b868594407e08dd","name":"Redactor Uno","image":{"@type":"ImageObject","inLanguage":"es","@id":"https:\/\/secure.gravatar.com\/avatar\/0049b1bdf1bd548385c9ea6b9356431717930913089febd2ba904f0187d7d074?s=96&d=mm&r=g","url":"https:\/\/secure.gravatar.com\/avatar\/0049b1bdf1bd548385c9ea6b9356431717930913089febd2ba904f0187d7d074?s=96&d=mm&r=g","contentUrl":"https:\/\/secure.gravatar.com\/avatar\/0049b1bdf1bd548385c9ea6b9356431717930913089febd2ba904f0187d7d074?s=96&d=mm&r=g","caption":"Redactor Uno"},"url":"https:\/\/www.eldiariodetucuman.com\/web\/author\/mramasco\/"}]}},"_links":{"self":[{"href":"https:\/\/www.eldiariodetucuman.com\/web\/wp-json\/wp\/v2\/posts\/46059","targetHints":{"allow":["GET"]}}],"collection":[{"href":"https:\/\/www.eldiariodetucuman.com\/web\/wp-json\/wp\/v2\/posts"}],"about":[{"href":"https:\/\/www.eldiariodetucuman.com\/web\/wp-json\/wp\/v2\/types\/post"}],"author":[{"embeddable":true,"href":"https:\/\/www.eldiariodetucuman.com\/web\/wp-json\/wp\/v2\/users\/5"}],"replies":[{"embeddable":true,"href":"https:\/\/www.eldiariodetucuman.com\/web\/wp-json\/wp\/v2\/comments?post=46059"}],"version-history":[{"count":1,"href":"https:\/\/www.eldiariodetucuman.com\/web\/wp-json\/wp\/v2\/posts\/46059\/revisions"}],"predecessor-version":[{"id":46061,"href":"https:\/\/www.eldiariodetucuman.com\/web\/wp-json\/wp\/v2\/posts\/46059\/revisions\/46061"}],"wp:featuredmedia":[{"embeddable":true,"href":"https:\/\/www.eldiariodetucuman.com\/web\/wp-json\/wp\/v2\/media\/46060"}],"wp:attachment":[{"href":"https:\/\/www.eldiariodetucuman.com\/web\/wp-json\/wp\/v2\/media?parent=46059"}],"wp:term":[{"taxonomy":"category","embeddable":true,"href":"https:\/\/www.eldiariodetucuman.com\/web\/wp-json\/wp\/v2\/categories?post=46059"},{"taxonomy":"post_tag","embeddable":true,"href":"https:\/\/www.eldiariodetucuman.com\/web\/wp-json\/wp\/v2\/tags?post=46059"}],"curies":[{"name":"wp","href":"https:\/\/api.w.org\/{rel}","templated":true}]}}