{"id":46050,"date":"2025-10-28T00:12:10","date_gmt":"2025-10-28T03:12:10","guid":{"rendered":"https:\/\/www.eldiariodetucuman.com\/web\/javier-milei-primero-en-la-carrera-de-obstaculos\/"},"modified":"2025-10-28T00:12:15","modified_gmt":"2025-10-28T03:12:15","slug":"javier-milei-primero-en-la-carrera-de-obstaculos","status":"publish","type":"post","link":"https:\/\/www.eldiariodetucuman.com\/web\/javier-milei-primero-en-la-carrera-de-obstaculos\/","title":{"rendered":"Javier Milei, primero en la carrera de obst\u00e1culos"},"content":{"rendered":"<p><\/p>\n<p class=\"com-paragraph   --s\">\u00bfApenas un interregno o cambio profundo de \u00e9poca? La pregunta que acompa\u00f1a a Javier Milei desde su llegada al poder pas\u00f3 el primer obst\u00e1culo<strong>, la tan mentada elecci\u00f3n legislativa de octubre.<\/strong> \u00bfQu\u00e9 significa Milei para el presente y el futuro de la Argentina? Qued\u00f3 claro que el desembarco libertario de hace dos a\u00f1os no es una tormenta de verano condenada a pasar r\u00e1pido. La pol\u00edtica electoral le vuelve a dar a Milei aquello que la pol\u00edtica legislativa le hizo imposible en los \u00faltimos meses: <strong>gobernabilidad pol\u00edtica y econ\u00f3mica y poder para implementar reformas.<\/strong><\/p>\n<p class=\"com-paragraph   --s\">El voto popular se muestra, otra vez, como la base m\u00e1s segura del poder mile\u00edsta: el Presidente sigue siendo m\u00e1s eficaz para representar demandas subterr\u00e1neas de la ciudadan\u00eda, que casi nadie capta, que <strong>para negociar y consensuar.<\/strong> En pol\u00edtica, ese poder es un superpoder: sin votos, no hay posesi\u00f3n ni percepci\u00f3n de poder.\u00a0 <\/p>\n<p class=\"com-paragraph   --s\">Ese talento mile\u00edsta es la contracara de su principal desaf\u00edo, que define las metas de la nueva etapa del Gobierno: para transformar la Argentina, el l\u00edder libertario <strong>deber\u00e1 ser capaz de traducir votos en las urnas en votos en el Congreso.<\/strong> Desde el domingo, esa meta est\u00e1 mucho m\u00e1s cerca.<\/p>\n<p class=\"com-paragraph   --s\">Con el triunfo electoral, Milei logr\u00f3 muchas cosas. Primero, postergar indefinidamente <strong>la fecha de vencimiento que intent\u00f3 estamparle el arco opositor m\u00e1s duro, sobre todo el perokirchnerismo,<\/strong> anticipadamente: eso de \u201cGobierno terminado\u201d. El voto popular desafi\u00f3 la pretensi\u00f3n kirchnerista de representar mejor que Milei: ese poder kirchnerista qued\u00f3 reducido a tan s\u00f3lo un 25 por ciento de la ciudadan\u00eda. <\/p>\n<p class=\"com-paragraph   --s\">Con la victoria del domingo, Milei desarticul\u00f3 el universo alternativo que construy\u00f3 el kirchnerismo. En dos a\u00f1os, el kirchnerismo pas\u00f3 del desconcierto y una relativa humildad ante el apoyo popular que cosech\u00f3 Milei en 2023 y en 2024 a una actitud combativa: los errores del Milei modelo 2025 le dieron munici\u00f3n al kirchnerismo para reagruparse y contraatacar. Con la imputaci\u00f3n de \u201ccrueldad\u201d al mile\u00edsmo, el kirchnerismo crey\u00f3 sintetizar un sentir popular generalizado. <\/p>\n<p class=\"com-paragraph   --s\">Pero, como pas\u00f3 en 2023, el kirchnerismo se sobregir\u00f3 en la interpretaci\u00f3n cr\u00edtica de Milei y perdi\u00f3 contacto con el votante. Cay\u00f3 en una relativizaci\u00f3n de transformaciones positivas clave que vive la Argentina, y que impactan en la vida cotidiana, a pesar de todo lo pendiente. En 2024, el kirchnerismo pareci\u00f3 esforzarse por revalorizar el equilibrio fiscal y la baja de la inflaci\u00f3n<strong>. En los \u00faltimos meses, en cambio, retom\u00f3 sus viejos instintos:<\/strong> empez\u00f3 a minimizar los beneficios vitales de la baja de la inflaci\u00f3n, a poner en duda la ca\u00edda de la pobreza que va de la mano de ese indicador y a destacar, cada vez m\u00e1s decididamente, otra vez, supuestos efectos colaterales positivos de la deuda y del d\u00e9ficit fiscal. <\/p>\n<p class=\"com-paragraph   --s\"><strong>\u201cEstados Unidos est\u00e1 en bancarrota.<\/strong> Deber\u00eda llamarle la atenci\u00f3n a Milei porque refuta todas las teor\u00edas que dice. Tiene d\u00e9ficit fiscal como casi todos los pa\u00edses del mundo y no tiene inflaci\u00f3n. El v\u00ednculo entre d\u00e9ficit e inflaci\u00f3n, que para Milei es obvio, no se ve en la pr\u00e1ctica\u201d, dijo Kicillof este a\u00f1o. Ese argumento fue insistente en los dos \u00faltimos meses. <\/p>\n<p class=\"com-paragraph   --s\">Hasta China y su r\u00e9gimen de partido \u00fanico empezaron a ser objeto de una lectura virtuosa: en esta coyuntura, China comenz\u00f3 a ser interpretado como <strong>un ejemplo exitoso de pol\u00edticas de Estado centralizadas capaces de generar crecimiento,<\/strong> en oposici\u00f3n a la pol\u00edtica libertaria y su retirada de la planificaci\u00f3n centralizada del Estado. En esa concepci\u00f3n, China es un ejemplo encomiable de pol\u00edticas de desarrollo y del rol del Estado presente, pero Estados Unidos es la \u201cpatria expoliadora\u201d y el ejemplo de un capitalismo abusivo y cruel con su gente y con otros pa\u00edses. <\/p>\n<p class=\"com-paragraph   --s\"><strong>La potencia constructiva de China es un fen\u00f3meno central en el debate global. <\/strong>Pero su inclusi\u00f3n en la matriz conceptual kirchnerista en este particular contexto, como oposici\u00f3n al mile\u00edsmo, es lo curioso y relevante. Y eso m\u00e1s all\u00e1 de que <strong>el Gobierno ofrece un flanco d\u00e9bil en las pol\u00edticas de infraestructura. <\/strong><\/p>\n<p>El festejo en el bunker libertarioSoledad Aznarez<\/p>\n<p class=\"com-paragraph   --s\">El resultado del domingo le corri\u00f3 el velo al nuevo relato kirchnerista. Qued\u00f3 expuesto el \u00fanico poder que retiene por el momento: es buen\u00edsimo para la arquitectura dedicada a levantar c\u00e1maras de eco con resonancia entre sus votantes m\u00e1s fieles que creen ver en ese espejismo la representaci\u00f3n de todas las demandas sociales. Ese convencimiento y una cierta autopercepci\u00f3n de superioridad moral pol\u00edtica es un problema del kirchnerismo que sigue neg\u00e1ndole legitimidad a la alternancia pol\u00edtica. Mientras el peronismo y el kirchnerismo confundan deseo con realidad, no va a llegar la luz a su laberinto.<\/p>\n<p class=\"com-paragraph   --s\">Segundo, Milei pudo adelantar otra fecha central: la del inter\u00e9s de los mercados financieros y, sobre todo, de los inversores de la econom\u00eda real. <strong>El triunfo oficialista, tan rotundo como sorpresivo, renov\u00f3 la confianza<\/strong> y con esa renovaci\u00f3n, abri\u00f3 la puerta a una visi\u00f3n de futuro que muchos esperaban que estuviera despejada reci\u00e9n en 2027. La incertidumbre de la alternancia pol\u00edtica, es decir, el riesgo de un retorno del kirchnerismo en las pr\u00f3ximas elecciones presidenciales, obligaba a la prudencia de los mercados e inversores. La experiencia de la presidencia de Mauricio Macri est\u00e1 presente en la memoria colectiva, tambi\u00e9n de los mercados. <\/p>\n<p class=\"com-paragraph   --s\"><strong>El desempe\u00f1o del Gobierno en los \u00faltimos meses y la consecuente coreograf\u00eda del oficialismo y la oposici\u00f3n modificaron ese horizonte temporal. <\/strong>Hasta fines de 2024, actores del mercado que siguen el caso argentino desde Manhattan minimizaban la elecci\u00f3n legislativa de 2025: aunque ve\u00edan necesario un triunfo mile\u00edsta, en aquellos meses todav\u00eda no se ve\u00eda como existencial.<strong> La marcha del Gobierno hac\u00eda pensar en un triunfo seguro, renovado en abril con el acuerdo con el FMI y la salida del cepo y luego, con el triunfo libertario en la Ciudad.<\/strong><\/p>\n<p class=\"com-paragraph   --s\">Pero desde junio todo cambi\u00f3 y con la derrota bonaerense del 7 de septiembre, ese cambio gener\u00f3 urgencias, y alter\u00f3 la escala de las expectativas.<strong> Octubre se volvi\u00f3 esencial. <\/strong>La contundencia del triunfo del domingo, que lleg\u00f3 incluso a la provincia de Buenos Aires<strong>, conquista un escenario de certidumbre con dos a\u00f1os de anticipaci\u00f3n. <\/strong>El reto del Gobierno es la sostenibilidad de esa pax en los mercados. Nada menos. Es decir, asegurarse de no volver a ser su peor versi\u00f3n.<\/p>\n<p class=\"com-paragraph   --s\">Tercero, con ese triunfo electoral, y con el modo en que se recuper\u00f3 de la derrota bonaerense, Milei mostr\u00f3 otra dimensi\u00f3n de su identidad pol\u00edtica. O mejor dicho, esa dimensi\u00f3n qued\u00f3 reforzada por la gravedad del obst\u00e1culo que tuvo que sortear: el 7 de septiembre pudo haberse continuado en otra derrota en octubre. Y, sin embargo, el Gobierno logr\u00f3 lo impensado, un triunfo en Provincia de Buenos Aires. La victoria del domingo puede ser sorpresiva pero no fue casual. <\/p>\n<p class=\"com-paragraph   --s\">La clave de esa recuperaci\u00f3n es la psicolog\u00eda pol\u00edtica de Milei. Lo dej\u00f3 claro en el discurso de campa\u00f1a de la elecci\u00f3n bonaerense en Moreno: \u201cYo me fortalezco en la adversidad, muchachos. \u00bfTodav\u00eda no se dieron cuenta?\u201d. En un mes y veinte d\u00edas, entre una elecci\u00f3n y otra, el oficialismo vivi\u00f3 un fracaso electoral, una corrida cambiaria y una crisis pol\u00edtica por la denuncia narco contra Espert. En plena campa\u00f1a nacional, Milei redobl\u00f3 la apuesta. La resoluci\u00f3n del tema Espert dej\u00f3 afuera de la lista al diputado; Milei se expuso como nunca a entrevistas m\u00e1s desafiantes y a recorridas por el pa\u00eds; y fue m\u00e1s all\u00e1: produjo un hecho in\u00e9dito en la historia argentina, y del mundo en general: un acuerdo pragm\u00e1tico expl\u00edcito y sin vueltas con Trump y Bessent para salir de la crisis cambiaria. Las urnas no condenaron ese acuerdo. Al contrario, lo asumieron con pragmatismo. <\/p>\n<p class=\"com-paragraph   --s\">Primero, lo urgente; despu\u00e9s, lo deseable y perfecto. Como dice el analista Esteban Schmit: \u201cEl pueblo acept\u00f3 un virreinato\u201d. Para el votante, la racionalidad macro ordena el futuro. La percepci\u00f3n del \u00faltimo tren para la Argentina y para varias generaciones de argentinos viene detr\u00e1s del viento de cola del par Trump-Bessent.\u00a0 <\/p>\n<p class=\"com-paragraph   --s\">Cuarto, el triunfo dej\u00f3 claro que el mile\u00edsmo tiene a su favor al kirchnerismo: para el no peronismo, la polarizaci\u00f3n kirchnerismo v antikirchnerismo se conjuga en la dimensi\u00f3n temporal. <strong>La disyuntiva es el regreso a un pasado que conduce a un callej\u00f3n sin salida o el avance hacia un futuro de normalizaci\u00f3n macro.<\/strong> El votante no compr\u00f3 la noci\u00f3n de \u201ccrueldad\u201d kirchnerista. Las cr\u00edticas al Gobierno por el tema universitario, Garrahan y discapacidad son v\u00e1lidas. Pero el kirchnerismo funcion\u00f3 como un tornado: termin\u00f3 ideologizando reclamos atendibles y le quitaron una legitimidad transversal. En lugar de plantear un di\u00e1logo racional sobre el manejo de la econom\u00eda, plante\u00f3 un debate moral y la insistencia en sus lugares macroecon\u00f3micos irracionales. <\/p>\n<p class=\"com-paragraph   --s\">En los dos primeros a\u00f1os de su gesti\u00f3n, el oficialismo se vio obligado a convivir con un desfasaje inscripto en su gen\u00e9tica pol\u00edtica: la falta de convergencia entre voto popular y voto legislativo. El mile\u00edsmo naci\u00f3 por fuerza del voto antes que como aparato pol\u00edtico bien aceitado y de eficiencia probada en las instituciones del Estado. Desde ahora, gozar\u00e1 de una convergencia mucho mayor entre esos mundos: un alineamiento entre mayor\u00edas alcanzables en el Congreso, apoyo popular, poder ejecutivo y lapicera. Y el respaldo \u00fanico de Estados Unidos. <\/p>\n<p class=\"com-paragraph   --s\">En esta segunda etapa su mayor riesgo ya no ser\u00e1 su condici\u00f3n minoritaria. Al contrario, el riesgo ser\u00e1 la tentaci\u00f3n hegem\u00f3nica y sus efectos colaterales: p\u00e9rdida de institucionalidad, opacidad y corrupci\u00f3n, esp\u00edritu de secta. El kirchnerismo y su modo de ejercicio del poder es el espejo que desde el pasado que le muestra al mile\u00edsmo un riesgo futuro. A toda hegemon\u00eda le llega su fin. <\/p>\n<p><a href=\"https:\/\/www.lanacion.com.ar\/politica\/javier-milei-primero-en-la-carrera-de-obstaculos-nid28102025\/\">Fuente de la nota <\/a><\/p>\n","protected":false},"excerpt":{"rendered":"<p>\u00bfApenas un interregno o cambio profundo de \u00e9poca? La pregunta que acompa\u00f1a a Javier Milei desde su llegada al poder pas\u00f3 el primer obst\u00e1culo, la tan mentada elecci\u00f3n legislativa de octubre. \u00bfQu\u00e9 significa Milei para el presente y el futuro de la Argentina? Qued\u00f3 claro que el desembarco libertario de hace dos a\u00f1os no es [&hellip;]<\/p>\n","protected":false},"author":5,"featured_media":46051,"comment_status":"closed","ping_status":"open","sticky":false,"template":"","format":"standard","meta":{"footnotes":""},"categories":[3],"tags":[],"class_list":{"0":"post-46050","1":"post","2":"type-post","3":"status-publish","4":"format-standard","5":"has-post-thumbnail","7":"category-politica"},"yoast_head":"<!-- This site is optimized with the Yoast SEO plugin v27.4 - https:\/\/yoast.com\/product\/yoast-seo-wordpress\/ -->\n<title>Javier Milei, primero en la carrera de obst\u00e1culos - El Diario de Tucuman<\/title>\n<meta name=\"robots\" content=\"index, follow, max-snippet:-1, max-image-preview:large, max-video-preview:-1\" \/>\n<link rel=\"canonical\" href=\"https:\/\/www.eldiariodetucuman.com\/web\/javier-milei-primero-en-la-carrera-de-obstaculos\/\" \/>\n<meta property=\"og:locale\" content=\"es_ES\" \/>\n<meta property=\"og:type\" content=\"article\" \/>\n<meta property=\"og:title\" content=\"Javier Milei, primero en la carrera de obst\u00e1culos - El Diario de Tucuman\" \/>\n<meta property=\"og:description\" content=\"\u00bfApenas un interregno o cambio profundo de \u00e9poca? La pregunta que acompa\u00f1a a Javier Milei desde su llegada al poder pas\u00f3 el primer obst\u00e1culo, la tan mentada elecci\u00f3n legislativa de octubre. \u00bfQu\u00e9 significa Milei para el presente y el futuro de la Argentina? Qued\u00f3 claro que el desembarco libertario de hace dos a\u00f1os no es [&hellip;]\" \/>\n<meta property=\"og:url\" content=\"https:\/\/www.eldiariodetucuman.com\/web\/javier-milei-primero-en-la-carrera-de-obstaculos\/\" \/>\n<meta property=\"og:site_name\" content=\"El Diario de Tucuman\" \/>\n<meta property=\"article:published_time\" content=\"2025-10-28T03:12:10+00:00\" \/>\n<meta property=\"article:modified_time\" content=\"2025-10-28T03:12:15+00:00\" \/>\n<meta property=\"og:image\" content=\"https:\/\/www.eldiariodetucuman.com\/web\/wp-content\/uploads\/2025\/10\/javier-GABU2Y2TZ5DCJCODLVQSTJ24FE.jpg\" \/>\n\t<meta property=\"og:image:width\" content=\"1200\" \/>\n\t<meta property=\"og:image:height\" content=\"800\" \/>\n\t<meta property=\"og:image:type\" content=\"image\/jpeg\" \/>\n<meta name=\"author\" content=\"Redactor Uno\" \/>\n<meta name=\"twitter:card\" content=\"summary_large_image\" \/>\n<meta name=\"twitter:label1\" content=\"Escrito por\" \/>\n\t<meta name=\"twitter:data1\" content=\"Redactor Uno\" \/>\n\t<meta name=\"twitter:label2\" content=\"Tiempo de lectura\" \/>\n\t<meta name=\"twitter:data2\" content=\"9 minutos\" \/>\n<script type=\"application\/ld+json\" class=\"yoast-schema-graph\">{\"@context\":\"https:\\\/\\\/schema.org\",\"@graph\":[{\"@type\":\"Article\",\"@id\":\"https:\\\/\\\/www.eldiariodetucuman.com\\\/web\\\/javier-milei-primero-en-la-carrera-de-obstaculos\\\/#article\",\"isPartOf\":{\"@id\":\"https:\\\/\\\/www.eldiariodetucuman.com\\\/web\\\/javier-milei-primero-en-la-carrera-de-obstaculos\\\/\"},\"author\":{\"name\":\"Redactor Uno\",\"@id\":\"https:\\\/\\\/www.eldiariodetucuman.com\\\/web\\\/#\\\/schema\\\/person\\\/7e6644a46e60888f6b868594407e08dd\"},\"headline\":\"Javier Milei, primero en la carrera de obst\u00e1culos\",\"datePublished\":\"2025-10-28T03:12:10+00:00\",\"dateModified\":\"2025-10-28T03:12:15+00:00\",\"mainEntityOfPage\":{\"@id\":\"https:\\\/\\\/www.eldiariodetucuman.com\\\/web\\\/javier-milei-primero-en-la-carrera-de-obstaculos\\\/\"},\"wordCount\":1718,\"publisher\":{\"@id\":\"https:\\\/\\\/www.eldiariodetucuman.com\\\/web\\\/#organization\"},\"image\":{\"@id\":\"https:\\\/\\\/www.eldiariodetucuman.com\\\/web\\\/javier-milei-primero-en-la-carrera-de-obstaculos\\\/#primaryimage\"},\"thumbnailUrl\":\"https:\\\/\\\/www.eldiariodetucuman.com\\\/web\\\/wp-content\\\/uploads\\\/2025\\\/10\\\/javier-GABU2Y2TZ5DCJCODLVQSTJ24FE.jpg\",\"articleSection\":[\"Politica\"],\"inLanguage\":\"es\"},{\"@type\":\"WebPage\",\"@id\":\"https:\\\/\\\/www.eldiariodetucuman.com\\\/web\\\/javier-milei-primero-en-la-carrera-de-obstaculos\\\/\",\"url\":\"https:\\\/\\\/www.eldiariodetucuman.com\\\/web\\\/javier-milei-primero-en-la-carrera-de-obstaculos\\\/\",\"name\":\"Javier Milei, primero en la carrera de obst\u00e1culos - El Diario de Tucuman\",\"isPartOf\":{\"@id\":\"https:\\\/\\\/www.eldiariodetucuman.com\\\/web\\\/#website\"},\"primaryImageOfPage\":{\"@id\":\"https:\\\/\\\/www.eldiariodetucuman.com\\\/web\\\/javier-milei-primero-en-la-carrera-de-obstaculos\\\/#primaryimage\"},\"image\":{\"@id\":\"https:\\\/\\\/www.eldiariodetucuman.com\\\/web\\\/javier-milei-primero-en-la-carrera-de-obstaculos\\\/#primaryimage\"},\"thumbnailUrl\":\"https:\\\/\\\/www.eldiariodetucuman.com\\\/web\\\/wp-content\\\/uploads\\\/2025\\\/10\\\/javier-GABU2Y2TZ5DCJCODLVQSTJ24FE.jpg\",\"datePublished\":\"2025-10-28T03:12:10+00:00\",\"dateModified\":\"2025-10-28T03:12:15+00:00\",\"breadcrumb\":{\"@id\":\"https:\\\/\\\/www.eldiariodetucuman.com\\\/web\\\/javier-milei-primero-en-la-carrera-de-obstaculos\\\/#breadcrumb\"},\"inLanguage\":\"es\",\"potentialAction\":[{\"@type\":\"ReadAction\",\"target\":[\"https:\\\/\\\/www.eldiariodetucuman.com\\\/web\\\/javier-milei-primero-en-la-carrera-de-obstaculos\\\/\"]}]},{\"@type\":\"ImageObject\",\"inLanguage\":\"es\",\"@id\":\"https:\\\/\\\/www.eldiariodetucuman.com\\\/web\\\/javier-milei-primero-en-la-carrera-de-obstaculos\\\/#primaryimage\",\"url\":\"https:\\\/\\\/www.eldiariodetucuman.com\\\/web\\\/wp-content\\\/uploads\\\/2025\\\/10\\\/javier-GABU2Y2TZ5DCJCODLVQSTJ24FE.jpg\",\"contentUrl\":\"https:\\\/\\\/www.eldiariodetucuman.com\\\/web\\\/wp-content\\\/uploads\\\/2025\\\/10\\\/javier-GABU2Y2TZ5DCJCODLVQSTJ24FE.jpg\",\"width\":1200,\"height\":800},{\"@type\":\"BreadcrumbList\",\"@id\":\"https:\\\/\\\/www.eldiariodetucuman.com\\\/web\\\/javier-milei-primero-en-la-carrera-de-obstaculos\\\/#breadcrumb\",\"itemListElement\":[{\"@type\":\"ListItem\",\"position\":1,\"name\":\"Portada\",\"item\":\"https:\\\/\\\/www.eldiariodetucuman.com\\\/web\\\/\"},{\"@type\":\"ListItem\",\"position\":2,\"name\":\"Javier Milei, primero en la carrera de obst\u00e1culos\"}]},{\"@type\":\"WebSite\",\"@id\":\"https:\\\/\\\/www.eldiariodetucuman.com\\\/web\\\/#website\",\"url\":\"https:\\\/\\\/www.eldiariodetucuman.com\\\/web\\\/\",\"name\":\"El Diario de Tucuman\",\"description\":\"Diario Tucuman - Informaci\u00f3n y noticias\",\"publisher\":{\"@id\":\"https:\\\/\\\/www.eldiariodetucuman.com\\\/web\\\/#organization\"},\"potentialAction\":[{\"@type\":\"SearchAction\",\"target\":{\"@type\":\"EntryPoint\",\"urlTemplate\":\"https:\\\/\\\/www.eldiariodetucuman.com\\\/web\\\/?s={search_term_string}\"},\"query-input\":{\"@type\":\"PropertyValueSpecification\",\"valueRequired\":true,\"valueName\":\"search_term_string\"}}],\"inLanguage\":\"es\"},{\"@type\":\"Organization\",\"@id\":\"https:\\\/\\\/www.eldiariodetucuman.com\\\/web\\\/#organization\",\"name\":\"El Diario de Tucuman\",\"url\":\"https:\\\/\\\/www.eldiariodetucuman.com\\\/web\\\/\",\"logo\":{\"@type\":\"ImageObject\",\"inLanguage\":\"es\",\"@id\":\"https:\\\/\\\/www.eldiariodetucuman.com\\\/web\\\/#\\\/schema\\\/logo\\\/image\\\/\",\"url\":\"http:\\\/\\\/www.eldiariodetucuman.com\\\/web\\\/wp-content\\\/uploads\\\/2017\\\/12\\\/el-diario-de-tucuman.jpg\",\"contentUrl\":\"http:\\\/\\\/www.eldiariodetucuman.com\\\/web\\\/wp-content\\\/uploads\\\/2017\\\/12\\\/el-diario-de-tucuman.jpg\",\"width\":272,\"height\":92,\"caption\":\"El Diario de Tucuman\"},\"image\":{\"@id\":\"https:\\\/\\\/www.eldiariodetucuman.com\\\/web\\\/#\\\/schema\\\/logo\\\/image\\\/\"}},{\"@type\":\"Person\",\"@id\":\"https:\\\/\\\/www.eldiariodetucuman.com\\\/web\\\/#\\\/schema\\\/person\\\/7e6644a46e60888f6b868594407e08dd\",\"name\":\"Redactor Uno\",\"image\":{\"@type\":\"ImageObject\",\"inLanguage\":\"es\",\"@id\":\"https:\\\/\\\/secure.gravatar.com\\\/avatar\\\/0049b1bdf1bd548385c9ea6b9356431717930913089febd2ba904f0187d7d074?s=96&d=mm&r=g\",\"url\":\"https:\\\/\\\/secure.gravatar.com\\\/avatar\\\/0049b1bdf1bd548385c9ea6b9356431717930913089febd2ba904f0187d7d074?s=96&d=mm&r=g\",\"contentUrl\":\"https:\\\/\\\/secure.gravatar.com\\\/avatar\\\/0049b1bdf1bd548385c9ea6b9356431717930913089febd2ba904f0187d7d074?s=96&d=mm&r=g\",\"caption\":\"Redactor Uno\"},\"url\":\"https:\\\/\\\/www.eldiariodetucuman.com\\\/web\\\/author\\\/mramasco\\\/\"}]}<\/script>\n<!-- \/ Yoast SEO plugin. -->","yoast_head_json":{"title":"Javier Milei, primero en la carrera de obst\u00e1culos - El Diario de Tucuman","robots":{"index":"index","follow":"follow","max-snippet":"max-snippet:-1","max-image-preview":"max-image-preview:large","max-video-preview":"max-video-preview:-1"},"canonical":"https:\/\/www.eldiariodetucuman.com\/web\/javier-milei-primero-en-la-carrera-de-obstaculos\/","og_locale":"es_ES","og_type":"article","og_title":"Javier Milei, primero en la carrera de obst\u00e1culos - El Diario de Tucuman","og_description":"\u00bfApenas un interregno o cambio profundo de \u00e9poca? La pregunta que acompa\u00f1a a Javier Milei desde su llegada al poder pas\u00f3 el primer obst\u00e1culo, la tan mentada elecci\u00f3n legislativa de octubre. \u00bfQu\u00e9 significa Milei para el presente y el futuro de la Argentina? Qued\u00f3 claro que el desembarco libertario de hace dos a\u00f1os no es [&hellip;]","og_url":"https:\/\/www.eldiariodetucuman.com\/web\/javier-milei-primero-en-la-carrera-de-obstaculos\/","og_site_name":"El Diario de Tucuman","article_published_time":"2025-10-28T03:12:10+00:00","article_modified_time":"2025-10-28T03:12:15+00:00","og_image":[{"width":1200,"height":800,"url":"https:\/\/www.eldiariodetucuman.com\/web\/wp-content\/uploads\/2025\/10\/javier-GABU2Y2TZ5DCJCODLVQSTJ24FE.jpg","type":"image\/jpeg"}],"author":"Redactor Uno","twitter_card":"summary_large_image","twitter_misc":{"Escrito por":"Redactor Uno","Tiempo de lectura":"9 minutos"},"schema":{"@context":"https:\/\/schema.org","@graph":[{"@type":"Article","@id":"https:\/\/www.eldiariodetucuman.com\/web\/javier-milei-primero-en-la-carrera-de-obstaculos\/#article","isPartOf":{"@id":"https:\/\/www.eldiariodetucuman.com\/web\/javier-milei-primero-en-la-carrera-de-obstaculos\/"},"author":{"name":"Redactor Uno","@id":"https:\/\/www.eldiariodetucuman.com\/web\/#\/schema\/person\/7e6644a46e60888f6b868594407e08dd"},"headline":"Javier Milei, primero en la carrera de obst\u00e1culos","datePublished":"2025-10-28T03:12:10+00:00","dateModified":"2025-10-28T03:12:15+00:00","mainEntityOfPage":{"@id":"https:\/\/www.eldiariodetucuman.com\/web\/javier-milei-primero-en-la-carrera-de-obstaculos\/"},"wordCount":1718,"publisher":{"@id":"https:\/\/www.eldiariodetucuman.com\/web\/#organization"},"image":{"@id":"https:\/\/www.eldiariodetucuman.com\/web\/javier-milei-primero-en-la-carrera-de-obstaculos\/#primaryimage"},"thumbnailUrl":"https:\/\/www.eldiariodetucuman.com\/web\/wp-content\/uploads\/2025\/10\/javier-GABU2Y2TZ5DCJCODLVQSTJ24FE.jpg","articleSection":["Politica"],"inLanguage":"es"},{"@type":"WebPage","@id":"https:\/\/www.eldiariodetucuman.com\/web\/javier-milei-primero-en-la-carrera-de-obstaculos\/","url":"https:\/\/www.eldiariodetucuman.com\/web\/javier-milei-primero-en-la-carrera-de-obstaculos\/","name":"Javier Milei, primero en la carrera de obst\u00e1culos - El Diario de Tucuman","isPartOf":{"@id":"https:\/\/www.eldiariodetucuman.com\/web\/#website"},"primaryImageOfPage":{"@id":"https:\/\/www.eldiariodetucuman.com\/web\/javier-milei-primero-en-la-carrera-de-obstaculos\/#primaryimage"},"image":{"@id":"https:\/\/www.eldiariodetucuman.com\/web\/javier-milei-primero-en-la-carrera-de-obstaculos\/#primaryimage"},"thumbnailUrl":"https:\/\/www.eldiariodetucuman.com\/web\/wp-content\/uploads\/2025\/10\/javier-GABU2Y2TZ5DCJCODLVQSTJ24FE.jpg","datePublished":"2025-10-28T03:12:10+00:00","dateModified":"2025-10-28T03:12:15+00:00","breadcrumb":{"@id":"https:\/\/www.eldiariodetucuman.com\/web\/javier-milei-primero-en-la-carrera-de-obstaculos\/#breadcrumb"},"inLanguage":"es","potentialAction":[{"@type":"ReadAction","target":["https:\/\/www.eldiariodetucuman.com\/web\/javier-milei-primero-en-la-carrera-de-obstaculos\/"]}]},{"@type":"ImageObject","inLanguage":"es","@id":"https:\/\/www.eldiariodetucuman.com\/web\/javier-milei-primero-en-la-carrera-de-obstaculos\/#primaryimage","url":"https:\/\/www.eldiariodetucuman.com\/web\/wp-content\/uploads\/2025\/10\/javier-GABU2Y2TZ5DCJCODLVQSTJ24FE.jpg","contentUrl":"https:\/\/www.eldiariodetucuman.com\/web\/wp-content\/uploads\/2025\/10\/javier-GABU2Y2TZ5DCJCODLVQSTJ24FE.jpg","width":1200,"height":800},{"@type":"BreadcrumbList","@id":"https:\/\/www.eldiariodetucuman.com\/web\/javier-milei-primero-en-la-carrera-de-obstaculos\/#breadcrumb","itemListElement":[{"@type":"ListItem","position":1,"name":"Portada","item":"https:\/\/www.eldiariodetucuman.com\/web\/"},{"@type":"ListItem","position":2,"name":"Javier Milei, primero en la carrera de obst\u00e1culos"}]},{"@type":"WebSite","@id":"https:\/\/www.eldiariodetucuman.com\/web\/#website","url":"https:\/\/www.eldiariodetucuman.com\/web\/","name":"El Diario de Tucuman","description":"Diario Tucuman - Informaci\u00f3n y noticias","publisher":{"@id":"https:\/\/www.eldiariodetucuman.com\/web\/#organization"},"potentialAction":[{"@type":"SearchAction","target":{"@type":"EntryPoint","urlTemplate":"https:\/\/www.eldiariodetucuman.com\/web\/?s={search_term_string}"},"query-input":{"@type":"PropertyValueSpecification","valueRequired":true,"valueName":"search_term_string"}}],"inLanguage":"es"},{"@type":"Organization","@id":"https:\/\/www.eldiariodetucuman.com\/web\/#organization","name":"El Diario de Tucuman","url":"https:\/\/www.eldiariodetucuman.com\/web\/","logo":{"@type":"ImageObject","inLanguage":"es","@id":"https:\/\/www.eldiariodetucuman.com\/web\/#\/schema\/logo\/image\/","url":"http:\/\/www.eldiariodetucuman.com\/web\/wp-content\/uploads\/2017\/12\/el-diario-de-tucuman.jpg","contentUrl":"http:\/\/www.eldiariodetucuman.com\/web\/wp-content\/uploads\/2017\/12\/el-diario-de-tucuman.jpg","width":272,"height":92,"caption":"El Diario de Tucuman"},"image":{"@id":"https:\/\/www.eldiariodetucuman.com\/web\/#\/schema\/logo\/image\/"}},{"@type":"Person","@id":"https:\/\/www.eldiariodetucuman.com\/web\/#\/schema\/person\/7e6644a46e60888f6b868594407e08dd","name":"Redactor Uno","image":{"@type":"ImageObject","inLanguage":"es","@id":"https:\/\/secure.gravatar.com\/avatar\/0049b1bdf1bd548385c9ea6b9356431717930913089febd2ba904f0187d7d074?s=96&d=mm&r=g","url":"https:\/\/secure.gravatar.com\/avatar\/0049b1bdf1bd548385c9ea6b9356431717930913089febd2ba904f0187d7d074?s=96&d=mm&r=g","contentUrl":"https:\/\/secure.gravatar.com\/avatar\/0049b1bdf1bd548385c9ea6b9356431717930913089febd2ba904f0187d7d074?s=96&d=mm&r=g","caption":"Redactor Uno"},"url":"https:\/\/www.eldiariodetucuman.com\/web\/author\/mramasco\/"}]}},"_links":{"self":[{"href":"https:\/\/www.eldiariodetucuman.com\/web\/wp-json\/wp\/v2\/posts\/46050","targetHints":{"allow":["GET"]}}],"collection":[{"href":"https:\/\/www.eldiariodetucuman.com\/web\/wp-json\/wp\/v2\/posts"}],"about":[{"href":"https:\/\/www.eldiariodetucuman.com\/web\/wp-json\/wp\/v2\/types\/post"}],"author":[{"embeddable":true,"href":"https:\/\/www.eldiariodetucuman.com\/web\/wp-json\/wp\/v2\/users\/5"}],"replies":[{"embeddable":true,"href":"https:\/\/www.eldiariodetucuman.com\/web\/wp-json\/wp\/v2\/comments?post=46050"}],"version-history":[{"count":1,"href":"https:\/\/www.eldiariodetucuman.com\/web\/wp-json\/wp\/v2\/posts\/46050\/revisions"}],"predecessor-version":[{"id":46052,"href":"https:\/\/www.eldiariodetucuman.com\/web\/wp-json\/wp\/v2\/posts\/46050\/revisions\/46052"}],"wp:featuredmedia":[{"embeddable":true,"href":"https:\/\/www.eldiariodetucuman.com\/web\/wp-json\/wp\/v2\/media\/46051"}],"wp:attachment":[{"href":"https:\/\/www.eldiariodetucuman.com\/web\/wp-json\/wp\/v2\/media?parent=46050"}],"wp:term":[{"taxonomy":"category","embeddable":true,"href":"https:\/\/www.eldiariodetucuman.com\/web\/wp-json\/wp\/v2\/categories?post=46050"},{"taxonomy":"post_tag","embeddable":true,"href":"https:\/\/www.eldiariodetucuman.com\/web\/wp-json\/wp\/v2\/tags?post=46050"}],"curies":[{"name":"wp","href":"https:\/\/api.w.org\/{rel}","templated":true}]}}