{"id":46048,"date":"2025-10-27T18:48:37","date_gmt":"2025-10-27T21:48:37","guid":{"rendered":"https:\/\/www.eldiariodetucuman.com\/web\/jaldo-felicito-a-bruno-romano-intendente-electo-de-alberdi\/"},"modified":"2025-10-27T18:48:37","modified_gmt":"2025-10-27T21:48:37","slug":"jaldo-felicito-a-bruno-romano-intendente-electo-de-alberdi","status":"publish","type":"post","link":"https:\/\/www.eldiariodetucuman.com\/web\/jaldo-felicito-a-bruno-romano-intendente-electo-de-alberdi\/","title":{"rendered":"Jaldo felicit\u00f3 a Bruno Romano, intendente electo de Alberdi"},"content":{"rendered":"<p><\/p>\n<p id=\"isPasted\">El gobernador, <strong>Osvaldo Jaldo<\/strong>, se reuni\u00f3 con el intendente electo de Juan Bautista Alberdi, <strong>Bruno Romano<\/strong>, a quien felicit\u00f3 por su victoria en las elecciones municipales desarrolladas en la jornada de ayer en la ciudad del sur tucumano.<\/p>\n<p>Del encuentro participaron el ministro del Interior, <strong>Dar\u00edo Monteros<\/strong>; la legisladora, <strong>Nancy Bulacio<\/strong> y el actual interventor de J.B. Alberdi, <strong>Guillermo Norry.\u00a0<\/strong><\/p>\n<p>Romano, candidato del frente oficialista Tucum\u00e1n Primero, result\u00f3 electo con el 46% de los votos, superando al candidato radical, <strong>Luis Mar\u00eda D\u00edaz Augier<\/strong> (Cambia Tucum\u00e1n), que reuni\u00f3 el 38%.<\/p>\n<\/p>\n<p id=\"isPasted\">Tras la reuni\u00f3n, Romano expres\u00f3: \u201cEn la reuni\u00f3n conversamos bastante con nuestro gobernador de c\u00f3mo vamos a seguir trabajando en la ciudad de Juan Bautista Alberdi en este tiempo que nos queda antes de la asunci\u00f3n. Trabajar en conjunto con la intervenci\u00f3n para seguir con las obras que se est\u00e1n realizando\u201d.<\/p>\n<p>El intendente electo destac\u00f3 el acompa\u00f1amiento de los vecinos y afirm\u00f3: \u201cEsperamos el triunfo. Trabajamos mucho para eso. Visitamos a cada vecino y sab\u00edamos que nos iba a ir bien en esta elecci\u00f3n\u201d.<\/p>\n<p>En relaci\u00f3n con la transici\u00f3n municipal, Romano se\u00f1al\u00f3: \u201cAhora me tengo que reunir con el interventor para hacer una planificaci\u00f3n de trabajo antes de la asunci\u00f3n\u201d.<\/p>\n<p>Sobre la seguridad, manifest\u00f3: \u201cVamos a trabajar mucho en la seguridad, que ya la est\u00e1 trabajando el interventor Guillermo Norris. Vamos a seguir con ese trabajo nosotros\u201d.<\/p>\n<p>El intendente electo agradeci\u00f3 el respaldo de la ciudadan\u00eda y sostuvo: \u201cAgradecer a todos los vecinos que confiaron en m\u00ed. Sacamos m\u00e1s de nueve mil votos. Creo que soy el intendente m\u00e1s votado de la historia\u201d.<\/p>\n<p>Finalmente, Romano valor\u00f3 el apoyo del gobernador y afirm\u00f3: \u201cMe felicit\u00f3. Se puso a disposici\u00f3n para trabajar en conjunto conmigo y acompa\u00f1arme en todo\u201d.<\/p>\n<p>Por su parte, el interventor de Alberdi, Guillermo Norry, detall\u00f3 que en la reuni\u00f3n se dialog\u00f3 sobre c\u00f3mo se articular\u00e1 el per\u00edodo de transici\u00f3n hasta que el intendente electo sea proclamado por la junta electoral.<\/p>\n<p>\u201cLos pasos para seguir para la transici\u00f3n vendr\u00e1n luego del escrutinio definitivo, con la proclamaci\u00f3n por parte de la Junta Electoral y la asunci\u00f3n del nuevo intendente. En el camino, vamos a ir armando equipos de trabajo\u201d, sostuvo.<\/p>\n<p>En relaci\u00f3n al estado del municipio, Norry remarc\u00f3 que \u201cest\u00e1 saneado y tiene obras en curso que son el motor de la continuidad del gobierno, con el apoyo del gobernador Osvaldo Jaldo\u201d.<\/p>\n<p>Asimismo, el interventor cont\u00f3 que durante su tiempo en la gesti\u00f3n de Alberdi cre\u00f3 una Secretar\u00eda de Seguridad, que permiti\u00f3 reforzar la seguridad ciudadana con la instalaci\u00f3n de c\u00e1maras en varios sectores de la ciudad. \u201cAdem\u00e1s, hemos instalado una aplicaci\u00f3n en los celulares de la gente, de los comerciantes, que se llama Alberdi Segura, donde apretando los botones de p\u00e1nico se presentan los agentes de seguridad en el lugar del hecho\u201d.<\/p>\n<p>Por \u00faltimo, Norry destac\u00f3 que la intervenci\u00f3n \u201clogr\u00f3 calmar el clima de inestabilidad que se viv\u00eda en Alberdi y la sensaci\u00f3n de inseguridad. Hoy podemos decir que los alberdianos caminan tranquilos por las calles, disfrutan de sus fiestas, ejercen su gastronom\u00eda y el comercio est\u00e1 trabajando\u201d.<\/p>\n<p>Fuente: <a href=\"https:\/\/www.comunicaciontucuman.gob.ar\/noticia\/gobernacion\/237710\/jaldo-felicito-bruno-romano-intendente-electo-alberdi\"> Fuente de la nota <\/a><\/p>\n","protected":false},"excerpt":{"rendered":"<p>El gobernador, Osvaldo Jaldo, se reuni\u00f3 con el intendente electo de Juan Bautista Alberdi, Bruno Romano, a quien felicit\u00f3 por su victoria en las elecciones municipales desarrolladas en la jornada de ayer en la ciudad del sur tucumano. Del encuentro participaron el ministro del Interior, Dar\u00edo Monteros; la legisladora, Nancy Bulacio y el actual interventor [&hellip;]<\/p>\n","protected":false},"author":1,"featured_media":46049,"comment_status":"closed","ping_status":"open","sticky":false,"template":"","format":"standard","meta":{"footnotes":""},"categories":[3],"tags":[],"class_list":{"0":"post-46048","1":"post","2":"type-post","3":"status-publish","4":"format-standard","5":"has-post-thumbnail","7":"category-politica"},"yoast_head":"<!-- This site is optimized with the Yoast SEO plugin v27.4 - https:\/\/yoast.com\/product\/yoast-seo-wordpress\/ -->\n<title>Jaldo felicit\u00f3 a Bruno Romano, intendente electo de Alberdi - El Diario de Tucuman<\/title>\n<meta name=\"robots\" content=\"index, follow, max-snippet:-1, max-image-preview:large, max-video-preview:-1\" \/>\n<link rel=\"canonical\" href=\"https:\/\/www.eldiariodetucuman.com\/web\/jaldo-felicito-a-bruno-romano-intendente-electo-de-alberdi\/\" \/>\n<meta property=\"og:locale\" content=\"es_ES\" \/>\n<meta property=\"og:type\" content=\"article\" \/>\n<meta property=\"og:title\" content=\"Jaldo felicit\u00f3 a Bruno Romano, intendente electo de Alberdi - El Diario de Tucuman\" \/>\n<meta property=\"og:description\" content=\"El gobernador, Osvaldo Jaldo, se reuni\u00f3 con el intendente electo de Juan Bautista Alberdi, Bruno Romano, a quien felicit\u00f3 por su victoria en las elecciones municipales desarrolladas en la jornada de ayer en la ciudad del sur tucumano. Del encuentro participaron el ministro del Interior, Dar\u00edo Monteros; la legisladora, Nancy Bulacio y el actual interventor [&hellip;]\" \/>\n<meta property=\"og:url\" content=\"https:\/\/www.eldiariodetucuman.com\/web\/jaldo-felicito-a-bruno-romano-intendente-electo-de-alberdi\/\" \/>\n<meta property=\"og:site_name\" content=\"El Diario de Tucuman\" \/>\n<meta property=\"article:published_time\" content=\"2025-10-27T21:48:37+00:00\" \/>\n<meta name=\"author\" content=\"admin\" \/>\n<meta name=\"twitter:card\" content=\"summary_large_image\" \/>\n<meta name=\"twitter:label1\" content=\"Escrito por\" \/>\n\t<meta name=\"twitter:data1\" content=\"admin\" \/>\n\t<meta name=\"twitter:label2\" content=\"Tiempo de lectura\" \/>\n\t<meta name=\"twitter:data2\" content=\"3 minutos\" \/>\n<script type=\"application\/ld+json\" class=\"yoast-schema-graph\">{\"@context\":\"https:\\\/\\\/schema.org\",\"@graph\":[{\"@type\":\"Article\",\"@id\":\"https:\\\/\\\/www.eldiariodetucuman.com\\\/web\\\/jaldo-felicito-a-bruno-romano-intendente-electo-de-alberdi\\\/#article\",\"isPartOf\":{\"@id\":\"https:\\\/\\\/www.eldiariodetucuman.com\\\/web\\\/jaldo-felicito-a-bruno-romano-intendente-electo-de-alberdi\\\/\"},\"author\":{\"name\":\"admin\",\"@id\":\"https:\\\/\\\/www.eldiariodetucuman.com\\\/web\\\/#\\\/schema\\\/person\\\/9250197d75ab5483412e19678b121caa\"},\"headline\":\"Jaldo felicit\u00f3 a Bruno Romano, intendente electo de Alberdi\",\"datePublished\":\"2025-10-27T21:48:37+00:00\",\"mainEntityOfPage\":{\"@id\":\"https:\\\/\\\/www.eldiariodetucuman.com\\\/web\\\/jaldo-felicito-a-bruno-romano-intendente-electo-de-alberdi\\\/\"},\"wordCount\":565,\"publisher\":{\"@id\":\"https:\\\/\\\/www.eldiariodetucuman.com\\\/web\\\/#organization\"},\"image\":{\"@id\":\"https:\\\/\\\/www.eldiariodetucuman.com\\\/web\\\/jaldo-felicito-a-bruno-romano-intendente-electo-de-alberdi\\\/#primaryimage\"},\"thumbnailUrl\":\"https:\\\/\\\/www.eldiariodetucuman.com\\\/web\\\/wp-content\\\/uploads\\\/2025\\\/10\\\/Jaldo-felicito-a-Bruno-Romano-intendente-electo-de-Alberdi.jfif\",\"articleSection\":[\"Politica\"],\"inLanguage\":\"es\"},{\"@type\":\"WebPage\",\"@id\":\"https:\\\/\\\/www.eldiariodetucuman.com\\\/web\\\/jaldo-felicito-a-bruno-romano-intendente-electo-de-alberdi\\\/\",\"url\":\"https:\\\/\\\/www.eldiariodetucuman.com\\\/web\\\/jaldo-felicito-a-bruno-romano-intendente-electo-de-alberdi\\\/\",\"name\":\"Jaldo felicit\u00f3 a Bruno Romano, intendente electo de Alberdi - El Diario de Tucuman\",\"isPartOf\":{\"@id\":\"https:\\\/\\\/www.eldiariodetucuman.com\\\/web\\\/#website\"},\"primaryImageOfPage\":{\"@id\":\"https:\\\/\\\/www.eldiariodetucuman.com\\\/web\\\/jaldo-felicito-a-bruno-romano-intendente-electo-de-alberdi\\\/#primaryimage\"},\"image\":{\"@id\":\"https:\\\/\\\/www.eldiariodetucuman.com\\\/web\\\/jaldo-felicito-a-bruno-romano-intendente-electo-de-alberdi\\\/#primaryimage\"},\"thumbnailUrl\":\"https:\\\/\\\/www.eldiariodetucuman.com\\\/web\\\/wp-content\\\/uploads\\\/2025\\\/10\\\/Jaldo-felicito-a-Bruno-Romano-intendente-electo-de-Alberdi.jfif\",\"datePublished\":\"2025-10-27T21:48:37+00:00\",\"breadcrumb\":{\"@id\":\"https:\\\/\\\/www.eldiariodetucuman.com\\\/web\\\/jaldo-felicito-a-bruno-romano-intendente-electo-de-alberdi\\\/#breadcrumb\"},\"inLanguage\":\"es\",\"potentialAction\":[{\"@type\":\"ReadAction\",\"target\":[\"https:\\\/\\\/www.eldiariodetucuman.com\\\/web\\\/jaldo-felicito-a-bruno-romano-intendente-electo-de-alberdi\\\/\"]}]},{\"@type\":\"ImageObject\",\"inLanguage\":\"es\",\"@id\":\"https:\\\/\\\/www.eldiariodetucuman.com\\\/web\\\/jaldo-felicito-a-bruno-romano-intendente-electo-de-alberdi\\\/#primaryimage\",\"url\":\"https:\\\/\\\/www.eldiariodetucuman.com\\\/web\\\/wp-content\\\/uploads\\\/2025\\\/10\\\/Jaldo-felicito-a-Bruno-Romano-intendente-electo-de-Alberdi.jfif\",\"contentUrl\":\"https:\\\/\\\/www.eldiariodetucuman.com\\\/web\\\/wp-content\\\/uploads\\\/2025\\\/10\\\/Jaldo-felicito-a-Bruno-Romano-intendente-electo-de-Alberdi.jfif\",\"width\":818,\"height\":460},{\"@type\":\"BreadcrumbList\",\"@id\":\"https:\\\/\\\/www.eldiariodetucuman.com\\\/web\\\/jaldo-felicito-a-bruno-romano-intendente-electo-de-alberdi\\\/#breadcrumb\",\"itemListElement\":[{\"@type\":\"ListItem\",\"position\":1,\"name\":\"Portada\",\"item\":\"https:\\\/\\\/www.eldiariodetucuman.com\\\/web\\\/\"},{\"@type\":\"ListItem\",\"position\":2,\"name\":\"Jaldo felicit\u00f3 a Bruno Romano, intendente electo de Alberdi\"}]},{\"@type\":\"WebSite\",\"@id\":\"https:\\\/\\\/www.eldiariodetucuman.com\\\/web\\\/#website\",\"url\":\"https:\\\/\\\/www.eldiariodetucuman.com\\\/web\\\/\",\"name\":\"El Diario de Tucuman\",\"description\":\"Diario Tucuman - Informaci\u00f3n y noticias\",\"publisher\":{\"@id\":\"https:\\\/\\\/www.eldiariodetucuman.com\\\/web\\\/#organization\"},\"potentialAction\":[{\"@type\":\"SearchAction\",\"target\":{\"@type\":\"EntryPoint\",\"urlTemplate\":\"https:\\\/\\\/www.eldiariodetucuman.com\\\/web\\\/?s={search_term_string}\"},\"query-input\":{\"@type\":\"PropertyValueSpecification\",\"valueRequired\":true,\"valueName\":\"search_term_string\"}}],\"inLanguage\":\"es\"},{\"@type\":\"Organization\",\"@id\":\"https:\\\/\\\/www.eldiariodetucuman.com\\\/web\\\/#organization\",\"name\":\"El Diario de Tucuman\",\"url\":\"https:\\\/\\\/www.eldiariodetucuman.com\\\/web\\\/\",\"logo\":{\"@type\":\"ImageObject\",\"inLanguage\":\"es\",\"@id\":\"https:\\\/\\\/www.eldiariodetucuman.com\\\/web\\\/#\\\/schema\\\/logo\\\/image\\\/\",\"url\":\"http:\\\/\\\/www.eldiariodetucuman.com\\\/web\\\/wp-content\\\/uploads\\\/2017\\\/12\\\/el-diario-de-tucuman.jpg\",\"contentUrl\":\"http:\\\/\\\/www.eldiariodetucuman.com\\\/web\\\/wp-content\\\/uploads\\\/2017\\\/12\\\/el-diario-de-tucuman.jpg\",\"width\":272,\"height\":92,\"caption\":\"El Diario de Tucuman\"},\"image\":{\"@id\":\"https:\\\/\\\/www.eldiariodetucuman.com\\\/web\\\/#\\\/schema\\\/logo\\\/image\\\/\"}},{\"@type\":\"Person\",\"@id\":\"https:\\\/\\\/www.eldiariodetucuman.com\\\/web\\\/#\\\/schema\\\/person\\\/9250197d75ab5483412e19678b121caa\",\"name\":\"admin\",\"image\":{\"@type\":\"ImageObject\",\"inLanguage\":\"es\",\"@id\":\"https:\\\/\\\/secure.gravatar.com\\\/avatar\\\/c44d117c2be811212c22cb481f6b8384b6873de103fbc49e7a03cc58d7dea4ac?s=96&d=mm&r=g\",\"url\":\"https:\\\/\\\/secure.gravatar.com\\\/avatar\\\/c44d117c2be811212c22cb481f6b8384b6873de103fbc49e7a03cc58d7dea4ac?s=96&d=mm&r=g\",\"contentUrl\":\"https:\\\/\\\/secure.gravatar.com\\\/avatar\\\/c44d117c2be811212c22cb481f6b8384b6873de103fbc49e7a03cc58d7dea4ac?s=96&d=mm&r=g\",\"caption\":\"admin\"},\"url\":\"https:\\\/\\\/www.eldiariodetucuman.com\\\/web\\\/author\\\/admin\\\/\"}]}<\/script>\n<!-- \/ Yoast SEO plugin. -->","yoast_head_json":{"title":"Jaldo felicit\u00f3 a Bruno Romano, intendente electo de Alberdi - El Diario de Tucuman","robots":{"index":"index","follow":"follow","max-snippet":"max-snippet:-1","max-image-preview":"max-image-preview:large","max-video-preview":"max-video-preview:-1"},"canonical":"https:\/\/www.eldiariodetucuman.com\/web\/jaldo-felicito-a-bruno-romano-intendente-electo-de-alberdi\/","og_locale":"es_ES","og_type":"article","og_title":"Jaldo felicit\u00f3 a Bruno Romano, intendente electo de Alberdi - El Diario de Tucuman","og_description":"El gobernador, Osvaldo Jaldo, se reuni\u00f3 con el intendente electo de Juan Bautista Alberdi, Bruno Romano, a quien felicit\u00f3 por su victoria en las elecciones municipales desarrolladas en la jornada de ayer en la ciudad del sur tucumano. Del encuentro participaron el ministro del Interior, Dar\u00edo Monteros; la legisladora, Nancy Bulacio y el actual interventor [&hellip;]","og_url":"https:\/\/www.eldiariodetucuman.com\/web\/jaldo-felicito-a-bruno-romano-intendente-electo-de-alberdi\/","og_site_name":"El Diario de Tucuman","article_published_time":"2025-10-27T21:48:37+00:00","author":"admin","twitter_card":"summary_large_image","twitter_misc":{"Escrito por":"admin","Tiempo de lectura":"3 minutos"},"schema":{"@context":"https:\/\/schema.org","@graph":[{"@type":"Article","@id":"https:\/\/www.eldiariodetucuman.com\/web\/jaldo-felicito-a-bruno-romano-intendente-electo-de-alberdi\/#article","isPartOf":{"@id":"https:\/\/www.eldiariodetucuman.com\/web\/jaldo-felicito-a-bruno-romano-intendente-electo-de-alberdi\/"},"author":{"name":"admin","@id":"https:\/\/www.eldiariodetucuman.com\/web\/#\/schema\/person\/9250197d75ab5483412e19678b121caa"},"headline":"Jaldo felicit\u00f3 a Bruno Romano, intendente electo de Alberdi","datePublished":"2025-10-27T21:48:37+00:00","mainEntityOfPage":{"@id":"https:\/\/www.eldiariodetucuman.com\/web\/jaldo-felicito-a-bruno-romano-intendente-electo-de-alberdi\/"},"wordCount":565,"publisher":{"@id":"https:\/\/www.eldiariodetucuman.com\/web\/#organization"},"image":{"@id":"https:\/\/www.eldiariodetucuman.com\/web\/jaldo-felicito-a-bruno-romano-intendente-electo-de-alberdi\/#primaryimage"},"thumbnailUrl":"https:\/\/www.eldiariodetucuman.com\/web\/wp-content\/uploads\/2025\/10\/Jaldo-felicito-a-Bruno-Romano-intendente-electo-de-Alberdi.jfif","articleSection":["Politica"],"inLanguage":"es"},{"@type":"WebPage","@id":"https:\/\/www.eldiariodetucuman.com\/web\/jaldo-felicito-a-bruno-romano-intendente-electo-de-alberdi\/","url":"https:\/\/www.eldiariodetucuman.com\/web\/jaldo-felicito-a-bruno-romano-intendente-electo-de-alberdi\/","name":"Jaldo felicit\u00f3 a Bruno Romano, intendente electo de Alberdi - El Diario de Tucuman","isPartOf":{"@id":"https:\/\/www.eldiariodetucuman.com\/web\/#website"},"primaryImageOfPage":{"@id":"https:\/\/www.eldiariodetucuman.com\/web\/jaldo-felicito-a-bruno-romano-intendente-electo-de-alberdi\/#primaryimage"},"image":{"@id":"https:\/\/www.eldiariodetucuman.com\/web\/jaldo-felicito-a-bruno-romano-intendente-electo-de-alberdi\/#primaryimage"},"thumbnailUrl":"https:\/\/www.eldiariodetucuman.com\/web\/wp-content\/uploads\/2025\/10\/Jaldo-felicito-a-Bruno-Romano-intendente-electo-de-Alberdi.jfif","datePublished":"2025-10-27T21:48:37+00:00","breadcrumb":{"@id":"https:\/\/www.eldiariodetucuman.com\/web\/jaldo-felicito-a-bruno-romano-intendente-electo-de-alberdi\/#breadcrumb"},"inLanguage":"es","potentialAction":[{"@type":"ReadAction","target":["https:\/\/www.eldiariodetucuman.com\/web\/jaldo-felicito-a-bruno-romano-intendente-electo-de-alberdi\/"]}]},{"@type":"ImageObject","inLanguage":"es","@id":"https:\/\/www.eldiariodetucuman.com\/web\/jaldo-felicito-a-bruno-romano-intendente-electo-de-alberdi\/#primaryimage","url":"https:\/\/www.eldiariodetucuman.com\/web\/wp-content\/uploads\/2025\/10\/Jaldo-felicito-a-Bruno-Romano-intendente-electo-de-Alberdi.jfif","contentUrl":"https:\/\/www.eldiariodetucuman.com\/web\/wp-content\/uploads\/2025\/10\/Jaldo-felicito-a-Bruno-Romano-intendente-electo-de-Alberdi.jfif","width":818,"height":460},{"@type":"BreadcrumbList","@id":"https:\/\/www.eldiariodetucuman.com\/web\/jaldo-felicito-a-bruno-romano-intendente-electo-de-alberdi\/#breadcrumb","itemListElement":[{"@type":"ListItem","position":1,"name":"Portada","item":"https:\/\/www.eldiariodetucuman.com\/web\/"},{"@type":"ListItem","position":2,"name":"Jaldo felicit\u00f3 a Bruno Romano, intendente electo de Alberdi"}]},{"@type":"WebSite","@id":"https:\/\/www.eldiariodetucuman.com\/web\/#website","url":"https:\/\/www.eldiariodetucuman.com\/web\/","name":"El Diario de Tucuman","description":"Diario Tucuman - Informaci\u00f3n y noticias","publisher":{"@id":"https:\/\/www.eldiariodetucuman.com\/web\/#organization"},"potentialAction":[{"@type":"SearchAction","target":{"@type":"EntryPoint","urlTemplate":"https:\/\/www.eldiariodetucuman.com\/web\/?s={search_term_string}"},"query-input":{"@type":"PropertyValueSpecification","valueRequired":true,"valueName":"search_term_string"}}],"inLanguage":"es"},{"@type":"Organization","@id":"https:\/\/www.eldiariodetucuman.com\/web\/#organization","name":"El Diario de Tucuman","url":"https:\/\/www.eldiariodetucuman.com\/web\/","logo":{"@type":"ImageObject","inLanguage":"es","@id":"https:\/\/www.eldiariodetucuman.com\/web\/#\/schema\/logo\/image\/","url":"http:\/\/www.eldiariodetucuman.com\/web\/wp-content\/uploads\/2017\/12\/el-diario-de-tucuman.jpg","contentUrl":"http:\/\/www.eldiariodetucuman.com\/web\/wp-content\/uploads\/2017\/12\/el-diario-de-tucuman.jpg","width":272,"height":92,"caption":"El Diario de Tucuman"},"image":{"@id":"https:\/\/www.eldiariodetucuman.com\/web\/#\/schema\/logo\/image\/"}},{"@type":"Person","@id":"https:\/\/www.eldiariodetucuman.com\/web\/#\/schema\/person\/9250197d75ab5483412e19678b121caa","name":"admin","image":{"@type":"ImageObject","inLanguage":"es","@id":"https:\/\/secure.gravatar.com\/avatar\/c44d117c2be811212c22cb481f6b8384b6873de103fbc49e7a03cc58d7dea4ac?s=96&d=mm&r=g","url":"https:\/\/secure.gravatar.com\/avatar\/c44d117c2be811212c22cb481f6b8384b6873de103fbc49e7a03cc58d7dea4ac?s=96&d=mm&r=g","contentUrl":"https:\/\/secure.gravatar.com\/avatar\/c44d117c2be811212c22cb481f6b8384b6873de103fbc49e7a03cc58d7dea4ac?s=96&d=mm&r=g","caption":"admin"},"url":"https:\/\/www.eldiariodetucuman.com\/web\/author\/admin\/"}]}},"_links":{"self":[{"href":"https:\/\/www.eldiariodetucuman.com\/web\/wp-json\/wp\/v2\/posts\/46048","targetHints":{"allow":["GET"]}}],"collection":[{"href":"https:\/\/www.eldiariodetucuman.com\/web\/wp-json\/wp\/v2\/posts"}],"about":[{"href":"https:\/\/www.eldiariodetucuman.com\/web\/wp-json\/wp\/v2\/types\/post"}],"author":[{"embeddable":true,"href":"https:\/\/www.eldiariodetucuman.com\/web\/wp-json\/wp\/v2\/users\/1"}],"replies":[{"embeddable":true,"href":"https:\/\/www.eldiariodetucuman.com\/web\/wp-json\/wp\/v2\/comments?post=46048"}],"version-history":[{"count":0,"href":"https:\/\/www.eldiariodetucuman.com\/web\/wp-json\/wp\/v2\/posts\/46048\/revisions"}],"wp:featuredmedia":[{"embeddable":true,"href":"https:\/\/www.eldiariodetucuman.com\/web\/wp-json\/wp\/v2\/media\/46049"}],"wp:attachment":[{"href":"https:\/\/www.eldiariodetucuman.com\/web\/wp-json\/wp\/v2\/media?parent=46048"}],"wp:term":[{"taxonomy":"category","embeddable":true,"href":"https:\/\/www.eldiariodetucuman.com\/web\/wp-json\/wp\/v2\/categories?post=46048"},{"taxonomy":"post_tag","embeddable":true,"href":"https:\/\/www.eldiariodetucuman.com\/web\/wp-json\/wp\/v2\/tags?post=46048"}],"curies":[{"name":"wp","href":"https:\/\/api.w.org\/{rel}","templated":true}]}}