{"id":46005,"date":"2025-10-23T00:01:35","date_gmt":"2025-10-23T03:01:35","guid":{"rendered":"https:\/\/www.eldiariodetucuman.com\/web\/un-via-crucis-que-pone-a-prueba-a-javier-milei\/"},"modified":"2025-10-23T00:01:37","modified_gmt":"2025-10-23T03:01:37","slug":"un-via-crucis-que-pone-a-prueba-a-javier-milei","status":"publish","type":"post","link":"https:\/\/www.eldiariodetucuman.com\/web\/un-via-crucis-que-pone-a-prueba-a-javier-milei\/","title":{"rendered":"Un v\u00eda crucis que pone a prueba a Javier Milei"},"content":{"rendered":"<p><\/p>\n<p class=\"com-paragraph  --capital --s\">Se podr\u00eda decir que la <strong>renuncia adelantada de Gerardo Werthein a la Canciller\u00eda<\/strong> era el \u00faltimo acto de la campa\u00f1a proselitista del Gobierno. Una campa\u00f1a que cuando dej\u00f3 de ser accidentada fue para convertirse en catastr\u00f3fica. Pero nunca hay que dar por terminado el v\u00eda crucis. La vida sigue dando sorpresas. A \u00faltima hora, cuando ya estaba claro el da\u00f1o ocasionado por Werthein, <strong>Mariano C\u00faneo Libarona anunci\u00f3 que el lunes no le ven m\u00e1s el pelo.<\/strong> M\u00e1s all\u00e1 de esta estad\u00edstica, que el ministro de Relaciones Exteriores dimita a pocos d\u00edas de unas elecciones inciertas, cuando el principal eje de la vida p\u00fablica, que es la relaci\u00f3n con los Estados Unidos, pasa por su escritorio, no obedece a la mejor estrategia de marketing. Sobre todo si inicia una corrida. De todos modos, estas desgracias tienen para Milei un efecto positivo: <strong>cada vez necesita menos votos para, el pr\u00f3ximo domingo, dar la impresi\u00f3n de que obr\u00f3 un milagro electoral.<\/strong><\/p>\n<p class=\"com-paragraph   --s\">En los \u00faltimos d\u00edas el Presidente volvi\u00f3 a demostrar que las t\u00e9cnicas cl\u00e1sicas del poder le son ajenas. Es muy inusual que un l\u00edder anuncie con una semana de anticipaci\u00f3n que piensa realizar un cambio de gabinete. Es la mejor manera de <strong>desatar una guerra de todos contra todos.<\/strong> Los que temen ser despedidos inician una campa\u00f1a de agresiones contra los presuntos reemplazantes. Y los que tienen aspiraciones de ingresar anegan los diarios con datos que demuestran por qu\u00e9 este ministro o aquel secretario deben ser exonerados de inmediato. En resumen, ese tipo de anuncio garantiza un brochazo de bleque sobre el aspecto del Gobierno. No es lo m\u00e1s prudente, sobre todo cuando las urnas est\u00e1n a la vuelta de la esquina. Pero quienes est\u00e1n cerca de Milei explican que <strong>\u201c\u00e9l no tiene filtro. Si piensa algo, tiene que decirlo\u201d.<\/strong><\/p>\n<p class=\"com-paragraph   --s\">La justificaci\u00f3n corriente del alejamiento de Werthein es que se sinti\u00f3 afectado por los <strong>malos tratos del \u201cMago del Kremlin\u201d, Santiago Caputo.<\/strong> \u201cTal vez sobreestim\u00f3 su lugar en el ajedrez del Presidente y quiso presionar con la renuncia, haci\u00e9ndola trascender por la prensa todos estos d\u00edas, para evitar que Caputo ingrese al gabinete. No es el mejor m\u00e9todo para Javier\u201d, especulan en palacio. Otros aseguran que \u201cse lo llev\u00f3 puesto el \u2018Gordo Dan\u2019\u201d. Hablan del vocero informal del \u201cMago\u201d, Daniel Parisini, quien hab\u00eda vapuleado al canciller desde su cuenta de X adjudic\u00e1ndole <strong>la malhadada entrevista con Donald Trump.<\/strong> Es decir, la entrevista que, antes de conocerse el resultado, se ven\u00eda atribuyendo su jefe Caputo.<\/p>\n<p class=\"com-paragraph   --s\"><strong>C\u00faneo padeci\u00f3 al mismo verdugo.<\/strong> Caputo lo manej\u00f3 con el joystick de Sebasti\u00e1n Amerio, su representante en Justicia. El ministro no ten\u00eda derecho ni a operar su cuenta de X: la manejaba on joven subordinado del \u201cMago\u201d. En los \u00faltimos d\u00edas el acoso fue ofensivo: s\u00f3lo faltaba que el marplatense <strong>Guillermo Montenegro, ese alter ego de Ariel Lijo, <\/strong>empiece a firmar decretos. \u201cNo odiamos lo suficiente a C\u00faneo Libarona\u201d parec\u00eda ser la consigna.<\/p>\n<p class=\"com-paragraph   --s\">Werthein y C\u00f9neo parecen haber tomado venganza <strong>eligiendo el momento m\u00e1s inoportuno para irse. <\/strong>\u201cLo de Gerardo fue un vuelto al Gordo Dan\u201d, dijo un gracioso. El canciller recuerda a aquel Mart\u00edn Lousteau que, embajador en Estados Unidos, le dijo adi\u00f3s a Mauricio Macri en v\u00edsperas de una visita presidencial a Washington. C\u00faneo le hizo la segunda. Gente que, cuando hace el mal, lo hace bien.<\/p>\n<p class=\"com-paragraph   --s\">A prop\u00f3sito de Lijo: llam\u00f3 la atenci\u00f3n en su cumplea\u00f1os en Pilar <strong>la ausencia de jueces federales.<\/strong> Temi\u00f3 inasistencias. En cambio estaban celebridades del mundo institucional como Rafa di Zeo, y dos imitadores del tenebroso Antonio Stiuso y su alegrante Guillermo Coppola.<\/p>\n<p class=\"com-paragraph   --s\">El saliente canciller deja su cargo horas despu\u00e9s de <strong>haber firmado decenas de designaciones<\/strong> que pasan a alargar la lista de nombramientos pendientes. Algunos son bastantes significativos. Por ejemplo, el traslado de Luis Kreckler como embajador ante el Reino Unido. O el de Alec Oxenford en Estados Unidos. Y uno m\u00e1s curioso: el del <strong>exsecretario privado de Jorge Taiana, \u201cGerry\u201d D\u00edaz Bartolom\u00e9, como c\u00f3nsul general en Nueva York.<\/strong><\/p>\n<p class=\"com-paragraph   --s\">El acorralamiento interno de Werthein fue parte de la <strong>mancha venenosa que el astuto Caputo suele jugar en la cabeza conspirativa de Milei.<\/strong> El \u00faltimo argumento para esmerilar al canciller es que est\u00e1 demasiado ligado a los dem\u00f3cratas y que eso da\u00f1a el v\u00ednculo con Trump. Es una caracterizaci\u00f3n sorprendente. Primero, porque propone que el ubicuo Werthein podr\u00eda cultivar alg\u00fan alineamiento estable que ponga en riesgo su cercan\u00eda con el poder. Segundo, porque desconoce que <strong>Trump estuvo mucho m\u00e1s cerca del Partido Dem\u00f3crata que ese Werthein de ficci\u00f3n:<\/strong> financi\u00f3 a los Clinton, que fueron invitados a su boda con Melania y le retribuyeron esa participaci\u00f3n para el casamiento de su hija Chelsea. <\/p>\n<p class=\"com-paragraph   --s\">La \u00faltima imputaci\u00f3n contra Werthein es que es pro chino. Esa s\u00ed es una flecha venenosa. <strong>Distanciar a la Argentina de China es un objetivo expreso de la pol\u00edtica de Trump,<\/strong> como public\u00f3 ayer en su tapa The Wall Street Journal. No se trata de obturar las relaciones comerciales, que los Estados Unidos mantienen con mucha mayor intensidad. El objetivo es <strong>desconectar cualquier v\u00ednculo que tenga que ver con suministros militares,<\/strong> producci\u00f3n de energ\u00edas cr\u00edticas o infraestructura de telecomunicaciones.<\/p>\n<p class=\"com-paragraph   --s\">La pretensi\u00f3n de cortar la dependencia con China es problem\u00e1tica. Habr\u00eda que cancelar el swap de monedas, gracias al cual el Banco Central mantiene un nivel m\u00ednimo de reservas. <strong>Para devolver ese dinero, la Argentina deber\u00eda ped\u00edrselo prestado a los Estados Unidos.<\/strong> Eso s\u00ed encender\u00eda una pol\u00e9mica en la pol\u00edtica norteamericana: que los fondos que Scott Bessent pone en manos de Luis \u201cToto\u201d Caputo terminen en los bolsillos de Xi Jinping. <\/p>\n<p class=\"com-paragraph   --s\">Son paradojas que fascinan a los chinos. Uno de sus amigos en Buenos Aires hac\u00eda notar ayer: \u201cEs risue\u00f1o que Trump ayude a Milei a tener una pol\u00edtica de d\u00f3lar barato cuya consecuencia principal es <strong>que los chinos abastezcan las importaciones de los argentinos\u201d. <\/strong>Es la misma idea. Los d\u00f3lares de Bessent terminan en Pek\u00edn.<\/p>\n<p class=\"com-paragraph   --s\">\u00bfCu\u00e1nto hay de motivaciones consistentes y cu\u00e1nto de folclore en el impulso de Werthein hacia la salida? En los \u00faltimos meses hubo una raz\u00f3n verificable de un conflicto. El acuerdo comercial que negocia el gobierno de Milei con el de Trump para fijar un r\u00e9gimen arancelario amigable estuvo obstruido por la discusi\u00f3n sobre propiedad intelectual. En otras palabras, <strong>el entendimiento choc\u00f3 una y otra vez contra la resistencia de la industria farmac\u00e9utica argentina<\/strong> <strong>a remunerar las patentes de especialidades extranjeras.<\/strong> El principal abogado de los laboratorios nacionales fue Werthein, quien hasta lleg\u00f3 a desplazar a diplom\u00e1ticos que tramitaban la negociaci\u00f3n t\u00e9cnica, por no alinearse con los intereses que \u00e9l defend\u00eda. La contracara de esta l\u00ednea de acci\u00f3n fue, como siempre, Federico Sturzenegger y su equipo.<\/p>\n<p class=\"com-paragraph   --s\">La salida de Werthein habr\u00eda estado impulsada por otros factores opacos. <strong>Una sorda guerra de varios meses con el empresario Leonardo Scatturice, de influencia decisiva sobre Santiago Caputo.<\/strong> Scatturice gestiona la relaci\u00f3n entre el entorno de Milei y la Conferencia de Acci\u00f3n Pol\u00edtica Conservadora (Cpac), una liga de republicanos de extrema derecha identificados con Donald Trump. Scatturice adjudica a Werthein maniobras malintencionadas en su contra en la competencia por controlar la relaci\u00f3n con Washington.<\/p>\n<p class=\"com-paragraph   --s\">Entre los contactos de Scatturice con la feligres\u00eda de Trump hay uno que fue determinante en las \u00faltimas semanas<strong>. Es Robert Citrone, el titular de Discovery, un fondo que administra unos 3000 millones de d\u00f3lares<\/strong> y que atesora una posici\u00f3n gigantesca de bonos argentinos. Citrone, que mantiene una relaci\u00f3n amigable con el ministro Luis Caputo, se vanaglori\u00f3 en una entrevista con Tony Pasquariello, de Goldman Sachs, de ejercer una influencia considerable sobre el gobierno de Milei. Funcionarios de ese gobierno aseguran que, hasta la noche del domingo 21 de septiembre, Bessent se resist\u00eda a anunciar un auxilio a la Argentina. Comentan que Michael Kaplan, el encargado de Asuntos Internacionales del Tesoro, lo habr\u00eda desaconsejado. Siempre seg\u00fan esa versi\u00f3n, Bessent habr\u00eda girado el pulgar hacia arriba por una gesti\u00f3n de Citrone, su antiguo colega en el fondo de George Soros. El premio N\u00f3bel Paul Krugman viene insistiendo en que toda la jugada est\u00e1 inspirada en la defensa de los intereses de Citrone. M\u00e1s: dice que ese financista compr\u00f3 m\u00e1s papeles argentinos horas antes de que Bessent mostrara el salvavidas.<\/p>\n<p class=\"com-paragraph   --s\">Esta narraci\u00f3n puede ser inexacta. Pero igual es significativa, debido a que es <strong>la narraci\u00f3n que le habr\u00edan suministrado a Milei sobre los acontecimientos que lo salvaron del abismo.<\/strong> La explicaci\u00f3n produce un desbalance en la puja interna del Gobierno. Citrone y Scatturice son socios pol\u00edticos del \u201cMago\u201d Caputo. Dicho de otro modo: si el proceso fue como aparece en ese relato, la tabla de salvaci\u00f3n de Milei fue el asesor Caputo. Hay algo que vuelve m\u00e1s veros\u00edmil esta presentaci\u00f3n de los hechos ante los ojos de Milei: su sorprendente dependencia psicol\u00f3gica respecto del \u201cMago\u201d.<\/p>\n<p class=\"com-paragraph   --s\">Ser\u00eda un error suponer que la guerra interna que afecta al gabinete, estimulada por el anuncio presidencial de un inminente cambio de elenco, est\u00e1 provocada s\u00f3lo por la voluntad de controlar posiciones administrativas. Es tambi\u00e9n <strong>una puja por el tipo de alianzas que debe tejer Milei para encarar los pr\u00f3ximos dos a\u00f1os de trabajo.<\/strong><\/p>\n<p class=\"com-paragraph   --s\">Las hip\u00f3tesis aritm\u00e9ticas sobre resultados son, en general, coincidentes. En la provincia de Buenos Aires el peronismo ganar\u00eda por una diferencia de 5 a 7 puntos, lo que constituye una pasable recuperaci\u00f3n del voto libertario. <strong>En la elecci\u00f3n nacional habr\u00eda un empate.<\/strong> Y, si no lo hubiera, la diferencia ser\u00eda de no m\u00e1s de 4 puntos, tal vez a favor de La Libertad Avanza frente a un peronismo filokirchnerista, etiquetado con varias denominaciones. <\/p>\n<p class=\"com-paragraph   --s\">Este consenso contrasta con otro. La fantas\u00eda, no respaldada por n\u00famero alguno, de que <strong>Milei puede tener una noche amarga.<\/strong> Esa suposici\u00f3n intuitiva es hija de la cadena de desgracias que da\u00f1aron al oficialismo en los \u00faltimos dos meses. Alguien objeta: \u201cLas desgracias y los errores pesan menos en un tiempo en que los votantes son movidos en contra de, no a favor de\u201d.<\/p>\n<p class=\"com-paragraph   --s\">Hay otro rasgo que llama la atenci\u00f3n de candidatos que recorren la provincia de Buenos Aires: el periodismo radicado en las radios o en las plataformas de streaming de localidades bonaerenses tiene una tendencia inercial a hablar en contra de Milei. <strong>\u201cEs notorio c\u00f3mo el Gobierno produjo una reacci\u00f3n gremial con esa consigna de odiar al periodismo\u201d,<\/strong> comentaba ayer un diputado que busca su reelecci\u00f3n. Heterodoxias del marketing de Santiago Caputo. Otro rasgo del momento, observado por otro competidor: \u201cLa campa\u00f1a es virtual. En el interior de la provincia, los dirigentes locales de La Libertad Avanza (LLA) o del PJ no hacen campa\u00f1a por sus listas\u201d. Signos enigm\u00e1ticos.<\/p>\n<p class=\"com-paragraph   --s\">Si el domingo a la noche se confirman los grises pron\u00f3sticos de estas horas quedar\u00e1 claro que <strong>la distribuci\u00f3n de bancas en el Congreso ser\u00e1 accesoria respecto de la tarea principal: construir una mayor\u00eda negociando con rivales m\u00e1s o menos razonables. <\/strong>Esa ser\u00e1 la misi\u00f3n de Milei y sus colaboradores.<\/p>\n<p class=\"com-paragraph   --s\">Es verdad que hay inc\u00f3gnitas m\u00e1s urgentes. La m\u00e1s notoria es el r\u00e9gimen cambiario. La incertidumbre es tan aguda que <strong>Bessent, con sus infinitas ganas de ayudar, no consigue frenar la marcha del d\u00f3lar hacia arriba.<\/strong> Desde el seno del oficialismo trasciende que no hay que esperar demasiadas novedades. Milei seguir\u00e1 abrazado al r\u00e9gimen de bandas, ampliando la distancia entre los dos extremos de la cotizaci\u00f3n. Ese es el credo del gabinete. Se trata de una cuesti\u00f3n crucial. La alteraci\u00f3n o la calma del mercado cambiario es siempre la se\u00f1al m\u00e1s importante de orden pol\u00edtico.<\/p>\n<p class=\"com-paragraph   --s\">M\u00e1s all\u00e1 del acertijo sobre el d\u00f3lar, aparece el problema <strong>del armado de una mayor\u00eda en el Congreso. <\/strong>Ese trabajo depende, sobre todo, de la relaci\u00f3n de la Casa Rosada con los gobernadores dispuestos a dialogar, que siempre son la mayor\u00eda. El interrogante m\u00e1s importante a resolver tiene que ver con la estrategia electoral que defina el Gobierno. \u00bfA qu\u00e9 gobernadores les respetar\u00e1 la voluntad de reelegirse y a quienes enfrentar\u00e1 con sus propios candidatos? La respuesta inicial a esta pregunta aparecer\u00e1 el domingo por la noche. Ser\u00e1 importante detectar qu\u00e9 dirigentes de LLA quedaron en una situaci\u00f3n competitiva como para aspirar al poder en sus provincias dentro de dos a\u00f1os. Con los gobernadores de esas provincias el di\u00e1logo ser\u00e1 m\u00e1s dif\u00edcil porque se sentir\u00e1n amenazados.<\/p>\n<p class=\"com-paragraph   --s\">El domingo habr\u00e1 que ver tambi\u00e9n en qu\u00e9 situaci\u00f3n quedan <strong>los gobernadores agrupados en Provincias Unidas.<\/strong> Santiago Caputo viene trat\u00e1ndolos sobre todo a trav\u00e9s de su colaborador Manuel Vidal. Tambi\u00e9n influyen algunos contratos de asesoramiento con la consultora \u201cMove\u201d, que tiene al \u201cMago\u201d como socio. Existe una puja con el ministro del Interior, Lisandro Catal\u00e1n, por el control de ese di\u00e1logo. Catal\u00e1n responde al jefe de Gabinete Guillermo Francos.<\/p>\n<p class=\"com-paragraph   --s\">Las tratativas con esos gobernadores son cruciales para armar una mayor\u00eda en el Congreso que permita <strong>la sanci\u00f3n de algunas reformas que el Gobierno considera de importancia existencial.<\/strong> Como sucede desde que el mundo es mundo, esa mayor\u00eda se construye con plata. Habr\u00e1 gobernadores que pedir\u00e1n recursos para asistir a sus cajas previsionales; otros esperan que la administraci\u00f3n central gire fondos que recauda ARCA pero pertenecen a las provincias; el dinero tambi\u00e9n llega bajo la forma de obra p\u00fablica. Balance provisional: conseguir el n\u00famero de bancas que permita ganar votaciones en el Congreso supone reblandecer la pol\u00edtica fiscal. Es inevitable. Por esta raz\u00f3n, cuando a mediados de septiembre se sent\u00f3 con un grupo de gobernadores, Francos tom\u00f3 el recaudo de llevar a Luis Caputo a la reuni\u00f3n.<\/p>\n<p class=\"com-paragraph   --s\">La reconfiguraci\u00f3n del gabinete toca un nervio muy conflictivo. Cu\u00e1l ser\u00e1 la pol\u00edtica de alianzas de Milei. <strong>No es casual que, apenas aproxim\u00f3 a Macri, Francos haya empezado a recibir el fuego graneado desde las trincheras medi\u00e1ticas del \u201cMago\u201d. <\/strong>El jefe de Gabinete propone incorporar figuras experimentadas a la gesti\u00f3n, es decir, exfuncionarios de Juntos por el Cambio. Santiago Caputo siente esa sugerencia como una amenaza a su gravitaci\u00f3n sobre por lo menos dos tercios de la administraci\u00f3n. Francos propuso una alternativa: \u201cQue se incorpore al Gobierno y firme las cosas que decide\u201d. Como se sabe, muchos funcionarios deben suscribir, sin chistar, acciones indicadas por el \u201cMago\u201d o por su hermano Francisco. Ninguno de los dos tiene un cargo formal. Si sobre el organigrama avanzan los amigos de Macri el poder de los Caputo quedar\u00eda disminuido.<\/p>\n<p class=\"com-paragraph   --s\">Santiago Caputo procesa la resistencia a ese desembarco con un argumento que fascina a Milei: <strong>\u201cNo puede haber un cielo con dos soles.<\/strong> <strong>La derecha tiene que tener un solo l\u00edder.<\/strong> <strong>El Emperador\u201d.<\/strong> Afirman quienes conocen la intimidad de la Casa Rosada que aquella dependencia ps\u00edquica de Milei hacia Caputo se alimenta con este halago permanente. El saldo de estas manipulaciones encaja en esta definici\u00f3n de un embajador extranjero: \u201cMilei es el funcionario m\u00e1s influyente del gobierno de Caputo\u201d.<\/p>\n<p class=\"com-paragraph   --s\">Una consecuencia del enfoque del \u201cMago\u201d es que la incorporaci\u00f3n al gabinete de dirigentes del Pro ser\u00e1 parte de <strong>lo que Tulio Halper\u00edn Donghi llamaba \u201cuna ficci\u00f3n consentida\u201d. <\/strong>Es decir, se cooptar\u00eda a las figuras del Pro que ya se sumaron. Cristian Ritondo, Diego Santilli, Guillermo Montenegro, por citar tres casos.<\/p>\n<p class=\"com-paragraph   --s\">La noche del domingo, o la ma\u00f1ana siguiente a m\u00e1s tardar, quedar\u00e1 expuesto este <strong>campo de batalla sobre el que Milei deber\u00e1 tomar definiciones.<\/strong> Se trata de una instancia decisiva. Como demostr\u00f3 Camila Perochena el lunes pasado, los resultados de las elecciones legislativas de medio t\u00e9rmino no predicen la suerte del Gobierno durante los dos a\u00f1os siguientes. <strong>El kirchnerismo perdi\u00f3 en 2009, pero Cristina Kirchner arras\u00f3 en 2011. Macri arras\u00f3 en 2017, pero se hundi\u00f3 dos a\u00f1os despu\u00e9s.<\/strong><\/p>\n<p class=\"com-paragraph   --s\">Los votos son important\u00edsimos. La capacidad parlamentaria, tambi\u00e9n. Los d\u00f3lares de Bessent son invalorables. Pero <strong>el futuro de Milei depende much\u00edsimo m\u00e1s de la sabidur\u00eda con la que \u00e9l consiga relanzar a su Gobierno.<\/strong> En otras palabras, de la sabidur\u00eda con que logre crear una nueva expectativa.<\/p>\n<p><a href=\"https:\/\/www.lanacion.com.ar\/politica\/un-via-crucis-que-pone-a-prueba-a-javier-milei-nid22102025\/\">Fuente de la nota <\/a><\/p>\n","protected":false},"excerpt":{"rendered":"<p>Se podr\u00eda decir que la renuncia adelantada de Gerardo Werthein a la Canciller\u00eda era el \u00faltimo acto de la campa\u00f1a proselitista del Gobierno. Una campa\u00f1a que cuando dej\u00f3 de ser accidentada fue para convertirse en catastr\u00f3fica. Pero nunca hay que dar por terminado el v\u00eda crucis. La vida sigue dando sorpresas. A \u00faltima hora, cuando [&hellip;]<\/p>\n","protected":false},"author":5,"featured_media":46006,"comment_status":"closed","ping_status":"open","sticky":false,"template":"","format":"standard","meta":{"footnotes":""},"categories":[3],"tags":[],"class_list":{"0":"post-46005","1":"post","2":"type-post","3":"status-publish","4":"format-standard","5":"has-post-thumbnail","7":"category-politica"},"yoast_head":"<!-- This site is optimized with the Yoast SEO plugin v27.4 - https:\/\/yoast.com\/product\/yoast-seo-wordpress\/ -->\n<title>Un v\u00eda crucis que pone a prueba a Javier Milei - El Diario de Tucuman<\/title>\n<meta name=\"robots\" content=\"index, follow, max-snippet:-1, max-image-preview:large, max-video-preview:-1\" \/>\n<link rel=\"canonical\" href=\"https:\/\/www.eldiariodetucuman.com\/web\/un-via-crucis-que-pone-a-prueba-a-javier-milei\/\" \/>\n<meta property=\"og:locale\" content=\"es_ES\" \/>\n<meta property=\"og:type\" content=\"article\" \/>\n<meta property=\"og:title\" content=\"Un v\u00eda crucis que pone a prueba a Javier Milei - El Diario de Tucuman\" \/>\n<meta property=\"og:description\" content=\"Se podr\u00eda decir que la renuncia adelantada de Gerardo Werthein a la Canciller\u00eda era el \u00faltimo acto de la campa\u00f1a proselitista del Gobierno. Una campa\u00f1a que cuando dej\u00f3 de ser accidentada fue para convertirse en catastr\u00f3fica. Pero nunca hay que dar por terminado el v\u00eda crucis. La vida sigue dando sorpresas. A \u00faltima hora, cuando [&hellip;]\" \/>\n<meta property=\"og:url\" content=\"https:\/\/www.eldiariodetucuman.com\/web\/un-via-crucis-que-pone-a-prueba-a-javier-milei\/\" \/>\n<meta property=\"og:site_name\" content=\"El Diario de Tucuman\" \/>\n<meta property=\"article:published_time\" content=\"2025-10-23T03:01:35+00:00\" \/>\n<meta property=\"article:modified_time\" content=\"2025-10-23T03:01:37+00:00\" \/>\n<meta property=\"og:image\" content=\"https:\/\/www.eldiariodetucuman.com\/web\/wp-content\/uploads\/2025\/10\/mariano-cuneo-libarona-y-gerardo-PYDOAYJB6JEVTLBWENV2R3FIR4.jpg\" \/>\n\t<meta property=\"og:image:width\" content=\"1200\" \/>\n\t<meta property=\"og:image:height\" content=\"800\" \/>\n\t<meta property=\"og:image:type\" content=\"image\/jpeg\" \/>\n<meta name=\"author\" content=\"Redactor Uno\" \/>\n<meta name=\"twitter:card\" content=\"summary_large_image\" \/>\n<meta name=\"twitter:label1\" content=\"Escrito por\" \/>\n\t<meta name=\"twitter:data1\" content=\"Redactor Uno\" \/>\n\t<meta name=\"twitter:label2\" content=\"Tiempo de lectura\" \/>\n\t<meta name=\"twitter:data2\" content=\"14 minutos\" \/>\n<script type=\"application\/ld+json\" class=\"yoast-schema-graph\">{\"@context\":\"https:\\\/\\\/schema.org\",\"@graph\":[{\"@type\":\"Article\",\"@id\":\"https:\\\/\\\/www.eldiariodetucuman.com\\\/web\\\/un-via-crucis-que-pone-a-prueba-a-javier-milei\\\/#article\",\"isPartOf\":{\"@id\":\"https:\\\/\\\/www.eldiariodetucuman.com\\\/web\\\/un-via-crucis-que-pone-a-prueba-a-javier-milei\\\/\"},\"author\":{\"name\":\"Redactor Uno\",\"@id\":\"https:\\\/\\\/www.eldiariodetucuman.com\\\/web\\\/#\\\/schema\\\/person\\\/7e6644a46e60888f6b868594407e08dd\"},\"headline\":\"Un v\u00eda crucis que pone a prueba a Javier Milei\",\"datePublished\":\"2025-10-23T03:01:35+00:00\",\"dateModified\":\"2025-10-23T03:01:37+00:00\",\"mainEntityOfPage\":{\"@id\":\"https:\\\/\\\/www.eldiariodetucuman.com\\\/web\\\/un-via-crucis-que-pone-a-prueba-a-javier-milei\\\/\"},\"wordCount\":2839,\"publisher\":{\"@id\":\"https:\\\/\\\/www.eldiariodetucuman.com\\\/web\\\/#organization\"},\"image\":{\"@id\":\"https:\\\/\\\/www.eldiariodetucuman.com\\\/web\\\/un-via-crucis-que-pone-a-prueba-a-javier-milei\\\/#primaryimage\"},\"thumbnailUrl\":\"https:\\\/\\\/www.eldiariodetucuman.com\\\/web\\\/wp-content\\\/uploads\\\/2025\\\/10\\\/mariano-cuneo-libarona-y-gerardo-PYDOAYJB6JEVTLBWENV2R3FIR4.jpg\",\"articleSection\":[\"Politica\"],\"inLanguage\":\"es\"},{\"@type\":\"WebPage\",\"@id\":\"https:\\\/\\\/www.eldiariodetucuman.com\\\/web\\\/un-via-crucis-que-pone-a-prueba-a-javier-milei\\\/\",\"url\":\"https:\\\/\\\/www.eldiariodetucuman.com\\\/web\\\/un-via-crucis-que-pone-a-prueba-a-javier-milei\\\/\",\"name\":\"Un v\u00eda crucis que pone a prueba a Javier Milei - El Diario de Tucuman\",\"isPartOf\":{\"@id\":\"https:\\\/\\\/www.eldiariodetucuman.com\\\/web\\\/#website\"},\"primaryImageOfPage\":{\"@id\":\"https:\\\/\\\/www.eldiariodetucuman.com\\\/web\\\/un-via-crucis-que-pone-a-prueba-a-javier-milei\\\/#primaryimage\"},\"image\":{\"@id\":\"https:\\\/\\\/www.eldiariodetucuman.com\\\/web\\\/un-via-crucis-que-pone-a-prueba-a-javier-milei\\\/#primaryimage\"},\"thumbnailUrl\":\"https:\\\/\\\/www.eldiariodetucuman.com\\\/web\\\/wp-content\\\/uploads\\\/2025\\\/10\\\/mariano-cuneo-libarona-y-gerardo-PYDOAYJB6JEVTLBWENV2R3FIR4.jpg\",\"datePublished\":\"2025-10-23T03:01:35+00:00\",\"dateModified\":\"2025-10-23T03:01:37+00:00\",\"breadcrumb\":{\"@id\":\"https:\\\/\\\/www.eldiariodetucuman.com\\\/web\\\/un-via-crucis-que-pone-a-prueba-a-javier-milei\\\/#breadcrumb\"},\"inLanguage\":\"es\",\"potentialAction\":[{\"@type\":\"ReadAction\",\"target\":[\"https:\\\/\\\/www.eldiariodetucuman.com\\\/web\\\/un-via-crucis-que-pone-a-prueba-a-javier-milei\\\/\"]}]},{\"@type\":\"ImageObject\",\"inLanguage\":\"es\",\"@id\":\"https:\\\/\\\/www.eldiariodetucuman.com\\\/web\\\/un-via-crucis-que-pone-a-prueba-a-javier-milei\\\/#primaryimage\",\"url\":\"https:\\\/\\\/www.eldiariodetucuman.com\\\/web\\\/wp-content\\\/uploads\\\/2025\\\/10\\\/mariano-cuneo-libarona-y-gerardo-PYDOAYJB6JEVTLBWENV2R3FIR4.jpg\",\"contentUrl\":\"https:\\\/\\\/www.eldiariodetucuman.com\\\/web\\\/wp-content\\\/uploads\\\/2025\\\/10\\\/mariano-cuneo-libarona-y-gerardo-PYDOAYJB6JEVTLBWENV2R3FIR4.jpg\",\"width\":1200,\"height\":800},{\"@type\":\"BreadcrumbList\",\"@id\":\"https:\\\/\\\/www.eldiariodetucuman.com\\\/web\\\/un-via-crucis-que-pone-a-prueba-a-javier-milei\\\/#breadcrumb\",\"itemListElement\":[{\"@type\":\"ListItem\",\"position\":1,\"name\":\"Portada\",\"item\":\"https:\\\/\\\/www.eldiariodetucuman.com\\\/web\\\/\"},{\"@type\":\"ListItem\",\"position\":2,\"name\":\"Un v\u00eda crucis que pone a prueba a Javier Milei\"}]},{\"@type\":\"WebSite\",\"@id\":\"https:\\\/\\\/www.eldiariodetucuman.com\\\/web\\\/#website\",\"url\":\"https:\\\/\\\/www.eldiariodetucuman.com\\\/web\\\/\",\"name\":\"El Diario de Tucuman\",\"description\":\"Diario Tucuman - Informaci\u00f3n y noticias\",\"publisher\":{\"@id\":\"https:\\\/\\\/www.eldiariodetucuman.com\\\/web\\\/#organization\"},\"potentialAction\":[{\"@type\":\"SearchAction\",\"target\":{\"@type\":\"EntryPoint\",\"urlTemplate\":\"https:\\\/\\\/www.eldiariodetucuman.com\\\/web\\\/?s={search_term_string}\"},\"query-input\":{\"@type\":\"PropertyValueSpecification\",\"valueRequired\":true,\"valueName\":\"search_term_string\"}}],\"inLanguage\":\"es\"},{\"@type\":\"Organization\",\"@id\":\"https:\\\/\\\/www.eldiariodetucuman.com\\\/web\\\/#organization\",\"name\":\"El Diario de Tucuman\",\"url\":\"https:\\\/\\\/www.eldiariodetucuman.com\\\/web\\\/\",\"logo\":{\"@type\":\"ImageObject\",\"inLanguage\":\"es\",\"@id\":\"https:\\\/\\\/www.eldiariodetucuman.com\\\/web\\\/#\\\/schema\\\/logo\\\/image\\\/\",\"url\":\"http:\\\/\\\/www.eldiariodetucuman.com\\\/web\\\/wp-content\\\/uploads\\\/2017\\\/12\\\/el-diario-de-tucuman.jpg\",\"contentUrl\":\"http:\\\/\\\/www.eldiariodetucuman.com\\\/web\\\/wp-content\\\/uploads\\\/2017\\\/12\\\/el-diario-de-tucuman.jpg\",\"width\":272,\"height\":92,\"caption\":\"El Diario de Tucuman\"},\"image\":{\"@id\":\"https:\\\/\\\/www.eldiariodetucuman.com\\\/web\\\/#\\\/schema\\\/logo\\\/image\\\/\"}},{\"@type\":\"Person\",\"@id\":\"https:\\\/\\\/www.eldiariodetucuman.com\\\/web\\\/#\\\/schema\\\/person\\\/7e6644a46e60888f6b868594407e08dd\",\"name\":\"Redactor Uno\",\"image\":{\"@type\":\"ImageObject\",\"inLanguage\":\"es\",\"@id\":\"https:\\\/\\\/secure.gravatar.com\\\/avatar\\\/0049b1bdf1bd548385c9ea6b9356431717930913089febd2ba904f0187d7d074?s=96&d=mm&r=g\",\"url\":\"https:\\\/\\\/secure.gravatar.com\\\/avatar\\\/0049b1bdf1bd548385c9ea6b9356431717930913089febd2ba904f0187d7d074?s=96&d=mm&r=g\",\"contentUrl\":\"https:\\\/\\\/secure.gravatar.com\\\/avatar\\\/0049b1bdf1bd548385c9ea6b9356431717930913089febd2ba904f0187d7d074?s=96&d=mm&r=g\",\"caption\":\"Redactor Uno\"},\"url\":\"https:\\\/\\\/www.eldiariodetucuman.com\\\/web\\\/author\\\/mramasco\\\/\"}]}<\/script>\n<!-- \/ Yoast SEO plugin. -->","yoast_head_json":{"title":"Un v\u00eda crucis que pone a prueba a Javier Milei - El Diario de Tucuman","robots":{"index":"index","follow":"follow","max-snippet":"max-snippet:-1","max-image-preview":"max-image-preview:large","max-video-preview":"max-video-preview:-1"},"canonical":"https:\/\/www.eldiariodetucuman.com\/web\/un-via-crucis-que-pone-a-prueba-a-javier-milei\/","og_locale":"es_ES","og_type":"article","og_title":"Un v\u00eda crucis que pone a prueba a Javier Milei - El Diario de Tucuman","og_description":"Se podr\u00eda decir que la renuncia adelantada de Gerardo Werthein a la Canciller\u00eda era el \u00faltimo acto de la campa\u00f1a proselitista del Gobierno. Una campa\u00f1a que cuando dej\u00f3 de ser accidentada fue para convertirse en catastr\u00f3fica. Pero nunca hay que dar por terminado el v\u00eda crucis. La vida sigue dando sorpresas. A \u00faltima hora, cuando [&hellip;]","og_url":"https:\/\/www.eldiariodetucuman.com\/web\/un-via-crucis-que-pone-a-prueba-a-javier-milei\/","og_site_name":"El Diario de Tucuman","article_published_time":"2025-10-23T03:01:35+00:00","article_modified_time":"2025-10-23T03:01:37+00:00","og_image":[{"width":1200,"height":800,"url":"https:\/\/www.eldiariodetucuman.com\/web\/wp-content\/uploads\/2025\/10\/mariano-cuneo-libarona-y-gerardo-PYDOAYJB6JEVTLBWENV2R3FIR4.jpg","type":"image\/jpeg"}],"author":"Redactor Uno","twitter_card":"summary_large_image","twitter_misc":{"Escrito por":"Redactor Uno","Tiempo de lectura":"14 minutos"},"schema":{"@context":"https:\/\/schema.org","@graph":[{"@type":"Article","@id":"https:\/\/www.eldiariodetucuman.com\/web\/un-via-crucis-que-pone-a-prueba-a-javier-milei\/#article","isPartOf":{"@id":"https:\/\/www.eldiariodetucuman.com\/web\/un-via-crucis-que-pone-a-prueba-a-javier-milei\/"},"author":{"name":"Redactor Uno","@id":"https:\/\/www.eldiariodetucuman.com\/web\/#\/schema\/person\/7e6644a46e60888f6b868594407e08dd"},"headline":"Un v\u00eda crucis que pone a prueba a Javier Milei","datePublished":"2025-10-23T03:01:35+00:00","dateModified":"2025-10-23T03:01:37+00:00","mainEntityOfPage":{"@id":"https:\/\/www.eldiariodetucuman.com\/web\/un-via-crucis-que-pone-a-prueba-a-javier-milei\/"},"wordCount":2839,"publisher":{"@id":"https:\/\/www.eldiariodetucuman.com\/web\/#organization"},"image":{"@id":"https:\/\/www.eldiariodetucuman.com\/web\/un-via-crucis-que-pone-a-prueba-a-javier-milei\/#primaryimage"},"thumbnailUrl":"https:\/\/www.eldiariodetucuman.com\/web\/wp-content\/uploads\/2025\/10\/mariano-cuneo-libarona-y-gerardo-PYDOAYJB6JEVTLBWENV2R3FIR4.jpg","articleSection":["Politica"],"inLanguage":"es"},{"@type":"WebPage","@id":"https:\/\/www.eldiariodetucuman.com\/web\/un-via-crucis-que-pone-a-prueba-a-javier-milei\/","url":"https:\/\/www.eldiariodetucuman.com\/web\/un-via-crucis-que-pone-a-prueba-a-javier-milei\/","name":"Un v\u00eda crucis que pone a prueba a Javier Milei - El Diario de Tucuman","isPartOf":{"@id":"https:\/\/www.eldiariodetucuman.com\/web\/#website"},"primaryImageOfPage":{"@id":"https:\/\/www.eldiariodetucuman.com\/web\/un-via-crucis-que-pone-a-prueba-a-javier-milei\/#primaryimage"},"image":{"@id":"https:\/\/www.eldiariodetucuman.com\/web\/un-via-crucis-que-pone-a-prueba-a-javier-milei\/#primaryimage"},"thumbnailUrl":"https:\/\/www.eldiariodetucuman.com\/web\/wp-content\/uploads\/2025\/10\/mariano-cuneo-libarona-y-gerardo-PYDOAYJB6JEVTLBWENV2R3FIR4.jpg","datePublished":"2025-10-23T03:01:35+00:00","dateModified":"2025-10-23T03:01:37+00:00","breadcrumb":{"@id":"https:\/\/www.eldiariodetucuman.com\/web\/un-via-crucis-que-pone-a-prueba-a-javier-milei\/#breadcrumb"},"inLanguage":"es","potentialAction":[{"@type":"ReadAction","target":["https:\/\/www.eldiariodetucuman.com\/web\/un-via-crucis-que-pone-a-prueba-a-javier-milei\/"]}]},{"@type":"ImageObject","inLanguage":"es","@id":"https:\/\/www.eldiariodetucuman.com\/web\/un-via-crucis-que-pone-a-prueba-a-javier-milei\/#primaryimage","url":"https:\/\/www.eldiariodetucuman.com\/web\/wp-content\/uploads\/2025\/10\/mariano-cuneo-libarona-y-gerardo-PYDOAYJB6JEVTLBWENV2R3FIR4.jpg","contentUrl":"https:\/\/www.eldiariodetucuman.com\/web\/wp-content\/uploads\/2025\/10\/mariano-cuneo-libarona-y-gerardo-PYDOAYJB6JEVTLBWENV2R3FIR4.jpg","width":1200,"height":800},{"@type":"BreadcrumbList","@id":"https:\/\/www.eldiariodetucuman.com\/web\/un-via-crucis-que-pone-a-prueba-a-javier-milei\/#breadcrumb","itemListElement":[{"@type":"ListItem","position":1,"name":"Portada","item":"https:\/\/www.eldiariodetucuman.com\/web\/"},{"@type":"ListItem","position":2,"name":"Un v\u00eda crucis que pone a prueba a Javier Milei"}]},{"@type":"WebSite","@id":"https:\/\/www.eldiariodetucuman.com\/web\/#website","url":"https:\/\/www.eldiariodetucuman.com\/web\/","name":"El Diario de Tucuman","description":"Diario Tucuman - Informaci\u00f3n y noticias","publisher":{"@id":"https:\/\/www.eldiariodetucuman.com\/web\/#organization"},"potentialAction":[{"@type":"SearchAction","target":{"@type":"EntryPoint","urlTemplate":"https:\/\/www.eldiariodetucuman.com\/web\/?s={search_term_string}"},"query-input":{"@type":"PropertyValueSpecification","valueRequired":true,"valueName":"search_term_string"}}],"inLanguage":"es"},{"@type":"Organization","@id":"https:\/\/www.eldiariodetucuman.com\/web\/#organization","name":"El Diario de Tucuman","url":"https:\/\/www.eldiariodetucuman.com\/web\/","logo":{"@type":"ImageObject","inLanguage":"es","@id":"https:\/\/www.eldiariodetucuman.com\/web\/#\/schema\/logo\/image\/","url":"http:\/\/www.eldiariodetucuman.com\/web\/wp-content\/uploads\/2017\/12\/el-diario-de-tucuman.jpg","contentUrl":"http:\/\/www.eldiariodetucuman.com\/web\/wp-content\/uploads\/2017\/12\/el-diario-de-tucuman.jpg","width":272,"height":92,"caption":"El Diario de Tucuman"},"image":{"@id":"https:\/\/www.eldiariodetucuman.com\/web\/#\/schema\/logo\/image\/"}},{"@type":"Person","@id":"https:\/\/www.eldiariodetucuman.com\/web\/#\/schema\/person\/7e6644a46e60888f6b868594407e08dd","name":"Redactor Uno","image":{"@type":"ImageObject","inLanguage":"es","@id":"https:\/\/secure.gravatar.com\/avatar\/0049b1bdf1bd548385c9ea6b9356431717930913089febd2ba904f0187d7d074?s=96&d=mm&r=g","url":"https:\/\/secure.gravatar.com\/avatar\/0049b1bdf1bd548385c9ea6b9356431717930913089febd2ba904f0187d7d074?s=96&d=mm&r=g","contentUrl":"https:\/\/secure.gravatar.com\/avatar\/0049b1bdf1bd548385c9ea6b9356431717930913089febd2ba904f0187d7d074?s=96&d=mm&r=g","caption":"Redactor Uno"},"url":"https:\/\/www.eldiariodetucuman.com\/web\/author\/mramasco\/"}]}},"_links":{"self":[{"href":"https:\/\/www.eldiariodetucuman.com\/web\/wp-json\/wp\/v2\/posts\/46005","targetHints":{"allow":["GET"]}}],"collection":[{"href":"https:\/\/www.eldiariodetucuman.com\/web\/wp-json\/wp\/v2\/posts"}],"about":[{"href":"https:\/\/www.eldiariodetucuman.com\/web\/wp-json\/wp\/v2\/types\/post"}],"author":[{"embeddable":true,"href":"https:\/\/www.eldiariodetucuman.com\/web\/wp-json\/wp\/v2\/users\/5"}],"replies":[{"embeddable":true,"href":"https:\/\/www.eldiariodetucuman.com\/web\/wp-json\/wp\/v2\/comments?post=46005"}],"version-history":[{"count":1,"href":"https:\/\/www.eldiariodetucuman.com\/web\/wp-json\/wp\/v2\/posts\/46005\/revisions"}],"predecessor-version":[{"id":46007,"href":"https:\/\/www.eldiariodetucuman.com\/web\/wp-json\/wp\/v2\/posts\/46005\/revisions\/46007"}],"wp:featuredmedia":[{"embeddable":true,"href":"https:\/\/www.eldiariodetucuman.com\/web\/wp-json\/wp\/v2\/media\/46006"}],"wp:attachment":[{"href":"https:\/\/www.eldiariodetucuman.com\/web\/wp-json\/wp\/v2\/media?parent=46005"}],"wp:term":[{"taxonomy":"category","embeddable":true,"href":"https:\/\/www.eldiariodetucuman.com\/web\/wp-json\/wp\/v2\/categories?post=46005"},{"taxonomy":"post_tag","embeddable":true,"href":"https:\/\/www.eldiariodetucuman.com\/web\/wp-json\/wp\/v2\/tags?post=46005"}],"curies":[{"name":"wp","href":"https:\/\/api.w.org\/{rel}","templated":true}]}}