{"id":46003,"date":"2025-10-22T18:38:08","date_gmt":"2025-10-22T21:38:08","guid":{"rendered":"https:\/\/www.eldiariodetucuman.com\/web\/jaldo-analizo-los-posibles-cambios-en-el-gabinete-nacional-y-llamo-al-dialogo-institucional\/"},"modified":"2025-10-22T18:38:08","modified_gmt":"2025-10-22T21:38:08","slug":"jaldo-analizo-los-posibles-cambios-en-el-gabinete-nacional-y-llamo-al-dialogo-institucional","status":"publish","type":"post","link":"https:\/\/www.eldiariodetucuman.com\/web\/jaldo-analizo-los-posibles-cambios-en-el-gabinete-nacional-y-llamo-al-dialogo-institucional\/","title":{"rendered":"Jaldo analiz\u00f3 los posibles cambios en el gabinete nacional y llam\u00f3 al di\u00e1logo institucional"},"content":{"rendered":"<p><\/p>\n<p id=\"isPasted\">El gobernador en uso de licencia, <strong>Osvaldo Jaldo<\/strong>, analiz\u00f3 los posibles cambios en el gabinete nacional para luego de las elecciones federales que el presidente <strong>Javier Milei<\/strong> manifest\u00f3 en los \u00faltimos d\u00edas y consider\u00f3 que la falta de consensos podr\u00eda dificultar la aprobaci\u00f3n de leyes en el Congreso de la Naci\u00f3n durante los pr\u00f3ximos dos a\u00f1os.<\/p>\n<p>Pasado el mediod\u00eda de hoy, se conoci\u00f3 que el ministro de Relaciones Exteriores, <strong>Gerardo Werthein<\/strong>, inform\u00f3 oficialmente la renuncia a su cargo que se har\u00e1 efectiva a partir del pr\u00f3ximo lunes y que hab\u00eda sido expresada por el funcionario nacional el viernes pasado al primer mandatario nacional quien acept\u00f3 la decisi\u00f3n.<\/p>\n<p>\u201cEl Gobierno nacional tiene que recuperar el di\u00e1logo con las veintitr\u00e9s provincias, con el Congreso, con los diputados y senadores. Si el gobierno no busca consenso y no recupera el di\u00e1logo, no va a sacar una ley en los dos a\u00f1os que faltan\u201d, expres\u00f3 Jaldo.<\/p>\n<p>Jaldo, al ser consultado si \u00e9l eval\u00faa cambios en el gabinete provincial, dijo que el Poder Ejecutivo tucumano mantuvo una gesti\u00f3n ordenada y sin modificaciones en su equipo de trabajo. \u201cNo tengo previsto un cambio de gabinete. Nosotros tenemos grandes ministros, personas de bien y honestas, que recorren la provincia y cumplen un rol eficiente\u201d, afirm\u00f3.<\/p>\n<p>Asimismo, destac\u00f3 la tarea del ministro de Econom\u00eda de Tucum\u00e1n \u2013Daniel Abad- y la relaci\u00f3n institucional con el Gobierno nacional. \u201cTenemos un ministro de Econom\u00eda que es un economista. Con \u00e9l hemos podido sanear las finanzas de la provincia y con \u00e9l discutimos siempre con la Naci\u00f3n cu\u00e1les son los recursos que por ley le corresponden a Tucum\u00e1n. La Naci\u00f3n, a la corta o a la larga, nos termina dando la raz\u00f3n, aunque nos dice que esperemos porque no hay fondos. Pero el di\u00e1logo no lo hemos perdido nunca\u201d, se\u00f1al\u00f3.<\/p>\n<p>Respecto del panorama nacional, Jaldo sostuvo que el di\u00e1logo y el consenso son indispensables para el funcionamiento democr\u00e1tico. \u201cNo queremos eso para nuestra Argentina, y mucho menos en democracia. Para eso est\u00e1n las c\u00e1maras de Diputados y de Senadores, para darle al Presidente las leyes que necesita\u201d, expres\u00f3.<\/p>\n<p>En relaci\u00f3n con las pr\u00f3ximas elecciones, el gobernador en uso de licencia llam\u00f3 a la calma y a la confianza. \u201cHay que tener mucha fe y paciencia. Estas elecciones son muy importantes y el Gobierno nacional la ha sobrevaluado. Hoy es el que m\u00e1s preocupado est\u00e1, porque desde los Estados Unidos el presidente de ese pa\u00eds (<strong>Donald Trump<\/strong>) le ha dicho que el Gobierno nacional tiene que ganar las elecciones. Nunca escuch\u00e9 que un pa\u00eds vecino se entrometa en una cuesti\u00f3n democr\u00e1tica\u201d, manifest\u00f3.<\/p>\n<p>Tambi\u00e9n se refiri\u00f3 a la situaci\u00f3n econ\u00f3mica nacional y a las medidas impulsadas por el Gobierno central. \u201cQue el Fondo Monetario nos preste recursos es v\u00e1lido, siempre ocurri\u00f3 en Argentina y en todos los pa\u00edses. Que hoy el Tesoro de los Estados Unidos compre pesos argentinos suena ins\u00f3lito, pero ellos sabr\u00e1n por qu\u00e9 lo est\u00e1n haciendo. Sin embargo, ni las reservas del Banco Central ni las de los Estados Unidos est\u00e1n parando la suba del d\u00f3lar. Ojal\u00e1 logren estabilizar la situaci\u00f3n\u201d, indic\u00f3.<\/p>\n<p>Finalmente, Jaldo afirm\u00f3 que Tucum\u00e1n se encuentra en condiciones econ\u00f3micas s\u00f3lidas. \u201cPrimero pensemos en el domingo 26 de octubre, que Tucum\u00e1n tenga un muy buen triunfo. Tenemos los recursos que por ley nos corresponden, tenemos super\u00e1vit y vamos a seguir atendiendo a cada uno de los tucumanos vivan donde vivan. S\u00ed, hay preocupaci\u00f3n para el d\u00eda despu\u00e9s de las elecciones, pero no nos adelantemos\u201d, concluy\u00f3.<\/p>\n<p>Fuente: <a href=\"https:\/\/www.comunicaciontucuman.gob.ar\/noticia\/gobernacion\/237620\/jaldo-analizo-posibles-cambios-gabinete-nacional-llamo-al-dialogo-institucional\"> Fuente de la nota <\/a><\/p>\n","protected":false},"excerpt":{"rendered":"<p>El gobernador en uso de licencia, Osvaldo Jaldo, analiz\u00f3 los posibles cambios en el gabinete nacional para luego de las elecciones federales que el presidente Javier Milei manifest\u00f3 en los \u00faltimos d\u00edas y consider\u00f3 que la falta de consensos podr\u00eda dificultar la aprobaci\u00f3n de leyes en el Congreso de la Naci\u00f3n durante los pr\u00f3ximos dos [&hellip;]<\/p>\n","protected":false},"author":1,"featured_media":46004,"comment_status":"closed","ping_status":"open","sticky":false,"template":"","format":"standard","meta":{"footnotes":""},"categories":[3],"tags":[],"class_list":{"0":"post-46003","1":"post","2":"type-post","3":"status-publish","4":"format-standard","5":"has-post-thumbnail","7":"category-politica"},"yoast_head":"<!-- This site is optimized with the Yoast SEO plugin v27.4 - https:\/\/yoast.com\/product\/yoast-seo-wordpress\/ -->\n<title>Jaldo analiz\u00f3 los posibles cambios en el gabinete nacional y llam\u00f3 al di\u00e1logo institucional - El Diario de Tucuman<\/title>\n<meta name=\"robots\" content=\"index, follow, max-snippet:-1, max-image-preview:large, max-video-preview:-1\" \/>\n<link rel=\"canonical\" href=\"https:\/\/www.eldiariodetucuman.com\/web\/jaldo-analizo-los-posibles-cambios-en-el-gabinete-nacional-y-llamo-al-dialogo-institucional\/\" \/>\n<meta property=\"og:locale\" content=\"es_ES\" \/>\n<meta property=\"og:type\" content=\"article\" \/>\n<meta property=\"og:title\" content=\"Jaldo analiz\u00f3 los posibles cambios en el gabinete nacional y llam\u00f3 al di\u00e1logo institucional - El Diario de Tucuman\" \/>\n<meta property=\"og:description\" content=\"El gobernador en uso de licencia, Osvaldo Jaldo, analiz\u00f3 los posibles cambios en el gabinete nacional para luego de las elecciones federales que el presidente Javier Milei manifest\u00f3 en los \u00faltimos d\u00edas y consider\u00f3 que la falta de consensos podr\u00eda dificultar la aprobaci\u00f3n de leyes en el Congreso de la Naci\u00f3n durante los pr\u00f3ximos dos [&hellip;]\" \/>\n<meta property=\"og:url\" content=\"https:\/\/www.eldiariodetucuman.com\/web\/jaldo-analizo-los-posibles-cambios-en-el-gabinete-nacional-y-llamo-al-dialogo-institucional\/\" \/>\n<meta property=\"og:site_name\" content=\"El Diario de Tucuman\" \/>\n<meta property=\"article:published_time\" content=\"2025-10-22T21:38:08+00:00\" \/>\n<meta name=\"author\" content=\"admin\" \/>\n<meta name=\"twitter:card\" content=\"summary_large_image\" \/>\n<meta name=\"twitter:label1\" content=\"Escrito por\" \/>\n\t<meta name=\"twitter:data1\" content=\"admin\" \/>\n\t<meta name=\"twitter:label2\" content=\"Tiempo de lectura\" \/>\n\t<meta name=\"twitter:data2\" content=\"3 minutos\" \/>\n<script type=\"application\/ld+json\" class=\"yoast-schema-graph\">{\"@context\":\"https:\\\/\\\/schema.org\",\"@graph\":[{\"@type\":\"Article\",\"@id\":\"https:\\\/\\\/www.eldiariodetucuman.com\\\/web\\\/jaldo-analizo-los-posibles-cambios-en-el-gabinete-nacional-y-llamo-al-dialogo-institucional\\\/#article\",\"isPartOf\":{\"@id\":\"https:\\\/\\\/www.eldiariodetucuman.com\\\/web\\\/jaldo-analizo-los-posibles-cambios-en-el-gabinete-nacional-y-llamo-al-dialogo-institucional\\\/\"},\"author\":{\"name\":\"admin\",\"@id\":\"https:\\\/\\\/www.eldiariodetucuman.com\\\/web\\\/#\\\/schema\\\/person\\\/9250197d75ab5483412e19678b121caa\"},\"headline\":\"Jaldo analiz\u00f3 los posibles cambios en el gabinete nacional y llam\u00f3 al di\u00e1logo institucional\",\"datePublished\":\"2025-10-22T21:38:08+00:00\",\"mainEntityOfPage\":{\"@id\":\"https:\\\/\\\/www.eldiariodetucuman.com\\\/web\\\/jaldo-analizo-los-posibles-cambios-en-el-gabinete-nacional-y-llamo-al-dialogo-institucional\\\/\"},\"wordCount\":652,\"publisher\":{\"@id\":\"https:\\\/\\\/www.eldiariodetucuman.com\\\/web\\\/#organization\"},\"image\":{\"@id\":\"https:\\\/\\\/www.eldiariodetucuman.com\\\/web\\\/jaldo-analizo-los-posibles-cambios-en-el-gabinete-nacional-y-llamo-al-dialogo-institucional\\\/#primaryimage\"},\"thumbnailUrl\":\"https:\\\/\\\/www.eldiariodetucuman.com\\\/web\\\/wp-content\\\/uploads\\\/2025\\\/10\\\/Jaldo-analizo-los-posibles-cambios-en-el-gabinete-nacional-y.jpg\",\"articleSection\":[\"Politica\"],\"inLanguage\":\"es\"},{\"@type\":\"WebPage\",\"@id\":\"https:\\\/\\\/www.eldiariodetucuman.com\\\/web\\\/jaldo-analizo-los-posibles-cambios-en-el-gabinete-nacional-y-llamo-al-dialogo-institucional\\\/\",\"url\":\"https:\\\/\\\/www.eldiariodetucuman.com\\\/web\\\/jaldo-analizo-los-posibles-cambios-en-el-gabinete-nacional-y-llamo-al-dialogo-institucional\\\/\",\"name\":\"Jaldo analiz\u00f3 los posibles cambios en el gabinete nacional y llam\u00f3 al di\u00e1logo institucional - El Diario de Tucuman\",\"isPartOf\":{\"@id\":\"https:\\\/\\\/www.eldiariodetucuman.com\\\/web\\\/#website\"},\"primaryImageOfPage\":{\"@id\":\"https:\\\/\\\/www.eldiariodetucuman.com\\\/web\\\/jaldo-analizo-los-posibles-cambios-en-el-gabinete-nacional-y-llamo-al-dialogo-institucional\\\/#primaryimage\"},\"image\":{\"@id\":\"https:\\\/\\\/www.eldiariodetucuman.com\\\/web\\\/jaldo-analizo-los-posibles-cambios-en-el-gabinete-nacional-y-llamo-al-dialogo-institucional\\\/#primaryimage\"},\"thumbnailUrl\":\"https:\\\/\\\/www.eldiariodetucuman.com\\\/web\\\/wp-content\\\/uploads\\\/2025\\\/10\\\/Jaldo-analizo-los-posibles-cambios-en-el-gabinete-nacional-y.jpg\",\"datePublished\":\"2025-10-22T21:38:08+00:00\",\"breadcrumb\":{\"@id\":\"https:\\\/\\\/www.eldiariodetucuman.com\\\/web\\\/jaldo-analizo-los-posibles-cambios-en-el-gabinete-nacional-y-llamo-al-dialogo-institucional\\\/#breadcrumb\"},\"inLanguage\":\"es\",\"potentialAction\":[{\"@type\":\"ReadAction\",\"target\":[\"https:\\\/\\\/www.eldiariodetucuman.com\\\/web\\\/jaldo-analizo-los-posibles-cambios-en-el-gabinete-nacional-y-llamo-al-dialogo-institucional\\\/\"]}]},{\"@type\":\"ImageObject\",\"inLanguage\":\"es\",\"@id\":\"https:\\\/\\\/www.eldiariodetucuman.com\\\/web\\\/jaldo-analizo-los-posibles-cambios-en-el-gabinete-nacional-y-llamo-al-dialogo-institucional\\\/#primaryimage\",\"url\":\"https:\\\/\\\/www.eldiariodetucuman.com\\\/web\\\/wp-content\\\/uploads\\\/2025\\\/10\\\/Jaldo-analizo-los-posibles-cambios-en-el-gabinete-nacional-y.jpg\",\"contentUrl\":\"https:\\\/\\\/www.eldiariodetucuman.com\\\/web\\\/wp-content\\\/uploads\\\/2025\\\/10\\\/Jaldo-analizo-los-posibles-cambios-en-el-gabinete-nacional-y.jpg\",\"width\":818,\"height\":460},{\"@type\":\"BreadcrumbList\",\"@id\":\"https:\\\/\\\/www.eldiariodetucuman.com\\\/web\\\/jaldo-analizo-los-posibles-cambios-en-el-gabinete-nacional-y-llamo-al-dialogo-institucional\\\/#breadcrumb\",\"itemListElement\":[{\"@type\":\"ListItem\",\"position\":1,\"name\":\"Portada\",\"item\":\"https:\\\/\\\/www.eldiariodetucuman.com\\\/web\\\/\"},{\"@type\":\"ListItem\",\"position\":2,\"name\":\"Jaldo analiz\u00f3 los posibles cambios en el gabinete nacional y llam\u00f3 al di\u00e1logo institucional\"}]},{\"@type\":\"WebSite\",\"@id\":\"https:\\\/\\\/www.eldiariodetucuman.com\\\/web\\\/#website\",\"url\":\"https:\\\/\\\/www.eldiariodetucuman.com\\\/web\\\/\",\"name\":\"El Diario de Tucuman\",\"description\":\"Diario Tucuman - Informaci\u00f3n y noticias\",\"publisher\":{\"@id\":\"https:\\\/\\\/www.eldiariodetucuman.com\\\/web\\\/#organization\"},\"potentialAction\":[{\"@type\":\"SearchAction\",\"target\":{\"@type\":\"EntryPoint\",\"urlTemplate\":\"https:\\\/\\\/www.eldiariodetucuman.com\\\/web\\\/?s={search_term_string}\"},\"query-input\":{\"@type\":\"PropertyValueSpecification\",\"valueRequired\":true,\"valueName\":\"search_term_string\"}}],\"inLanguage\":\"es\"},{\"@type\":\"Organization\",\"@id\":\"https:\\\/\\\/www.eldiariodetucuman.com\\\/web\\\/#organization\",\"name\":\"El Diario de Tucuman\",\"url\":\"https:\\\/\\\/www.eldiariodetucuman.com\\\/web\\\/\",\"logo\":{\"@type\":\"ImageObject\",\"inLanguage\":\"es\",\"@id\":\"https:\\\/\\\/www.eldiariodetucuman.com\\\/web\\\/#\\\/schema\\\/logo\\\/image\\\/\",\"url\":\"http:\\\/\\\/www.eldiariodetucuman.com\\\/web\\\/wp-content\\\/uploads\\\/2017\\\/12\\\/el-diario-de-tucuman.jpg\",\"contentUrl\":\"http:\\\/\\\/www.eldiariodetucuman.com\\\/web\\\/wp-content\\\/uploads\\\/2017\\\/12\\\/el-diario-de-tucuman.jpg\",\"width\":272,\"height\":92,\"caption\":\"El Diario de Tucuman\"},\"image\":{\"@id\":\"https:\\\/\\\/www.eldiariodetucuman.com\\\/web\\\/#\\\/schema\\\/logo\\\/image\\\/\"}},{\"@type\":\"Person\",\"@id\":\"https:\\\/\\\/www.eldiariodetucuman.com\\\/web\\\/#\\\/schema\\\/person\\\/9250197d75ab5483412e19678b121caa\",\"name\":\"admin\",\"image\":{\"@type\":\"ImageObject\",\"inLanguage\":\"es\",\"@id\":\"https:\\\/\\\/secure.gravatar.com\\\/avatar\\\/c44d117c2be811212c22cb481f6b8384b6873de103fbc49e7a03cc58d7dea4ac?s=96&d=mm&r=g\",\"url\":\"https:\\\/\\\/secure.gravatar.com\\\/avatar\\\/c44d117c2be811212c22cb481f6b8384b6873de103fbc49e7a03cc58d7dea4ac?s=96&d=mm&r=g\",\"contentUrl\":\"https:\\\/\\\/secure.gravatar.com\\\/avatar\\\/c44d117c2be811212c22cb481f6b8384b6873de103fbc49e7a03cc58d7dea4ac?s=96&d=mm&r=g\",\"caption\":\"admin\"},\"url\":\"https:\\\/\\\/www.eldiariodetucuman.com\\\/web\\\/author\\\/admin\\\/\"}]}<\/script>\n<!-- \/ Yoast SEO plugin. -->","yoast_head_json":{"title":"Jaldo analiz\u00f3 los posibles cambios en el gabinete nacional y llam\u00f3 al di\u00e1logo institucional - El Diario de Tucuman","robots":{"index":"index","follow":"follow","max-snippet":"max-snippet:-1","max-image-preview":"max-image-preview:large","max-video-preview":"max-video-preview:-1"},"canonical":"https:\/\/www.eldiariodetucuman.com\/web\/jaldo-analizo-los-posibles-cambios-en-el-gabinete-nacional-y-llamo-al-dialogo-institucional\/","og_locale":"es_ES","og_type":"article","og_title":"Jaldo analiz\u00f3 los posibles cambios en el gabinete nacional y llam\u00f3 al di\u00e1logo institucional - El Diario de Tucuman","og_description":"El gobernador en uso de licencia, Osvaldo Jaldo, analiz\u00f3 los posibles cambios en el gabinete nacional para luego de las elecciones federales que el presidente Javier Milei manifest\u00f3 en los \u00faltimos d\u00edas y consider\u00f3 que la falta de consensos podr\u00eda dificultar la aprobaci\u00f3n de leyes en el Congreso de la Naci\u00f3n durante los pr\u00f3ximos dos [&hellip;]","og_url":"https:\/\/www.eldiariodetucuman.com\/web\/jaldo-analizo-los-posibles-cambios-en-el-gabinete-nacional-y-llamo-al-dialogo-institucional\/","og_site_name":"El Diario de Tucuman","article_published_time":"2025-10-22T21:38:08+00:00","author":"admin","twitter_card":"summary_large_image","twitter_misc":{"Escrito por":"admin","Tiempo de lectura":"3 minutos"},"schema":{"@context":"https:\/\/schema.org","@graph":[{"@type":"Article","@id":"https:\/\/www.eldiariodetucuman.com\/web\/jaldo-analizo-los-posibles-cambios-en-el-gabinete-nacional-y-llamo-al-dialogo-institucional\/#article","isPartOf":{"@id":"https:\/\/www.eldiariodetucuman.com\/web\/jaldo-analizo-los-posibles-cambios-en-el-gabinete-nacional-y-llamo-al-dialogo-institucional\/"},"author":{"name":"admin","@id":"https:\/\/www.eldiariodetucuman.com\/web\/#\/schema\/person\/9250197d75ab5483412e19678b121caa"},"headline":"Jaldo analiz\u00f3 los posibles cambios en el gabinete nacional y llam\u00f3 al di\u00e1logo institucional","datePublished":"2025-10-22T21:38:08+00:00","mainEntityOfPage":{"@id":"https:\/\/www.eldiariodetucuman.com\/web\/jaldo-analizo-los-posibles-cambios-en-el-gabinete-nacional-y-llamo-al-dialogo-institucional\/"},"wordCount":652,"publisher":{"@id":"https:\/\/www.eldiariodetucuman.com\/web\/#organization"},"image":{"@id":"https:\/\/www.eldiariodetucuman.com\/web\/jaldo-analizo-los-posibles-cambios-en-el-gabinete-nacional-y-llamo-al-dialogo-institucional\/#primaryimage"},"thumbnailUrl":"https:\/\/www.eldiariodetucuman.com\/web\/wp-content\/uploads\/2025\/10\/Jaldo-analizo-los-posibles-cambios-en-el-gabinete-nacional-y.jpg","articleSection":["Politica"],"inLanguage":"es"},{"@type":"WebPage","@id":"https:\/\/www.eldiariodetucuman.com\/web\/jaldo-analizo-los-posibles-cambios-en-el-gabinete-nacional-y-llamo-al-dialogo-institucional\/","url":"https:\/\/www.eldiariodetucuman.com\/web\/jaldo-analizo-los-posibles-cambios-en-el-gabinete-nacional-y-llamo-al-dialogo-institucional\/","name":"Jaldo analiz\u00f3 los posibles cambios en el gabinete nacional y llam\u00f3 al di\u00e1logo institucional - El Diario de Tucuman","isPartOf":{"@id":"https:\/\/www.eldiariodetucuman.com\/web\/#website"},"primaryImageOfPage":{"@id":"https:\/\/www.eldiariodetucuman.com\/web\/jaldo-analizo-los-posibles-cambios-en-el-gabinete-nacional-y-llamo-al-dialogo-institucional\/#primaryimage"},"image":{"@id":"https:\/\/www.eldiariodetucuman.com\/web\/jaldo-analizo-los-posibles-cambios-en-el-gabinete-nacional-y-llamo-al-dialogo-institucional\/#primaryimage"},"thumbnailUrl":"https:\/\/www.eldiariodetucuman.com\/web\/wp-content\/uploads\/2025\/10\/Jaldo-analizo-los-posibles-cambios-en-el-gabinete-nacional-y.jpg","datePublished":"2025-10-22T21:38:08+00:00","breadcrumb":{"@id":"https:\/\/www.eldiariodetucuman.com\/web\/jaldo-analizo-los-posibles-cambios-en-el-gabinete-nacional-y-llamo-al-dialogo-institucional\/#breadcrumb"},"inLanguage":"es","potentialAction":[{"@type":"ReadAction","target":["https:\/\/www.eldiariodetucuman.com\/web\/jaldo-analizo-los-posibles-cambios-en-el-gabinete-nacional-y-llamo-al-dialogo-institucional\/"]}]},{"@type":"ImageObject","inLanguage":"es","@id":"https:\/\/www.eldiariodetucuman.com\/web\/jaldo-analizo-los-posibles-cambios-en-el-gabinete-nacional-y-llamo-al-dialogo-institucional\/#primaryimage","url":"https:\/\/www.eldiariodetucuman.com\/web\/wp-content\/uploads\/2025\/10\/Jaldo-analizo-los-posibles-cambios-en-el-gabinete-nacional-y.jpg","contentUrl":"https:\/\/www.eldiariodetucuman.com\/web\/wp-content\/uploads\/2025\/10\/Jaldo-analizo-los-posibles-cambios-en-el-gabinete-nacional-y.jpg","width":818,"height":460},{"@type":"BreadcrumbList","@id":"https:\/\/www.eldiariodetucuman.com\/web\/jaldo-analizo-los-posibles-cambios-en-el-gabinete-nacional-y-llamo-al-dialogo-institucional\/#breadcrumb","itemListElement":[{"@type":"ListItem","position":1,"name":"Portada","item":"https:\/\/www.eldiariodetucuman.com\/web\/"},{"@type":"ListItem","position":2,"name":"Jaldo analiz\u00f3 los posibles cambios en el gabinete nacional y llam\u00f3 al di\u00e1logo institucional"}]},{"@type":"WebSite","@id":"https:\/\/www.eldiariodetucuman.com\/web\/#website","url":"https:\/\/www.eldiariodetucuman.com\/web\/","name":"El Diario de Tucuman","description":"Diario Tucuman - Informaci\u00f3n y noticias","publisher":{"@id":"https:\/\/www.eldiariodetucuman.com\/web\/#organization"},"potentialAction":[{"@type":"SearchAction","target":{"@type":"EntryPoint","urlTemplate":"https:\/\/www.eldiariodetucuman.com\/web\/?s={search_term_string}"},"query-input":{"@type":"PropertyValueSpecification","valueRequired":true,"valueName":"search_term_string"}}],"inLanguage":"es"},{"@type":"Organization","@id":"https:\/\/www.eldiariodetucuman.com\/web\/#organization","name":"El Diario de Tucuman","url":"https:\/\/www.eldiariodetucuman.com\/web\/","logo":{"@type":"ImageObject","inLanguage":"es","@id":"https:\/\/www.eldiariodetucuman.com\/web\/#\/schema\/logo\/image\/","url":"http:\/\/www.eldiariodetucuman.com\/web\/wp-content\/uploads\/2017\/12\/el-diario-de-tucuman.jpg","contentUrl":"http:\/\/www.eldiariodetucuman.com\/web\/wp-content\/uploads\/2017\/12\/el-diario-de-tucuman.jpg","width":272,"height":92,"caption":"El Diario de Tucuman"},"image":{"@id":"https:\/\/www.eldiariodetucuman.com\/web\/#\/schema\/logo\/image\/"}},{"@type":"Person","@id":"https:\/\/www.eldiariodetucuman.com\/web\/#\/schema\/person\/9250197d75ab5483412e19678b121caa","name":"admin","image":{"@type":"ImageObject","inLanguage":"es","@id":"https:\/\/secure.gravatar.com\/avatar\/c44d117c2be811212c22cb481f6b8384b6873de103fbc49e7a03cc58d7dea4ac?s=96&d=mm&r=g","url":"https:\/\/secure.gravatar.com\/avatar\/c44d117c2be811212c22cb481f6b8384b6873de103fbc49e7a03cc58d7dea4ac?s=96&d=mm&r=g","contentUrl":"https:\/\/secure.gravatar.com\/avatar\/c44d117c2be811212c22cb481f6b8384b6873de103fbc49e7a03cc58d7dea4ac?s=96&d=mm&r=g","caption":"admin"},"url":"https:\/\/www.eldiariodetucuman.com\/web\/author\/admin\/"}]}},"_links":{"self":[{"href":"https:\/\/www.eldiariodetucuman.com\/web\/wp-json\/wp\/v2\/posts\/46003","targetHints":{"allow":["GET"]}}],"collection":[{"href":"https:\/\/www.eldiariodetucuman.com\/web\/wp-json\/wp\/v2\/posts"}],"about":[{"href":"https:\/\/www.eldiariodetucuman.com\/web\/wp-json\/wp\/v2\/types\/post"}],"author":[{"embeddable":true,"href":"https:\/\/www.eldiariodetucuman.com\/web\/wp-json\/wp\/v2\/users\/1"}],"replies":[{"embeddable":true,"href":"https:\/\/www.eldiariodetucuman.com\/web\/wp-json\/wp\/v2\/comments?post=46003"}],"version-history":[{"count":0,"href":"https:\/\/www.eldiariodetucuman.com\/web\/wp-json\/wp\/v2\/posts\/46003\/revisions"}],"wp:featuredmedia":[{"embeddable":true,"href":"https:\/\/www.eldiariodetucuman.com\/web\/wp-json\/wp\/v2\/media\/46004"}],"wp:attachment":[{"href":"https:\/\/www.eldiariodetucuman.com\/web\/wp-json\/wp\/v2\/media?parent=46003"}],"wp:term":[{"taxonomy":"category","embeddable":true,"href":"https:\/\/www.eldiariodetucuman.com\/web\/wp-json\/wp\/v2\/categories?post=46003"},{"taxonomy":"post_tag","embeddable":true,"href":"https:\/\/www.eldiariodetucuman.com\/web\/wp-json\/wp\/v2\/tags?post=46003"}],"curies":[{"name":"wp","href":"https:\/\/api.w.org\/{rel}","templated":true}]}}