{"id":46001,"date":"2025-10-22T18:32:27","date_gmt":"2025-10-22T21:32:27","guid":{"rendered":"https:\/\/www.eldiariodetucuman.com\/web\/lo-de-la-gente-nos-dolio-a-todos\/"},"modified":"2025-10-22T18:32:27","modified_gmt":"2025-10-22T21:32:27","slug":"lo-de-la-gente-nos-dolio-a-todos","status":"publish","type":"post","link":"https:\/\/www.eldiariodetucuman.com\/web\/lo-de-la-gente-nos-dolio-a-todos\/","title":{"rendered":"Lo de la gente nos doli\u00f3 a todos"},"content":{"rendered":"<p>  <\/p>\n<p>El hist\u00f3rico volante tambi\u00e9n mencion\u00f3 la situaci\u00f3n con la gente y lo que le afect\u00f3 su reacci\u00f3n:  \u00abLa gente me doli\u00f3 a m\u00ed, a m\u00ed m\u00e1s que nada, y a los chicos, bueno obviamente a mis compa\u00f1eros, nos doli\u00f3 a todos, estamos dolidos porque es algo que nunca he visto, yo 12 a\u00f1os llevo ac\u00e1 y nunca lo viv\u00eda, eso s\u00ed me dec\u00eda, bueno la gente antes de los partidos nunca me silb\u00f3 ni a entrar el calor, despu\u00e9s de los partidos s\u00ed te puede pasar, porque pod\u00e9s perder mal, porque pod\u00e9s jugar mal, porque puede pasar cualquier cosa, pero antes nunca lo hab\u00eda vivido, por eso nosotros estamos muy dolidos.<\/p>\n<p>\u00abYo estoy ah\u00ed, estuve con Lucas, Lucas est\u00e1 ac\u00e1 adentro, justo est\u00e1bamos hablando de unas cuestiones personales y me dijo que hab\u00eda salido, que se fue, no entiendo, nosotros estuvimos con Miguel hasta hace rato y no nos dijo nada, Miguel y Lucas, ahora me estaba comunicando eso\u00bb, Acosta aclar\u00f3 que desconoce el hecho de que Pusineri deje de ser el entrenador de Atl\u00e9tico.<\/p>\n<p>El ex jugador de San Jorge manifest\u00f3 que Pusineri acompa\u00f1o la idea del plantel y sigui\u00f3 con los dardos hacia la comisi\u00f3n directiva: \u00abS\u00ed, yo creo que lo acompa\u00f1\u00f3 porque \u00e9l no dijo nada, igual \u00e9l est\u00e1 en el medio de los dos porque el plantel decidi\u00f3, la verdad que nosotros no hacemos cargo de las decisiones que tomamos, el plantel decidi\u00f3 y \u00e9l est\u00e1 entre los dos, pero nosotros estamos bien con \u00e9l, as\u00ed que bueno, estamos dentro, no s\u00e9, yo no entiendo c\u00f3mo un dirigente puede salir a hablar de plata cuando nosotros estamos dentro del objetivo, estamos dentro de los ocho para clasificar antes de un partido importante, eso no lo puedo creer, no lo puedo entender hasta el d\u00eda de hoy, hasta el d\u00eda que me vaya y si me toca ir en diciembre me voy con la cabeza arriba\u00bb.<\/p>\n<p>\u00bfPuede haber otra medida en los partidos que vienen de parte de ustedes, de no concentrarse? Escuch\u00e9 lo que dijo Mario Leito, vi el video que ten\u00edan problemas financieros que a nosotros nos dijeron, nosotros si tenemos que cuidar el bolsillo al dirigente, lo vamos a cuidar para que ellos puedan solucionar, de concentrar para que no gasten la plata, lo vamos a tener que hacer, le estamos haciendo un favor encima.<\/p>\n<p>\u00abEl hincha tiene que saber que nosotros ya lo dijimos ah\u00ed en el comunicado, lo dijimos. El hincha tiene que saber que esto no es por plata, sabe que nosotros no peleamos eso, que nosotros peleamos por el bienestar del club, m\u00e1s que nada yo lo peleo, mis compa\u00f1eros. Y bueno, el hincha va a seguir, va a seguir dolido porque lo que dijo el vicepresidente es muy fuerte y yo s\u00e9 que va a seguir dolido\u00bb. Pero bueno, ellos tambi\u00e9n tienen que saber la situaci\u00f3n, c\u00f3mo es del club, que vengan el d\u00eda a d\u00eda tambi\u00e9n a ver c\u00f3mo est\u00e1n los socios, el hincha, el que lo quiera del club que venga y va a saber c\u00f3mo est\u00e1. Me preguntan c\u00f3mo est\u00e1 el grupo, c\u00f3mo se entren\u00f3 hoy, despu\u00e9s de todo. S\u00ed, incluso se menciona que no se hab\u00eda entrenado el d\u00eda de hoy\u00bb, asever\u00f3 para su pedido al simpatizante del \u00abdecano\u00bb.<\/p>\n<p>Fuente: <a href=\"https:\/\/www.lv12.com.ar\/guillermo-acosta\/guillermo-acosta-lo-la-gente-nos-dolio-todos-n187760\"> Fuente de la nota <\/a><\/p>\n","protected":false},"excerpt":{"rendered":"<p>El hist\u00f3rico volante tambi\u00e9n mencion\u00f3 la situaci\u00f3n con la gente y lo que le afect\u00f3 su reacci\u00f3n: \u00abLa gente me doli\u00f3 a m\u00ed, a m\u00ed m\u00e1s que nada, y a los chicos, bueno obviamente a mis compa\u00f1eros, nos doli\u00f3 a todos, estamos dolidos porque es algo que nunca he visto, yo 12 a\u00f1os llevo ac\u00e1 [&hellip;]<\/p>\n","protected":false},"author":1,"featured_media":46002,"comment_status":"closed","ping_status":"open","sticky":false,"template":"","format":"standard","meta":{"footnotes":""},"categories":[6],"tags":[],"class_list":{"0":"post-46001","1":"post","2":"type-post","3":"status-publish","4":"format-standard","5":"has-post-thumbnail","7":"category-deporte"},"yoast_head":"<!-- This site is optimized with the Yoast SEO plugin v27.4 - https:\/\/yoast.com\/product\/yoast-seo-wordpress\/ -->\n<title>Lo de la gente nos doli\u00f3 a todos - El Diario de Tucuman<\/title>\n<meta name=\"robots\" content=\"index, follow, max-snippet:-1, max-image-preview:large, max-video-preview:-1\" \/>\n<link rel=\"canonical\" href=\"https:\/\/www.eldiariodetucuman.com\/web\/lo-de-la-gente-nos-dolio-a-todos\/\" \/>\n<meta property=\"og:locale\" content=\"es_ES\" \/>\n<meta property=\"og:type\" content=\"article\" \/>\n<meta property=\"og:title\" content=\"Lo de la gente nos doli\u00f3 a todos - El Diario de Tucuman\" \/>\n<meta property=\"og:description\" content=\"El hist\u00f3rico volante tambi\u00e9n mencion\u00f3 la situaci\u00f3n con la gente y lo que le afect\u00f3 su reacci\u00f3n: \u00abLa gente me doli\u00f3 a m\u00ed, a m\u00ed m\u00e1s que nada, y a los chicos, bueno obviamente a mis compa\u00f1eros, nos doli\u00f3 a todos, estamos dolidos porque es algo que nunca he visto, yo 12 a\u00f1os llevo ac\u00e1 [&hellip;]\" \/>\n<meta property=\"og:url\" content=\"https:\/\/www.eldiariodetucuman.com\/web\/lo-de-la-gente-nos-dolio-a-todos\/\" \/>\n<meta property=\"og:site_name\" content=\"El Diario de Tucuman\" \/>\n<meta property=\"article:published_time\" content=\"2025-10-22T21:32:27+00:00\" \/>\n<meta name=\"author\" content=\"admin\" \/>\n<meta name=\"twitter:card\" content=\"summary_large_image\" \/>\n<meta name=\"twitter:label1\" content=\"Escrito por\" \/>\n\t<meta name=\"twitter:data1\" content=\"admin\" \/>\n\t<meta name=\"twitter:label2\" content=\"Tiempo de lectura\" \/>\n\t<meta name=\"twitter:data2\" content=\"3 minutos\" \/>\n<script type=\"application\/ld+json\" class=\"yoast-schema-graph\">{\"@context\":\"https:\\\/\\\/schema.org\",\"@graph\":[{\"@type\":\"Article\",\"@id\":\"https:\\\/\\\/www.eldiariodetucuman.com\\\/web\\\/lo-de-la-gente-nos-dolio-a-todos\\\/#article\",\"isPartOf\":{\"@id\":\"https:\\\/\\\/www.eldiariodetucuman.com\\\/web\\\/lo-de-la-gente-nos-dolio-a-todos\\\/\"},\"author\":{\"name\":\"admin\",\"@id\":\"https:\\\/\\\/www.eldiariodetucuman.com\\\/web\\\/#\\\/schema\\\/person\\\/9250197d75ab5483412e19678b121caa\"},\"headline\":\"Lo de la gente nos doli\u00f3 a todos\",\"datePublished\":\"2025-10-22T21:32:27+00:00\",\"mainEntityOfPage\":{\"@id\":\"https:\\\/\\\/www.eldiariodetucuman.com\\\/web\\\/lo-de-la-gente-nos-dolio-a-todos\\\/\"},\"wordCount\":594,\"publisher\":{\"@id\":\"https:\\\/\\\/www.eldiariodetucuman.com\\\/web\\\/#organization\"},\"image\":{\"@id\":\"https:\\\/\\\/www.eldiariodetucuman.com\\\/web\\\/lo-de-la-gente-nos-dolio-a-todos\\\/#primaryimage\"},\"thumbnailUrl\":\"https:\\\/\\\/www.eldiariodetucuman.com\\\/web\\\/wp-content\\\/uploads\\\/2025\\\/10\\\/Lo-de-la-gente-nos-dolio-a-todos.jfif.jpeg\",\"articleSection\":[\"Deporte\"],\"inLanguage\":\"es\"},{\"@type\":\"WebPage\",\"@id\":\"https:\\\/\\\/www.eldiariodetucuman.com\\\/web\\\/lo-de-la-gente-nos-dolio-a-todos\\\/\",\"url\":\"https:\\\/\\\/www.eldiariodetucuman.com\\\/web\\\/lo-de-la-gente-nos-dolio-a-todos\\\/\",\"name\":\"Lo de la gente nos doli\u00f3 a todos - El Diario de Tucuman\",\"isPartOf\":{\"@id\":\"https:\\\/\\\/www.eldiariodetucuman.com\\\/web\\\/#website\"},\"primaryImageOfPage\":{\"@id\":\"https:\\\/\\\/www.eldiariodetucuman.com\\\/web\\\/lo-de-la-gente-nos-dolio-a-todos\\\/#primaryimage\"},\"image\":{\"@id\":\"https:\\\/\\\/www.eldiariodetucuman.com\\\/web\\\/lo-de-la-gente-nos-dolio-a-todos\\\/#primaryimage\"},\"thumbnailUrl\":\"https:\\\/\\\/www.eldiariodetucuman.com\\\/web\\\/wp-content\\\/uploads\\\/2025\\\/10\\\/Lo-de-la-gente-nos-dolio-a-todos.jfif.jpeg\",\"datePublished\":\"2025-10-22T21:32:27+00:00\",\"breadcrumb\":{\"@id\":\"https:\\\/\\\/www.eldiariodetucuman.com\\\/web\\\/lo-de-la-gente-nos-dolio-a-todos\\\/#breadcrumb\"},\"inLanguage\":\"es\",\"potentialAction\":[{\"@type\":\"ReadAction\",\"target\":[\"https:\\\/\\\/www.eldiariodetucuman.com\\\/web\\\/lo-de-la-gente-nos-dolio-a-todos\\\/\"]}]},{\"@type\":\"ImageObject\",\"inLanguage\":\"es\",\"@id\":\"https:\\\/\\\/www.eldiariodetucuman.com\\\/web\\\/lo-de-la-gente-nos-dolio-a-todos\\\/#primaryimage\",\"url\":\"https:\\\/\\\/www.eldiariodetucuman.com\\\/web\\\/wp-content\\\/uploads\\\/2025\\\/10\\\/Lo-de-la-gente-nos-dolio-a-todos.jfif.jpeg\",\"contentUrl\":\"https:\\\/\\\/www.eldiariodetucuman.com\\\/web\\\/wp-content\\\/uploads\\\/2025\\\/10\\\/Lo-de-la-gente-nos-dolio-a-todos.jfif.jpeg\",\"width\":1200,\"height\":675},{\"@type\":\"BreadcrumbList\",\"@id\":\"https:\\\/\\\/www.eldiariodetucuman.com\\\/web\\\/lo-de-la-gente-nos-dolio-a-todos\\\/#breadcrumb\",\"itemListElement\":[{\"@type\":\"ListItem\",\"position\":1,\"name\":\"Portada\",\"item\":\"https:\\\/\\\/www.eldiariodetucuman.com\\\/web\\\/\"},{\"@type\":\"ListItem\",\"position\":2,\"name\":\"Lo de la gente nos doli\u00f3 a todos\"}]},{\"@type\":\"WebSite\",\"@id\":\"https:\\\/\\\/www.eldiariodetucuman.com\\\/web\\\/#website\",\"url\":\"https:\\\/\\\/www.eldiariodetucuman.com\\\/web\\\/\",\"name\":\"El Diario de Tucuman\",\"description\":\"Diario Tucuman - Informaci\u00f3n y noticias\",\"publisher\":{\"@id\":\"https:\\\/\\\/www.eldiariodetucuman.com\\\/web\\\/#organization\"},\"potentialAction\":[{\"@type\":\"SearchAction\",\"target\":{\"@type\":\"EntryPoint\",\"urlTemplate\":\"https:\\\/\\\/www.eldiariodetucuman.com\\\/web\\\/?s={search_term_string}\"},\"query-input\":{\"@type\":\"PropertyValueSpecification\",\"valueRequired\":true,\"valueName\":\"search_term_string\"}}],\"inLanguage\":\"es\"},{\"@type\":\"Organization\",\"@id\":\"https:\\\/\\\/www.eldiariodetucuman.com\\\/web\\\/#organization\",\"name\":\"El Diario de Tucuman\",\"url\":\"https:\\\/\\\/www.eldiariodetucuman.com\\\/web\\\/\",\"logo\":{\"@type\":\"ImageObject\",\"inLanguage\":\"es\",\"@id\":\"https:\\\/\\\/www.eldiariodetucuman.com\\\/web\\\/#\\\/schema\\\/logo\\\/image\\\/\",\"url\":\"http:\\\/\\\/www.eldiariodetucuman.com\\\/web\\\/wp-content\\\/uploads\\\/2017\\\/12\\\/el-diario-de-tucuman.jpg\",\"contentUrl\":\"http:\\\/\\\/www.eldiariodetucuman.com\\\/web\\\/wp-content\\\/uploads\\\/2017\\\/12\\\/el-diario-de-tucuman.jpg\",\"width\":272,\"height\":92,\"caption\":\"El Diario de Tucuman\"},\"image\":{\"@id\":\"https:\\\/\\\/www.eldiariodetucuman.com\\\/web\\\/#\\\/schema\\\/logo\\\/image\\\/\"}},{\"@type\":\"Person\",\"@id\":\"https:\\\/\\\/www.eldiariodetucuman.com\\\/web\\\/#\\\/schema\\\/person\\\/9250197d75ab5483412e19678b121caa\",\"name\":\"admin\",\"image\":{\"@type\":\"ImageObject\",\"inLanguage\":\"es\",\"@id\":\"https:\\\/\\\/secure.gravatar.com\\\/avatar\\\/c44d117c2be811212c22cb481f6b8384b6873de103fbc49e7a03cc58d7dea4ac?s=96&d=mm&r=g\",\"url\":\"https:\\\/\\\/secure.gravatar.com\\\/avatar\\\/c44d117c2be811212c22cb481f6b8384b6873de103fbc49e7a03cc58d7dea4ac?s=96&d=mm&r=g\",\"contentUrl\":\"https:\\\/\\\/secure.gravatar.com\\\/avatar\\\/c44d117c2be811212c22cb481f6b8384b6873de103fbc49e7a03cc58d7dea4ac?s=96&d=mm&r=g\",\"caption\":\"admin\"},\"url\":\"https:\\\/\\\/www.eldiariodetucuman.com\\\/web\\\/author\\\/admin\\\/\"}]}<\/script>\n<!-- \/ Yoast SEO plugin. -->","yoast_head_json":{"title":"Lo de la gente nos doli\u00f3 a todos - El Diario de Tucuman","robots":{"index":"index","follow":"follow","max-snippet":"max-snippet:-1","max-image-preview":"max-image-preview:large","max-video-preview":"max-video-preview:-1"},"canonical":"https:\/\/www.eldiariodetucuman.com\/web\/lo-de-la-gente-nos-dolio-a-todos\/","og_locale":"es_ES","og_type":"article","og_title":"Lo de la gente nos doli\u00f3 a todos - El Diario de Tucuman","og_description":"El hist\u00f3rico volante tambi\u00e9n mencion\u00f3 la situaci\u00f3n con la gente y lo que le afect\u00f3 su reacci\u00f3n: \u00abLa gente me doli\u00f3 a m\u00ed, a m\u00ed m\u00e1s que nada, y a los chicos, bueno obviamente a mis compa\u00f1eros, nos doli\u00f3 a todos, estamos dolidos porque es algo que nunca he visto, yo 12 a\u00f1os llevo ac\u00e1 [&hellip;]","og_url":"https:\/\/www.eldiariodetucuman.com\/web\/lo-de-la-gente-nos-dolio-a-todos\/","og_site_name":"El Diario de Tucuman","article_published_time":"2025-10-22T21:32:27+00:00","author":"admin","twitter_card":"summary_large_image","twitter_misc":{"Escrito por":"admin","Tiempo de lectura":"3 minutos"},"schema":{"@context":"https:\/\/schema.org","@graph":[{"@type":"Article","@id":"https:\/\/www.eldiariodetucuman.com\/web\/lo-de-la-gente-nos-dolio-a-todos\/#article","isPartOf":{"@id":"https:\/\/www.eldiariodetucuman.com\/web\/lo-de-la-gente-nos-dolio-a-todos\/"},"author":{"name":"admin","@id":"https:\/\/www.eldiariodetucuman.com\/web\/#\/schema\/person\/9250197d75ab5483412e19678b121caa"},"headline":"Lo de la gente nos doli\u00f3 a todos","datePublished":"2025-10-22T21:32:27+00:00","mainEntityOfPage":{"@id":"https:\/\/www.eldiariodetucuman.com\/web\/lo-de-la-gente-nos-dolio-a-todos\/"},"wordCount":594,"publisher":{"@id":"https:\/\/www.eldiariodetucuman.com\/web\/#organization"},"image":{"@id":"https:\/\/www.eldiariodetucuman.com\/web\/lo-de-la-gente-nos-dolio-a-todos\/#primaryimage"},"thumbnailUrl":"https:\/\/www.eldiariodetucuman.com\/web\/wp-content\/uploads\/2025\/10\/Lo-de-la-gente-nos-dolio-a-todos.jfif.jpeg","articleSection":["Deporte"],"inLanguage":"es"},{"@type":"WebPage","@id":"https:\/\/www.eldiariodetucuman.com\/web\/lo-de-la-gente-nos-dolio-a-todos\/","url":"https:\/\/www.eldiariodetucuman.com\/web\/lo-de-la-gente-nos-dolio-a-todos\/","name":"Lo de la gente nos doli\u00f3 a todos - El Diario de Tucuman","isPartOf":{"@id":"https:\/\/www.eldiariodetucuman.com\/web\/#website"},"primaryImageOfPage":{"@id":"https:\/\/www.eldiariodetucuman.com\/web\/lo-de-la-gente-nos-dolio-a-todos\/#primaryimage"},"image":{"@id":"https:\/\/www.eldiariodetucuman.com\/web\/lo-de-la-gente-nos-dolio-a-todos\/#primaryimage"},"thumbnailUrl":"https:\/\/www.eldiariodetucuman.com\/web\/wp-content\/uploads\/2025\/10\/Lo-de-la-gente-nos-dolio-a-todos.jfif.jpeg","datePublished":"2025-10-22T21:32:27+00:00","breadcrumb":{"@id":"https:\/\/www.eldiariodetucuman.com\/web\/lo-de-la-gente-nos-dolio-a-todos\/#breadcrumb"},"inLanguage":"es","potentialAction":[{"@type":"ReadAction","target":["https:\/\/www.eldiariodetucuman.com\/web\/lo-de-la-gente-nos-dolio-a-todos\/"]}]},{"@type":"ImageObject","inLanguage":"es","@id":"https:\/\/www.eldiariodetucuman.com\/web\/lo-de-la-gente-nos-dolio-a-todos\/#primaryimage","url":"https:\/\/www.eldiariodetucuman.com\/web\/wp-content\/uploads\/2025\/10\/Lo-de-la-gente-nos-dolio-a-todos.jfif.jpeg","contentUrl":"https:\/\/www.eldiariodetucuman.com\/web\/wp-content\/uploads\/2025\/10\/Lo-de-la-gente-nos-dolio-a-todos.jfif.jpeg","width":1200,"height":675},{"@type":"BreadcrumbList","@id":"https:\/\/www.eldiariodetucuman.com\/web\/lo-de-la-gente-nos-dolio-a-todos\/#breadcrumb","itemListElement":[{"@type":"ListItem","position":1,"name":"Portada","item":"https:\/\/www.eldiariodetucuman.com\/web\/"},{"@type":"ListItem","position":2,"name":"Lo de la gente nos doli\u00f3 a todos"}]},{"@type":"WebSite","@id":"https:\/\/www.eldiariodetucuman.com\/web\/#website","url":"https:\/\/www.eldiariodetucuman.com\/web\/","name":"El Diario de Tucuman","description":"Diario Tucuman - Informaci\u00f3n y noticias","publisher":{"@id":"https:\/\/www.eldiariodetucuman.com\/web\/#organization"},"potentialAction":[{"@type":"SearchAction","target":{"@type":"EntryPoint","urlTemplate":"https:\/\/www.eldiariodetucuman.com\/web\/?s={search_term_string}"},"query-input":{"@type":"PropertyValueSpecification","valueRequired":true,"valueName":"search_term_string"}}],"inLanguage":"es"},{"@type":"Organization","@id":"https:\/\/www.eldiariodetucuman.com\/web\/#organization","name":"El Diario de Tucuman","url":"https:\/\/www.eldiariodetucuman.com\/web\/","logo":{"@type":"ImageObject","inLanguage":"es","@id":"https:\/\/www.eldiariodetucuman.com\/web\/#\/schema\/logo\/image\/","url":"http:\/\/www.eldiariodetucuman.com\/web\/wp-content\/uploads\/2017\/12\/el-diario-de-tucuman.jpg","contentUrl":"http:\/\/www.eldiariodetucuman.com\/web\/wp-content\/uploads\/2017\/12\/el-diario-de-tucuman.jpg","width":272,"height":92,"caption":"El Diario de Tucuman"},"image":{"@id":"https:\/\/www.eldiariodetucuman.com\/web\/#\/schema\/logo\/image\/"}},{"@type":"Person","@id":"https:\/\/www.eldiariodetucuman.com\/web\/#\/schema\/person\/9250197d75ab5483412e19678b121caa","name":"admin","image":{"@type":"ImageObject","inLanguage":"es","@id":"https:\/\/secure.gravatar.com\/avatar\/c44d117c2be811212c22cb481f6b8384b6873de103fbc49e7a03cc58d7dea4ac?s=96&d=mm&r=g","url":"https:\/\/secure.gravatar.com\/avatar\/c44d117c2be811212c22cb481f6b8384b6873de103fbc49e7a03cc58d7dea4ac?s=96&d=mm&r=g","contentUrl":"https:\/\/secure.gravatar.com\/avatar\/c44d117c2be811212c22cb481f6b8384b6873de103fbc49e7a03cc58d7dea4ac?s=96&d=mm&r=g","caption":"admin"},"url":"https:\/\/www.eldiariodetucuman.com\/web\/author\/admin\/"}]}},"_links":{"self":[{"href":"https:\/\/www.eldiariodetucuman.com\/web\/wp-json\/wp\/v2\/posts\/46001","targetHints":{"allow":["GET"]}}],"collection":[{"href":"https:\/\/www.eldiariodetucuman.com\/web\/wp-json\/wp\/v2\/posts"}],"about":[{"href":"https:\/\/www.eldiariodetucuman.com\/web\/wp-json\/wp\/v2\/types\/post"}],"author":[{"embeddable":true,"href":"https:\/\/www.eldiariodetucuman.com\/web\/wp-json\/wp\/v2\/users\/1"}],"replies":[{"embeddable":true,"href":"https:\/\/www.eldiariodetucuman.com\/web\/wp-json\/wp\/v2\/comments?post=46001"}],"version-history":[{"count":0,"href":"https:\/\/www.eldiariodetucuman.com\/web\/wp-json\/wp\/v2\/posts\/46001\/revisions"}],"wp:featuredmedia":[{"embeddable":true,"href":"https:\/\/www.eldiariodetucuman.com\/web\/wp-json\/wp\/v2\/media\/46002"}],"wp:attachment":[{"href":"https:\/\/www.eldiariodetucuman.com\/web\/wp-json\/wp\/v2\/media?parent=46001"}],"wp:term":[{"taxonomy":"category","embeddable":true,"href":"https:\/\/www.eldiariodetucuman.com\/web\/wp-json\/wp\/v2\/categories?post=46001"},{"taxonomy":"post_tag","embeddable":true,"href":"https:\/\/www.eldiariodetucuman.com\/web\/wp-json\/wp\/v2\/tags?post=46001"}],"curies":[{"name":"wp","href":"https:\/\/api.w.org\/{rel}","templated":true}]}}