{"id":45954,"date":"2025-10-17T16:42:16","date_gmt":"2025-10-17T19:42:16","guid":{"rendered":"https:\/\/www.eldiariodetucuman.com\/web\/sabrina-pasarin-fue-imputada-por-conducir-un-vehiculo-adulterado\/"},"modified":"2025-10-17T16:42:16","modified_gmt":"2025-10-17T19:42:16","slug":"sabrina-pasarin-fue-imputada-por-conducir-un-vehiculo-adulterado","status":"publish","type":"post","link":"https:\/\/www.eldiariodetucuman.com\/web\/sabrina-pasarin-fue-imputada-por-conducir-un-vehiculo-adulterado\/","title":{"rendered":"Sabrina Pasar\u00edn fue imputada por conducir un veh\u00edculo adulterado"},"content":{"rendered":"<p>    <\/p>\n<p><strong> Asimismo, la investigadora requiri\u00f3 la prisi\u00f3n preventiva por 10 d\u00edas por los riesgos procesales (<\/strong>de fuga y de entorpecimiento). \u201cEl peligro de fuga est\u00e1 basado en las caracter\u00edsticas del hecho y la pena en expectativa. Fue grave por la conducci\u00f3n temeraria. E<strong>stamos ante una persona que ya fue condenada por un homicidio culpos<\/strong>o (el 10 de septiembre de 2021) donde, adem\u00e1s, se le impuso una inhabilitaci\u00f3n para conducir (por el t\u00e9rmino de cinco a\u00f1os). Hay que tener en cuenta el derrotero que tuvo que hacer el personal policial cuando conduc\u00eda a gran velocidad\u201d, afirm\u00f3 Briz Tom\u00e1s adelantado que en caso de recaer una nueva condena ser\u00e1 indefectiblemente de cumplimiento efectivo. <strong>Sin embargo, la jueza actuante al resolver le otorg\u00f3 medidas de coerci\u00f3n de menor intensidad por el plazo que dure la investigaci\u00f3n penal preparatoria de seis meses, entre ellas firmar cada 15 d\u00edas el libro de comparendo en la Fiscal\u00eda.<\/strong> La magistrada consider\u00f3 que la imputada contaba con arraigo. Finalmente, el Ministerio Fiscal impugnar\u00e1 el resolutorio (por falta de motivaci\u00f3n).<\/p>\n<p>image   <\/p>\n<h2>La desobediencia<\/h2>\n<p>El mi\u00e9rcoles 7 de mayo del corriente a\u00f1o, siendo las 22:10 horas, en circunstancias que la acusada se encontraba a bordo de un autom\u00f3vil de color gris circulando por calle Cris\u00f3stomo \u00c1lvarez de esta ciudad capital fue que cruz\u00f3 a gran velocidad la avenida Alem en sentido este-oeste situaci\u00f3n que llam\u00f3 la atenci\u00f3n de los efectivos policiales quienes con el objetivo de evitar un siniestro vial decidieron seguir al rodado.<\/p>\n<p>Al llegar hasta la intersecci\u00f3n de calles Cris\u00f3stomo \u00c1lvarez y Amador Lucero se ubicaron al lado del veh\u00edculo al estar el sem\u00e1foro en rojo. Luego de identificarse como empleados policiales omiti\u00f3 la orden de la autoridad policial y comenz\u00f3 una persecuci\u00f3n hasta la avenida Mate de Luna al 2000 (tras subirse de manera abrupta a un garaje que no ten\u00eda port\u00f3n). A continuaci\u00f3n, dej\u00f3 el rodado all\u00ed siendo interceptada por la empleada policial y luego de un forcejeo, entre ambas, decidi\u00f3 prestar colaboraci\u00f3n constatando en el control vehicular que los d\u00edgitos alfanum\u00e9ricos identificatorios del motor y del chasis como de algunos stickers de seguridad presentaban signos de adulteraci\u00f3n lo que fue constatado con posterioridad al realizarse la pericia f\u00edsico-mec\u00e1nica.<\/p>\n<p>Fuente: <a href=\"https:\/\/www.lv12.com.ar\/vehiculo\/sabrina-pasarin-fue-imputada-conducir-un-vehiculo-adulterado-n187489\"> Fuente de la nota <\/a><\/p>\n","protected":false},"excerpt":{"rendered":"<p>Asimismo, la investigadora requiri\u00f3 la prisi\u00f3n preventiva por 10 d\u00edas por los riesgos procesales (de fuga y de entorpecimiento). \u201cEl peligro de fuga est\u00e1 basado en las caracter\u00edsticas del hecho y la pena en expectativa. Fue grave por la conducci\u00f3n temeraria. Estamos ante una persona que ya fue condenada por un homicidio culposo (el 10 [&hellip;]<\/p>\n","protected":false},"author":1,"featured_media":45955,"comment_status":"closed","ping_status":"open","sticky":false,"template":"","format":"standard","meta":{"footnotes":""},"categories":[927],"tags":[],"class_list":{"0":"post-45954","1":"post","2":"type-post","3":"status-publish","4":"format-standard","5":"has-post-thumbnail","7":"category-policiales"},"yoast_head":"<!-- This site is optimized with the Yoast SEO plugin v27.5 - https:\/\/yoast.com\/product\/yoast-seo-wordpress\/ -->\n<title>Sabrina Pasar\u00edn fue imputada por conducir un veh\u00edculo adulterado - El Diario de Tucuman<\/title>\n<meta name=\"robots\" content=\"index, follow, max-snippet:-1, max-image-preview:large, max-video-preview:-1\" \/>\n<link rel=\"canonical\" href=\"https:\/\/www.eldiariodetucuman.com\/web\/sabrina-pasarin-fue-imputada-por-conducir-un-vehiculo-adulterado\/\" \/>\n<meta property=\"og:locale\" content=\"es_ES\" \/>\n<meta property=\"og:type\" content=\"article\" \/>\n<meta property=\"og:title\" content=\"Sabrina Pasar\u00edn fue imputada por conducir un veh\u00edculo adulterado - El Diario de Tucuman\" \/>\n<meta property=\"og:description\" content=\"Asimismo, la investigadora requiri\u00f3 la prisi\u00f3n preventiva por 10 d\u00edas por los riesgos procesales (de fuga y de entorpecimiento). \u201cEl peligro de fuga est\u00e1 basado en las caracter\u00edsticas del hecho y la pena en expectativa. Fue grave por la conducci\u00f3n temeraria. Estamos ante una persona que ya fue condenada por un homicidio culposo (el 10 [&hellip;]\" \/>\n<meta property=\"og:url\" content=\"https:\/\/www.eldiariodetucuman.com\/web\/sabrina-pasarin-fue-imputada-por-conducir-un-vehiculo-adulterado\/\" \/>\n<meta property=\"og:site_name\" content=\"El Diario de Tucuman\" \/>\n<meta property=\"article:published_time\" content=\"2025-10-17T19:42:16+00:00\" \/>\n<meta name=\"author\" content=\"admin\" \/>\n<meta name=\"twitter:card\" content=\"summary_large_image\" \/>\n<meta name=\"twitter:label1\" content=\"Escrito por\" \/>\n\t<meta name=\"twitter:data1\" content=\"admin\" \/>\n\t<meta name=\"twitter:label2\" content=\"Tiempo de lectura\" \/>\n\t<meta name=\"twitter:data2\" content=\"2 minutos\" \/>\n<script type=\"application\/ld+json\" class=\"yoast-schema-graph\">{\"@context\":\"https:\\\/\\\/schema.org\",\"@graph\":[{\"@type\":\"Article\",\"@id\":\"https:\\\/\\\/www.eldiariodetucuman.com\\\/web\\\/sabrina-pasarin-fue-imputada-por-conducir-un-vehiculo-adulterado\\\/#article\",\"isPartOf\":{\"@id\":\"https:\\\/\\\/www.eldiariodetucuman.com\\\/web\\\/sabrina-pasarin-fue-imputada-por-conducir-un-vehiculo-adulterado\\\/\"},\"author\":{\"name\":\"admin\",\"@id\":\"https:\\\/\\\/www.eldiariodetucuman.com\\\/web\\\/#\\\/schema\\\/person\\\/9250197d75ab5483412e19678b121caa\"},\"headline\":\"Sabrina Pasar\u00edn fue imputada por conducir un veh\u00edculo adulterado\",\"datePublished\":\"2025-10-17T19:42:16+00:00\",\"mainEntityOfPage\":{\"@id\":\"https:\\\/\\\/www.eldiariodetucuman.com\\\/web\\\/sabrina-pasarin-fue-imputada-por-conducir-un-vehiculo-adulterado\\\/\"},\"wordCount\":406,\"publisher\":{\"@id\":\"https:\\\/\\\/www.eldiariodetucuman.com\\\/web\\\/#organization\"},\"image\":{\"@id\":\"https:\\\/\\\/www.eldiariodetucuman.com\\\/web\\\/sabrina-pasarin-fue-imputada-por-conducir-un-vehiculo-adulterado\\\/#primaryimage\"},\"thumbnailUrl\":\"https:\\\/\\\/www.eldiariodetucuman.com\\\/web\\\/wp-content\\\/uploads\\\/2025\\\/10\\\/Sabrina-Pasarin-fue-imputada-por-conducir-un-vehiculo-adulterado.png\",\"articleSection\":[\"Policiales\"],\"inLanguage\":\"es\"},{\"@type\":\"WebPage\",\"@id\":\"https:\\\/\\\/www.eldiariodetucuman.com\\\/web\\\/sabrina-pasarin-fue-imputada-por-conducir-un-vehiculo-adulterado\\\/\",\"url\":\"https:\\\/\\\/www.eldiariodetucuman.com\\\/web\\\/sabrina-pasarin-fue-imputada-por-conducir-un-vehiculo-adulterado\\\/\",\"name\":\"Sabrina Pasar\u00edn fue imputada por conducir un veh\u00edculo adulterado - El Diario de Tucuman\",\"isPartOf\":{\"@id\":\"https:\\\/\\\/www.eldiariodetucuman.com\\\/web\\\/#website\"},\"primaryImageOfPage\":{\"@id\":\"https:\\\/\\\/www.eldiariodetucuman.com\\\/web\\\/sabrina-pasarin-fue-imputada-por-conducir-un-vehiculo-adulterado\\\/#primaryimage\"},\"image\":{\"@id\":\"https:\\\/\\\/www.eldiariodetucuman.com\\\/web\\\/sabrina-pasarin-fue-imputada-por-conducir-un-vehiculo-adulterado\\\/#primaryimage\"},\"thumbnailUrl\":\"https:\\\/\\\/www.eldiariodetucuman.com\\\/web\\\/wp-content\\\/uploads\\\/2025\\\/10\\\/Sabrina-Pasarin-fue-imputada-por-conducir-un-vehiculo-adulterado.png\",\"datePublished\":\"2025-10-17T19:42:16+00:00\",\"breadcrumb\":{\"@id\":\"https:\\\/\\\/www.eldiariodetucuman.com\\\/web\\\/sabrina-pasarin-fue-imputada-por-conducir-un-vehiculo-adulterado\\\/#breadcrumb\"},\"inLanguage\":\"es\",\"potentialAction\":[{\"@type\":\"ReadAction\",\"target\":[\"https:\\\/\\\/www.eldiariodetucuman.com\\\/web\\\/sabrina-pasarin-fue-imputada-por-conducir-un-vehiculo-adulterado\\\/\"]}]},{\"@type\":\"ImageObject\",\"inLanguage\":\"es\",\"@id\":\"https:\\\/\\\/www.eldiariodetucuman.com\\\/web\\\/sabrina-pasarin-fue-imputada-por-conducir-un-vehiculo-adulterado\\\/#primaryimage\",\"url\":\"https:\\\/\\\/www.eldiariodetucuman.com\\\/web\\\/wp-content\\\/uploads\\\/2025\\\/10\\\/Sabrina-Pasarin-fue-imputada-por-conducir-un-vehiculo-adulterado.png\",\"contentUrl\":\"https:\\\/\\\/www.eldiariodetucuman.com\\\/web\\\/wp-content\\\/uploads\\\/2025\\\/10\\\/Sabrina-Pasarin-fue-imputada-por-conducir-un-vehiculo-adulterado.png\",\"width\":1200,\"height\":675},{\"@type\":\"BreadcrumbList\",\"@id\":\"https:\\\/\\\/www.eldiariodetucuman.com\\\/web\\\/sabrina-pasarin-fue-imputada-por-conducir-un-vehiculo-adulterado\\\/#breadcrumb\",\"itemListElement\":[{\"@type\":\"ListItem\",\"position\":1,\"name\":\"Portada\",\"item\":\"https:\\\/\\\/www.eldiariodetucuman.com\\\/web\\\/\"},{\"@type\":\"ListItem\",\"position\":2,\"name\":\"Sabrina Pasar\u00edn fue imputada por conducir un veh\u00edculo adulterado\"}]},{\"@type\":\"WebSite\",\"@id\":\"https:\\\/\\\/www.eldiariodetucuman.com\\\/web\\\/#website\",\"url\":\"https:\\\/\\\/www.eldiariodetucuman.com\\\/web\\\/\",\"name\":\"El Diario de Tucuman\",\"description\":\"Diario Tucuman - Informaci\u00f3n y noticias\",\"publisher\":{\"@id\":\"https:\\\/\\\/www.eldiariodetucuman.com\\\/web\\\/#organization\"},\"potentialAction\":[{\"@type\":\"SearchAction\",\"target\":{\"@type\":\"EntryPoint\",\"urlTemplate\":\"https:\\\/\\\/www.eldiariodetucuman.com\\\/web\\\/?s={search_term_string}\"},\"query-input\":{\"@type\":\"PropertyValueSpecification\",\"valueRequired\":true,\"valueName\":\"search_term_string\"}}],\"inLanguage\":\"es\"},{\"@type\":\"Organization\",\"@id\":\"https:\\\/\\\/www.eldiariodetucuman.com\\\/web\\\/#organization\",\"name\":\"El Diario de Tucuman\",\"url\":\"https:\\\/\\\/www.eldiariodetucuman.com\\\/web\\\/\",\"logo\":{\"@type\":\"ImageObject\",\"inLanguage\":\"es\",\"@id\":\"https:\\\/\\\/www.eldiariodetucuman.com\\\/web\\\/#\\\/schema\\\/logo\\\/image\\\/\",\"url\":\"http:\\\/\\\/www.eldiariodetucuman.com\\\/web\\\/wp-content\\\/uploads\\\/2017\\\/12\\\/el-diario-de-tucuman.jpg\",\"contentUrl\":\"http:\\\/\\\/www.eldiariodetucuman.com\\\/web\\\/wp-content\\\/uploads\\\/2017\\\/12\\\/el-diario-de-tucuman.jpg\",\"width\":272,\"height\":92,\"caption\":\"El Diario de Tucuman\"},\"image\":{\"@id\":\"https:\\\/\\\/www.eldiariodetucuman.com\\\/web\\\/#\\\/schema\\\/logo\\\/image\\\/\"}},{\"@type\":\"Person\",\"@id\":\"https:\\\/\\\/www.eldiariodetucuman.com\\\/web\\\/#\\\/schema\\\/person\\\/9250197d75ab5483412e19678b121caa\",\"name\":\"admin\",\"image\":{\"@type\":\"ImageObject\",\"inLanguage\":\"es\",\"@id\":\"https:\\\/\\\/secure.gravatar.com\\\/avatar\\\/c44d117c2be811212c22cb481f6b8384b6873de103fbc49e7a03cc58d7dea4ac?s=96&d=mm&r=g\",\"url\":\"https:\\\/\\\/secure.gravatar.com\\\/avatar\\\/c44d117c2be811212c22cb481f6b8384b6873de103fbc49e7a03cc58d7dea4ac?s=96&d=mm&r=g\",\"contentUrl\":\"https:\\\/\\\/secure.gravatar.com\\\/avatar\\\/c44d117c2be811212c22cb481f6b8384b6873de103fbc49e7a03cc58d7dea4ac?s=96&d=mm&r=g\",\"caption\":\"admin\"},\"url\":\"https:\\\/\\\/www.eldiariodetucuman.com\\\/web\\\/author\\\/admin\\\/\"}]}<\/script>\n<!-- \/ Yoast SEO plugin. -->","yoast_head_json":{"title":"Sabrina Pasar\u00edn fue imputada por conducir un veh\u00edculo adulterado - El Diario de Tucuman","robots":{"index":"index","follow":"follow","max-snippet":"max-snippet:-1","max-image-preview":"max-image-preview:large","max-video-preview":"max-video-preview:-1"},"canonical":"https:\/\/www.eldiariodetucuman.com\/web\/sabrina-pasarin-fue-imputada-por-conducir-un-vehiculo-adulterado\/","og_locale":"es_ES","og_type":"article","og_title":"Sabrina Pasar\u00edn fue imputada por conducir un veh\u00edculo adulterado - El Diario de Tucuman","og_description":"Asimismo, la investigadora requiri\u00f3 la prisi\u00f3n preventiva por 10 d\u00edas por los riesgos procesales (de fuga y de entorpecimiento). \u201cEl peligro de fuga est\u00e1 basado en las caracter\u00edsticas del hecho y la pena en expectativa. Fue grave por la conducci\u00f3n temeraria. Estamos ante una persona que ya fue condenada por un homicidio culposo (el 10 [&hellip;]","og_url":"https:\/\/www.eldiariodetucuman.com\/web\/sabrina-pasarin-fue-imputada-por-conducir-un-vehiculo-adulterado\/","og_site_name":"El Diario de Tucuman","article_published_time":"2025-10-17T19:42:16+00:00","author":"admin","twitter_card":"summary_large_image","twitter_misc":{"Escrito por":"admin","Tiempo de lectura":"2 minutos"},"schema":{"@context":"https:\/\/schema.org","@graph":[{"@type":"Article","@id":"https:\/\/www.eldiariodetucuman.com\/web\/sabrina-pasarin-fue-imputada-por-conducir-un-vehiculo-adulterado\/#article","isPartOf":{"@id":"https:\/\/www.eldiariodetucuman.com\/web\/sabrina-pasarin-fue-imputada-por-conducir-un-vehiculo-adulterado\/"},"author":{"name":"admin","@id":"https:\/\/www.eldiariodetucuman.com\/web\/#\/schema\/person\/9250197d75ab5483412e19678b121caa"},"headline":"Sabrina Pasar\u00edn fue imputada por conducir un veh\u00edculo adulterado","datePublished":"2025-10-17T19:42:16+00:00","mainEntityOfPage":{"@id":"https:\/\/www.eldiariodetucuman.com\/web\/sabrina-pasarin-fue-imputada-por-conducir-un-vehiculo-adulterado\/"},"wordCount":406,"publisher":{"@id":"https:\/\/www.eldiariodetucuman.com\/web\/#organization"},"image":{"@id":"https:\/\/www.eldiariodetucuman.com\/web\/sabrina-pasarin-fue-imputada-por-conducir-un-vehiculo-adulterado\/#primaryimage"},"thumbnailUrl":"https:\/\/www.eldiariodetucuman.com\/web\/wp-content\/uploads\/2025\/10\/Sabrina-Pasarin-fue-imputada-por-conducir-un-vehiculo-adulterado.png","articleSection":["Policiales"],"inLanguage":"es"},{"@type":"WebPage","@id":"https:\/\/www.eldiariodetucuman.com\/web\/sabrina-pasarin-fue-imputada-por-conducir-un-vehiculo-adulterado\/","url":"https:\/\/www.eldiariodetucuman.com\/web\/sabrina-pasarin-fue-imputada-por-conducir-un-vehiculo-adulterado\/","name":"Sabrina Pasar\u00edn fue imputada por conducir un veh\u00edculo adulterado - El Diario de Tucuman","isPartOf":{"@id":"https:\/\/www.eldiariodetucuman.com\/web\/#website"},"primaryImageOfPage":{"@id":"https:\/\/www.eldiariodetucuman.com\/web\/sabrina-pasarin-fue-imputada-por-conducir-un-vehiculo-adulterado\/#primaryimage"},"image":{"@id":"https:\/\/www.eldiariodetucuman.com\/web\/sabrina-pasarin-fue-imputada-por-conducir-un-vehiculo-adulterado\/#primaryimage"},"thumbnailUrl":"https:\/\/www.eldiariodetucuman.com\/web\/wp-content\/uploads\/2025\/10\/Sabrina-Pasarin-fue-imputada-por-conducir-un-vehiculo-adulterado.png","datePublished":"2025-10-17T19:42:16+00:00","breadcrumb":{"@id":"https:\/\/www.eldiariodetucuman.com\/web\/sabrina-pasarin-fue-imputada-por-conducir-un-vehiculo-adulterado\/#breadcrumb"},"inLanguage":"es","potentialAction":[{"@type":"ReadAction","target":["https:\/\/www.eldiariodetucuman.com\/web\/sabrina-pasarin-fue-imputada-por-conducir-un-vehiculo-adulterado\/"]}]},{"@type":"ImageObject","inLanguage":"es","@id":"https:\/\/www.eldiariodetucuman.com\/web\/sabrina-pasarin-fue-imputada-por-conducir-un-vehiculo-adulterado\/#primaryimage","url":"https:\/\/www.eldiariodetucuman.com\/web\/wp-content\/uploads\/2025\/10\/Sabrina-Pasarin-fue-imputada-por-conducir-un-vehiculo-adulterado.png","contentUrl":"https:\/\/www.eldiariodetucuman.com\/web\/wp-content\/uploads\/2025\/10\/Sabrina-Pasarin-fue-imputada-por-conducir-un-vehiculo-adulterado.png","width":1200,"height":675},{"@type":"BreadcrumbList","@id":"https:\/\/www.eldiariodetucuman.com\/web\/sabrina-pasarin-fue-imputada-por-conducir-un-vehiculo-adulterado\/#breadcrumb","itemListElement":[{"@type":"ListItem","position":1,"name":"Portada","item":"https:\/\/www.eldiariodetucuman.com\/web\/"},{"@type":"ListItem","position":2,"name":"Sabrina Pasar\u00edn fue imputada por conducir un veh\u00edculo adulterado"}]},{"@type":"WebSite","@id":"https:\/\/www.eldiariodetucuman.com\/web\/#website","url":"https:\/\/www.eldiariodetucuman.com\/web\/","name":"El Diario de Tucuman","description":"Diario Tucuman - Informaci\u00f3n y noticias","publisher":{"@id":"https:\/\/www.eldiariodetucuman.com\/web\/#organization"},"potentialAction":[{"@type":"SearchAction","target":{"@type":"EntryPoint","urlTemplate":"https:\/\/www.eldiariodetucuman.com\/web\/?s={search_term_string}"},"query-input":{"@type":"PropertyValueSpecification","valueRequired":true,"valueName":"search_term_string"}}],"inLanguage":"es"},{"@type":"Organization","@id":"https:\/\/www.eldiariodetucuman.com\/web\/#organization","name":"El Diario de Tucuman","url":"https:\/\/www.eldiariodetucuman.com\/web\/","logo":{"@type":"ImageObject","inLanguage":"es","@id":"https:\/\/www.eldiariodetucuman.com\/web\/#\/schema\/logo\/image\/","url":"http:\/\/www.eldiariodetucuman.com\/web\/wp-content\/uploads\/2017\/12\/el-diario-de-tucuman.jpg","contentUrl":"http:\/\/www.eldiariodetucuman.com\/web\/wp-content\/uploads\/2017\/12\/el-diario-de-tucuman.jpg","width":272,"height":92,"caption":"El Diario de Tucuman"},"image":{"@id":"https:\/\/www.eldiariodetucuman.com\/web\/#\/schema\/logo\/image\/"}},{"@type":"Person","@id":"https:\/\/www.eldiariodetucuman.com\/web\/#\/schema\/person\/9250197d75ab5483412e19678b121caa","name":"admin","image":{"@type":"ImageObject","inLanguage":"es","@id":"https:\/\/secure.gravatar.com\/avatar\/c44d117c2be811212c22cb481f6b8384b6873de103fbc49e7a03cc58d7dea4ac?s=96&d=mm&r=g","url":"https:\/\/secure.gravatar.com\/avatar\/c44d117c2be811212c22cb481f6b8384b6873de103fbc49e7a03cc58d7dea4ac?s=96&d=mm&r=g","contentUrl":"https:\/\/secure.gravatar.com\/avatar\/c44d117c2be811212c22cb481f6b8384b6873de103fbc49e7a03cc58d7dea4ac?s=96&d=mm&r=g","caption":"admin"},"url":"https:\/\/www.eldiariodetucuman.com\/web\/author\/admin\/"}]}},"_links":{"self":[{"href":"https:\/\/www.eldiariodetucuman.com\/web\/wp-json\/wp\/v2\/posts\/45954","targetHints":{"allow":["GET"]}}],"collection":[{"href":"https:\/\/www.eldiariodetucuman.com\/web\/wp-json\/wp\/v2\/posts"}],"about":[{"href":"https:\/\/www.eldiariodetucuman.com\/web\/wp-json\/wp\/v2\/types\/post"}],"author":[{"embeddable":true,"href":"https:\/\/www.eldiariodetucuman.com\/web\/wp-json\/wp\/v2\/users\/1"}],"replies":[{"embeddable":true,"href":"https:\/\/www.eldiariodetucuman.com\/web\/wp-json\/wp\/v2\/comments?post=45954"}],"version-history":[{"count":0,"href":"https:\/\/www.eldiariodetucuman.com\/web\/wp-json\/wp\/v2\/posts\/45954\/revisions"}],"wp:featuredmedia":[{"embeddable":true,"href":"https:\/\/www.eldiariodetucuman.com\/web\/wp-json\/wp\/v2\/media\/45955"}],"wp:attachment":[{"href":"https:\/\/www.eldiariodetucuman.com\/web\/wp-json\/wp\/v2\/media?parent=45954"}],"wp:term":[{"taxonomy":"category","embeddable":true,"href":"https:\/\/www.eldiariodetucuman.com\/web\/wp-json\/wp\/v2\/categories?post=45954"},{"taxonomy":"post_tag","embeddable":true,"href":"https:\/\/www.eldiariodetucuman.com\/web\/wp-json\/wp\/v2\/tags?post=45954"}],"curies":[{"name":"wp","href":"https:\/\/api.w.org\/{rel}","templated":true}]}}