{"id":45951,"date":"2025-10-16T23:49:46","date_gmt":"2025-10-17T02:49:46","guid":{"rendered":"https:\/\/www.eldiariodetucuman.com\/web\/la-camioneta-en-la-que-viajaba-juan-manuel-urtubey-fue-baleada-mientras-hacia-campana-en-salta\/"},"modified":"2025-10-16T23:49:48","modified_gmt":"2025-10-17T02:49:48","slug":"la-camioneta-en-la-que-viajaba-juan-manuel-urtubey-fue-baleada-mientras-hacia-campana-en-salta","status":"publish","type":"post","link":"https:\/\/www.eldiariodetucuman.com\/web\/la-camioneta-en-la-que-viajaba-juan-manuel-urtubey-fue-baleada-mientras-hacia-campana-en-salta\/","title":{"rendered":"La camioneta en la que viajaba Juan Manuel Urtubey fue baleada mientras hac\u00eda campa\u00f1a en Salta"},"content":{"rendered":"<p><\/p>\n<p class=\"com-paragraph  --capital --s\">La <strong>camioneta en la que viajaba el exgobernador de Salta Juan Manuel Urtubey fue baleada<\/strong> este mi\u00e9rcoles por la ma\u00f1ana mientras circulaba por la ruta provincial 5. Dentro del veh\u00edculo se encontraban otras tres personas adem\u00e1s del candidato a senador nacional y, tras el ataque, el chofer radic\u00f3 una denuncia en la Comisar\u00eda 101 de San Lorenzo. De momento, no se pudo identificar a las personas implicadas. <\/p>\n<p class=\"com-paragraph   --s\">Fuentes cercanas al exgobernador confirmaron a <strong>LA NACION<\/strong> el ataque y aclararon que se produjo cuando viajaba desde Or\u00e1n a General Pizarro por la ruta provincial cinco. \u201c<strong>No hay v\u00edctimas ni lesionados<\/strong>. \u00c9l est\u00e1 perfecto y continu\u00f3 con la campa\u00f1a hasta que a la tarde lleg\u00f3 a la ciudad de Salta y formul\u00f3 la denuncia penal\u201d, destacaron.<\/p>\n<p class=\"com-paragraph   --s\">Seg\u00fan inform\u00f3 el medio local El Tribuno, <strong>Carlos Mar\u00eda Garc\u00eda Bes<\/strong>, secretario de Urtubey y quien estaba manejando la camioneta Toyota Hilux color gris al momento del impacto, relat\u00f3 en la denuncia que escuch\u00f3 repentinamente un impacto de bala contra la ventana trasera izquierda, sobre el cual asegur\u00f3 que no se trat\u00f3 de \u201cun simple proyectil\u201d, lo que alert\u00f3 a los pasajeros y provoc\u00f3 la rotura total del vidrio. En tanto, no se registraron heridos y la causa qued\u00f3 bajo la car\u00e1tula de \u201cda\u00f1os\u201d.<\/p>\n<p>La camioneta, tras el ataque<\/p>\n<p class=\"com-paragraph   --s\">En el veh\u00edculo, que pertenece a la empresa Frigor\u00edfico del NOA, de la cual Urtubey es titular, viajaban cuatro personas: Garc\u00eda Bes al volante; el exgobernador, ubicado en el asiento trasero derecho; Joaqu\u00edn Guzm\u00e1n, en el asiento trasero izquierdo; y Arnaldo L\u00f3pez, en la parte trasera derecha.<\/p>\n<p class=\"com-paragraph   --s\">Urtubey se presenta en las pr\u00f3ximas elecciones como candidato a senador nacional por Salta por Fuerza Patria. D\u00edas atr\u00e1s, en di\u00e1logo con el medio local La Yapa Salta, apunt\u00f3 contra el gobernador salte\u00f1o, Gustavo S\u00e1enz, y cuestion\u00f3 su v\u00ednculo con el Presidente. \u201cLamentablemente, abajo del poncho de G\u00fcemes esconde la motosierra de Milei. Se disfrazan de opositores. Son lobos con piel de cordero porque lo que buscan es ver de qu\u00e9 manera consiguen, a trav\u00e9s de inconfesables relaciones con el gobierno nacional, vaya a saber que cosa\u201d, afirm\u00f3.<\/p>\n<p class=\"com-paragraph   --s\">Horas despu\u00e9s de que se conociera el grave hecho. La agrupaci\u00f3n Primero la Patria se expres\u00f3 al respecto a trav\u00e9s de un comunicado: \u201cFrente al grav\u00edsimo ataque sufrido por nuestro compa\u00f1ero candidato a senador nacional Juan Manuel Urtubey,<strong> la agrupaci\u00f3n Primero la Patria exige a las autoridades de la provincia de Salta el esclarecimiento urgente del hecho\u00bb.<\/strong> Y manifestaron: \u201cSucesos de estas caracter\u00edsticas ponen en riesgo no s\u00f3lo la integridad f\u00edsica de las personas sino la misma convivencia democr\u00e1tica\u201d.<\/p>\n<p><a href=\"https:\/\/www.lanacion.com.ar\/politica\/la-camioneta-en-la-que-viajaba-juan-manuel-urtubey-fue-baleada-mientras-hacia-campana-en-salta-no-nid16102025\/\">Fuente de la nota <\/a><\/p>\n","protected":false},"excerpt":{"rendered":"<p>La camioneta en la que viajaba el exgobernador de Salta Juan Manuel Urtubey fue baleada este mi\u00e9rcoles por la ma\u00f1ana mientras circulaba por la ruta provincial 5. Dentro del veh\u00edculo se encontraban otras tres personas adem\u00e1s del candidato a senador nacional y, tras el ataque, el chofer radic\u00f3 una denuncia en la Comisar\u00eda 101 de [&hellip;]<\/p>\n","protected":false},"author":5,"featured_media":45952,"comment_status":"closed","ping_status":"open","sticky":false,"template":"","format":"standard","meta":{"footnotes":""},"categories":[3],"tags":[],"class_list":{"0":"post-45951","1":"post","2":"type-post","3":"status-publish","4":"format-standard","5":"has-post-thumbnail","7":"category-politica"},"yoast_head":"<!-- This site is optimized with the Yoast SEO plugin v27.5 - https:\/\/yoast.com\/product\/yoast-seo-wordpress\/ -->\n<title>La camioneta en la que viajaba Juan Manuel Urtubey fue baleada mientras hac\u00eda campa\u00f1a en Salta - El Diario de Tucuman<\/title>\n<meta name=\"robots\" content=\"index, follow, max-snippet:-1, max-image-preview:large, max-video-preview:-1\" \/>\n<link rel=\"canonical\" href=\"https:\/\/www.eldiariodetucuman.com\/web\/la-camioneta-en-la-que-viajaba-juan-manuel-urtubey-fue-baleada-mientras-hacia-campana-en-salta\/\" \/>\n<meta property=\"og:locale\" content=\"es_ES\" \/>\n<meta property=\"og:type\" content=\"article\" \/>\n<meta property=\"og:title\" content=\"La camioneta en la que viajaba Juan Manuel Urtubey fue baleada mientras hac\u00eda campa\u00f1a en Salta - El Diario de Tucuman\" \/>\n<meta property=\"og:description\" content=\"La camioneta en la que viajaba el exgobernador de Salta Juan Manuel Urtubey fue baleada este mi\u00e9rcoles por la ma\u00f1ana mientras circulaba por la ruta provincial 5. Dentro del veh\u00edculo se encontraban otras tres personas adem\u00e1s del candidato a senador nacional y, tras el ataque, el chofer radic\u00f3 una denuncia en la Comisar\u00eda 101 de [&hellip;]\" \/>\n<meta property=\"og:url\" content=\"https:\/\/www.eldiariodetucuman.com\/web\/la-camioneta-en-la-que-viajaba-juan-manuel-urtubey-fue-baleada-mientras-hacia-campana-en-salta\/\" \/>\n<meta property=\"og:site_name\" content=\"El Diario de Tucuman\" \/>\n<meta property=\"article:published_time\" content=\"2025-10-17T02:49:46+00:00\" \/>\n<meta property=\"article:modified_time\" content=\"2025-10-17T02:49:48+00:00\" \/>\n<meta property=\"og:image\" content=\"https:\/\/www.eldiariodetucuman.com\/web\/wp-content\/uploads\/2025\/10\/el-gobernador-de-salta-juan-manuel-urtubey-en-3SE7MY4PLZCBXJIUY32YRJKJHY.jpg\" \/>\n\t<meta property=\"og:image:width\" content=\"1200\" \/>\n\t<meta property=\"og:image:height\" content=\"800\" \/>\n\t<meta property=\"og:image:type\" content=\"image\/jpeg\" \/>\n<meta name=\"author\" content=\"Redactor Uno\" \/>\n<meta name=\"twitter:card\" content=\"summary_large_image\" \/>\n<meta name=\"twitter:label1\" content=\"Escrito por\" \/>\n\t<meta name=\"twitter:data1\" content=\"Redactor Uno\" \/>\n\t<meta name=\"twitter:label2\" content=\"Tiempo de lectura\" \/>\n\t<meta name=\"twitter:data2\" content=\"2 minutos\" \/>\n<script type=\"application\/ld+json\" class=\"yoast-schema-graph\">{\"@context\":\"https:\\\/\\\/schema.org\",\"@graph\":[{\"@type\":\"Article\",\"@id\":\"https:\\\/\\\/www.eldiariodetucuman.com\\\/web\\\/la-camioneta-en-la-que-viajaba-juan-manuel-urtubey-fue-baleada-mientras-hacia-campana-en-salta\\\/#article\",\"isPartOf\":{\"@id\":\"https:\\\/\\\/www.eldiariodetucuman.com\\\/web\\\/la-camioneta-en-la-que-viajaba-juan-manuel-urtubey-fue-baleada-mientras-hacia-campana-en-salta\\\/\"},\"author\":{\"name\":\"Redactor Uno\",\"@id\":\"https:\\\/\\\/www.eldiariodetucuman.com\\\/web\\\/#\\\/schema\\\/person\\\/7e6644a46e60888f6b868594407e08dd\"},\"headline\":\"La camioneta en la que viajaba Juan Manuel Urtubey fue baleada mientras hac\u00eda campa\u00f1a en Salta\",\"datePublished\":\"2025-10-17T02:49:46+00:00\",\"dateModified\":\"2025-10-17T02:49:48+00:00\",\"mainEntityOfPage\":{\"@id\":\"https:\\\/\\\/www.eldiariodetucuman.com\\\/web\\\/la-camioneta-en-la-que-viajaba-juan-manuel-urtubey-fue-baleada-mientras-hacia-campana-en-salta\\\/\"},\"wordCount\":484,\"publisher\":{\"@id\":\"https:\\\/\\\/www.eldiariodetucuman.com\\\/web\\\/#organization\"},\"image\":{\"@id\":\"https:\\\/\\\/www.eldiariodetucuman.com\\\/web\\\/la-camioneta-en-la-que-viajaba-juan-manuel-urtubey-fue-baleada-mientras-hacia-campana-en-salta\\\/#primaryimage\"},\"thumbnailUrl\":\"https:\\\/\\\/www.eldiariodetucuman.com\\\/web\\\/wp-content\\\/uploads\\\/2025\\\/10\\\/el-gobernador-de-salta-juan-manuel-urtubey-en-3SE7MY4PLZCBXJIUY32YRJKJHY.jpg\",\"articleSection\":[\"Politica\"],\"inLanguage\":\"es\"},{\"@type\":\"WebPage\",\"@id\":\"https:\\\/\\\/www.eldiariodetucuman.com\\\/web\\\/la-camioneta-en-la-que-viajaba-juan-manuel-urtubey-fue-baleada-mientras-hacia-campana-en-salta\\\/\",\"url\":\"https:\\\/\\\/www.eldiariodetucuman.com\\\/web\\\/la-camioneta-en-la-que-viajaba-juan-manuel-urtubey-fue-baleada-mientras-hacia-campana-en-salta\\\/\",\"name\":\"La camioneta en la que viajaba Juan Manuel Urtubey fue baleada mientras hac\u00eda campa\u00f1a en Salta - El Diario de Tucuman\",\"isPartOf\":{\"@id\":\"https:\\\/\\\/www.eldiariodetucuman.com\\\/web\\\/#website\"},\"primaryImageOfPage\":{\"@id\":\"https:\\\/\\\/www.eldiariodetucuman.com\\\/web\\\/la-camioneta-en-la-que-viajaba-juan-manuel-urtubey-fue-baleada-mientras-hacia-campana-en-salta\\\/#primaryimage\"},\"image\":{\"@id\":\"https:\\\/\\\/www.eldiariodetucuman.com\\\/web\\\/la-camioneta-en-la-que-viajaba-juan-manuel-urtubey-fue-baleada-mientras-hacia-campana-en-salta\\\/#primaryimage\"},\"thumbnailUrl\":\"https:\\\/\\\/www.eldiariodetucuman.com\\\/web\\\/wp-content\\\/uploads\\\/2025\\\/10\\\/el-gobernador-de-salta-juan-manuel-urtubey-en-3SE7MY4PLZCBXJIUY32YRJKJHY.jpg\",\"datePublished\":\"2025-10-17T02:49:46+00:00\",\"dateModified\":\"2025-10-17T02:49:48+00:00\",\"breadcrumb\":{\"@id\":\"https:\\\/\\\/www.eldiariodetucuman.com\\\/web\\\/la-camioneta-en-la-que-viajaba-juan-manuel-urtubey-fue-baleada-mientras-hacia-campana-en-salta\\\/#breadcrumb\"},\"inLanguage\":\"es\",\"potentialAction\":[{\"@type\":\"ReadAction\",\"target\":[\"https:\\\/\\\/www.eldiariodetucuman.com\\\/web\\\/la-camioneta-en-la-que-viajaba-juan-manuel-urtubey-fue-baleada-mientras-hacia-campana-en-salta\\\/\"]}]},{\"@type\":\"ImageObject\",\"inLanguage\":\"es\",\"@id\":\"https:\\\/\\\/www.eldiariodetucuman.com\\\/web\\\/la-camioneta-en-la-que-viajaba-juan-manuel-urtubey-fue-baleada-mientras-hacia-campana-en-salta\\\/#primaryimage\",\"url\":\"https:\\\/\\\/www.eldiariodetucuman.com\\\/web\\\/wp-content\\\/uploads\\\/2025\\\/10\\\/el-gobernador-de-salta-juan-manuel-urtubey-en-3SE7MY4PLZCBXJIUY32YRJKJHY.jpg\",\"contentUrl\":\"https:\\\/\\\/www.eldiariodetucuman.com\\\/web\\\/wp-content\\\/uploads\\\/2025\\\/10\\\/el-gobernador-de-salta-juan-manuel-urtubey-en-3SE7MY4PLZCBXJIUY32YRJKJHY.jpg\",\"width\":1200,\"height\":800},{\"@type\":\"BreadcrumbList\",\"@id\":\"https:\\\/\\\/www.eldiariodetucuman.com\\\/web\\\/la-camioneta-en-la-que-viajaba-juan-manuel-urtubey-fue-baleada-mientras-hacia-campana-en-salta\\\/#breadcrumb\",\"itemListElement\":[{\"@type\":\"ListItem\",\"position\":1,\"name\":\"Portada\",\"item\":\"https:\\\/\\\/www.eldiariodetucuman.com\\\/web\\\/\"},{\"@type\":\"ListItem\",\"position\":2,\"name\":\"La camioneta en la que viajaba Juan Manuel Urtubey fue baleada mientras hac\u00eda campa\u00f1a en Salta\"}]},{\"@type\":\"WebSite\",\"@id\":\"https:\\\/\\\/www.eldiariodetucuman.com\\\/web\\\/#website\",\"url\":\"https:\\\/\\\/www.eldiariodetucuman.com\\\/web\\\/\",\"name\":\"El Diario de Tucuman\",\"description\":\"Diario Tucuman - Informaci\u00f3n y noticias\",\"publisher\":{\"@id\":\"https:\\\/\\\/www.eldiariodetucuman.com\\\/web\\\/#organization\"},\"potentialAction\":[{\"@type\":\"SearchAction\",\"target\":{\"@type\":\"EntryPoint\",\"urlTemplate\":\"https:\\\/\\\/www.eldiariodetucuman.com\\\/web\\\/?s={search_term_string}\"},\"query-input\":{\"@type\":\"PropertyValueSpecification\",\"valueRequired\":true,\"valueName\":\"search_term_string\"}}],\"inLanguage\":\"es\"},{\"@type\":\"Organization\",\"@id\":\"https:\\\/\\\/www.eldiariodetucuman.com\\\/web\\\/#organization\",\"name\":\"El Diario de Tucuman\",\"url\":\"https:\\\/\\\/www.eldiariodetucuman.com\\\/web\\\/\",\"logo\":{\"@type\":\"ImageObject\",\"inLanguage\":\"es\",\"@id\":\"https:\\\/\\\/www.eldiariodetucuman.com\\\/web\\\/#\\\/schema\\\/logo\\\/image\\\/\",\"url\":\"http:\\\/\\\/www.eldiariodetucuman.com\\\/web\\\/wp-content\\\/uploads\\\/2017\\\/12\\\/el-diario-de-tucuman.jpg\",\"contentUrl\":\"http:\\\/\\\/www.eldiariodetucuman.com\\\/web\\\/wp-content\\\/uploads\\\/2017\\\/12\\\/el-diario-de-tucuman.jpg\",\"width\":272,\"height\":92,\"caption\":\"El Diario de Tucuman\"},\"image\":{\"@id\":\"https:\\\/\\\/www.eldiariodetucuman.com\\\/web\\\/#\\\/schema\\\/logo\\\/image\\\/\"}},{\"@type\":\"Person\",\"@id\":\"https:\\\/\\\/www.eldiariodetucuman.com\\\/web\\\/#\\\/schema\\\/person\\\/7e6644a46e60888f6b868594407e08dd\",\"name\":\"Redactor Uno\",\"image\":{\"@type\":\"ImageObject\",\"inLanguage\":\"es\",\"@id\":\"https:\\\/\\\/secure.gravatar.com\\\/avatar\\\/0049b1bdf1bd548385c9ea6b9356431717930913089febd2ba904f0187d7d074?s=96&d=mm&r=g\",\"url\":\"https:\\\/\\\/secure.gravatar.com\\\/avatar\\\/0049b1bdf1bd548385c9ea6b9356431717930913089febd2ba904f0187d7d074?s=96&d=mm&r=g\",\"contentUrl\":\"https:\\\/\\\/secure.gravatar.com\\\/avatar\\\/0049b1bdf1bd548385c9ea6b9356431717930913089febd2ba904f0187d7d074?s=96&d=mm&r=g\",\"caption\":\"Redactor Uno\"},\"url\":\"https:\\\/\\\/www.eldiariodetucuman.com\\\/web\\\/author\\\/mramasco\\\/\"}]}<\/script>\n<!-- \/ Yoast SEO plugin. -->","yoast_head_json":{"title":"La camioneta en la que viajaba Juan Manuel Urtubey fue baleada mientras hac\u00eda campa\u00f1a en Salta - El Diario de Tucuman","robots":{"index":"index","follow":"follow","max-snippet":"max-snippet:-1","max-image-preview":"max-image-preview:large","max-video-preview":"max-video-preview:-1"},"canonical":"https:\/\/www.eldiariodetucuman.com\/web\/la-camioneta-en-la-que-viajaba-juan-manuel-urtubey-fue-baleada-mientras-hacia-campana-en-salta\/","og_locale":"es_ES","og_type":"article","og_title":"La camioneta en la que viajaba Juan Manuel Urtubey fue baleada mientras hac\u00eda campa\u00f1a en Salta - El Diario de Tucuman","og_description":"La camioneta en la que viajaba el exgobernador de Salta Juan Manuel Urtubey fue baleada este mi\u00e9rcoles por la ma\u00f1ana mientras circulaba por la ruta provincial 5. Dentro del veh\u00edculo se encontraban otras tres personas adem\u00e1s del candidato a senador nacional y, tras el ataque, el chofer radic\u00f3 una denuncia en la Comisar\u00eda 101 de [&hellip;]","og_url":"https:\/\/www.eldiariodetucuman.com\/web\/la-camioneta-en-la-que-viajaba-juan-manuel-urtubey-fue-baleada-mientras-hacia-campana-en-salta\/","og_site_name":"El Diario de Tucuman","article_published_time":"2025-10-17T02:49:46+00:00","article_modified_time":"2025-10-17T02:49:48+00:00","og_image":[{"width":1200,"height":800,"url":"https:\/\/www.eldiariodetucuman.com\/web\/wp-content\/uploads\/2025\/10\/el-gobernador-de-salta-juan-manuel-urtubey-en-3SE7MY4PLZCBXJIUY32YRJKJHY.jpg","type":"image\/jpeg"}],"author":"Redactor Uno","twitter_card":"summary_large_image","twitter_misc":{"Escrito por":"Redactor Uno","Tiempo de lectura":"2 minutos"},"schema":{"@context":"https:\/\/schema.org","@graph":[{"@type":"Article","@id":"https:\/\/www.eldiariodetucuman.com\/web\/la-camioneta-en-la-que-viajaba-juan-manuel-urtubey-fue-baleada-mientras-hacia-campana-en-salta\/#article","isPartOf":{"@id":"https:\/\/www.eldiariodetucuman.com\/web\/la-camioneta-en-la-que-viajaba-juan-manuel-urtubey-fue-baleada-mientras-hacia-campana-en-salta\/"},"author":{"name":"Redactor Uno","@id":"https:\/\/www.eldiariodetucuman.com\/web\/#\/schema\/person\/7e6644a46e60888f6b868594407e08dd"},"headline":"La camioneta en la que viajaba Juan Manuel Urtubey fue baleada mientras hac\u00eda campa\u00f1a en Salta","datePublished":"2025-10-17T02:49:46+00:00","dateModified":"2025-10-17T02:49:48+00:00","mainEntityOfPage":{"@id":"https:\/\/www.eldiariodetucuman.com\/web\/la-camioneta-en-la-que-viajaba-juan-manuel-urtubey-fue-baleada-mientras-hacia-campana-en-salta\/"},"wordCount":484,"publisher":{"@id":"https:\/\/www.eldiariodetucuman.com\/web\/#organization"},"image":{"@id":"https:\/\/www.eldiariodetucuman.com\/web\/la-camioneta-en-la-que-viajaba-juan-manuel-urtubey-fue-baleada-mientras-hacia-campana-en-salta\/#primaryimage"},"thumbnailUrl":"https:\/\/www.eldiariodetucuman.com\/web\/wp-content\/uploads\/2025\/10\/el-gobernador-de-salta-juan-manuel-urtubey-en-3SE7MY4PLZCBXJIUY32YRJKJHY.jpg","articleSection":["Politica"],"inLanguage":"es"},{"@type":"WebPage","@id":"https:\/\/www.eldiariodetucuman.com\/web\/la-camioneta-en-la-que-viajaba-juan-manuel-urtubey-fue-baleada-mientras-hacia-campana-en-salta\/","url":"https:\/\/www.eldiariodetucuman.com\/web\/la-camioneta-en-la-que-viajaba-juan-manuel-urtubey-fue-baleada-mientras-hacia-campana-en-salta\/","name":"La camioneta en la que viajaba Juan Manuel Urtubey fue baleada mientras hac\u00eda campa\u00f1a en Salta - El Diario de Tucuman","isPartOf":{"@id":"https:\/\/www.eldiariodetucuman.com\/web\/#website"},"primaryImageOfPage":{"@id":"https:\/\/www.eldiariodetucuman.com\/web\/la-camioneta-en-la-que-viajaba-juan-manuel-urtubey-fue-baleada-mientras-hacia-campana-en-salta\/#primaryimage"},"image":{"@id":"https:\/\/www.eldiariodetucuman.com\/web\/la-camioneta-en-la-que-viajaba-juan-manuel-urtubey-fue-baleada-mientras-hacia-campana-en-salta\/#primaryimage"},"thumbnailUrl":"https:\/\/www.eldiariodetucuman.com\/web\/wp-content\/uploads\/2025\/10\/el-gobernador-de-salta-juan-manuel-urtubey-en-3SE7MY4PLZCBXJIUY32YRJKJHY.jpg","datePublished":"2025-10-17T02:49:46+00:00","dateModified":"2025-10-17T02:49:48+00:00","breadcrumb":{"@id":"https:\/\/www.eldiariodetucuman.com\/web\/la-camioneta-en-la-que-viajaba-juan-manuel-urtubey-fue-baleada-mientras-hacia-campana-en-salta\/#breadcrumb"},"inLanguage":"es","potentialAction":[{"@type":"ReadAction","target":["https:\/\/www.eldiariodetucuman.com\/web\/la-camioneta-en-la-que-viajaba-juan-manuel-urtubey-fue-baleada-mientras-hacia-campana-en-salta\/"]}]},{"@type":"ImageObject","inLanguage":"es","@id":"https:\/\/www.eldiariodetucuman.com\/web\/la-camioneta-en-la-que-viajaba-juan-manuel-urtubey-fue-baleada-mientras-hacia-campana-en-salta\/#primaryimage","url":"https:\/\/www.eldiariodetucuman.com\/web\/wp-content\/uploads\/2025\/10\/el-gobernador-de-salta-juan-manuel-urtubey-en-3SE7MY4PLZCBXJIUY32YRJKJHY.jpg","contentUrl":"https:\/\/www.eldiariodetucuman.com\/web\/wp-content\/uploads\/2025\/10\/el-gobernador-de-salta-juan-manuel-urtubey-en-3SE7MY4PLZCBXJIUY32YRJKJHY.jpg","width":1200,"height":800},{"@type":"BreadcrumbList","@id":"https:\/\/www.eldiariodetucuman.com\/web\/la-camioneta-en-la-que-viajaba-juan-manuel-urtubey-fue-baleada-mientras-hacia-campana-en-salta\/#breadcrumb","itemListElement":[{"@type":"ListItem","position":1,"name":"Portada","item":"https:\/\/www.eldiariodetucuman.com\/web\/"},{"@type":"ListItem","position":2,"name":"La camioneta en la que viajaba Juan Manuel Urtubey fue baleada mientras hac\u00eda campa\u00f1a en Salta"}]},{"@type":"WebSite","@id":"https:\/\/www.eldiariodetucuman.com\/web\/#website","url":"https:\/\/www.eldiariodetucuman.com\/web\/","name":"El Diario de Tucuman","description":"Diario Tucuman - Informaci\u00f3n y noticias","publisher":{"@id":"https:\/\/www.eldiariodetucuman.com\/web\/#organization"},"potentialAction":[{"@type":"SearchAction","target":{"@type":"EntryPoint","urlTemplate":"https:\/\/www.eldiariodetucuman.com\/web\/?s={search_term_string}"},"query-input":{"@type":"PropertyValueSpecification","valueRequired":true,"valueName":"search_term_string"}}],"inLanguage":"es"},{"@type":"Organization","@id":"https:\/\/www.eldiariodetucuman.com\/web\/#organization","name":"El Diario de Tucuman","url":"https:\/\/www.eldiariodetucuman.com\/web\/","logo":{"@type":"ImageObject","inLanguage":"es","@id":"https:\/\/www.eldiariodetucuman.com\/web\/#\/schema\/logo\/image\/","url":"http:\/\/www.eldiariodetucuman.com\/web\/wp-content\/uploads\/2017\/12\/el-diario-de-tucuman.jpg","contentUrl":"http:\/\/www.eldiariodetucuman.com\/web\/wp-content\/uploads\/2017\/12\/el-diario-de-tucuman.jpg","width":272,"height":92,"caption":"El Diario de Tucuman"},"image":{"@id":"https:\/\/www.eldiariodetucuman.com\/web\/#\/schema\/logo\/image\/"}},{"@type":"Person","@id":"https:\/\/www.eldiariodetucuman.com\/web\/#\/schema\/person\/7e6644a46e60888f6b868594407e08dd","name":"Redactor Uno","image":{"@type":"ImageObject","inLanguage":"es","@id":"https:\/\/secure.gravatar.com\/avatar\/0049b1bdf1bd548385c9ea6b9356431717930913089febd2ba904f0187d7d074?s=96&d=mm&r=g","url":"https:\/\/secure.gravatar.com\/avatar\/0049b1bdf1bd548385c9ea6b9356431717930913089febd2ba904f0187d7d074?s=96&d=mm&r=g","contentUrl":"https:\/\/secure.gravatar.com\/avatar\/0049b1bdf1bd548385c9ea6b9356431717930913089febd2ba904f0187d7d074?s=96&d=mm&r=g","caption":"Redactor Uno"},"url":"https:\/\/www.eldiariodetucuman.com\/web\/author\/mramasco\/"}]}},"_links":{"self":[{"href":"https:\/\/www.eldiariodetucuman.com\/web\/wp-json\/wp\/v2\/posts\/45951","targetHints":{"allow":["GET"]}}],"collection":[{"href":"https:\/\/www.eldiariodetucuman.com\/web\/wp-json\/wp\/v2\/posts"}],"about":[{"href":"https:\/\/www.eldiariodetucuman.com\/web\/wp-json\/wp\/v2\/types\/post"}],"author":[{"embeddable":true,"href":"https:\/\/www.eldiariodetucuman.com\/web\/wp-json\/wp\/v2\/users\/5"}],"replies":[{"embeddable":true,"href":"https:\/\/www.eldiariodetucuman.com\/web\/wp-json\/wp\/v2\/comments?post=45951"}],"version-history":[{"count":1,"href":"https:\/\/www.eldiariodetucuman.com\/web\/wp-json\/wp\/v2\/posts\/45951\/revisions"}],"predecessor-version":[{"id":45953,"href":"https:\/\/www.eldiariodetucuman.com\/web\/wp-json\/wp\/v2\/posts\/45951\/revisions\/45953"}],"wp:featuredmedia":[{"embeddable":true,"href":"https:\/\/www.eldiariodetucuman.com\/web\/wp-json\/wp\/v2\/media\/45952"}],"wp:attachment":[{"href":"https:\/\/www.eldiariodetucuman.com\/web\/wp-json\/wp\/v2\/media?parent=45951"}],"wp:term":[{"taxonomy":"category","embeddable":true,"href":"https:\/\/www.eldiariodetucuman.com\/web\/wp-json\/wp\/v2\/categories?post=45951"},{"taxonomy":"post_tag","embeddable":true,"href":"https:\/\/www.eldiariodetucuman.com\/web\/wp-json\/wp\/v2\/tags?post=45951"}],"curies":[{"name":"wp","href":"https:\/\/api.w.org\/{rel}","templated":true}]}}