{"id":45949,"date":"2025-10-16T18:24:52","date_gmt":"2025-10-16T21:24:52","guid":{"rendered":"https:\/\/www.eldiariodetucuman.com\/web\/el-gobierno-de-tucuman-se-pone-al-frente-de-un-trabajo-multisectorial-con-ongs-y-empresas\/"},"modified":"2025-10-16T18:24:52","modified_gmt":"2025-10-16T21:24:52","slug":"el-gobierno-de-tucuman-se-pone-al-frente-de-un-trabajo-multisectorial-con-ongs-y-empresas","status":"publish","type":"post","link":"https:\/\/www.eldiariodetucuman.com\/web\/el-gobierno-de-tucuman-se-pone-al-frente-de-un-trabajo-multisectorial-con-ongs-y-empresas\/","title":{"rendered":"El Gobierno de Tucum\u00e1n se pone al frente de un trabajo multisectorial con ONGs y empresas"},"content":{"rendered":"<p><\/p>\n<p id=\"isPasted\">El Gobierno de Tucum\u00e1n, a trav\u00e9s del vicegobernador a cargo del Poder Ejecutivo, <strong>Miguel Acevedo,<\/strong> encabez\u00f3 una reuni\u00f3n en la Federaci\u00f3n Econ\u00f3mica de Tucum\u00e1n (FET) con el objetivo de avanzar en un plan integral para reducir la siniestralidad vial en la provincia. Durante la reuni\u00f3n se abordaron estrategias para enfrentar la problem\u00e1tica con un enfoque multisectorial que involucre a organismos del Estado, empresas privadas y la sociedad civil.<\/p>\n<p>El encuentro cont\u00f3 con la presencia de los ministros <strong>Regino Amado, <\/strong>Gobierno y Justicia;<strong> Luis Medina Ruiz, <\/strong>Salud P\u00fablica; y <strong>Eugenio Ag\u00fcero Gamboa,<\/strong> Seguridad; del secretario de Transporte y Seguridad Vial, <strong>Vicente Nicastro; <\/strong>el secretario de Gesti\u00f3n P\u00fablica Planeamiento, <strong>Javier Morof;<\/strong> y los legisladores <strong>Tulio Caponio<\/strong>, presidente de la comisi\u00f3n de Transporte, y<strong> Eduardo Ver\u00f3n Guerra.<\/strong> Tambi\u00e9n participaron<strong> Francisco De Rosa,<\/strong> de la Fundaci\u00f3n META Tucum\u00e1n,<strong> Mat\u00edas Mathuk<\/strong>, de la empresa Yumahk, y un gran n\u00famero de representantes de diversas instituciones del sector privado y la sociedad civil.<\/p>\n<p>\u201cFelizmente hoy se reunieron el Poder Ejecutivo, el Legislativo, organizaciones intermedias y empresarios para encarar una problem\u00e1tica que nos preocupa a todos: la seguridad vial. En Tucum\u00e1n muchas veces no respetamos nuestras normas y eso en materia de seguridad vial tiene consecuencias graves, tanto humanas como econ\u00f3micas\u201d, sostuvo el vicegobernador.\u00a0<\/p>\n<p>Acevedo enfatiz\u00f3 que la seguridad vial no es un tema exclusivo del Estado o de la empresa privada, sino \u00abde todos\u00bb: \u201cPor eso vamos a trabajar de manera coordinada entre todos los sectores para mejorar las condiciones y adecuar las leyes que sean necesarias desde la Legislatura. Este encuentro demuestra que cuando el Estado, los empresarios y las organizaciones civiles se sientan en una misma mesa, se pueden alcanzar resultados concretos. La seguridad vial debe ser una pol\u00edtica de Estado, no de un sector en particular. Todos tenemos responsabilidad: desde quien conduce un veh\u00edculo hasta quienes dise\u00f1amos y ejecutamos las pol\u00edticas p\u00fablicas\u201d.<\/p>\n<p>El ministro de Gobierno y Justicia, <strong>Regino Amado,<\/strong> destac\u00f3 la importancia del trabajo conjunto: \u201cEsta es la segunda reuni\u00f3n que realizamos con la participaci\u00f3n de todos los sectores. En Tucum\u00e1n fallece una persona por d\u00eda en siniestros viales, por eso necesitamos estad\u00edsticas precisas y acciones coordinadas entre salud, seguridad, educaci\u00f3n y transporte\u201d.<\/p>\n<p>El ministro indic\u00f3 que la articulaci\u00f3n incluye al Poder Judicial, la sociedad civil y las \u00e1reas de gobierno m\u00e1s afectadas. \u201cCada accidente no solo implica una tragedia humana sino tambi\u00e9n un fuerte impacto econ\u00f3mico para el Estado. Si trabajamos todos juntos, como pide el gobernador Osvaldo Jaldo, vamos a lograr reducir esos \u00edndices y salvar vidas\u201d, remarc\u00f3.\u00a0<\/p>\n<p>Por su parte, el ministro de Seguridad<strong>, Eugenio Ag\u00fcero Gamboa<\/strong>, celebr\u00f3 la conformaci\u00f3n del espacio multisectorial: \u201cLa siniestralidad vial produce cada a\u00f1o muchas v\u00edctimas fatales y deja personas con discapacidades. Ninguno estamos exentos, por eso es fundamental escucharnos entre todos y construir soluciones colectivas. Cuando todos somos parte, el compromiso es real\u201d.<\/p>\n<p>El funcionario subray\u00f3 que \u201cesta pol\u00edtica del Gobierno provincial busca integrar al Estado con la sociedad civil y las instituciones privadas para trabajar en equipo en favor de la vida y la seguridad de los tucumanos\u201d.<\/p>\n<p>Por \u00faltimo, el presidente de la Fundaci\u00f3n META Tucum\u00e1n,<strong> Francisco De Rosa,<\/strong> explic\u00f3 que el encuentro forma parte del proceso de conformaci\u00f3n de un Consejo Provincial de Seguridad Vial p\u00fablico-privado, un espacio multisectorial inspirado en modelos de gesti\u00f3n exitosos como el de Medell\u00edn. \u201cBuscamos que el Estado, el sector privado, las universidades y las organizaciones civiles trabajen juntos para enfrentar una problem\u00e1tica que nos golpea a todos: los siniestros viales y la enorme cantidad de muertes que provocan cada a\u00f1o\u201d, expres\u00f3.<\/p>\n<p>De Rosa subray\u00f3, adem\u00e1s, que este tipo de articulaciones permite acercar la gesti\u00f3n p\u00fablica a la ciudadan\u00eda, rompiendo barreras entre la pol\u00edtica y la sociedad civil. \u201cCuando una ONG participa, se convierte en un puente entre la gente y los funcionarios; y a la vez, facilita al Estado llegar al territorio y conocer mejor las realidades locales\u201d, explic\u00f3. Finalmente, sostuvo que abordar la seguridad vial es tambi\u00e9n una forma de promover ciudadan\u00eda, porque \u201cen el tr\u00e1nsito se pone en juego el respeto a la norma y al otro, valores esenciales para construir una convivencia m\u00e1s responsable y solidaria\u201d.<\/p>\n<\/p>\n<p>Fuente: <a href=\"https:\/\/www.comunicaciontucuman.gob.ar\/noticia\/gobernacion\/237529\/gobierno-tucuman-se-pone-al-frente-trabajo-multisectorial-ongs-empresas\"> Fuente de la nota <\/a><\/p>\n","protected":false},"excerpt":{"rendered":"<p>El Gobierno de Tucum\u00e1n, a trav\u00e9s del vicegobernador a cargo del Poder Ejecutivo, Miguel Acevedo, encabez\u00f3 una reuni\u00f3n en la Federaci\u00f3n Econ\u00f3mica de Tucum\u00e1n (FET) con el objetivo de avanzar en un plan integral para reducir la siniestralidad vial en la provincia. Durante la reuni\u00f3n se abordaron estrategias para enfrentar la problem\u00e1tica con un enfoque [&hellip;]<\/p>\n","protected":false},"author":1,"featured_media":45950,"comment_status":"closed","ping_status":"open","sticky":false,"template":"","format":"standard","meta":{"footnotes":""},"categories":[3],"tags":[],"class_list":{"0":"post-45949","1":"post","2":"type-post","3":"status-publish","4":"format-standard","5":"has-post-thumbnail","7":"category-politica"},"yoast_head":"<!-- This site is optimized with the Yoast SEO plugin v27.5 - https:\/\/yoast.com\/product\/yoast-seo-wordpress\/ -->\n<title>El Gobierno de Tucum\u00e1n se pone al frente de un trabajo multisectorial con ONGs y empresas - El Diario de Tucuman<\/title>\n<meta name=\"robots\" content=\"index, follow, max-snippet:-1, max-image-preview:large, max-video-preview:-1\" \/>\n<link rel=\"canonical\" href=\"https:\/\/www.eldiariodetucuman.com\/web\/el-gobierno-de-tucuman-se-pone-al-frente-de-un-trabajo-multisectorial-con-ongs-y-empresas\/\" \/>\n<meta property=\"og:locale\" content=\"es_ES\" \/>\n<meta property=\"og:type\" content=\"article\" \/>\n<meta property=\"og:title\" content=\"El Gobierno de Tucum\u00e1n se pone al frente de un trabajo multisectorial con ONGs y empresas - El Diario de Tucuman\" \/>\n<meta property=\"og:description\" content=\"El Gobierno de Tucum\u00e1n, a trav\u00e9s del vicegobernador a cargo del Poder Ejecutivo, Miguel Acevedo, encabez\u00f3 una reuni\u00f3n en la Federaci\u00f3n Econ\u00f3mica de Tucum\u00e1n (FET) con el objetivo de avanzar en un plan integral para reducir la siniestralidad vial en la provincia. Durante la reuni\u00f3n se abordaron estrategias para enfrentar la problem\u00e1tica con un enfoque [&hellip;]\" \/>\n<meta property=\"og:url\" content=\"https:\/\/www.eldiariodetucuman.com\/web\/el-gobierno-de-tucuman-se-pone-al-frente-de-un-trabajo-multisectorial-con-ongs-y-empresas\/\" \/>\n<meta property=\"og:site_name\" content=\"El Diario de Tucuman\" \/>\n<meta property=\"article:published_time\" content=\"2025-10-16T21:24:52+00:00\" \/>\n<meta name=\"author\" content=\"admin\" \/>\n<meta name=\"twitter:card\" content=\"summary_large_image\" \/>\n<meta name=\"twitter:label1\" content=\"Escrito por\" \/>\n\t<meta name=\"twitter:data1\" content=\"admin\" \/>\n\t<meta name=\"twitter:label2\" content=\"Tiempo de lectura\" \/>\n\t<meta name=\"twitter:data2\" content=\"4 minutos\" \/>\n<script type=\"application\/ld+json\" class=\"yoast-schema-graph\">{\"@context\":\"https:\\\/\\\/schema.org\",\"@graph\":[{\"@type\":\"Article\",\"@id\":\"https:\\\/\\\/www.eldiariodetucuman.com\\\/web\\\/el-gobierno-de-tucuman-se-pone-al-frente-de-un-trabajo-multisectorial-con-ongs-y-empresas\\\/#article\",\"isPartOf\":{\"@id\":\"https:\\\/\\\/www.eldiariodetucuman.com\\\/web\\\/el-gobierno-de-tucuman-se-pone-al-frente-de-un-trabajo-multisectorial-con-ongs-y-empresas\\\/\"},\"author\":{\"name\":\"admin\",\"@id\":\"https:\\\/\\\/www.eldiariodetucuman.com\\\/web\\\/#\\\/schema\\\/person\\\/9250197d75ab5483412e19678b121caa\"},\"headline\":\"El Gobierno de Tucum\u00e1n se pone al frente de un trabajo multisectorial con ONGs y empresas\",\"datePublished\":\"2025-10-16T21:24:52+00:00\",\"mainEntityOfPage\":{\"@id\":\"https:\\\/\\\/www.eldiariodetucuman.com\\\/web\\\/el-gobierno-de-tucuman-se-pone-al-frente-de-un-trabajo-multisectorial-con-ongs-y-empresas\\\/\"},\"wordCount\":765,\"publisher\":{\"@id\":\"https:\\\/\\\/www.eldiariodetucuman.com\\\/web\\\/#organization\"},\"image\":{\"@id\":\"https:\\\/\\\/www.eldiariodetucuman.com\\\/web\\\/el-gobierno-de-tucuman-se-pone-al-frente-de-un-trabajo-multisectorial-con-ongs-y-empresas\\\/#primaryimage\"},\"thumbnailUrl\":\"https:\\\/\\\/www.eldiariodetucuman.com\\\/web\\\/wp-content\\\/uploads\\\/2025\\\/10\\\/El-Gobierno-de-Tucuman-se-pone-al-frente-de-un.jpeg\",\"articleSection\":[\"Politica\"],\"inLanguage\":\"es\"},{\"@type\":\"WebPage\",\"@id\":\"https:\\\/\\\/www.eldiariodetucuman.com\\\/web\\\/el-gobierno-de-tucuman-se-pone-al-frente-de-un-trabajo-multisectorial-con-ongs-y-empresas\\\/\",\"url\":\"https:\\\/\\\/www.eldiariodetucuman.com\\\/web\\\/el-gobierno-de-tucuman-se-pone-al-frente-de-un-trabajo-multisectorial-con-ongs-y-empresas\\\/\",\"name\":\"El Gobierno de Tucum\u00e1n se pone al frente de un trabajo multisectorial con ONGs y empresas - El Diario de Tucuman\",\"isPartOf\":{\"@id\":\"https:\\\/\\\/www.eldiariodetucuman.com\\\/web\\\/#website\"},\"primaryImageOfPage\":{\"@id\":\"https:\\\/\\\/www.eldiariodetucuman.com\\\/web\\\/el-gobierno-de-tucuman-se-pone-al-frente-de-un-trabajo-multisectorial-con-ongs-y-empresas\\\/#primaryimage\"},\"image\":{\"@id\":\"https:\\\/\\\/www.eldiariodetucuman.com\\\/web\\\/el-gobierno-de-tucuman-se-pone-al-frente-de-un-trabajo-multisectorial-con-ongs-y-empresas\\\/#primaryimage\"},\"thumbnailUrl\":\"https:\\\/\\\/www.eldiariodetucuman.com\\\/web\\\/wp-content\\\/uploads\\\/2025\\\/10\\\/El-Gobierno-de-Tucuman-se-pone-al-frente-de-un.jpeg\",\"datePublished\":\"2025-10-16T21:24:52+00:00\",\"breadcrumb\":{\"@id\":\"https:\\\/\\\/www.eldiariodetucuman.com\\\/web\\\/el-gobierno-de-tucuman-se-pone-al-frente-de-un-trabajo-multisectorial-con-ongs-y-empresas\\\/#breadcrumb\"},\"inLanguage\":\"es\",\"potentialAction\":[{\"@type\":\"ReadAction\",\"target\":[\"https:\\\/\\\/www.eldiariodetucuman.com\\\/web\\\/el-gobierno-de-tucuman-se-pone-al-frente-de-un-trabajo-multisectorial-con-ongs-y-empresas\\\/\"]}]},{\"@type\":\"ImageObject\",\"inLanguage\":\"es\",\"@id\":\"https:\\\/\\\/www.eldiariodetucuman.com\\\/web\\\/el-gobierno-de-tucuman-se-pone-al-frente-de-un-trabajo-multisectorial-con-ongs-y-empresas\\\/#primaryimage\",\"url\":\"https:\\\/\\\/www.eldiariodetucuman.com\\\/web\\\/wp-content\\\/uploads\\\/2025\\\/10\\\/El-Gobierno-de-Tucuman-se-pone-al-frente-de-un.jpeg\",\"contentUrl\":\"https:\\\/\\\/www.eldiariodetucuman.com\\\/web\\\/wp-content\\\/uploads\\\/2025\\\/10\\\/El-Gobierno-de-Tucuman-se-pone-al-frente-de-un.jpeg\",\"width\":818,\"height\":460},{\"@type\":\"BreadcrumbList\",\"@id\":\"https:\\\/\\\/www.eldiariodetucuman.com\\\/web\\\/el-gobierno-de-tucuman-se-pone-al-frente-de-un-trabajo-multisectorial-con-ongs-y-empresas\\\/#breadcrumb\",\"itemListElement\":[{\"@type\":\"ListItem\",\"position\":1,\"name\":\"Portada\",\"item\":\"https:\\\/\\\/www.eldiariodetucuman.com\\\/web\\\/\"},{\"@type\":\"ListItem\",\"position\":2,\"name\":\"El Gobierno de Tucum\u00e1n se pone al frente de un trabajo multisectorial con ONGs y empresas\"}]},{\"@type\":\"WebSite\",\"@id\":\"https:\\\/\\\/www.eldiariodetucuman.com\\\/web\\\/#website\",\"url\":\"https:\\\/\\\/www.eldiariodetucuman.com\\\/web\\\/\",\"name\":\"El Diario de Tucuman\",\"description\":\"Diario Tucuman - Informaci\u00f3n y noticias\",\"publisher\":{\"@id\":\"https:\\\/\\\/www.eldiariodetucuman.com\\\/web\\\/#organization\"},\"potentialAction\":[{\"@type\":\"SearchAction\",\"target\":{\"@type\":\"EntryPoint\",\"urlTemplate\":\"https:\\\/\\\/www.eldiariodetucuman.com\\\/web\\\/?s={search_term_string}\"},\"query-input\":{\"@type\":\"PropertyValueSpecification\",\"valueRequired\":true,\"valueName\":\"search_term_string\"}}],\"inLanguage\":\"es\"},{\"@type\":\"Organization\",\"@id\":\"https:\\\/\\\/www.eldiariodetucuman.com\\\/web\\\/#organization\",\"name\":\"El Diario de Tucuman\",\"url\":\"https:\\\/\\\/www.eldiariodetucuman.com\\\/web\\\/\",\"logo\":{\"@type\":\"ImageObject\",\"inLanguage\":\"es\",\"@id\":\"https:\\\/\\\/www.eldiariodetucuman.com\\\/web\\\/#\\\/schema\\\/logo\\\/image\\\/\",\"url\":\"http:\\\/\\\/www.eldiariodetucuman.com\\\/web\\\/wp-content\\\/uploads\\\/2017\\\/12\\\/el-diario-de-tucuman.jpg\",\"contentUrl\":\"http:\\\/\\\/www.eldiariodetucuman.com\\\/web\\\/wp-content\\\/uploads\\\/2017\\\/12\\\/el-diario-de-tucuman.jpg\",\"width\":272,\"height\":92,\"caption\":\"El Diario de Tucuman\"},\"image\":{\"@id\":\"https:\\\/\\\/www.eldiariodetucuman.com\\\/web\\\/#\\\/schema\\\/logo\\\/image\\\/\"}},{\"@type\":\"Person\",\"@id\":\"https:\\\/\\\/www.eldiariodetucuman.com\\\/web\\\/#\\\/schema\\\/person\\\/9250197d75ab5483412e19678b121caa\",\"name\":\"admin\",\"image\":{\"@type\":\"ImageObject\",\"inLanguage\":\"es\",\"@id\":\"https:\\\/\\\/secure.gravatar.com\\\/avatar\\\/c44d117c2be811212c22cb481f6b8384b6873de103fbc49e7a03cc58d7dea4ac?s=96&d=mm&r=g\",\"url\":\"https:\\\/\\\/secure.gravatar.com\\\/avatar\\\/c44d117c2be811212c22cb481f6b8384b6873de103fbc49e7a03cc58d7dea4ac?s=96&d=mm&r=g\",\"contentUrl\":\"https:\\\/\\\/secure.gravatar.com\\\/avatar\\\/c44d117c2be811212c22cb481f6b8384b6873de103fbc49e7a03cc58d7dea4ac?s=96&d=mm&r=g\",\"caption\":\"admin\"},\"url\":\"https:\\\/\\\/www.eldiariodetucuman.com\\\/web\\\/author\\\/admin\\\/\"}]}<\/script>\n<!-- \/ Yoast SEO plugin. -->","yoast_head_json":{"title":"El Gobierno de Tucum\u00e1n se pone al frente de un trabajo multisectorial con ONGs y empresas - El Diario de Tucuman","robots":{"index":"index","follow":"follow","max-snippet":"max-snippet:-1","max-image-preview":"max-image-preview:large","max-video-preview":"max-video-preview:-1"},"canonical":"https:\/\/www.eldiariodetucuman.com\/web\/el-gobierno-de-tucuman-se-pone-al-frente-de-un-trabajo-multisectorial-con-ongs-y-empresas\/","og_locale":"es_ES","og_type":"article","og_title":"El Gobierno de Tucum\u00e1n se pone al frente de un trabajo multisectorial con ONGs y empresas - El Diario de Tucuman","og_description":"El Gobierno de Tucum\u00e1n, a trav\u00e9s del vicegobernador a cargo del Poder Ejecutivo, Miguel Acevedo, encabez\u00f3 una reuni\u00f3n en la Federaci\u00f3n Econ\u00f3mica de Tucum\u00e1n (FET) con el objetivo de avanzar en un plan integral para reducir la siniestralidad vial en la provincia. Durante la reuni\u00f3n se abordaron estrategias para enfrentar la problem\u00e1tica con un enfoque [&hellip;]","og_url":"https:\/\/www.eldiariodetucuman.com\/web\/el-gobierno-de-tucuman-se-pone-al-frente-de-un-trabajo-multisectorial-con-ongs-y-empresas\/","og_site_name":"El Diario de Tucuman","article_published_time":"2025-10-16T21:24:52+00:00","author":"admin","twitter_card":"summary_large_image","twitter_misc":{"Escrito por":"admin","Tiempo de lectura":"4 minutos"},"schema":{"@context":"https:\/\/schema.org","@graph":[{"@type":"Article","@id":"https:\/\/www.eldiariodetucuman.com\/web\/el-gobierno-de-tucuman-se-pone-al-frente-de-un-trabajo-multisectorial-con-ongs-y-empresas\/#article","isPartOf":{"@id":"https:\/\/www.eldiariodetucuman.com\/web\/el-gobierno-de-tucuman-se-pone-al-frente-de-un-trabajo-multisectorial-con-ongs-y-empresas\/"},"author":{"name":"admin","@id":"https:\/\/www.eldiariodetucuman.com\/web\/#\/schema\/person\/9250197d75ab5483412e19678b121caa"},"headline":"El Gobierno de Tucum\u00e1n se pone al frente de un trabajo multisectorial con ONGs y empresas","datePublished":"2025-10-16T21:24:52+00:00","mainEntityOfPage":{"@id":"https:\/\/www.eldiariodetucuman.com\/web\/el-gobierno-de-tucuman-se-pone-al-frente-de-un-trabajo-multisectorial-con-ongs-y-empresas\/"},"wordCount":765,"publisher":{"@id":"https:\/\/www.eldiariodetucuman.com\/web\/#organization"},"image":{"@id":"https:\/\/www.eldiariodetucuman.com\/web\/el-gobierno-de-tucuman-se-pone-al-frente-de-un-trabajo-multisectorial-con-ongs-y-empresas\/#primaryimage"},"thumbnailUrl":"https:\/\/www.eldiariodetucuman.com\/web\/wp-content\/uploads\/2025\/10\/El-Gobierno-de-Tucuman-se-pone-al-frente-de-un.jpeg","articleSection":["Politica"],"inLanguage":"es"},{"@type":"WebPage","@id":"https:\/\/www.eldiariodetucuman.com\/web\/el-gobierno-de-tucuman-se-pone-al-frente-de-un-trabajo-multisectorial-con-ongs-y-empresas\/","url":"https:\/\/www.eldiariodetucuman.com\/web\/el-gobierno-de-tucuman-se-pone-al-frente-de-un-trabajo-multisectorial-con-ongs-y-empresas\/","name":"El Gobierno de Tucum\u00e1n se pone al frente de un trabajo multisectorial con ONGs y empresas - El Diario de Tucuman","isPartOf":{"@id":"https:\/\/www.eldiariodetucuman.com\/web\/#website"},"primaryImageOfPage":{"@id":"https:\/\/www.eldiariodetucuman.com\/web\/el-gobierno-de-tucuman-se-pone-al-frente-de-un-trabajo-multisectorial-con-ongs-y-empresas\/#primaryimage"},"image":{"@id":"https:\/\/www.eldiariodetucuman.com\/web\/el-gobierno-de-tucuman-se-pone-al-frente-de-un-trabajo-multisectorial-con-ongs-y-empresas\/#primaryimage"},"thumbnailUrl":"https:\/\/www.eldiariodetucuman.com\/web\/wp-content\/uploads\/2025\/10\/El-Gobierno-de-Tucuman-se-pone-al-frente-de-un.jpeg","datePublished":"2025-10-16T21:24:52+00:00","breadcrumb":{"@id":"https:\/\/www.eldiariodetucuman.com\/web\/el-gobierno-de-tucuman-se-pone-al-frente-de-un-trabajo-multisectorial-con-ongs-y-empresas\/#breadcrumb"},"inLanguage":"es","potentialAction":[{"@type":"ReadAction","target":["https:\/\/www.eldiariodetucuman.com\/web\/el-gobierno-de-tucuman-se-pone-al-frente-de-un-trabajo-multisectorial-con-ongs-y-empresas\/"]}]},{"@type":"ImageObject","inLanguage":"es","@id":"https:\/\/www.eldiariodetucuman.com\/web\/el-gobierno-de-tucuman-se-pone-al-frente-de-un-trabajo-multisectorial-con-ongs-y-empresas\/#primaryimage","url":"https:\/\/www.eldiariodetucuman.com\/web\/wp-content\/uploads\/2025\/10\/El-Gobierno-de-Tucuman-se-pone-al-frente-de-un.jpeg","contentUrl":"https:\/\/www.eldiariodetucuman.com\/web\/wp-content\/uploads\/2025\/10\/El-Gobierno-de-Tucuman-se-pone-al-frente-de-un.jpeg","width":818,"height":460},{"@type":"BreadcrumbList","@id":"https:\/\/www.eldiariodetucuman.com\/web\/el-gobierno-de-tucuman-se-pone-al-frente-de-un-trabajo-multisectorial-con-ongs-y-empresas\/#breadcrumb","itemListElement":[{"@type":"ListItem","position":1,"name":"Portada","item":"https:\/\/www.eldiariodetucuman.com\/web\/"},{"@type":"ListItem","position":2,"name":"El Gobierno de Tucum\u00e1n se pone al frente de un trabajo multisectorial con ONGs y empresas"}]},{"@type":"WebSite","@id":"https:\/\/www.eldiariodetucuman.com\/web\/#website","url":"https:\/\/www.eldiariodetucuman.com\/web\/","name":"El Diario de Tucuman","description":"Diario Tucuman - Informaci\u00f3n y noticias","publisher":{"@id":"https:\/\/www.eldiariodetucuman.com\/web\/#organization"},"potentialAction":[{"@type":"SearchAction","target":{"@type":"EntryPoint","urlTemplate":"https:\/\/www.eldiariodetucuman.com\/web\/?s={search_term_string}"},"query-input":{"@type":"PropertyValueSpecification","valueRequired":true,"valueName":"search_term_string"}}],"inLanguage":"es"},{"@type":"Organization","@id":"https:\/\/www.eldiariodetucuman.com\/web\/#organization","name":"El Diario de Tucuman","url":"https:\/\/www.eldiariodetucuman.com\/web\/","logo":{"@type":"ImageObject","inLanguage":"es","@id":"https:\/\/www.eldiariodetucuman.com\/web\/#\/schema\/logo\/image\/","url":"http:\/\/www.eldiariodetucuman.com\/web\/wp-content\/uploads\/2017\/12\/el-diario-de-tucuman.jpg","contentUrl":"http:\/\/www.eldiariodetucuman.com\/web\/wp-content\/uploads\/2017\/12\/el-diario-de-tucuman.jpg","width":272,"height":92,"caption":"El Diario de Tucuman"},"image":{"@id":"https:\/\/www.eldiariodetucuman.com\/web\/#\/schema\/logo\/image\/"}},{"@type":"Person","@id":"https:\/\/www.eldiariodetucuman.com\/web\/#\/schema\/person\/9250197d75ab5483412e19678b121caa","name":"admin","image":{"@type":"ImageObject","inLanguage":"es","@id":"https:\/\/secure.gravatar.com\/avatar\/c44d117c2be811212c22cb481f6b8384b6873de103fbc49e7a03cc58d7dea4ac?s=96&d=mm&r=g","url":"https:\/\/secure.gravatar.com\/avatar\/c44d117c2be811212c22cb481f6b8384b6873de103fbc49e7a03cc58d7dea4ac?s=96&d=mm&r=g","contentUrl":"https:\/\/secure.gravatar.com\/avatar\/c44d117c2be811212c22cb481f6b8384b6873de103fbc49e7a03cc58d7dea4ac?s=96&d=mm&r=g","caption":"admin"},"url":"https:\/\/www.eldiariodetucuman.com\/web\/author\/admin\/"}]}},"_links":{"self":[{"href":"https:\/\/www.eldiariodetucuman.com\/web\/wp-json\/wp\/v2\/posts\/45949","targetHints":{"allow":["GET"]}}],"collection":[{"href":"https:\/\/www.eldiariodetucuman.com\/web\/wp-json\/wp\/v2\/posts"}],"about":[{"href":"https:\/\/www.eldiariodetucuman.com\/web\/wp-json\/wp\/v2\/types\/post"}],"author":[{"embeddable":true,"href":"https:\/\/www.eldiariodetucuman.com\/web\/wp-json\/wp\/v2\/users\/1"}],"replies":[{"embeddable":true,"href":"https:\/\/www.eldiariodetucuman.com\/web\/wp-json\/wp\/v2\/comments?post=45949"}],"version-history":[{"count":0,"href":"https:\/\/www.eldiariodetucuman.com\/web\/wp-json\/wp\/v2\/posts\/45949\/revisions"}],"wp:featuredmedia":[{"embeddable":true,"href":"https:\/\/www.eldiariodetucuman.com\/web\/wp-json\/wp\/v2\/media\/45950"}],"wp:attachment":[{"href":"https:\/\/www.eldiariodetucuman.com\/web\/wp-json\/wp\/v2\/media?parent=45949"}],"wp:term":[{"taxonomy":"category","embeddable":true,"href":"https:\/\/www.eldiariodetucuman.com\/web\/wp-json\/wp\/v2\/categories?post=45949"},{"taxonomy":"post_tag","embeddable":true,"href":"https:\/\/www.eldiariodetucuman.com\/web\/wp-json\/wp\/v2\/tags?post=45949"}],"curies":[{"name":"wp","href":"https:\/\/api.w.org\/{rel}","templated":true}]}}