{"id":45947,"date":"2025-10-16T18:18:57","date_gmt":"2025-10-16T21:18:57","guid":{"rendered":"https:\/\/www.eldiariodetucuman.com\/web\/el-plantel-de-san-lorenzo-analiza-una-huelga-por-conflicto-salarial\/"},"modified":"2025-10-16T18:18:57","modified_gmt":"2025-10-16T21:18:57","slug":"el-plantel-de-san-lorenzo-analiza-una-huelga-por-conflicto-salarial","status":"publish","type":"post","link":"https:\/\/www.eldiariodetucuman.com\/web\/el-plantel-de-san-lorenzo-analiza-una-huelga-por-conflicto-salarial\/","title":{"rendered":"El plantel de San Lorenzo analiza una huelga por conflicto salarial"},"content":{"rendered":"<p>  <\/p>\n<p>La situaci\u00f3n preocupa especialmente a los futbolistas m\u00e1s j\u00f3venes, quienes dependen en gran medida de sus ingresos mensuales y son los m\u00e1s perjudicados por la demora en los pagos. El cuerpo t\u00e9cnico encabezado por Dami\u00e1n Ayude intenta contener el \u00e1nimo del grupo, pero el malestar crece a medida que los d\u00edas pasan sin se\u00f1ales concretas de soluci\u00f3n.<\/p>\n<p>En ese contexto, los referentes del equipo barajan la posibilidad de repetir una medida similar a la tomada meses atr\u00e1s, cuando bajo la conducci\u00f3n de Miguel \u00c1ngel Russo y con Iker Muniain como portavoz, el plantel se neg\u00f3 a entrenar hasta que la dirigencia saldara parte de los salarios adeudados.<\/p>\n<p>En aquel episodio, ocurrido antes del cruce de playoffs frente a Argentinos Juniors, la presi\u00f3n de los jugadores dio resultado: en cuesti\u00f3n de horas, se liber\u00f3 un pago parcial que permiti\u00f3 destrabar el conflicto. Sin embargo, la historia parece volver a repetirse, esta vez en un contexto todav\u00eda m\u00e1s delicado. El enojo del grupo se agrava no solo por la falta de respuestas econ\u00f3micas, sino tambi\u00e9n por la ruptura total en la comunicaci\u00f3n con la c\u00fapula dirigencial.<\/p>\n<p><strong>La tajante decisi\u00f3n del plantel de San Lorenzo respecto a su relaci\u00f3n con Marcelo Moretti<\/strong><\/p>\n<p> De acuerdo con lo publicado por el sitio San Lorenzo Primero, el plantel decidi\u00f3 cortar todo v\u00ednculo con el presidente Marcelo Moretti y el resto de la comisi\u00f3n directiva. La relaci\u00f3n, aseguran, es nula. Los futbolistas incluso solicitaron entrenar en horarios diferentes a los de las reuniones institucionales para evitar cualquier tipo de contacto con los directivos.<\/p>\n<p>Mientras tanto, Moretti, que en los \u00faltimos d\u00edas ratific\u00f3 que no renunciar\u00e1 pese a las protestas masivas de los socios, estar\u00eda planeando viajar a Tucum\u00e1n para acompa\u00f1ar al equipo en su pr\u00f3ximo compromiso frente a Atl\u00e9tico, aunque sin compartir la delegaci\u00f3n. Esa presencia podr\u00eda aumentar la tensi\u00f3n, en un momento en el que el vestuario prefiere mantener distancia total con la conducci\u00f3n.<\/p>\n<p>La medida de fuerza, en caso de concretarse, no solo expondr\u00eda la cr\u00edtica situaci\u00f3n econ\u00f3mica del club, sino tambi\u00e9n el quiebre interno que atraviesan. La incertidumbre es total: sin certezas sobre los pagos, con juveniles angustiados por su situaci\u00f3n y con un presidente cuestionado por su propio plantel, el Cicl\u00f3n vive una de las crisis m\u00e1s profundas de su historia reciente.<\/p>\n<p>Fuente: <a href=\"https:\/\/www.lv12.com.ar\/san-lorenzo\/el-plantel-san-lorenzo-analiza-una-huelga-conflicto-salarial-n187434\"> Fuente de la nota <\/a><\/p>\n","protected":false},"excerpt":{"rendered":"<p>La situaci\u00f3n preocupa especialmente a los futbolistas m\u00e1s j\u00f3venes, quienes dependen en gran medida de sus ingresos mensuales y son los m\u00e1s perjudicados por la demora en los pagos. El cuerpo t\u00e9cnico encabezado por Dami\u00e1n Ayude intenta contener el \u00e1nimo del grupo, pero el malestar crece a medida que los d\u00edas pasan sin se\u00f1ales concretas [&hellip;]<\/p>\n","protected":false},"author":1,"featured_media":45948,"comment_status":"closed","ping_status":"open","sticky":false,"template":"","format":"standard","meta":{"footnotes":""},"categories":[6],"tags":[],"class_list":{"0":"post-45947","1":"post","2":"type-post","3":"status-publish","4":"format-standard","5":"has-post-thumbnail","7":"category-deporte"},"yoast_head":"<!-- This site is optimized with the Yoast SEO plugin v27.5 - https:\/\/yoast.com\/product\/yoast-seo-wordpress\/ -->\n<title>El plantel de San Lorenzo analiza una huelga por conflicto salarial - El Diario de Tucuman<\/title>\n<meta name=\"robots\" content=\"index, follow, max-snippet:-1, max-image-preview:large, max-video-preview:-1\" \/>\n<link rel=\"canonical\" href=\"https:\/\/www.eldiariodetucuman.com\/web\/el-plantel-de-san-lorenzo-analiza-una-huelga-por-conflicto-salarial\/\" \/>\n<meta property=\"og:locale\" content=\"es_ES\" \/>\n<meta property=\"og:type\" content=\"article\" \/>\n<meta property=\"og:title\" content=\"El plantel de San Lorenzo analiza una huelga por conflicto salarial - El Diario de Tucuman\" \/>\n<meta property=\"og:description\" content=\"La situaci\u00f3n preocupa especialmente a los futbolistas m\u00e1s j\u00f3venes, quienes dependen en gran medida de sus ingresos mensuales y son los m\u00e1s perjudicados por la demora en los pagos. El cuerpo t\u00e9cnico encabezado por Dami\u00e1n Ayude intenta contener el \u00e1nimo del grupo, pero el malestar crece a medida que los d\u00edas pasan sin se\u00f1ales concretas [&hellip;]\" \/>\n<meta property=\"og:url\" content=\"https:\/\/www.eldiariodetucuman.com\/web\/el-plantel-de-san-lorenzo-analiza-una-huelga-por-conflicto-salarial\/\" \/>\n<meta property=\"og:site_name\" content=\"El Diario de Tucuman\" \/>\n<meta property=\"article:published_time\" content=\"2025-10-16T21:18:57+00:00\" \/>\n<meta name=\"author\" content=\"admin\" \/>\n<meta name=\"twitter:card\" content=\"summary_large_image\" \/>\n<meta name=\"twitter:label1\" content=\"Escrito por\" \/>\n\t<meta name=\"twitter:data1\" content=\"admin\" \/>\n\t<meta name=\"twitter:label2\" content=\"Tiempo de lectura\" \/>\n\t<meta name=\"twitter:data2\" content=\"2 minutos\" \/>\n<script type=\"application\/ld+json\" class=\"yoast-schema-graph\">{\"@context\":\"https:\\\/\\\/schema.org\",\"@graph\":[{\"@type\":\"Article\",\"@id\":\"https:\\\/\\\/www.eldiariodetucuman.com\\\/web\\\/el-plantel-de-san-lorenzo-analiza-una-huelga-por-conflicto-salarial\\\/#article\",\"isPartOf\":{\"@id\":\"https:\\\/\\\/www.eldiariodetucuman.com\\\/web\\\/el-plantel-de-san-lorenzo-analiza-una-huelga-por-conflicto-salarial\\\/\"},\"author\":{\"name\":\"admin\",\"@id\":\"https:\\\/\\\/www.eldiariodetucuman.com\\\/web\\\/#\\\/schema\\\/person\\\/9250197d75ab5483412e19678b121caa\"},\"headline\":\"El plantel de San Lorenzo analiza una huelga por conflicto salarial\",\"datePublished\":\"2025-10-16T21:18:57+00:00\",\"mainEntityOfPage\":{\"@id\":\"https:\\\/\\\/www.eldiariodetucuman.com\\\/web\\\/el-plantel-de-san-lorenzo-analiza-una-huelga-por-conflicto-salarial\\\/\"},\"wordCount\":437,\"publisher\":{\"@id\":\"https:\\\/\\\/www.eldiariodetucuman.com\\\/web\\\/#organization\"},\"image\":{\"@id\":\"https:\\\/\\\/www.eldiariodetucuman.com\\\/web\\\/el-plantel-de-san-lorenzo-analiza-una-huelga-por-conflicto-salarial\\\/#primaryimage\"},\"thumbnailUrl\":\"https:\\\/\\\/www.eldiariodetucuman.com\\\/web\\\/wp-content\\\/uploads\\\/2025\\\/10\\\/El-plantel-de-San-Lorenzo-analiza-una-huelga-por-conflicto.jpg\",\"articleSection\":[\"Deporte\"],\"inLanguage\":\"es\"},{\"@type\":\"WebPage\",\"@id\":\"https:\\\/\\\/www.eldiariodetucuman.com\\\/web\\\/el-plantel-de-san-lorenzo-analiza-una-huelga-por-conflicto-salarial\\\/\",\"url\":\"https:\\\/\\\/www.eldiariodetucuman.com\\\/web\\\/el-plantel-de-san-lorenzo-analiza-una-huelga-por-conflicto-salarial\\\/\",\"name\":\"El plantel de San Lorenzo analiza una huelga por conflicto salarial - El Diario de Tucuman\",\"isPartOf\":{\"@id\":\"https:\\\/\\\/www.eldiariodetucuman.com\\\/web\\\/#website\"},\"primaryImageOfPage\":{\"@id\":\"https:\\\/\\\/www.eldiariodetucuman.com\\\/web\\\/el-plantel-de-san-lorenzo-analiza-una-huelga-por-conflicto-salarial\\\/#primaryimage\"},\"image\":{\"@id\":\"https:\\\/\\\/www.eldiariodetucuman.com\\\/web\\\/el-plantel-de-san-lorenzo-analiza-una-huelga-por-conflicto-salarial\\\/#primaryimage\"},\"thumbnailUrl\":\"https:\\\/\\\/www.eldiariodetucuman.com\\\/web\\\/wp-content\\\/uploads\\\/2025\\\/10\\\/El-plantel-de-San-Lorenzo-analiza-una-huelga-por-conflicto.jpg\",\"datePublished\":\"2025-10-16T21:18:57+00:00\",\"breadcrumb\":{\"@id\":\"https:\\\/\\\/www.eldiariodetucuman.com\\\/web\\\/el-plantel-de-san-lorenzo-analiza-una-huelga-por-conflicto-salarial\\\/#breadcrumb\"},\"inLanguage\":\"es\",\"potentialAction\":[{\"@type\":\"ReadAction\",\"target\":[\"https:\\\/\\\/www.eldiariodetucuman.com\\\/web\\\/el-plantel-de-san-lorenzo-analiza-una-huelga-por-conflicto-salarial\\\/\"]}]},{\"@type\":\"ImageObject\",\"inLanguage\":\"es\",\"@id\":\"https:\\\/\\\/www.eldiariodetucuman.com\\\/web\\\/el-plantel-de-san-lorenzo-analiza-una-huelga-por-conflicto-salarial\\\/#primaryimage\",\"url\":\"https:\\\/\\\/www.eldiariodetucuman.com\\\/web\\\/wp-content\\\/uploads\\\/2025\\\/10\\\/El-plantel-de-San-Lorenzo-analiza-una-huelga-por-conflicto.jpg\",\"contentUrl\":\"https:\\\/\\\/www.eldiariodetucuman.com\\\/web\\\/wp-content\\\/uploads\\\/2025\\\/10\\\/El-plantel-de-San-Lorenzo-analiza-una-huelga-por-conflicto.jpg\",\"width\":1200,\"height\":675},{\"@type\":\"BreadcrumbList\",\"@id\":\"https:\\\/\\\/www.eldiariodetucuman.com\\\/web\\\/el-plantel-de-san-lorenzo-analiza-una-huelga-por-conflicto-salarial\\\/#breadcrumb\",\"itemListElement\":[{\"@type\":\"ListItem\",\"position\":1,\"name\":\"Portada\",\"item\":\"https:\\\/\\\/www.eldiariodetucuman.com\\\/web\\\/\"},{\"@type\":\"ListItem\",\"position\":2,\"name\":\"El plantel de San Lorenzo analiza una huelga por conflicto salarial\"}]},{\"@type\":\"WebSite\",\"@id\":\"https:\\\/\\\/www.eldiariodetucuman.com\\\/web\\\/#website\",\"url\":\"https:\\\/\\\/www.eldiariodetucuman.com\\\/web\\\/\",\"name\":\"El Diario de Tucuman\",\"description\":\"Diario Tucuman - Informaci\u00f3n y noticias\",\"publisher\":{\"@id\":\"https:\\\/\\\/www.eldiariodetucuman.com\\\/web\\\/#organization\"},\"potentialAction\":[{\"@type\":\"SearchAction\",\"target\":{\"@type\":\"EntryPoint\",\"urlTemplate\":\"https:\\\/\\\/www.eldiariodetucuman.com\\\/web\\\/?s={search_term_string}\"},\"query-input\":{\"@type\":\"PropertyValueSpecification\",\"valueRequired\":true,\"valueName\":\"search_term_string\"}}],\"inLanguage\":\"es\"},{\"@type\":\"Organization\",\"@id\":\"https:\\\/\\\/www.eldiariodetucuman.com\\\/web\\\/#organization\",\"name\":\"El Diario de Tucuman\",\"url\":\"https:\\\/\\\/www.eldiariodetucuman.com\\\/web\\\/\",\"logo\":{\"@type\":\"ImageObject\",\"inLanguage\":\"es\",\"@id\":\"https:\\\/\\\/www.eldiariodetucuman.com\\\/web\\\/#\\\/schema\\\/logo\\\/image\\\/\",\"url\":\"http:\\\/\\\/www.eldiariodetucuman.com\\\/web\\\/wp-content\\\/uploads\\\/2017\\\/12\\\/el-diario-de-tucuman.jpg\",\"contentUrl\":\"http:\\\/\\\/www.eldiariodetucuman.com\\\/web\\\/wp-content\\\/uploads\\\/2017\\\/12\\\/el-diario-de-tucuman.jpg\",\"width\":272,\"height\":92,\"caption\":\"El Diario de Tucuman\"},\"image\":{\"@id\":\"https:\\\/\\\/www.eldiariodetucuman.com\\\/web\\\/#\\\/schema\\\/logo\\\/image\\\/\"}},{\"@type\":\"Person\",\"@id\":\"https:\\\/\\\/www.eldiariodetucuman.com\\\/web\\\/#\\\/schema\\\/person\\\/9250197d75ab5483412e19678b121caa\",\"name\":\"admin\",\"image\":{\"@type\":\"ImageObject\",\"inLanguage\":\"es\",\"@id\":\"https:\\\/\\\/secure.gravatar.com\\\/avatar\\\/c44d117c2be811212c22cb481f6b8384b6873de103fbc49e7a03cc58d7dea4ac?s=96&d=mm&r=g\",\"url\":\"https:\\\/\\\/secure.gravatar.com\\\/avatar\\\/c44d117c2be811212c22cb481f6b8384b6873de103fbc49e7a03cc58d7dea4ac?s=96&d=mm&r=g\",\"contentUrl\":\"https:\\\/\\\/secure.gravatar.com\\\/avatar\\\/c44d117c2be811212c22cb481f6b8384b6873de103fbc49e7a03cc58d7dea4ac?s=96&d=mm&r=g\",\"caption\":\"admin\"},\"url\":\"https:\\\/\\\/www.eldiariodetucuman.com\\\/web\\\/author\\\/admin\\\/\"}]}<\/script>\n<!-- \/ Yoast SEO plugin. -->","yoast_head_json":{"title":"El plantel de San Lorenzo analiza una huelga por conflicto salarial - El Diario de Tucuman","robots":{"index":"index","follow":"follow","max-snippet":"max-snippet:-1","max-image-preview":"max-image-preview:large","max-video-preview":"max-video-preview:-1"},"canonical":"https:\/\/www.eldiariodetucuman.com\/web\/el-plantel-de-san-lorenzo-analiza-una-huelga-por-conflicto-salarial\/","og_locale":"es_ES","og_type":"article","og_title":"El plantel de San Lorenzo analiza una huelga por conflicto salarial - El Diario de Tucuman","og_description":"La situaci\u00f3n preocupa especialmente a los futbolistas m\u00e1s j\u00f3venes, quienes dependen en gran medida de sus ingresos mensuales y son los m\u00e1s perjudicados por la demora en los pagos. El cuerpo t\u00e9cnico encabezado por Dami\u00e1n Ayude intenta contener el \u00e1nimo del grupo, pero el malestar crece a medida que los d\u00edas pasan sin se\u00f1ales concretas [&hellip;]","og_url":"https:\/\/www.eldiariodetucuman.com\/web\/el-plantel-de-san-lorenzo-analiza-una-huelga-por-conflicto-salarial\/","og_site_name":"El Diario de Tucuman","article_published_time":"2025-10-16T21:18:57+00:00","author":"admin","twitter_card":"summary_large_image","twitter_misc":{"Escrito por":"admin","Tiempo de lectura":"2 minutos"},"schema":{"@context":"https:\/\/schema.org","@graph":[{"@type":"Article","@id":"https:\/\/www.eldiariodetucuman.com\/web\/el-plantel-de-san-lorenzo-analiza-una-huelga-por-conflicto-salarial\/#article","isPartOf":{"@id":"https:\/\/www.eldiariodetucuman.com\/web\/el-plantel-de-san-lorenzo-analiza-una-huelga-por-conflicto-salarial\/"},"author":{"name":"admin","@id":"https:\/\/www.eldiariodetucuman.com\/web\/#\/schema\/person\/9250197d75ab5483412e19678b121caa"},"headline":"El plantel de San Lorenzo analiza una huelga por conflicto salarial","datePublished":"2025-10-16T21:18:57+00:00","mainEntityOfPage":{"@id":"https:\/\/www.eldiariodetucuman.com\/web\/el-plantel-de-san-lorenzo-analiza-una-huelga-por-conflicto-salarial\/"},"wordCount":437,"publisher":{"@id":"https:\/\/www.eldiariodetucuman.com\/web\/#organization"},"image":{"@id":"https:\/\/www.eldiariodetucuman.com\/web\/el-plantel-de-san-lorenzo-analiza-una-huelga-por-conflicto-salarial\/#primaryimage"},"thumbnailUrl":"https:\/\/www.eldiariodetucuman.com\/web\/wp-content\/uploads\/2025\/10\/El-plantel-de-San-Lorenzo-analiza-una-huelga-por-conflicto.jpg","articleSection":["Deporte"],"inLanguage":"es"},{"@type":"WebPage","@id":"https:\/\/www.eldiariodetucuman.com\/web\/el-plantel-de-san-lorenzo-analiza-una-huelga-por-conflicto-salarial\/","url":"https:\/\/www.eldiariodetucuman.com\/web\/el-plantel-de-san-lorenzo-analiza-una-huelga-por-conflicto-salarial\/","name":"El plantel de San Lorenzo analiza una huelga por conflicto salarial - El Diario de Tucuman","isPartOf":{"@id":"https:\/\/www.eldiariodetucuman.com\/web\/#website"},"primaryImageOfPage":{"@id":"https:\/\/www.eldiariodetucuman.com\/web\/el-plantel-de-san-lorenzo-analiza-una-huelga-por-conflicto-salarial\/#primaryimage"},"image":{"@id":"https:\/\/www.eldiariodetucuman.com\/web\/el-plantel-de-san-lorenzo-analiza-una-huelga-por-conflicto-salarial\/#primaryimage"},"thumbnailUrl":"https:\/\/www.eldiariodetucuman.com\/web\/wp-content\/uploads\/2025\/10\/El-plantel-de-San-Lorenzo-analiza-una-huelga-por-conflicto.jpg","datePublished":"2025-10-16T21:18:57+00:00","breadcrumb":{"@id":"https:\/\/www.eldiariodetucuman.com\/web\/el-plantel-de-san-lorenzo-analiza-una-huelga-por-conflicto-salarial\/#breadcrumb"},"inLanguage":"es","potentialAction":[{"@type":"ReadAction","target":["https:\/\/www.eldiariodetucuman.com\/web\/el-plantel-de-san-lorenzo-analiza-una-huelga-por-conflicto-salarial\/"]}]},{"@type":"ImageObject","inLanguage":"es","@id":"https:\/\/www.eldiariodetucuman.com\/web\/el-plantel-de-san-lorenzo-analiza-una-huelga-por-conflicto-salarial\/#primaryimage","url":"https:\/\/www.eldiariodetucuman.com\/web\/wp-content\/uploads\/2025\/10\/El-plantel-de-San-Lorenzo-analiza-una-huelga-por-conflicto.jpg","contentUrl":"https:\/\/www.eldiariodetucuman.com\/web\/wp-content\/uploads\/2025\/10\/El-plantel-de-San-Lorenzo-analiza-una-huelga-por-conflicto.jpg","width":1200,"height":675},{"@type":"BreadcrumbList","@id":"https:\/\/www.eldiariodetucuman.com\/web\/el-plantel-de-san-lorenzo-analiza-una-huelga-por-conflicto-salarial\/#breadcrumb","itemListElement":[{"@type":"ListItem","position":1,"name":"Portada","item":"https:\/\/www.eldiariodetucuman.com\/web\/"},{"@type":"ListItem","position":2,"name":"El plantel de San Lorenzo analiza una huelga por conflicto salarial"}]},{"@type":"WebSite","@id":"https:\/\/www.eldiariodetucuman.com\/web\/#website","url":"https:\/\/www.eldiariodetucuman.com\/web\/","name":"El Diario de Tucuman","description":"Diario Tucuman - Informaci\u00f3n y noticias","publisher":{"@id":"https:\/\/www.eldiariodetucuman.com\/web\/#organization"},"potentialAction":[{"@type":"SearchAction","target":{"@type":"EntryPoint","urlTemplate":"https:\/\/www.eldiariodetucuman.com\/web\/?s={search_term_string}"},"query-input":{"@type":"PropertyValueSpecification","valueRequired":true,"valueName":"search_term_string"}}],"inLanguage":"es"},{"@type":"Organization","@id":"https:\/\/www.eldiariodetucuman.com\/web\/#organization","name":"El Diario de Tucuman","url":"https:\/\/www.eldiariodetucuman.com\/web\/","logo":{"@type":"ImageObject","inLanguage":"es","@id":"https:\/\/www.eldiariodetucuman.com\/web\/#\/schema\/logo\/image\/","url":"http:\/\/www.eldiariodetucuman.com\/web\/wp-content\/uploads\/2017\/12\/el-diario-de-tucuman.jpg","contentUrl":"http:\/\/www.eldiariodetucuman.com\/web\/wp-content\/uploads\/2017\/12\/el-diario-de-tucuman.jpg","width":272,"height":92,"caption":"El Diario de Tucuman"},"image":{"@id":"https:\/\/www.eldiariodetucuman.com\/web\/#\/schema\/logo\/image\/"}},{"@type":"Person","@id":"https:\/\/www.eldiariodetucuman.com\/web\/#\/schema\/person\/9250197d75ab5483412e19678b121caa","name":"admin","image":{"@type":"ImageObject","inLanguage":"es","@id":"https:\/\/secure.gravatar.com\/avatar\/c44d117c2be811212c22cb481f6b8384b6873de103fbc49e7a03cc58d7dea4ac?s=96&d=mm&r=g","url":"https:\/\/secure.gravatar.com\/avatar\/c44d117c2be811212c22cb481f6b8384b6873de103fbc49e7a03cc58d7dea4ac?s=96&d=mm&r=g","contentUrl":"https:\/\/secure.gravatar.com\/avatar\/c44d117c2be811212c22cb481f6b8384b6873de103fbc49e7a03cc58d7dea4ac?s=96&d=mm&r=g","caption":"admin"},"url":"https:\/\/www.eldiariodetucuman.com\/web\/author\/admin\/"}]}},"_links":{"self":[{"href":"https:\/\/www.eldiariodetucuman.com\/web\/wp-json\/wp\/v2\/posts\/45947","targetHints":{"allow":["GET"]}}],"collection":[{"href":"https:\/\/www.eldiariodetucuman.com\/web\/wp-json\/wp\/v2\/posts"}],"about":[{"href":"https:\/\/www.eldiariodetucuman.com\/web\/wp-json\/wp\/v2\/types\/post"}],"author":[{"embeddable":true,"href":"https:\/\/www.eldiariodetucuman.com\/web\/wp-json\/wp\/v2\/users\/1"}],"replies":[{"embeddable":true,"href":"https:\/\/www.eldiariodetucuman.com\/web\/wp-json\/wp\/v2\/comments?post=45947"}],"version-history":[{"count":0,"href":"https:\/\/www.eldiariodetucuman.com\/web\/wp-json\/wp\/v2\/posts\/45947\/revisions"}],"wp:featuredmedia":[{"embeddable":true,"href":"https:\/\/www.eldiariodetucuman.com\/web\/wp-json\/wp\/v2\/media\/45948"}],"wp:attachment":[{"href":"https:\/\/www.eldiariodetucuman.com\/web\/wp-json\/wp\/v2\/media?parent=45947"}],"wp:term":[{"taxonomy":"category","embeddable":true,"href":"https:\/\/www.eldiariodetucuman.com\/web\/wp-json\/wp\/v2\/categories?post=45947"},{"taxonomy":"post_tag","embeddable":true,"href":"https:\/\/www.eldiariodetucuman.com\/web\/wp-json\/wp\/v2\/tags?post=45947"}],"curies":[{"name":"wp","href":"https:\/\/api.w.org\/{rel}","templated":true}]}}