{"id":45943,"date":"2025-10-15T23:47:26","date_gmt":"2025-10-16T02:47:26","guid":{"rendered":"https:\/\/www.eldiariodetucuman.com\/web\/el-analisis-de-longobardi-sobre-la-politica-internacional-y-el-paralelismo-entre-milei-y-trump-los-dos-inundan-la-zona\/"},"modified":"2025-10-15T23:47:30","modified_gmt":"2025-10-16T02:47:30","slug":"el-analisis-de-longobardi-sobre-la-politica-internacional-y-el-paralelismo-entre-milei-y-trump-los-dos-inundan-la-zona","status":"publish","type":"post","link":"https:\/\/www.eldiariodetucuman.com\/web\/el-analisis-de-longobardi-sobre-la-politica-internacional-y-el-paralelismo-entre-milei-y-trump-los-dos-inundan-la-zona\/","title":{"rendered":"El an\u00e1lisis de Longobardi sobre la pol\u00edtica internacional y el paralelismo entre Milei y Trump: \u201cLos dos inundan la zona\u201d"},"content":{"rendered":"<p><\/p>\n<p class=\"com-paragraph  --capital --s\">Tras la reuni\u00f3n entre <strong>Javier Milei<\/strong> y <strong>Donald Trump<\/strong> en la Casa Blanca, despu\u00e9s del respaldo econ\u00f3mico del gobierno norteamericano y el acuerdo del swap, el periodista <strong>Marcelo Longobardi analiz\u00f3 la pol\u00edtica internacional que lleva adelante el presidente estadounidense<\/strong> y<strong> traz\u00f3 un paralelismo con su par argentino<\/strong>. Destac\u00f3 que ambos utilizan la estrategia de \u201cinundar la zona\u201d, son \u201cmesi\u00e1nicos\u201d y adhieren a teor\u00edas conspirativas.<\/p>\n<p class=\"com-paragraph   --s\">El concepto de \u201c<strong>inundar la zona<\/strong>\u201d fue formulado por el asesor Antoni Guti\u00e9rrez Rub\u00ed, quien trabaj\u00f3 en la comunicaci\u00f3n de Sergio Massa y Propuesta Republicana (Pro), entre otros, y refiere a una estrategia de, ante cualquier imprevisto desfavorable, <strong>generar caos con otros temas para desviar la atenci\u00f3n.<\/strong><\/p>\n<p class=\"com-paragraph   --s\">En este sentido, Longobardi se\u00f1al\u00f3, en di\u00e1logo con Joaqu\u00edn Morales Sol\u00e1 por LN+: \u00ab<strong>Trump y Milei se conectan porque se supone que son quienes representan una ira<\/strong>. Entre los dos hay muchos parecidos: inundan la zona, producen todo el tiempo acontecimientos -inclusive contradictorios-, son mesi\u00e1nicos -en el caso del mandatario estadounidense a niveles tragic\u00f3micos-, atacan y ridiculizan\u00bb.<\/p>\n<p class=\"com-paragraph   --s\">Tambi\u00e9n remarc\u00f3 que <strong>ambos presidentes est\u00e1n en un \u201cproceso de desintermediaci\u00f3n\u201d con los medios tradicionales<\/strong> porque creen que pueden conectarse con la gente de forma directa. \u201cEsto tiene algunas contradicciones porque Milei, cuando hay un l\u00edo, aparece en la televisi\u00f3n, y Trump est\u00e1 construyendo el multimedio m\u00e1s grande del mundo [Oracle]. Es un proceso muy grande, que incluye corrupci\u00f3n y hasta extorsi\u00f3n\u201d.<\/p>\n<p>Milei y Trump, durante la \u00faltima visita del presidente argentinoMark Schiefelbein &#8211; AP<\/p>\n<p class=\"com-paragraph   --s\">Por \u00faltimo, Longobardi asegur\u00f3 que <strong>tanto Milei como Trump distraen el foco y adhieren a teor\u00edas conspirativas<\/strong>. \u201cEl problema de Espert termin\u00f3 en una acusaci\u00f3n contra Taiana\u201d, ejemplific\u00f3.<\/p>\n<p class=\"com-paragraph   --s\">\u201cSe supone que la gente est\u00e1 enojada contra todo y que muchos procesos pol\u00edticos se explican con que la gente se enoj\u00f3 con toda autoridad despu\u00e9s de la pandemia. No tengo muy claro si primero ocurrieron los hechos y despu\u00e9s quienes los teorizaron o al rev\u00e9s, pero eso ocurri\u00f3\u201d, expres\u00f3 el periodista y agreg\u00f3: \u201cLa pol\u00edtica se convirti\u00f3 en una maquinaria de gestionar esa ira e inclusive de estimularla. Las redes sociales hoy est\u00e1n al servicio de esa estimulaci\u00f3n. Tambi\u00e9n pas\u00f3 con los Kirchner\u201d.<\/p>\n<h3 class=\"com-title --font-primary --l --font-extra\">El an\u00e1lisis sobre Trump<\/h3>\n<p class=\"com-paragraph   --s\">Longobardi, a su vez, analiz\u00f3 la figura de Trump a nivel internacional, luego de que haya actuado como mediador en conflictos como los de Gaza y en Ucrania y Rusia. \u201c<strong>Es interesante pensar en qu\u00e9 momento y con qu\u00e9 clase de Estados Unidos nos estamos aliando<\/strong>. \u00c9l interfiere todo el tiempo en los pa\u00edses; lo hizo en Brasil y de alg\u00fan modo lo hizo pidiendo un indulto a Netanyahu. Tambi\u00e9n llam\u00f3 gobernador al primer ministro de Canad\u00e1. Todo el tiempo se mete, por lo tanto, que pida el voto para Milei me parece parte de la l\u00f3gica mesi\u00e1nica de Trump\u201d, declar\u00f3.<\/p>\n<p>Longobardi dijo que Trump est\u00e1 en un intento de \u201cdemolici\u00f3n\u201d de la democracia norteamericanaEvan Vucci  &#8211; AP <\/p>\n<p class=\"com-paragraph   --s\">Acto seguido, afirm\u00f3 que<strong> Trump se encuentra en un intento de \u201cdemolici\u00f3n\u201d de la democracia norteamericana<\/strong> y justific\u00f3 en que est\u00e1 rodeado de gente que esta en contra de modo expl\u00edcito. \u201cEst\u00e1 inspirado en un proceso de demolici\u00f3n democr\u00e1tica bastante visible. Si mir\u00e1s a quienes lo inspiran, entend\u00e9s el fen\u00f3meno. En Estados Unidos la gente anda con carteles que dicen \u2018no reyes\u2019. \u00c9l est\u00e1 en un ataque a los medios, cambi\u00f3 radicalmente la doctrina norteamericana\u201d, dijo.<\/p>\n<p class=\"com-paragraph   --s\">Longobardi sostuvo que durante la visita de Milei a la Casa Blanca hubo una \u201ccl\u00e1sica emboscada\u201d de Trump y explic\u00f3: \u201cFue bastante m\u00e1s suave que la que le tendi\u00f3 a Zelenski y a Netanyahu. Yo no puedo creer que no haya sido consciente de lo que estaba diciendo [en referencia a las declaraciones sobre las elecciones argentinas]. Estamos hablando de un personaje que est\u00e1 acostumbrado a ejercer el poder de manera brutal. No creo que haya habido un error o malentendido\u201d.<\/p>\n<p class=\"com-paragraph   --s\">\u201cEl Gobierno convirti\u00f3 un salvataje en un proyecto. Tambi\u00e9n hay un salvataje a los bonistas americanos. Hay que entender que <strong>Trump es un personaje deliberadamente imprevisible\u201d,<\/strong> continu\u00f3.<\/p>\n<p class=\"com-paragraph   --s\">En tanto, el periodista indic\u00f3 que Trump est\u00e1 aislado a nivel internacional. \u201cSus aliados son Bukele, Milei, Orban -un disturbio- y las monarqu\u00edas \u00e1rabes. Hay una delgada l\u00ednea entre la pol\u00edtica exterior y los negocios personales de \u00e9l. Se ha vuelto expansionista, dijo que iba a hacer de Canad\u00e1 otro estado. Desat\u00f3 una guerra comercial. Enquilomb\u00f3 el comercio mundial. Es muy borrosa su relaci\u00f3n con Putin\u201d, argument\u00f3 e ironiz\u00f3: \u201c<strong>Este es nuestro socio<\/strong>\u201d.<\/p>\n<p><a href=\"https:\/\/www.lanacion.com.ar\/lnmas\/el-analisis-de-longobardi-sobre-la-politica-internacional-y-el-paralelismo-entre-milei-y-trump-los-nid15102025\/\">Fuente de la nota <\/a><\/p>\n","protected":false},"excerpt":{"rendered":"<p>Tras la reuni\u00f3n entre Javier Milei y Donald Trump en la Casa Blanca, despu\u00e9s del respaldo econ\u00f3mico del gobierno norteamericano y el acuerdo del swap, el periodista Marcelo Longobardi analiz\u00f3 la pol\u00edtica internacional que lleva adelante el presidente estadounidense y traz\u00f3 un paralelismo con su par argentino. Destac\u00f3 que ambos utilizan la estrategia de \u201cinundar [&hellip;]<\/p>\n","protected":false},"author":5,"featured_media":45944,"comment_status":"closed","ping_status":"open","sticky":false,"template":"","format":"standard","meta":{"footnotes":""},"categories":[3],"tags":[],"class_list":{"0":"post-45943","1":"post","2":"type-post","3":"status-publish","4":"format-standard","5":"has-post-thumbnail","7":"category-politica"},"yoast_head":"<!-- This site is optimized with the Yoast SEO plugin v27.4 - https:\/\/yoast.com\/product\/yoast-seo-wordpress\/ -->\n<title>El an\u00e1lisis de Longobardi sobre la pol\u00edtica internacional y el paralelismo entre Milei y Trump: \u201cLos dos inundan la zona\u201d - El Diario de Tucuman<\/title>\n<meta name=\"robots\" content=\"index, follow, max-snippet:-1, max-image-preview:large, max-video-preview:-1\" \/>\n<link rel=\"canonical\" href=\"https:\/\/www.eldiariodetucuman.com\/web\/el-analisis-de-longobardi-sobre-la-politica-internacional-y-el-paralelismo-entre-milei-y-trump-los-dos-inundan-la-zona\/\" \/>\n<meta property=\"og:locale\" content=\"es_ES\" \/>\n<meta property=\"og:type\" content=\"article\" \/>\n<meta property=\"og:title\" content=\"El an\u00e1lisis de Longobardi sobre la pol\u00edtica internacional y el paralelismo entre Milei y Trump: \u201cLos dos inundan la zona\u201d - El Diario de Tucuman\" \/>\n<meta property=\"og:description\" content=\"Tras la reuni\u00f3n entre Javier Milei y Donald Trump en la Casa Blanca, despu\u00e9s del respaldo econ\u00f3mico del gobierno norteamericano y el acuerdo del swap, el periodista Marcelo Longobardi analiz\u00f3 la pol\u00edtica internacional que lleva adelante el presidente estadounidense y traz\u00f3 un paralelismo con su par argentino. Destac\u00f3 que ambos utilizan la estrategia de \u201cinundar [&hellip;]\" \/>\n<meta property=\"og:url\" content=\"https:\/\/www.eldiariodetucuman.com\/web\/el-analisis-de-longobardi-sobre-la-politica-internacional-y-el-paralelismo-entre-milei-y-trump-los-dos-inundan-la-zona\/\" \/>\n<meta property=\"og:site_name\" content=\"El Diario de Tucuman\" \/>\n<meta property=\"article:published_time\" content=\"2025-10-16T02:47:26+00:00\" \/>\n<meta property=\"article:modified_time\" content=\"2025-10-16T02:47:30+00:00\" \/>\n<meta property=\"og:image\" content=\"https:\/\/www.eldiariodetucuman.com\/web\/wp-content\/uploads\/2025\/10\/el-analisis-de-longobardi-sobre-la-politica-KRQMVVEXERA4XM4LLYBQRERDBM.PNG\" \/>\n\t<meta property=\"og:image:width\" content=\"1200\" \/>\n\t<meta property=\"og:image:height\" content=\"849\" \/>\n\t<meta property=\"og:image:type\" content=\"image\/png\" \/>\n<meta name=\"author\" content=\"Redactor Uno\" \/>\n<meta name=\"twitter:card\" content=\"summary_large_image\" \/>\n<meta name=\"twitter:label1\" content=\"Escrito por\" \/>\n\t<meta name=\"twitter:data1\" content=\"Redactor Uno\" \/>\n\t<meta name=\"twitter:label2\" content=\"Tiempo de lectura\" \/>\n\t<meta name=\"twitter:data2\" content=\"4 minutos\" \/>\n<script type=\"application\/ld+json\" class=\"yoast-schema-graph\">{\"@context\":\"https:\\\/\\\/schema.org\",\"@graph\":[{\"@type\":\"Article\",\"@id\":\"https:\\\/\\\/www.eldiariodetucuman.com\\\/web\\\/el-analisis-de-longobardi-sobre-la-politica-internacional-y-el-paralelismo-entre-milei-y-trump-los-dos-inundan-la-zona\\\/#article\",\"isPartOf\":{\"@id\":\"https:\\\/\\\/www.eldiariodetucuman.com\\\/web\\\/el-analisis-de-longobardi-sobre-la-politica-internacional-y-el-paralelismo-entre-milei-y-trump-los-dos-inundan-la-zona\\\/\"},\"author\":{\"name\":\"Redactor Uno\",\"@id\":\"https:\\\/\\\/www.eldiariodetucuman.com\\\/web\\\/#\\\/schema\\\/person\\\/7e6644a46e60888f6b868594407e08dd\"},\"headline\":\"El an\u00e1lisis de Longobardi sobre la pol\u00edtica internacional y el paralelismo entre Milei y Trump: \u201cLos dos inundan la zona\u201d\",\"datePublished\":\"2025-10-16T02:47:26+00:00\",\"dateModified\":\"2025-10-16T02:47:30+00:00\",\"mainEntityOfPage\":{\"@id\":\"https:\\\/\\\/www.eldiariodetucuman.com\\\/web\\\/el-analisis-de-longobardi-sobre-la-politica-internacional-y-el-paralelismo-entre-milei-y-trump-los-dos-inundan-la-zona\\\/\"},\"wordCount\":812,\"publisher\":{\"@id\":\"https:\\\/\\\/www.eldiariodetucuman.com\\\/web\\\/#organization\"},\"image\":{\"@id\":\"https:\\\/\\\/www.eldiariodetucuman.com\\\/web\\\/el-analisis-de-longobardi-sobre-la-politica-internacional-y-el-paralelismo-entre-milei-y-trump-los-dos-inundan-la-zona\\\/#primaryimage\"},\"thumbnailUrl\":\"https:\\\/\\\/www.eldiariodetucuman.com\\\/web\\\/wp-content\\\/uploads\\\/2025\\\/10\\\/el-analisis-de-longobardi-sobre-la-politica-KRQMVVEXERA4XM4LLYBQRERDBM.PNG\",\"articleSection\":[\"Politica\"],\"inLanguage\":\"es\"},{\"@type\":\"WebPage\",\"@id\":\"https:\\\/\\\/www.eldiariodetucuman.com\\\/web\\\/el-analisis-de-longobardi-sobre-la-politica-internacional-y-el-paralelismo-entre-milei-y-trump-los-dos-inundan-la-zona\\\/\",\"url\":\"https:\\\/\\\/www.eldiariodetucuman.com\\\/web\\\/el-analisis-de-longobardi-sobre-la-politica-internacional-y-el-paralelismo-entre-milei-y-trump-los-dos-inundan-la-zona\\\/\",\"name\":\"El an\u00e1lisis de Longobardi sobre la pol\u00edtica internacional y el paralelismo entre Milei y Trump: \u201cLos dos inundan la zona\u201d - El Diario de Tucuman\",\"isPartOf\":{\"@id\":\"https:\\\/\\\/www.eldiariodetucuman.com\\\/web\\\/#website\"},\"primaryImageOfPage\":{\"@id\":\"https:\\\/\\\/www.eldiariodetucuman.com\\\/web\\\/el-analisis-de-longobardi-sobre-la-politica-internacional-y-el-paralelismo-entre-milei-y-trump-los-dos-inundan-la-zona\\\/#primaryimage\"},\"image\":{\"@id\":\"https:\\\/\\\/www.eldiariodetucuman.com\\\/web\\\/el-analisis-de-longobardi-sobre-la-politica-internacional-y-el-paralelismo-entre-milei-y-trump-los-dos-inundan-la-zona\\\/#primaryimage\"},\"thumbnailUrl\":\"https:\\\/\\\/www.eldiariodetucuman.com\\\/web\\\/wp-content\\\/uploads\\\/2025\\\/10\\\/el-analisis-de-longobardi-sobre-la-politica-KRQMVVEXERA4XM4LLYBQRERDBM.PNG\",\"datePublished\":\"2025-10-16T02:47:26+00:00\",\"dateModified\":\"2025-10-16T02:47:30+00:00\",\"breadcrumb\":{\"@id\":\"https:\\\/\\\/www.eldiariodetucuman.com\\\/web\\\/el-analisis-de-longobardi-sobre-la-politica-internacional-y-el-paralelismo-entre-milei-y-trump-los-dos-inundan-la-zona\\\/#breadcrumb\"},\"inLanguage\":\"es\",\"potentialAction\":[{\"@type\":\"ReadAction\",\"target\":[\"https:\\\/\\\/www.eldiariodetucuman.com\\\/web\\\/el-analisis-de-longobardi-sobre-la-politica-internacional-y-el-paralelismo-entre-milei-y-trump-los-dos-inundan-la-zona\\\/\"]}]},{\"@type\":\"ImageObject\",\"inLanguage\":\"es\",\"@id\":\"https:\\\/\\\/www.eldiariodetucuman.com\\\/web\\\/el-analisis-de-longobardi-sobre-la-politica-internacional-y-el-paralelismo-entre-milei-y-trump-los-dos-inundan-la-zona\\\/#primaryimage\",\"url\":\"https:\\\/\\\/www.eldiariodetucuman.com\\\/web\\\/wp-content\\\/uploads\\\/2025\\\/10\\\/el-analisis-de-longobardi-sobre-la-politica-KRQMVVEXERA4XM4LLYBQRERDBM.PNG\",\"contentUrl\":\"https:\\\/\\\/www.eldiariodetucuman.com\\\/web\\\/wp-content\\\/uploads\\\/2025\\\/10\\\/el-analisis-de-longobardi-sobre-la-politica-KRQMVVEXERA4XM4LLYBQRERDBM.PNG\",\"width\":1200,\"height\":849},{\"@type\":\"BreadcrumbList\",\"@id\":\"https:\\\/\\\/www.eldiariodetucuman.com\\\/web\\\/el-analisis-de-longobardi-sobre-la-politica-internacional-y-el-paralelismo-entre-milei-y-trump-los-dos-inundan-la-zona\\\/#breadcrumb\",\"itemListElement\":[{\"@type\":\"ListItem\",\"position\":1,\"name\":\"Portada\",\"item\":\"https:\\\/\\\/www.eldiariodetucuman.com\\\/web\\\/\"},{\"@type\":\"ListItem\",\"position\":2,\"name\":\"El an\u00e1lisis de Longobardi sobre la pol\u00edtica internacional y el paralelismo entre Milei y Trump: \u201cLos dos inundan la zona\u201d\"}]},{\"@type\":\"WebSite\",\"@id\":\"https:\\\/\\\/www.eldiariodetucuman.com\\\/web\\\/#website\",\"url\":\"https:\\\/\\\/www.eldiariodetucuman.com\\\/web\\\/\",\"name\":\"El Diario de Tucuman\",\"description\":\"Diario Tucuman - Informaci\u00f3n y noticias\",\"publisher\":{\"@id\":\"https:\\\/\\\/www.eldiariodetucuman.com\\\/web\\\/#organization\"},\"potentialAction\":[{\"@type\":\"SearchAction\",\"target\":{\"@type\":\"EntryPoint\",\"urlTemplate\":\"https:\\\/\\\/www.eldiariodetucuman.com\\\/web\\\/?s={search_term_string}\"},\"query-input\":{\"@type\":\"PropertyValueSpecification\",\"valueRequired\":true,\"valueName\":\"search_term_string\"}}],\"inLanguage\":\"es\"},{\"@type\":\"Organization\",\"@id\":\"https:\\\/\\\/www.eldiariodetucuman.com\\\/web\\\/#organization\",\"name\":\"El Diario de Tucuman\",\"url\":\"https:\\\/\\\/www.eldiariodetucuman.com\\\/web\\\/\",\"logo\":{\"@type\":\"ImageObject\",\"inLanguage\":\"es\",\"@id\":\"https:\\\/\\\/www.eldiariodetucuman.com\\\/web\\\/#\\\/schema\\\/logo\\\/image\\\/\",\"url\":\"http:\\\/\\\/www.eldiariodetucuman.com\\\/web\\\/wp-content\\\/uploads\\\/2017\\\/12\\\/el-diario-de-tucuman.jpg\",\"contentUrl\":\"http:\\\/\\\/www.eldiariodetucuman.com\\\/web\\\/wp-content\\\/uploads\\\/2017\\\/12\\\/el-diario-de-tucuman.jpg\",\"width\":272,\"height\":92,\"caption\":\"El Diario de Tucuman\"},\"image\":{\"@id\":\"https:\\\/\\\/www.eldiariodetucuman.com\\\/web\\\/#\\\/schema\\\/logo\\\/image\\\/\"}},{\"@type\":\"Person\",\"@id\":\"https:\\\/\\\/www.eldiariodetucuman.com\\\/web\\\/#\\\/schema\\\/person\\\/7e6644a46e60888f6b868594407e08dd\",\"name\":\"Redactor Uno\",\"image\":{\"@type\":\"ImageObject\",\"inLanguage\":\"es\",\"@id\":\"https:\\\/\\\/secure.gravatar.com\\\/avatar\\\/0049b1bdf1bd548385c9ea6b9356431717930913089febd2ba904f0187d7d074?s=96&d=mm&r=g\",\"url\":\"https:\\\/\\\/secure.gravatar.com\\\/avatar\\\/0049b1bdf1bd548385c9ea6b9356431717930913089febd2ba904f0187d7d074?s=96&d=mm&r=g\",\"contentUrl\":\"https:\\\/\\\/secure.gravatar.com\\\/avatar\\\/0049b1bdf1bd548385c9ea6b9356431717930913089febd2ba904f0187d7d074?s=96&d=mm&r=g\",\"caption\":\"Redactor Uno\"},\"url\":\"https:\\\/\\\/www.eldiariodetucuman.com\\\/web\\\/author\\\/mramasco\\\/\"}]}<\/script>\n<!-- \/ Yoast SEO plugin. -->","yoast_head_json":{"title":"El an\u00e1lisis de Longobardi sobre la pol\u00edtica internacional y el paralelismo entre Milei y Trump: \u201cLos dos inundan la zona\u201d - El Diario de Tucuman","robots":{"index":"index","follow":"follow","max-snippet":"max-snippet:-1","max-image-preview":"max-image-preview:large","max-video-preview":"max-video-preview:-1"},"canonical":"https:\/\/www.eldiariodetucuman.com\/web\/el-analisis-de-longobardi-sobre-la-politica-internacional-y-el-paralelismo-entre-milei-y-trump-los-dos-inundan-la-zona\/","og_locale":"es_ES","og_type":"article","og_title":"El an\u00e1lisis de Longobardi sobre la pol\u00edtica internacional y el paralelismo entre Milei y Trump: \u201cLos dos inundan la zona\u201d - El Diario de Tucuman","og_description":"Tras la reuni\u00f3n entre Javier Milei y Donald Trump en la Casa Blanca, despu\u00e9s del respaldo econ\u00f3mico del gobierno norteamericano y el acuerdo del swap, el periodista Marcelo Longobardi analiz\u00f3 la pol\u00edtica internacional que lleva adelante el presidente estadounidense y traz\u00f3 un paralelismo con su par argentino. Destac\u00f3 que ambos utilizan la estrategia de \u201cinundar [&hellip;]","og_url":"https:\/\/www.eldiariodetucuman.com\/web\/el-analisis-de-longobardi-sobre-la-politica-internacional-y-el-paralelismo-entre-milei-y-trump-los-dos-inundan-la-zona\/","og_site_name":"El Diario de Tucuman","article_published_time":"2025-10-16T02:47:26+00:00","article_modified_time":"2025-10-16T02:47:30+00:00","og_image":[{"width":1200,"height":849,"url":"https:\/\/www.eldiariodetucuman.com\/web\/wp-content\/uploads\/2025\/10\/el-analisis-de-longobardi-sobre-la-politica-KRQMVVEXERA4XM4LLYBQRERDBM.PNG","type":"image\/png"}],"author":"Redactor Uno","twitter_card":"summary_large_image","twitter_misc":{"Escrito por":"Redactor Uno","Tiempo de lectura":"4 minutos"},"schema":{"@context":"https:\/\/schema.org","@graph":[{"@type":"Article","@id":"https:\/\/www.eldiariodetucuman.com\/web\/el-analisis-de-longobardi-sobre-la-politica-internacional-y-el-paralelismo-entre-milei-y-trump-los-dos-inundan-la-zona\/#article","isPartOf":{"@id":"https:\/\/www.eldiariodetucuman.com\/web\/el-analisis-de-longobardi-sobre-la-politica-internacional-y-el-paralelismo-entre-milei-y-trump-los-dos-inundan-la-zona\/"},"author":{"name":"Redactor Uno","@id":"https:\/\/www.eldiariodetucuman.com\/web\/#\/schema\/person\/7e6644a46e60888f6b868594407e08dd"},"headline":"El an\u00e1lisis de Longobardi sobre la pol\u00edtica internacional y el paralelismo entre Milei y Trump: \u201cLos dos inundan la zona\u201d","datePublished":"2025-10-16T02:47:26+00:00","dateModified":"2025-10-16T02:47:30+00:00","mainEntityOfPage":{"@id":"https:\/\/www.eldiariodetucuman.com\/web\/el-analisis-de-longobardi-sobre-la-politica-internacional-y-el-paralelismo-entre-milei-y-trump-los-dos-inundan-la-zona\/"},"wordCount":812,"publisher":{"@id":"https:\/\/www.eldiariodetucuman.com\/web\/#organization"},"image":{"@id":"https:\/\/www.eldiariodetucuman.com\/web\/el-analisis-de-longobardi-sobre-la-politica-internacional-y-el-paralelismo-entre-milei-y-trump-los-dos-inundan-la-zona\/#primaryimage"},"thumbnailUrl":"https:\/\/www.eldiariodetucuman.com\/web\/wp-content\/uploads\/2025\/10\/el-analisis-de-longobardi-sobre-la-politica-KRQMVVEXERA4XM4LLYBQRERDBM.PNG","articleSection":["Politica"],"inLanguage":"es"},{"@type":"WebPage","@id":"https:\/\/www.eldiariodetucuman.com\/web\/el-analisis-de-longobardi-sobre-la-politica-internacional-y-el-paralelismo-entre-milei-y-trump-los-dos-inundan-la-zona\/","url":"https:\/\/www.eldiariodetucuman.com\/web\/el-analisis-de-longobardi-sobre-la-politica-internacional-y-el-paralelismo-entre-milei-y-trump-los-dos-inundan-la-zona\/","name":"El an\u00e1lisis de Longobardi sobre la pol\u00edtica internacional y el paralelismo entre Milei y Trump: \u201cLos dos inundan la zona\u201d - El Diario de Tucuman","isPartOf":{"@id":"https:\/\/www.eldiariodetucuman.com\/web\/#website"},"primaryImageOfPage":{"@id":"https:\/\/www.eldiariodetucuman.com\/web\/el-analisis-de-longobardi-sobre-la-politica-internacional-y-el-paralelismo-entre-milei-y-trump-los-dos-inundan-la-zona\/#primaryimage"},"image":{"@id":"https:\/\/www.eldiariodetucuman.com\/web\/el-analisis-de-longobardi-sobre-la-politica-internacional-y-el-paralelismo-entre-milei-y-trump-los-dos-inundan-la-zona\/#primaryimage"},"thumbnailUrl":"https:\/\/www.eldiariodetucuman.com\/web\/wp-content\/uploads\/2025\/10\/el-analisis-de-longobardi-sobre-la-politica-KRQMVVEXERA4XM4LLYBQRERDBM.PNG","datePublished":"2025-10-16T02:47:26+00:00","dateModified":"2025-10-16T02:47:30+00:00","breadcrumb":{"@id":"https:\/\/www.eldiariodetucuman.com\/web\/el-analisis-de-longobardi-sobre-la-politica-internacional-y-el-paralelismo-entre-milei-y-trump-los-dos-inundan-la-zona\/#breadcrumb"},"inLanguage":"es","potentialAction":[{"@type":"ReadAction","target":["https:\/\/www.eldiariodetucuman.com\/web\/el-analisis-de-longobardi-sobre-la-politica-internacional-y-el-paralelismo-entre-milei-y-trump-los-dos-inundan-la-zona\/"]}]},{"@type":"ImageObject","inLanguage":"es","@id":"https:\/\/www.eldiariodetucuman.com\/web\/el-analisis-de-longobardi-sobre-la-politica-internacional-y-el-paralelismo-entre-milei-y-trump-los-dos-inundan-la-zona\/#primaryimage","url":"https:\/\/www.eldiariodetucuman.com\/web\/wp-content\/uploads\/2025\/10\/el-analisis-de-longobardi-sobre-la-politica-KRQMVVEXERA4XM4LLYBQRERDBM.PNG","contentUrl":"https:\/\/www.eldiariodetucuman.com\/web\/wp-content\/uploads\/2025\/10\/el-analisis-de-longobardi-sobre-la-politica-KRQMVVEXERA4XM4LLYBQRERDBM.PNG","width":1200,"height":849},{"@type":"BreadcrumbList","@id":"https:\/\/www.eldiariodetucuman.com\/web\/el-analisis-de-longobardi-sobre-la-politica-internacional-y-el-paralelismo-entre-milei-y-trump-los-dos-inundan-la-zona\/#breadcrumb","itemListElement":[{"@type":"ListItem","position":1,"name":"Portada","item":"https:\/\/www.eldiariodetucuman.com\/web\/"},{"@type":"ListItem","position":2,"name":"El an\u00e1lisis de Longobardi sobre la pol\u00edtica internacional y el paralelismo entre Milei y Trump: \u201cLos dos inundan la zona\u201d"}]},{"@type":"WebSite","@id":"https:\/\/www.eldiariodetucuman.com\/web\/#website","url":"https:\/\/www.eldiariodetucuman.com\/web\/","name":"El Diario de Tucuman","description":"Diario Tucuman - Informaci\u00f3n y noticias","publisher":{"@id":"https:\/\/www.eldiariodetucuman.com\/web\/#organization"},"potentialAction":[{"@type":"SearchAction","target":{"@type":"EntryPoint","urlTemplate":"https:\/\/www.eldiariodetucuman.com\/web\/?s={search_term_string}"},"query-input":{"@type":"PropertyValueSpecification","valueRequired":true,"valueName":"search_term_string"}}],"inLanguage":"es"},{"@type":"Organization","@id":"https:\/\/www.eldiariodetucuman.com\/web\/#organization","name":"El Diario de Tucuman","url":"https:\/\/www.eldiariodetucuman.com\/web\/","logo":{"@type":"ImageObject","inLanguage":"es","@id":"https:\/\/www.eldiariodetucuman.com\/web\/#\/schema\/logo\/image\/","url":"http:\/\/www.eldiariodetucuman.com\/web\/wp-content\/uploads\/2017\/12\/el-diario-de-tucuman.jpg","contentUrl":"http:\/\/www.eldiariodetucuman.com\/web\/wp-content\/uploads\/2017\/12\/el-diario-de-tucuman.jpg","width":272,"height":92,"caption":"El Diario de Tucuman"},"image":{"@id":"https:\/\/www.eldiariodetucuman.com\/web\/#\/schema\/logo\/image\/"}},{"@type":"Person","@id":"https:\/\/www.eldiariodetucuman.com\/web\/#\/schema\/person\/7e6644a46e60888f6b868594407e08dd","name":"Redactor Uno","image":{"@type":"ImageObject","inLanguage":"es","@id":"https:\/\/secure.gravatar.com\/avatar\/0049b1bdf1bd548385c9ea6b9356431717930913089febd2ba904f0187d7d074?s=96&d=mm&r=g","url":"https:\/\/secure.gravatar.com\/avatar\/0049b1bdf1bd548385c9ea6b9356431717930913089febd2ba904f0187d7d074?s=96&d=mm&r=g","contentUrl":"https:\/\/secure.gravatar.com\/avatar\/0049b1bdf1bd548385c9ea6b9356431717930913089febd2ba904f0187d7d074?s=96&d=mm&r=g","caption":"Redactor Uno"},"url":"https:\/\/www.eldiariodetucuman.com\/web\/author\/mramasco\/"}]}},"_links":{"self":[{"href":"https:\/\/www.eldiariodetucuman.com\/web\/wp-json\/wp\/v2\/posts\/45943","targetHints":{"allow":["GET"]}}],"collection":[{"href":"https:\/\/www.eldiariodetucuman.com\/web\/wp-json\/wp\/v2\/posts"}],"about":[{"href":"https:\/\/www.eldiariodetucuman.com\/web\/wp-json\/wp\/v2\/types\/post"}],"author":[{"embeddable":true,"href":"https:\/\/www.eldiariodetucuman.com\/web\/wp-json\/wp\/v2\/users\/5"}],"replies":[{"embeddable":true,"href":"https:\/\/www.eldiariodetucuman.com\/web\/wp-json\/wp\/v2\/comments?post=45943"}],"version-history":[{"count":1,"href":"https:\/\/www.eldiariodetucuman.com\/web\/wp-json\/wp\/v2\/posts\/45943\/revisions"}],"predecessor-version":[{"id":45945,"href":"https:\/\/www.eldiariodetucuman.com\/web\/wp-json\/wp\/v2\/posts\/45943\/revisions\/45945"}],"wp:featuredmedia":[{"embeddable":true,"href":"https:\/\/www.eldiariodetucuman.com\/web\/wp-json\/wp\/v2\/media\/45944"}],"wp:attachment":[{"href":"https:\/\/www.eldiariodetucuman.com\/web\/wp-json\/wp\/v2\/media?parent=45943"}],"wp:term":[{"taxonomy":"category","embeddable":true,"href":"https:\/\/www.eldiariodetucuman.com\/web\/wp-json\/wp\/v2\/categories?post=45943"},{"taxonomy":"post_tag","embeddable":true,"href":"https:\/\/www.eldiariodetucuman.com\/web\/wp-json\/wp\/v2\/tags?post=45943"}],"curies":[{"name":"wp","href":"https:\/\/api.w.org\/{rel}","templated":true}]}}