{"id":45941,"date":"2025-10-15T18:22:43","date_gmt":"2025-10-15T21:22:43","guid":{"rendered":"https:\/\/www.eldiariodetucuman.com\/web\/jaldo-recorrio-la-primera-etapa-del-procrear-tucuman\/"},"modified":"2025-10-15T18:22:43","modified_gmt":"2025-10-15T21:22:43","slug":"jaldo-recorrio-la-primera-etapa-del-procrear-tucuman","status":"publish","type":"post","link":"https:\/\/www.eldiariodetucuman.com\/web\/jaldo-recorrio-la-primera-etapa-del-procrear-tucuman\/","title":{"rendered":"Jaldo recorri\u00f3 la primera etapa del Procrear Tucum\u00e1n"},"content":{"rendered":"<p><\/p>\n<p>El gobernador en uso de licencia, <strong>Osvaldo Jaldo<\/strong>, recorri\u00f3 las obras de la primera etapa de viviendas y locales comerciales del Complejo Habitacional PROCREAR Tucum\u00e1n. Iniciado en julio de 2023, el proyecto contempla la construcci\u00f3n de 1.600 viviendas y 1.400 lotes con servicios, destinados a m\u00e1s de 3.000 familias tucumanas que buscan cumplir el sue\u00f1o del techo propio.<\/p>\n<p>\u201cEste emprendimiento naci\u00f3 con financiamiento nacional, pero fue abandonado. Hoy lo retomamos con recursos propios porque entendemos que la vivienda es un derecho y tambi\u00e9n una herramienta para dinamizar la econom\u00eda\u201d, expres\u00f3 Jaldo.<\/p>\n<p>La obra, que hab\u00eda quedado paralizada con apenas un 15% de avance, fue reactivada tras la declaraci\u00f3n de la emergencia habitacional en Tucum\u00e1n y la renegociaci\u00f3n con las 22 empresas adjudicatarias. En apenas 60 d\u00edas, ya hay casi 2.500 trabajadores en obra, lo que representa un fuerte impacto positivo en el empleo y la econom\u00eda local.<\/p>\n<p>\u201cEsta es la primera vez que una provincia asume un emprendimiento habitacional de esta magnitud con recursos propios. Antes, el financiamiento ven\u00eda del presupuesto nacional o de organismos internacionales. Hoy, eso ya no existe\u201d, explic\u00f3 el mandatario.<\/p>\n<p>Asimismo, sostuvo que \u201cno hay presupuesto, no sabemos qu\u00e9 le toca a Tucum\u00e1n ni a las otras provincias. La Naci\u00f3n se queda con los recursos del exterior y con los impuestos nacionales. Ese equilibrio financiero, del que tanto se habla, se hace a costa de las provincias\u201d.<\/p>\n<p>El gobernador en uso de licencia subray\u00f3 el efecto multiplicador que tiene la construcci\u00f3n:\u201cHacer viviendas no es solo dar un techo, es poner en marcha la econom\u00eda. Se movilizan proveedores, corralones, transporte, y el salario vuelve al circuito local. Es trabajo genuino y crecimiento\u201d.<\/p>\n<p>Finalmente, Jaldo remarc\u00f3 que esta obra es un s\u00edmbolo del compromiso de la provincia con su gente.\u201cEste Procrear Tucum\u00e1n vuelve a la gente en forma de viviendas, empleo y desarrollo. Y lo hacemos con los recursos que todos los d\u00edas los tucumanos pagan con sus impuestos. Ac\u00e1 hay administraci\u00f3n, decisi\u00f3n pol\u00edtica y compromiso con la realidad de nuestra gente\u201d, declar\u00f3.<\/p>\n<p>Acompa\u00f1aron a Jaldo el ministro de obras, Infraestructura y Transporte P\u00fablicos, <strong id=\"isPasted\">Marcelo Nazur; <\/strong>el interventor del Instituto Provincial de Vivienda y Desarrollo Urbano (IPVDU), <strong id=\"isPasted\">Hugo Cabral; <\/strong>el secretario general de la Gobernaci\u00f3n,<strong id=\"isPasted\">\u00a0Federico Nazur;\u00a0<\/strong>la intendenta de San Miguel de Tucum\u00e1n,\u00a0<strong id=\"isPasted\">Rossana Chalha<\/strong>; el presidente de la C\u00e1mara Tucumana de la Construcci\u00f3n (CTC), <strong>Jorge Garber<\/strong>; el secretario general de UOCRA, <strong>David Acosta;<\/strong> el<strong>\u00a0<\/strong>secretario General UTA Tucum\u00e1n, <strong>Cesar Gonz\u00e1lez,\u00a0<\/strong>el secretario general de ATE,\u00a0<strong><strong>Jorge Flores\u00a0<\/strong><\/strong>y el legislador, <strong>Tulio Caponio.<\/strong><\/p>\n<p>El ministro de obras, Infraestructura y Transporte P\u00fablico<strong\/> enfatiz\u00f3 que este proyecto es un motor para la econom\u00eda local. \u00abEste emprendimiento comenz\u00f3 en julio y ya estamos viendo un avance f\u00edsico importante. Ver a trabajadores de la Uocra llevando adelante la obra es una satisfacci\u00f3n enorme\u00bb, manifest\u00f3.\u00a0<\/p>\n<p>Nazur destac\u00f3 que, a medida que transcurra el tiempo, se cumplir\u00e1 con el plazo establecido para la finalizaci\u00f3n de la obra.<\/p>\n<p>El ministro tambi\u00e9n resalt\u00f3 que este desarrollo se lleva a cabo en un contexto de dificultades econ\u00f3micas a nivel nacional, se\u00f1alando que, a diferencia de otras provincias, Tucum\u00e1n ha optado por continuar con proyectos de gran envergadura como el Procrear, lo que contribuye a la generaci\u00f3n de empleo, al fortalecimiento de la infraestructura local y a dinamizar la econom\u00eda provincial.<\/p>\n<p>Por su parte, Cabral dijo que \u201ceste proyecto transformar\u00e1 la zona sur de la ciudad, mejorando el acceso a la vivienda y a servicios esenciales como agua, energ\u00eda y comunicaciones\u201d, expres\u00f3 Cabral. La obra contempla 3.056 soluciones habitacionales con infraestructura completa y se estima que generar\u00e1 7.000 empleos directos e indirectos.<\/p>\n<p>La primera etapa incluye 572 viviendas, con un plazo de entrega de 16 a 24 meses, y ya registra dos meses de avance. Cabral subray\u00f3 que, por decisi\u00f3n del gobernador Osvaldo Jaldo, se prioriz\u00f3 la reactivaci\u00f3n de obras paralizadas, alcanzando actualmente 2.200 viviendas en ejecuci\u00f3n en toda la provincia.<\/p>\n<p>Adem\u00e1s, anunci\u00f3 que se trabaja en un plan a\u00fan m\u00e1s ambicioso para responder a la gran demanda habitacional. \u201cJaldo sabe lo que significa la vivienda para cada familia. Estamos comprometidos en dar respuestas concretas y sostenibles\u201d, concluy\u00f3.<\/p>\n<p id=\"isPasted\">La intendenta Chahla expres\u00f3 que \u201ceste es un proyecto que el gobernador decidi\u00f3 continuar con firmeza. Son muchas viviendas para tucumanos y tucumanas, y desde el municipio vamos a trabajar para crear espacios p\u00fablicos y de convivencia\u201d.<\/p>\n<p>Adem\u00e1s, remarc\u00f3 la importancia de coordinar desde el inicio la entrega de infraestructura para que el municipio pueda prestar los servicios necesarios.<\/p>\n<p>Finalmente, agradeci\u00f3 al Ministerio de Obras P\u00fablicas y a la C\u00e1mara de la Construcci\u00f3n.<\/p>\n<p>A su turno, Jorge Garber, remarc\u00f3 que el Procrear Tucum\u00e1n est\u00e1 considerado como \u201cel emprendimiento habitacional m\u00e1s grande de la historia de ese programa, que no tiene r\u00e9plicas en el pa\u00eds\u201d.<\/p>\n<p>En ese sentido, celebr\u00f3 que las m\u00e1s de 3.000 viviendas que tendr\u00e1 el barrio le dar\u00e1n cobijo a m\u00e1s de 20.000 personas. Asimismo, coment\u00f3 que \u201cel emprendimiento no solamente ser\u00e1 habitacional, sino tambi\u00e9n va a tener su parte comercial\u201d.<\/p>\n<p>Sobre el recorrido del Gobernador en uso de licencia, Garber detall\u00f3 que visit\u00f3 uno de los departamentos prototipo de los que se repetir\u00e1n en el predio: dos dormitorios, un ba\u00f1o, living, cocina y balc\u00f3n.<\/p>\n<p>David Acosta destac\u00f3 la importancia de esta obra tanto para el sector de la construcci\u00f3n como para la comunidad en general. \u00abHoy es un d\u00eda importante para nosotros, para los constructores, para la familia de Uocra. El gobernador, con su decisi\u00f3n de apostar por la obra p\u00fablica y la generaci\u00f3n de empleo genuino, ha demostrado un compromiso con el desarrollo de la provincia\u00bb, expres\u00f3 Acosta.<\/p>\n<p>El avance de la obra ha permitido la contrataci\u00f3n de trabajadores, quienes desempe\u00f1an distintas funciones en los m\u00f3dulos de construcci\u00f3n, la infraestructura y otros sectores vinculados al proyecto.\u00a0<\/p>\n<p>Acosta subray\u00f3 la importancia de seguir incorporando personal, ya que \u00abcada semana se suman m\u00e1s compa\u00f1eros a la familia de la Uocra\u00bb, lo que contribuye al dinamismo econ\u00f3mico de la provincia.<\/p>\n<p>Por su parte, el legislador Tulio Caponio remarc\u00f3 que la Legislatura de Tucum\u00e1n \u201cdebe apoyar este tipo de iniciativas por el beneficio que significan para los tucumanos y por la generaci\u00f3n de empleos que hay a trav\u00e9s de la construcci\u00f3n, con un efecto multiplicador\u201d.<\/p>\n<p>Fuente: <a href=\"https:\/\/www.comunicaciontucuman.gob.ar\/noticia\/gobernacion\/237484\/jaldo-recorrio-primera-etapa-procrear-tucuman\"> Fuente de la nota <\/a><\/p>\n","protected":false},"excerpt":{"rendered":"<p>El gobernador en uso de licencia, Osvaldo Jaldo, recorri\u00f3 las obras de la primera etapa de viviendas y locales comerciales del Complejo Habitacional PROCREAR Tucum\u00e1n. Iniciado en julio de 2023, el proyecto contempla la construcci\u00f3n de 1.600 viviendas y 1.400 lotes con servicios, destinados a m\u00e1s de 3.000 familias tucumanas que buscan cumplir el sue\u00f1o [&hellip;]<\/p>\n","protected":false},"author":1,"featured_media":45942,"comment_status":"closed","ping_status":"open","sticky":false,"template":"","format":"standard","meta":{"footnotes":""},"categories":[3],"tags":[],"class_list":{"0":"post-45941","1":"post","2":"type-post","3":"status-publish","4":"format-standard","5":"has-post-thumbnail","7":"category-politica"},"yoast_head":"<!-- This site is optimized with the Yoast SEO plugin v27.4 - https:\/\/yoast.com\/product\/yoast-seo-wordpress\/ -->\n<title>Jaldo recorri\u00f3 la primera etapa del Procrear Tucum\u00e1n - El Diario de Tucuman<\/title>\n<meta name=\"robots\" content=\"index, follow, max-snippet:-1, max-image-preview:large, max-video-preview:-1\" \/>\n<link rel=\"canonical\" href=\"https:\/\/www.eldiariodetucuman.com\/web\/jaldo-recorrio-la-primera-etapa-del-procrear-tucuman\/\" \/>\n<meta property=\"og:locale\" content=\"es_ES\" \/>\n<meta property=\"og:type\" content=\"article\" \/>\n<meta property=\"og:title\" content=\"Jaldo recorri\u00f3 la primera etapa del Procrear Tucum\u00e1n - El Diario de Tucuman\" \/>\n<meta property=\"og:description\" content=\"El gobernador en uso de licencia, Osvaldo Jaldo, recorri\u00f3 las obras de la primera etapa de viviendas y locales comerciales del Complejo Habitacional PROCREAR Tucum\u00e1n. Iniciado en julio de 2023, el proyecto contempla la construcci\u00f3n de 1.600 viviendas y 1.400 lotes con servicios, destinados a m\u00e1s de 3.000 familias tucumanas que buscan cumplir el sue\u00f1o [&hellip;]\" \/>\n<meta property=\"og:url\" content=\"https:\/\/www.eldiariodetucuman.com\/web\/jaldo-recorrio-la-primera-etapa-del-procrear-tucuman\/\" \/>\n<meta property=\"og:site_name\" content=\"El Diario de Tucuman\" \/>\n<meta property=\"article:published_time\" content=\"2025-10-15T21:22:43+00:00\" \/>\n<meta name=\"author\" content=\"admin\" \/>\n<meta name=\"twitter:card\" content=\"summary_large_image\" \/>\n<meta name=\"twitter:label1\" content=\"Escrito por\" \/>\n\t<meta name=\"twitter:data1\" content=\"admin\" \/>\n\t<meta name=\"twitter:label2\" content=\"Tiempo de lectura\" \/>\n\t<meta name=\"twitter:data2\" content=\"5 minutos\" \/>\n<script type=\"application\/ld+json\" class=\"yoast-schema-graph\">{\"@context\":\"https:\\\/\\\/schema.org\",\"@graph\":[{\"@type\":\"Article\",\"@id\":\"https:\\\/\\\/www.eldiariodetucuman.com\\\/web\\\/jaldo-recorrio-la-primera-etapa-del-procrear-tucuman\\\/#article\",\"isPartOf\":{\"@id\":\"https:\\\/\\\/www.eldiariodetucuman.com\\\/web\\\/jaldo-recorrio-la-primera-etapa-del-procrear-tucuman\\\/\"},\"author\":{\"name\":\"admin\",\"@id\":\"https:\\\/\\\/www.eldiariodetucuman.com\\\/web\\\/#\\\/schema\\\/person\\\/9250197d75ab5483412e19678b121caa\"},\"headline\":\"Jaldo recorri\u00f3 la primera etapa del Procrear Tucum\u00e1n\",\"datePublished\":\"2025-10-15T21:22:43+00:00\",\"mainEntityOfPage\":{\"@id\":\"https:\\\/\\\/www.eldiariodetucuman.com\\\/web\\\/jaldo-recorrio-la-primera-etapa-del-procrear-tucuman\\\/\"},\"wordCount\":1107,\"publisher\":{\"@id\":\"https:\\\/\\\/www.eldiariodetucuman.com\\\/web\\\/#organization\"},\"image\":{\"@id\":\"https:\\\/\\\/www.eldiariodetucuman.com\\\/web\\\/jaldo-recorrio-la-primera-etapa-del-procrear-tucuman\\\/#primaryimage\"},\"thumbnailUrl\":\"https:\\\/\\\/www.eldiariodetucuman.com\\\/web\\\/wp-content\\\/uploads\\\/2025\\\/10\\\/Jaldo-recorrio-la-primera-etapa-del-Procrear-Tucuman.jpeg\",\"articleSection\":[\"Politica\"],\"inLanguage\":\"es\"},{\"@type\":\"WebPage\",\"@id\":\"https:\\\/\\\/www.eldiariodetucuman.com\\\/web\\\/jaldo-recorrio-la-primera-etapa-del-procrear-tucuman\\\/\",\"url\":\"https:\\\/\\\/www.eldiariodetucuman.com\\\/web\\\/jaldo-recorrio-la-primera-etapa-del-procrear-tucuman\\\/\",\"name\":\"Jaldo recorri\u00f3 la primera etapa del Procrear Tucum\u00e1n - El Diario de Tucuman\",\"isPartOf\":{\"@id\":\"https:\\\/\\\/www.eldiariodetucuman.com\\\/web\\\/#website\"},\"primaryImageOfPage\":{\"@id\":\"https:\\\/\\\/www.eldiariodetucuman.com\\\/web\\\/jaldo-recorrio-la-primera-etapa-del-procrear-tucuman\\\/#primaryimage\"},\"image\":{\"@id\":\"https:\\\/\\\/www.eldiariodetucuman.com\\\/web\\\/jaldo-recorrio-la-primera-etapa-del-procrear-tucuman\\\/#primaryimage\"},\"thumbnailUrl\":\"https:\\\/\\\/www.eldiariodetucuman.com\\\/web\\\/wp-content\\\/uploads\\\/2025\\\/10\\\/Jaldo-recorrio-la-primera-etapa-del-Procrear-Tucuman.jpeg\",\"datePublished\":\"2025-10-15T21:22:43+00:00\",\"breadcrumb\":{\"@id\":\"https:\\\/\\\/www.eldiariodetucuman.com\\\/web\\\/jaldo-recorrio-la-primera-etapa-del-procrear-tucuman\\\/#breadcrumb\"},\"inLanguage\":\"es\",\"potentialAction\":[{\"@type\":\"ReadAction\",\"target\":[\"https:\\\/\\\/www.eldiariodetucuman.com\\\/web\\\/jaldo-recorrio-la-primera-etapa-del-procrear-tucuman\\\/\"]}]},{\"@type\":\"ImageObject\",\"inLanguage\":\"es\",\"@id\":\"https:\\\/\\\/www.eldiariodetucuman.com\\\/web\\\/jaldo-recorrio-la-primera-etapa-del-procrear-tucuman\\\/#primaryimage\",\"url\":\"https:\\\/\\\/www.eldiariodetucuman.com\\\/web\\\/wp-content\\\/uploads\\\/2025\\\/10\\\/Jaldo-recorrio-la-primera-etapa-del-Procrear-Tucuman.jpeg\",\"contentUrl\":\"https:\\\/\\\/www.eldiariodetucuman.com\\\/web\\\/wp-content\\\/uploads\\\/2025\\\/10\\\/Jaldo-recorrio-la-primera-etapa-del-Procrear-Tucuman.jpeg\",\"width\":818,\"height\":460},{\"@type\":\"BreadcrumbList\",\"@id\":\"https:\\\/\\\/www.eldiariodetucuman.com\\\/web\\\/jaldo-recorrio-la-primera-etapa-del-procrear-tucuman\\\/#breadcrumb\",\"itemListElement\":[{\"@type\":\"ListItem\",\"position\":1,\"name\":\"Portada\",\"item\":\"https:\\\/\\\/www.eldiariodetucuman.com\\\/web\\\/\"},{\"@type\":\"ListItem\",\"position\":2,\"name\":\"Jaldo recorri\u00f3 la primera etapa del Procrear Tucum\u00e1n\"}]},{\"@type\":\"WebSite\",\"@id\":\"https:\\\/\\\/www.eldiariodetucuman.com\\\/web\\\/#website\",\"url\":\"https:\\\/\\\/www.eldiariodetucuman.com\\\/web\\\/\",\"name\":\"El Diario de Tucuman\",\"description\":\"Diario Tucuman - Informaci\u00f3n y noticias\",\"publisher\":{\"@id\":\"https:\\\/\\\/www.eldiariodetucuman.com\\\/web\\\/#organization\"},\"potentialAction\":[{\"@type\":\"SearchAction\",\"target\":{\"@type\":\"EntryPoint\",\"urlTemplate\":\"https:\\\/\\\/www.eldiariodetucuman.com\\\/web\\\/?s={search_term_string}\"},\"query-input\":{\"@type\":\"PropertyValueSpecification\",\"valueRequired\":true,\"valueName\":\"search_term_string\"}}],\"inLanguage\":\"es\"},{\"@type\":\"Organization\",\"@id\":\"https:\\\/\\\/www.eldiariodetucuman.com\\\/web\\\/#organization\",\"name\":\"El Diario de Tucuman\",\"url\":\"https:\\\/\\\/www.eldiariodetucuman.com\\\/web\\\/\",\"logo\":{\"@type\":\"ImageObject\",\"inLanguage\":\"es\",\"@id\":\"https:\\\/\\\/www.eldiariodetucuman.com\\\/web\\\/#\\\/schema\\\/logo\\\/image\\\/\",\"url\":\"http:\\\/\\\/www.eldiariodetucuman.com\\\/web\\\/wp-content\\\/uploads\\\/2017\\\/12\\\/el-diario-de-tucuman.jpg\",\"contentUrl\":\"http:\\\/\\\/www.eldiariodetucuman.com\\\/web\\\/wp-content\\\/uploads\\\/2017\\\/12\\\/el-diario-de-tucuman.jpg\",\"width\":272,\"height\":92,\"caption\":\"El Diario de Tucuman\"},\"image\":{\"@id\":\"https:\\\/\\\/www.eldiariodetucuman.com\\\/web\\\/#\\\/schema\\\/logo\\\/image\\\/\"}},{\"@type\":\"Person\",\"@id\":\"https:\\\/\\\/www.eldiariodetucuman.com\\\/web\\\/#\\\/schema\\\/person\\\/9250197d75ab5483412e19678b121caa\",\"name\":\"admin\",\"image\":{\"@type\":\"ImageObject\",\"inLanguage\":\"es\",\"@id\":\"https:\\\/\\\/secure.gravatar.com\\\/avatar\\\/c44d117c2be811212c22cb481f6b8384b6873de103fbc49e7a03cc58d7dea4ac?s=96&d=mm&r=g\",\"url\":\"https:\\\/\\\/secure.gravatar.com\\\/avatar\\\/c44d117c2be811212c22cb481f6b8384b6873de103fbc49e7a03cc58d7dea4ac?s=96&d=mm&r=g\",\"contentUrl\":\"https:\\\/\\\/secure.gravatar.com\\\/avatar\\\/c44d117c2be811212c22cb481f6b8384b6873de103fbc49e7a03cc58d7dea4ac?s=96&d=mm&r=g\",\"caption\":\"admin\"},\"url\":\"https:\\\/\\\/www.eldiariodetucuman.com\\\/web\\\/author\\\/admin\\\/\"}]}<\/script>\n<!-- \/ Yoast SEO plugin. -->","yoast_head_json":{"title":"Jaldo recorri\u00f3 la primera etapa del Procrear Tucum\u00e1n - El Diario de Tucuman","robots":{"index":"index","follow":"follow","max-snippet":"max-snippet:-1","max-image-preview":"max-image-preview:large","max-video-preview":"max-video-preview:-1"},"canonical":"https:\/\/www.eldiariodetucuman.com\/web\/jaldo-recorrio-la-primera-etapa-del-procrear-tucuman\/","og_locale":"es_ES","og_type":"article","og_title":"Jaldo recorri\u00f3 la primera etapa del Procrear Tucum\u00e1n - El Diario de Tucuman","og_description":"El gobernador en uso de licencia, Osvaldo Jaldo, recorri\u00f3 las obras de la primera etapa de viviendas y locales comerciales del Complejo Habitacional PROCREAR Tucum\u00e1n. Iniciado en julio de 2023, el proyecto contempla la construcci\u00f3n de 1.600 viviendas y 1.400 lotes con servicios, destinados a m\u00e1s de 3.000 familias tucumanas que buscan cumplir el sue\u00f1o [&hellip;]","og_url":"https:\/\/www.eldiariodetucuman.com\/web\/jaldo-recorrio-la-primera-etapa-del-procrear-tucuman\/","og_site_name":"El Diario de Tucuman","article_published_time":"2025-10-15T21:22:43+00:00","author":"admin","twitter_card":"summary_large_image","twitter_misc":{"Escrito por":"admin","Tiempo de lectura":"5 minutos"},"schema":{"@context":"https:\/\/schema.org","@graph":[{"@type":"Article","@id":"https:\/\/www.eldiariodetucuman.com\/web\/jaldo-recorrio-la-primera-etapa-del-procrear-tucuman\/#article","isPartOf":{"@id":"https:\/\/www.eldiariodetucuman.com\/web\/jaldo-recorrio-la-primera-etapa-del-procrear-tucuman\/"},"author":{"name":"admin","@id":"https:\/\/www.eldiariodetucuman.com\/web\/#\/schema\/person\/9250197d75ab5483412e19678b121caa"},"headline":"Jaldo recorri\u00f3 la primera etapa del Procrear Tucum\u00e1n","datePublished":"2025-10-15T21:22:43+00:00","mainEntityOfPage":{"@id":"https:\/\/www.eldiariodetucuman.com\/web\/jaldo-recorrio-la-primera-etapa-del-procrear-tucuman\/"},"wordCount":1107,"publisher":{"@id":"https:\/\/www.eldiariodetucuman.com\/web\/#organization"},"image":{"@id":"https:\/\/www.eldiariodetucuman.com\/web\/jaldo-recorrio-la-primera-etapa-del-procrear-tucuman\/#primaryimage"},"thumbnailUrl":"https:\/\/www.eldiariodetucuman.com\/web\/wp-content\/uploads\/2025\/10\/Jaldo-recorrio-la-primera-etapa-del-Procrear-Tucuman.jpeg","articleSection":["Politica"],"inLanguage":"es"},{"@type":"WebPage","@id":"https:\/\/www.eldiariodetucuman.com\/web\/jaldo-recorrio-la-primera-etapa-del-procrear-tucuman\/","url":"https:\/\/www.eldiariodetucuman.com\/web\/jaldo-recorrio-la-primera-etapa-del-procrear-tucuman\/","name":"Jaldo recorri\u00f3 la primera etapa del Procrear Tucum\u00e1n - El Diario de Tucuman","isPartOf":{"@id":"https:\/\/www.eldiariodetucuman.com\/web\/#website"},"primaryImageOfPage":{"@id":"https:\/\/www.eldiariodetucuman.com\/web\/jaldo-recorrio-la-primera-etapa-del-procrear-tucuman\/#primaryimage"},"image":{"@id":"https:\/\/www.eldiariodetucuman.com\/web\/jaldo-recorrio-la-primera-etapa-del-procrear-tucuman\/#primaryimage"},"thumbnailUrl":"https:\/\/www.eldiariodetucuman.com\/web\/wp-content\/uploads\/2025\/10\/Jaldo-recorrio-la-primera-etapa-del-Procrear-Tucuman.jpeg","datePublished":"2025-10-15T21:22:43+00:00","breadcrumb":{"@id":"https:\/\/www.eldiariodetucuman.com\/web\/jaldo-recorrio-la-primera-etapa-del-procrear-tucuman\/#breadcrumb"},"inLanguage":"es","potentialAction":[{"@type":"ReadAction","target":["https:\/\/www.eldiariodetucuman.com\/web\/jaldo-recorrio-la-primera-etapa-del-procrear-tucuman\/"]}]},{"@type":"ImageObject","inLanguage":"es","@id":"https:\/\/www.eldiariodetucuman.com\/web\/jaldo-recorrio-la-primera-etapa-del-procrear-tucuman\/#primaryimage","url":"https:\/\/www.eldiariodetucuman.com\/web\/wp-content\/uploads\/2025\/10\/Jaldo-recorrio-la-primera-etapa-del-Procrear-Tucuman.jpeg","contentUrl":"https:\/\/www.eldiariodetucuman.com\/web\/wp-content\/uploads\/2025\/10\/Jaldo-recorrio-la-primera-etapa-del-Procrear-Tucuman.jpeg","width":818,"height":460},{"@type":"BreadcrumbList","@id":"https:\/\/www.eldiariodetucuman.com\/web\/jaldo-recorrio-la-primera-etapa-del-procrear-tucuman\/#breadcrumb","itemListElement":[{"@type":"ListItem","position":1,"name":"Portada","item":"https:\/\/www.eldiariodetucuman.com\/web\/"},{"@type":"ListItem","position":2,"name":"Jaldo recorri\u00f3 la primera etapa del Procrear Tucum\u00e1n"}]},{"@type":"WebSite","@id":"https:\/\/www.eldiariodetucuman.com\/web\/#website","url":"https:\/\/www.eldiariodetucuman.com\/web\/","name":"El Diario de Tucuman","description":"Diario Tucuman - Informaci\u00f3n y noticias","publisher":{"@id":"https:\/\/www.eldiariodetucuman.com\/web\/#organization"},"potentialAction":[{"@type":"SearchAction","target":{"@type":"EntryPoint","urlTemplate":"https:\/\/www.eldiariodetucuman.com\/web\/?s={search_term_string}"},"query-input":{"@type":"PropertyValueSpecification","valueRequired":true,"valueName":"search_term_string"}}],"inLanguage":"es"},{"@type":"Organization","@id":"https:\/\/www.eldiariodetucuman.com\/web\/#organization","name":"El Diario de Tucuman","url":"https:\/\/www.eldiariodetucuman.com\/web\/","logo":{"@type":"ImageObject","inLanguage":"es","@id":"https:\/\/www.eldiariodetucuman.com\/web\/#\/schema\/logo\/image\/","url":"http:\/\/www.eldiariodetucuman.com\/web\/wp-content\/uploads\/2017\/12\/el-diario-de-tucuman.jpg","contentUrl":"http:\/\/www.eldiariodetucuman.com\/web\/wp-content\/uploads\/2017\/12\/el-diario-de-tucuman.jpg","width":272,"height":92,"caption":"El Diario de Tucuman"},"image":{"@id":"https:\/\/www.eldiariodetucuman.com\/web\/#\/schema\/logo\/image\/"}},{"@type":"Person","@id":"https:\/\/www.eldiariodetucuman.com\/web\/#\/schema\/person\/9250197d75ab5483412e19678b121caa","name":"admin","image":{"@type":"ImageObject","inLanguage":"es","@id":"https:\/\/secure.gravatar.com\/avatar\/c44d117c2be811212c22cb481f6b8384b6873de103fbc49e7a03cc58d7dea4ac?s=96&d=mm&r=g","url":"https:\/\/secure.gravatar.com\/avatar\/c44d117c2be811212c22cb481f6b8384b6873de103fbc49e7a03cc58d7dea4ac?s=96&d=mm&r=g","contentUrl":"https:\/\/secure.gravatar.com\/avatar\/c44d117c2be811212c22cb481f6b8384b6873de103fbc49e7a03cc58d7dea4ac?s=96&d=mm&r=g","caption":"admin"},"url":"https:\/\/www.eldiariodetucuman.com\/web\/author\/admin\/"}]}},"_links":{"self":[{"href":"https:\/\/www.eldiariodetucuman.com\/web\/wp-json\/wp\/v2\/posts\/45941","targetHints":{"allow":["GET"]}}],"collection":[{"href":"https:\/\/www.eldiariodetucuman.com\/web\/wp-json\/wp\/v2\/posts"}],"about":[{"href":"https:\/\/www.eldiariodetucuman.com\/web\/wp-json\/wp\/v2\/types\/post"}],"author":[{"embeddable":true,"href":"https:\/\/www.eldiariodetucuman.com\/web\/wp-json\/wp\/v2\/users\/1"}],"replies":[{"embeddable":true,"href":"https:\/\/www.eldiariodetucuman.com\/web\/wp-json\/wp\/v2\/comments?post=45941"}],"version-history":[{"count":0,"href":"https:\/\/www.eldiariodetucuman.com\/web\/wp-json\/wp\/v2\/posts\/45941\/revisions"}],"wp:featuredmedia":[{"embeddable":true,"href":"https:\/\/www.eldiariodetucuman.com\/web\/wp-json\/wp\/v2\/media\/45942"}],"wp:attachment":[{"href":"https:\/\/www.eldiariodetucuman.com\/web\/wp-json\/wp\/v2\/media?parent=45941"}],"wp:term":[{"taxonomy":"category","embeddable":true,"href":"https:\/\/www.eldiariodetucuman.com\/web\/wp-json\/wp\/v2\/categories?post=45941"},{"taxonomy":"post_tag","embeddable":true,"href":"https:\/\/www.eldiariodetucuman.com\/web\/wp-json\/wp\/v2\/tags?post=45941"}],"curies":[{"name":"wp","href":"https:\/\/api.w.org\/{rel}","templated":true}]}}