{"id":45937,"date":"2025-10-15T16:40:20","date_gmt":"2025-10-15T19:40:20","guid":{"rendered":"https:\/\/www.eldiariodetucuman.com\/web\/intento-robar-un-celular-y-le-dictaron-prision-preventiva\/"},"modified":"2025-10-15T16:40:20","modified_gmt":"2025-10-15T19:40:20","slug":"intento-robar-un-celular-y-le-dictaron-prision-preventiva","status":"publish","type":"post","link":"https:\/\/www.eldiariodetucuman.com\/web\/intento-robar-un-celular-y-le-dictaron-prision-preventiva\/","title":{"rendered":"Intent\u00f3 robar un celular y le dictaron prisi\u00f3n preventiva"},"content":{"rendered":"<p>  <\/p>\n<p> La Fiscal\u00eda formul\u00f3 cargos en contra del <strong>acusado por el delito calificado robo en calidad de autor<\/strong>,<strong> quedando detenido bajo la modalidad de prisi\u00f3n preventiva por el t\u00e9rmino de 25 d\u00edas.<\/strong><\/p>\n<h2> El hecho<\/h2>\n<p>De acuerdo a la acusaci\u00f3n, el 10 de octubre de 2025, siendo aproximadamente las 16:50 horas, en circunstancias en que una joven de 18 a\u00f1os se encontraba en el frente de su domicilio, en calle Alejandro Heredia al 1.800 de San Miguel de Tucum\u00e1n, al momento de salir a bordo de su motocicleta, fue sorprendida por el acusado, quien le arrebato el tel\u00e9fono celular, el cual se hallaba colocado en un soporte sobre el veh\u00edculo.<\/p>\n<p>Acto seguido, al advertir la situaci\u00f3n, el hermano de la v\u00edctima inici\u00f3 una persecuci\u00f3n con el fin de recuperar el bien sustra\u00eddo, oportunidad en la que el ladr\u00f3n lo agredi\u00f3 f\u00edsicamente utilizando una pala, logrando as\u00ed continuar su huida con el elemento sustra\u00eddo en su poder.<\/p>\n<p>Fuente: <a href=\"https:\/\/www.lv12.com.ar\/prision-preventiva\/intento-robar-un-celular-y-le-dictaron-prision-preventiva-n187351\"> Fuente de la nota <\/a><\/p>\n","protected":false},"excerpt":{"rendered":"<p>La Fiscal\u00eda formul\u00f3 cargos en contra del acusado por el delito calificado robo en calidad de autor, quedando detenido bajo la modalidad de prisi\u00f3n preventiva por el t\u00e9rmino de 25 d\u00edas. El hecho De acuerdo a la acusaci\u00f3n, el 10 de octubre de 2025, siendo aproximadamente las 16:50 horas, en circunstancias en que una joven [&hellip;]<\/p>\n","protected":false},"author":1,"featured_media":45938,"comment_status":"closed","ping_status":"open","sticky":false,"template":"","format":"standard","meta":{"footnotes":""},"categories":[927],"tags":[],"class_list":{"0":"post-45937","1":"post","2":"type-post","3":"status-publish","4":"format-standard","5":"has-post-thumbnail","7":"category-policiales"},"yoast_head":"<!-- This site is optimized with the Yoast SEO plugin v27.4 - https:\/\/yoast.com\/product\/yoast-seo-wordpress\/ -->\n<title>Intent\u00f3 robar un celular y le dictaron prisi\u00f3n preventiva - El Diario de Tucuman<\/title>\n<meta name=\"robots\" content=\"index, follow, max-snippet:-1, max-image-preview:large, max-video-preview:-1\" \/>\n<link rel=\"canonical\" href=\"https:\/\/www.eldiariodetucuman.com\/web\/intento-robar-un-celular-y-le-dictaron-prision-preventiva\/\" \/>\n<meta property=\"og:locale\" content=\"es_ES\" \/>\n<meta property=\"og:type\" content=\"article\" \/>\n<meta property=\"og:title\" content=\"Intent\u00f3 robar un celular y le dictaron prisi\u00f3n preventiva - El Diario de Tucuman\" \/>\n<meta property=\"og:description\" content=\"La Fiscal\u00eda formul\u00f3 cargos en contra del acusado por el delito calificado robo en calidad de autor, quedando detenido bajo la modalidad de prisi\u00f3n preventiva por el t\u00e9rmino de 25 d\u00edas. El hecho De acuerdo a la acusaci\u00f3n, el 10 de octubre de 2025, siendo aproximadamente las 16:50 horas, en circunstancias en que una joven [&hellip;]\" \/>\n<meta property=\"og:url\" content=\"https:\/\/www.eldiariodetucuman.com\/web\/intento-robar-un-celular-y-le-dictaron-prision-preventiva\/\" \/>\n<meta property=\"og:site_name\" content=\"El Diario de Tucuman\" \/>\n<meta property=\"article:published_time\" content=\"2025-10-15T19:40:20+00:00\" \/>\n<meta name=\"author\" content=\"admin\" \/>\n<meta name=\"twitter:card\" content=\"summary_large_image\" \/>\n<meta name=\"twitter:label1\" content=\"Escrito por\" \/>\n\t<meta name=\"twitter:data1\" content=\"admin\" \/>\n\t<meta name=\"twitter:label2\" content=\"Tiempo de lectura\" \/>\n\t<meta name=\"twitter:data2\" content=\"1 minuto\" \/>\n<script type=\"application\/ld+json\" class=\"yoast-schema-graph\">{\"@context\":\"https:\\\/\\\/schema.org\",\"@graph\":[{\"@type\":\"Article\",\"@id\":\"https:\\\/\\\/www.eldiariodetucuman.com\\\/web\\\/intento-robar-un-celular-y-le-dictaron-prision-preventiva\\\/#article\",\"isPartOf\":{\"@id\":\"https:\\\/\\\/www.eldiariodetucuman.com\\\/web\\\/intento-robar-un-celular-y-le-dictaron-prision-preventiva\\\/\"},\"author\":{\"name\":\"admin\",\"@id\":\"https:\\\/\\\/www.eldiariodetucuman.com\\\/web\\\/#\\\/schema\\\/person\\\/9250197d75ab5483412e19678b121caa\"},\"headline\":\"Intent\u00f3 robar un celular y le dictaron prisi\u00f3n preventiva\",\"datePublished\":\"2025-10-15T19:40:20+00:00\",\"mainEntityOfPage\":{\"@id\":\"https:\\\/\\\/www.eldiariodetucuman.com\\\/web\\\/intento-robar-un-celular-y-le-dictaron-prision-preventiva\\\/\"},\"wordCount\":179,\"publisher\":{\"@id\":\"https:\\\/\\\/www.eldiariodetucuman.com\\\/web\\\/#organization\"},\"image\":{\"@id\":\"https:\\\/\\\/www.eldiariodetucuman.com\\\/web\\\/intento-robar-un-celular-y-le-dictaron-prision-preventiva\\\/#primaryimage\"},\"thumbnailUrl\":\"https:\\\/\\\/www.eldiariodetucuman.com\\\/web\\\/wp-content\\\/uploads\\\/2025\\\/10\\\/Intento-robar-un-celular-y-le-dictaron-prision-preventiva.png\",\"articleSection\":[\"Policiales\"],\"inLanguage\":\"es\"},{\"@type\":\"WebPage\",\"@id\":\"https:\\\/\\\/www.eldiariodetucuman.com\\\/web\\\/intento-robar-un-celular-y-le-dictaron-prision-preventiva\\\/\",\"url\":\"https:\\\/\\\/www.eldiariodetucuman.com\\\/web\\\/intento-robar-un-celular-y-le-dictaron-prision-preventiva\\\/\",\"name\":\"Intent\u00f3 robar un celular y le dictaron prisi\u00f3n preventiva - El Diario de Tucuman\",\"isPartOf\":{\"@id\":\"https:\\\/\\\/www.eldiariodetucuman.com\\\/web\\\/#website\"},\"primaryImageOfPage\":{\"@id\":\"https:\\\/\\\/www.eldiariodetucuman.com\\\/web\\\/intento-robar-un-celular-y-le-dictaron-prision-preventiva\\\/#primaryimage\"},\"image\":{\"@id\":\"https:\\\/\\\/www.eldiariodetucuman.com\\\/web\\\/intento-robar-un-celular-y-le-dictaron-prision-preventiva\\\/#primaryimage\"},\"thumbnailUrl\":\"https:\\\/\\\/www.eldiariodetucuman.com\\\/web\\\/wp-content\\\/uploads\\\/2025\\\/10\\\/Intento-robar-un-celular-y-le-dictaron-prision-preventiva.png\",\"datePublished\":\"2025-10-15T19:40:20+00:00\",\"breadcrumb\":{\"@id\":\"https:\\\/\\\/www.eldiariodetucuman.com\\\/web\\\/intento-robar-un-celular-y-le-dictaron-prision-preventiva\\\/#breadcrumb\"},\"inLanguage\":\"es\",\"potentialAction\":[{\"@type\":\"ReadAction\",\"target\":[\"https:\\\/\\\/www.eldiariodetucuman.com\\\/web\\\/intento-robar-un-celular-y-le-dictaron-prision-preventiva\\\/\"]}]},{\"@type\":\"ImageObject\",\"inLanguage\":\"es\",\"@id\":\"https:\\\/\\\/www.eldiariodetucuman.com\\\/web\\\/intento-robar-un-celular-y-le-dictaron-prision-preventiva\\\/#primaryimage\",\"url\":\"https:\\\/\\\/www.eldiariodetucuman.com\\\/web\\\/wp-content\\\/uploads\\\/2025\\\/10\\\/Intento-robar-un-celular-y-le-dictaron-prision-preventiva.png\",\"contentUrl\":\"https:\\\/\\\/www.eldiariodetucuman.com\\\/web\\\/wp-content\\\/uploads\\\/2025\\\/10\\\/Intento-robar-un-celular-y-le-dictaron-prision-preventiva.png\",\"width\":1200,\"height\":675},{\"@type\":\"BreadcrumbList\",\"@id\":\"https:\\\/\\\/www.eldiariodetucuman.com\\\/web\\\/intento-robar-un-celular-y-le-dictaron-prision-preventiva\\\/#breadcrumb\",\"itemListElement\":[{\"@type\":\"ListItem\",\"position\":1,\"name\":\"Portada\",\"item\":\"https:\\\/\\\/www.eldiariodetucuman.com\\\/web\\\/\"},{\"@type\":\"ListItem\",\"position\":2,\"name\":\"Intent\u00f3 robar un celular y le dictaron prisi\u00f3n preventiva\"}]},{\"@type\":\"WebSite\",\"@id\":\"https:\\\/\\\/www.eldiariodetucuman.com\\\/web\\\/#website\",\"url\":\"https:\\\/\\\/www.eldiariodetucuman.com\\\/web\\\/\",\"name\":\"El Diario de Tucuman\",\"description\":\"Diario Tucuman - Informaci\u00f3n y noticias\",\"publisher\":{\"@id\":\"https:\\\/\\\/www.eldiariodetucuman.com\\\/web\\\/#organization\"},\"potentialAction\":[{\"@type\":\"SearchAction\",\"target\":{\"@type\":\"EntryPoint\",\"urlTemplate\":\"https:\\\/\\\/www.eldiariodetucuman.com\\\/web\\\/?s={search_term_string}\"},\"query-input\":{\"@type\":\"PropertyValueSpecification\",\"valueRequired\":true,\"valueName\":\"search_term_string\"}}],\"inLanguage\":\"es\"},{\"@type\":\"Organization\",\"@id\":\"https:\\\/\\\/www.eldiariodetucuman.com\\\/web\\\/#organization\",\"name\":\"El Diario de Tucuman\",\"url\":\"https:\\\/\\\/www.eldiariodetucuman.com\\\/web\\\/\",\"logo\":{\"@type\":\"ImageObject\",\"inLanguage\":\"es\",\"@id\":\"https:\\\/\\\/www.eldiariodetucuman.com\\\/web\\\/#\\\/schema\\\/logo\\\/image\\\/\",\"url\":\"http:\\\/\\\/www.eldiariodetucuman.com\\\/web\\\/wp-content\\\/uploads\\\/2017\\\/12\\\/el-diario-de-tucuman.jpg\",\"contentUrl\":\"http:\\\/\\\/www.eldiariodetucuman.com\\\/web\\\/wp-content\\\/uploads\\\/2017\\\/12\\\/el-diario-de-tucuman.jpg\",\"width\":272,\"height\":92,\"caption\":\"El Diario de Tucuman\"},\"image\":{\"@id\":\"https:\\\/\\\/www.eldiariodetucuman.com\\\/web\\\/#\\\/schema\\\/logo\\\/image\\\/\"}},{\"@type\":\"Person\",\"@id\":\"https:\\\/\\\/www.eldiariodetucuman.com\\\/web\\\/#\\\/schema\\\/person\\\/9250197d75ab5483412e19678b121caa\",\"name\":\"admin\",\"image\":{\"@type\":\"ImageObject\",\"inLanguage\":\"es\",\"@id\":\"https:\\\/\\\/secure.gravatar.com\\\/avatar\\\/c44d117c2be811212c22cb481f6b8384b6873de103fbc49e7a03cc58d7dea4ac?s=96&d=mm&r=g\",\"url\":\"https:\\\/\\\/secure.gravatar.com\\\/avatar\\\/c44d117c2be811212c22cb481f6b8384b6873de103fbc49e7a03cc58d7dea4ac?s=96&d=mm&r=g\",\"contentUrl\":\"https:\\\/\\\/secure.gravatar.com\\\/avatar\\\/c44d117c2be811212c22cb481f6b8384b6873de103fbc49e7a03cc58d7dea4ac?s=96&d=mm&r=g\",\"caption\":\"admin\"},\"url\":\"https:\\\/\\\/www.eldiariodetucuman.com\\\/web\\\/author\\\/admin\\\/\"}]}<\/script>\n<!-- \/ Yoast SEO plugin. -->","yoast_head_json":{"title":"Intent\u00f3 robar un celular y le dictaron prisi\u00f3n preventiva - El Diario de Tucuman","robots":{"index":"index","follow":"follow","max-snippet":"max-snippet:-1","max-image-preview":"max-image-preview:large","max-video-preview":"max-video-preview:-1"},"canonical":"https:\/\/www.eldiariodetucuman.com\/web\/intento-robar-un-celular-y-le-dictaron-prision-preventiva\/","og_locale":"es_ES","og_type":"article","og_title":"Intent\u00f3 robar un celular y le dictaron prisi\u00f3n preventiva - El Diario de Tucuman","og_description":"La Fiscal\u00eda formul\u00f3 cargos en contra del acusado por el delito calificado robo en calidad de autor, quedando detenido bajo la modalidad de prisi\u00f3n preventiva por el t\u00e9rmino de 25 d\u00edas. El hecho De acuerdo a la acusaci\u00f3n, el 10 de octubre de 2025, siendo aproximadamente las 16:50 horas, en circunstancias en que una joven [&hellip;]","og_url":"https:\/\/www.eldiariodetucuman.com\/web\/intento-robar-un-celular-y-le-dictaron-prision-preventiva\/","og_site_name":"El Diario de Tucuman","article_published_time":"2025-10-15T19:40:20+00:00","author":"admin","twitter_card":"summary_large_image","twitter_misc":{"Escrito por":"admin","Tiempo de lectura":"1 minuto"},"schema":{"@context":"https:\/\/schema.org","@graph":[{"@type":"Article","@id":"https:\/\/www.eldiariodetucuman.com\/web\/intento-robar-un-celular-y-le-dictaron-prision-preventiva\/#article","isPartOf":{"@id":"https:\/\/www.eldiariodetucuman.com\/web\/intento-robar-un-celular-y-le-dictaron-prision-preventiva\/"},"author":{"name":"admin","@id":"https:\/\/www.eldiariodetucuman.com\/web\/#\/schema\/person\/9250197d75ab5483412e19678b121caa"},"headline":"Intent\u00f3 robar un celular y le dictaron prisi\u00f3n preventiva","datePublished":"2025-10-15T19:40:20+00:00","mainEntityOfPage":{"@id":"https:\/\/www.eldiariodetucuman.com\/web\/intento-robar-un-celular-y-le-dictaron-prision-preventiva\/"},"wordCount":179,"publisher":{"@id":"https:\/\/www.eldiariodetucuman.com\/web\/#organization"},"image":{"@id":"https:\/\/www.eldiariodetucuman.com\/web\/intento-robar-un-celular-y-le-dictaron-prision-preventiva\/#primaryimage"},"thumbnailUrl":"https:\/\/www.eldiariodetucuman.com\/web\/wp-content\/uploads\/2025\/10\/Intento-robar-un-celular-y-le-dictaron-prision-preventiva.png","articleSection":["Policiales"],"inLanguage":"es"},{"@type":"WebPage","@id":"https:\/\/www.eldiariodetucuman.com\/web\/intento-robar-un-celular-y-le-dictaron-prision-preventiva\/","url":"https:\/\/www.eldiariodetucuman.com\/web\/intento-robar-un-celular-y-le-dictaron-prision-preventiva\/","name":"Intent\u00f3 robar un celular y le dictaron prisi\u00f3n preventiva - El Diario de Tucuman","isPartOf":{"@id":"https:\/\/www.eldiariodetucuman.com\/web\/#website"},"primaryImageOfPage":{"@id":"https:\/\/www.eldiariodetucuman.com\/web\/intento-robar-un-celular-y-le-dictaron-prision-preventiva\/#primaryimage"},"image":{"@id":"https:\/\/www.eldiariodetucuman.com\/web\/intento-robar-un-celular-y-le-dictaron-prision-preventiva\/#primaryimage"},"thumbnailUrl":"https:\/\/www.eldiariodetucuman.com\/web\/wp-content\/uploads\/2025\/10\/Intento-robar-un-celular-y-le-dictaron-prision-preventiva.png","datePublished":"2025-10-15T19:40:20+00:00","breadcrumb":{"@id":"https:\/\/www.eldiariodetucuman.com\/web\/intento-robar-un-celular-y-le-dictaron-prision-preventiva\/#breadcrumb"},"inLanguage":"es","potentialAction":[{"@type":"ReadAction","target":["https:\/\/www.eldiariodetucuman.com\/web\/intento-robar-un-celular-y-le-dictaron-prision-preventiva\/"]}]},{"@type":"ImageObject","inLanguage":"es","@id":"https:\/\/www.eldiariodetucuman.com\/web\/intento-robar-un-celular-y-le-dictaron-prision-preventiva\/#primaryimage","url":"https:\/\/www.eldiariodetucuman.com\/web\/wp-content\/uploads\/2025\/10\/Intento-robar-un-celular-y-le-dictaron-prision-preventiva.png","contentUrl":"https:\/\/www.eldiariodetucuman.com\/web\/wp-content\/uploads\/2025\/10\/Intento-robar-un-celular-y-le-dictaron-prision-preventiva.png","width":1200,"height":675},{"@type":"BreadcrumbList","@id":"https:\/\/www.eldiariodetucuman.com\/web\/intento-robar-un-celular-y-le-dictaron-prision-preventiva\/#breadcrumb","itemListElement":[{"@type":"ListItem","position":1,"name":"Portada","item":"https:\/\/www.eldiariodetucuman.com\/web\/"},{"@type":"ListItem","position":2,"name":"Intent\u00f3 robar un celular y le dictaron prisi\u00f3n preventiva"}]},{"@type":"WebSite","@id":"https:\/\/www.eldiariodetucuman.com\/web\/#website","url":"https:\/\/www.eldiariodetucuman.com\/web\/","name":"El Diario de Tucuman","description":"Diario Tucuman - Informaci\u00f3n y noticias","publisher":{"@id":"https:\/\/www.eldiariodetucuman.com\/web\/#organization"},"potentialAction":[{"@type":"SearchAction","target":{"@type":"EntryPoint","urlTemplate":"https:\/\/www.eldiariodetucuman.com\/web\/?s={search_term_string}"},"query-input":{"@type":"PropertyValueSpecification","valueRequired":true,"valueName":"search_term_string"}}],"inLanguage":"es"},{"@type":"Organization","@id":"https:\/\/www.eldiariodetucuman.com\/web\/#organization","name":"El Diario de Tucuman","url":"https:\/\/www.eldiariodetucuman.com\/web\/","logo":{"@type":"ImageObject","inLanguage":"es","@id":"https:\/\/www.eldiariodetucuman.com\/web\/#\/schema\/logo\/image\/","url":"http:\/\/www.eldiariodetucuman.com\/web\/wp-content\/uploads\/2017\/12\/el-diario-de-tucuman.jpg","contentUrl":"http:\/\/www.eldiariodetucuman.com\/web\/wp-content\/uploads\/2017\/12\/el-diario-de-tucuman.jpg","width":272,"height":92,"caption":"El Diario de Tucuman"},"image":{"@id":"https:\/\/www.eldiariodetucuman.com\/web\/#\/schema\/logo\/image\/"}},{"@type":"Person","@id":"https:\/\/www.eldiariodetucuman.com\/web\/#\/schema\/person\/9250197d75ab5483412e19678b121caa","name":"admin","image":{"@type":"ImageObject","inLanguage":"es","@id":"https:\/\/secure.gravatar.com\/avatar\/c44d117c2be811212c22cb481f6b8384b6873de103fbc49e7a03cc58d7dea4ac?s=96&d=mm&r=g","url":"https:\/\/secure.gravatar.com\/avatar\/c44d117c2be811212c22cb481f6b8384b6873de103fbc49e7a03cc58d7dea4ac?s=96&d=mm&r=g","contentUrl":"https:\/\/secure.gravatar.com\/avatar\/c44d117c2be811212c22cb481f6b8384b6873de103fbc49e7a03cc58d7dea4ac?s=96&d=mm&r=g","caption":"admin"},"url":"https:\/\/www.eldiariodetucuman.com\/web\/author\/admin\/"}]}},"_links":{"self":[{"href":"https:\/\/www.eldiariodetucuman.com\/web\/wp-json\/wp\/v2\/posts\/45937","targetHints":{"allow":["GET"]}}],"collection":[{"href":"https:\/\/www.eldiariodetucuman.com\/web\/wp-json\/wp\/v2\/posts"}],"about":[{"href":"https:\/\/www.eldiariodetucuman.com\/web\/wp-json\/wp\/v2\/types\/post"}],"author":[{"embeddable":true,"href":"https:\/\/www.eldiariodetucuman.com\/web\/wp-json\/wp\/v2\/users\/1"}],"replies":[{"embeddable":true,"href":"https:\/\/www.eldiariodetucuman.com\/web\/wp-json\/wp\/v2\/comments?post=45937"}],"version-history":[{"count":0,"href":"https:\/\/www.eldiariodetucuman.com\/web\/wp-json\/wp\/v2\/posts\/45937\/revisions"}],"wp:featuredmedia":[{"embeddable":true,"href":"https:\/\/www.eldiariodetucuman.com\/web\/wp-json\/wp\/v2\/media\/45938"}],"wp:attachment":[{"href":"https:\/\/www.eldiariodetucuman.com\/web\/wp-json\/wp\/v2\/media?parent=45937"}],"wp:term":[{"taxonomy":"category","embeddable":true,"href":"https:\/\/www.eldiariodetucuman.com\/web\/wp-json\/wp\/v2\/categories?post=45937"},{"taxonomy":"post_tag","embeddable":true,"href":"https:\/\/www.eldiariodetucuman.com\/web\/wp-json\/wp\/v2\/tags?post=45937"}],"curies":[{"name":"wp","href":"https:\/\/api.w.org\/{rel}","templated":true}]}}