{"id":45934,"date":"2025-10-14T23:45:43","date_gmt":"2025-10-15T02:45:43","guid":{"rendered":"https:\/\/www.eldiariodetucuman.com\/web\/javier-milei-y-donald-trump-en-la-casa-blanca-repercusiones-de-la-reunion-en-washington\/"},"modified":"2025-10-14T23:45:45","modified_gmt":"2025-10-15T02:45:45","slug":"javier-milei-y-donald-trump-en-la-casa-blanca-repercusiones-de-la-reunion-en-washington","status":"publish","type":"post","link":"https:\/\/www.eldiariodetucuman.com\/web\/javier-milei-y-donald-trump-en-la-casa-blanca-repercusiones-de-la-reunion-en-washington\/","title":{"rendered":"Javier Milei y Donald Trump en la Casa Blanca: repercusiones de la reuni\u00f3n en Washington"},"content":{"rendered":"<p><\/p>\n<p class=\"com-paragraph   --s\">Los dichos de Bullrich, se suman a las declaraciones de varios funcionarios del Gobierno que tras el discurso de Trump r\u00e1pidamente salieron a aclarar que el condicionamiento a la ayuda financiera no depender\u00e1 del resultado electoral de las elecciones de m\u00e9dio t\u00e9rmino, sino de la votaci\u00f3n del 2027, y si esta deriva en un cambio de rumbo pol\u00edtico. <\/p>\n<p class=\"com-paragraph   --s\"> <strong>\u201cSi no gana, no contar\u00e1 con nosotros. Si pierde, no seremos generosos con la Argentina\u201d,<\/strong> fue la advertencia que hizo Donald Trump esta tarde, que fue le\u00edda por gran parte del arco pol\u00edtico com un condicionamiento al resultado electoral del 26 de octubre. <\/p>\n<p class=\"com-paragraph   --s\"><strong>\u201cEl plan puede fallar, s\u00ed, pero tambi\u00e9n le puede ir bien. Le vamos a dar la chance. Todo puede fallar\u201d<\/strong>, respondi\u00f3 Trump ante una pregunta de<strong>LA NACION<\/strong>sobre si le preocupa que el plan de auxilio al pa\u00eds pueda salir mal.<\/p>\n<p><a href=\"https:\/\/www.lanacion.com.ar\/politica\/javier-milei-en-vivo-las-ultimas-medidas-del-gobierno-nid14102025\/\">Fuente de la nota <\/a><\/p>\n","protected":false},"excerpt":{"rendered":"<p>Los dichos de Bullrich, se suman a las declaraciones de varios funcionarios del Gobierno que tras el discurso de Trump r\u00e1pidamente salieron a aclarar que el condicionamiento a la ayuda financiera no depender\u00e1 del resultado electoral de las elecciones de m\u00e9dio t\u00e9rmino, sino de la votaci\u00f3n del 2027, y si esta deriva en un cambio [&hellip;]<\/p>\n","protected":false},"author":5,"featured_media":45935,"comment_status":"closed","ping_status":"open","sticky":false,"template":"","format":"standard","meta":{"footnotes":""},"categories":[3],"tags":[],"class_list":{"0":"post-45934","1":"post","2":"type-post","3":"status-publish","4":"format-standard","5":"has-post-thumbnail","7":"category-politica"},"yoast_head":"<!-- This site is optimized with the Yoast SEO plugin v27.4 - https:\/\/yoast.com\/product\/yoast-seo-wordpress\/ -->\n<title>Javier Milei y Donald Trump en la Casa Blanca: repercusiones de la reuni\u00f3n en Washington - El Diario de Tucuman<\/title>\n<meta name=\"robots\" content=\"index, follow, max-snippet:-1, max-image-preview:large, max-video-preview:-1\" \/>\n<link rel=\"canonical\" href=\"https:\/\/www.eldiariodetucuman.com\/web\/javier-milei-y-donald-trump-en-la-casa-blanca-repercusiones-de-la-reunion-en-washington\/\" \/>\n<meta property=\"og:locale\" content=\"es_ES\" \/>\n<meta property=\"og:type\" content=\"article\" \/>\n<meta property=\"og:title\" content=\"Javier Milei y Donald Trump en la Casa Blanca: repercusiones de la reuni\u00f3n en Washington - El Diario de Tucuman\" \/>\n<meta property=\"og:description\" content=\"Los dichos de Bullrich, se suman a las declaraciones de varios funcionarios del Gobierno que tras el discurso de Trump r\u00e1pidamente salieron a aclarar que el condicionamiento a la ayuda financiera no depender\u00e1 del resultado electoral de las elecciones de m\u00e9dio t\u00e9rmino, sino de la votaci\u00f3n del 2027, y si esta deriva en un cambio [&hellip;]\" \/>\n<meta property=\"og:url\" content=\"https:\/\/www.eldiariodetucuman.com\/web\/javier-milei-y-donald-trump-en-la-casa-blanca-repercusiones-de-la-reunion-en-washington\/\" \/>\n<meta property=\"og:site_name\" content=\"El Diario de Tucuman\" \/>\n<meta property=\"article:published_time\" content=\"2025-10-15T02:45:43+00:00\" \/>\n<meta property=\"article:modified_time\" content=\"2025-10-15T02:45:45+00:00\" \/>\n<meta property=\"og:image\" content=\"https:\/\/www.eldiariodetucuman.com\/web\/wp-content\/uploads\/2025\/10\/la-ministra-patricia-37QBCR477VFVJJXVSSUTF6EO2U.jpg\" \/>\n\t<meta property=\"og:image:width\" content=\"1200\" \/>\n\t<meta property=\"og:image:height\" content=\"800\" \/>\n\t<meta property=\"og:image:type\" content=\"image\/jpeg\" \/>\n<meta name=\"author\" content=\"Redactor Uno\" \/>\n<meta name=\"twitter:card\" content=\"summary_large_image\" \/>\n<meta name=\"twitter:label1\" content=\"Escrito por\" \/>\n\t<meta name=\"twitter:data1\" content=\"Redactor Uno\" \/>\n\t<meta name=\"twitter:label2\" content=\"Tiempo de lectura\" \/>\n\t<meta name=\"twitter:data2\" content=\"1 minuto\" \/>\n<script type=\"application\/ld+json\" class=\"yoast-schema-graph\">{\"@context\":\"https:\\\/\\\/schema.org\",\"@graph\":[{\"@type\":\"Article\",\"@id\":\"https:\\\/\\\/www.eldiariodetucuman.com\\\/web\\\/javier-milei-y-donald-trump-en-la-casa-blanca-repercusiones-de-la-reunion-en-washington\\\/#article\",\"isPartOf\":{\"@id\":\"https:\\\/\\\/www.eldiariodetucuman.com\\\/web\\\/javier-milei-y-donald-trump-en-la-casa-blanca-repercusiones-de-la-reunion-en-washington\\\/\"},\"author\":{\"name\":\"Redactor Uno\",\"@id\":\"https:\\\/\\\/www.eldiariodetucuman.com\\\/web\\\/#\\\/schema\\\/person\\\/7e6644a46e60888f6b868594407e08dd\"},\"headline\":\"Javier Milei y Donald Trump en la Casa Blanca: repercusiones de la reuni\u00f3n en Washington\",\"datePublished\":\"2025-10-15T02:45:43+00:00\",\"dateModified\":\"2025-10-15T02:45:45+00:00\",\"mainEntityOfPage\":{\"@id\":\"https:\\\/\\\/www.eldiariodetucuman.com\\\/web\\\/javier-milei-y-donald-trump-en-la-casa-blanca-repercusiones-de-la-reunion-en-washington\\\/\"},\"wordCount\":168,\"publisher\":{\"@id\":\"https:\\\/\\\/www.eldiariodetucuman.com\\\/web\\\/#organization\"},\"image\":{\"@id\":\"https:\\\/\\\/www.eldiariodetucuman.com\\\/web\\\/javier-milei-y-donald-trump-en-la-casa-blanca-repercusiones-de-la-reunion-en-washington\\\/#primaryimage\"},\"thumbnailUrl\":\"https:\\\/\\\/www.eldiariodetucuman.com\\\/web\\\/wp-content\\\/uploads\\\/2025\\\/10\\\/la-ministra-patricia-37QBCR477VFVJJXVSSUTF6EO2U.jpg\",\"articleSection\":[\"Politica\"],\"inLanguage\":\"es\"},{\"@type\":\"WebPage\",\"@id\":\"https:\\\/\\\/www.eldiariodetucuman.com\\\/web\\\/javier-milei-y-donald-trump-en-la-casa-blanca-repercusiones-de-la-reunion-en-washington\\\/\",\"url\":\"https:\\\/\\\/www.eldiariodetucuman.com\\\/web\\\/javier-milei-y-donald-trump-en-la-casa-blanca-repercusiones-de-la-reunion-en-washington\\\/\",\"name\":\"Javier Milei y Donald Trump en la Casa Blanca: repercusiones de la reuni\u00f3n en Washington - El Diario de Tucuman\",\"isPartOf\":{\"@id\":\"https:\\\/\\\/www.eldiariodetucuman.com\\\/web\\\/#website\"},\"primaryImageOfPage\":{\"@id\":\"https:\\\/\\\/www.eldiariodetucuman.com\\\/web\\\/javier-milei-y-donald-trump-en-la-casa-blanca-repercusiones-de-la-reunion-en-washington\\\/#primaryimage\"},\"image\":{\"@id\":\"https:\\\/\\\/www.eldiariodetucuman.com\\\/web\\\/javier-milei-y-donald-trump-en-la-casa-blanca-repercusiones-de-la-reunion-en-washington\\\/#primaryimage\"},\"thumbnailUrl\":\"https:\\\/\\\/www.eldiariodetucuman.com\\\/web\\\/wp-content\\\/uploads\\\/2025\\\/10\\\/la-ministra-patricia-37QBCR477VFVJJXVSSUTF6EO2U.jpg\",\"datePublished\":\"2025-10-15T02:45:43+00:00\",\"dateModified\":\"2025-10-15T02:45:45+00:00\",\"breadcrumb\":{\"@id\":\"https:\\\/\\\/www.eldiariodetucuman.com\\\/web\\\/javier-milei-y-donald-trump-en-la-casa-blanca-repercusiones-de-la-reunion-en-washington\\\/#breadcrumb\"},\"inLanguage\":\"es\",\"potentialAction\":[{\"@type\":\"ReadAction\",\"target\":[\"https:\\\/\\\/www.eldiariodetucuman.com\\\/web\\\/javier-milei-y-donald-trump-en-la-casa-blanca-repercusiones-de-la-reunion-en-washington\\\/\"]}]},{\"@type\":\"ImageObject\",\"inLanguage\":\"es\",\"@id\":\"https:\\\/\\\/www.eldiariodetucuman.com\\\/web\\\/javier-milei-y-donald-trump-en-la-casa-blanca-repercusiones-de-la-reunion-en-washington\\\/#primaryimage\",\"url\":\"https:\\\/\\\/www.eldiariodetucuman.com\\\/web\\\/wp-content\\\/uploads\\\/2025\\\/10\\\/la-ministra-patricia-37QBCR477VFVJJXVSSUTF6EO2U.jpg\",\"contentUrl\":\"https:\\\/\\\/www.eldiariodetucuman.com\\\/web\\\/wp-content\\\/uploads\\\/2025\\\/10\\\/la-ministra-patricia-37QBCR477VFVJJXVSSUTF6EO2U.jpg\",\"width\":1200,\"height\":800},{\"@type\":\"BreadcrumbList\",\"@id\":\"https:\\\/\\\/www.eldiariodetucuman.com\\\/web\\\/javier-milei-y-donald-trump-en-la-casa-blanca-repercusiones-de-la-reunion-en-washington\\\/#breadcrumb\",\"itemListElement\":[{\"@type\":\"ListItem\",\"position\":1,\"name\":\"Portada\",\"item\":\"https:\\\/\\\/www.eldiariodetucuman.com\\\/web\\\/\"},{\"@type\":\"ListItem\",\"position\":2,\"name\":\"Javier Milei y Donald Trump en la Casa Blanca: repercusiones de la reuni\u00f3n en Washington\"}]},{\"@type\":\"WebSite\",\"@id\":\"https:\\\/\\\/www.eldiariodetucuman.com\\\/web\\\/#website\",\"url\":\"https:\\\/\\\/www.eldiariodetucuman.com\\\/web\\\/\",\"name\":\"El Diario de Tucuman\",\"description\":\"Diario Tucuman - Informaci\u00f3n y noticias\",\"publisher\":{\"@id\":\"https:\\\/\\\/www.eldiariodetucuman.com\\\/web\\\/#organization\"},\"potentialAction\":[{\"@type\":\"SearchAction\",\"target\":{\"@type\":\"EntryPoint\",\"urlTemplate\":\"https:\\\/\\\/www.eldiariodetucuman.com\\\/web\\\/?s={search_term_string}\"},\"query-input\":{\"@type\":\"PropertyValueSpecification\",\"valueRequired\":true,\"valueName\":\"search_term_string\"}}],\"inLanguage\":\"es\"},{\"@type\":\"Organization\",\"@id\":\"https:\\\/\\\/www.eldiariodetucuman.com\\\/web\\\/#organization\",\"name\":\"El Diario de Tucuman\",\"url\":\"https:\\\/\\\/www.eldiariodetucuman.com\\\/web\\\/\",\"logo\":{\"@type\":\"ImageObject\",\"inLanguage\":\"es\",\"@id\":\"https:\\\/\\\/www.eldiariodetucuman.com\\\/web\\\/#\\\/schema\\\/logo\\\/image\\\/\",\"url\":\"http:\\\/\\\/www.eldiariodetucuman.com\\\/web\\\/wp-content\\\/uploads\\\/2017\\\/12\\\/el-diario-de-tucuman.jpg\",\"contentUrl\":\"http:\\\/\\\/www.eldiariodetucuman.com\\\/web\\\/wp-content\\\/uploads\\\/2017\\\/12\\\/el-diario-de-tucuman.jpg\",\"width\":272,\"height\":92,\"caption\":\"El Diario de Tucuman\"},\"image\":{\"@id\":\"https:\\\/\\\/www.eldiariodetucuman.com\\\/web\\\/#\\\/schema\\\/logo\\\/image\\\/\"}},{\"@type\":\"Person\",\"@id\":\"https:\\\/\\\/www.eldiariodetucuman.com\\\/web\\\/#\\\/schema\\\/person\\\/7e6644a46e60888f6b868594407e08dd\",\"name\":\"Redactor Uno\",\"image\":{\"@type\":\"ImageObject\",\"inLanguage\":\"es\",\"@id\":\"https:\\\/\\\/secure.gravatar.com\\\/avatar\\\/0049b1bdf1bd548385c9ea6b9356431717930913089febd2ba904f0187d7d074?s=96&d=mm&r=g\",\"url\":\"https:\\\/\\\/secure.gravatar.com\\\/avatar\\\/0049b1bdf1bd548385c9ea6b9356431717930913089febd2ba904f0187d7d074?s=96&d=mm&r=g\",\"contentUrl\":\"https:\\\/\\\/secure.gravatar.com\\\/avatar\\\/0049b1bdf1bd548385c9ea6b9356431717930913089febd2ba904f0187d7d074?s=96&d=mm&r=g\",\"caption\":\"Redactor Uno\"},\"url\":\"https:\\\/\\\/www.eldiariodetucuman.com\\\/web\\\/author\\\/mramasco\\\/\"}]}<\/script>\n<!-- \/ Yoast SEO plugin. -->","yoast_head_json":{"title":"Javier Milei y Donald Trump en la Casa Blanca: repercusiones de la reuni\u00f3n en Washington - El Diario de Tucuman","robots":{"index":"index","follow":"follow","max-snippet":"max-snippet:-1","max-image-preview":"max-image-preview:large","max-video-preview":"max-video-preview:-1"},"canonical":"https:\/\/www.eldiariodetucuman.com\/web\/javier-milei-y-donald-trump-en-la-casa-blanca-repercusiones-de-la-reunion-en-washington\/","og_locale":"es_ES","og_type":"article","og_title":"Javier Milei y Donald Trump en la Casa Blanca: repercusiones de la reuni\u00f3n en Washington - El Diario de Tucuman","og_description":"Los dichos de Bullrich, se suman a las declaraciones de varios funcionarios del Gobierno que tras el discurso de Trump r\u00e1pidamente salieron a aclarar que el condicionamiento a la ayuda financiera no depender\u00e1 del resultado electoral de las elecciones de m\u00e9dio t\u00e9rmino, sino de la votaci\u00f3n del 2027, y si esta deriva en un cambio [&hellip;]","og_url":"https:\/\/www.eldiariodetucuman.com\/web\/javier-milei-y-donald-trump-en-la-casa-blanca-repercusiones-de-la-reunion-en-washington\/","og_site_name":"El Diario de Tucuman","article_published_time":"2025-10-15T02:45:43+00:00","article_modified_time":"2025-10-15T02:45:45+00:00","og_image":[{"width":1200,"height":800,"url":"https:\/\/www.eldiariodetucuman.com\/web\/wp-content\/uploads\/2025\/10\/la-ministra-patricia-37QBCR477VFVJJXVSSUTF6EO2U.jpg","type":"image\/jpeg"}],"author":"Redactor Uno","twitter_card":"summary_large_image","twitter_misc":{"Escrito por":"Redactor Uno","Tiempo de lectura":"1 minuto"},"schema":{"@context":"https:\/\/schema.org","@graph":[{"@type":"Article","@id":"https:\/\/www.eldiariodetucuman.com\/web\/javier-milei-y-donald-trump-en-la-casa-blanca-repercusiones-de-la-reunion-en-washington\/#article","isPartOf":{"@id":"https:\/\/www.eldiariodetucuman.com\/web\/javier-milei-y-donald-trump-en-la-casa-blanca-repercusiones-de-la-reunion-en-washington\/"},"author":{"name":"Redactor Uno","@id":"https:\/\/www.eldiariodetucuman.com\/web\/#\/schema\/person\/7e6644a46e60888f6b868594407e08dd"},"headline":"Javier Milei y Donald Trump en la Casa Blanca: repercusiones de la reuni\u00f3n en Washington","datePublished":"2025-10-15T02:45:43+00:00","dateModified":"2025-10-15T02:45:45+00:00","mainEntityOfPage":{"@id":"https:\/\/www.eldiariodetucuman.com\/web\/javier-milei-y-donald-trump-en-la-casa-blanca-repercusiones-de-la-reunion-en-washington\/"},"wordCount":168,"publisher":{"@id":"https:\/\/www.eldiariodetucuman.com\/web\/#organization"},"image":{"@id":"https:\/\/www.eldiariodetucuman.com\/web\/javier-milei-y-donald-trump-en-la-casa-blanca-repercusiones-de-la-reunion-en-washington\/#primaryimage"},"thumbnailUrl":"https:\/\/www.eldiariodetucuman.com\/web\/wp-content\/uploads\/2025\/10\/la-ministra-patricia-37QBCR477VFVJJXVSSUTF6EO2U.jpg","articleSection":["Politica"],"inLanguage":"es"},{"@type":"WebPage","@id":"https:\/\/www.eldiariodetucuman.com\/web\/javier-milei-y-donald-trump-en-la-casa-blanca-repercusiones-de-la-reunion-en-washington\/","url":"https:\/\/www.eldiariodetucuman.com\/web\/javier-milei-y-donald-trump-en-la-casa-blanca-repercusiones-de-la-reunion-en-washington\/","name":"Javier Milei y Donald Trump en la Casa Blanca: repercusiones de la reuni\u00f3n en Washington - El Diario de Tucuman","isPartOf":{"@id":"https:\/\/www.eldiariodetucuman.com\/web\/#website"},"primaryImageOfPage":{"@id":"https:\/\/www.eldiariodetucuman.com\/web\/javier-milei-y-donald-trump-en-la-casa-blanca-repercusiones-de-la-reunion-en-washington\/#primaryimage"},"image":{"@id":"https:\/\/www.eldiariodetucuman.com\/web\/javier-milei-y-donald-trump-en-la-casa-blanca-repercusiones-de-la-reunion-en-washington\/#primaryimage"},"thumbnailUrl":"https:\/\/www.eldiariodetucuman.com\/web\/wp-content\/uploads\/2025\/10\/la-ministra-patricia-37QBCR477VFVJJXVSSUTF6EO2U.jpg","datePublished":"2025-10-15T02:45:43+00:00","dateModified":"2025-10-15T02:45:45+00:00","breadcrumb":{"@id":"https:\/\/www.eldiariodetucuman.com\/web\/javier-milei-y-donald-trump-en-la-casa-blanca-repercusiones-de-la-reunion-en-washington\/#breadcrumb"},"inLanguage":"es","potentialAction":[{"@type":"ReadAction","target":["https:\/\/www.eldiariodetucuman.com\/web\/javier-milei-y-donald-trump-en-la-casa-blanca-repercusiones-de-la-reunion-en-washington\/"]}]},{"@type":"ImageObject","inLanguage":"es","@id":"https:\/\/www.eldiariodetucuman.com\/web\/javier-milei-y-donald-trump-en-la-casa-blanca-repercusiones-de-la-reunion-en-washington\/#primaryimage","url":"https:\/\/www.eldiariodetucuman.com\/web\/wp-content\/uploads\/2025\/10\/la-ministra-patricia-37QBCR477VFVJJXVSSUTF6EO2U.jpg","contentUrl":"https:\/\/www.eldiariodetucuman.com\/web\/wp-content\/uploads\/2025\/10\/la-ministra-patricia-37QBCR477VFVJJXVSSUTF6EO2U.jpg","width":1200,"height":800},{"@type":"BreadcrumbList","@id":"https:\/\/www.eldiariodetucuman.com\/web\/javier-milei-y-donald-trump-en-la-casa-blanca-repercusiones-de-la-reunion-en-washington\/#breadcrumb","itemListElement":[{"@type":"ListItem","position":1,"name":"Portada","item":"https:\/\/www.eldiariodetucuman.com\/web\/"},{"@type":"ListItem","position":2,"name":"Javier Milei y Donald Trump en la Casa Blanca: repercusiones de la reuni\u00f3n en Washington"}]},{"@type":"WebSite","@id":"https:\/\/www.eldiariodetucuman.com\/web\/#website","url":"https:\/\/www.eldiariodetucuman.com\/web\/","name":"El Diario de Tucuman","description":"Diario Tucuman - Informaci\u00f3n y noticias","publisher":{"@id":"https:\/\/www.eldiariodetucuman.com\/web\/#organization"},"potentialAction":[{"@type":"SearchAction","target":{"@type":"EntryPoint","urlTemplate":"https:\/\/www.eldiariodetucuman.com\/web\/?s={search_term_string}"},"query-input":{"@type":"PropertyValueSpecification","valueRequired":true,"valueName":"search_term_string"}}],"inLanguage":"es"},{"@type":"Organization","@id":"https:\/\/www.eldiariodetucuman.com\/web\/#organization","name":"El Diario de Tucuman","url":"https:\/\/www.eldiariodetucuman.com\/web\/","logo":{"@type":"ImageObject","inLanguage":"es","@id":"https:\/\/www.eldiariodetucuman.com\/web\/#\/schema\/logo\/image\/","url":"http:\/\/www.eldiariodetucuman.com\/web\/wp-content\/uploads\/2017\/12\/el-diario-de-tucuman.jpg","contentUrl":"http:\/\/www.eldiariodetucuman.com\/web\/wp-content\/uploads\/2017\/12\/el-diario-de-tucuman.jpg","width":272,"height":92,"caption":"El Diario de Tucuman"},"image":{"@id":"https:\/\/www.eldiariodetucuman.com\/web\/#\/schema\/logo\/image\/"}},{"@type":"Person","@id":"https:\/\/www.eldiariodetucuman.com\/web\/#\/schema\/person\/7e6644a46e60888f6b868594407e08dd","name":"Redactor Uno","image":{"@type":"ImageObject","inLanguage":"es","@id":"https:\/\/secure.gravatar.com\/avatar\/0049b1bdf1bd548385c9ea6b9356431717930913089febd2ba904f0187d7d074?s=96&d=mm&r=g","url":"https:\/\/secure.gravatar.com\/avatar\/0049b1bdf1bd548385c9ea6b9356431717930913089febd2ba904f0187d7d074?s=96&d=mm&r=g","contentUrl":"https:\/\/secure.gravatar.com\/avatar\/0049b1bdf1bd548385c9ea6b9356431717930913089febd2ba904f0187d7d074?s=96&d=mm&r=g","caption":"Redactor Uno"},"url":"https:\/\/www.eldiariodetucuman.com\/web\/author\/mramasco\/"}]}},"_links":{"self":[{"href":"https:\/\/www.eldiariodetucuman.com\/web\/wp-json\/wp\/v2\/posts\/45934","targetHints":{"allow":["GET"]}}],"collection":[{"href":"https:\/\/www.eldiariodetucuman.com\/web\/wp-json\/wp\/v2\/posts"}],"about":[{"href":"https:\/\/www.eldiariodetucuman.com\/web\/wp-json\/wp\/v2\/types\/post"}],"author":[{"embeddable":true,"href":"https:\/\/www.eldiariodetucuman.com\/web\/wp-json\/wp\/v2\/users\/5"}],"replies":[{"embeddable":true,"href":"https:\/\/www.eldiariodetucuman.com\/web\/wp-json\/wp\/v2\/comments?post=45934"}],"version-history":[{"count":1,"href":"https:\/\/www.eldiariodetucuman.com\/web\/wp-json\/wp\/v2\/posts\/45934\/revisions"}],"predecessor-version":[{"id":45936,"href":"https:\/\/www.eldiariodetucuman.com\/web\/wp-json\/wp\/v2\/posts\/45934\/revisions\/45936"}],"wp:featuredmedia":[{"embeddable":true,"href":"https:\/\/www.eldiariodetucuman.com\/web\/wp-json\/wp\/v2\/media\/45935"}],"wp:attachment":[{"href":"https:\/\/www.eldiariodetucuman.com\/web\/wp-json\/wp\/v2\/media?parent=45934"}],"wp:term":[{"taxonomy":"category","embeddable":true,"href":"https:\/\/www.eldiariodetucuman.com\/web\/wp-json\/wp\/v2\/categories?post=45934"},{"taxonomy":"post_tag","embeddable":true,"href":"https:\/\/www.eldiariodetucuman.com\/web\/wp-json\/wp\/v2\/tags?post=45934"}],"curies":[{"name":"wp","href":"https:\/\/api.w.org\/{rel}","templated":true}]}}