{"id":45932,"date":"2025-10-14T18:20:37","date_gmt":"2025-10-14T21:20:37","guid":{"rendered":"https:\/\/www.eldiariodetucuman.com\/web\/acevedo-y-aguero-gamboa-evaluaron-acciones-para-fortalecer-la-seguridad-ciudadana\/"},"modified":"2025-10-14T18:20:37","modified_gmt":"2025-10-14T21:20:37","slug":"acevedo-y-aguero-gamboa-evaluaron-acciones-para-fortalecer-la-seguridad-ciudadana","status":"publish","type":"post","link":"https:\/\/www.eldiariodetucuman.com\/web\/acevedo-y-aguero-gamboa-evaluaron-acciones-para-fortalecer-la-seguridad-ciudadana\/","title":{"rendered":"Acevedo y Ag\u00fcero Gamboa evaluaron acciones para fortalecer la seguridad ciudadana"},"content":{"rendered":"<p><\/p>\n<p data-start=\"89\" data-end=\"396\">El vicegobernador, a cargo del Poder Ejecutivo, <strong>Miguel Acevedo<\/strong>, recibi\u00f3 en la Casa de Gobierno al ministro de Seguridad, <strong>Eugenio Ag\u00fcero Gamboa<\/strong>, con quien analiz\u00f3 los avances del plan de seguridad provincial, las capacitaciones policiales y los operativos desplegados durante el \u00faltimo fin de semana largo.<\/p>\n<p data-start=\"398\" data-end=\"1023\">Durante el encuentro, las autoridades repasaron las estrategias que se implementan en distintos barrios de Tucum\u00e1n para reforzar la presencia policial. En ese sentido, el ministro Ag\u00fcero Gamboa explic\u00f3 que el <strong>programa de instalaci\u00f3n de garitas<\/strong> contin\u00faa avanzando de manera sostenida. \u201cHoy con el Vicegobernador estuvimos charlando sobre el plan de seguridad que seguimos desarrollando, sobre la instalaci\u00f3n de las garitas y las visitas que realizamos junto al personal del Ministerio en distintos barrios. Ma\u00f1ana se colocar\u00e1n cuatro nuevas garitas, lo que nos permite seguir acercando la Polic\u00eda a cada comunidad\u201d, detall\u00f3.<\/p>\n<p data-start=\"1025\" data-end=\"1530\">Otro de los temas abordados fue la formaci\u00f3n de las fuerzas en materia de derechos humanos y violencia de g\u00e9nero. El titular de Seguridad se\u00f1al\u00f3 que se realizar\u00e1 una capacitaci\u00f3n en la <strong>Fundaci\u00f3n Mar\u00eda de los \u00c1ngeles<\/strong>, dictada por <strong>Susana Trimarco<\/strong>, fiscales federales y personal del Ministerio. \u201cSer\u00e1 una instancia fundamental para que el personal policial profundice su conocimiento sobre violencia de g\u00e9nero, trata de personas y el accionar adecuado ante allanamientos y custodia en esos casos\u201d, expres\u00f3.<\/p>\n<p data-start=\"1532\" data-end=\"1804\">Asimismo, Ag\u00fcero Gamboa inform\u00f3 sobre la reapertura de la Unidad N\u00ba 4, refuncionalizada por el Servicio Penitenciario. \u201cEsta unidad, que antes alojaba a mujeres y fue refaccionada por nuestro personal, comenz\u00f3 a recibir a adultos mayores de 65 a\u00f1os desde ayer\u201d, precis\u00f3.<\/p>\n<p data-start=\"1806\" data-end=\"2173\">En relaci\u00f3n con los operativos del fin de semana largo, el ministro destac\u00f3 el despliegue preventivo realizado en toda la provincia. \u201cHubo un trabajo coordinado en Monteros y Trancas, donde se desarrollaron festivales multitudinarios, adem\u00e1s de controles en rutas y villas tur\u00edsticas. El saldo fue positivo, con una reducci\u00f3n de los accidentes de tr\u00e1nsito\u201d, indic\u00f3.<\/p>\n<p data-start=\"2175\" data-end=\"2487\" data-is-last-node=\"\" data-is-only-node=\"\">El vicegobernador Acevedo valor\u00f3 el trabajo conjunto entre el Ministerio de Seguridad y las distintas \u00e1reas del Gobierno provincial, y subray\u00f3 que \u201cel fortalecimiento institucional y la capacitaci\u00f3n permanente de las fuerzas son pilares esenciales para garantizar una Tucum\u00e1n m\u00e1s segura y cercana a los vecinos\u201d.<\/p>\n<p data-start=\"2175\" data-end=\"2487\" data-is-last-node=\"\" data-is-only-node=\"\">&#13;<br \/>\n<br \/>&#13;\n<\/p>\n<p>Fuente: <a href=\"https:\/\/www.comunicaciontucuman.gob.ar\/noticia\/gobernacion\/237466\/acevedo-aguero-gamboa-evaluaron-acciones-para-fortalecer-seguridad-ciudadana\"> Fuente de la nota <\/a><\/p>\n","protected":false},"excerpt":{"rendered":"<p>El vicegobernador, a cargo del Poder Ejecutivo, Miguel Acevedo, recibi\u00f3 en la Casa de Gobierno al ministro de Seguridad, Eugenio Ag\u00fcero Gamboa, con quien analiz\u00f3 los avances del plan de seguridad provincial, las capacitaciones policiales y los operativos desplegados durante el \u00faltimo fin de semana largo. Durante el encuentro, las autoridades repasaron las estrategias que [&hellip;]<\/p>\n","protected":false},"author":1,"featured_media":45933,"comment_status":"closed","ping_status":"open","sticky":false,"template":"","format":"standard","meta":{"footnotes":""},"categories":[3],"tags":[],"class_list":{"0":"post-45932","1":"post","2":"type-post","3":"status-publish","4":"format-standard","5":"has-post-thumbnail","7":"category-politica"},"yoast_head":"<!-- This site is optimized with the Yoast SEO plugin v27.4 - https:\/\/yoast.com\/product\/yoast-seo-wordpress\/ -->\n<title>Acevedo y Ag\u00fcero Gamboa evaluaron acciones para fortalecer la seguridad ciudadana - El Diario de Tucuman<\/title>\n<meta name=\"robots\" content=\"index, follow, max-snippet:-1, max-image-preview:large, max-video-preview:-1\" \/>\n<link rel=\"canonical\" href=\"https:\/\/www.eldiariodetucuman.com\/web\/acevedo-y-aguero-gamboa-evaluaron-acciones-para-fortalecer-la-seguridad-ciudadana\/\" \/>\n<meta property=\"og:locale\" content=\"es_ES\" \/>\n<meta property=\"og:type\" content=\"article\" \/>\n<meta property=\"og:title\" content=\"Acevedo y Ag\u00fcero Gamboa evaluaron acciones para fortalecer la seguridad ciudadana - El Diario de Tucuman\" \/>\n<meta property=\"og:description\" content=\"El vicegobernador, a cargo del Poder Ejecutivo, Miguel Acevedo, recibi\u00f3 en la Casa de Gobierno al ministro de Seguridad, Eugenio Ag\u00fcero Gamboa, con quien analiz\u00f3 los avances del plan de seguridad provincial, las capacitaciones policiales y los operativos desplegados durante el \u00faltimo fin de semana largo. Durante el encuentro, las autoridades repasaron las estrategias que [&hellip;]\" \/>\n<meta property=\"og:url\" content=\"https:\/\/www.eldiariodetucuman.com\/web\/acevedo-y-aguero-gamboa-evaluaron-acciones-para-fortalecer-la-seguridad-ciudadana\/\" \/>\n<meta property=\"og:site_name\" content=\"El Diario de Tucuman\" \/>\n<meta property=\"article:published_time\" content=\"2025-10-14T21:20:37+00:00\" \/>\n<meta name=\"author\" content=\"admin\" \/>\n<meta name=\"twitter:card\" content=\"summary_large_image\" \/>\n<meta name=\"twitter:label1\" content=\"Escrito por\" \/>\n\t<meta name=\"twitter:data1\" content=\"admin\" \/>\n\t<meta name=\"twitter:label2\" content=\"Tiempo de lectura\" \/>\n\t<meta name=\"twitter:data2\" content=\"2 minutos\" \/>\n<script type=\"application\/ld+json\" class=\"yoast-schema-graph\">{\"@context\":\"https:\\\/\\\/schema.org\",\"@graph\":[{\"@type\":\"Article\",\"@id\":\"https:\\\/\\\/www.eldiariodetucuman.com\\\/web\\\/acevedo-y-aguero-gamboa-evaluaron-acciones-para-fortalecer-la-seguridad-ciudadana\\\/#article\",\"isPartOf\":{\"@id\":\"https:\\\/\\\/www.eldiariodetucuman.com\\\/web\\\/acevedo-y-aguero-gamboa-evaluaron-acciones-para-fortalecer-la-seguridad-ciudadana\\\/\"},\"author\":{\"name\":\"admin\",\"@id\":\"https:\\\/\\\/www.eldiariodetucuman.com\\\/web\\\/#\\\/schema\\\/person\\\/9250197d75ab5483412e19678b121caa\"},\"headline\":\"Acevedo y Ag\u00fcero Gamboa evaluaron acciones para fortalecer la seguridad ciudadana\",\"datePublished\":\"2025-10-14T21:20:37+00:00\",\"mainEntityOfPage\":{\"@id\":\"https:\\\/\\\/www.eldiariodetucuman.com\\\/web\\\/acevedo-y-aguero-gamboa-evaluaron-acciones-para-fortalecer-la-seguridad-ciudadana\\\/\"},\"wordCount\":400,\"publisher\":{\"@id\":\"https:\\\/\\\/www.eldiariodetucuman.com\\\/web\\\/#organization\"},\"image\":{\"@id\":\"https:\\\/\\\/www.eldiariodetucuman.com\\\/web\\\/acevedo-y-aguero-gamboa-evaluaron-acciones-para-fortalecer-la-seguridad-ciudadana\\\/#primaryimage\"},\"thumbnailUrl\":\"https:\\\/\\\/www.eldiariodetucuman.com\\\/web\\\/wp-content\\\/uploads\\\/2025\\\/10\\\/Acevedo-y-Aguero-Gamboa-evaluaron-acciones-para-fortalecer-la-seguridad.jpeg\",\"articleSection\":[\"Politica\"],\"inLanguage\":\"es\"},{\"@type\":\"WebPage\",\"@id\":\"https:\\\/\\\/www.eldiariodetucuman.com\\\/web\\\/acevedo-y-aguero-gamboa-evaluaron-acciones-para-fortalecer-la-seguridad-ciudadana\\\/\",\"url\":\"https:\\\/\\\/www.eldiariodetucuman.com\\\/web\\\/acevedo-y-aguero-gamboa-evaluaron-acciones-para-fortalecer-la-seguridad-ciudadana\\\/\",\"name\":\"Acevedo y Ag\u00fcero Gamboa evaluaron acciones para fortalecer la seguridad ciudadana - El Diario de Tucuman\",\"isPartOf\":{\"@id\":\"https:\\\/\\\/www.eldiariodetucuman.com\\\/web\\\/#website\"},\"primaryImageOfPage\":{\"@id\":\"https:\\\/\\\/www.eldiariodetucuman.com\\\/web\\\/acevedo-y-aguero-gamboa-evaluaron-acciones-para-fortalecer-la-seguridad-ciudadana\\\/#primaryimage\"},\"image\":{\"@id\":\"https:\\\/\\\/www.eldiariodetucuman.com\\\/web\\\/acevedo-y-aguero-gamboa-evaluaron-acciones-para-fortalecer-la-seguridad-ciudadana\\\/#primaryimage\"},\"thumbnailUrl\":\"https:\\\/\\\/www.eldiariodetucuman.com\\\/web\\\/wp-content\\\/uploads\\\/2025\\\/10\\\/Acevedo-y-Aguero-Gamboa-evaluaron-acciones-para-fortalecer-la-seguridad.jpeg\",\"datePublished\":\"2025-10-14T21:20:37+00:00\",\"breadcrumb\":{\"@id\":\"https:\\\/\\\/www.eldiariodetucuman.com\\\/web\\\/acevedo-y-aguero-gamboa-evaluaron-acciones-para-fortalecer-la-seguridad-ciudadana\\\/#breadcrumb\"},\"inLanguage\":\"es\",\"potentialAction\":[{\"@type\":\"ReadAction\",\"target\":[\"https:\\\/\\\/www.eldiariodetucuman.com\\\/web\\\/acevedo-y-aguero-gamboa-evaluaron-acciones-para-fortalecer-la-seguridad-ciudadana\\\/\"]}]},{\"@type\":\"ImageObject\",\"inLanguage\":\"es\",\"@id\":\"https:\\\/\\\/www.eldiariodetucuman.com\\\/web\\\/acevedo-y-aguero-gamboa-evaluaron-acciones-para-fortalecer-la-seguridad-ciudadana\\\/#primaryimage\",\"url\":\"https:\\\/\\\/www.eldiariodetucuman.com\\\/web\\\/wp-content\\\/uploads\\\/2025\\\/10\\\/Acevedo-y-Aguero-Gamboa-evaluaron-acciones-para-fortalecer-la-seguridad.jpeg\",\"contentUrl\":\"https:\\\/\\\/www.eldiariodetucuman.com\\\/web\\\/wp-content\\\/uploads\\\/2025\\\/10\\\/Acevedo-y-Aguero-Gamboa-evaluaron-acciones-para-fortalecer-la-seguridad.jpeg\",\"width\":818,\"height\":460},{\"@type\":\"BreadcrumbList\",\"@id\":\"https:\\\/\\\/www.eldiariodetucuman.com\\\/web\\\/acevedo-y-aguero-gamboa-evaluaron-acciones-para-fortalecer-la-seguridad-ciudadana\\\/#breadcrumb\",\"itemListElement\":[{\"@type\":\"ListItem\",\"position\":1,\"name\":\"Portada\",\"item\":\"https:\\\/\\\/www.eldiariodetucuman.com\\\/web\\\/\"},{\"@type\":\"ListItem\",\"position\":2,\"name\":\"Acevedo y Ag\u00fcero Gamboa evaluaron acciones para fortalecer la seguridad ciudadana\"}]},{\"@type\":\"WebSite\",\"@id\":\"https:\\\/\\\/www.eldiariodetucuman.com\\\/web\\\/#website\",\"url\":\"https:\\\/\\\/www.eldiariodetucuman.com\\\/web\\\/\",\"name\":\"El Diario de Tucuman\",\"description\":\"Diario Tucuman - Informaci\u00f3n y noticias\",\"publisher\":{\"@id\":\"https:\\\/\\\/www.eldiariodetucuman.com\\\/web\\\/#organization\"},\"potentialAction\":[{\"@type\":\"SearchAction\",\"target\":{\"@type\":\"EntryPoint\",\"urlTemplate\":\"https:\\\/\\\/www.eldiariodetucuman.com\\\/web\\\/?s={search_term_string}\"},\"query-input\":{\"@type\":\"PropertyValueSpecification\",\"valueRequired\":true,\"valueName\":\"search_term_string\"}}],\"inLanguage\":\"es\"},{\"@type\":\"Organization\",\"@id\":\"https:\\\/\\\/www.eldiariodetucuman.com\\\/web\\\/#organization\",\"name\":\"El Diario de Tucuman\",\"url\":\"https:\\\/\\\/www.eldiariodetucuman.com\\\/web\\\/\",\"logo\":{\"@type\":\"ImageObject\",\"inLanguage\":\"es\",\"@id\":\"https:\\\/\\\/www.eldiariodetucuman.com\\\/web\\\/#\\\/schema\\\/logo\\\/image\\\/\",\"url\":\"http:\\\/\\\/www.eldiariodetucuman.com\\\/web\\\/wp-content\\\/uploads\\\/2017\\\/12\\\/el-diario-de-tucuman.jpg\",\"contentUrl\":\"http:\\\/\\\/www.eldiariodetucuman.com\\\/web\\\/wp-content\\\/uploads\\\/2017\\\/12\\\/el-diario-de-tucuman.jpg\",\"width\":272,\"height\":92,\"caption\":\"El Diario de Tucuman\"},\"image\":{\"@id\":\"https:\\\/\\\/www.eldiariodetucuman.com\\\/web\\\/#\\\/schema\\\/logo\\\/image\\\/\"}},{\"@type\":\"Person\",\"@id\":\"https:\\\/\\\/www.eldiariodetucuman.com\\\/web\\\/#\\\/schema\\\/person\\\/9250197d75ab5483412e19678b121caa\",\"name\":\"admin\",\"image\":{\"@type\":\"ImageObject\",\"inLanguage\":\"es\",\"@id\":\"https:\\\/\\\/secure.gravatar.com\\\/avatar\\\/c44d117c2be811212c22cb481f6b8384b6873de103fbc49e7a03cc58d7dea4ac?s=96&d=mm&r=g\",\"url\":\"https:\\\/\\\/secure.gravatar.com\\\/avatar\\\/c44d117c2be811212c22cb481f6b8384b6873de103fbc49e7a03cc58d7dea4ac?s=96&d=mm&r=g\",\"contentUrl\":\"https:\\\/\\\/secure.gravatar.com\\\/avatar\\\/c44d117c2be811212c22cb481f6b8384b6873de103fbc49e7a03cc58d7dea4ac?s=96&d=mm&r=g\",\"caption\":\"admin\"},\"url\":\"https:\\\/\\\/www.eldiariodetucuman.com\\\/web\\\/author\\\/admin\\\/\"}]}<\/script>\n<!-- \/ Yoast SEO plugin. -->","yoast_head_json":{"title":"Acevedo y Ag\u00fcero Gamboa evaluaron acciones para fortalecer la seguridad ciudadana - El Diario de Tucuman","robots":{"index":"index","follow":"follow","max-snippet":"max-snippet:-1","max-image-preview":"max-image-preview:large","max-video-preview":"max-video-preview:-1"},"canonical":"https:\/\/www.eldiariodetucuman.com\/web\/acevedo-y-aguero-gamboa-evaluaron-acciones-para-fortalecer-la-seguridad-ciudadana\/","og_locale":"es_ES","og_type":"article","og_title":"Acevedo y Ag\u00fcero Gamboa evaluaron acciones para fortalecer la seguridad ciudadana - El Diario de Tucuman","og_description":"El vicegobernador, a cargo del Poder Ejecutivo, Miguel Acevedo, recibi\u00f3 en la Casa de Gobierno al ministro de Seguridad, Eugenio Ag\u00fcero Gamboa, con quien analiz\u00f3 los avances del plan de seguridad provincial, las capacitaciones policiales y los operativos desplegados durante el \u00faltimo fin de semana largo. Durante el encuentro, las autoridades repasaron las estrategias que [&hellip;]","og_url":"https:\/\/www.eldiariodetucuman.com\/web\/acevedo-y-aguero-gamboa-evaluaron-acciones-para-fortalecer-la-seguridad-ciudadana\/","og_site_name":"El Diario de Tucuman","article_published_time":"2025-10-14T21:20:37+00:00","author":"admin","twitter_card":"summary_large_image","twitter_misc":{"Escrito por":"admin","Tiempo de lectura":"2 minutos"},"schema":{"@context":"https:\/\/schema.org","@graph":[{"@type":"Article","@id":"https:\/\/www.eldiariodetucuman.com\/web\/acevedo-y-aguero-gamboa-evaluaron-acciones-para-fortalecer-la-seguridad-ciudadana\/#article","isPartOf":{"@id":"https:\/\/www.eldiariodetucuman.com\/web\/acevedo-y-aguero-gamboa-evaluaron-acciones-para-fortalecer-la-seguridad-ciudadana\/"},"author":{"name":"admin","@id":"https:\/\/www.eldiariodetucuman.com\/web\/#\/schema\/person\/9250197d75ab5483412e19678b121caa"},"headline":"Acevedo y Ag\u00fcero Gamboa evaluaron acciones para fortalecer la seguridad ciudadana","datePublished":"2025-10-14T21:20:37+00:00","mainEntityOfPage":{"@id":"https:\/\/www.eldiariodetucuman.com\/web\/acevedo-y-aguero-gamboa-evaluaron-acciones-para-fortalecer-la-seguridad-ciudadana\/"},"wordCount":400,"publisher":{"@id":"https:\/\/www.eldiariodetucuman.com\/web\/#organization"},"image":{"@id":"https:\/\/www.eldiariodetucuman.com\/web\/acevedo-y-aguero-gamboa-evaluaron-acciones-para-fortalecer-la-seguridad-ciudadana\/#primaryimage"},"thumbnailUrl":"https:\/\/www.eldiariodetucuman.com\/web\/wp-content\/uploads\/2025\/10\/Acevedo-y-Aguero-Gamboa-evaluaron-acciones-para-fortalecer-la-seguridad.jpeg","articleSection":["Politica"],"inLanguage":"es"},{"@type":"WebPage","@id":"https:\/\/www.eldiariodetucuman.com\/web\/acevedo-y-aguero-gamboa-evaluaron-acciones-para-fortalecer-la-seguridad-ciudadana\/","url":"https:\/\/www.eldiariodetucuman.com\/web\/acevedo-y-aguero-gamboa-evaluaron-acciones-para-fortalecer-la-seguridad-ciudadana\/","name":"Acevedo y Ag\u00fcero Gamboa evaluaron acciones para fortalecer la seguridad ciudadana - El Diario de Tucuman","isPartOf":{"@id":"https:\/\/www.eldiariodetucuman.com\/web\/#website"},"primaryImageOfPage":{"@id":"https:\/\/www.eldiariodetucuman.com\/web\/acevedo-y-aguero-gamboa-evaluaron-acciones-para-fortalecer-la-seguridad-ciudadana\/#primaryimage"},"image":{"@id":"https:\/\/www.eldiariodetucuman.com\/web\/acevedo-y-aguero-gamboa-evaluaron-acciones-para-fortalecer-la-seguridad-ciudadana\/#primaryimage"},"thumbnailUrl":"https:\/\/www.eldiariodetucuman.com\/web\/wp-content\/uploads\/2025\/10\/Acevedo-y-Aguero-Gamboa-evaluaron-acciones-para-fortalecer-la-seguridad.jpeg","datePublished":"2025-10-14T21:20:37+00:00","breadcrumb":{"@id":"https:\/\/www.eldiariodetucuman.com\/web\/acevedo-y-aguero-gamboa-evaluaron-acciones-para-fortalecer-la-seguridad-ciudadana\/#breadcrumb"},"inLanguage":"es","potentialAction":[{"@type":"ReadAction","target":["https:\/\/www.eldiariodetucuman.com\/web\/acevedo-y-aguero-gamboa-evaluaron-acciones-para-fortalecer-la-seguridad-ciudadana\/"]}]},{"@type":"ImageObject","inLanguage":"es","@id":"https:\/\/www.eldiariodetucuman.com\/web\/acevedo-y-aguero-gamboa-evaluaron-acciones-para-fortalecer-la-seguridad-ciudadana\/#primaryimage","url":"https:\/\/www.eldiariodetucuman.com\/web\/wp-content\/uploads\/2025\/10\/Acevedo-y-Aguero-Gamboa-evaluaron-acciones-para-fortalecer-la-seguridad.jpeg","contentUrl":"https:\/\/www.eldiariodetucuman.com\/web\/wp-content\/uploads\/2025\/10\/Acevedo-y-Aguero-Gamboa-evaluaron-acciones-para-fortalecer-la-seguridad.jpeg","width":818,"height":460},{"@type":"BreadcrumbList","@id":"https:\/\/www.eldiariodetucuman.com\/web\/acevedo-y-aguero-gamboa-evaluaron-acciones-para-fortalecer-la-seguridad-ciudadana\/#breadcrumb","itemListElement":[{"@type":"ListItem","position":1,"name":"Portada","item":"https:\/\/www.eldiariodetucuman.com\/web\/"},{"@type":"ListItem","position":2,"name":"Acevedo y Ag\u00fcero Gamboa evaluaron acciones para fortalecer la seguridad ciudadana"}]},{"@type":"WebSite","@id":"https:\/\/www.eldiariodetucuman.com\/web\/#website","url":"https:\/\/www.eldiariodetucuman.com\/web\/","name":"El Diario de Tucuman","description":"Diario Tucuman - Informaci\u00f3n y noticias","publisher":{"@id":"https:\/\/www.eldiariodetucuman.com\/web\/#organization"},"potentialAction":[{"@type":"SearchAction","target":{"@type":"EntryPoint","urlTemplate":"https:\/\/www.eldiariodetucuman.com\/web\/?s={search_term_string}"},"query-input":{"@type":"PropertyValueSpecification","valueRequired":true,"valueName":"search_term_string"}}],"inLanguage":"es"},{"@type":"Organization","@id":"https:\/\/www.eldiariodetucuman.com\/web\/#organization","name":"El Diario de Tucuman","url":"https:\/\/www.eldiariodetucuman.com\/web\/","logo":{"@type":"ImageObject","inLanguage":"es","@id":"https:\/\/www.eldiariodetucuman.com\/web\/#\/schema\/logo\/image\/","url":"http:\/\/www.eldiariodetucuman.com\/web\/wp-content\/uploads\/2017\/12\/el-diario-de-tucuman.jpg","contentUrl":"http:\/\/www.eldiariodetucuman.com\/web\/wp-content\/uploads\/2017\/12\/el-diario-de-tucuman.jpg","width":272,"height":92,"caption":"El Diario de Tucuman"},"image":{"@id":"https:\/\/www.eldiariodetucuman.com\/web\/#\/schema\/logo\/image\/"}},{"@type":"Person","@id":"https:\/\/www.eldiariodetucuman.com\/web\/#\/schema\/person\/9250197d75ab5483412e19678b121caa","name":"admin","image":{"@type":"ImageObject","inLanguage":"es","@id":"https:\/\/secure.gravatar.com\/avatar\/c44d117c2be811212c22cb481f6b8384b6873de103fbc49e7a03cc58d7dea4ac?s=96&d=mm&r=g","url":"https:\/\/secure.gravatar.com\/avatar\/c44d117c2be811212c22cb481f6b8384b6873de103fbc49e7a03cc58d7dea4ac?s=96&d=mm&r=g","contentUrl":"https:\/\/secure.gravatar.com\/avatar\/c44d117c2be811212c22cb481f6b8384b6873de103fbc49e7a03cc58d7dea4ac?s=96&d=mm&r=g","caption":"admin"},"url":"https:\/\/www.eldiariodetucuman.com\/web\/author\/admin\/"}]}},"_links":{"self":[{"href":"https:\/\/www.eldiariodetucuman.com\/web\/wp-json\/wp\/v2\/posts\/45932","targetHints":{"allow":["GET"]}}],"collection":[{"href":"https:\/\/www.eldiariodetucuman.com\/web\/wp-json\/wp\/v2\/posts"}],"about":[{"href":"https:\/\/www.eldiariodetucuman.com\/web\/wp-json\/wp\/v2\/types\/post"}],"author":[{"embeddable":true,"href":"https:\/\/www.eldiariodetucuman.com\/web\/wp-json\/wp\/v2\/users\/1"}],"replies":[{"embeddable":true,"href":"https:\/\/www.eldiariodetucuman.com\/web\/wp-json\/wp\/v2\/comments?post=45932"}],"version-history":[{"count":0,"href":"https:\/\/www.eldiariodetucuman.com\/web\/wp-json\/wp\/v2\/posts\/45932\/revisions"}],"wp:featuredmedia":[{"embeddable":true,"href":"https:\/\/www.eldiariodetucuman.com\/web\/wp-json\/wp\/v2\/media\/45933"}],"wp:attachment":[{"href":"https:\/\/www.eldiariodetucuman.com\/web\/wp-json\/wp\/v2\/media?parent=45932"}],"wp:term":[{"taxonomy":"category","embeddable":true,"href":"https:\/\/www.eldiariodetucuman.com\/web\/wp-json\/wp\/v2\/categories?post=45932"},{"taxonomy":"post_tag","embeddable":true,"href":"https:\/\/www.eldiariodetucuman.com\/web\/wp-json\/wp\/v2\/tags?post=45932"}],"curies":[{"name":"wp","href":"https:\/\/api.w.org\/{rel}","templated":true}]}}