{"id":45930,"date":"2025-10-14T18:15:02","date_gmt":"2025-10-14T21:15:02","guid":{"rendered":"https:\/\/www.eldiariodetucuman.com\/web\/solicitan-un-pedido-de-quiebra-para-san-lorenzo\/"},"modified":"2025-10-14T18:15:02","modified_gmt":"2025-10-14T21:15:02","slug":"solicitan-un-pedido-de-quiebra-para-san-lorenzo","status":"publish","type":"post","link":"https:\/\/www.eldiariodetucuman.com\/web\/solicitan-un-pedido-de-quiebra-para-san-lorenzo\/","title":{"rendered":"Solicitan un pedido de quiebra para San Lorenzo"},"content":{"rendered":"<p>    <\/p>\n<p>El dinero que debe juntar la instituci\u00f3n es debido a un pr\u00e9stamo que hab\u00eda recibido por la cesi\u00f3n de derechos de la transferencia del delantero Adolfo Gaich al CSKA Mosc\u00fa de Rusia en julio de 2020.<\/p>\n<p>En aquel entonces, el club comprador hab\u00eda enviado documentos y el Cicl\u00f3n, entonces presidido por Marcelo Tinelli, sac\u00f3 un cr\u00e9dito y le dieron un pr\u00e9stamo. Sin embargo, el elenco ruso no quiso pagarle al fondo que dio el dinero y se lo desembols\u00f3 al club de Boedo, que nunca devolvi\u00f3 la plata al AIS Investment Fund.<\/p>\n<p>Semanas atr\u00e1s, la entidad suiza hab\u00eda pedido la quiebra de la instituci\u00f3n y el a\u00f1o pasado San Lorenzo fue condenado a pagar 3.938.419,31 d\u00f3lares m\u00e1s intereses, lo que da la cifra actual. Ahora tendr\u00e1 cinco d\u00edas para recaudar ese dinero.<\/p>\n<p>Seg\u00fan pudo averiguar TyC Sports, la \u00fanica salida que tiene la instituci\u00f3n argentina es recaudar el dinero y saldar la deuda, ya que no hay ninguna otra instancia en la que pueda apelar.<\/p>\n<p>Cabe resaltar que los abogados del club vienen trabajando en esta causa desde hace un a\u00f1o porque el reclamo del fondo suizo no es de ahora, pero tras varios intentos, no pudieron llegar a un entendimiento y la Justicia tom\u00f3 esta determinaci\u00f3n que pone en peligro el futuro de la instituci\u00f3n.<\/p>\n<p>  <strong> FUENTE:<\/strong> TyC Sports<br \/>\n<br \/>Fuente: <a href=\"https:\/\/www.lv12.com.ar\/san-lorenzo\/solicitan-un-pedido-quiebra-san-lorenzo-n187297\"> Fuente de la nota <\/a><\/p>\n","protected":false},"excerpt":{"rendered":"<p>El dinero que debe juntar la instituci\u00f3n es debido a un pr\u00e9stamo que hab\u00eda recibido por la cesi\u00f3n de derechos de la transferencia del delantero Adolfo Gaich al CSKA Mosc\u00fa de Rusia en julio de 2020. En aquel entonces, el club comprador hab\u00eda enviado documentos y el Cicl\u00f3n, entonces presidido por Marcelo Tinelli, sac\u00f3 un [&hellip;]<\/p>\n","protected":false},"author":1,"featured_media":45931,"comment_status":"closed","ping_status":"open","sticky":false,"template":"","format":"standard","meta":{"footnotes":""},"categories":[6],"tags":[],"class_list":{"0":"post-45930","1":"post","2":"type-post","3":"status-publish","4":"format-standard","5":"has-post-thumbnail","7":"category-deporte"},"yoast_head":"<!-- This site is optimized with the Yoast SEO plugin v27.4 - https:\/\/yoast.com\/product\/yoast-seo-wordpress\/ -->\n<title>Solicitan un pedido de quiebra para San Lorenzo - El Diario de Tucuman<\/title>\n<meta name=\"robots\" content=\"index, follow, max-snippet:-1, max-image-preview:large, max-video-preview:-1\" \/>\n<link rel=\"canonical\" href=\"https:\/\/www.eldiariodetucuman.com\/web\/solicitan-un-pedido-de-quiebra-para-san-lorenzo\/\" \/>\n<meta property=\"og:locale\" content=\"es_ES\" \/>\n<meta property=\"og:type\" content=\"article\" \/>\n<meta property=\"og:title\" content=\"Solicitan un pedido de quiebra para San Lorenzo - El Diario de Tucuman\" \/>\n<meta property=\"og:description\" content=\"El dinero que debe juntar la instituci\u00f3n es debido a un pr\u00e9stamo que hab\u00eda recibido por la cesi\u00f3n de derechos de la transferencia del delantero Adolfo Gaich al CSKA Mosc\u00fa de Rusia en julio de 2020. En aquel entonces, el club comprador hab\u00eda enviado documentos y el Cicl\u00f3n, entonces presidido por Marcelo Tinelli, sac\u00f3 un [&hellip;]\" \/>\n<meta property=\"og:url\" content=\"https:\/\/www.eldiariodetucuman.com\/web\/solicitan-un-pedido-de-quiebra-para-san-lorenzo\/\" \/>\n<meta property=\"og:site_name\" content=\"El Diario de Tucuman\" \/>\n<meta property=\"article:published_time\" content=\"2025-10-14T21:15:02+00:00\" \/>\n<meta name=\"author\" content=\"admin\" \/>\n<meta name=\"twitter:card\" content=\"summary_large_image\" \/>\n<meta name=\"twitter:label1\" content=\"Escrito por\" \/>\n\t<meta name=\"twitter:data1\" content=\"admin\" \/>\n\t<meta name=\"twitter:label2\" content=\"Tiempo de lectura\" \/>\n\t<meta name=\"twitter:data2\" content=\"1 minuto\" \/>\n<script type=\"application\/ld+json\" class=\"yoast-schema-graph\">{\"@context\":\"https:\\\/\\\/schema.org\",\"@graph\":[{\"@type\":\"Article\",\"@id\":\"https:\\\/\\\/www.eldiariodetucuman.com\\\/web\\\/solicitan-un-pedido-de-quiebra-para-san-lorenzo\\\/#article\",\"isPartOf\":{\"@id\":\"https:\\\/\\\/www.eldiariodetucuman.com\\\/web\\\/solicitan-un-pedido-de-quiebra-para-san-lorenzo\\\/\"},\"author\":{\"name\":\"admin\",\"@id\":\"https:\\\/\\\/www.eldiariodetucuman.com\\\/web\\\/#\\\/schema\\\/person\\\/9250197d75ab5483412e19678b121caa\"},\"headline\":\"Solicitan un pedido de quiebra para San Lorenzo\",\"datePublished\":\"2025-10-14T21:15:02+00:00\",\"mainEntityOfPage\":{\"@id\":\"https:\\\/\\\/www.eldiariodetucuman.com\\\/web\\\/solicitan-un-pedido-de-quiebra-para-san-lorenzo\\\/\"},\"wordCount\":250,\"publisher\":{\"@id\":\"https:\\\/\\\/www.eldiariodetucuman.com\\\/web\\\/#organization\"},\"image\":{\"@id\":\"https:\\\/\\\/www.eldiariodetucuman.com\\\/web\\\/solicitan-un-pedido-de-quiebra-para-san-lorenzo\\\/#primaryimage\"},\"thumbnailUrl\":\"https:\\\/\\\/www.eldiariodetucuman.com\\\/web\\\/wp-content\\\/uploads\\\/2025\\\/10\\\/Solicitan-un-pedido-de-quiebra-para-San-Lorenzo.jfif.jpeg\",\"articleSection\":[\"Deporte\"],\"inLanguage\":\"es\"},{\"@type\":\"WebPage\",\"@id\":\"https:\\\/\\\/www.eldiariodetucuman.com\\\/web\\\/solicitan-un-pedido-de-quiebra-para-san-lorenzo\\\/\",\"url\":\"https:\\\/\\\/www.eldiariodetucuman.com\\\/web\\\/solicitan-un-pedido-de-quiebra-para-san-lorenzo\\\/\",\"name\":\"Solicitan un pedido de quiebra para San Lorenzo - El Diario de Tucuman\",\"isPartOf\":{\"@id\":\"https:\\\/\\\/www.eldiariodetucuman.com\\\/web\\\/#website\"},\"primaryImageOfPage\":{\"@id\":\"https:\\\/\\\/www.eldiariodetucuman.com\\\/web\\\/solicitan-un-pedido-de-quiebra-para-san-lorenzo\\\/#primaryimage\"},\"image\":{\"@id\":\"https:\\\/\\\/www.eldiariodetucuman.com\\\/web\\\/solicitan-un-pedido-de-quiebra-para-san-lorenzo\\\/#primaryimage\"},\"thumbnailUrl\":\"https:\\\/\\\/www.eldiariodetucuman.com\\\/web\\\/wp-content\\\/uploads\\\/2025\\\/10\\\/Solicitan-un-pedido-de-quiebra-para-San-Lorenzo.jfif.jpeg\",\"datePublished\":\"2025-10-14T21:15:02+00:00\",\"breadcrumb\":{\"@id\":\"https:\\\/\\\/www.eldiariodetucuman.com\\\/web\\\/solicitan-un-pedido-de-quiebra-para-san-lorenzo\\\/#breadcrumb\"},\"inLanguage\":\"es\",\"potentialAction\":[{\"@type\":\"ReadAction\",\"target\":[\"https:\\\/\\\/www.eldiariodetucuman.com\\\/web\\\/solicitan-un-pedido-de-quiebra-para-san-lorenzo\\\/\"]}]},{\"@type\":\"ImageObject\",\"inLanguage\":\"es\",\"@id\":\"https:\\\/\\\/www.eldiariodetucuman.com\\\/web\\\/solicitan-un-pedido-de-quiebra-para-san-lorenzo\\\/#primaryimage\",\"url\":\"https:\\\/\\\/www.eldiariodetucuman.com\\\/web\\\/wp-content\\\/uploads\\\/2025\\\/10\\\/Solicitan-un-pedido-de-quiebra-para-San-Lorenzo.jfif.jpeg\",\"contentUrl\":\"https:\\\/\\\/www.eldiariodetucuman.com\\\/web\\\/wp-content\\\/uploads\\\/2025\\\/10\\\/Solicitan-un-pedido-de-quiebra-para-San-Lorenzo.jfif.jpeg\",\"width\":1200,\"height\":675},{\"@type\":\"BreadcrumbList\",\"@id\":\"https:\\\/\\\/www.eldiariodetucuman.com\\\/web\\\/solicitan-un-pedido-de-quiebra-para-san-lorenzo\\\/#breadcrumb\",\"itemListElement\":[{\"@type\":\"ListItem\",\"position\":1,\"name\":\"Portada\",\"item\":\"https:\\\/\\\/www.eldiariodetucuman.com\\\/web\\\/\"},{\"@type\":\"ListItem\",\"position\":2,\"name\":\"Solicitan un pedido de quiebra para San Lorenzo\"}]},{\"@type\":\"WebSite\",\"@id\":\"https:\\\/\\\/www.eldiariodetucuman.com\\\/web\\\/#website\",\"url\":\"https:\\\/\\\/www.eldiariodetucuman.com\\\/web\\\/\",\"name\":\"El Diario de Tucuman\",\"description\":\"Diario Tucuman - Informaci\u00f3n y noticias\",\"publisher\":{\"@id\":\"https:\\\/\\\/www.eldiariodetucuman.com\\\/web\\\/#organization\"},\"potentialAction\":[{\"@type\":\"SearchAction\",\"target\":{\"@type\":\"EntryPoint\",\"urlTemplate\":\"https:\\\/\\\/www.eldiariodetucuman.com\\\/web\\\/?s={search_term_string}\"},\"query-input\":{\"@type\":\"PropertyValueSpecification\",\"valueRequired\":true,\"valueName\":\"search_term_string\"}}],\"inLanguage\":\"es\"},{\"@type\":\"Organization\",\"@id\":\"https:\\\/\\\/www.eldiariodetucuman.com\\\/web\\\/#organization\",\"name\":\"El Diario de Tucuman\",\"url\":\"https:\\\/\\\/www.eldiariodetucuman.com\\\/web\\\/\",\"logo\":{\"@type\":\"ImageObject\",\"inLanguage\":\"es\",\"@id\":\"https:\\\/\\\/www.eldiariodetucuman.com\\\/web\\\/#\\\/schema\\\/logo\\\/image\\\/\",\"url\":\"http:\\\/\\\/www.eldiariodetucuman.com\\\/web\\\/wp-content\\\/uploads\\\/2017\\\/12\\\/el-diario-de-tucuman.jpg\",\"contentUrl\":\"http:\\\/\\\/www.eldiariodetucuman.com\\\/web\\\/wp-content\\\/uploads\\\/2017\\\/12\\\/el-diario-de-tucuman.jpg\",\"width\":272,\"height\":92,\"caption\":\"El Diario de Tucuman\"},\"image\":{\"@id\":\"https:\\\/\\\/www.eldiariodetucuman.com\\\/web\\\/#\\\/schema\\\/logo\\\/image\\\/\"}},{\"@type\":\"Person\",\"@id\":\"https:\\\/\\\/www.eldiariodetucuman.com\\\/web\\\/#\\\/schema\\\/person\\\/9250197d75ab5483412e19678b121caa\",\"name\":\"admin\",\"image\":{\"@type\":\"ImageObject\",\"inLanguage\":\"es\",\"@id\":\"https:\\\/\\\/secure.gravatar.com\\\/avatar\\\/c44d117c2be811212c22cb481f6b8384b6873de103fbc49e7a03cc58d7dea4ac?s=96&d=mm&r=g\",\"url\":\"https:\\\/\\\/secure.gravatar.com\\\/avatar\\\/c44d117c2be811212c22cb481f6b8384b6873de103fbc49e7a03cc58d7dea4ac?s=96&d=mm&r=g\",\"contentUrl\":\"https:\\\/\\\/secure.gravatar.com\\\/avatar\\\/c44d117c2be811212c22cb481f6b8384b6873de103fbc49e7a03cc58d7dea4ac?s=96&d=mm&r=g\",\"caption\":\"admin\"},\"url\":\"https:\\\/\\\/www.eldiariodetucuman.com\\\/web\\\/author\\\/admin\\\/\"}]}<\/script>\n<!-- \/ Yoast SEO plugin. -->","yoast_head_json":{"title":"Solicitan un pedido de quiebra para San Lorenzo - El Diario de Tucuman","robots":{"index":"index","follow":"follow","max-snippet":"max-snippet:-1","max-image-preview":"max-image-preview:large","max-video-preview":"max-video-preview:-1"},"canonical":"https:\/\/www.eldiariodetucuman.com\/web\/solicitan-un-pedido-de-quiebra-para-san-lorenzo\/","og_locale":"es_ES","og_type":"article","og_title":"Solicitan un pedido de quiebra para San Lorenzo - El Diario de Tucuman","og_description":"El dinero que debe juntar la instituci\u00f3n es debido a un pr\u00e9stamo que hab\u00eda recibido por la cesi\u00f3n de derechos de la transferencia del delantero Adolfo Gaich al CSKA Mosc\u00fa de Rusia en julio de 2020. En aquel entonces, el club comprador hab\u00eda enviado documentos y el Cicl\u00f3n, entonces presidido por Marcelo Tinelli, sac\u00f3 un [&hellip;]","og_url":"https:\/\/www.eldiariodetucuman.com\/web\/solicitan-un-pedido-de-quiebra-para-san-lorenzo\/","og_site_name":"El Diario de Tucuman","article_published_time":"2025-10-14T21:15:02+00:00","author":"admin","twitter_card":"summary_large_image","twitter_misc":{"Escrito por":"admin","Tiempo de lectura":"1 minuto"},"schema":{"@context":"https:\/\/schema.org","@graph":[{"@type":"Article","@id":"https:\/\/www.eldiariodetucuman.com\/web\/solicitan-un-pedido-de-quiebra-para-san-lorenzo\/#article","isPartOf":{"@id":"https:\/\/www.eldiariodetucuman.com\/web\/solicitan-un-pedido-de-quiebra-para-san-lorenzo\/"},"author":{"name":"admin","@id":"https:\/\/www.eldiariodetucuman.com\/web\/#\/schema\/person\/9250197d75ab5483412e19678b121caa"},"headline":"Solicitan un pedido de quiebra para San Lorenzo","datePublished":"2025-10-14T21:15:02+00:00","mainEntityOfPage":{"@id":"https:\/\/www.eldiariodetucuman.com\/web\/solicitan-un-pedido-de-quiebra-para-san-lorenzo\/"},"wordCount":250,"publisher":{"@id":"https:\/\/www.eldiariodetucuman.com\/web\/#organization"},"image":{"@id":"https:\/\/www.eldiariodetucuman.com\/web\/solicitan-un-pedido-de-quiebra-para-san-lorenzo\/#primaryimage"},"thumbnailUrl":"https:\/\/www.eldiariodetucuman.com\/web\/wp-content\/uploads\/2025\/10\/Solicitan-un-pedido-de-quiebra-para-San-Lorenzo.jfif.jpeg","articleSection":["Deporte"],"inLanguage":"es"},{"@type":"WebPage","@id":"https:\/\/www.eldiariodetucuman.com\/web\/solicitan-un-pedido-de-quiebra-para-san-lorenzo\/","url":"https:\/\/www.eldiariodetucuman.com\/web\/solicitan-un-pedido-de-quiebra-para-san-lorenzo\/","name":"Solicitan un pedido de quiebra para San Lorenzo - El Diario de Tucuman","isPartOf":{"@id":"https:\/\/www.eldiariodetucuman.com\/web\/#website"},"primaryImageOfPage":{"@id":"https:\/\/www.eldiariodetucuman.com\/web\/solicitan-un-pedido-de-quiebra-para-san-lorenzo\/#primaryimage"},"image":{"@id":"https:\/\/www.eldiariodetucuman.com\/web\/solicitan-un-pedido-de-quiebra-para-san-lorenzo\/#primaryimage"},"thumbnailUrl":"https:\/\/www.eldiariodetucuman.com\/web\/wp-content\/uploads\/2025\/10\/Solicitan-un-pedido-de-quiebra-para-San-Lorenzo.jfif.jpeg","datePublished":"2025-10-14T21:15:02+00:00","breadcrumb":{"@id":"https:\/\/www.eldiariodetucuman.com\/web\/solicitan-un-pedido-de-quiebra-para-san-lorenzo\/#breadcrumb"},"inLanguage":"es","potentialAction":[{"@type":"ReadAction","target":["https:\/\/www.eldiariodetucuman.com\/web\/solicitan-un-pedido-de-quiebra-para-san-lorenzo\/"]}]},{"@type":"ImageObject","inLanguage":"es","@id":"https:\/\/www.eldiariodetucuman.com\/web\/solicitan-un-pedido-de-quiebra-para-san-lorenzo\/#primaryimage","url":"https:\/\/www.eldiariodetucuman.com\/web\/wp-content\/uploads\/2025\/10\/Solicitan-un-pedido-de-quiebra-para-San-Lorenzo.jfif.jpeg","contentUrl":"https:\/\/www.eldiariodetucuman.com\/web\/wp-content\/uploads\/2025\/10\/Solicitan-un-pedido-de-quiebra-para-San-Lorenzo.jfif.jpeg","width":1200,"height":675},{"@type":"BreadcrumbList","@id":"https:\/\/www.eldiariodetucuman.com\/web\/solicitan-un-pedido-de-quiebra-para-san-lorenzo\/#breadcrumb","itemListElement":[{"@type":"ListItem","position":1,"name":"Portada","item":"https:\/\/www.eldiariodetucuman.com\/web\/"},{"@type":"ListItem","position":2,"name":"Solicitan un pedido de quiebra para San Lorenzo"}]},{"@type":"WebSite","@id":"https:\/\/www.eldiariodetucuman.com\/web\/#website","url":"https:\/\/www.eldiariodetucuman.com\/web\/","name":"El Diario de Tucuman","description":"Diario Tucuman - Informaci\u00f3n y noticias","publisher":{"@id":"https:\/\/www.eldiariodetucuman.com\/web\/#organization"},"potentialAction":[{"@type":"SearchAction","target":{"@type":"EntryPoint","urlTemplate":"https:\/\/www.eldiariodetucuman.com\/web\/?s={search_term_string}"},"query-input":{"@type":"PropertyValueSpecification","valueRequired":true,"valueName":"search_term_string"}}],"inLanguage":"es"},{"@type":"Organization","@id":"https:\/\/www.eldiariodetucuman.com\/web\/#organization","name":"El Diario de Tucuman","url":"https:\/\/www.eldiariodetucuman.com\/web\/","logo":{"@type":"ImageObject","inLanguage":"es","@id":"https:\/\/www.eldiariodetucuman.com\/web\/#\/schema\/logo\/image\/","url":"http:\/\/www.eldiariodetucuman.com\/web\/wp-content\/uploads\/2017\/12\/el-diario-de-tucuman.jpg","contentUrl":"http:\/\/www.eldiariodetucuman.com\/web\/wp-content\/uploads\/2017\/12\/el-diario-de-tucuman.jpg","width":272,"height":92,"caption":"El Diario de Tucuman"},"image":{"@id":"https:\/\/www.eldiariodetucuman.com\/web\/#\/schema\/logo\/image\/"}},{"@type":"Person","@id":"https:\/\/www.eldiariodetucuman.com\/web\/#\/schema\/person\/9250197d75ab5483412e19678b121caa","name":"admin","image":{"@type":"ImageObject","inLanguage":"es","@id":"https:\/\/secure.gravatar.com\/avatar\/c44d117c2be811212c22cb481f6b8384b6873de103fbc49e7a03cc58d7dea4ac?s=96&d=mm&r=g","url":"https:\/\/secure.gravatar.com\/avatar\/c44d117c2be811212c22cb481f6b8384b6873de103fbc49e7a03cc58d7dea4ac?s=96&d=mm&r=g","contentUrl":"https:\/\/secure.gravatar.com\/avatar\/c44d117c2be811212c22cb481f6b8384b6873de103fbc49e7a03cc58d7dea4ac?s=96&d=mm&r=g","caption":"admin"},"url":"https:\/\/www.eldiariodetucuman.com\/web\/author\/admin\/"}]}},"_links":{"self":[{"href":"https:\/\/www.eldiariodetucuman.com\/web\/wp-json\/wp\/v2\/posts\/45930","targetHints":{"allow":["GET"]}}],"collection":[{"href":"https:\/\/www.eldiariodetucuman.com\/web\/wp-json\/wp\/v2\/posts"}],"about":[{"href":"https:\/\/www.eldiariodetucuman.com\/web\/wp-json\/wp\/v2\/types\/post"}],"author":[{"embeddable":true,"href":"https:\/\/www.eldiariodetucuman.com\/web\/wp-json\/wp\/v2\/users\/1"}],"replies":[{"embeddable":true,"href":"https:\/\/www.eldiariodetucuman.com\/web\/wp-json\/wp\/v2\/comments?post=45930"}],"version-history":[{"count":0,"href":"https:\/\/www.eldiariodetucuman.com\/web\/wp-json\/wp\/v2\/posts\/45930\/revisions"}],"wp:featuredmedia":[{"embeddable":true,"href":"https:\/\/www.eldiariodetucuman.com\/web\/wp-json\/wp\/v2\/media\/45931"}],"wp:attachment":[{"href":"https:\/\/www.eldiariodetucuman.com\/web\/wp-json\/wp\/v2\/media?parent=45930"}],"wp:term":[{"taxonomy":"category","embeddable":true,"href":"https:\/\/www.eldiariodetucuman.com\/web\/wp-json\/wp\/v2\/categories?post=45930"},{"taxonomy":"post_tag","embeddable":true,"href":"https:\/\/www.eldiariodetucuman.com\/web\/wp-json\/wp\/v2\/tags?post=45930"}],"curies":[{"name":"wp","href":"https:\/\/api.w.org\/{rel}","templated":true}]}}