{"id":45928,"date":"2025-10-14T15:33:52","date_gmt":"2025-10-14T18:33:52","guid":{"rendered":"https:\/\/www.eldiariodetucuman.com\/web\/maxima-expectativa-javier-milei-se-reune-con-donald-trump-en-la-casa-blanca\/"},"modified":"2025-10-14T15:33:52","modified_gmt":"2025-10-14T18:33:52","slug":"maxima-expectativa-javier-milei-se-reune-con-donald-trump-en-la-casa-blanca","status":"publish","type":"post","link":"https:\/\/www.eldiariodetucuman.com\/web\/maxima-expectativa-javier-milei-se-reune-con-donald-trump-en-la-casa-blanca\/","title":{"rendered":"M\u00e1xima expectativa: Javier Milei se re\u00fane con Donald Trump en la Casa Blanca"},"content":{"rendered":"<p><\/p>\n<h2>Javier Milei viaja a Washington para reunirse con Donald Trump tras el respaldo financiero de EE.UU. Buscar\u00e1n avanzar en un acuerdo comercial bilateral.<\/h2>\n<p><strong>El presidente Javier Milei se reunir\u00e1 este martes en la Casa Blanca con su par estadounidense, Donald Trump<\/strong>, luego del respaldo financiero que la gesti\u00f3n libertaria cerr\u00f3 la semana pasada con la administraci\u00f3n republicana.<\/p>\n<p>El mandatario parti\u00f3 cerca de las 15:15 con destino a Washington DC, acompa\u00f1ado por una comitiva integrada por la secretaria General de la Presidencia,\u00a0<strong>Karina Milei<\/strong>, los ministros de Econom\u00eda,\u00a0<strong>Luis Caputo<\/strong>, y de Seguridad,\u00a0<strong>Patricia Bullrich<\/strong>, y el titular del Banco Central,\u00a0<strong>Santiago Bausili<\/strong>. En la capital estadounidense ya se encontraban el canciller\u00a0<strong>Gustavo Werthein<\/strong>, el embajador argentino,\u00a0<strong>Alejandro \u00abAlec\u00bb Oxenford<\/strong>, y el asesor presidencial\u00a0<strong>Santiago Caputo<\/strong>.<\/p>\n<p>La esperada audiencia entre los dos presidentes en el Sal\u00f3n Oval de la Casa Blanca se ven\u00eda negociando por la diplomacia de ambos pa\u00edses desde hac\u00eda varios meses. Ahora se concretar\u00e1 pocos d\u00edas despu\u00e9s del\u00a0<strong>apoyo financiero que se acord\u00f3 con el secretario del Tesoro, Scott Bessent<\/strong>, para estabilizar la situaci\u00f3n cambiaria de la Argentina y que fue calificado por el propio Milei como\u00a0<strong>\u00abhist\u00f3rico\u00bb<\/strong>.<\/p>\n<h3>La agenda presidencial en Washington<\/h3>\n<p><strong>01:50 hs<\/strong>\u00a0\u2013 Arribo del presidente a la Blair House.<strong>12:00 hs<\/strong>\u00a0\u2013 El presidente Milei arribar\u00e1 a la Casa Blanca, donde saludar\u00e1 a su par norteamericano, Donald Trump, y firmar\u00e1 el libro de honor. Luego mantendr\u00e1 una reuni\u00f3n con Trump.<strong>12:45 hs\u00a0<\/strong>\u2013 Almuerzo de trabajo en honor al presidente Milei, del que participar\u00e1n las comitivas argentina y estadounidense.\u00a0<strong>13:45 hs<\/strong>\u00a0\u2013 Despedida al presidente Milei, a cargo del presidente Trump.<strong>17:00 hs<\/strong>\u00a0\u2013 Participaci\u00f3n en la ceremonia de homenaje a Charlie Kirk (a confirmar).Horario a confirmar \u2013 Firma del libro de visitas de la Blair House y fotograf\u00eda con el personal de la casa de hu\u00e9spedes.\u00a0<strong>22:00 hs\u00a0<\/strong>\u2013 Partida del vuelo especial que llevar\u00e1 al presidente de regreso a la Argentina.<\/p>\n<p>Los horarios de las actividades de Milei en Washington estaba sin horarios confirmados, debido a que todo estaba atado a la agenda de Trump, quien deb\u00eda regresar a su pa\u00eds desde Egipto, donde en las \u00faltimas horas encabez\u00f3 la resonante firma de un acuerdo entre un grupo de pa\u00edses para supervisar el proceso de paz en La Franja de Gaza.<\/p>\n<p>Precisamente, este lunes\u00a0<strong>Milei tuite\u00f3 para elogiar a su par de Estados Unidos<\/strong>, luego de que el grupo Hamas liberara 20 rehenes vivos, secuestrados del 7 de octubre de 2023, y destac\u00f3 su labor en la negociaci\u00f3n por el alto al fuego en Medio Oriente.<\/p>\n<p>El encuentro entre los dos mandatarios estaba\u00a0<strong>pautado para cerca del mediod\u00eda (hora argentina)<\/strong>. Luego, se brindar\u00e1 el almuerzo de trabajo en honor al presidente argentino, del que participar\u00e1n las comitivas de los dos pa\u00edses. Existe expectativa por la chance de que se aproveche el encuentro para\u00a0<strong>anunciar un acuerdo comercial bilateral<\/strong>, en el que viene trabajando Werthein desde hace tiempo.<\/p>\n<p>En tanto, estaba por confirmarse la participaci\u00f3n del jefe de Estado argentino por la tarde en la\u00a0<strong>ceremonia de homenaje a Charlie Kirk<\/strong>, el activista pol\u00edtico de derecha asesinado de un disparo, el pasado 10 de septiembre. Su visita culminar\u00e1 a la noche, cuando tomar\u00e1 el vuelo especial que lo traer\u00e1 de regreso a la Argentina junto a su delegaci\u00f3n.<\/p>\n<p>Existe expectativa por la chance de que se aproveche el encuentro para anunciar un acuerdo comercial bilateral, en el que viene trabajando Werthein desde hace tiempo.<\/p>\n<p>En tanto, estaba por confirmarse la participaci\u00f3n del jefe de Estado argentino por la tarde en la ceremonia de homenaje a Charlie Kirk, el activista pol\u00edtico de derecha asesinado de un disparo, el pasado 10 de septiembre.<\/p>\n<p>Su visita culminar\u00e1 a la noche, cuando tomar\u00e1 el vuelo especial que lo traer\u00e1 de regreso a la Argentina junto a su delegaci\u00f3n.<\/p>\n<p>na<\/p>\n<p>Fuente: <a href=\"https:\/\/tucuman24.com\/nota\/193515\/maxima-expectativa-javier-milei-se-reune-con-donald-trump-en-la-casa-blanca.html\"> Fuente de la nota <\/a><\/p>\n","protected":false},"excerpt":{"rendered":"<p>Javier Milei viaja a Washington para reunirse con Donald Trump tras el respaldo financiero de EE.UU. Buscar\u00e1n avanzar en un acuerdo comercial bilateral. El presidente Javier Milei se reunir\u00e1 este martes en la Casa Blanca con su par estadounidense, Donald Trump, luego del respaldo financiero que la gesti\u00f3n libertaria cerr\u00f3 la semana pasada con la [&hellip;]<\/p>\n","protected":false},"author":1,"featured_media":45929,"comment_status":"closed","ping_status":"open","sticky":false,"template":"","format":"standard","meta":{"footnotes":""},"categories":[2],"tags":[],"class_list":{"0":"post-45928","1":"post","2":"type-post","3":"status-publish","4":"format-standard","5":"has-post-thumbnail","7":"category-actualidad"},"yoast_head":"<!-- This site is optimized with the Yoast SEO plugin v27.4 - https:\/\/yoast.com\/product\/yoast-seo-wordpress\/ -->\n<title>M\u00e1xima expectativa: Javier Milei se re\u00fane con Donald Trump en la Casa Blanca - El Diario de Tucuman<\/title>\n<meta name=\"robots\" content=\"index, follow, max-snippet:-1, max-image-preview:large, max-video-preview:-1\" \/>\n<link rel=\"canonical\" href=\"https:\/\/www.eldiariodetucuman.com\/web\/maxima-expectativa-javier-milei-se-reune-con-donald-trump-en-la-casa-blanca\/\" \/>\n<meta property=\"og:locale\" content=\"es_ES\" \/>\n<meta property=\"og:type\" content=\"article\" \/>\n<meta property=\"og:title\" content=\"M\u00e1xima expectativa: Javier Milei se re\u00fane con Donald Trump en la Casa Blanca - El Diario de Tucuman\" \/>\n<meta property=\"og:description\" content=\"Javier Milei viaja a Washington para reunirse con Donald Trump tras el respaldo financiero de EE.UU. Buscar\u00e1n avanzar en un acuerdo comercial bilateral. El presidente Javier Milei se reunir\u00e1 este martes en la Casa Blanca con su par estadounidense, Donald Trump, luego del respaldo financiero que la gesti\u00f3n libertaria cerr\u00f3 la semana pasada con la [&hellip;]\" \/>\n<meta property=\"og:url\" content=\"https:\/\/www.eldiariodetucuman.com\/web\/maxima-expectativa-javier-milei-se-reune-con-donald-trump-en-la-casa-blanca\/\" \/>\n<meta property=\"og:site_name\" content=\"El Diario de Tucuman\" \/>\n<meta property=\"article:published_time\" content=\"2025-10-14T18:33:52+00:00\" \/>\n<meta name=\"author\" content=\"admin\" \/>\n<meta name=\"twitter:card\" content=\"summary_large_image\" \/>\n<meta name=\"twitter:label1\" content=\"Escrito por\" \/>\n\t<meta name=\"twitter:data1\" content=\"admin\" \/>\n\t<meta name=\"twitter:label2\" content=\"Tiempo de lectura\" \/>\n\t<meta name=\"twitter:data2\" content=\"3 minutos\" \/>\n<script type=\"application\/ld+json\" class=\"yoast-schema-graph\">{\"@context\":\"https:\\\/\\\/schema.org\",\"@graph\":[{\"@type\":\"Article\",\"@id\":\"https:\\\/\\\/www.eldiariodetucuman.com\\\/web\\\/maxima-expectativa-javier-milei-se-reune-con-donald-trump-en-la-casa-blanca\\\/#article\",\"isPartOf\":{\"@id\":\"https:\\\/\\\/www.eldiariodetucuman.com\\\/web\\\/maxima-expectativa-javier-milei-se-reune-con-donald-trump-en-la-casa-blanca\\\/\"},\"author\":{\"name\":\"admin\",\"@id\":\"https:\\\/\\\/www.eldiariodetucuman.com\\\/web\\\/#\\\/schema\\\/person\\\/9250197d75ab5483412e19678b121caa\"},\"headline\":\"M\u00e1xima expectativa: Javier Milei se re\u00fane con Donald Trump en la Casa Blanca\",\"datePublished\":\"2025-10-14T18:33:52+00:00\",\"mainEntityOfPage\":{\"@id\":\"https:\\\/\\\/www.eldiariodetucuman.com\\\/web\\\/maxima-expectativa-javier-milei-se-reune-con-donald-trump-en-la-casa-blanca\\\/\"},\"wordCount\":666,\"publisher\":{\"@id\":\"https:\\\/\\\/www.eldiariodetucuman.com\\\/web\\\/#organization\"},\"image\":{\"@id\":\"https:\\\/\\\/www.eldiariodetucuman.com\\\/web\\\/maxima-expectativa-javier-milei-se-reune-con-donald-trump-en-la-casa-blanca\\\/#primaryimage\"},\"thumbnailUrl\":\"https:\\\/\\\/www.eldiariodetucuman.com\\\/web\\\/wp-content\\\/uploads\\\/2025\\\/10\\\/Maxima-expectativa-Javier-Milei-se-reune-con-Donald-Trump-en.png\",\"articleSection\":[\"Actualidad\"],\"inLanguage\":\"es\"},{\"@type\":\"WebPage\",\"@id\":\"https:\\\/\\\/www.eldiariodetucuman.com\\\/web\\\/maxima-expectativa-javier-milei-se-reune-con-donald-trump-en-la-casa-blanca\\\/\",\"url\":\"https:\\\/\\\/www.eldiariodetucuman.com\\\/web\\\/maxima-expectativa-javier-milei-se-reune-con-donald-trump-en-la-casa-blanca\\\/\",\"name\":\"M\u00e1xima expectativa: Javier Milei se re\u00fane con Donald Trump en la Casa Blanca - El Diario de Tucuman\",\"isPartOf\":{\"@id\":\"https:\\\/\\\/www.eldiariodetucuman.com\\\/web\\\/#website\"},\"primaryImageOfPage\":{\"@id\":\"https:\\\/\\\/www.eldiariodetucuman.com\\\/web\\\/maxima-expectativa-javier-milei-se-reune-con-donald-trump-en-la-casa-blanca\\\/#primaryimage\"},\"image\":{\"@id\":\"https:\\\/\\\/www.eldiariodetucuman.com\\\/web\\\/maxima-expectativa-javier-milei-se-reune-con-donald-trump-en-la-casa-blanca\\\/#primaryimage\"},\"thumbnailUrl\":\"https:\\\/\\\/www.eldiariodetucuman.com\\\/web\\\/wp-content\\\/uploads\\\/2025\\\/10\\\/Maxima-expectativa-Javier-Milei-se-reune-con-Donald-Trump-en.png\",\"datePublished\":\"2025-10-14T18:33:52+00:00\",\"breadcrumb\":{\"@id\":\"https:\\\/\\\/www.eldiariodetucuman.com\\\/web\\\/maxima-expectativa-javier-milei-se-reune-con-donald-trump-en-la-casa-blanca\\\/#breadcrumb\"},\"inLanguage\":\"es\",\"potentialAction\":[{\"@type\":\"ReadAction\",\"target\":[\"https:\\\/\\\/www.eldiariodetucuman.com\\\/web\\\/maxima-expectativa-javier-milei-se-reune-con-donald-trump-en-la-casa-blanca\\\/\"]}]},{\"@type\":\"ImageObject\",\"inLanguage\":\"es\",\"@id\":\"https:\\\/\\\/www.eldiariodetucuman.com\\\/web\\\/maxima-expectativa-javier-milei-se-reune-con-donald-trump-en-la-casa-blanca\\\/#primaryimage\",\"url\":\"https:\\\/\\\/www.eldiariodetucuman.com\\\/web\\\/wp-content\\\/uploads\\\/2025\\\/10\\\/Maxima-expectativa-Javier-Milei-se-reune-con-Donald-Trump-en.png\",\"contentUrl\":\"https:\\\/\\\/www.eldiariodetucuman.com\\\/web\\\/wp-content\\\/uploads\\\/2025\\\/10\\\/Maxima-expectativa-Javier-Milei-se-reune-con-Donald-Trump-en.png\",\"width\":793,\"height\":529},{\"@type\":\"BreadcrumbList\",\"@id\":\"https:\\\/\\\/www.eldiariodetucuman.com\\\/web\\\/maxima-expectativa-javier-milei-se-reune-con-donald-trump-en-la-casa-blanca\\\/#breadcrumb\",\"itemListElement\":[{\"@type\":\"ListItem\",\"position\":1,\"name\":\"Portada\",\"item\":\"https:\\\/\\\/www.eldiariodetucuman.com\\\/web\\\/\"},{\"@type\":\"ListItem\",\"position\":2,\"name\":\"M\u00e1xima expectativa: Javier Milei se re\u00fane con Donald Trump en la Casa Blanca\"}]},{\"@type\":\"WebSite\",\"@id\":\"https:\\\/\\\/www.eldiariodetucuman.com\\\/web\\\/#website\",\"url\":\"https:\\\/\\\/www.eldiariodetucuman.com\\\/web\\\/\",\"name\":\"El Diario de Tucuman\",\"description\":\"Diario Tucuman - Informaci\u00f3n y noticias\",\"publisher\":{\"@id\":\"https:\\\/\\\/www.eldiariodetucuman.com\\\/web\\\/#organization\"},\"potentialAction\":[{\"@type\":\"SearchAction\",\"target\":{\"@type\":\"EntryPoint\",\"urlTemplate\":\"https:\\\/\\\/www.eldiariodetucuman.com\\\/web\\\/?s={search_term_string}\"},\"query-input\":{\"@type\":\"PropertyValueSpecification\",\"valueRequired\":true,\"valueName\":\"search_term_string\"}}],\"inLanguage\":\"es\"},{\"@type\":\"Organization\",\"@id\":\"https:\\\/\\\/www.eldiariodetucuman.com\\\/web\\\/#organization\",\"name\":\"El Diario de Tucuman\",\"url\":\"https:\\\/\\\/www.eldiariodetucuman.com\\\/web\\\/\",\"logo\":{\"@type\":\"ImageObject\",\"inLanguage\":\"es\",\"@id\":\"https:\\\/\\\/www.eldiariodetucuman.com\\\/web\\\/#\\\/schema\\\/logo\\\/image\\\/\",\"url\":\"http:\\\/\\\/www.eldiariodetucuman.com\\\/web\\\/wp-content\\\/uploads\\\/2017\\\/12\\\/el-diario-de-tucuman.jpg\",\"contentUrl\":\"http:\\\/\\\/www.eldiariodetucuman.com\\\/web\\\/wp-content\\\/uploads\\\/2017\\\/12\\\/el-diario-de-tucuman.jpg\",\"width\":272,\"height\":92,\"caption\":\"El Diario de Tucuman\"},\"image\":{\"@id\":\"https:\\\/\\\/www.eldiariodetucuman.com\\\/web\\\/#\\\/schema\\\/logo\\\/image\\\/\"}},{\"@type\":\"Person\",\"@id\":\"https:\\\/\\\/www.eldiariodetucuman.com\\\/web\\\/#\\\/schema\\\/person\\\/9250197d75ab5483412e19678b121caa\",\"name\":\"admin\",\"image\":{\"@type\":\"ImageObject\",\"inLanguage\":\"es\",\"@id\":\"https:\\\/\\\/secure.gravatar.com\\\/avatar\\\/c44d117c2be811212c22cb481f6b8384b6873de103fbc49e7a03cc58d7dea4ac?s=96&d=mm&r=g\",\"url\":\"https:\\\/\\\/secure.gravatar.com\\\/avatar\\\/c44d117c2be811212c22cb481f6b8384b6873de103fbc49e7a03cc58d7dea4ac?s=96&d=mm&r=g\",\"contentUrl\":\"https:\\\/\\\/secure.gravatar.com\\\/avatar\\\/c44d117c2be811212c22cb481f6b8384b6873de103fbc49e7a03cc58d7dea4ac?s=96&d=mm&r=g\",\"caption\":\"admin\"},\"url\":\"https:\\\/\\\/www.eldiariodetucuman.com\\\/web\\\/author\\\/admin\\\/\"}]}<\/script>\n<!-- \/ Yoast SEO plugin. -->","yoast_head_json":{"title":"M\u00e1xima expectativa: Javier Milei se re\u00fane con Donald Trump en la Casa Blanca - El Diario de Tucuman","robots":{"index":"index","follow":"follow","max-snippet":"max-snippet:-1","max-image-preview":"max-image-preview:large","max-video-preview":"max-video-preview:-1"},"canonical":"https:\/\/www.eldiariodetucuman.com\/web\/maxima-expectativa-javier-milei-se-reune-con-donald-trump-en-la-casa-blanca\/","og_locale":"es_ES","og_type":"article","og_title":"M\u00e1xima expectativa: Javier Milei se re\u00fane con Donald Trump en la Casa Blanca - El Diario de Tucuman","og_description":"Javier Milei viaja a Washington para reunirse con Donald Trump tras el respaldo financiero de EE.UU. Buscar\u00e1n avanzar en un acuerdo comercial bilateral. El presidente Javier Milei se reunir\u00e1 este martes en la Casa Blanca con su par estadounidense, Donald Trump, luego del respaldo financiero que la gesti\u00f3n libertaria cerr\u00f3 la semana pasada con la [&hellip;]","og_url":"https:\/\/www.eldiariodetucuman.com\/web\/maxima-expectativa-javier-milei-se-reune-con-donald-trump-en-la-casa-blanca\/","og_site_name":"El Diario de Tucuman","article_published_time":"2025-10-14T18:33:52+00:00","author":"admin","twitter_card":"summary_large_image","twitter_misc":{"Escrito por":"admin","Tiempo de lectura":"3 minutos"},"schema":{"@context":"https:\/\/schema.org","@graph":[{"@type":"Article","@id":"https:\/\/www.eldiariodetucuman.com\/web\/maxima-expectativa-javier-milei-se-reune-con-donald-trump-en-la-casa-blanca\/#article","isPartOf":{"@id":"https:\/\/www.eldiariodetucuman.com\/web\/maxima-expectativa-javier-milei-se-reune-con-donald-trump-en-la-casa-blanca\/"},"author":{"name":"admin","@id":"https:\/\/www.eldiariodetucuman.com\/web\/#\/schema\/person\/9250197d75ab5483412e19678b121caa"},"headline":"M\u00e1xima expectativa: Javier Milei se re\u00fane con Donald Trump en la Casa Blanca","datePublished":"2025-10-14T18:33:52+00:00","mainEntityOfPage":{"@id":"https:\/\/www.eldiariodetucuman.com\/web\/maxima-expectativa-javier-milei-se-reune-con-donald-trump-en-la-casa-blanca\/"},"wordCount":666,"publisher":{"@id":"https:\/\/www.eldiariodetucuman.com\/web\/#organization"},"image":{"@id":"https:\/\/www.eldiariodetucuman.com\/web\/maxima-expectativa-javier-milei-se-reune-con-donald-trump-en-la-casa-blanca\/#primaryimage"},"thumbnailUrl":"https:\/\/www.eldiariodetucuman.com\/web\/wp-content\/uploads\/2025\/10\/Maxima-expectativa-Javier-Milei-se-reune-con-Donald-Trump-en.png","articleSection":["Actualidad"],"inLanguage":"es"},{"@type":"WebPage","@id":"https:\/\/www.eldiariodetucuman.com\/web\/maxima-expectativa-javier-milei-se-reune-con-donald-trump-en-la-casa-blanca\/","url":"https:\/\/www.eldiariodetucuman.com\/web\/maxima-expectativa-javier-milei-se-reune-con-donald-trump-en-la-casa-blanca\/","name":"M\u00e1xima expectativa: Javier Milei se re\u00fane con Donald Trump en la Casa Blanca - El Diario de Tucuman","isPartOf":{"@id":"https:\/\/www.eldiariodetucuman.com\/web\/#website"},"primaryImageOfPage":{"@id":"https:\/\/www.eldiariodetucuman.com\/web\/maxima-expectativa-javier-milei-se-reune-con-donald-trump-en-la-casa-blanca\/#primaryimage"},"image":{"@id":"https:\/\/www.eldiariodetucuman.com\/web\/maxima-expectativa-javier-milei-se-reune-con-donald-trump-en-la-casa-blanca\/#primaryimage"},"thumbnailUrl":"https:\/\/www.eldiariodetucuman.com\/web\/wp-content\/uploads\/2025\/10\/Maxima-expectativa-Javier-Milei-se-reune-con-Donald-Trump-en.png","datePublished":"2025-10-14T18:33:52+00:00","breadcrumb":{"@id":"https:\/\/www.eldiariodetucuman.com\/web\/maxima-expectativa-javier-milei-se-reune-con-donald-trump-en-la-casa-blanca\/#breadcrumb"},"inLanguage":"es","potentialAction":[{"@type":"ReadAction","target":["https:\/\/www.eldiariodetucuman.com\/web\/maxima-expectativa-javier-milei-se-reune-con-donald-trump-en-la-casa-blanca\/"]}]},{"@type":"ImageObject","inLanguage":"es","@id":"https:\/\/www.eldiariodetucuman.com\/web\/maxima-expectativa-javier-milei-se-reune-con-donald-trump-en-la-casa-blanca\/#primaryimage","url":"https:\/\/www.eldiariodetucuman.com\/web\/wp-content\/uploads\/2025\/10\/Maxima-expectativa-Javier-Milei-se-reune-con-Donald-Trump-en.png","contentUrl":"https:\/\/www.eldiariodetucuman.com\/web\/wp-content\/uploads\/2025\/10\/Maxima-expectativa-Javier-Milei-se-reune-con-Donald-Trump-en.png","width":793,"height":529},{"@type":"BreadcrumbList","@id":"https:\/\/www.eldiariodetucuman.com\/web\/maxima-expectativa-javier-milei-se-reune-con-donald-trump-en-la-casa-blanca\/#breadcrumb","itemListElement":[{"@type":"ListItem","position":1,"name":"Portada","item":"https:\/\/www.eldiariodetucuman.com\/web\/"},{"@type":"ListItem","position":2,"name":"M\u00e1xima expectativa: Javier Milei se re\u00fane con Donald Trump en la Casa Blanca"}]},{"@type":"WebSite","@id":"https:\/\/www.eldiariodetucuman.com\/web\/#website","url":"https:\/\/www.eldiariodetucuman.com\/web\/","name":"El Diario de Tucuman","description":"Diario Tucuman - Informaci\u00f3n y noticias","publisher":{"@id":"https:\/\/www.eldiariodetucuman.com\/web\/#organization"},"potentialAction":[{"@type":"SearchAction","target":{"@type":"EntryPoint","urlTemplate":"https:\/\/www.eldiariodetucuman.com\/web\/?s={search_term_string}"},"query-input":{"@type":"PropertyValueSpecification","valueRequired":true,"valueName":"search_term_string"}}],"inLanguage":"es"},{"@type":"Organization","@id":"https:\/\/www.eldiariodetucuman.com\/web\/#organization","name":"El Diario de Tucuman","url":"https:\/\/www.eldiariodetucuman.com\/web\/","logo":{"@type":"ImageObject","inLanguage":"es","@id":"https:\/\/www.eldiariodetucuman.com\/web\/#\/schema\/logo\/image\/","url":"http:\/\/www.eldiariodetucuman.com\/web\/wp-content\/uploads\/2017\/12\/el-diario-de-tucuman.jpg","contentUrl":"http:\/\/www.eldiariodetucuman.com\/web\/wp-content\/uploads\/2017\/12\/el-diario-de-tucuman.jpg","width":272,"height":92,"caption":"El Diario de Tucuman"},"image":{"@id":"https:\/\/www.eldiariodetucuman.com\/web\/#\/schema\/logo\/image\/"}},{"@type":"Person","@id":"https:\/\/www.eldiariodetucuman.com\/web\/#\/schema\/person\/9250197d75ab5483412e19678b121caa","name":"admin","image":{"@type":"ImageObject","inLanguage":"es","@id":"https:\/\/secure.gravatar.com\/avatar\/c44d117c2be811212c22cb481f6b8384b6873de103fbc49e7a03cc58d7dea4ac?s=96&d=mm&r=g","url":"https:\/\/secure.gravatar.com\/avatar\/c44d117c2be811212c22cb481f6b8384b6873de103fbc49e7a03cc58d7dea4ac?s=96&d=mm&r=g","contentUrl":"https:\/\/secure.gravatar.com\/avatar\/c44d117c2be811212c22cb481f6b8384b6873de103fbc49e7a03cc58d7dea4ac?s=96&d=mm&r=g","caption":"admin"},"url":"https:\/\/www.eldiariodetucuman.com\/web\/author\/admin\/"}]}},"_links":{"self":[{"href":"https:\/\/www.eldiariodetucuman.com\/web\/wp-json\/wp\/v2\/posts\/45928","targetHints":{"allow":["GET"]}}],"collection":[{"href":"https:\/\/www.eldiariodetucuman.com\/web\/wp-json\/wp\/v2\/posts"}],"about":[{"href":"https:\/\/www.eldiariodetucuman.com\/web\/wp-json\/wp\/v2\/types\/post"}],"author":[{"embeddable":true,"href":"https:\/\/www.eldiariodetucuman.com\/web\/wp-json\/wp\/v2\/users\/1"}],"replies":[{"embeddable":true,"href":"https:\/\/www.eldiariodetucuman.com\/web\/wp-json\/wp\/v2\/comments?post=45928"}],"version-history":[{"count":0,"href":"https:\/\/www.eldiariodetucuman.com\/web\/wp-json\/wp\/v2\/posts\/45928\/revisions"}],"wp:featuredmedia":[{"embeddable":true,"href":"https:\/\/www.eldiariodetucuman.com\/web\/wp-json\/wp\/v2\/media\/45929"}],"wp:attachment":[{"href":"https:\/\/www.eldiariodetucuman.com\/web\/wp-json\/wp\/v2\/media?parent=45928"}],"wp:term":[{"taxonomy":"category","embeddable":true,"href":"https:\/\/www.eldiariodetucuman.com\/web\/wp-json\/wp\/v2\/categories?post=45928"},{"taxonomy":"post_tag","embeddable":true,"href":"https:\/\/www.eldiariodetucuman.com\/web\/wp-json\/wp\/v2\/tags?post=45928"}],"curies":[{"name":"wp","href":"https:\/\/api.w.org\/{rel}","templated":true}]}}