{"id":45925,"date":"2025-10-13T23:43:49","date_gmt":"2025-10-14T02:43:49","guid":{"rendered":"https:\/\/www.eldiariodetucuman.com\/web\/violenta-agresion-de-un-militante-libertario-a-una-manifestante-en-quilmes\/"},"modified":"2025-10-13T23:43:53","modified_gmt":"2025-10-14T02:43:53","slug":"violenta-agresion-de-un-militante-libertario-a-una-manifestante-en-quilmes","status":"publish","type":"post","link":"https:\/\/www.eldiariodetucuman.com\/web\/violenta-agresion-de-un-militante-libertario-a-una-manifestante-en-quilmes\/","title":{"rendered":"Violenta agresi\u00f3n de un militante libertario a una manifestante en Quilmes"},"content":{"rendered":"<p><\/p>\n<p class=\"com-paragraph  --capital --s\">En una vereda estaban los militantes libertarios. En la de enfrente, partidarios del kirchnerismo. El lugar, Quilmes. La recorrida de campa\u00f1a de La Libertad Avanza se vio empa\u00f1ada por una brutal agresi\u00f3n de un hombre que estaba en el grupo de LLA a una mujer. <\/p>\n<p class=\"com-paragraph   --s\">En el video se puede ver con claridad como el se\u00f1or, identificado como J.C.G por fuentes judiciales, cruza la calle al grito de \u201candate a Venezuela, pelotudo\u201d y luego a otra se\u00f1ora, que gritaba contra los Milei y el Gobierno, <strong>le pega una fuerte cachetada<\/strong>. Antes le dice: \u201cAndate a Cuba, hija de puta\u201d. <\/p>\n<p class=\"com-paragraph   --s\">Sus propios compa\u00f1eros tuvieron que retirarlo del lugar. En otros videos que se viralizaron en las redes sociales se ven provocaciones e insultos cruzados. <\/p>\n<p class=\"com-paragraph   --s\">El tenso episodio ocurri\u00f3 en las inmediaciones de una confiter\u00eda ubicada en Paz y Rivadavia, a la que hab\u00eda llegado para una actividad proselitista el primer candidato en la lista de diputados nacionales de LLA, Diego Santilli.<\/p>\n<p class=\"com-paragraph   --s\">A otro manifestante que se encontraba junto a la mujer agredida, le grit\u00f3: \u201cZurdo, andate a la concha de tu madre. Pelotudo. Te voy a cagar a trompadas\u201d.<\/p>\n<p>Brutal agresi\u00f3n de un libertario a una militante opositora en Quilmes<\/p>\n<p class=\"com-paragraph   --s\">Luego de que unos vecinos lograran apartar al libertario, se oye decir a la mujer golpeada: \u201cEl viejo ese me peg\u00f3. Est\u00e1 filmado. La violencia no sirve\u201d.<\/p>\n<p class=\"com-paragraph   --s\">Otros videos difundidos en X registraron otros momentos de tensi\u00f3n entre militantes de diferentes partidos durante la misma actividad. En las im\u00e1genes, se pueden percibir empujones e insultos.<\/p>\n<p class=\"com-paragraph   --s\">De un lado de la calle se escucha decir a un militante libertario: \u201c\u00a1CFK chorra!\u201c. Y del otro lado le responden: \u201cAnd\u00e1 a ba\u00f1arte. Devolv\u00e9 la plata de los jubilados\u201d.<\/p>\n<h3 class=\"com-title --font-primary --l --font-extra\">La respuesta de Mayra Mendoza<\/h3>\n<p class=\"com-paragraph   --s\">Por su parte, la intendenta, <strong>Mayra Mendoza<\/strong> reaccion\u00f3 en sus redes sociales y apunt\u00f3 contra Santilli, a quien le dijo: \u201cLa que te faltaba. De pegarle a una jubilada no se vuelve\u201d. \u201cEl intento de primer candidato, hoy libertario, se sent\u00f3 a tomar caf\u00e9s en un bar c\u00e9ntrico, rodeado de violentos y cobardes como Javier Milei, Jos\u00e9 Luis Espert y toda esa lacra de regalados del Pro a LLA\u201d, se\u00f1al\u00f3.<\/p>\n<p class=\"com-paragraph   --s\">\u201cResulta que uno de ellos, el abogado Juan Gil, sali\u00f3 del bar, cruz\u00f3 la calle y al grito de \u2018zurda, te voy a cagar a trompadas\u2019<strong> fue directo a pegarle a una mujer jubilada que se manifestaba pac\u00edficamente sobre la vereda de enfrente<\/strong>. En el video puede verse la trompada que sufri\u00f3. Ella se llama Mabel y est\u00e1 siendo atendida en el dispensario municipal\u201d, continu\u00f3.<\/p>\n<p class=\"com-paragraph   --s\">Luego a\u00f1adi\u00f3: \u201cAyer en un X les preguntaba: \u00bfhasta d\u00f3nde piensan llegar con este odio y enfrentando a nuestra comunidad? Ustedes tienen responsabilidad de gobierno. Tienen que dar resultados positivos para la gente. Tienen que responder sobre sus v\u00ednculos narcos y con estafadores como Cositorto, que asegur\u00f3 haberte financiado una campa\u00f1a. Santilli, \u00bfqu\u00e9 ten\u00e9s para decir de eso?\u201c.<\/p>\n<p class=\"com-paragraph   --s\">A modo de cierre, Mendoza advirti\u00f3 que el 26 de octubre \u201cvan a hablar las urnas\u201d y acus\u00f3 a LLA de ser \u201cuna manga de miserables y cipayos\u201d. \u201cSe creen machos atacando a las mujeres, pero son muy poco hombres ante Estados Unidos, se arrodillan ante Trump y entregan todo\u201d, cruz\u00f3.<\/p>\n<p><a href=\"https:\/\/www.lanacion.com.ar\/politica\/violenta-agresion-de-un-militante-libertario-a-una-mujer-en-quilmes-nid13102025\/\">Fuente de la nota <\/a><\/p>\n","protected":false},"excerpt":{"rendered":"<p>En una vereda estaban los militantes libertarios. En la de enfrente, partidarios del kirchnerismo. El lugar, Quilmes. La recorrida de campa\u00f1a de La Libertad Avanza se vio empa\u00f1ada por una brutal agresi\u00f3n de un hombre que estaba en el grupo de LLA a una mujer. En el video se puede ver con claridad como el [&hellip;]<\/p>\n","protected":false},"author":5,"featured_media":45926,"comment_status":"closed","ping_status":"open","sticky":false,"template":"","format":"standard","meta":{"footnotes":""},"categories":[3],"tags":[],"class_list":{"0":"post-45925","1":"post","2":"type-post","3":"status-publish","4":"format-standard","5":"has-post-thumbnail","7":"category-politica"},"yoast_head":"<!-- This site is optimized with the Yoast SEO plugin v27.4 - https:\/\/yoast.com\/product\/yoast-seo-wordpress\/ -->\n<title>Violenta agresi\u00f3n de un militante libertario a una manifestante en Quilmes - El Diario de Tucuman<\/title>\n<meta name=\"robots\" content=\"index, follow, max-snippet:-1, max-image-preview:large, max-video-preview:-1\" \/>\n<link rel=\"canonical\" href=\"https:\/\/www.eldiariodetucuman.com\/web\/violenta-agresion-de-un-militante-libertario-a-una-manifestante-en-quilmes\/\" \/>\n<meta property=\"og:locale\" content=\"es_ES\" \/>\n<meta property=\"og:type\" content=\"article\" \/>\n<meta property=\"og:title\" content=\"Violenta agresi\u00f3n de un militante libertario a una manifestante en Quilmes - El Diario de Tucuman\" \/>\n<meta property=\"og:description\" content=\"En una vereda estaban los militantes libertarios. En la de enfrente, partidarios del kirchnerismo. El lugar, Quilmes. La recorrida de campa\u00f1a de La Libertad Avanza se vio empa\u00f1ada por una brutal agresi\u00f3n de un hombre que estaba en el grupo de LLA a una mujer. En el video se puede ver con claridad como el [&hellip;]\" \/>\n<meta property=\"og:url\" content=\"https:\/\/www.eldiariodetucuman.com\/web\/violenta-agresion-de-un-militante-libertario-a-una-manifestante-en-quilmes\/\" \/>\n<meta property=\"og:site_name\" content=\"El Diario de Tucuman\" \/>\n<meta property=\"article:published_time\" content=\"2025-10-14T02:43:49+00:00\" \/>\n<meta property=\"article:modified_time\" content=\"2025-10-14T02:43:53+00:00\" \/>\n<meta property=\"og:image\" content=\"https:\/\/www.eldiariodetucuman.com\/web\/wp-content\/uploads\/2025\/10\/el-agresor-esta-tapado-por-el-hombre-de-saco-azul-4SYR73TXCFCV3KCNTWEGPCGHNA.jpg\" \/>\n\t<meta property=\"og:image:width\" content=\"1200\" \/>\n\t<meta property=\"og:image:height\" content=\"2153\" \/>\n\t<meta property=\"og:image:type\" content=\"image\/jpeg\" \/>\n<meta name=\"author\" content=\"Redactor Uno\" \/>\n<meta name=\"twitter:card\" content=\"summary_large_image\" \/>\n<meta name=\"twitter:label1\" content=\"Escrito por\" \/>\n\t<meta name=\"twitter:data1\" content=\"Redactor Uno\" \/>\n\t<meta name=\"twitter:label2\" content=\"Tiempo de lectura\" \/>\n\t<meta name=\"twitter:data2\" content=\"3 minutos\" \/>\n<script type=\"application\/ld+json\" class=\"yoast-schema-graph\">{\"@context\":\"https:\\\/\\\/schema.org\",\"@graph\":[{\"@type\":\"Article\",\"@id\":\"https:\\\/\\\/www.eldiariodetucuman.com\\\/web\\\/violenta-agresion-de-un-militante-libertario-a-una-manifestante-en-quilmes\\\/#article\",\"isPartOf\":{\"@id\":\"https:\\\/\\\/www.eldiariodetucuman.com\\\/web\\\/violenta-agresion-de-un-militante-libertario-a-una-manifestante-en-quilmes\\\/\"},\"author\":{\"name\":\"Redactor Uno\",\"@id\":\"https:\\\/\\\/www.eldiariodetucuman.com\\\/web\\\/#\\\/schema\\\/person\\\/7e6644a46e60888f6b868594407e08dd\"},\"headline\":\"Violenta agresi\u00f3n de un militante libertario a una manifestante en Quilmes\",\"datePublished\":\"2025-10-14T02:43:49+00:00\",\"dateModified\":\"2025-10-14T02:43:53+00:00\",\"mainEntityOfPage\":{\"@id\":\"https:\\\/\\\/www.eldiariodetucuman.com\\\/web\\\/violenta-agresion-de-un-militante-libertario-a-una-manifestante-en-quilmes\\\/\"},\"wordCount\":570,\"publisher\":{\"@id\":\"https:\\\/\\\/www.eldiariodetucuman.com\\\/web\\\/#organization\"},\"image\":{\"@id\":\"https:\\\/\\\/www.eldiariodetucuman.com\\\/web\\\/violenta-agresion-de-un-militante-libertario-a-una-manifestante-en-quilmes\\\/#primaryimage\"},\"thumbnailUrl\":\"https:\\\/\\\/www.eldiariodetucuman.com\\\/web\\\/wp-content\\\/uploads\\\/2025\\\/10\\\/el-agresor-esta-tapado-por-el-hombre-de-saco-azul-4SYR73TXCFCV3KCNTWEGPCGHNA.jpg\",\"articleSection\":[\"Politica\"],\"inLanguage\":\"es\"},{\"@type\":\"WebPage\",\"@id\":\"https:\\\/\\\/www.eldiariodetucuman.com\\\/web\\\/violenta-agresion-de-un-militante-libertario-a-una-manifestante-en-quilmes\\\/\",\"url\":\"https:\\\/\\\/www.eldiariodetucuman.com\\\/web\\\/violenta-agresion-de-un-militante-libertario-a-una-manifestante-en-quilmes\\\/\",\"name\":\"Violenta agresi\u00f3n de un militante libertario a una manifestante en Quilmes - El Diario de Tucuman\",\"isPartOf\":{\"@id\":\"https:\\\/\\\/www.eldiariodetucuman.com\\\/web\\\/#website\"},\"primaryImageOfPage\":{\"@id\":\"https:\\\/\\\/www.eldiariodetucuman.com\\\/web\\\/violenta-agresion-de-un-militante-libertario-a-una-manifestante-en-quilmes\\\/#primaryimage\"},\"image\":{\"@id\":\"https:\\\/\\\/www.eldiariodetucuman.com\\\/web\\\/violenta-agresion-de-un-militante-libertario-a-una-manifestante-en-quilmes\\\/#primaryimage\"},\"thumbnailUrl\":\"https:\\\/\\\/www.eldiariodetucuman.com\\\/web\\\/wp-content\\\/uploads\\\/2025\\\/10\\\/el-agresor-esta-tapado-por-el-hombre-de-saco-azul-4SYR73TXCFCV3KCNTWEGPCGHNA.jpg\",\"datePublished\":\"2025-10-14T02:43:49+00:00\",\"dateModified\":\"2025-10-14T02:43:53+00:00\",\"breadcrumb\":{\"@id\":\"https:\\\/\\\/www.eldiariodetucuman.com\\\/web\\\/violenta-agresion-de-un-militante-libertario-a-una-manifestante-en-quilmes\\\/#breadcrumb\"},\"inLanguage\":\"es\",\"potentialAction\":[{\"@type\":\"ReadAction\",\"target\":[\"https:\\\/\\\/www.eldiariodetucuman.com\\\/web\\\/violenta-agresion-de-un-militante-libertario-a-una-manifestante-en-quilmes\\\/\"]}]},{\"@type\":\"ImageObject\",\"inLanguage\":\"es\",\"@id\":\"https:\\\/\\\/www.eldiariodetucuman.com\\\/web\\\/violenta-agresion-de-un-militante-libertario-a-una-manifestante-en-quilmes\\\/#primaryimage\",\"url\":\"https:\\\/\\\/www.eldiariodetucuman.com\\\/web\\\/wp-content\\\/uploads\\\/2025\\\/10\\\/el-agresor-esta-tapado-por-el-hombre-de-saco-azul-4SYR73TXCFCV3KCNTWEGPCGHNA.jpg\",\"contentUrl\":\"https:\\\/\\\/www.eldiariodetucuman.com\\\/web\\\/wp-content\\\/uploads\\\/2025\\\/10\\\/el-agresor-esta-tapado-por-el-hombre-de-saco-azul-4SYR73TXCFCV3KCNTWEGPCGHNA.jpg\",\"width\":1200,\"height\":2153},{\"@type\":\"BreadcrumbList\",\"@id\":\"https:\\\/\\\/www.eldiariodetucuman.com\\\/web\\\/violenta-agresion-de-un-militante-libertario-a-una-manifestante-en-quilmes\\\/#breadcrumb\",\"itemListElement\":[{\"@type\":\"ListItem\",\"position\":1,\"name\":\"Portada\",\"item\":\"https:\\\/\\\/www.eldiariodetucuman.com\\\/web\\\/\"},{\"@type\":\"ListItem\",\"position\":2,\"name\":\"Violenta agresi\u00f3n de un militante libertario a una manifestante en Quilmes\"}]},{\"@type\":\"WebSite\",\"@id\":\"https:\\\/\\\/www.eldiariodetucuman.com\\\/web\\\/#website\",\"url\":\"https:\\\/\\\/www.eldiariodetucuman.com\\\/web\\\/\",\"name\":\"El Diario de Tucuman\",\"description\":\"Diario Tucuman - Informaci\u00f3n y noticias\",\"publisher\":{\"@id\":\"https:\\\/\\\/www.eldiariodetucuman.com\\\/web\\\/#organization\"},\"potentialAction\":[{\"@type\":\"SearchAction\",\"target\":{\"@type\":\"EntryPoint\",\"urlTemplate\":\"https:\\\/\\\/www.eldiariodetucuman.com\\\/web\\\/?s={search_term_string}\"},\"query-input\":{\"@type\":\"PropertyValueSpecification\",\"valueRequired\":true,\"valueName\":\"search_term_string\"}}],\"inLanguage\":\"es\"},{\"@type\":\"Organization\",\"@id\":\"https:\\\/\\\/www.eldiariodetucuman.com\\\/web\\\/#organization\",\"name\":\"El Diario de Tucuman\",\"url\":\"https:\\\/\\\/www.eldiariodetucuman.com\\\/web\\\/\",\"logo\":{\"@type\":\"ImageObject\",\"inLanguage\":\"es\",\"@id\":\"https:\\\/\\\/www.eldiariodetucuman.com\\\/web\\\/#\\\/schema\\\/logo\\\/image\\\/\",\"url\":\"http:\\\/\\\/www.eldiariodetucuman.com\\\/web\\\/wp-content\\\/uploads\\\/2017\\\/12\\\/el-diario-de-tucuman.jpg\",\"contentUrl\":\"http:\\\/\\\/www.eldiariodetucuman.com\\\/web\\\/wp-content\\\/uploads\\\/2017\\\/12\\\/el-diario-de-tucuman.jpg\",\"width\":272,\"height\":92,\"caption\":\"El Diario de Tucuman\"},\"image\":{\"@id\":\"https:\\\/\\\/www.eldiariodetucuman.com\\\/web\\\/#\\\/schema\\\/logo\\\/image\\\/\"}},{\"@type\":\"Person\",\"@id\":\"https:\\\/\\\/www.eldiariodetucuman.com\\\/web\\\/#\\\/schema\\\/person\\\/7e6644a46e60888f6b868594407e08dd\",\"name\":\"Redactor Uno\",\"image\":{\"@type\":\"ImageObject\",\"inLanguage\":\"es\",\"@id\":\"https:\\\/\\\/secure.gravatar.com\\\/avatar\\\/0049b1bdf1bd548385c9ea6b9356431717930913089febd2ba904f0187d7d074?s=96&d=mm&r=g\",\"url\":\"https:\\\/\\\/secure.gravatar.com\\\/avatar\\\/0049b1bdf1bd548385c9ea6b9356431717930913089febd2ba904f0187d7d074?s=96&d=mm&r=g\",\"contentUrl\":\"https:\\\/\\\/secure.gravatar.com\\\/avatar\\\/0049b1bdf1bd548385c9ea6b9356431717930913089febd2ba904f0187d7d074?s=96&d=mm&r=g\",\"caption\":\"Redactor Uno\"},\"url\":\"https:\\\/\\\/www.eldiariodetucuman.com\\\/web\\\/author\\\/mramasco\\\/\"}]}<\/script>\n<!-- \/ Yoast SEO plugin. -->","yoast_head_json":{"title":"Violenta agresi\u00f3n de un militante libertario a una manifestante en Quilmes - El Diario de Tucuman","robots":{"index":"index","follow":"follow","max-snippet":"max-snippet:-1","max-image-preview":"max-image-preview:large","max-video-preview":"max-video-preview:-1"},"canonical":"https:\/\/www.eldiariodetucuman.com\/web\/violenta-agresion-de-un-militante-libertario-a-una-manifestante-en-quilmes\/","og_locale":"es_ES","og_type":"article","og_title":"Violenta agresi\u00f3n de un militante libertario a una manifestante en Quilmes - El Diario de Tucuman","og_description":"En una vereda estaban los militantes libertarios. En la de enfrente, partidarios del kirchnerismo. El lugar, Quilmes. La recorrida de campa\u00f1a de La Libertad Avanza se vio empa\u00f1ada por una brutal agresi\u00f3n de un hombre que estaba en el grupo de LLA a una mujer. En el video se puede ver con claridad como el [&hellip;]","og_url":"https:\/\/www.eldiariodetucuman.com\/web\/violenta-agresion-de-un-militante-libertario-a-una-manifestante-en-quilmes\/","og_site_name":"El Diario de Tucuman","article_published_time":"2025-10-14T02:43:49+00:00","article_modified_time":"2025-10-14T02:43:53+00:00","og_image":[{"width":1200,"height":2153,"url":"https:\/\/www.eldiariodetucuman.com\/web\/wp-content\/uploads\/2025\/10\/el-agresor-esta-tapado-por-el-hombre-de-saco-azul-4SYR73TXCFCV3KCNTWEGPCGHNA.jpg","type":"image\/jpeg"}],"author":"Redactor Uno","twitter_card":"summary_large_image","twitter_misc":{"Escrito por":"Redactor Uno","Tiempo de lectura":"3 minutos"},"schema":{"@context":"https:\/\/schema.org","@graph":[{"@type":"Article","@id":"https:\/\/www.eldiariodetucuman.com\/web\/violenta-agresion-de-un-militante-libertario-a-una-manifestante-en-quilmes\/#article","isPartOf":{"@id":"https:\/\/www.eldiariodetucuman.com\/web\/violenta-agresion-de-un-militante-libertario-a-una-manifestante-en-quilmes\/"},"author":{"name":"Redactor Uno","@id":"https:\/\/www.eldiariodetucuman.com\/web\/#\/schema\/person\/7e6644a46e60888f6b868594407e08dd"},"headline":"Violenta agresi\u00f3n de un militante libertario a una manifestante en Quilmes","datePublished":"2025-10-14T02:43:49+00:00","dateModified":"2025-10-14T02:43:53+00:00","mainEntityOfPage":{"@id":"https:\/\/www.eldiariodetucuman.com\/web\/violenta-agresion-de-un-militante-libertario-a-una-manifestante-en-quilmes\/"},"wordCount":570,"publisher":{"@id":"https:\/\/www.eldiariodetucuman.com\/web\/#organization"},"image":{"@id":"https:\/\/www.eldiariodetucuman.com\/web\/violenta-agresion-de-un-militante-libertario-a-una-manifestante-en-quilmes\/#primaryimage"},"thumbnailUrl":"https:\/\/www.eldiariodetucuman.com\/web\/wp-content\/uploads\/2025\/10\/el-agresor-esta-tapado-por-el-hombre-de-saco-azul-4SYR73TXCFCV3KCNTWEGPCGHNA.jpg","articleSection":["Politica"],"inLanguage":"es"},{"@type":"WebPage","@id":"https:\/\/www.eldiariodetucuman.com\/web\/violenta-agresion-de-un-militante-libertario-a-una-manifestante-en-quilmes\/","url":"https:\/\/www.eldiariodetucuman.com\/web\/violenta-agresion-de-un-militante-libertario-a-una-manifestante-en-quilmes\/","name":"Violenta agresi\u00f3n de un militante libertario a una manifestante en Quilmes - El Diario de Tucuman","isPartOf":{"@id":"https:\/\/www.eldiariodetucuman.com\/web\/#website"},"primaryImageOfPage":{"@id":"https:\/\/www.eldiariodetucuman.com\/web\/violenta-agresion-de-un-militante-libertario-a-una-manifestante-en-quilmes\/#primaryimage"},"image":{"@id":"https:\/\/www.eldiariodetucuman.com\/web\/violenta-agresion-de-un-militante-libertario-a-una-manifestante-en-quilmes\/#primaryimage"},"thumbnailUrl":"https:\/\/www.eldiariodetucuman.com\/web\/wp-content\/uploads\/2025\/10\/el-agresor-esta-tapado-por-el-hombre-de-saco-azul-4SYR73TXCFCV3KCNTWEGPCGHNA.jpg","datePublished":"2025-10-14T02:43:49+00:00","dateModified":"2025-10-14T02:43:53+00:00","breadcrumb":{"@id":"https:\/\/www.eldiariodetucuman.com\/web\/violenta-agresion-de-un-militante-libertario-a-una-manifestante-en-quilmes\/#breadcrumb"},"inLanguage":"es","potentialAction":[{"@type":"ReadAction","target":["https:\/\/www.eldiariodetucuman.com\/web\/violenta-agresion-de-un-militante-libertario-a-una-manifestante-en-quilmes\/"]}]},{"@type":"ImageObject","inLanguage":"es","@id":"https:\/\/www.eldiariodetucuman.com\/web\/violenta-agresion-de-un-militante-libertario-a-una-manifestante-en-quilmes\/#primaryimage","url":"https:\/\/www.eldiariodetucuman.com\/web\/wp-content\/uploads\/2025\/10\/el-agresor-esta-tapado-por-el-hombre-de-saco-azul-4SYR73TXCFCV3KCNTWEGPCGHNA.jpg","contentUrl":"https:\/\/www.eldiariodetucuman.com\/web\/wp-content\/uploads\/2025\/10\/el-agresor-esta-tapado-por-el-hombre-de-saco-azul-4SYR73TXCFCV3KCNTWEGPCGHNA.jpg","width":1200,"height":2153},{"@type":"BreadcrumbList","@id":"https:\/\/www.eldiariodetucuman.com\/web\/violenta-agresion-de-un-militante-libertario-a-una-manifestante-en-quilmes\/#breadcrumb","itemListElement":[{"@type":"ListItem","position":1,"name":"Portada","item":"https:\/\/www.eldiariodetucuman.com\/web\/"},{"@type":"ListItem","position":2,"name":"Violenta agresi\u00f3n de un militante libertario a una manifestante en Quilmes"}]},{"@type":"WebSite","@id":"https:\/\/www.eldiariodetucuman.com\/web\/#website","url":"https:\/\/www.eldiariodetucuman.com\/web\/","name":"El Diario de Tucuman","description":"Diario Tucuman - Informaci\u00f3n y noticias","publisher":{"@id":"https:\/\/www.eldiariodetucuman.com\/web\/#organization"},"potentialAction":[{"@type":"SearchAction","target":{"@type":"EntryPoint","urlTemplate":"https:\/\/www.eldiariodetucuman.com\/web\/?s={search_term_string}"},"query-input":{"@type":"PropertyValueSpecification","valueRequired":true,"valueName":"search_term_string"}}],"inLanguage":"es"},{"@type":"Organization","@id":"https:\/\/www.eldiariodetucuman.com\/web\/#organization","name":"El Diario de Tucuman","url":"https:\/\/www.eldiariodetucuman.com\/web\/","logo":{"@type":"ImageObject","inLanguage":"es","@id":"https:\/\/www.eldiariodetucuman.com\/web\/#\/schema\/logo\/image\/","url":"http:\/\/www.eldiariodetucuman.com\/web\/wp-content\/uploads\/2017\/12\/el-diario-de-tucuman.jpg","contentUrl":"http:\/\/www.eldiariodetucuman.com\/web\/wp-content\/uploads\/2017\/12\/el-diario-de-tucuman.jpg","width":272,"height":92,"caption":"El Diario de Tucuman"},"image":{"@id":"https:\/\/www.eldiariodetucuman.com\/web\/#\/schema\/logo\/image\/"}},{"@type":"Person","@id":"https:\/\/www.eldiariodetucuman.com\/web\/#\/schema\/person\/7e6644a46e60888f6b868594407e08dd","name":"Redactor Uno","image":{"@type":"ImageObject","inLanguage":"es","@id":"https:\/\/secure.gravatar.com\/avatar\/0049b1bdf1bd548385c9ea6b9356431717930913089febd2ba904f0187d7d074?s=96&d=mm&r=g","url":"https:\/\/secure.gravatar.com\/avatar\/0049b1bdf1bd548385c9ea6b9356431717930913089febd2ba904f0187d7d074?s=96&d=mm&r=g","contentUrl":"https:\/\/secure.gravatar.com\/avatar\/0049b1bdf1bd548385c9ea6b9356431717930913089febd2ba904f0187d7d074?s=96&d=mm&r=g","caption":"Redactor Uno"},"url":"https:\/\/www.eldiariodetucuman.com\/web\/author\/mramasco\/"}]}},"_links":{"self":[{"href":"https:\/\/www.eldiariodetucuman.com\/web\/wp-json\/wp\/v2\/posts\/45925","targetHints":{"allow":["GET"]}}],"collection":[{"href":"https:\/\/www.eldiariodetucuman.com\/web\/wp-json\/wp\/v2\/posts"}],"about":[{"href":"https:\/\/www.eldiariodetucuman.com\/web\/wp-json\/wp\/v2\/types\/post"}],"author":[{"embeddable":true,"href":"https:\/\/www.eldiariodetucuman.com\/web\/wp-json\/wp\/v2\/users\/5"}],"replies":[{"embeddable":true,"href":"https:\/\/www.eldiariodetucuman.com\/web\/wp-json\/wp\/v2\/comments?post=45925"}],"version-history":[{"count":1,"href":"https:\/\/www.eldiariodetucuman.com\/web\/wp-json\/wp\/v2\/posts\/45925\/revisions"}],"predecessor-version":[{"id":45927,"href":"https:\/\/www.eldiariodetucuman.com\/web\/wp-json\/wp\/v2\/posts\/45925\/revisions\/45927"}],"wp:featuredmedia":[{"embeddable":true,"href":"https:\/\/www.eldiariodetucuman.com\/web\/wp-json\/wp\/v2\/media\/45926"}],"wp:attachment":[{"href":"https:\/\/www.eldiariodetucuman.com\/web\/wp-json\/wp\/v2\/media?parent=45925"}],"wp:term":[{"taxonomy":"category","embeddable":true,"href":"https:\/\/www.eldiariodetucuman.com\/web\/wp-json\/wp\/v2\/categories?post=45925"},{"taxonomy":"post_tag","embeddable":true,"href":"https:\/\/www.eldiariodetucuman.com\/web\/wp-json\/wp\/v2\/tags?post=45925"}],"curies":[{"name":"wp","href":"https:\/\/api.w.org\/{rel}","templated":true}]}}