{"id":45923,"date":"2025-10-13T18:17:51","date_gmt":"2025-10-13T21:17:51","guid":{"rendered":"https:\/\/www.eldiariodetucuman.com\/web\/acevedo-recibio-a-ninos-tucumanos-que-tuvieron-un-papel-destacado-de-una-competencia-internacional-de-robotica\/"},"modified":"2025-10-13T18:17:51","modified_gmt":"2025-10-13T21:17:51","slug":"acevedo-recibio-a-ninos-tucumanos-que-tuvieron-un-papel-destacado-de-una-competencia-internacional-de-robotica","status":"publish","type":"post","link":"https:\/\/www.eldiariodetucuman.com\/web\/acevedo-recibio-a-ninos-tucumanos-que-tuvieron-un-papel-destacado-de-una-competencia-internacional-de-robotica\/","title":{"rendered":"Acevedo recibi\u00f3 a ni\u00f1os tucumanos que tuvieron un papel destacado de una competencia internacional de rob\u00f3tica"},"content":{"rendered":"<p><\/p>\n<p id=\"isPasted\">El vicegobernador a cargo del Poder Ejecutivo, <strong>Miguel Acevedo<\/strong>, recibi\u00f3 en Casa de Gobierno a los ni\u00f1os tucumanos <strong>Benicio Diez Gonz\u00e1lez<\/strong> y <strong>Luca Di Pauli<\/strong>, ganadores del segundo puesto en la competencia nacional de la World Robotic Olympics realizada en el marco de la Exposici\u00f3n de Econom\u00edas del Conocimiento (ExpoCon) 2025. Los alumnos, pertenecientes a la Academia Digital Omb\u00fa Hub de Yerba Buena, asistieron acompa\u00f1ados por el director de la instituci\u00f3n, <strong>Nicol\u00e1s Caro.<\/strong><\/p>\n<p>Del encuentro participaron el vicepresidente del IDEP, <strong>Juan Casa\u00f1as<\/strong>, y la legisladora, <strong>Carolina Vargas Aignasse.<\/strong><\/p>\n<\/p>\n<p><strong\/>Casa\u00f1as destac\u00f3 que la Academia Digital Omb\u00fa Hub \u201cha estado presente en la ExpoCon y en una competencia nacional donde ganaron el segundo lugar en rob\u00f3tica, chicos de 9 a\u00f1os\u201d. Se\u00f1al\u00f3 adem\u00e1s que existe \u201cla posibilidad de un viaje a Panam\u00e1\u201d, y expres\u00f3 que \u201clos tiempos son complicados, pero estamos viendo de poder solucionarlo para que vayan a representar al pa\u00eds y nos sigan posicionando en la econom\u00eda del conocimiento\u201d.<\/p>\n<p>El funcionario subray\u00f3 la importancia de que \u201cTucum\u00e1n tenga una representaci\u00f3n en Panam\u00e1\u201d y afirm\u00f3: \u201cEstamos convencidos, en base al mandato que nos dio el gobernador (en uso de licencia) Osvaldo Jaldo, de que esta es una l\u00ednea de trabajo, una pol\u00edtica de Estado y que en el futuro nos va a dar muy buenos premios\u201d.<\/p>\n<\/p>\n<p>\u201cNos imaginamos que esta generaci\u00f3n de chicos ir\u00e1 creando y generando econom\u00eda del conocimiento. Este es un negocio enorme, m\u00e1s importante econ\u00f3micamente a nivel global especialmente la industria de los videojuegos. Lo vimos en la ExpoCon donde adem\u00e1s observamos la creatividad de los tucumanos\u201d, dijo.\u00a0<\/p>\n<p>Por su parte, el director de Omb\u00fa Hub, Nicol\u00e1s Caro, explic\u00f3 que \u201cla academia es un espacio de rob\u00f3tica y programaci\u00f3n para ni\u00f1os y j\u00f3venes de entre 5 y 16 a\u00f1os\u201d. Detall\u00f3 que \u201clos chicos salieron segundos a nivel nacional de la WRO, la World Robotic Olympics, las olimpiadas de rob\u00f3tica a nivel mundial\u201d.<\/p>\n<p>Caro precis\u00f3 que \u201cgracias a este logro fueron invitados a una competencia internacional que se realizar\u00e1 en Panam\u00e1\u201d y agreg\u00f3 que \u201cla idea es poder conseguir los fondos para que los chicos representen a Tucum\u00e1n y al pa\u00eds\u201d.<\/p>\n<\/p>\n<p>Durante el encuentro, los alumnos compartieron su experiencia. Benicio Diez Gonz\u00e1lez expres\u00f3: \u201cMe sent\u00ed emocionado porque no esper\u00e1bamos salir segundos, pero ahora podemos viajar a Panam\u00e1. Lo que se espera es que podamos lograr otro podio all\u00e1\u201d. Por su parte, Luca Di Pauli manifest\u00f3: \u201cMe encant\u00f3 la experiencia.\u00a0Quiero ser programador y constructor de robots\u201d.<\/p>\n<\/p>\n<p>ExpoCon<\/p>\n<p>La 2\u00b0 edici\u00f3n de la ExpoCon 2025, impulsada por el Gobierno de Tucum\u00e1n a trav\u00e9s del IDEP, reuni\u00f3 a m\u00e1s de 7.000 visitantes y 60 empresas locales. Casi 400 expositores mostraron productos y servicios vinculados a las industrias del conocimiento. Durante las dos jornadas, que se desarrollaron en el Hotel Sheraton, m\u00e1s de 45 disertantes compartieron conocimientos y experiencias con el p\u00fablico.<\/p>\n<p>Fuente: <a href=\"https:\/\/www.comunicaciontucuman.gob.ar\/noticia\/gobernacion\/237441\/acevedo-recibio-ninos-tucumanos-tuvieron-papel-destacado-competencia-internacional-robotica\"> Fuente de la nota <\/a><\/p>\n","protected":false},"excerpt":{"rendered":"<p>El vicegobernador a cargo del Poder Ejecutivo, Miguel Acevedo, recibi\u00f3 en Casa de Gobierno a los ni\u00f1os tucumanos Benicio Diez Gonz\u00e1lez y Luca Di Pauli, ganadores del segundo puesto en la competencia nacional de la World Robotic Olympics realizada en el marco de la Exposici\u00f3n de Econom\u00edas del Conocimiento (ExpoCon) 2025. Los alumnos, pertenecientes a [&hellip;]<\/p>\n","protected":false},"author":1,"featured_media":45924,"comment_status":"closed","ping_status":"open","sticky":false,"template":"","format":"standard","meta":{"footnotes":""},"categories":[3],"tags":[],"class_list":{"0":"post-45923","1":"post","2":"type-post","3":"status-publish","4":"format-standard","5":"has-post-thumbnail","7":"category-politica"},"yoast_head":"<!-- This site is optimized with the Yoast SEO plugin v27.4 - https:\/\/yoast.com\/product\/yoast-seo-wordpress\/ -->\n<title>Acevedo recibi\u00f3 a ni\u00f1os tucumanos que tuvieron un papel destacado de una competencia internacional de rob\u00f3tica - El Diario de Tucuman<\/title>\n<meta name=\"robots\" content=\"index, follow, max-snippet:-1, max-image-preview:large, max-video-preview:-1\" \/>\n<link rel=\"canonical\" href=\"https:\/\/www.eldiariodetucuman.com\/web\/acevedo-recibio-a-ninos-tucumanos-que-tuvieron-un-papel-destacado-de-una-competencia-internacional-de-robotica\/\" \/>\n<meta property=\"og:locale\" content=\"es_ES\" \/>\n<meta property=\"og:type\" content=\"article\" \/>\n<meta property=\"og:title\" content=\"Acevedo recibi\u00f3 a ni\u00f1os tucumanos que tuvieron un papel destacado de una competencia internacional de rob\u00f3tica - El Diario de Tucuman\" \/>\n<meta property=\"og:description\" content=\"El vicegobernador a cargo del Poder Ejecutivo, Miguel Acevedo, recibi\u00f3 en Casa de Gobierno a los ni\u00f1os tucumanos Benicio Diez Gonz\u00e1lez y Luca Di Pauli, ganadores del segundo puesto en la competencia nacional de la World Robotic Olympics realizada en el marco de la Exposici\u00f3n de Econom\u00edas del Conocimiento (ExpoCon) 2025. Los alumnos, pertenecientes a [&hellip;]\" \/>\n<meta property=\"og:url\" content=\"https:\/\/www.eldiariodetucuman.com\/web\/acevedo-recibio-a-ninos-tucumanos-que-tuvieron-un-papel-destacado-de-una-competencia-internacional-de-robotica\/\" \/>\n<meta property=\"og:site_name\" content=\"El Diario de Tucuman\" \/>\n<meta property=\"article:published_time\" content=\"2025-10-13T21:17:51+00:00\" \/>\n<meta name=\"author\" content=\"admin\" \/>\n<meta name=\"twitter:card\" content=\"summary_large_image\" \/>\n<meta name=\"twitter:label1\" content=\"Escrito por\" \/>\n\t<meta name=\"twitter:data1\" content=\"admin\" \/>\n\t<meta name=\"twitter:label2\" content=\"Tiempo de lectura\" \/>\n\t<meta name=\"twitter:data2\" content=\"3 minutos\" \/>\n<script type=\"application\/ld+json\" class=\"yoast-schema-graph\">{\"@context\":\"https:\\\/\\\/schema.org\",\"@graph\":[{\"@type\":\"Article\",\"@id\":\"https:\\\/\\\/www.eldiariodetucuman.com\\\/web\\\/acevedo-recibio-a-ninos-tucumanos-que-tuvieron-un-papel-destacado-de-una-competencia-internacional-de-robotica\\\/#article\",\"isPartOf\":{\"@id\":\"https:\\\/\\\/www.eldiariodetucuman.com\\\/web\\\/acevedo-recibio-a-ninos-tucumanos-que-tuvieron-un-papel-destacado-de-una-competencia-internacional-de-robotica\\\/\"},\"author\":{\"name\":\"admin\",\"@id\":\"https:\\\/\\\/www.eldiariodetucuman.com\\\/web\\\/#\\\/schema\\\/person\\\/9250197d75ab5483412e19678b121caa\"},\"headline\":\"Acevedo recibi\u00f3 a ni\u00f1os tucumanos que tuvieron un papel destacado de una competencia internacional de rob\u00f3tica\",\"datePublished\":\"2025-10-13T21:17:51+00:00\",\"mainEntityOfPage\":{\"@id\":\"https:\\\/\\\/www.eldiariodetucuman.com\\\/web\\\/acevedo-recibio-a-ninos-tucumanos-que-tuvieron-un-papel-destacado-de-una-competencia-internacional-de-robotica\\\/\"},\"wordCount\":523,\"publisher\":{\"@id\":\"https:\\\/\\\/www.eldiariodetucuman.com\\\/web\\\/#organization\"},\"image\":{\"@id\":\"https:\\\/\\\/www.eldiariodetucuman.com\\\/web\\\/acevedo-recibio-a-ninos-tucumanos-que-tuvieron-un-papel-destacado-de-una-competencia-internacional-de-robotica\\\/#primaryimage\"},\"thumbnailUrl\":\"https:\\\/\\\/www.eldiariodetucuman.com\\\/web\\\/wp-content\\\/uploads\\\/2025\\\/10\\\/Acevedo-recibio-a-ninos-tucumanos-que-tuvieron-un-papel-destacado.jpg\",\"articleSection\":[\"Politica\"],\"inLanguage\":\"es\"},{\"@type\":\"WebPage\",\"@id\":\"https:\\\/\\\/www.eldiariodetucuman.com\\\/web\\\/acevedo-recibio-a-ninos-tucumanos-que-tuvieron-un-papel-destacado-de-una-competencia-internacional-de-robotica\\\/\",\"url\":\"https:\\\/\\\/www.eldiariodetucuman.com\\\/web\\\/acevedo-recibio-a-ninos-tucumanos-que-tuvieron-un-papel-destacado-de-una-competencia-internacional-de-robotica\\\/\",\"name\":\"Acevedo recibi\u00f3 a ni\u00f1os tucumanos que tuvieron un papel destacado de una competencia internacional de rob\u00f3tica - El Diario de Tucuman\",\"isPartOf\":{\"@id\":\"https:\\\/\\\/www.eldiariodetucuman.com\\\/web\\\/#website\"},\"primaryImageOfPage\":{\"@id\":\"https:\\\/\\\/www.eldiariodetucuman.com\\\/web\\\/acevedo-recibio-a-ninos-tucumanos-que-tuvieron-un-papel-destacado-de-una-competencia-internacional-de-robotica\\\/#primaryimage\"},\"image\":{\"@id\":\"https:\\\/\\\/www.eldiariodetucuman.com\\\/web\\\/acevedo-recibio-a-ninos-tucumanos-que-tuvieron-un-papel-destacado-de-una-competencia-internacional-de-robotica\\\/#primaryimage\"},\"thumbnailUrl\":\"https:\\\/\\\/www.eldiariodetucuman.com\\\/web\\\/wp-content\\\/uploads\\\/2025\\\/10\\\/Acevedo-recibio-a-ninos-tucumanos-que-tuvieron-un-papel-destacado.jpg\",\"datePublished\":\"2025-10-13T21:17:51+00:00\",\"breadcrumb\":{\"@id\":\"https:\\\/\\\/www.eldiariodetucuman.com\\\/web\\\/acevedo-recibio-a-ninos-tucumanos-que-tuvieron-un-papel-destacado-de-una-competencia-internacional-de-robotica\\\/#breadcrumb\"},\"inLanguage\":\"es\",\"potentialAction\":[{\"@type\":\"ReadAction\",\"target\":[\"https:\\\/\\\/www.eldiariodetucuman.com\\\/web\\\/acevedo-recibio-a-ninos-tucumanos-que-tuvieron-un-papel-destacado-de-una-competencia-internacional-de-robotica\\\/\"]}]},{\"@type\":\"ImageObject\",\"inLanguage\":\"es\",\"@id\":\"https:\\\/\\\/www.eldiariodetucuman.com\\\/web\\\/acevedo-recibio-a-ninos-tucumanos-que-tuvieron-un-papel-destacado-de-una-competencia-internacional-de-robotica\\\/#primaryimage\",\"url\":\"https:\\\/\\\/www.eldiariodetucuman.com\\\/web\\\/wp-content\\\/uploads\\\/2025\\\/10\\\/Acevedo-recibio-a-ninos-tucumanos-que-tuvieron-un-papel-destacado.jpg\",\"contentUrl\":\"https:\\\/\\\/www.eldiariodetucuman.com\\\/web\\\/wp-content\\\/uploads\\\/2025\\\/10\\\/Acevedo-recibio-a-ninos-tucumanos-que-tuvieron-un-papel-destacado.jpg\",\"width\":818,\"height\":460},{\"@type\":\"BreadcrumbList\",\"@id\":\"https:\\\/\\\/www.eldiariodetucuman.com\\\/web\\\/acevedo-recibio-a-ninos-tucumanos-que-tuvieron-un-papel-destacado-de-una-competencia-internacional-de-robotica\\\/#breadcrumb\",\"itemListElement\":[{\"@type\":\"ListItem\",\"position\":1,\"name\":\"Portada\",\"item\":\"https:\\\/\\\/www.eldiariodetucuman.com\\\/web\\\/\"},{\"@type\":\"ListItem\",\"position\":2,\"name\":\"Acevedo recibi\u00f3 a ni\u00f1os tucumanos que tuvieron un papel destacado de una competencia internacional de rob\u00f3tica\"}]},{\"@type\":\"WebSite\",\"@id\":\"https:\\\/\\\/www.eldiariodetucuman.com\\\/web\\\/#website\",\"url\":\"https:\\\/\\\/www.eldiariodetucuman.com\\\/web\\\/\",\"name\":\"El Diario de Tucuman\",\"description\":\"Diario Tucuman - Informaci\u00f3n y noticias\",\"publisher\":{\"@id\":\"https:\\\/\\\/www.eldiariodetucuman.com\\\/web\\\/#organization\"},\"potentialAction\":[{\"@type\":\"SearchAction\",\"target\":{\"@type\":\"EntryPoint\",\"urlTemplate\":\"https:\\\/\\\/www.eldiariodetucuman.com\\\/web\\\/?s={search_term_string}\"},\"query-input\":{\"@type\":\"PropertyValueSpecification\",\"valueRequired\":true,\"valueName\":\"search_term_string\"}}],\"inLanguage\":\"es\"},{\"@type\":\"Organization\",\"@id\":\"https:\\\/\\\/www.eldiariodetucuman.com\\\/web\\\/#organization\",\"name\":\"El Diario de Tucuman\",\"url\":\"https:\\\/\\\/www.eldiariodetucuman.com\\\/web\\\/\",\"logo\":{\"@type\":\"ImageObject\",\"inLanguage\":\"es\",\"@id\":\"https:\\\/\\\/www.eldiariodetucuman.com\\\/web\\\/#\\\/schema\\\/logo\\\/image\\\/\",\"url\":\"http:\\\/\\\/www.eldiariodetucuman.com\\\/web\\\/wp-content\\\/uploads\\\/2017\\\/12\\\/el-diario-de-tucuman.jpg\",\"contentUrl\":\"http:\\\/\\\/www.eldiariodetucuman.com\\\/web\\\/wp-content\\\/uploads\\\/2017\\\/12\\\/el-diario-de-tucuman.jpg\",\"width\":272,\"height\":92,\"caption\":\"El Diario de Tucuman\"},\"image\":{\"@id\":\"https:\\\/\\\/www.eldiariodetucuman.com\\\/web\\\/#\\\/schema\\\/logo\\\/image\\\/\"}},{\"@type\":\"Person\",\"@id\":\"https:\\\/\\\/www.eldiariodetucuman.com\\\/web\\\/#\\\/schema\\\/person\\\/9250197d75ab5483412e19678b121caa\",\"name\":\"admin\",\"image\":{\"@type\":\"ImageObject\",\"inLanguage\":\"es\",\"@id\":\"https:\\\/\\\/secure.gravatar.com\\\/avatar\\\/c44d117c2be811212c22cb481f6b8384b6873de103fbc49e7a03cc58d7dea4ac?s=96&d=mm&r=g\",\"url\":\"https:\\\/\\\/secure.gravatar.com\\\/avatar\\\/c44d117c2be811212c22cb481f6b8384b6873de103fbc49e7a03cc58d7dea4ac?s=96&d=mm&r=g\",\"contentUrl\":\"https:\\\/\\\/secure.gravatar.com\\\/avatar\\\/c44d117c2be811212c22cb481f6b8384b6873de103fbc49e7a03cc58d7dea4ac?s=96&d=mm&r=g\",\"caption\":\"admin\"},\"url\":\"https:\\\/\\\/www.eldiariodetucuman.com\\\/web\\\/author\\\/admin\\\/\"}]}<\/script>\n<!-- \/ Yoast SEO plugin. -->","yoast_head_json":{"title":"Acevedo recibi\u00f3 a ni\u00f1os tucumanos que tuvieron un papel destacado de una competencia internacional de rob\u00f3tica - El Diario de Tucuman","robots":{"index":"index","follow":"follow","max-snippet":"max-snippet:-1","max-image-preview":"max-image-preview:large","max-video-preview":"max-video-preview:-1"},"canonical":"https:\/\/www.eldiariodetucuman.com\/web\/acevedo-recibio-a-ninos-tucumanos-que-tuvieron-un-papel-destacado-de-una-competencia-internacional-de-robotica\/","og_locale":"es_ES","og_type":"article","og_title":"Acevedo recibi\u00f3 a ni\u00f1os tucumanos que tuvieron un papel destacado de una competencia internacional de rob\u00f3tica - El Diario de Tucuman","og_description":"El vicegobernador a cargo del Poder Ejecutivo, Miguel Acevedo, recibi\u00f3 en Casa de Gobierno a los ni\u00f1os tucumanos Benicio Diez Gonz\u00e1lez y Luca Di Pauli, ganadores del segundo puesto en la competencia nacional de la World Robotic Olympics realizada en el marco de la Exposici\u00f3n de Econom\u00edas del Conocimiento (ExpoCon) 2025. Los alumnos, pertenecientes a [&hellip;]","og_url":"https:\/\/www.eldiariodetucuman.com\/web\/acevedo-recibio-a-ninos-tucumanos-que-tuvieron-un-papel-destacado-de-una-competencia-internacional-de-robotica\/","og_site_name":"El Diario de Tucuman","article_published_time":"2025-10-13T21:17:51+00:00","author":"admin","twitter_card":"summary_large_image","twitter_misc":{"Escrito por":"admin","Tiempo de lectura":"3 minutos"},"schema":{"@context":"https:\/\/schema.org","@graph":[{"@type":"Article","@id":"https:\/\/www.eldiariodetucuman.com\/web\/acevedo-recibio-a-ninos-tucumanos-que-tuvieron-un-papel-destacado-de-una-competencia-internacional-de-robotica\/#article","isPartOf":{"@id":"https:\/\/www.eldiariodetucuman.com\/web\/acevedo-recibio-a-ninos-tucumanos-que-tuvieron-un-papel-destacado-de-una-competencia-internacional-de-robotica\/"},"author":{"name":"admin","@id":"https:\/\/www.eldiariodetucuman.com\/web\/#\/schema\/person\/9250197d75ab5483412e19678b121caa"},"headline":"Acevedo recibi\u00f3 a ni\u00f1os tucumanos que tuvieron un papel destacado de una competencia internacional de rob\u00f3tica","datePublished":"2025-10-13T21:17:51+00:00","mainEntityOfPage":{"@id":"https:\/\/www.eldiariodetucuman.com\/web\/acevedo-recibio-a-ninos-tucumanos-que-tuvieron-un-papel-destacado-de-una-competencia-internacional-de-robotica\/"},"wordCount":523,"publisher":{"@id":"https:\/\/www.eldiariodetucuman.com\/web\/#organization"},"image":{"@id":"https:\/\/www.eldiariodetucuman.com\/web\/acevedo-recibio-a-ninos-tucumanos-que-tuvieron-un-papel-destacado-de-una-competencia-internacional-de-robotica\/#primaryimage"},"thumbnailUrl":"https:\/\/www.eldiariodetucuman.com\/web\/wp-content\/uploads\/2025\/10\/Acevedo-recibio-a-ninos-tucumanos-que-tuvieron-un-papel-destacado.jpg","articleSection":["Politica"],"inLanguage":"es"},{"@type":"WebPage","@id":"https:\/\/www.eldiariodetucuman.com\/web\/acevedo-recibio-a-ninos-tucumanos-que-tuvieron-un-papel-destacado-de-una-competencia-internacional-de-robotica\/","url":"https:\/\/www.eldiariodetucuman.com\/web\/acevedo-recibio-a-ninos-tucumanos-que-tuvieron-un-papel-destacado-de-una-competencia-internacional-de-robotica\/","name":"Acevedo recibi\u00f3 a ni\u00f1os tucumanos que tuvieron un papel destacado de una competencia internacional de rob\u00f3tica - El Diario de Tucuman","isPartOf":{"@id":"https:\/\/www.eldiariodetucuman.com\/web\/#website"},"primaryImageOfPage":{"@id":"https:\/\/www.eldiariodetucuman.com\/web\/acevedo-recibio-a-ninos-tucumanos-que-tuvieron-un-papel-destacado-de-una-competencia-internacional-de-robotica\/#primaryimage"},"image":{"@id":"https:\/\/www.eldiariodetucuman.com\/web\/acevedo-recibio-a-ninos-tucumanos-que-tuvieron-un-papel-destacado-de-una-competencia-internacional-de-robotica\/#primaryimage"},"thumbnailUrl":"https:\/\/www.eldiariodetucuman.com\/web\/wp-content\/uploads\/2025\/10\/Acevedo-recibio-a-ninos-tucumanos-que-tuvieron-un-papel-destacado.jpg","datePublished":"2025-10-13T21:17:51+00:00","breadcrumb":{"@id":"https:\/\/www.eldiariodetucuman.com\/web\/acevedo-recibio-a-ninos-tucumanos-que-tuvieron-un-papel-destacado-de-una-competencia-internacional-de-robotica\/#breadcrumb"},"inLanguage":"es","potentialAction":[{"@type":"ReadAction","target":["https:\/\/www.eldiariodetucuman.com\/web\/acevedo-recibio-a-ninos-tucumanos-que-tuvieron-un-papel-destacado-de-una-competencia-internacional-de-robotica\/"]}]},{"@type":"ImageObject","inLanguage":"es","@id":"https:\/\/www.eldiariodetucuman.com\/web\/acevedo-recibio-a-ninos-tucumanos-que-tuvieron-un-papel-destacado-de-una-competencia-internacional-de-robotica\/#primaryimage","url":"https:\/\/www.eldiariodetucuman.com\/web\/wp-content\/uploads\/2025\/10\/Acevedo-recibio-a-ninos-tucumanos-que-tuvieron-un-papel-destacado.jpg","contentUrl":"https:\/\/www.eldiariodetucuman.com\/web\/wp-content\/uploads\/2025\/10\/Acevedo-recibio-a-ninos-tucumanos-que-tuvieron-un-papel-destacado.jpg","width":818,"height":460},{"@type":"BreadcrumbList","@id":"https:\/\/www.eldiariodetucuman.com\/web\/acevedo-recibio-a-ninos-tucumanos-que-tuvieron-un-papel-destacado-de-una-competencia-internacional-de-robotica\/#breadcrumb","itemListElement":[{"@type":"ListItem","position":1,"name":"Portada","item":"https:\/\/www.eldiariodetucuman.com\/web\/"},{"@type":"ListItem","position":2,"name":"Acevedo recibi\u00f3 a ni\u00f1os tucumanos que tuvieron un papel destacado de una competencia internacional de rob\u00f3tica"}]},{"@type":"WebSite","@id":"https:\/\/www.eldiariodetucuman.com\/web\/#website","url":"https:\/\/www.eldiariodetucuman.com\/web\/","name":"El Diario de Tucuman","description":"Diario Tucuman - Informaci\u00f3n y noticias","publisher":{"@id":"https:\/\/www.eldiariodetucuman.com\/web\/#organization"},"potentialAction":[{"@type":"SearchAction","target":{"@type":"EntryPoint","urlTemplate":"https:\/\/www.eldiariodetucuman.com\/web\/?s={search_term_string}"},"query-input":{"@type":"PropertyValueSpecification","valueRequired":true,"valueName":"search_term_string"}}],"inLanguage":"es"},{"@type":"Organization","@id":"https:\/\/www.eldiariodetucuman.com\/web\/#organization","name":"El Diario de Tucuman","url":"https:\/\/www.eldiariodetucuman.com\/web\/","logo":{"@type":"ImageObject","inLanguage":"es","@id":"https:\/\/www.eldiariodetucuman.com\/web\/#\/schema\/logo\/image\/","url":"http:\/\/www.eldiariodetucuman.com\/web\/wp-content\/uploads\/2017\/12\/el-diario-de-tucuman.jpg","contentUrl":"http:\/\/www.eldiariodetucuman.com\/web\/wp-content\/uploads\/2017\/12\/el-diario-de-tucuman.jpg","width":272,"height":92,"caption":"El Diario de Tucuman"},"image":{"@id":"https:\/\/www.eldiariodetucuman.com\/web\/#\/schema\/logo\/image\/"}},{"@type":"Person","@id":"https:\/\/www.eldiariodetucuman.com\/web\/#\/schema\/person\/9250197d75ab5483412e19678b121caa","name":"admin","image":{"@type":"ImageObject","inLanguage":"es","@id":"https:\/\/secure.gravatar.com\/avatar\/c44d117c2be811212c22cb481f6b8384b6873de103fbc49e7a03cc58d7dea4ac?s=96&d=mm&r=g","url":"https:\/\/secure.gravatar.com\/avatar\/c44d117c2be811212c22cb481f6b8384b6873de103fbc49e7a03cc58d7dea4ac?s=96&d=mm&r=g","contentUrl":"https:\/\/secure.gravatar.com\/avatar\/c44d117c2be811212c22cb481f6b8384b6873de103fbc49e7a03cc58d7dea4ac?s=96&d=mm&r=g","caption":"admin"},"url":"https:\/\/www.eldiariodetucuman.com\/web\/author\/admin\/"}]}},"_links":{"self":[{"href":"https:\/\/www.eldiariodetucuman.com\/web\/wp-json\/wp\/v2\/posts\/45923","targetHints":{"allow":["GET"]}}],"collection":[{"href":"https:\/\/www.eldiariodetucuman.com\/web\/wp-json\/wp\/v2\/posts"}],"about":[{"href":"https:\/\/www.eldiariodetucuman.com\/web\/wp-json\/wp\/v2\/types\/post"}],"author":[{"embeddable":true,"href":"https:\/\/www.eldiariodetucuman.com\/web\/wp-json\/wp\/v2\/users\/1"}],"replies":[{"embeddable":true,"href":"https:\/\/www.eldiariodetucuman.com\/web\/wp-json\/wp\/v2\/comments?post=45923"}],"version-history":[{"count":0,"href":"https:\/\/www.eldiariodetucuman.com\/web\/wp-json\/wp\/v2\/posts\/45923\/revisions"}],"wp:featuredmedia":[{"embeddable":true,"href":"https:\/\/www.eldiariodetucuman.com\/web\/wp-json\/wp\/v2\/media\/45924"}],"wp:attachment":[{"href":"https:\/\/www.eldiariodetucuman.com\/web\/wp-json\/wp\/v2\/media?parent=45923"}],"wp:term":[{"taxonomy":"category","embeddable":true,"href":"https:\/\/www.eldiariodetucuman.com\/web\/wp-json\/wp\/v2\/categories?post=45923"},{"taxonomy":"post_tag","embeddable":true,"href":"https:\/\/www.eldiariodetucuman.com\/web\/wp-json\/wp\/v2\/tags?post=45923"}],"curies":[{"name":"wp","href":"https:\/\/api.w.org\/{rel}","templated":true}]}}