{"id":45919,"date":"2025-10-13T16:39:10","date_gmt":"2025-10-13T19:39:10","guid":{"rendered":"https:\/\/www.eldiariodetucuman.com\/web\/intensas-tareas-para-controlar-el-incendio-en-el-cerro-kiko\/"},"modified":"2025-10-13T16:39:10","modified_gmt":"2025-10-13T19:39:10","slug":"intensas-tareas-para-controlar-el-incendio-en-el-cerro-kiko","status":"publish","type":"post","link":"https:\/\/www.eldiariodetucuman.com\/web\/intensas-tareas-para-controlar-el-incendio-en-el-cerro-kiko\/","title":{"rendered":"Intensas tareas para controlar el incendio en el cerro Kiko"},"content":{"rendered":"<p>  <\/p>\n<p>A partir de las 8, se incorporaron dos aeronaves de alas fijas de la empresa Agroalas, que realizan tareas de enfriamiento y control en los frentes norte y sur del incendio. \u00abSon m\u00e1s o menos 500 hect\u00e1reas que se ve\u00edan afectadas\u00bb, cont\u00f3 el legislador Leopoldo Rodr\u00edguez que inform\u00f3 que \u00abla idea de atacarlo r\u00e1pidamente, fue porque ten\u00edamos pron\u00f3sticos reci\u00e9n a partir del d\u00eda jueves de probabilidades de lluvia. Entonces, para evitar que esto avance y tener problemas con vecinos de la zona, de la localidad de Y\u00e1nima, se trabaj\u00f3 de manera inmediata\u00bb.<\/p>\n<p>Cada vuelo transporta cerca de 2.000 litros de agua, lo que permiti\u00f3 mantener, enfriar y extinguir sectores cr\u00edticos del terreno, en coordinaci\u00f3n con el trabajo de brigadistas en tierra. Las tareas terrestres se concentran especialmente en el sector sur, el m\u00e1s complejo de la zona afectada, donde se espera lograr la extinci\u00f3n total hacia las 17 horas. \u00abEsto trae tranquilidad a toda la comunidad del departamento de La Cocha\u00bb, dijo Rodr\u00edguez.<\/p>\n<p>En paralelo, a partir de las 14, un helic\u00f3ptero de la Direcci\u00f3n Provincial de Aeron\u00e1utica (DPA) realizar\u00e1 el descenso del primer grupo de brigadistas, que se encontraba desde hace tres d\u00edas en el campamento base y ser\u00e1 relevado por un segundo equipo, encargado de continuar con las labores de extinci\u00f3n hasta ma\u00f1ana si persiste la actividad del fuego.<\/p>\n<p>Del operativo participan Defensa Civil, la Brigada de Incendios Forestales de Defensa Civil, Bomberos de La Cocha, Defensa Civil de La Cocha, dependiente de la Secretar\u00eda de Seguridad del municipio, y Bomberos Voluntarios de Bella Vista, que operan desde el aer\u00f3dromo de la familia Teaux. <\/p>\n<p>\u00abQuiero destacar la predisposici\u00f3n y la preocupaci\u00f3n de nuestro gobernador, que ayer estuvimos en contacto y hoy tambi\u00e9n estuvo siguiendo muy de cerca los trabajos que se realizaban\u00bb, cont\u00f3 el legislador. Del mismo modo inform\u00f3 que el subsecretario de Defensa Civil de la provincia, Ram\u00f3n Imbert, estuvo en la coordinaci\u00f3n de toda esta log\u00edstica y el operativo.<\/p>\n<p>Fuente: <a href=\"https:\/\/www.lv12.com.ar\/incendio\/intensas-tareas-controlar-el-incendio-el-cerro-kiko-n187224\"> Fuente de la nota <\/a><\/p>\n","protected":false},"excerpt":{"rendered":"<p>A partir de las 8, se incorporaron dos aeronaves de alas fijas de la empresa Agroalas, que realizan tareas de enfriamiento y control en los frentes norte y sur del incendio. \u00abSon m\u00e1s o menos 500 hect\u00e1reas que se ve\u00edan afectadas\u00bb, cont\u00f3 el legislador Leopoldo Rodr\u00edguez que inform\u00f3 que \u00abla idea de atacarlo r\u00e1pidamente, fue [&hellip;]<\/p>\n","protected":false},"author":1,"featured_media":45920,"comment_status":"closed","ping_status":"open","sticky":false,"template":"","format":"standard","meta":{"footnotes":""},"categories":[927],"tags":[],"class_list":{"0":"post-45919","1":"post","2":"type-post","3":"status-publish","4":"format-standard","5":"has-post-thumbnail","7":"category-policiales"},"yoast_head":"<!-- This site is optimized with the Yoast SEO plugin v27.4 - https:\/\/yoast.com\/product\/yoast-seo-wordpress\/ -->\n<title>Intensas tareas para controlar el incendio en el cerro Kiko - El Diario de Tucuman<\/title>\n<meta name=\"robots\" content=\"index, follow, max-snippet:-1, max-image-preview:large, max-video-preview:-1\" \/>\n<link rel=\"canonical\" href=\"https:\/\/www.eldiariodetucuman.com\/web\/intensas-tareas-para-controlar-el-incendio-en-el-cerro-kiko\/\" \/>\n<meta property=\"og:locale\" content=\"es_ES\" \/>\n<meta property=\"og:type\" content=\"article\" \/>\n<meta property=\"og:title\" content=\"Intensas tareas para controlar el incendio en el cerro Kiko - El Diario de Tucuman\" \/>\n<meta property=\"og:description\" content=\"A partir de las 8, se incorporaron dos aeronaves de alas fijas de la empresa Agroalas, que realizan tareas de enfriamiento y control en los frentes norte y sur del incendio. \u00abSon m\u00e1s o menos 500 hect\u00e1reas que se ve\u00edan afectadas\u00bb, cont\u00f3 el legislador Leopoldo Rodr\u00edguez que inform\u00f3 que \u00abla idea de atacarlo r\u00e1pidamente, fue [&hellip;]\" \/>\n<meta property=\"og:url\" content=\"https:\/\/www.eldiariodetucuman.com\/web\/intensas-tareas-para-controlar-el-incendio-en-el-cerro-kiko\/\" \/>\n<meta property=\"og:site_name\" content=\"El Diario de Tucuman\" \/>\n<meta property=\"article:published_time\" content=\"2025-10-13T19:39:10+00:00\" \/>\n<meta name=\"author\" content=\"admin\" \/>\n<meta name=\"twitter:card\" content=\"summary_large_image\" \/>\n<meta name=\"twitter:label1\" content=\"Escrito por\" \/>\n\t<meta name=\"twitter:data1\" content=\"admin\" \/>\n\t<meta name=\"twitter:label2\" content=\"Tiempo de lectura\" \/>\n\t<meta name=\"twitter:data2\" content=\"2 minutos\" \/>\n<script type=\"application\/ld+json\" class=\"yoast-schema-graph\">{\"@context\":\"https:\\\/\\\/schema.org\",\"@graph\":[{\"@type\":\"Article\",\"@id\":\"https:\\\/\\\/www.eldiariodetucuman.com\\\/web\\\/intensas-tareas-para-controlar-el-incendio-en-el-cerro-kiko\\\/#article\",\"isPartOf\":{\"@id\":\"https:\\\/\\\/www.eldiariodetucuman.com\\\/web\\\/intensas-tareas-para-controlar-el-incendio-en-el-cerro-kiko\\\/\"},\"author\":{\"name\":\"admin\",\"@id\":\"https:\\\/\\\/www.eldiariodetucuman.com\\\/web\\\/#\\\/schema\\\/person\\\/9250197d75ab5483412e19678b121caa\"},\"headline\":\"Intensas tareas para controlar el incendio en el cerro Kiko\",\"datePublished\":\"2025-10-13T19:39:10+00:00\",\"mainEntityOfPage\":{\"@id\":\"https:\\\/\\\/www.eldiariodetucuman.com\\\/web\\\/intensas-tareas-para-controlar-el-incendio-en-el-cerro-kiko\\\/\"},\"wordCount\":362,\"publisher\":{\"@id\":\"https:\\\/\\\/www.eldiariodetucuman.com\\\/web\\\/#organization\"},\"image\":{\"@id\":\"https:\\\/\\\/www.eldiariodetucuman.com\\\/web\\\/intensas-tareas-para-controlar-el-incendio-en-el-cerro-kiko\\\/#primaryimage\"},\"thumbnailUrl\":\"https:\\\/\\\/www.eldiariodetucuman.com\\\/web\\\/wp-content\\\/uploads\\\/2025\\\/10\\\/Intensas-tareas-para-controlar-el-incendio-en-el-cerro-Kiko.jpeg\",\"articleSection\":[\"Policiales\"],\"inLanguage\":\"es\"},{\"@type\":\"WebPage\",\"@id\":\"https:\\\/\\\/www.eldiariodetucuman.com\\\/web\\\/intensas-tareas-para-controlar-el-incendio-en-el-cerro-kiko\\\/\",\"url\":\"https:\\\/\\\/www.eldiariodetucuman.com\\\/web\\\/intensas-tareas-para-controlar-el-incendio-en-el-cerro-kiko\\\/\",\"name\":\"Intensas tareas para controlar el incendio en el cerro Kiko - El Diario de Tucuman\",\"isPartOf\":{\"@id\":\"https:\\\/\\\/www.eldiariodetucuman.com\\\/web\\\/#website\"},\"primaryImageOfPage\":{\"@id\":\"https:\\\/\\\/www.eldiariodetucuman.com\\\/web\\\/intensas-tareas-para-controlar-el-incendio-en-el-cerro-kiko\\\/#primaryimage\"},\"image\":{\"@id\":\"https:\\\/\\\/www.eldiariodetucuman.com\\\/web\\\/intensas-tareas-para-controlar-el-incendio-en-el-cerro-kiko\\\/#primaryimage\"},\"thumbnailUrl\":\"https:\\\/\\\/www.eldiariodetucuman.com\\\/web\\\/wp-content\\\/uploads\\\/2025\\\/10\\\/Intensas-tareas-para-controlar-el-incendio-en-el-cerro-Kiko.jpeg\",\"datePublished\":\"2025-10-13T19:39:10+00:00\",\"breadcrumb\":{\"@id\":\"https:\\\/\\\/www.eldiariodetucuman.com\\\/web\\\/intensas-tareas-para-controlar-el-incendio-en-el-cerro-kiko\\\/#breadcrumb\"},\"inLanguage\":\"es\",\"potentialAction\":[{\"@type\":\"ReadAction\",\"target\":[\"https:\\\/\\\/www.eldiariodetucuman.com\\\/web\\\/intensas-tareas-para-controlar-el-incendio-en-el-cerro-kiko\\\/\"]}]},{\"@type\":\"ImageObject\",\"inLanguage\":\"es\",\"@id\":\"https:\\\/\\\/www.eldiariodetucuman.com\\\/web\\\/intensas-tareas-para-controlar-el-incendio-en-el-cerro-kiko\\\/#primaryimage\",\"url\":\"https:\\\/\\\/www.eldiariodetucuman.com\\\/web\\\/wp-content\\\/uploads\\\/2025\\\/10\\\/Intensas-tareas-para-controlar-el-incendio-en-el-cerro-Kiko.jpeg\",\"contentUrl\":\"https:\\\/\\\/www.eldiariodetucuman.com\\\/web\\\/wp-content\\\/uploads\\\/2025\\\/10\\\/Intensas-tareas-para-controlar-el-incendio-en-el-cerro-Kiko.jpeg\",\"width\":1200,\"height\":675},{\"@type\":\"BreadcrumbList\",\"@id\":\"https:\\\/\\\/www.eldiariodetucuman.com\\\/web\\\/intensas-tareas-para-controlar-el-incendio-en-el-cerro-kiko\\\/#breadcrumb\",\"itemListElement\":[{\"@type\":\"ListItem\",\"position\":1,\"name\":\"Portada\",\"item\":\"https:\\\/\\\/www.eldiariodetucuman.com\\\/web\\\/\"},{\"@type\":\"ListItem\",\"position\":2,\"name\":\"Intensas tareas para controlar el incendio en el cerro Kiko\"}]},{\"@type\":\"WebSite\",\"@id\":\"https:\\\/\\\/www.eldiariodetucuman.com\\\/web\\\/#website\",\"url\":\"https:\\\/\\\/www.eldiariodetucuman.com\\\/web\\\/\",\"name\":\"El Diario de Tucuman\",\"description\":\"Diario Tucuman - Informaci\u00f3n y noticias\",\"publisher\":{\"@id\":\"https:\\\/\\\/www.eldiariodetucuman.com\\\/web\\\/#organization\"},\"potentialAction\":[{\"@type\":\"SearchAction\",\"target\":{\"@type\":\"EntryPoint\",\"urlTemplate\":\"https:\\\/\\\/www.eldiariodetucuman.com\\\/web\\\/?s={search_term_string}\"},\"query-input\":{\"@type\":\"PropertyValueSpecification\",\"valueRequired\":true,\"valueName\":\"search_term_string\"}}],\"inLanguage\":\"es\"},{\"@type\":\"Organization\",\"@id\":\"https:\\\/\\\/www.eldiariodetucuman.com\\\/web\\\/#organization\",\"name\":\"El Diario de Tucuman\",\"url\":\"https:\\\/\\\/www.eldiariodetucuman.com\\\/web\\\/\",\"logo\":{\"@type\":\"ImageObject\",\"inLanguage\":\"es\",\"@id\":\"https:\\\/\\\/www.eldiariodetucuman.com\\\/web\\\/#\\\/schema\\\/logo\\\/image\\\/\",\"url\":\"http:\\\/\\\/www.eldiariodetucuman.com\\\/web\\\/wp-content\\\/uploads\\\/2017\\\/12\\\/el-diario-de-tucuman.jpg\",\"contentUrl\":\"http:\\\/\\\/www.eldiariodetucuman.com\\\/web\\\/wp-content\\\/uploads\\\/2017\\\/12\\\/el-diario-de-tucuman.jpg\",\"width\":272,\"height\":92,\"caption\":\"El Diario de Tucuman\"},\"image\":{\"@id\":\"https:\\\/\\\/www.eldiariodetucuman.com\\\/web\\\/#\\\/schema\\\/logo\\\/image\\\/\"}},{\"@type\":\"Person\",\"@id\":\"https:\\\/\\\/www.eldiariodetucuman.com\\\/web\\\/#\\\/schema\\\/person\\\/9250197d75ab5483412e19678b121caa\",\"name\":\"admin\",\"image\":{\"@type\":\"ImageObject\",\"inLanguage\":\"es\",\"@id\":\"https:\\\/\\\/secure.gravatar.com\\\/avatar\\\/c44d117c2be811212c22cb481f6b8384b6873de103fbc49e7a03cc58d7dea4ac?s=96&d=mm&r=g\",\"url\":\"https:\\\/\\\/secure.gravatar.com\\\/avatar\\\/c44d117c2be811212c22cb481f6b8384b6873de103fbc49e7a03cc58d7dea4ac?s=96&d=mm&r=g\",\"contentUrl\":\"https:\\\/\\\/secure.gravatar.com\\\/avatar\\\/c44d117c2be811212c22cb481f6b8384b6873de103fbc49e7a03cc58d7dea4ac?s=96&d=mm&r=g\",\"caption\":\"admin\"},\"url\":\"https:\\\/\\\/www.eldiariodetucuman.com\\\/web\\\/author\\\/admin\\\/\"}]}<\/script>\n<!-- \/ Yoast SEO plugin. -->","yoast_head_json":{"title":"Intensas tareas para controlar el incendio en el cerro Kiko - El Diario de Tucuman","robots":{"index":"index","follow":"follow","max-snippet":"max-snippet:-1","max-image-preview":"max-image-preview:large","max-video-preview":"max-video-preview:-1"},"canonical":"https:\/\/www.eldiariodetucuman.com\/web\/intensas-tareas-para-controlar-el-incendio-en-el-cerro-kiko\/","og_locale":"es_ES","og_type":"article","og_title":"Intensas tareas para controlar el incendio en el cerro Kiko - El Diario de Tucuman","og_description":"A partir de las 8, se incorporaron dos aeronaves de alas fijas de la empresa Agroalas, que realizan tareas de enfriamiento y control en los frentes norte y sur del incendio. \u00abSon m\u00e1s o menos 500 hect\u00e1reas que se ve\u00edan afectadas\u00bb, cont\u00f3 el legislador Leopoldo Rodr\u00edguez que inform\u00f3 que \u00abla idea de atacarlo r\u00e1pidamente, fue [&hellip;]","og_url":"https:\/\/www.eldiariodetucuman.com\/web\/intensas-tareas-para-controlar-el-incendio-en-el-cerro-kiko\/","og_site_name":"El Diario de Tucuman","article_published_time":"2025-10-13T19:39:10+00:00","author":"admin","twitter_card":"summary_large_image","twitter_misc":{"Escrito por":"admin","Tiempo de lectura":"2 minutos"},"schema":{"@context":"https:\/\/schema.org","@graph":[{"@type":"Article","@id":"https:\/\/www.eldiariodetucuman.com\/web\/intensas-tareas-para-controlar-el-incendio-en-el-cerro-kiko\/#article","isPartOf":{"@id":"https:\/\/www.eldiariodetucuman.com\/web\/intensas-tareas-para-controlar-el-incendio-en-el-cerro-kiko\/"},"author":{"name":"admin","@id":"https:\/\/www.eldiariodetucuman.com\/web\/#\/schema\/person\/9250197d75ab5483412e19678b121caa"},"headline":"Intensas tareas para controlar el incendio en el cerro Kiko","datePublished":"2025-10-13T19:39:10+00:00","mainEntityOfPage":{"@id":"https:\/\/www.eldiariodetucuman.com\/web\/intensas-tareas-para-controlar-el-incendio-en-el-cerro-kiko\/"},"wordCount":362,"publisher":{"@id":"https:\/\/www.eldiariodetucuman.com\/web\/#organization"},"image":{"@id":"https:\/\/www.eldiariodetucuman.com\/web\/intensas-tareas-para-controlar-el-incendio-en-el-cerro-kiko\/#primaryimage"},"thumbnailUrl":"https:\/\/www.eldiariodetucuman.com\/web\/wp-content\/uploads\/2025\/10\/Intensas-tareas-para-controlar-el-incendio-en-el-cerro-Kiko.jpeg","articleSection":["Policiales"],"inLanguage":"es"},{"@type":"WebPage","@id":"https:\/\/www.eldiariodetucuman.com\/web\/intensas-tareas-para-controlar-el-incendio-en-el-cerro-kiko\/","url":"https:\/\/www.eldiariodetucuman.com\/web\/intensas-tareas-para-controlar-el-incendio-en-el-cerro-kiko\/","name":"Intensas tareas para controlar el incendio en el cerro Kiko - El Diario de Tucuman","isPartOf":{"@id":"https:\/\/www.eldiariodetucuman.com\/web\/#website"},"primaryImageOfPage":{"@id":"https:\/\/www.eldiariodetucuman.com\/web\/intensas-tareas-para-controlar-el-incendio-en-el-cerro-kiko\/#primaryimage"},"image":{"@id":"https:\/\/www.eldiariodetucuman.com\/web\/intensas-tareas-para-controlar-el-incendio-en-el-cerro-kiko\/#primaryimage"},"thumbnailUrl":"https:\/\/www.eldiariodetucuman.com\/web\/wp-content\/uploads\/2025\/10\/Intensas-tareas-para-controlar-el-incendio-en-el-cerro-Kiko.jpeg","datePublished":"2025-10-13T19:39:10+00:00","breadcrumb":{"@id":"https:\/\/www.eldiariodetucuman.com\/web\/intensas-tareas-para-controlar-el-incendio-en-el-cerro-kiko\/#breadcrumb"},"inLanguage":"es","potentialAction":[{"@type":"ReadAction","target":["https:\/\/www.eldiariodetucuman.com\/web\/intensas-tareas-para-controlar-el-incendio-en-el-cerro-kiko\/"]}]},{"@type":"ImageObject","inLanguage":"es","@id":"https:\/\/www.eldiariodetucuman.com\/web\/intensas-tareas-para-controlar-el-incendio-en-el-cerro-kiko\/#primaryimage","url":"https:\/\/www.eldiariodetucuman.com\/web\/wp-content\/uploads\/2025\/10\/Intensas-tareas-para-controlar-el-incendio-en-el-cerro-Kiko.jpeg","contentUrl":"https:\/\/www.eldiariodetucuman.com\/web\/wp-content\/uploads\/2025\/10\/Intensas-tareas-para-controlar-el-incendio-en-el-cerro-Kiko.jpeg","width":1200,"height":675},{"@type":"BreadcrumbList","@id":"https:\/\/www.eldiariodetucuman.com\/web\/intensas-tareas-para-controlar-el-incendio-en-el-cerro-kiko\/#breadcrumb","itemListElement":[{"@type":"ListItem","position":1,"name":"Portada","item":"https:\/\/www.eldiariodetucuman.com\/web\/"},{"@type":"ListItem","position":2,"name":"Intensas tareas para controlar el incendio en el cerro Kiko"}]},{"@type":"WebSite","@id":"https:\/\/www.eldiariodetucuman.com\/web\/#website","url":"https:\/\/www.eldiariodetucuman.com\/web\/","name":"El Diario de Tucuman","description":"Diario Tucuman - Informaci\u00f3n y noticias","publisher":{"@id":"https:\/\/www.eldiariodetucuman.com\/web\/#organization"},"potentialAction":[{"@type":"SearchAction","target":{"@type":"EntryPoint","urlTemplate":"https:\/\/www.eldiariodetucuman.com\/web\/?s={search_term_string}"},"query-input":{"@type":"PropertyValueSpecification","valueRequired":true,"valueName":"search_term_string"}}],"inLanguage":"es"},{"@type":"Organization","@id":"https:\/\/www.eldiariodetucuman.com\/web\/#organization","name":"El Diario de Tucuman","url":"https:\/\/www.eldiariodetucuman.com\/web\/","logo":{"@type":"ImageObject","inLanguage":"es","@id":"https:\/\/www.eldiariodetucuman.com\/web\/#\/schema\/logo\/image\/","url":"http:\/\/www.eldiariodetucuman.com\/web\/wp-content\/uploads\/2017\/12\/el-diario-de-tucuman.jpg","contentUrl":"http:\/\/www.eldiariodetucuman.com\/web\/wp-content\/uploads\/2017\/12\/el-diario-de-tucuman.jpg","width":272,"height":92,"caption":"El Diario de Tucuman"},"image":{"@id":"https:\/\/www.eldiariodetucuman.com\/web\/#\/schema\/logo\/image\/"}},{"@type":"Person","@id":"https:\/\/www.eldiariodetucuman.com\/web\/#\/schema\/person\/9250197d75ab5483412e19678b121caa","name":"admin","image":{"@type":"ImageObject","inLanguage":"es","@id":"https:\/\/secure.gravatar.com\/avatar\/c44d117c2be811212c22cb481f6b8384b6873de103fbc49e7a03cc58d7dea4ac?s=96&d=mm&r=g","url":"https:\/\/secure.gravatar.com\/avatar\/c44d117c2be811212c22cb481f6b8384b6873de103fbc49e7a03cc58d7dea4ac?s=96&d=mm&r=g","contentUrl":"https:\/\/secure.gravatar.com\/avatar\/c44d117c2be811212c22cb481f6b8384b6873de103fbc49e7a03cc58d7dea4ac?s=96&d=mm&r=g","caption":"admin"},"url":"https:\/\/www.eldiariodetucuman.com\/web\/author\/admin\/"}]}},"_links":{"self":[{"href":"https:\/\/www.eldiariodetucuman.com\/web\/wp-json\/wp\/v2\/posts\/45919","targetHints":{"allow":["GET"]}}],"collection":[{"href":"https:\/\/www.eldiariodetucuman.com\/web\/wp-json\/wp\/v2\/posts"}],"about":[{"href":"https:\/\/www.eldiariodetucuman.com\/web\/wp-json\/wp\/v2\/types\/post"}],"author":[{"embeddable":true,"href":"https:\/\/www.eldiariodetucuman.com\/web\/wp-json\/wp\/v2\/users\/1"}],"replies":[{"embeddable":true,"href":"https:\/\/www.eldiariodetucuman.com\/web\/wp-json\/wp\/v2\/comments?post=45919"}],"version-history":[{"count":0,"href":"https:\/\/www.eldiariodetucuman.com\/web\/wp-json\/wp\/v2\/posts\/45919\/revisions"}],"wp:featuredmedia":[{"embeddable":true,"href":"https:\/\/www.eldiariodetucuman.com\/web\/wp-json\/wp\/v2\/media\/45920"}],"wp:attachment":[{"href":"https:\/\/www.eldiariodetucuman.com\/web\/wp-json\/wp\/v2\/media?parent=45919"}],"wp:term":[{"taxonomy":"category","embeddable":true,"href":"https:\/\/www.eldiariodetucuman.com\/web\/wp-json\/wp\/v2\/categories?post=45919"},{"taxonomy":"post_tag","embeddable":true,"href":"https:\/\/www.eldiariodetucuman.com\/web\/wp-json\/wp\/v2\/tags?post=45919"}],"curies":[{"name":"wp","href":"https:\/\/api.w.org\/{rel}","templated":true}]}}