{"id":45916,"date":"2025-10-12T23:41:59","date_gmt":"2025-10-13T02:41:59","guid":{"rendered":"https:\/\/www.eldiariodetucuman.com\/web\/el-acusado-por-el-doble-femicidio-hablaba-de-la-vulneracion-de-derechos-humanos-de-la-poblacion-masculina\/"},"modified":"2025-10-12T23:42:04","modified_gmt":"2025-10-13T02:42:04","slug":"el-acusado-por-el-doble-femicidio-hablaba-de-la-vulneracion-de-derechos-humanos-de-la-poblacion-masculina","status":"publish","type":"post","link":"https:\/\/www.eldiariodetucuman.com\/web\/el-acusado-por-el-doble-femicidio-hablaba-de-la-vulneracion-de-derechos-humanos-de-la-poblacion-masculina\/","title":{"rendered":"El acusado por el doble femicidio hablaba de la \u00abvulneraci\u00f3n de derechos humanos de la poblaci\u00f3n masculina\u00bb"},"content":{"rendered":"<p><\/p>\n<p class=\"com-paragraph   --s\"><strong>Pablo Laurta<\/strong>, acusado por el<strong> <\/strong><strong>doble femicidio<\/strong><strong> <\/strong>en C\u00f3rdoba, hablaba de la \u201cvulneraci\u00f3n a los derechos humanos de los hombres\u201d, durante un encuentro en Uruguay en 2018 en la presentaci\u00f3n de El libro negro de la nueva izquierda, escrito por <strong>Agust\u00edn Laje<\/strong> y <strong>Nicol\u00e1s M\u00e1rquez<\/strong>. <\/p>\n<p class=\"com-paragraph   --s\">En un video que se viraliz\u00f3 en redes a ra\u00edz de la acusaci\u00f3n, Laurta se presentaba como <strong>integrante de la organizaci\u00f3n Varones Unidos<\/strong>, y explicaba que su labor consist\u00eda en \u201cgenerar conciencia sobre las vulneraciones a los derechos humanos de la poblaci\u00f3n masculina\u201d.<\/p>\n<p>El video de Laurta en un encuentro con Agust\u00edn Laje y Nicol\u00e1s M\u00e1rquez<\/p>\n<p class=\"com-paragraph   --s\">En la previa de la actividad, seg\u00fan se puede ver en el video, Laurta se\u00f1alaba que, durante el encuentro, los autores del libro abordar\u00edan \u201cel tema de la <strong>ideolog\u00eda de g\u00e9nero, el feminismo, los lobbys LGBT <\/strong>y \u00ab<strong>c\u00f3mo se articula todo ese trabajo sobre la sociedad mediante organismos internacionales, partidos pol\u00edticos y universidades\u201d<\/strong>. <\/p>\n<p class=\"com-paragraph   --s\">Por otra parte, el <strong>9 de abril de 2018<\/strong>, desde la cuenta de Instagram de Varones Unidos, se subi\u00f3 una <strong>foto <\/strong>en la que se puede ver a al acusado del hecho que conmociona al pa\u00eds en lo que parece una situaci\u00f3n de charla<strong> junto a Laje y M\u00e1rquez<\/strong>.<\/p>\n<p class=\"com-paragraph   --s\">Laurta parece ser un seguidor de Laje y de Milei. En <strong>febrero de 2021<\/strong>, Laurta public\u00f3 en su cuenta de Facebook un <strong>flyer <\/strong>que promov\u00eda un <strong>debate virtual entre Agust\u00edn Laje <\/strong>y la polit\u00f3loga guatemalteca <strong>Gloria \u00c1lvarez<\/strong>, con introducci\u00f3n a cargo de <strong>Javier Milei<\/strong>. <\/p>\n<p class=\"com-paragraph   --s\"><strong>El encuentro, transmitido por el perfil del actual presidente<\/strong>, se titul\u00f3 <strong>\u201c\u00bfPueden estar los libertarios a favor de la despenalizaci\u00f3n del aborto?\u201d<\/strong> y convocaba a discutir posturas sobre la legalizaci\u00f3n de la interrupci\u00f3n voluntaria del embarazo.<\/p>\n<p>En 2021 Pablo Laurta convocaba a participar de un debate virtual entre Agust\u00edn Laje y Gloria \u00c1lvarez<\/p>\n<p class=\"com-paragraph   --s\">Por otro lado, a partir de haber tomado p\u00fablico conocimiento la muerte de <strong>Luna Giardina, y su madre, Mariel Zamudio<\/strong>,<strong> <\/strong>y el secuestro de Pedro<strong> <\/strong>por parte de Laurta, <strong>la cuenta de X de Varones Unidos dej\u00f3 de estar disponible<\/strong> porque <strong>\u201cviola las pol\u00edtica de odio\u201d<\/strong>.<\/p>\n<p class=\"com-paragraph   --s\">Adem\u00e1s, sali\u00f3 a la luz la versi\u00f3n del femicida sobre el litigio por la tenencia del ni\u00f1o, expuesta en la web de Varones Unidos, una red que se presenta como espacio para padres que denuncian impedimentos de contacto con sus hijos.<\/p>\n<p class=\"com-paragraph   --s\">En un principio, <strong>Varones Unidos <\/strong>comenz\u00f3 en <strong>2016 <\/strong>como un <strong>blog y perfil en Facebook. <\/strong>Uno de sus fundadores fue el propio Laurta que, en diversas entrevistas a medios uruguayos, explic\u00f3 el alcance y la finalidad del espacio en el que se buscaba \u201cproteger los derechos de los hombres\u201d y <strong>recuperar el \u201cprincipio de inocencia\u201d<\/strong>.<\/p>\n<p>Captura de pantalla de la p\u00e1gina de Varones Unidos sobre el \u00abcaso Laurta\u00bb<\/p>\n<p class=\"com-paragraph   --s\">Durante meses, esa p\u00e1gina public\u00f3 <strong>textos sobre \u201cel caso Pedro Laurta\u201d<\/strong>, con <strong>acusaciones contra el sistema judicial cordob\u00e9s <\/strong>y referencias a supuestas maniobras de las mujeres que terminaron siendo las v\u00edctimas en este doble femicidio. <\/p>\n<p class=\"com-paragraph   --s\">El relato presentado en esa p\u00e1gina se centr\u00f3 en la idea de que la Justicia cordobesa habr\u00eda \u201clegitimado el <strong>secuestro internacional de un ni\u00f1o<\/strong> desde Uruguay\u201d, seg\u00fan el t\u00edtulo original del art\u00edculo. Adem\u00e1s, uno de los textos sosten\u00eda que <strong>Laurta <\/strong>hab\u00eda tenido que enfrentar <strong>\u201cextorsiones\u201d <\/strong>y <strong>\u201cfalsas denuncias\u201d<\/strong>, y apuntaba contra funcionarias judiciales por supuesta complicidad.<\/p>\n<p><a href=\"https:\/\/www.lanacion.com.ar\/politica\/doble-femicidio-asi-hablaba-pablo-laurta-en-la-presentacion-de-un-libro-de-agustin-laje-y-nicolas-nid12102025\/\">Fuente de la nota <\/a><\/p>\n","protected":false},"excerpt":{"rendered":"<p>Pablo Laurta, acusado por el doble femicidio en C\u00f3rdoba, hablaba de la \u201cvulneraci\u00f3n a los derechos humanos de los hombres\u201d, durante un encuentro en Uruguay en 2018 en la presentaci\u00f3n de El libro negro de la nueva izquierda, escrito por Agust\u00edn Laje y Nicol\u00e1s M\u00e1rquez. En un video que se viraliz\u00f3 en redes a ra\u00edz [&hellip;]<\/p>\n","protected":false},"author":5,"featured_media":45917,"comment_status":"closed","ping_status":"open","sticky":false,"template":"","format":"standard","meta":{"footnotes":""},"categories":[3],"tags":[],"class_list":{"0":"post-45916","1":"post","2":"type-post","3":"status-publish","4":"format-standard","5":"has-post-thumbnail","7":"category-politica"},"yoast_head":"<!-- This site is optimized with the Yoast SEO plugin v27.4 - https:\/\/yoast.com\/product\/yoast-seo-wordpress\/ -->\n<title>El acusado por el doble femicidio hablaba de la &quot;vulneraci\u00f3n de derechos humanos de la poblaci\u00f3n masculina&quot; - El Diario de Tucuman<\/title>\n<meta name=\"robots\" content=\"index, follow, max-snippet:-1, max-image-preview:large, max-video-preview:-1\" \/>\n<link rel=\"canonical\" href=\"https:\/\/www.eldiariodetucuman.com\/web\/el-acusado-por-el-doble-femicidio-hablaba-de-la-vulneracion-de-derechos-humanos-de-la-poblacion-masculina\/\" \/>\n<meta property=\"og:locale\" content=\"es_ES\" \/>\n<meta property=\"og:type\" content=\"article\" \/>\n<meta property=\"og:title\" content=\"El acusado por el doble femicidio hablaba de la &quot;vulneraci\u00f3n de derechos humanos de la poblaci\u00f3n masculina&quot; - El Diario de Tucuman\" \/>\n<meta property=\"og:description\" content=\"Pablo Laurta, acusado por el doble femicidio en C\u00f3rdoba, hablaba de la \u201cvulneraci\u00f3n a los derechos humanos de los hombres\u201d, durante un encuentro en Uruguay en 2018 en la presentaci\u00f3n de El libro negro de la nueva izquierda, escrito por Agust\u00edn Laje y Nicol\u00e1s M\u00e1rquez. En un video que se viraliz\u00f3 en redes a ra\u00edz [&hellip;]\" \/>\n<meta property=\"og:url\" content=\"https:\/\/www.eldiariodetucuman.com\/web\/el-acusado-por-el-doble-femicidio-hablaba-de-la-vulneracion-de-derechos-humanos-de-la-poblacion-masculina\/\" \/>\n<meta property=\"og:site_name\" content=\"El Diario de Tucuman\" \/>\n<meta property=\"article:published_time\" content=\"2025-10-13T02:41:59+00:00\" \/>\n<meta property=\"article:modified_time\" content=\"2025-10-13T02:42:04+00:00\" \/>\n<meta property=\"og:image\" content=\"https:\/\/www.eldiariodetucuman.com\/web\/wp-content\/uploads\/2025\/10\/pedro-laurta-acusado-del-doble-femicidio-JZ5SCUK2MRHJFBIFZSKRY3DYX4.PNG\" \/>\n\t<meta property=\"og:image:width\" content=\"1200\" \/>\n\t<meta property=\"og:image:height\" content=\"1078\" \/>\n\t<meta property=\"og:image:type\" content=\"image\/png\" \/>\n<meta name=\"author\" content=\"Redactor Uno\" \/>\n<meta name=\"twitter:card\" content=\"summary_large_image\" \/>\n<meta name=\"twitter:label1\" content=\"Escrito por\" \/>\n\t<meta name=\"twitter:data1\" content=\"Redactor Uno\" \/>\n\t<meta name=\"twitter:label2\" content=\"Tiempo de lectura\" \/>\n\t<meta name=\"twitter:data2\" content=\"3 minutos\" \/>\n<script type=\"application\/ld+json\" class=\"yoast-schema-graph\">{\"@context\":\"https:\\\/\\\/schema.org\",\"@graph\":[{\"@type\":\"Article\",\"@id\":\"https:\\\/\\\/www.eldiariodetucuman.com\\\/web\\\/el-acusado-por-el-doble-femicidio-hablaba-de-la-vulneracion-de-derechos-humanos-de-la-poblacion-masculina\\\/#article\",\"isPartOf\":{\"@id\":\"https:\\\/\\\/www.eldiariodetucuman.com\\\/web\\\/el-acusado-por-el-doble-femicidio-hablaba-de-la-vulneracion-de-derechos-humanos-de-la-poblacion-masculina\\\/\"},\"author\":{\"name\":\"Redactor Uno\",\"@id\":\"https:\\\/\\\/www.eldiariodetucuman.com\\\/web\\\/#\\\/schema\\\/person\\\/7e6644a46e60888f6b868594407e08dd\"},\"headline\":\"El acusado por el doble femicidio hablaba de la \u00abvulneraci\u00f3n de derechos humanos de la poblaci\u00f3n masculina\u00bb\",\"datePublished\":\"2025-10-13T02:41:59+00:00\",\"dateModified\":\"2025-10-13T02:42:04+00:00\",\"mainEntityOfPage\":{\"@id\":\"https:\\\/\\\/www.eldiariodetucuman.com\\\/web\\\/el-acusado-por-el-doble-femicidio-hablaba-de-la-vulneracion-de-derechos-humanos-de-la-poblacion-masculina\\\/\"},\"wordCount\":611,\"publisher\":{\"@id\":\"https:\\\/\\\/www.eldiariodetucuman.com\\\/web\\\/#organization\"},\"image\":{\"@id\":\"https:\\\/\\\/www.eldiariodetucuman.com\\\/web\\\/el-acusado-por-el-doble-femicidio-hablaba-de-la-vulneracion-de-derechos-humanos-de-la-poblacion-masculina\\\/#primaryimage\"},\"thumbnailUrl\":\"https:\\\/\\\/www.eldiariodetucuman.com\\\/web\\\/wp-content\\\/uploads\\\/2025\\\/10\\\/pedro-laurta-acusado-del-doble-femicidio-JZ5SCUK2MRHJFBIFZSKRY3DYX4.PNG\",\"articleSection\":[\"Politica\"],\"inLanguage\":\"es\"},{\"@type\":\"WebPage\",\"@id\":\"https:\\\/\\\/www.eldiariodetucuman.com\\\/web\\\/el-acusado-por-el-doble-femicidio-hablaba-de-la-vulneracion-de-derechos-humanos-de-la-poblacion-masculina\\\/\",\"url\":\"https:\\\/\\\/www.eldiariodetucuman.com\\\/web\\\/el-acusado-por-el-doble-femicidio-hablaba-de-la-vulneracion-de-derechos-humanos-de-la-poblacion-masculina\\\/\",\"name\":\"El acusado por el doble femicidio hablaba de la \\\"vulneraci\u00f3n de derechos humanos de la poblaci\u00f3n masculina\\\" - El Diario de Tucuman\",\"isPartOf\":{\"@id\":\"https:\\\/\\\/www.eldiariodetucuman.com\\\/web\\\/#website\"},\"primaryImageOfPage\":{\"@id\":\"https:\\\/\\\/www.eldiariodetucuman.com\\\/web\\\/el-acusado-por-el-doble-femicidio-hablaba-de-la-vulneracion-de-derechos-humanos-de-la-poblacion-masculina\\\/#primaryimage\"},\"image\":{\"@id\":\"https:\\\/\\\/www.eldiariodetucuman.com\\\/web\\\/el-acusado-por-el-doble-femicidio-hablaba-de-la-vulneracion-de-derechos-humanos-de-la-poblacion-masculina\\\/#primaryimage\"},\"thumbnailUrl\":\"https:\\\/\\\/www.eldiariodetucuman.com\\\/web\\\/wp-content\\\/uploads\\\/2025\\\/10\\\/pedro-laurta-acusado-del-doble-femicidio-JZ5SCUK2MRHJFBIFZSKRY3DYX4.PNG\",\"datePublished\":\"2025-10-13T02:41:59+00:00\",\"dateModified\":\"2025-10-13T02:42:04+00:00\",\"breadcrumb\":{\"@id\":\"https:\\\/\\\/www.eldiariodetucuman.com\\\/web\\\/el-acusado-por-el-doble-femicidio-hablaba-de-la-vulneracion-de-derechos-humanos-de-la-poblacion-masculina\\\/#breadcrumb\"},\"inLanguage\":\"es\",\"potentialAction\":[{\"@type\":\"ReadAction\",\"target\":[\"https:\\\/\\\/www.eldiariodetucuman.com\\\/web\\\/el-acusado-por-el-doble-femicidio-hablaba-de-la-vulneracion-de-derechos-humanos-de-la-poblacion-masculina\\\/\"]}]},{\"@type\":\"ImageObject\",\"inLanguage\":\"es\",\"@id\":\"https:\\\/\\\/www.eldiariodetucuman.com\\\/web\\\/el-acusado-por-el-doble-femicidio-hablaba-de-la-vulneracion-de-derechos-humanos-de-la-poblacion-masculina\\\/#primaryimage\",\"url\":\"https:\\\/\\\/www.eldiariodetucuman.com\\\/web\\\/wp-content\\\/uploads\\\/2025\\\/10\\\/pedro-laurta-acusado-del-doble-femicidio-JZ5SCUK2MRHJFBIFZSKRY3DYX4.PNG\",\"contentUrl\":\"https:\\\/\\\/www.eldiariodetucuman.com\\\/web\\\/wp-content\\\/uploads\\\/2025\\\/10\\\/pedro-laurta-acusado-del-doble-femicidio-JZ5SCUK2MRHJFBIFZSKRY3DYX4.PNG\",\"width\":1200,\"height\":1078},{\"@type\":\"BreadcrumbList\",\"@id\":\"https:\\\/\\\/www.eldiariodetucuman.com\\\/web\\\/el-acusado-por-el-doble-femicidio-hablaba-de-la-vulneracion-de-derechos-humanos-de-la-poblacion-masculina\\\/#breadcrumb\",\"itemListElement\":[{\"@type\":\"ListItem\",\"position\":1,\"name\":\"Portada\",\"item\":\"https:\\\/\\\/www.eldiariodetucuman.com\\\/web\\\/\"},{\"@type\":\"ListItem\",\"position\":2,\"name\":\"El acusado por el doble femicidio hablaba de la \u00abvulneraci\u00f3n de derechos humanos de la poblaci\u00f3n masculina\u00bb\"}]},{\"@type\":\"WebSite\",\"@id\":\"https:\\\/\\\/www.eldiariodetucuman.com\\\/web\\\/#website\",\"url\":\"https:\\\/\\\/www.eldiariodetucuman.com\\\/web\\\/\",\"name\":\"El Diario de Tucuman\",\"description\":\"Diario Tucuman - Informaci\u00f3n y noticias\",\"publisher\":{\"@id\":\"https:\\\/\\\/www.eldiariodetucuman.com\\\/web\\\/#organization\"},\"potentialAction\":[{\"@type\":\"SearchAction\",\"target\":{\"@type\":\"EntryPoint\",\"urlTemplate\":\"https:\\\/\\\/www.eldiariodetucuman.com\\\/web\\\/?s={search_term_string}\"},\"query-input\":{\"@type\":\"PropertyValueSpecification\",\"valueRequired\":true,\"valueName\":\"search_term_string\"}}],\"inLanguage\":\"es\"},{\"@type\":\"Organization\",\"@id\":\"https:\\\/\\\/www.eldiariodetucuman.com\\\/web\\\/#organization\",\"name\":\"El Diario de Tucuman\",\"url\":\"https:\\\/\\\/www.eldiariodetucuman.com\\\/web\\\/\",\"logo\":{\"@type\":\"ImageObject\",\"inLanguage\":\"es\",\"@id\":\"https:\\\/\\\/www.eldiariodetucuman.com\\\/web\\\/#\\\/schema\\\/logo\\\/image\\\/\",\"url\":\"http:\\\/\\\/www.eldiariodetucuman.com\\\/web\\\/wp-content\\\/uploads\\\/2017\\\/12\\\/el-diario-de-tucuman.jpg\",\"contentUrl\":\"http:\\\/\\\/www.eldiariodetucuman.com\\\/web\\\/wp-content\\\/uploads\\\/2017\\\/12\\\/el-diario-de-tucuman.jpg\",\"width\":272,\"height\":92,\"caption\":\"El Diario de Tucuman\"},\"image\":{\"@id\":\"https:\\\/\\\/www.eldiariodetucuman.com\\\/web\\\/#\\\/schema\\\/logo\\\/image\\\/\"}},{\"@type\":\"Person\",\"@id\":\"https:\\\/\\\/www.eldiariodetucuman.com\\\/web\\\/#\\\/schema\\\/person\\\/7e6644a46e60888f6b868594407e08dd\",\"name\":\"Redactor Uno\",\"image\":{\"@type\":\"ImageObject\",\"inLanguage\":\"es\",\"@id\":\"https:\\\/\\\/secure.gravatar.com\\\/avatar\\\/0049b1bdf1bd548385c9ea6b9356431717930913089febd2ba904f0187d7d074?s=96&d=mm&r=g\",\"url\":\"https:\\\/\\\/secure.gravatar.com\\\/avatar\\\/0049b1bdf1bd548385c9ea6b9356431717930913089febd2ba904f0187d7d074?s=96&d=mm&r=g\",\"contentUrl\":\"https:\\\/\\\/secure.gravatar.com\\\/avatar\\\/0049b1bdf1bd548385c9ea6b9356431717930913089febd2ba904f0187d7d074?s=96&d=mm&r=g\",\"caption\":\"Redactor Uno\"},\"url\":\"https:\\\/\\\/www.eldiariodetucuman.com\\\/web\\\/author\\\/mramasco\\\/\"}]}<\/script>\n<!-- \/ Yoast SEO plugin. -->","yoast_head_json":{"title":"El acusado por el doble femicidio hablaba de la \"vulneraci\u00f3n de derechos humanos de la poblaci\u00f3n masculina\" - El Diario de Tucuman","robots":{"index":"index","follow":"follow","max-snippet":"max-snippet:-1","max-image-preview":"max-image-preview:large","max-video-preview":"max-video-preview:-1"},"canonical":"https:\/\/www.eldiariodetucuman.com\/web\/el-acusado-por-el-doble-femicidio-hablaba-de-la-vulneracion-de-derechos-humanos-de-la-poblacion-masculina\/","og_locale":"es_ES","og_type":"article","og_title":"El acusado por el doble femicidio hablaba de la \"vulneraci\u00f3n de derechos humanos de la poblaci\u00f3n masculina\" - El Diario de Tucuman","og_description":"Pablo Laurta, acusado por el doble femicidio en C\u00f3rdoba, hablaba de la \u201cvulneraci\u00f3n a los derechos humanos de los hombres\u201d, durante un encuentro en Uruguay en 2018 en la presentaci\u00f3n de El libro negro de la nueva izquierda, escrito por Agust\u00edn Laje y Nicol\u00e1s M\u00e1rquez. En un video que se viraliz\u00f3 en redes a ra\u00edz [&hellip;]","og_url":"https:\/\/www.eldiariodetucuman.com\/web\/el-acusado-por-el-doble-femicidio-hablaba-de-la-vulneracion-de-derechos-humanos-de-la-poblacion-masculina\/","og_site_name":"El Diario de Tucuman","article_published_time":"2025-10-13T02:41:59+00:00","article_modified_time":"2025-10-13T02:42:04+00:00","og_image":[{"width":1200,"height":1078,"url":"https:\/\/www.eldiariodetucuman.com\/web\/wp-content\/uploads\/2025\/10\/pedro-laurta-acusado-del-doble-femicidio-JZ5SCUK2MRHJFBIFZSKRY3DYX4.PNG","type":"image\/png"}],"author":"Redactor Uno","twitter_card":"summary_large_image","twitter_misc":{"Escrito por":"Redactor Uno","Tiempo de lectura":"3 minutos"},"schema":{"@context":"https:\/\/schema.org","@graph":[{"@type":"Article","@id":"https:\/\/www.eldiariodetucuman.com\/web\/el-acusado-por-el-doble-femicidio-hablaba-de-la-vulneracion-de-derechos-humanos-de-la-poblacion-masculina\/#article","isPartOf":{"@id":"https:\/\/www.eldiariodetucuman.com\/web\/el-acusado-por-el-doble-femicidio-hablaba-de-la-vulneracion-de-derechos-humanos-de-la-poblacion-masculina\/"},"author":{"name":"Redactor Uno","@id":"https:\/\/www.eldiariodetucuman.com\/web\/#\/schema\/person\/7e6644a46e60888f6b868594407e08dd"},"headline":"El acusado por el doble femicidio hablaba de la \u00abvulneraci\u00f3n de derechos humanos de la poblaci\u00f3n masculina\u00bb","datePublished":"2025-10-13T02:41:59+00:00","dateModified":"2025-10-13T02:42:04+00:00","mainEntityOfPage":{"@id":"https:\/\/www.eldiariodetucuman.com\/web\/el-acusado-por-el-doble-femicidio-hablaba-de-la-vulneracion-de-derechos-humanos-de-la-poblacion-masculina\/"},"wordCount":611,"publisher":{"@id":"https:\/\/www.eldiariodetucuman.com\/web\/#organization"},"image":{"@id":"https:\/\/www.eldiariodetucuman.com\/web\/el-acusado-por-el-doble-femicidio-hablaba-de-la-vulneracion-de-derechos-humanos-de-la-poblacion-masculina\/#primaryimage"},"thumbnailUrl":"https:\/\/www.eldiariodetucuman.com\/web\/wp-content\/uploads\/2025\/10\/pedro-laurta-acusado-del-doble-femicidio-JZ5SCUK2MRHJFBIFZSKRY3DYX4.PNG","articleSection":["Politica"],"inLanguage":"es"},{"@type":"WebPage","@id":"https:\/\/www.eldiariodetucuman.com\/web\/el-acusado-por-el-doble-femicidio-hablaba-de-la-vulneracion-de-derechos-humanos-de-la-poblacion-masculina\/","url":"https:\/\/www.eldiariodetucuman.com\/web\/el-acusado-por-el-doble-femicidio-hablaba-de-la-vulneracion-de-derechos-humanos-de-la-poblacion-masculina\/","name":"El acusado por el doble femicidio hablaba de la \"vulneraci\u00f3n de derechos humanos de la poblaci\u00f3n masculina\" - El Diario de Tucuman","isPartOf":{"@id":"https:\/\/www.eldiariodetucuman.com\/web\/#website"},"primaryImageOfPage":{"@id":"https:\/\/www.eldiariodetucuman.com\/web\/el-acusado-por-el-doble-femicidio-hablaba-de-la-vulneracion-de-derechos-humanos-de-la-poblacion-masculina\/#primaryimage"},"image":{"@id":"https:\/\/www.eldiariodetucuman.com\/web\/el-acusado-por-el-doble-femicidio-hablaba-de-la-vulneracion-de-derechos-humanos-de-la-poblacion-masculina\/#primaryimage"},"thumbnailUrl":"https:\/\/www.eldiariodetucuman.com\/web\/wp-content\/uploads\/2025\/10\/pedro-laurta-acusado-del-doble-femicidio-JZ5SCUK2MRHJFBIFZSKRY3DYX4.PNG","datePublished":"2025-10-13T02:41:59+00:00","dateModified":"2025-10-13T02:42:04+00:00","breadcrumb":{"@id":"https:\/\/www.eldiariodetucuman.com\/web\/el-acusado-por-el-doble-femicidio-hablaba-de-la-vulneracion-de-derechos-humanos-de-la-poblacion-masculina\/#breadcrumb"},"inLanguage":"es","potentialAction":[{"@type":"ReadAction","target":["https:\/\/www.eldiariodetucuman.com\/web\/el-acusado-por-el-doble-femicidio-hablaba-de-la-vulneracion-de-derechos-humanos-de-la-poblacion-masculina\/"]}]},{"@type":"ImageObject","inLanguage":"es","@id":"https:\/\/www.eldiariodetucuman.com\/web\/el-acusado-por-el-doble-femicidio-hablaba-de-la-vulneracion-de-derechos-humanos-de-la-poblacion-masculina\/#primaryimage","url":"https:\/\/www.eldiariodetucuman.com\/web\/wp-content\/uploads\/2025\/10\/pedro-laurta-acusado-del-doble-femicidio-JZ5SCUK2MRHJFBIFZSKRY3DYX4.PNG","contentUrl":"https:\/\/www.eldiariodetucuman.com\/web\/wp-content\/uploads\/2025\/10\/pedro-laurta-acusado-del-doble-femicidio-JZ5SCUK2MRHJFBIFZSKRY3DYX4.PNG","width":1200,"height":1078},{"@type":"BreadcrumbList","@id":"https:\/\/www.eldiariodetucuman.com\/web\/el-acusado-por-el-doble-femicidio-hablaba-de-la-vulneracion-de-derechos-humanos-de-la-poblacion-masculina\/#breadcrumb","itemListElement":[{"@type":"ListItem","position":1,"name":"Portada","item":"https:\/\/www.eldiariodetucuman.com\/web\/"},{"@type":"ListItem","position":2,"name":"El acusado por el doble femicidio hablaba de la \u00abvulneraci\u00f3n de derechos humanos de la poblaci\u00f3n masculina\u00bb"}]},{"@type":"WebSite","@id":"https:\/\/www.eldiariodetucuman.com\/web\/#website","url":"https:\/\/www.eldiariodetucuman.com\/web\/","name":"El Diario de Tucuman","description":"Diario Tucuman - Informaci\u00f3n y noticias","publisher":{"@id":"https:\/\/www.eldiariodetucuman.com\/web\/#organization"},"potentialAction":[{"@type":"SearchAction","target":{"@type":"EntryPoint","urlTemplate":"https:\/\/www.eldiariodetucuman.com\/web\/?s={search_term_string}"},"query-input":{"@type":"PropertyValueSpecification","valueRequired":true,"valueName":"search_term_string"}}],"inLanguage":"es"},{"@type":"Organization","@id":"https:\/\/www.eldiariodetucuman.com\/web\/#organization","name":"El Diario de Tucuman","url":"https:\/\/www.eldiariodetucuman.com\/web\/","logo":{"@type":"ImageObject","inLanguage":"es","@id":"https:\/\/www.eldiariodetucuman.com\/web\/#\/schema\/logo\/image\/","url":"http:\/\/www.eldiariodetucuman.com\/web\/wp-content\/uploads\/2017\/12\/el-diario-de-tucuman.jpg","contentUrl":"http:\/\/www.eldiariodetucuman.com\/web\/wp-content\/uploads\/2017\/12\/el-diario-de-tucuman.jpg","width":272,"height":92,"caption":"El Diario de Tucuman"},"image":{"@id":"https:\/\/www.eldiariodetucuman.com\/web\/#\/schema\/logo\/image\/"}},{"@type":"Person","@id":"https:\/\/www.eldiariodetucuman.com\/web\/#\/schema\/person\/7e6644a46e60888f6b868594407e08dd","name":"Redactor Uno","image":{"@type":"ImageObject","inLanguage":"es","@id":"https:\/\/secure.gravatar.com\/avatar\/0049b1bdf1bd548385c9ea6b9356431717930913089febd2ba904f0187d7d074?s=96&d=mm&r=g","url":"https:\/\/secure.gravatar.com\/avatar\/0049b1bdf1bd548385c9ea6b9356431717930913089febd2ba904f0187d7d074?s=96&d=mm&r=g","contentUrl":"https:\/\/secure.gravatar.com\/avatar\/0049b1bdf1bd548385c9ea6b9356431717930913089febd2ba904f0187d7d074?s=96&d=mm&r=g","caption":"Redactor Uno"},"url":"https:\/\/www.eldiariodetucuman.com\/web\/author\/mramasco\/"}]}},"_links":{"self":[{"href":"https:\/\/www.eldiariodetucuman.com\/web\/wp-json\/wp\/v2\/posts\/45916","targetHints":{"allow":["GET"]}}],"collection":[{"href":"https:\/\/www.eldiariodetucuman.com\/web\/wp-json\/wp\/v2\/posts"}],"about":[{"href":"https:\/\/www.eldiariodetucuman.com\/web\/wp-json\/wp\/v2\/types\/post"}],"author":[{"embeddable":true,"href":"https:\/\/www.eldiariodetucuman.com\/web\/wp-json\/wp\/v2\/users\/5"}],"replies":[{"embeddable":true,"href":"https:\/\/www.eldiariodetucuman.com\/web\/wp-json\/wp\/v2\/comments?post=45916"}],"version-history":[{"count":1,"href":"https:\/\/www.eldiariodetucuman.com\/web\/wp-json\/wp\/v2\/posts\/45916\/revisions"}],"predecessor-version":[{"id":45918,"href":"https:\/\/www.eldiariodetucuman.com\/web\/wp-json\/wp\/v2\/posts\/45916\/revisions\/45918"}],"wp:featuredmedia":[{"embeddable":true,"href":"https:\/\/www.eldiariodetucuman.com\/web\/wp-json\/wp\/v2\/media\/45917"}],"wp:attachment":[{"href":"https:\/\/www.eldiariodetucuman.com\/web\/wp-json\/wp\/v2\/media?parent=45916"}],"wp:term":[{"taxonomy":"category","embeddable":true,"href":"https:\/\/www.eldiariodetucuman.com\/web\/wp-json\/wp\/v2\/categories?post=45916"},{"taxonomy":"post_tag","embeddable":true,"href":"https:\/\/www.eldiariodetucuman.com\/web\/wp-json\/wp\/v2\/tags?post=45916"}],"curies":[{"name":"wp","href":"https:\/\/api.w.org\/{rel}","templated":true}]}}