{"id":45914,"date":"2025-10-12T18:16:01","date_gmt":"2025-10-12T21:16:01","guid":{"rendered":"https:\/\/www.eldiariodetucuman.com\/web\/monteros-celebra-60-anos-de-su-festival-nacional-monteros-de-la-patria-fortaleza-del-folklore\/"},"modified":"2025-10-12T18:16:01","modified_gmt":"2025-10-12T21:16:01","slug":"monteros-celebra-60-anos-de-su-festival-nacional-monteros-de-la-patria-fortaleza-del-folklore","status":"publish","type":"post","link":"https:\/\/www.eldiariodetucuman.com\/web\/monteros-celebra-60-anos-de-su-festival-nacional-monteros-de-la-patria-fortaleza-del-folklore\/","title":{"rendered":"Monteros celebra 60 a\u00f1os de su Festival Nacional \u201cMonteros de la Patria: Fortaleza del Folklore\u201d"},"content":{"rendered":"<p><\/p>\n<p id=\"isPasted\">Este fin de semana, Monteros volvi\u00f3 a convertirse en el coraz\u00f3n del folklore con la 60\u00aa edici\u00f3n del Festival Nacional \u201cMonteros de la Patria: Fortaleza del Folklore\u201d, uno de los eventos culturales m\u00e1s emblem\u00e1ticos de la provincia. El gobernador en uso de licencia, Osvaldo Jaldo, particip\u00f3 este s\u00e1bado de la celebraci\u00f3n junto a su esposa, Ana Mar\u00eda Grillo, y fue recibido por el intendente local, Francisco Serra (h).<\/p>\n<p>Durante la velada, Jaldo destac\u00f3 el valor hist\u00f3rico y cultural del festival, y el esfuerzo de toda la comunidad monteriza por mantener viva esta tradici\u00f3n. \u201cPara nosotros, como gobierno de la provincia, es un honor acompa\u00f1ar un evento cultural como el que hoy estamos viviendo, 60 aniversario de este gran festival. Quiero felicitar al intendente Panchito Serra, como as\u00ed tambi\u00e9n al legislador Francisco Serra, a Regino Amado y a todos los monterizos que, de alguna manera, se preparan todo el a\u00f1o para poder vivir esta hermosa fiesta\u201d, expres\u00f3.<\/p>\n<p>Jaldo resalt\u00f3 adem\u00e1s el compromiso de la Provincia con la promoci\u00f3n de la cultura y el fortalecimiento de las econom\u00edas locales. \u201cEsta fiesta tiene que ver con nuestra cultura, con nuestra historia, con nuestra tradici\u00f3n. Como Gobierno venimos apoyando estos eventos que se realizan en municipios y comunas, festivales de este nivel y tambi\u00e9n las fiestas patronales. Sabemos que la gente trabaja y los espera todo el a\u00f1o, porque hoy no solo tenemos la posibilidad de disfrutar artistas locales, sino tambi\u00e9n una cartelera de nivel nacional e internacional, y eso cuesta mucho esfuerzo, sacrificio e inversi\u00f3n\u201d, se\u00f1al\u00f3.<\/p>\n<p>En esa l\u00ednea, destac\u00f3 que el festival no solo representa una expresi\u00f3n cultural, sino tambi\u00e9n una fuente de desarrollo econ\u00f3mico para la regi\u00f3n. \u201cM\u00e1s de 25.000 personas en una noche como hoy, un predio totalmente colmado, m\u00e1s de 50 ranchos que trabajan todo el a\u00f1o para poder vender comidas regionales y emprendedores que ofrecen sus artesan\u00edas. No solo tiene que ver con la historia y la cultura, sino tambi\u00e9n con generar recursos y dinamizar la econom\u00eda de Monteros. Por eso, yo dir\u00eda que m\u00e1s que un gasto, esta es una inversi\u00f3n: una inversi\u00f3n en cultura, en tradici\u00f3n, pero tambi\u00e9n una inversi\u00f3n que se redistribuye en todo Monteros\u201d, remarc\u00f3.<\/p>\n<p>Acompa\u00f1aron a Jaldo, los ministros<strong> Regino Amado <\/strong>de Gobierno y Justicia, <strong>Daniel Abad <\/strong>de Econom\u00eda, <strong>Dar\u00edo Monteros<\/strong> de Interior; la diputada <strong>Gladys Medina,<\/strong> las intendentas de Capital, <strong>Rossana Chahla<\/strong> y de Graneros, <strong>Raquel Graneros;<\/strong> los intendentes de Famaill\u00e1, <strong>Enrique Orellana, <\/strong>de Taf\u00ed del Valle, <strong>Francisco Caliva, <\/strong>de Simoca, <strong>Elvio Salazar<\/strong>; el secretario de Producci\u00f3n, <strong>Eduardo Castro; <\/strong>los legisladores, <strong>Francisco Serra (p), Alberto Olea, Marcelo Herrera, Ger\u00f3nimo Vargas Aignasse, Patricia Liz\u00e1rraga, Alejandra Cejas;<\/strong> el secretario de Gobierno,<strong> Ra\u00fal Albarrac\u00edn; <\/strong>el presidente del Ente Cultural, <strong>Humberto Salazar;<\/strong> el interventor del Ipacym, <strong>Regino Racedo;<\/strong> los delegados comunales del departamento.<\/p>\n<\/p>\n<p>Por su parte, el intendente Francisco Serra valor\u00f3 el acompa\u00f1amiento del Gobierno provincial en cada edici\u00f3n del festival. \u201cOsvaldo Jaldo es el gran art\u00edfice de que hoy en nuestra ciudad nosotros podamos celebrar esta festividad tan grande, estos 60 a\u00f1os, y que no tan solo inauguremos obras, sino que tambi\u00e9n mantengamos viva esa identidad cultural que los monterizos y monterizas nos hace sentir orgullosos\u00bb, afirm\u00f3.<\/p>\n<p>Y a\u00f1adi\u00f3: \u00abHoy, en nuestra fiesta mayor, eso se pone de manifiesto con la alegr\u00eda de tantos visitantes y vecinos que siguen defendiendo este legado cultural\u201d.<\/p>\n<p>El ministro de Gobierno y Justicia, Regino Amado, tambi\u00e9n acompa\u00f1\u00f3 la celebraci\u00f3n y destac\u00f3 el trabajo conjunto que hace posible la realizaci\u00f3n del evento. \u201cSiento mucho agradecimiento por el apoyo del gobernador y del ministro del Interior, que recorre todas las comunas, todos los municipios\u00bb, sostuvo.<\/p>\n<p>En ese sentido, record\u00f3 la historia y la tradici\u00f3n que rodea al festival: \u201cMonteros ha recuperado el esplendor de esos a\u00f1os cuando se colmaban estas instalaciones. Creo que este festival n\u00famero 60 es el que m\u00e1s gente ha convocado, porque hay trabajo detr\u00e1s de la comisi\u00f3n y un equipo que trabaja sin mezquindades\u00bb.<\/p>\n<p>\u00abMe trae a la memoria cuando nuestros padres nos tra\u00edan de la mano, cuando ven\u00edamos con nuestros amigos, despu\u00e9s con nuestras esposas y ahora con nuestros nietos. Este festival brilla a\u00f1o tras a\u00f1o, pero este aniversario 60 es especial, y se lo debemos a este gran equipo de gobierno que encabeza nuestro gobernador\u201d, subray\u00f3.<\/p>\n<p>A su turno, el ministro del Interior, Dar\u00edo Monteros, destac\u00f3 el impacto econ\u00f3mico y social de este tipo de celebraciones. \u201cEsto hace a un equipo de gobierno que nos inculca Jaldo, que se replica en las intendencias y comunas que trabajan mancomunadamente para organizar eventos de este tipo. Esto no es un gasto, es una inversi\u00f3n, porque se dinamiza la microeconom\u00eda en cada lugar. En Monteros vemos emprendedores, carpas gastron\u00f3micas, la hoteler\u00eda colmada; incluso en San Miguel de Tucum\u00e1n aument\u00f3 la ocupaci\u00f3n este fin de semana, porque tambi\u00e9n tenemos el Festival del Caballo en Trancas. Toda esa inversi\u00f3n redunda en la micro y la macroeconom\u00eda, beneficiando al turismo, la gastronom\u00eda y la hoteler\u00eda\u201d, explic\u00f3.<\/p>\n<p>Finalmente, la intendenta de San Miguel de Tucum\u00e1n, Rossana Chahla, remarc\u00f3 la importancia de sostener las tradiciones locales como una pol\u00edtica de Estado. \u201cEsto es una decisi\u00f3n pol\u00edtica que ha tomado nuestro gobernador, de poder en cada ciudad seguir esta tradici\u00f3n con estas fiestas, que en momentos dif\u00edciles hablan de la necesidad de la gente de tener emociones distintas, de volver a sus ra\u00edces, de tener su tradici\u00f3n, de llevar a la familia. Estas son fiestas familiares, y qu\u00e9 hermoso tener tranquilidad, seguridad, poder salir, poder llevar a nuestros hijos, poder ir toda la familia a compartir, en momentos dif\u00edciles hoy, y no olvidar lo nuestro, nuestra tradici\u00f3n, nuestra cultura, nuestras ra\u00edces, la tucumaneidad\u201d, expres\u00f3.<\/p>\n<\/p>\n<\/p>\n<p>Fuente: <a href=\"https:\/\/www.comunicaciontucuman.gob.ar\/noticia\/gobernacion\/237414\/monteros-celebra-60-anos-festival-nacional-monteros-patria-fortaleza-folklore\"> Fuente de la nota <\/a><\/p>\n","protected":false},"excerpt":{"rendered":"<p>Este fin de semana, Monteros volvi\u00f3 a convertirse en el coraz\u00f3n del folklore con la 60\u00aa edici\u00f3n del Festival Nacional \u201cMonteros de la Patria: Fortaleza del Folklore\u201d, uno de los eventos culturales m\u00e1s emblem\u00e1ticos de la provincia. El gobernador en uso de licencia, Osvaldo Jaldo, particip\u00f3 este s\u00e1bado de la celebraci\u00f3n junto a su esposa, [&hellip;]<\/p>\n","protected":false},"author":1,"featured_media":45915,"comment_status":"closed","ping_status":"open","sticky":false,"template":"","format":"standard","meta":{"footnotes":""},"categories":[3],"tags":[],"class_list":{"0":"post-45914","1":"post","2":"type-post","3":"status-publish","4":"format-standard","5":"has-post-thumbnail","7":"category-politica"},"yoast_head":"<!-- This site is optimized with the Yoast SEO plugin v27.4 - https:\/\/yoast.com\/product\/yoast-seo-wordpress\/ -->\n<title>Monteros celebra 60 a\u00f1os de su Festival Nacional \u201cMonteros de la Patria: Fortaleza del Folklore\u201d - El Diario de Tucuman<\/title>\n<meta name=\"robots\" content=\"index, follow, max-snippet:-1, max-image-preview:large, max-video-preview:-1\" \/>\n<link rel=\"canonical\" href=\"https:\/\/www.eldiariodetucuman.com\/web\/monteros-celebra-60-anos-de-su-festival-nacional-monteros-de-la-patria-fortaleza-del-folklore\/\" \/>\n<meta property=\"og:locale\" content=\"es_ES\" \/>\n<meta property=\"og:type\" content=\"article\" \/>\n<meta property=\"og:title\" content=\"Monteros celebra 60 a\u00f1os de su Festival Nacional \u201cMonteros de la Patria: Fortaleza del Folklore\u201d - El Diario de Tucuman\" \/>\n<meta property=\"og:description\" content=\"Este fin de semana, Monteros volvi\u00f3 a convertirse en el coraz\u00f3n del folklore con la 60\u00aa edici\u00f3n del Festival Nacional \u201cMonteros de la Patria: Fortaleza del Folklore\u201d, uno de los eventos culturales m\u00e1s emblem\u00e1ticos de la provincia. El gobernador en uso de licencia, Osvaldo Jaldo, particip\u00f3 este s\u00e1bado de la celebraci\u00f3n junto a su esposa, [&hellip;]\" \/>\n<meta property=\"og:url\" content=\"https:\/\/www.eldiariodetucuman.com\/web\/monteros-celebra-60-anos-de-su-festival-nacional-monteros-de-la-patria-fortaleza-del-folklore\/\" \/>\n<meta property=\"og:site_name\" content=\"El Diario de Tucuman\" \/>\n<meta property=\"article:published_time\" content=\"2025-10-12T21:16:01+00:00\" \/>\n<meta name=\"author\" content=\"admin\" \/>\n<meta name=\"twitter:card\" content=\"summary_large_image\" \/>\n<meta name=\"twitter:label1\" content=\"Escrito por\" \/>\n\t<meta name=\"twitter:data1\" content=\"admin\" \/>\n\t<meta name=\"twitter:label2\" content=\"Tiempo de lectura\" \/>\n\t<meta name=\"twitter:data2\" content=\"5 minutos\" \/>\n<script type=\"application\/ld+json\" class=\"yoast-schema-graph\">{\"@context\":\"https:\\\/\\\/schema.org\",\"@graph\":[{\"@type\":\"Article\",\"@id\":\"https:\\\/\\\/www.eldiariodetucuman.com\\\/web\\\/monteros-celebra-60-anos-de-su-festival-nacional-monteros-de-la-patria-fortaleza-del-folklore\\\/#article\",\"isPartOf\":{\"@id\":\"https:\\\/\\\/www.eldiariodetucuman.com\\\/web\\\/monteros-celebra-60-anos-de-su-festival-nacional-monteros-de-la-patria-fortaleza-del-folklore\\\/\"},\"author\":{\"name\":\"admin\",\"@id\":\"https:\\\/\\\/www.eldiariodetucuman.com\\\/web\\\/#\\\/schema\\\/person\\\/9250197d75ab5483412e19678b121caa\"},\"headline\":\"Monteros celebra 60 a\u00f1os de su Festival Nacional \u201cMonteros de la Patria: Fortaleza del Folklore\u201d\",\"datePublished\":\"2025-10-12T21:16:01+00:00\",\"mainEntityOfPage\":{\"@id\":\"https:\\\/\\\/www.eldiariodetucuman.com\\\/web\\\/monteros-celebra-60-anos-de-su-festival-nacional-monteros-de-la-patria-fortaleza-del-folklore\\\/\"},\"wordCount\":1035,\"publisher\":{\"@id\":\"https:\\\/\\\/www.eldiariodetucuman.com\\\/web\\\/#organization\"},\"image\":{\"@id\":\"https:\\\/\\\/www.eldiariodetucuman.com\\\/web\\\/monteros-celebra-60-anos-de-su-festival-nacional-monteros-de-la-patria-fortaleza-del-folklore\\\/#primaryimage\"},\"thumbnailUrl\":\"https:\\\/\\\/www.eldiariodetucuman.com\\\/web\\\/wp-content\\\/uploads\\\/2025\\\/10\\\/Monteros-celebra-60-anos-de-su-Festival-Nacional-Monteros-de.jpeg\",\"articleSection\":[\"Politica\"],\"inLanguage\":\"es\"},{\"@type\":\"WebPage\",\"@id\":\"https:\\\/\\\/www.eldiariodetucuman.com\\\/web\\\/monteros-celebra-60-anos-de-su-festival-nacional-monteros-de-la-patria-fortaleza-del-folklore\\\/\",\"url\":\"https:\\\/\\\/www.eldiariodetucuman.com\\\/web\\\/monteros-celebra-60-anos-de-su-festival-nacional-monteros-de-la-patria-fortaleza-del-folklore\\\/\",\"name\":\"Monteros celebra 60 a\u00f1os de su Festival Nacional \u201cMonteros de la Patria: Fortaleza del Folklore\u201d - El Diario de Tucuman\",\"isPartOf\":{\"@id\":\"https:\\\/\\\/www.eldiariodetucuman.com\\\/web\\\/#website\"},\"primaryImageOfPage\":{\"@id\":\"https:\\\/\\\/www.eldiariodetucuman.com\\\/web\\\/monteros-celebra-60-anos-de-su-festival-nacional-monteros-de-la-patria-fortaleza-del-folklore\\\/#primaryimage\"},\"image\":{\"@id\":\"https:\\\/\\\/www.eldiariodetucuman.com\\\/web\\\/monteros-celebra-60-anos-de-su-festival-nacional-monteros-de-la-patria-fortaleza-del-folklore\\\/#primaryimage\"},\"thumbnailUrl\":\"https:\\\/\\\/www.eldiariodetucuman.com\\\/web\\\/wp-content\\\/uploads\\\/2025\\\/10\\\/Monteros-celebra-60-anos-de-su-Festival-Nacional-Monteros-de.jpeg\",\"datePublished\":\"2025-10-12T21:16:01+00:00\",\"breadcrumb\":{\"@id\":\"https:\\\/\\\/www.eldiariodetucuman.com\\\/web\\\/monteros-celebra-60-anos-de-su-festival-nacional-monteros-de-la-patria-fortaleza-del-folklore\\\/#breadcrumb\"},\"inLanguage\":\"es\",\"potentialAction\":[{\"@type\":\"ReadAction\",\"target\":[\"https:\\\/\\\/www.eldiariodetucuman.com\\\/web\\\/monteros-celebra-60-anos-de-su-festival-nacional-monteros-de-la-patria-fortaleza-del-folklore\\\/\"]}]},{\"@type\":\"ImageObject\",\"inLanguage\":\"es\",\"@id\":\"https:\\\/\\\/www.eldiariodetucuman.com\\\/web\\\/monteros-celebra-60-anos-de-su-festival-nacional-monteros-de-la-patria-fortaleza-del-folklore\\\/#primaryimage\",\"url\":\"https:\\\/\\\/www.eldiariodetucuman.com\\\/web\\\/wp-content\\\/uploads\\\/2025\\\/10\\\/Monteros-celebra-60-anos-de-su-Festival-Nacional-Monteros-de.jpeg\",\"contentUrl\":\"https:\\\/\\\/www.eldiariodetucuman.com\\\/web\\\/wp-content\\\/uploads\\\/2025\\\/10\\\/Monteros-celebra-60-anos-de-su-Festival-Nacional-Monteros-de.jpeg\",\"width\":818,\"height\":460},{\"@type\":\"BreadcrumbList\",\"@id\":\"https:\\\/\\\/www.eldiariodetucuman.com\\\/web\\\/monteros-celebra-60-anos-de-su-festival-nacional-monteros-de-la-patria-fortaleza-del-folklore\\\/#breadcrumb\",\"itemListElement\":[{\"@type\":\"ListItem\",\"position\":1,\"name\":\"Portada\",\"item\":\"https:\\\/\\\/www.eldiariodetucuman.com\\\/web\\\/\"},{\"@type\":\"ListItem\",\"position\":2,\"name\":\"Monteros celebra 60 a\u00f1os de su Festival Nacional \u201cMonteros de la Patria: Fortaleza del Folklore\u201d\"}]},{\"@type\":\"WebSite\",\"@id\":\"https:\\\/\\\/www.eldiariodetucuman.com\\\/web\\\/#website\",\"url\":\"https:\\\/\\\/www.eldiariodetucuman.com\\\/web\\\/\",\"name\":\"El Diario de Tucuman\",\"description\":\"Diario Tucuman - Informaci\u00f3n y noticias\",\"publisher\":{\"@id\":\"https:\\\/\\\/www.eldiariodetucuman.com\\\/web\\\/#organization\"},\"potentialAction\":[{\"@type\":\"SearchAction\",\"target\":{\"@type\":\"EntryPoint\",\"urlTemplate\":\"https:\\\/\\\/www.eldiariodetucuman.com\\\/web\\\/?s={search_term_string}\"},\"query-input\":{\"@type\":\"PropertyValueSpecification\",\"valueRequired\":true,\"valueName\":\"search_term_string\"}}],\"inLanguage\":\"es\"},{\"@type\":\"Organization\",\"@id\":\"https:\\\/\\\/www.eldiariodetucuman.com\\\/web\\\/#organization\",\"name\":\"El Diario de Tucuman\",\"url\":\"https:\\\/\\\/www.eldiariodetucuman.com\\\/web\\\/\",\"logo\":{\"@type\":\"ImageObject\",\"inLanguage\":\"es\",\"@id\":\"https:\\\/\\\/www.eldiariodetucuman.com\\\/web\\\/#\\\/schema\\\/logo\\\/image\\\/\",\"url\":\"http:\\\/\\\/www.eldiariodetucuman.com\\\/web\\\/wp-content\\\/uploads\\\/2017\\\/12\\\/el-diario-de-tucuman.jpg\",\"contentUrl\":\"http:\\\/\\\/www.eldiariodetucuman.com\\\/web\\\/wp-content\\\/uploads\\\/2017\\\/12\\\/el-diario-de-tucuman.jpg\",\"width\":272,\"height\":92,\"caption\":\"El Diario de Tucuman\"},\"image\":{\"@id\":\"https:\\\/\\\/www.eldiariodetucuman.com\\\/web\\\/#\\\/schema\\\/logo\\\/image\\\/\"}},{\"@type\":\"Person\",\"@id\":\"https:\\\/\\\/www.eldiariodetucuman.com\\\/web\\\/#\\\/schema\\\/person\\\/9250197d75ab5483412e19678b121caa\",\"name\":\"admin\",\"image\":{\"@type\":\"ImageObject\",\"inLanguage\":\"es\",\"@id\":\"https:\\\/\\\/secure.gravatar.com\\\/avatar\\\/c44d117c2be811212c22cb481f6b8384b6873de103fbc49e7a03cc58d7dea4ac?s=96&d=mm&r=g\",\"url\":\"https:\\\/\\\/secure.gravatar.com\\\/avatar\\\/c44d117c2be811212c22cb481f6b8384b6873de103fbc49e7a03cc58d7dea4ac?s=96&d=mm&r=g\",\"contentUrl\":\"https:\\\/\\\/secure.gravatar.com\\\/avatar\\\/c44d117c2be811212c22cb481f6b8384b6873de103fbc49e7a03cc58d7dea4ac?s=96&d=mm&r=g\",\"caption\":\"admin\"},\"url\":\"https:\\\/\\\/www.eldiariodetucuman.com\\\/web\\\/author\\\/admin\\\/\"}]}<\/script>\n<!-- \/ Yoast SEO plugin. -->","yoast_head_json":{"title":"Monteros celebra 60 a\u00f1os de su Festival Nacional \u201cMonteros de la Patria: Fortaleza del Folklore\u201d - El Diario de Tucuman","robots":{"index":"index","follow":"follow","max-snippet":"max-snippet:-1","max-image-preview":"max-image-preview:large","max-video-preview":"max-video-preview:-1"},"canonical":"https:\/\/www.eldiariodetucuman.com\/web\/monteros-celebra-60-anos-de-su-festival-nacional-monteros-de-la-patria-fortaleza-del-folklore\/","og_locale":"es_ES","og_type":"article","og_title":"Monteros celebra 60 a\u00f1os de su Festival Nacional \u201cMonteros de la Patria: Fortaleza del Folklore\u201d - El Diario de Tucuman","og_description":"Este fin de semana, Monteros volvi\u00f3 a convertirse en el coraz\u00f3n del folklore con la 60\u00aa edici\u00f3n del Festival Nacional \u201cMonteros de la Patria: Fortaleza del Folklore\u201d, uno de los eventos culturales m\u00e1s emblem\u00e1ticos de la provincia. El gobernador en uso de licencia, Osvaldo Jaldo, particip\u00f3 este s\u00e1bado de la celebraci\u00f3n junto a su esposa, [&hellip;]","og_url":"https:\/\/www.eldiariodetucuman.com\/web\/monteros-celebra-60-anos-de-su-festival-nacional-monteros-de-la-patria-fortaleza-del-folklore\/","og_site_name":"El Diario de Tucuman","article_published_time":"2025-10-12T21:16:01+00:00","author":"admin","twitter_card":"summary_large_image","twitter_misc":{"Escrito por":"admin","Tiempo de lectura":"5 minutos"},"schema":{"@context":"https:\/\/schema.org","@graph":[{"@type":"Article","@id":"https:\/\/www.eldiariodetucuman.com\/web\/monteros-celebra-60-anos-de-su-festival-nacional-monteros-de-la-patria-fortaleza-del-folklore\/#article","isPartOf":{"@id":"https:\/\/www.eldiariodetucuman.com\/web\/monteros-celebra-60-anos-de-su-festival-nacional-monteros-de-la-patria-fortaleza-del-folklore\/"},"author":{"name":"admin","@id":"https:\/\/www.eldiariodetucuman.com\/web\/#\/schema\/person\/9250197d75ab5483412e19678b121caa"},"headline":"Monteros celebra 60 a\u00f1os de su Festival Nacional \u201cMonteros de la Patria: Fortaleza del Folklore\u201d","datePublished":"2025-10-12T21:16:01+00:00","mainEntityOfPage":{"@id":"https:\/\/www.eldiariodetucuman.com\/web\/monteros-celebra-60-anos-de-su-festival-nacional-monteros-de-la-patria-fortaleza-del-folklore\/"},"wordCount":1035,"publisher":{"@id":"https:\/\/www.eldiariodetucuman.com\/web\/#organization"},"image":{"@id":"https:\/\/www.eldiariodetucuman.com\/web\/monteros-celebra-60-anos-de-su-festival-nacional-monteros-de-la-patria-fortaleza-del-folklore\/#primaryimage"},"thumbnailUrl":"https:\/\/www.eldiariodetucuman.com\/web\/wp-content\/uploads\/2025\/10\/Monteros-celebra-60-anos-de-su-Festival-Nacional-Monteros-de.jpeg","articleSection":["Politica"],"inLanguage":"es"},{"@type":"WebPage","@id":"https:\/\/www.eldiariodetucuman.com\/web\/monteros-celebra-60-anos-de-su-festival-nacional-monteros-de-la-patria-fortaleza-del-folklore\/","url":"https:\/\/www.eldiariodetucuman.com\/web\/monteros-celebra-60-anos-de-su-festival-nacional-monteros-de-la-patria-fortaleza-del-folklore\/","name":"Monteros celebra 60 a\u00f1os de su Festival Nacional \u201cMonteros de la Patria: Fortaleza del Folklore\u201d - El Diario de Tucuman","isPartOf":{"@id":"https:\/\/www.eldiariodetucuman.com\/web\/#website"},"primaryImageOfPage":{"@id":"https:\/\/www.eldiariodetucuman.com\/web\/monteros-celebra-60-anos-de-su-festival-nacional-monteros-de-la-patria-fortaleza-del-folklore\/#primaryimage"},"image":{"@id":"https:\/\/www.eldiariodetucuman.com\/web\/monteros-celebra-60-anos-de-su-festival-nacional-monteros-de-la-patria-fortaleza-del-folklore\/#primaryimage"},"thumbnailUrl":"https:\/\/www.eldiariodetucuman.com\/web\/wp-content\/uploads\/2025\/10\/Monteros-celebra-60-anos-de-su-Festival-Nacional-Monteros-de.jpeg","datePublished":"2025-10-12T21:16:01+00:00","breadcrumb":{"@id":"https:\/\/www.eldiariodetucuman.com\/web\/monteros-celebra-60-anos-de-su-festival-nacional-monteros-de-la-patria-fortaleza-del-folklore\/#breadcrumb"},"inLanguage":"es","potentialAction":[{"@type":"ReadAction","target":["https:\/\/www.eldiariodetucuman.com\/web\/monteros-celebra-60-anos-de-su-festival-nacional-monteros-de-la-patria-fortaleza-del-folklore\/"]}]},{"@type":"ImageObject","inLanguage":"es","@id":"https:\/\/www.eldiariodetucuman.com\/web\/monteros-celebra-60-anos-de-su-festival-nacional-monteros-de-la-patria-fortaleza-del-folklore\/#primaryimage","url":"https:\/\/www.eldiariodetucuman.com\/web\/wp-content\/uploads\/2025\/10\/Monteros-celebra-60-anos-de-su-Festival-Nacional-Monteros-de.jpeg","contentUrl":"https:\/\/www.eldiariodetucuman.com\/web\/wp-content\/uploads\/2025\/10\/Monteros-celebra-60-anos-de-su-Festival-Nacional-Monteros-de.jpeg","width":818,"height":460},{"@type":"BreadcrumbList","@id":"https:\/\/www.eldiariodetucuman.com\/web\/monteros-celebra-60-anos-de-su-festival-nacional-monteros-de-la-patria-fortaleza-del-folklore\/#breadcrumb","itemListElement":[{"@type":"ListItem","position":1,"name":"Portada","item":"https:\/\/www.eldiariodetucuman.com\/web\/"},{"@type":"ListItem","position":2,"name":"Monteros celebra 60 a\u00f1os de su Festival Nacional \u201cMonteros de la Patria: Fortaleza del Folklore\u201d"}]},{"@type":"WebSite","@id":"https:\/\/www.eldiariodetucuman.com\/web\/#website","url":"https:\/\/www.eldiariodetucuman.com\/web\/","name":"El Diario de Tucuman","description":"Diario Tucuman - Informaci\u00f3n y noticias","publisher":{"@id":"https:\/\/www.eldiariodetucuman.com\/web\/#organization"},"potentialAction":[{"@type":"SearchAction","target":{"@type":"EntryPoint","urlTemplate":"https:\/\/www.eldiariodetucuman.com\/web\/?s={search_term_string}"},"query-input":{"@type":"PropertyValueSpecification","valueRequired":true,"valueName":"search_term_string"}}],"inLanguage":"es"},{"@type":"Organization","@id":"https:\/\/www.eldiariodetucuman.com\/web\/#organization","name":"El Diario de Tucuman","url":"https:\/\/www.eldiariodetucuman.com\/web\/","logo":{"@type":"ImageObject","inLanguage":"es","@id":"https:\/\/www.eldiariodetucuman.com\/web\/#\/schema\/logo\/image\/","url":"http:\/\/www.eldiariodetucuman.com\/web\/wp-content\/uploads\/2017\/12\/el-diario-de-tucuman.jpg","contentUrl":"http:\/\/www.eldiariodetucuman.com\/web\/wp-content\/uploads\/2017\/12\/el-diario-de-tucuman.jpg","width":272,"height":92,"caption":"El Diario de Tucuman"},"image":{"@id":"https:\/\/www.eldiariodetucuman.com\/web\/#\/schema\/logo\/image\/"}},{"@type":"Person","@id":"https:\/\/www.eldiariodetucuman.com\/web\/#\/schema\/person\/9250197d75ab5483412e19678b121caa","name":"admin","image":{"@type":"ImageObject","inLanguage":"es","@id":"https:\/\/secure.gravatar.com\/avatar\/c44d117c2be811212c22cb481f6b8384b6873de103fbc49e7a03cc58d7dea4ac?s=96&d=mm&r=g","url":"https:\/\/secure.gravatar.com\/avatar\/c44d117c2be811212c22cb481f6b8384b6873de103fbc49e7a03cc58d7dea4ac?s=96&d=mm&r=g","contentUrl":"https:\/\/secure.gravatar.com\/avatar\/c44d117c2be811212c22cb481f6b8384b6873de103fbc49e7a03cc58d7dea4ac?s=96&d=mm&r=g","caption":"admin"},"url":"https:\/\/www.eldiariodetucuman.com\/web\/author\/admin\/"}]}},"_links":{"self":[{"href":"https:\/\/www.eldiariodetucuman.com\/web\/wp-json\/wp\/v2\/posts\/45914","targetHints":{"allow":["GET"]}}],"collection":[{"href":"https:\/\/www.eldiariodetucuman.com\/web\/wp-json\/wp\/v2\/posts"}],"about":[{"href":"https:\/\/www.eldiariodetucuman.com\/web\/wp-json\/wp\/v2\/types\/post"}],"author":[{"embeddable":true,"href":"https:\/\/www.eldiariodetucuman.com\/web\/wp-json\/wp\/v2\/users\/1"}],"replies":[{"embeddable":true,"href":"https:\/\/www.eldiariodetucuman.com\/web\/wp-json\/wp\/v2\/comments?post=45914"}],"version-history":[{"count":0,"href":"https:\/\/www.eldiariodetucuman.com\/web\/wp-json\/wp\/v2\/posts\/45914\/revisions"}],"wp:featuredmedia":[{"embeddable":true,"href":"https:\/\/www.eldiariodetucuman.com\/web\/wp-json\/wp\/v2\/media\/45915"}],"wp:attachment":[{"href":"https:\/\/www.eldiariodetucuman.com\/web\/wp-json\/wp\/v2\/media?parent=45914"}],"wp:term":[{"taxonomy":"category","embeddable":true,"href":"https:\/\/www.eldiariodetucuman.com\/web\/wp-json\/wp\/v2\/categories?post=45914"},{"taxonomy":"post_tag","embeddable":true,"href":"https:\/\/www.eldiariodetucuman.com\/web\/wp-json\/wp\/v2\/tags?post=45914"}],"curies":[{"name":"wp","href":"https:\/\/api.w.org\/{rel}","templated":true}]}}