{"id":45912,"date":"2025-10-12T18:11:00","date_gmt":"2025-10-12T21:11:00","guid":{"rendered":"https:\/\/www.eldiariodetucuman.com\/web\/desde-formula-uno-aseguran-la-continuidad-de-colapinto-en-alpine\/"},"modified":"2025-10-12T18:11:00","modified_gmt":"2025-10-12T21:11:00","slug":"desde-formula-uno-aseguran-la-continuidad-de-colapinto-en-alpine","status":"publish","type":"post","link":"https:\/\/www.eldiariodetucuman.com\/web\/desde-formula-uno-aseguran-la-continuidad-de-colapinto-en-alpine\/","title":{"rendered":"Desde F\u00f3rmula Uno aseguran la continuidad de Colapinto en Alpine"},"content":{"rendered":"<p>    <\/p>\n<p>El autor del art\u00edculo, titulado \u201cMERCADO DE PILOTOS: \u00bfQui\u00e9n est\u00e1 considerado como el compa\u00f1ero de equipo de Gasly en Alpine?\u201c, firmado por el periodista Lawrence Barreto, da cuenta de que Colapinto cuenta con m\u00e1s chances que el novato Paul Aron para quedarse con la butaca. Esto no es una opini\u00f3n menor ya que el autor de la nota es el mismo que anticip\u00f3 la llegada de Lewis Hamilton a Ferarri.<\/p>\n<p>Barreto indica en su nota la gran mejor\u00eda y los avances de Colapinto en la F\u00f3rmula 1, despu\u00e9s de un arranque de temporada que no fue tan alentador. Sugiere que \u201cColapinto respondi\u00f3 para dar un giro a su situaci\u00f3n y ahora, seg\u00fan dicen las fuentes, est\u00e1 en buena forma para conservar su asiento\u201d.<\/p>\n<p>Adem\u00e1s, se\u00f1ala que \u201cpuede parecer extra\u00f1o decir que Colapinto ha mejorado cuando a\u00fan no ha puntuado para Alpine, pero eso se debe m\u00e1s al rendimiento del coche que al talento del piloto. En situaciones como estas, la \u00fanica forma real de evaluar el rendimiento de un piloto es compar\u00e1ndolo con el de su compa\u00f1ero de equipo, y es aqu\u00ed donde Colapinto est\u00e1 mejorando\u201d.<\/p>\n<p> 17602940738641923029730393054258   <\/p>\n<p>En la comparaci\u00f3n con Gasly, dice el art\u00edculo, Colapinto est\u00e1 detr\u00e1s de su compa\u00f1ero por 7-5. Sin embargo, en los \u00faltimos cuatro fines de semana de Grandes Premios (Pa\u00edses Bajos, Italia, Azerbaiy\u00e1n y Singapur), el piloto argentino tiene una ventaja de 3-1 con una ventaja promedio en la clasificaci\u00f3n de 0,122 s (seg\u00fan la comparaci\u00f3n de los tiempos de la Q1 en los cuatro eventos).<\/p>\n<p>La nota del sitio oficial de la F\u00f3rmula 1 dice tambi\u00e9n que Jack Doohan ya no tiene chances de volver a correr en Alpine y que Paul Aron va muy detr\u00e1s del piloto argentino. \u201cDado que est\u00e1n mirando internamente, no hay verdadera prisa, pero si Colapinto contin\u00faa con su forma mejorada, les dar\u00e1 pocos motivos para cambiar algo de cara a 2026\u2033, finaliza Barreto en su art\u00edculo.<\/p>\n<p>Fuente: <a href=\"https:\/\/www.lv12.com.ar\/franco-colapinto\/desde-formula-uno-aseguran-la-continuidad-colapinto-alpine-n187167\"> Fuente de la nota <\/a><\/p>\n","protected":false},"excerpt":{"rendered":"<p>El autor del art\u00edculo, titulado \u201cMERCADO DE PILOTOS: \u00bfQui\u00e9n est\u00e1 considerado como el compa\u00f1ero de equipo de Gasly en Alpine?\u201c, firmado por el periodista Lawrence Barreto, da cuenta de que Colapinto cuenta con m\u00e1s chances que el novato Paul Aron para quedarse con la butaca. Esto no es una opini\u00f3n menor ya que el autor [&hellip;]<\/p>\n","protected":false},"author":1,"featured_media":45913,"comment_status":"closed","ping_status":"open","sticky":false,"template":"","format":"standard","meta":{"footnotes":""},"categories":[6],"tags":[],"class_list":{"0":"post-45912","1":"post","2":"type-post","3":"status-publish","4":"format-standard","5":"has-post-thumbnail","7":"category-deporte"},"yoast_head":"<!-- This site is optimized with the Yoast SEO plugin v27.4 - https:\/\/yoast.com\/product\/yoast-seo-wordpress\/ -->\n<title>Desde F\u00f3rmula Uno aseguran la continuidad de Colapinto en Alpine - El Diario de Tucuman<\/title>\n<meta name=\"robots\" content=\"index, follow, max-snippet:-1, max-image-preview:large, max-video-preview:-1\" \/>\n<link rel=\"canonical\" href=\"https:\/\/www.eldiariodetucuman.com\/web\/desde-formula-uno-aseguran-la-continuidad-de-colapinto-en-alpine\/\" \/>\n<meta property=\"og:locale\" content=\"es_ES\" \/>\n<meta property=\"og:type\" content=\"article\" \/>\n<meta property=\"og:title\" content=\"Desde F\u00f3rmula Uno aseguran la continuidad de Colapinto en Alpine - El Diario de Tucuman\" \/>\n<meta property=\"og:description\" content=\"El autor del art\u00edculo, titulado \u201cMERCADO DE PILOTOS: \u00bfQui\u00e9n est\u00e1 considerado como el compa\u00f1ero de equipo de Gasly en Alpine?\u201c, firmado por el periodista Lawrence Barreto, da cuenta de que Colapinto cuenta con m\u00e1s chances que el novato Paul Aron para quedarse con la butaca. Esto no es una opini\u00f3n menor ya que el autor [&hellip;]\" \/>\n<meta property=\"og:url\" content=\"https:\/\/www.eldiariodetucuman.com\/web\/desde-formula-uno-aseguran-la-continuidad-de-colapinto-en-alpine\/\" \/>\n<meta property=\"og:site_name\" content=\"El Diario de Tucuman\" \/>\n<meta property=\"article:published_time\" content=\"2025-10-12T21:11:00+00:00\" \/>\n<meta name=\"author\" content=\"admin\" \/>\n<meta name=\"twitter:card\" content=\"summary_large_image\" \/>\n<meta name=\"twitter:label1\" content=\"Escrito por\" \/>\n\t<meta name=\"twitter:data1\" content=\"admin\" \/>\n\t<meta name=\"twitter:label2\" content=\"Tiempo de lectura\" \/>\n\t<meta name=\"twitter:data2\" content=\"2 minutos\" \/>\n<script type=\"application\/ld+json\" class=\"yoast-schema-graph\">{\"@context\":\"https:\\\/\\\/schema.org\",\"@graph\":[{\"@type\":\"Article\",\"@id\":\"https:\\\/\\\/www.eldiariodetucuman.com\\\/web\\\/desde-formula-uno-aseguran-la-continuidad-de-colapinto-en-alpine\\\/#article\",\"isPartOf\":{\"@id\":\"https:\\\/\\\/www.eldiariodetucuman.com\\\/web\\\/desde-formula-uno-aseguran-la-continuidad-de-colapinto-en-alpine\\\/\"},\"author\":{\"name\":\"admin\",\"@id\":\"https:\\\/\\\/www.eldiariodetucuman.com\\\/web\\\/#\\\/schema\\\/person\\\/9250197d75ab5483412e19678b121caa\"},\"headline\":\"Desde F\u00f3rmula Uno aseguran la continuidad de Colapinto en Alpine\",\"datePublished\":\"2025-10-12T21:11:00+00:00\",\"mainEntityOfPage\":{\"@id\":\"https:\\\/\\\/www.eldiariodetucuman.com\\\/web\\\/desde-formula-uno-aseguran-la-continuidad-de-colapinto-en-alpine\\\/\"},\"wordCount\":362,\"publisher\":{\"@id\":\"https:\\\/\\\/www.eldiariodetucuman.com\\\/web\\\/#organization\"},\"image\":{\"@id\":\"https:\\\/\\\/www.eldiariodetucuman.com\\\/web\\\/desde-formula-uno-aseguran-la-continuidad-de-colapinto-en-alpine\\\/#primaryimage\"},\"thumbnailUrl\":\"https:\\\/\\\/www.eldiariodetucuman.com\\\/web\\\/wp-content\\\/uploads\\\/2025\\\/10\\\/Desde-Formula-Uno-aseguran-la-continuidad-de-Colapinto-en-Alpine.png\",\"articleSection\":[\"Deporte\"],\"inLanguage\":\"es\"},{\"@type\":\"WebPage\",\"@id\":\"https:\\\/\\\/www.eldiariodetucuman.com\\\/web\\\/desde-formula-uno-aseguran-la-continuidad-de-colapinto-en-alpine\\\/\",\"url\":\"https:\\\/\\\/www.eldiariodetucuman.com\\\/web\\\/desde-formula-uno-aseguran-la-continuidad-de-colapinto-en-alpine\\\/\",\"name\":\"Desde F\u00f3rmula Uno aseguran la continuidad de Colapinto en Alpine - El Diario de Tucuman\",\"isPartOf\":{\"@id\":\"https:\\\/\\\/www.eldiariodetucuman.com\\\/web\\\/#website\"},\"primaryImageOfPage\":{\"@id\":\"https:\\\/\\\/www.eldiariodetucuman.com\\\/web\\\/desde-formula-uno-aseguran-la-continuidad-de-colapinto-en-alpine\\\/#primaryimage\"},\"image\":{\"@id\":\"https:\\\/\\\/www.eldiariodetucuman.com\\\/web\\\/desde-formula-uno-aseguran-la-continuidad-de-colapinto-en-alpine\\\/#primaryimage\"},\"thumbnailUrl\":\"https:\\\/\\\/www.eldiariodetucuman.com\\\/web\\\/wp-content\\\/uploads\\\/2025\\\/10\\\/Desde-Formula-Uno-aseguran-la-continuidad-de-Colapinto-en-Alpine.png\",\"datePublished\":\"2025-10-12T21:11:00+00:00\",\"breadcrumb\":{\"@id\":\"https:\\\/\\\/www.eldiariodetucuman.com\\\/web\\\/desde-formula-uno-aseguran-la-continuidad-de-colapinto-en-alpine\\\/#breadcrumb\"},\"inLanguage\":\"es\",\"potentialAction\":[{\"@type\":\"ReadAction\",\"target\":[\"https:\\\/\\\/www.eldiariodetucuman.com\\\/web\\\/desde-formula-uno-aseguran-la-continuidad-de-colapinto-en-alpine\\\/\"]}]},{\"@type\":\"ImageObject\",\"inLanguage\":\"es\",\"@id\":\"https:\\\/\\\/www.eldiariodetucuman.com\\\/web\\\/desde-formula-uno-aseguran-la-continuidad-de-colapinto-en-alpine\\\/#primaryimage\",\"url\":\"https:\\\/\\\/www.eldiariodetucuman.com\\\/web\\\/wp-content\\\/uploads\\\/2025\\\/10\\\/Desde-Formula-Uno-aseguran-la-continuidad-de-Colapinto-en-Alpine.png\",\"contentUrl\":\"https:\\\/\\\/www.eldiariodetucuman.com\\\/web\\\/wp-content\\\/uploads\\\/2025\\\/10\\\/Desde-Formula-Uno-aseguran-la-continuidad-de-Colapinto-en-Alpine.png\",\"width\":1200,\"height\":675},{\"@type\":\"BreadcrumbList\",\"@id\":\"https:\\\/\\\/www.eldiariodetucuman.com\\\/web\\\/desde-formula-uno-aseguran-la-continuidad-de-colapinto-en-alpine\\\/#breadcrumb\",\"itemListElement\":[{\"@type\":\"ListItem\",\"position\":1,\"name\":\"Portada\",\"item\":\"https:\\\/\\\/www.eldiariodetucuman.com\\\/web\\\/\"},{\"@type\":\"ListItem\",\"position\":2,\"name\":\"Desde F\u00f3rmula Uno aseguran la continuidad de Colapinto en Alpine\"}]},{\"@type\":\"WebSite\",\"@id\":\"https:\\\/\\\/www.eldiariodetucuman.com\\\/web\\\/#website\",\"url\":\"https:\\\/\\\/www.eldiariodetucuman.com\\\/web\\\/\",\"name\":\"El Diario de Tucuman\",\"description\":\"Diario Tucuman - Informaci\u00f3n y noticias\",\"publisher\":{\"@id\":\"https:\\\/\\\/www.eldiariodetucuman.com\\\/web\\\/#organization\"},\"potentialAction\":[{\"@type\":\"SearchAction\",\"target\":{\"@type\":\"EntryPoint\",\"urlTemplate\":\"https:\\\/\\\/www.eldiariodetucuman.com\\\/web\\\/?s={search_term_string}\"},\"query-input\":{\"@type\":\"PropertyValueSpecification\",\"valueRequired\":true,\"valueName\":\"search_term_string\"}}],\"inLanguage\":\"es\"},{\"@type\":\"Organization\",\"@id\":\"https:\\\/\\\/www.eldiariodetucuman.com\\\/web\\\/#organization\",\"name\":\"El Diario de Tucuman\",\"url\":\"https:\\\/\\\/www.eldiariodetucuman.com\\\/web\\\/\",\"logo\":{\"@type\":\"ImageObject\",\"inLanguage\":\"es\",\"@id\":\"https:\\\/\\\/www.eldiariodetucuman.com\\\/web\\\/#\\\/schema\\\/logo\\\/image\\\/\",\"url\":\"http:\\\/\\\/www.eldiariodetucuman.com\\\/web\\\/wp-content\\\/uploads\\\/2017\\\/12\\\/el-diario-de-tucuman.jpg\",\"contentUrl\":\"http:\\\/\\\/www.eldiariodetucuman.com\\\/web\\\/wp-content\\\/uploads\\\/2017\\\/12\\\/el-diario-de-tucuman.jpg\",\"width\":272,\"height\":92,\"caption\":\"El Diario de Tucuman\"},\"image\":{\"@id\":\"https:\\\/\\\/www.eldiariodetucuman.com\\\/web\\\/#\\\/schema\\\/logo\\\/image\\\/\"}},{\"@type\":\"Person\",\"@id\":\"https:\\\/\\\/www.eldiariodetucuman.com\\\/web\\\/#\\\/schema\\\/person\\\/9250197d75ab5483412e19678b121caa\",\"name\":\"admin\",\"image\":{\"@type\":\"ImageObject\",\"inLanguage\":\"es\",\"@id\":\"https:\\\/\\\/secure.gravatar.com\\\/avatar\\\/c44d117c2be811212c22cb481f6b8384b6873de103fbc49e7a03cc58d7dea4ac?s=96&d=mm&r=g\",\"url\":\"https:\\\/\\\/secure.gravatar.com\\\/avatar\\\/c44d117c2be811212c22cb481f6b8384b6873de103fbc49e7a03cc58d7dea4ac?s=96&d=mm&r=g\",\"contentUrl\":\"https:\\\/\\\/secure.gravatar.com\\\/avatar\\\/c44d117c2be811212c22cb481f6b8384b6873de103fbc49e7a03cc58d7dea4ac?s=96&d=mm&r=g\",\"caption\":\"admin\"},\"url\":\"https:\\\/\\\/www.eldiariodetucuman.com\\\/web\\\/author\\\/admin\\\/\"}]}<\/script>\n<!-- \/ Yoast SEO plugin. -->","yoast_head_json":{"title":"Desde F\u00f3rmula Uno aseguran la continuidad de Colapinto en Alpine - El Diario de Tucuman","robots":{"index":"index","follow":"follow","max-snippet":"max-snippet:-1","max-image-preview":"max-image-preview:large","max-video-preview":"max-video-preview:-1"},"canonical":"https:\/\/www.eldiariodetucuman.com\/web\/desde-formula-uno-aseguran-la-continuidad-de-colapinto-en-alpine\/","og_locale":"es_ES","og_type":"article","og_title":"Desde F\u00f3rmula Uno aseguran la continuidad de Colapinto en Alpine - El Diario de Tucuman","og_description":"El autor del art\u00edculo, titulado \u201cMERCADO DE PILOTOS: \u00bfQui\u00e9n est\u00e1 considerado como el compa\u00f1ero de equipo de Gasly en Alpine?\u201c, firmado por el periodista Lawrence Barreto, da cuenta de que Colapinto cuenta con m\u00e1s chances que el novato Paul Aron para quedarse con la butaca. Esto no es una opini\u00f3n menor ya que el autor [&hellip;]","og_url":"https:\/\/www.eldiariodetucuman.com\/web\/desde-formula-uno-aseguran-la-continuidad-de-colapinto-en-alpine\/","og_site_name":"El Diario de Tucuman","article_published_time":"2025-10-12T21:11:00+00:00","author":"admin","twitter_card":"summary_large_image","twitter_misc":{"Escrito por":"admin","Tiempo de lectura":"2 minutos"},"schema":{"@context":"https:\/\/schema.org","@graph":[{"@type":"Article","@id":"https:\/\/www.eldiariodetucuman.com\/web\/desde-formula-uno-aseguran-la-continuidad-de-colapinto-en-alpine\/#article","isPartOf":{"@id":"https:\/\/www.eldiariodetucuman.com\/web\/desde-formula-uno-aseguran-la-continuidad-de-colapinto-en-alpine\/"},"author":{"name":"admin","@id":"https:\/\/www.eldiariodetucuman.com\/web\/#\/schema\/person\/9250197d75ab5483412e19678b121caa"},"headline":"Desde F\u00f3rmula Uno aseguran la continuidad de Colapinto en Alpine","datePublished":"2025-10-12T21:11:00+00:00","mainEntityOfPage":{"@id":"https:\/\/www.eldiariodetucuman.com\/web\/desde-formula-uno-aseguran-la-continuidad-de-colapinto-en-alpine\/"},"wordCount":362,"publisher":{"@id":"https:\/\/www.eldiariodetucuman.com\/web\/#organization"},"image":{"@id":"https:\/\/www.eldiariodetucuman.com\/web\/desde-formula-uno-aseguran-la-continuidad-de-colapinto-en-alpine\/#primaryimage"},"thumbnailUrl":"https:\/\/www.eldiariodetucuman.com\/web\/wp-content\/uploads\/2025\/10\/Desde-Formula-Uno-aseguran-la-continuidad-de-Colapinto-en-Alpine.png","articleSection":["Deporte"],"inLanguage":"es"},{"@type":"WebPage","@id":"https:\/\/www.eldiariodetucuman.com\/web\/desde-formula-uno-aseguran-la-continuidad-de-colapinto-en-alpine\/","url":"https:\/\/www.eldiariodetucuman.com\/web\/desde-formula-uno-aseguran-la-continuidad-de-colapinto-en-alpine\/","name":"Desde F\u00f3rmula Uno aseguran la continuidad de Colapinto en Alpine - El Diario de Tucuman","isPartOf":{"@id":"https:\/\/www.eldiariodetucuman.com\/web\/#website"},"primaryImageOfPage":{"@id":"https:\/\/www.eldiariodetucuman.com\/web\/desde-formula-uno-aseguran-la-continuidad-de-colapinto-en-alpine\/#primaryimage"},"image":{"@id":"https:\/\/www.eldiariodetucuman.com\/web\/desde-formula-uno-aseguran-la-continuidad-de-colapinto-en-alpine\/#primaryimage"},"thumbnailUrl":"https:\/\/www.eldiariodetucuman.com\/web\/wp-content\/uploads\/2025\/10\/Desde-Formula-Uno-aseguran-la-continuidad-de-Colapinto-en-Alpine.png","datePublished":"2025-10-12T21:11:00+00:00","breadcrumb":{"@id":"https:\/\/www.eldiariodetucuman.com\/web\/desde-formula-uno-aseguran-la-continuidad-de-colapinto-en-alpine\/#breadcrumb"},"inLanguage":"es","potentialAction":[{"@type":"ReadAction","target":["https:\/\/www.eldiariodetucuman.com\/web\/desde-formula-uno-aseguran-la-continuidad-de-colapinto-en-alpine\/"]}]},{"@type":"ImageObject","inLanguage":"es","@id":"https:\/\/www.eldiariodetucuman.com\/web\/desde-formula-uno-aseguran-la-continuidad-de-colapinto-en-alpine\/#primaryimage","url":"https:\/\/www.eldiariodetucuman.com\/web\/wp-content\/uploads\/2025\/10\/Desde-Formula-Uno-aseguran-la-continuidad-de-Colapinto-en-Alpine.png","contentUrl":"https:\/\/www.eldiariodetucuman.com\/web\/wp-content\/uploads\/2025\/10\/Desde-Formula-Uno-aseguran-la-continuidad-de-Colapinto-en-Alpine.png","width":1200,"height":675},{"@type":"BreadcrumbList","@id":"https:\/\/www.eldiariodetucuman.com\/web\/desde-formula-uno-aseguran-la-continuidad-de-colapinto-en-alpine\/#breadcrumb","itemListElement":[{"@type":"ListItem","position":1,"name":"Portada","item":"https:\/\/www.eldiariodetucuman.com\/web\/"},{"@type":"ListItem","position":2,"name":"Desde F\u00f3rmula Uno aseguran la continuidad de Colapinto en Alpine"}]},{"@type":"WebSite","@id":"https:\/\/www.eldiariodetucuman.com\/web\/#website","url":"https:\/\/www.eldiariodetucuman.com\/web\/","name":"El Diario de Tucuman","description":"Diario Tucuman - Informaci\u00f3n y noticias","publisher":{"@id":"https:\/\/www.eldiariodetucuman.com\/web\/#organization"},"potentialAction":[{"@type":"SearchAction","target":{"@type":"EntryPoint","urlTemplate":"https:\/\/www.eldiariodetucuman.com\/web\/?s={search_term_string}"},"query-input":{"@type":"PropertyValueSpecification","valueRequired":true,"valueName":"search_term_string"}}],"inLanguage":"es"},{"@type":"Organization","@id":"https:\/\/www.eldiariodetucuman.com\/web\/#organization","name":"El Diario de Tucuman","url":"https:\/\/www.eldiariodetucuman.com\/web\/","logo":{"@type":"ImageObject","inLanguage":"es","@id":"https:\/\/www.eldiariodetucuman.com\/web\/#\/schema\/logo\/image\/","url":"http:\/\/www.eldiariodetucuman.com\/web\/wp-content\/uploads\/2017\/12\/el-diario-de-tucuman.jpg","contentUrl":"http:\/\/www.eldiariodetucuman.com\/web\/wp-content\/uploads\/2017\/12\/el-diario-de-tucuman.jpg","width":272,"height":92,"caption":"El Diario de Tucuman"},"image":{"@id":"https:\/\/www.eldiariodetucuman.com\/web\/#\/schema\/logo\/image\/"}},{"@type":"Person","@id":"https:\/\/www.eldiariodetucuman.com\/web\/#\/schema\/person\/9250197d75ab5483412e19678b121caa","name":"admin","image":{"@type":"ImageObject","inLanguage":"es","@id":"https:\/\/secure.gravatar.com\/avatar\/c44d117c2be811212c22cb481f6b8384b6873de103fbc49e7a03cc58d7dea4ac?s=96&d=mm&r=g","url":"https:\/\/secure.gravatar.com\/avatar\/c44d117c2be811212c22cb481f6b8384b6873de103fbc49e7a03cc58d7dea4ac?s=96&d=mm&r=g","contentUrl":"https:\/\/secure.gravatar.com\/avatar\/c44d117c2be811212c22cb481f6b8384b6873de103fbc49e7a03cc58d7dea4ac?s=96&d=mm&r=g","caption":"admin"},"url":"https:\/\/www.eldiariodetucuman.com\/web\/author\/admin\/"}]}},"_links":{"self":[{"href":"https:\/\/www.eldiariodetucuman.com\/web\/wp-json\/wp\/v2\/posts\/45912","targetHints":{"allow":["GET"]}}],"collection":[{"href":"https:\/\/www.eldiariodetucuman.com\/web\/wp-json\/wp\/v2\/posts"}],"about":[{"href":"https:\/\/www.eldiariodetucuman.com\/web\/wp-json\/wp\/v2\/types\/post"}],"author":[{"embeddable":true,"href":"https:\/\/www.eldiariodetucuman.com\/web\/wp-json\/wp\/v2\/users\/1"}],"replies":[{"embeddable":true,"href":"https:\/\/www.eldiariodetucuman.com\/web\/wp-json\/wp\/v2\/comments?post=45912"}],"version-history":[{"count":0,"href":"https:\/\/www.eldiariodetucuman.com\/web\/wp-json\/wp\/v2\/posts\/45912\/revisions"}],"wp:featuredmedia":[{"embeddable":true,"href":"https:\/\/www.eldiariodetucuman.com\/web\/wp-json\/wp\/v2\/media\/45913"}],"wp:attachment":[{"href":"https:\/\/www.eldiariodetucuman.com\/web\/wp-json\/wp\/v2\/media?parent=45912"}],"wp:term":[{"taxonomy":"category","embeddable":true,"href":"https:\/\/www.eldiariodetucuman.com\/web\/wp-json\/wp\/v2\/categories?post=45912"},{"taxonomy":"post_tag","embeddable":true,"href":"https:\/\/www.eldiariodetucuman.com\/web\/wp-json\/wp\/v2\/tags?post=45912"}],"curies":[{"name":"wp","href":"https:\/\/api.w.org\/{rel}","templated":true}]}}