{"id":45909,"date":"2025-10-11T23:39:41","date_gmt":"2025-10-12T02:39:41","guid":{"rendered":"https:\/\/www.eldiariodetucuman.com\/web\/las-razones-de-trump-las-condiciones-de-trump\/"},"modified":"2025-10-11T23:39:44","modified_gmt":"2025-10-12T02:39:44","slug":"las-razones-de-trump-las-condiciones-de-trump","status":"publish","type":"post","link":"https:\/\/www.eldiariodetucuman.com\/web\/las-razones-de-trump-las-condiciones-de-trump\/","title":{"rendered":"Las razones de Trump, las condiciones de Trump"},"content":{"rendered":"<p><\/p>\n<p class=\"com-paragraph  --capital --s\">Apenas hab\u00edan pasado las tres de la tarde del jueves, cuando un alerta salt\u00f3 en las pantallas de los operadores con una informaci\u00f3n sorprendente: el Tesoro norteamericano intervino en el mercado de cambios argentino. \u201cEstamos comprando pesos ahora, amigos. La crisis cambiaria ha terminado. Estados Unidos nunca se va a quedar sin d\u00f3lares\u201d, confirm\u00f3 de inmediato un hombre de la administraci\u00f3n de <strong>Donald Trump<\/strong> a sus aliados locales. <\/p>\n<p class=\"com-paragraph   --s\"><strong>Fueron no m\u00e1s de US$100 millones, seg\u00fan el Gobierno, pero el gesto tuvo la dosis suficiente de novedad y contundencia<\/strong> como para que se diluyera el clima de turbulencia que hab\u00eda regido en las jornadas anteriores, y para que el riesgo pa\u00eds bajara a los niveles previos a la elecci\u00f3n bonaerense. In Trump we trust.<\/p>\n<p class=\"com-paragraph   --s\">Se trat\u00f3 del segundo paso del plan de apoyo y rescate elaborado por Washington, despu\u00e9s del movimiento inicial del 22 de septiembre de <strong>Scott Bessent<\/strong>, cuando anunci\u00f3 un swap de US$20.000 millones, la posibilidad de compras de bonos e inversiones millonarias.<\/p>\n<p>El secretario del Tesoro de EEUU, Scott BessentJean-Christophe Bott &#8211; Keystone<\/p>\n<p class=\"com-paragraph   --s\">Seg\u00fan explican en la Casa Rosada, el d\u00eda anterior a ese tuit del secretario del Tesoro, recibieron un indicio de que primero habr\u00eda un pronunciamiento verbal de urgencia para calmar los mercados, pero que la instrumentaci\u00f3n de alguna medida concreta demandar\u00eda un par de semanas. \u201cLa intervenci\u00f3n del jueves estuvo pautada desde ese primer momento. Sab\u00edamos que la promesa discursiva no ser\u00eda suficiente de entrada, pero el Tesoro requer\u00eda algo m\u00e1s de tiempo para avanzar con la intervenci\u00f3n en el mercado. <strong>Esto no fue una medida de apuro para frenar la intranquilidad cambiaria<\/strong>\u201d, asegur\u00f3 un hombre del Gobierno.<\/p>\n<p class=\"com-paragraph   --s\">Justamente en la aplicaci\u00f3n de la medida estuvo trabajando durante la semana el ministro <strong>Luis Caputo<\/strong> y su equipo en Washington, junto con sus pares del Tesoro. <strong>No fue sencilla la implementaci\u00f3n, porque hab\u00eda limitaciones legales en Estados Unidos<\/strong>. De hecho en un momento se evalu\u00f3 hacer la transacci\u00f3n con bancos extranjeros y finalmente se opt\u00f3 por canalizarla a trav\u00e9s de tres entidades que operan en el pa\u00eds para que el movimiento no fuera tan heterodoxo.<\/p>\n<p>La reuni\u00f3n entre Kristalina Georgieva y Luis Caputo<\/p>\n<p class=\"com-paragraph   --s\">El gesto de respaldo de la Casa Blanca absolutamente in\u00e9dito en la historia argentina gener\u00f3 ruidos en Estados Unidos, por las quejas de la oposici\u00f3n y tambi\u00e9n de los farmers, que entienden que se est\u00e1 beneficiando a sus competidores. <strong>Ninguno de los dos frentes preocupan demasiado a la administraci\u00f3n Trump<\/strong>, que considera a los dem\u00f3cratas como una banda pol\u00edtica sin rumbo y a los granjeros locales unos quejosos oportunistas. \u201cNunca hab\u00eda visto tantos farmers dando vueltas como estas semanas\u201d, se mof\u00f3 uno de ellos. Pero m\u00e1s all\u00e1 de las chicanas, hay un dato concreto: <strong>toda la movida se concret\u00f3 mientras la administraci\u00f3n federal de EE.UU. est\u00e1 paralizada por la falta de aprobaci\u00f3n del presupuesto<\/strong>.<\/p>\n<p class=\"com-paragraph   --s\">En el Gobierno admiten que el ruido que gener\u00f3 la intervenci\u00f3n norteamericana en el mercado los lleva a ser cautos respecto del calibre de los anuncios previstos para la cumbre de <strong>Javier Milei<\/strong> y Trump de este martes. \u201cSeguro va a haber novedades interesantes, pero tampoco nosotros podemos pedir nada m\u00e1s\u201d, grafican. <strong>La expectativa es que haya alguna novedad con el demorado acuerdo comercial que elimine o reduzca los aranceles<\/strong> establecidos por Estados Unidos a la mayor\u00eda de los pa\u00edses del mundo. Se tratar\u00eda de un nuevo gesto de preferencia por el gobierno argentino, en su momento m\u00e1s delicado.<\/p>\n<p>Donald Trump en los jardines de la Casa Blanca, esta semanaAlex Brandon &#8211; AP<\/p>\n<p class=\"com-paragraph   --s\">Ante la acumulaci\u00f3n de gui\u00f1os y decisiones de auxilio de Estados Unidos, vuelve a rondar la pregunta m\u00e1s b\u00e1sica, que por momentos parece tener una respuesta obvia, pero que en otros parece limitada: <strong>\u00bfPor qu\u00e9 Trump asiste en forma tan abierta a Milei?<\/strong> Naturalmente, <strong>pesa la empat\u00eda personal e ideol\u00f3gica<\/strong> entre los dos l\u00edderes, pero es una explicaci\u00f3n insuficiente. <strong>Existen razones geoestrat\u00e9gicas<\/strong>, que se resumen en la importancia de la Argentina como \u00fanico aliado en la regi\u00f3n, ideal para utilizar como banco de prueba de la determinaci\u00f3n de la Casa Blanca de recuperar el espacio perdido a manos de China durante los \u00faltimos veinticinco a\u00f1os. <\/p>\n<p class=\"com-paragraph   --s\"><strong>Pero muy vinculada con esa explicaci\u00f3n existe otro motivo subyacente: los negocios. <\/strong>Trump y Bessent est\u00e1n pensando en la Argentina en t\u00e9rminos de oportunidades incomparables por sus recursos energ\u00e9ticos y mineros, especialmente. Es la etapa posterior a la estabilizaci\u00f3n financiera, en la que <strong>se imaginan promoviendo un caudal de inversiones en tres recursos subexplotados: uranio, litio y minerales raros. Tambi\u00e9n en oil and gas y en tecnolog\u00eda<\/strong>. El anuncio de esta semana de OpenIA sobre la instalaci\u00f3n de un centro de datos en la Patagonia tiene que ver con el potencial local de la industria del conocimiento, pero mucho m\u00e1s con el acceso a energ\u00edas renovables y al agua.<\/p>\n<p>De izquierda a derecha: Mat Travizano, un inversor argentino relacionado con la tecnolog\u00eda; Demian Reidel, jefe de asesores del Presidente; el embajador argentino en EE. UU., Gerardo Werthein; Sam Altman, CEO de OpenAI; Karina Milei; Trevor Traina, exdiplom\u00e1tico y hoy parte de Worldcoin; Javier Milei; Alex Blania, el CEO de Tools for Humanity (Worldcoin); Mart\u00edn Mazza, un ejecutivo de Worldcoin para Am\u00e9rica Latina<\/p>\n<p class=\"com-paragraph   --s\"><strong>\u201cArgentina representa para nosotros una oportunidad de inversiones masivas. Nuestra idea es que ambas econom\u00edas est\u00e9n cada vez m\u00e1s ligadas<\/strong>\u201d, grafica un hombre de confianza de Trump. Esto, en su mirada, no implica un avance hacia una dolarizaci\u00f3n de la econom\u00eda argentina (ni tampoco, como ironizaron algunos en las redes sociales, hacia la pesificaci\u00f3n de la econom\u00eda norteamericana). <\/p>\n<p class=\"com-paragraph   --s\"><strong>Bessent tiene muchos viejos amigos del mundo de las finanzas que operan bonos en la Argentina y acaban de recibir una gran noticia<\/strong>. Y el entorno de Trump est\u00e1 nutrido de hombres de negocios que han puesto la mira en la Argentina a la espera de las condiciones necesarias para obtener recursos que no abundan en otras partes del mundo. Llegaron tarde a \u00c1frica, donde Pek\u00edn aterriz\u00f3 hace tiempo; creen que est\u00e1n a tiempo en Am\u00e9rica latina. <strong>Imaginan que el Eximbank norteamericano puede tener un rol como gestor de cr\u00e9ditos que diluya el papel del Banco Popular de China<\/strong>. Significar\u00eda un cambio del paradigma que domin\u00f3 los \u00faltimos a\u00f1os.<\/p>\n<p class=\"com-paragraph   --s\">En las numerosas apariciones p\u00fablicas de Bessent en las \u00faltimas semanas <strong>quedaron dos temas en situaci\u00f3n incierta. Una est\u00e1 relacionada con el condicionamiento de la ayuda a un replanteo de la relaci\u00f3n con China<\/strong>. El secretario del Tesoro lo expuso en t\u00e9rminos de un supuesto compromiso que debe asumir Milei para limitar el nivel de interacci\u00f3n. Quien sali\u00f3 a diluir su impacto fue <strong>Guillermo Francos<\/strong>, al relativizar el alcance de esas palabras. <\/p>\n<p class=\"com-paragraph   --s\"><strong>El jefe de Gabinete se pronunci\u00f3 en forma personal a pesar del clima que impera en el Gobierno<\/strong> para no arriesgar la concordia con Washington. Fue \u00e9l quien el a\u00f1o pasado se reuni\u00f3 con el embajador chino <strong>Wang Wei<\/strong> para recomponer lazos y lograr la renovaci\u00f3n del swap de US$18.000 millones. Ayer la propia representaci\u00f3n de Pek\u00edn emiti\u00f3 un comunicado para rechazar las palabras de Bessent.<\/p>\n<p>Guillermo Francos con el embajador chino, Wang WeiTwitter <\/p>\n<p class=\"com-paragraph   --s\">Producto de su fragilidad, pero tambi\u00e9n de su potencialidad, <strong>la Argentina ha quedado en el medio de esta nueva guerra fr\u00eda entre EE.UU. y China, que volvi\u00f3 a tensarse esta semana con la amenaza de Trump de imponer aranceles adicionales del 100% a productos chinos. Se cruzan all\u00ed geoestrategia, negocios y diplomacia.<\/strong> Es la alta pol\u00edtica que llama a las puertas de un pa\u00eds poco acostumbrado a jugar con las sutilezas y presiones de las grandes ligas.<\/p>\n<p class=\"com-paragraph   --s\">En medio de este entramado,<strong> hay tres niveles de sensibilidad, desde la mirada del gobierno de Trump.<\/strong> El umbral bajo es el que tiene que ver con lo comercial: <strong>Washington no puede pedir que la Argentina deje de comprar y vender a China<\/strong>, cuando EE.UU. es uno de los principales socios econ\u00f3micos de Pek\u00edn. Hay presiones naturales, porque en exportaciones agropecuarias son competidores, pero no hay lugar para un veto.<\/p>\n<p>Mamuschkascon las im\u00e1genes del presidente de China, Xi Jinping, del presidente de Estados Unidos, Donald TrumpDmitri Lovetsky &#8211; AP<\/p>\n<p class=\"com-paragraph   --s\"><strong>El umbral m\u00e1s alto tiene que ver con las cuestiones estrat\u00e9gicas<\/strong>, en materia energ\u00e9tica, infraestructura, log\u00edstica y tecnolog\u00eda sensible (puertos, bases, represas, comunicaciones). <strong>All\u00ed Trump reclama tomar una clara distancia de China<\/strong> y adherir al conglomerado de empresas norteamericanas. <strong>Y en el medio de ambos est\u00e1 el swap chino<\/strong>, que Bessent quisiera que quede sin efecto, pero que la Argentina busca mantener. Va a ser clave identificar si el asunto aparece mencionado expl\u00edcitamente en lo que vayan a formalizar Milei y Trump este martes.<\/p>\n<p class=\"com-paragraph   --s\"><strong>La otra gran cuesti\u00f3n que qued\u00f3 en situaci\u00f3n incierta fue la vinculada con el futuro esquema cambiario.<\/strong> Bessent sorprendi\u00f3 al mencionar al paso que el modelo de bandas \u201csigue siendo adecuado\u201d, cuando el mercado descontaba una salida despu\u00e9s de las elecciones. <strong>El mensaje se contrapone incluso con lo que ven\u00eda reclamando el FMI<\/strong>, que apareci\u00f3 algo marginado, aunque siempre informado de las tratativas con el Tesoro. <\/p>\n<p class=\"com-paragraph   --s\"><strong>\u201cEl Fondo est\u00e1 presionando para que saquen las bandas cuanto antes.<\/strong> Est\u00e1n muy disgustados con Econom\u00eda porque el compromiso era que compraran reservas y eso no se hizo. Para ellos, las bandas fracasaron\u201d, confi\u00f3 un referente pol\u00edtico que dialog\u00f3 con quienes est\u00e1n al tanto del caso argentino en ese organismo.<\/p>\n<p class=\"com-paragraph   --s\"><strong>En Wall Street circul\u00f3 la informaci\u00f3n de que fue el propio Milei quien baj\u00f3 el mensaje de que en ninguna circunstancia pensaba dejar las bandas y devaluar<\/strong>, y que eso indujo el mensaje de Bessent. Son los mismos que piensan que el secretario del Tesoro busc\u00f3 dar una se\u00f1al de calma antes de las elecciones, pero que flexibilizar\u00e1 su posici\u00f3n tras el 26 de octubre.<\/p>\n<p>Santiago Caputo y Barry Bennett<\/p>\n<p class=\"com-paragraph   --s\">Pero al menos por ahora, Milei y la administraci\u00f3n Trump transmiten el mismo mensaje<strong>. \u201cEs tonto apostar contra el peso<\/strong>, porque apostar contra el peso ahora es apostar contra el d\u00f3lar\u201d, dijo esta semana <strong>Barry Bennett<\/strong> durante su paso por Buenos Aires. <\/p>\n<p class=\"com-paragraph   --s\">Adem\u00e1s de asesorar a Trump, Bennett integra Tactic Global, una consultora que busca canalizar inversiones y negocios norteamericanos en el pa\u00eds y que comparte con <strong>Matt y Mercy Schlapp<\/strong>, l\u00edderes de la CPAC; <strong>Soledad Cerro<\/strong>, representante de esa organizaci\u00f3n en la Argentina; y el pol\u00e9mico empresario<strong> Leonardo Scatturice<\/strong>. La pista de aterrizaje de esa nave en la Casa Rosada es <strong>Santiago Caputo<\/strong>, quien articula un canal de negociaci\u00f3n paralelo, la mayor\u00eda de las veces complementario, al que ejerce Econom\u00eda y la curiosamente eclipsada Canciller\u00eda.<\/p>\n<p>Milei, en una reuni\u00f3n de CPAC, junto con Matt y Mercedes Schlapp, Soledad Cerro y Barry Bennet<\/p>\n<p class=\"com-paragraph   --s\">Bennet hab\u00eda estado hace dos semanas en el pa\u00eds y volvi\u00f3 a viajar con un objetivo bien concreto: <strong>testear de primera mano la factibilidad de que Milei pueda garantizar gobernabilidad a partir del 27 de octubre<\/strong>. Ese es el principal condicionamiento de la ayuda norteamericana. <\/p>\n<p class=\"com-paragraph   --s\"><strong>Si no hay certezas de que podr\u00e1 tener mayor\u00edas parlamentarias para avanzar con su programa de reformas, toda la estructura de ayuda quedar\u00eda frenada<\/strong>. Esto incluye naturalmente el resultado electoral, porque un triunfo facilitar\u00eda la tarea, aunque desde la perspectiva de EE.UU. es m\u00e1s relevante el concepto de gobernabilidad.<\/p>\n<p class=\"com-paragraph   --s\">Bennett se reuni\u00f3 largamente con Santiago Caputo y su equipo, que <strong>le present\u00f3 posibles escenarios electorales y sus impactos en t\u00e9rminos de gobernabilidad.<\/strong> El optimista hoy para el Gobierno es \u201cganar\u201d la elecci\u00f3n con 35-36 puntos. Esto supuestamente garantizar\u00eda un nivel de apoyo de los gobernadores que fueron aliados y de los legisladores afines. El escenario intermedio ser\u00eda \u201csalvar la ropa\u201d, seg\u00fan la definici\u00f3n que se utiliz\u00f3, y el m\u00e1s pesimista indicar\u00eda una derrota clara.<\/p>\n<p>Sesi\u00f3n en Diputados por el recortarle a Javier Milei una herramienta clave de gobierno: los decretos de necesidad y urgencia (DNU). Germ\u00e1n Mart\u00ednez y RitondoSantiago Oroz<\/p>\n<p class=\"com-paragraph   --s\"><strong>Ante esta hip\u00f3tesis, la explicaci\u00f3n que escuch\u00f3 Bennett es que igualmente alcanzar\u00edan el tercio para blindar los vetos y evitar intentos de juicio pol\u00edtico<\/strong>. Ser\u00eda recurrir a una estrategia defensiva ya desde el inicio de la segunda mitad de mandato. \u201cEn este caso entiendo que la ayuda comprometida se frenar\u00eda a la espera de ver c\u00f3mo se reordena el tablero pol\u00edtico\u201d, reconoci\u00f3 alguien al tanto de las tratativas. En definitiva, <strong>cuando EE.UU. habla de gobernabilidad, impl\u00edcitamente tambi\u00e9n se refiere a ganar la elecci\u00f3n. <\/strong><\/p>\n<p class=\"com-paragraph   --s\"><strong>El asesor de Trump mantuvo adem\u00e1s una serie de reuniones con legisladores y algunos gobernadores<\/strong> se\u00f1alados como posibles aliados, para confirmar si el diagn\u00f3stico que le dio el Gobierno era certero, y tambi\u00e9n para dejarles un mensaje: \u201cA ustedes les conviene cooperar con Milei, porque de ese modo vendr\u00e1n inversiones de nuestro pa\u00eds en sus provincias\u201d.<\/p>\n<p class=\"com-paragraph   --s\">Algunos creyeron ver una se\u00f1al a favor en el m\u00f3dico \u00e9xito que logr\u00f3 el Gobierno al forzar que el proyecto de regulaci\u00f3n de los DNU regrese al Senado por no haberse aprobado un art\u00edculo en Diputados. <strong>Pareci\u00f3 volver a funcionar algo del mecanismo de interlocuci\u00f3n con los viejos socios<\/strong> que se hab\u00eda atrofiado en los \u00faltimos meses tras la rebeli\u00f3n de los gobernadores en el CFI.<\/p>\n<p>Los gobernadores de Provincias Unidas, a excepci\u00f3n de Claudio Vidal (Santa Cruz), visitaron el parque solar El Pongo en JujuyPrensa Maximiliano Pullaro<\/p>\n<p class=\"com-paragraph   --s\"><strong>Tambi\u00e9n volvieron a aflorar las tradicionales internas por las atribuciones del logro legislativo. <\/strong>Las huestes de Caputo instalaron que fue su jefe el que reconect\u00f3 con los gobernadores. A Francos no le gust\u00f3 nada que no reconocieran la tarea de <strong>Lisandro Catal\u00e1n<\/strong> y expuso su malestar en una entrevista. Los de<strong> Mart\u00edn Menem<\/strong> hicieron lo mismo, pero por lo bajo.<\/p>\n<p class=\"com-paragraph   --s\">Bennett presenci\u00f3 en vivo toda la secuencia, la negociaci\u00f3n y la interna. Tambi\u00e9n dej\u00f3 un mensaje sobre este tema, al que vincula con la gobernabilidad: <strong>debe haber un cambio de gabinete para incorporar referentes de los gobernadores y de aliados como Mauricio Macri<\/strong>. <strong>Lo expres\u00f3 sin ambig\u00fcedades.<\/strong> M\u00e1s all\u00e1 de los nombres, todav\u00eda no hay un nuevo dise\u00f1o que vaya a reemplazar al desgastado esquema del tri\u00e1ngulo de hierro. Ser\u00e1 otra de las decisiones clave que se le acumulan a Milei para el 27 de octubre.<\/p>\n<p>Javier Milei ayer en Corrientes, con un zapato con tobillera y un le\u00f3nCaptura<\/p>\n<p class=\"com-paragraph   --s\">Es que <strong>al Presidente se le avecinan dos desaf\u00edos que definir\u00e1n su destino inmediato: la elecci\u00f3n y la administraci\u00f3n del resultado.<\/strong> Para el primero de ellos, se sumergi\u00f3 en la campa\u00f1a personalmente y apel\u00f3 a un mensaje \u00adque adquiri\u00f3 un tono de imploraci\u00f3n: si perdemos nada habr\u00e1 tenido sentido. Igual no pudo evitar quedar enredado en la mamushka electoral que molde\u00f3 entre <strong>Jos\u00e9 Luis Espert, Karen Reichardt<\/strong> y <strong>Diego Santilli<\/strong>, y que ahora intenta revertir.<\/p>\n<p class=\"com-paragraph   --s\"><strong>Pero lo que verdaderamente pondr\u00e1 a prueba su liderazgo ser\u00e1n las definiciones que tome el d\u00eda despu\u00e9s de la elecci\u00f3n<\/strong>, c\u00f3mo reacciona ante el resultado, qu\u00e9 cambios hace en su gobierno, cu\u00e1n dispuesto est\u00e1 a establecer acuerdos, c\u00f3mo resetea el plan econ\u00f3mico. Su amigo Trump estar\u00e1 atento a todas las respuestas. La foto que le ofrendar\u00e1 este martes en el Sal\u00f3n Oval tiene un mensaje adosado al pie: \u201cEsta imagen es a cuenta de tus futuras decisiones, dear friend\u201d.<\/p>\n<p><a href=\"https:\/\/www.lanacion.com.ar\/politica\/el-inedito-apoyo-a-milei-las-razones-de-trump-las-condiciones-de-trump-nid11102025\/\">Fuente de la nota <\/a><\/p>\n","protected":false},"excerpt":{"rendered":"<p>Apenas hab\u00edan pasado las tres de la tarde del jueves, cuando un alerta salt\u00f3 en las pantallas de los operadores con una informaci\u00f3n sorprendente: el Tesoro norteamericano intervino en el mercado de cambios argentino. \u201cEstamos comprando pesos ahora, amigos. La crisis cambiaria ha terminado. Estados Unidos nunca se va a quedar sin d\u00f3lares\u201d, confirm\u00f3 de [&hellip;]<\/p>\n","protected":false},"author":5,"featured_media":45910,"comment_status":"closed","ping_status":"open","sticky":false,"template":"","format":"standard","meta":{"footnotes":""},"categories":[3],"tags":[],"class_list":{"0":"post-45909","1":"post","2":"type-post","3":"status-publish","4":"format-standard","5":"has-post-thumbnail","7":"category-politica"},"yoast_head":"<!-- This site is optimized with the Yoast SEO plugin v27.4 - https:\/\/yoast.com\/product\/yoast-seo-wordpress\/ -->\n<title>Las razones de Trump, las condiciones de Trump - El Diario de Tucuman<\/title>\n<meta name=\"robots\" content=\"index, follow, max-snippet:-1, max-image-preview:large, max-video-preview:-1\" \/>\n<link rel=\"canonical\" href=\"https:\/\/www.eldiariodetucuman.com\/web\/las-razones-de-trump-las-condiciones-de-trump\/\" \/>\n<meta property=\"og:locale\" content=\"es_ES\" \/>\n<meta property=\"og:type\" content=\"article\" \/>\n<meta property=\"og:title\" content=\"Las razones de Trump, las condiciones de Trump - El Diario de Tucuman\" \/>\n<meta property=\"og:description\" content=\"Apenas hab\u00edan pasado las tres de la tarde del jueves, cuando un alerta salt\u00f3 en las pantallas de los operadores con una informaci\u00f3n sorprendente: el Tesoro norteamericano intervino en el mercado de cambios argentino. \u201cEstamos comprando pesos ahora, amigos. La crisis cambiaria ha terminado. Estados Unidos nunca se va a quedar sin d\u00f3lares\u201d, confirm\u00f3 de [&hellip;]\" \/>\n<meta property=\"og:url\" content=\"https:\/\/www.eldiariodetucuman.com\/web\/las-razones-de-trump-las-condiciones-de-trump\/\" \/>\n<meta property=\"og:site_name\" content=\"El Diario de Tucuman\" \/>\n<meta property=\"article:published_time\" content=\"2025-10-12T02:39:41+00:00\" \/>\n<meta property=\"article:modified_time\" content=\"2025-10-12T02:39:44+00:00\" \/>\n<meta property=\"og:image\" content=\"https:\/\/www.eldiariodetucuman.com\/web\/wp-content\/uploads\/2025\/10\/javier-milei-y-donald-trump-durante-su-ultimo-DAIIFYRGFFFZVPF2UUGEQGQ7NY.jpg\" \/>\n\t<meta property=\"og:image:width\" content=\"1200\" \/>\n\t<meta property=\"og:image:height\" content=\"800\" \/>\n\t<meta property=\"og:image:type\" content=\"image\/jpeg\" \/>\n<meta name=\"author\" content=\"Redactor Uno\" \/>\n<meta name=\"twitter:card\" content=\"summary_large_image\" \/>\n<meta name=\"twitter:label1\" content=\"Escrito por\" \/>\n\t<meta name=\"twitter:data1\" content=\"Redactor Uno\" \/>\n\t<meta name=\"twitter:label2\" content=\"Tiempo de lectura\" \/>\n\t<meta name=\"twitter:data2\" content=\"13 minutos\" \/>\n<script type=\"application\/ld+json\" class=\"yoast-schema-graph\">{\"@context\":\"https:\\\/\\\/schema.org\",\"@graph\":[{\"@type\":\"Article\",\"@id\":\"https:\\\/\\\/www.eldiariodetucuman.com\\\/web\\\/las-razones-de-trump-las-condiciones-de-trump\\\/#article\",\"isPartOf\":{\"@id\":\"https:\\\/\\\/www.eldiariodetucuman.com\\\/web\\\/las-razones-de-trump-las-condiciones-de-trump\\\/\"},\"author\":{\"name\":\"Redactor Uno\",\"@id\":\"https:\\\/\\\/www.eldiariodetucuman.com\\\/web\\\/#\\\/schema\\\/person\\\/7e6644a46e60888f6b868594407e08dd\"},\"headline\":\"Las razones de Trump, las condiciones de Trump\",\"datePublished\":\"2025-10-12T02:39:41+00:00\",\"dateModified\":\"2025-10-12T02:39:44+00:00\",\"mainEntityOfPage\":{\"@id\":\"https:\\\/\\\/www.eldiariodetucuman.com\\\/web\\\/las-razones-de-trump-las-condiciones-de-trump\\\/\"},\"wordCount\":2690,\"publisher\":{\"@id\":\"https:\\\/\\\/www.eldiariodetucuman.com\\\/web\\\/#organization\"},\"image\":{\"@id\":\"https:\\\/\\\/www.eldiariodetucuman.com\\\/web\\\/las-razones-de-trump-las-condiciones-de-trump\\\/#primaryimage\"},\"thumbnailUrl\":\"https:\\\/\\\/www.eldiariodetucuman.com\\\/web\\\/wp-content\\\/uploads\\\/2025\\\/10\\\/javier-milei-y-donald-trump-durante-su-ultimo-DAIIFYRGFFFZVPF2UUGEQGQ7NY.jpg\",\"articleSection\":[\"Politica\"],\"inLanguage\":\"es\"},{\"@type\":\"WebPage\",\"@id\":\"https:\\\/\\\/www.eldiariodetucuman.com\\\/web\\\/las-razones-de-trump-las-condiciones-de-trump\\\/\",\"url\":\"https:\\\/\\\/www.eldiariodetucuman.com\\\/web\\\/las-razones-de-trump-las-condiciones-de-trump\\\/\",\"name\":\"Las razones de Trump, las condiciones de Trump - El Diario de Tucuman\",\"isPartOf\":{\"@id\":\"https:\\\/\\\/www.eldiariodetucuman.com\\\/web\\\/#website\"},\"primaryImageOfPage\":{\"@id\":\"https:\\\/\\\/www.eldiariodetucuman.com\\\/web\\\/las-razones-de-trump-las-condiciones-de-trump\\\/#primaryimage\"},\"image\":{\"@id\":\"https:\\\/\\\/www.eldiariodetucuman.com\\\/web\\\/las-razones-de-trump-las-condiciones-de-trump\\\/#primaryimage\"},\"thumbnailUrl\":\"https:\\\/\\\/www.eldiariodetucuman.com\\\/web\\\/wp-content\\\/uploads\\\/2025\\\/10\\\/javier-milei-y-donald-trump-durante-su-ultimo-DAIIFYRGFFFZVPF2UUGEQGQ7NY.jpg\",\"datePublished\":\"2025-10-12T02:39:41+00:00\",\"dateModified\":\"2025-10-12T02:39:44+00:00\",\"breadcrumb\":{\"@id\":\"https:\\\/\\\/www.eldiariodetucuman.com\\\/web\\\/las-razones-de-trump-las-condiciones-de-trump\\\/#breadcrumb\"},\"inLanguage\":\"es\",\"potentialAction\":[{\"@type\":\"ReadAction\",\"target\":[\"https:\\\/\\\/www.eldiariodetucuman.com\\\/web\\\/las-razones-de-trump-las-condiciones-de-trump\\\/\"]}]},{\"@type\":\"ImageObject\",\"inLanguage\":\"es\",\"@id\":\"https:\\\/\\\/www.eldiariodetucuman.com\\\/web\\\/las-razones-de-trump-las-condiciones-de-trump\\\/#primaryimage\",\"url\":\"https:\\\/\\\/www.eldiariodetucuman.com\\\/web\\\/wp-content\\\/uploads\\\/2025\\\/10\\\/javier-milei-y-donald-trump-durante-su-ultimo-DAIIFYRGFFFZVPF2UUGEQGQ7NY.jpg\",\"contentUrl\":\"https:\\\/\\\/www.eldiariodetucuman.com\\\/web\\\/wp-content\\\/uploads\\\/2025\\\/10\\\/javier-milei-y-donald-trump-durante-su-ultimo-DAIIFYRGFFFZVPF2UUGEQGQ7NY.jpg\",\"width\":1200,\"height\":800},{\"@type\":\"BreadcrumbList\",\"@id\":\"https:\\\/\\\/www.eldiariodetucuman.com\\\/web\\\/las-razones-de-trump-las-condiciones-de-trump\\\/#breadcrumb\",\"itemListElement\":[{\"@type\":\"ListItem\",\"position\":1,\"name\":\"Portada\",\"item\":\"https:\\\/\\\/www.eldiariodetucuman.com\\\/web\\\/\"},{\"@type\":\"ListItem\",\"position\":2,\"name\":\"Las razones de Trump, las condiciones de Trump\"}]},{\"@type\":\"WebSite\",\"@id\":\"https:\\\/\\\/www.eldiariodetucuman.com\\\/web\\\/#website\",\"url\":\"https:\\\/\\\/www.eldiariodetucuman.com\\\/web\\\/\",\"name\":\"El Diario de Tucuman\",\"description\":\"Diario Tucuman - Informaci\u00f3n y noticias\",\"publisher\":{\"@id\":\"https:\\\/\\\/www.eldiariodetucuman.com\\\/web\\\/#organization\"},\"potentialAction\":[{\"@type\":\"SearchAction\",\"target\":{\"@type\":\"EntryPoint\",\"urlTemplate\":\"https:\\\/\\\/www.eldiariodetucuman.com\\\/web\\\/?s={search_term_string}\"},\"query-input\":{\"@type\":\"PropertyValueSpecification\",\"valueRequired\":true,\"valueName\":\"search_term_string\"}}],\"inLanguage\":\"es\"},{\"@type\":\"Organization\",\"@id\":\"https:\\\/\\\/www.eldiariodetucuman.com\\\/web\\\/#organization\",\"name\":\"El Diario de Tucuman\",\"url\":\"https:\\\/\\\/www.eldiariodetucuman.com\\\/web\\\/\",\"logo\":{\"@type\":\"ImageObject\",\"inLanguage\":\"es\",\"@id\":\"https:\\\/\\\/www.eldiariodetucuman.com\\\/web\\\/#\\\/schema\\\/logo\\\/image\\\/\",\"url\":\"http:\\\/\\\/www.eldiariodetucuman.com\\\/web\\\/wp-content\\\/uploads\\\/2017\\\/12\\\/el-diario-de-tucuman.jpg\",\"contentUrl\":\"http:\\\/\\\/www.eldiariodetucuman.com\\\/web\\\/wp-content\\\/uploads\\\/2017\\\/12\\\/el-diario-de-tucuman.jpg\",\"width\":272,\"height\":92,\"caption\":\"El Diario de Tucuman\"},\"image\":{\"@id\":\"https:\\\/\\\/www.eldiariodetucuman.com\\\/web\\\/#\\\/schema\\\/logo\\\/image\\\/\"}},{\"@type\":\"Person\",\"@id\":\"https:\\\/\\\/www.eldiariodetucuman.com\\\/web\\\/#\\\/schema\\\/person\\\/7e6644a46e60888f6b868594407e08dd\",\"name\":\"Redactor Uno\",\"image\":{\"@type\":\"ImageObject\",\"inLanguage\":\"es\",\"@id\":\"https:\\\/\\\/secure.gravatar.com\\\/avatar\\\/0049b1bdf1bd548385c9ea6b9356431717930913089febd2ba904f0187d7d074?s=96&d=mm&r=g\",\"url\":\"https:\\\/\\\/secure.gravatar.com\\\/avatar\\\/0049b1bdf1bd548385c9ea6b9356431717930913089febd2ba904f0187d7d074?s=96&d=mm&r=g\",\"contentUrl\":\"https:\\\/\\\/secure.gravatar.com\\\/avatar\\\/0049b1bdf1bd548385c9ea6b9356431717930913089febd2ba904f0187d7d074?s=96&d=mm&r=g\",\"caption\":\"Redactor Uno\"},\"url\":\"https:\\\/\\\/www.eldiariodetucuman.com\\\/web\\\/author\\\/mramasco\\\/\"}]}<\/script>\n<!-- \/ Yoast SEO plugin. -->","yoast_head_json":{"title":"Las razones de Trump, las condiciones de Trump - El Diario de Tucuman","robots":{"index":"index","follow":"follow","max-snippet":"max-snippet:-1","max-image-preview":"max-image-preview:large","max-video-preview":"max-video-preview:-1"},"canonical":"https:\/\/www.eldiariodetucuman.com\/web\/las-razones-de-trump-las-condiciones-de-trump\/","og_locale":"es_ES","og_type":"article","og_title":"Las razones de Trump, las condiciones de Trump - El Diario de Tucuman","og_description":"Apenas hab\u00edan pasado las tres de la tarde del jueves, cuando un alerta salt\u00f3 en las pantallas de los operadores con una informaci\u00f3n sorprendente: el Tesoro norteamericano intervino en el mercado de cambios argentino. \u201cEstamos comprando pesos ahora, amigos. La crisis cambiaria ha terminado. Estados Unidos nunca se va a quedar sin d\u00f3lares\u201d, confirm\u00f3 de [&hellip;]","og_url":"https:\/\/www.eldiariodetucuman.com\/web\/las-razones-de-trump-las-condiciones-de-trump\/","og_site_name":"El Diario de Tucuman","article_published_time":"2025-10-12T02:39:41+00:00","article_modified_time":"2025-10-12T02:39:44+00:00","og_image":[{"width":1200,"height":800,"url":"https:\/\/www.eldiariodetucuman.com\/web\/wp-content\/uploads\/2025\/10\/javier-milei-y-donald-trump-durante-su-ultimo-DAIIFYRGFFFZVPF2UUGEQGQ7NY.jpg","type":"image\/jpeg"}],"author":"Redactor Uno","twitter_card":"summary_large_image","twitter_misc":{"Escrito por":"Redactor Uno","Tiempo de lectura":"13 minutos"},"schema":{"@context":"https:\/\/schema.org","@graph":[{"@type":"Article","@id":"https:\/\/www.eldiariodetucuman.com\/web\/las-razones-de-trump-las-condiciones-de-trump\/#article","isPartOf":{"@id":"https:\/\/www.eldiariodetucuman.com\/web\/las-razones-de-trump-las-condiciones-de-trump\/"},"author":{"name":"Redactor Uno","@id":"https:\/\/www.eldiariodetucuman.com\/web\/#\/schema\/person\/7e6644a46e60888f6b868594407e08dd"},"headline":"Las razones de Trump, las condiciones de Trump","datePublished":"2025-10-12T02:39:41+00:00","dateModified":"2025-10-12T02:39:44+00:00","mainEntityOfPage":{"@id":"https:\/\/www.eldiariodetucuman.com\/web\/las-razones-de-trump-las-condiciones-de-trump\/"},"wordCount":2690,"publisher":{"@id":"https:\/\/www.eldiariodetucuman.com\/web\/#organization"},"image":{"@id":"https:\/\/www.eldiariodetucuman.com\/web\/las-razones-de-trump-las-condiciones-de-trump\/#primaryimage"},"thumbnailUrl":"https:\/\/www.eldiariodetucuman.com\/web\/wp-content\/uploads\/2025\/10\/javier-milei-y-donald-trump-durante-su-ultimo-DAIIFYRGFFFZVPF2UUGEQGQ7NY.jpg","articleSection":["Politica"],"inLanguage":"es"},{"@type":"WebPage","@id":"https:\/\/www.eldiariodetucuman.com\/web\/las-razones-de-trump-las-condiciones-de-trump\/","url":"https:\/\/www.eldiariodetucuman.com\/web\/las-razones-de-trump-las-condiciones-de-trump\/","name":"Las razones de Trump, las condiciones de Trump - El Diario de Tucuman","isPartOf":{"@id":"https:\/\/www.eldiariodetucuman.com\/web\/#website"},"primaryImageOfPage":{"@id":"https:\/\/www.eldiariodetucuman.com\/web\/las-razones-de-trump-las-condiciones-de-trump\/#primaryimage"},"image":{"@id":"https:\/\/www.eldiariodetucuman.com\/web\/las-razones-de-trump-las-condiciones-de-trump\/#primaryimage"},"thumbnailUrl":"https:\/\/www.eldiariodetucuman.com\/web\/wp-content\/uploads\/2025\/10\/javier-milei-y-donald-trump-durante-su-ultimo-DAIIFYRGFFFZVPF2UUGEQGQ7NY.jpg","datePublished":"2025-10-12T02:39:41+00:00","dateModified":"2025-10-12T02:39:44+00:00","breadcrumb":{"@id":"https:\/\/www.eldiariodetucuman.com\/web\/las-razones-de-trump-las-condiciones-de-trump\/#breadcrumb"},"inLanguage":"es","potentialAction":[{"@type":"ReadAction","target":["https:\/\/www.eldiariodetucuman.com\/web\/las-razones-de-trump-las-condiciones-de-trump\/"]}]},{"@type":"ImageObject","inLanguage":"es","@id":"https:\/\/www.eldiariodetucuman.com\/web\/las-razones-de-trump-las-condiciones-de-trump\/#primaryimage","url":"https:\/\/www.eldiariodetucuman.com\/web\/wp-content\/uploads\/2025\/10\/javier-milei-y-donald-trump-durante-su-ultimo-DAIIFYRGFFFZVPF2UUGEQGQ7NY.jpg","contentUrl":"https:\/\/www.eldiariodetucuman.com\/web\/wp-content\/uploads\/2025\/10\/javier-milei-y-donald-trump-durante-su-ultimo-DAIIFYRGFFFZVPF2UUGEQGQ7NY.jpg","width":1200,"height":800},{"@type":"BreadcrumbList","@id":"https:\/\/www.eldiariodetucuman.com\/web\/las-razones-de-trump-las-condiciones-de-trump\/#breadcrumb","itemListElement":[{"@type":"ListItem","position":1,"name":"Portada","item":"https:\/\/www.eldiariodetucuman.com\/web\/"},{"@type":"ListItem","position":2,"name":"Las razones de Trump, las condiciones de Trump"}]},{"@type":"WebSite","@id":"https:\/\/www.eldiariodetucuman.com\/web\/#website","url":"https:\/\/www.eldiariodetucuman.com\/web\/","name":"El Diario de Tucuman","description":"Diario Tucuman - Informaci\u00f3n y noticias","publisher":{"@id":"https:\/\/www.eldiariodetucuman.com\/web\/#organization"},"potentialAction":[{"@type":"SearchAction","target":{"@type":"EntryPoint","urlTemplate":"https:\/\/www.eldiariodetucuman.com\/web\/?s={search_term_string}"},"query-input":{"@type":"PropertyValueSpecification","valueRequired":true,"valueName":"search_term_string"}}],"inLanguage":"es"},{"@type":"Organization","@id":"https:\/\/www.eldiariodetucuman.com\/web\/#organization","name":"El Diario de Tucuman","url":"https:\/\/www.eldiariodetucuman.com\/web\/","logo":{"@type":"ImageObject","inLanguage":"es","@id":"https:\/\/www.eldiariodetucuman.com\/web\/#\/schema\/logo\/image\/","url":"http:\/\/www.eldiariodetucuman.com\/web\/wp-content\/uploads\/2017\/12\/el-diario-de-tucuman.jpg","contentUrl":"http:\/\/www.eldiariodetucuman.com\/web\/wp-content\/uploads\/2017\/12\/el-diario-de-tucuman.jpg","width":272,"height":92,"caption":"El Diario de Tucuman"},"image":{"@id":"https:\/\/www.eldiariodetucuman.com\/web\/#\/schema\/logo\/image\/"}},{"@type":"Person","@id":"https:\/\/www.eldiariodetucuman.com\/web\/#\/schema\/person\/7e6644a46e60888f6b868594407e08dd","name":"Redactor Uno","image":{"@type":"ImageObject","inLanguage":"es","@id":"https:\/\/secure.gravatar.com\/avatar\/0049b1bdf1bd548385c9ea6b9356431717930913089febd2ba904f0187d7d074?s=96&d=mm&r=g","url":"https:\/\/secure.gravatar.com\/avatar\/0049b1bdf1bd548385c9ea6b9356431717930913089febd2ba904f0187d7d074?s=96&d=mm&r=g","contentUrl":"https:\/\/secure.gravatar.com\/avatar\/0049b1bdf1bd548385c9ea6b9356431717930913089febd2ba904f0187d7d074?s=96&d=mm&r=g","caption":"Redactor Uno"},"url":"https:\/\/www.eldiariodetucuman.com\/web\/author\/mramasco\/"}]}},"_links":{"self":[{"href":"https:\/\/www.eldiariodetucuman.com\/web\/wp-json\/wp\/v2\/posts\/45909","targetHints":{"allow":["GET"]}}],"collection":[{"href":"https:\/\/www.eldiariodetucuman.com\/web\/wp-json\/wp\/v2\/posts"}],"about":[{"href":"https:\/\/www.eldiariodetucuman.com\/web\/wp-json\/wp\/v2\/types\/post"}],"author":[{"embeddable":true,"href":"https:\/\/www.eldiariodetucuman.com\/web\/wp-json\/wp\/v2\/users\/5"}],"replies":[{"embeddable":true,"href":"https:\/\/www.eldiariodetucuman.com\/web\/wp-json\/wp\/v2\/comments?post=45909"}],"version-history":[{"count":1,"href":"https:\/\/www.eldiariodetucuman.com\/web\/wp-json\/wp\/v2\/posts\/45909\/revisions"}],"predecessor-version":[{"id":45911,"href":"https:\/\/www.eldiariodetucuman.com\/web\/wp-json\/wp\/v2\/posts\/45909\/revisions\/45911"}],"wp:featuredmedia":[{"embeddable":true,"href":"https:\/\/www.eldiariodetucuman.com\/web\/wp-json\/wp\/v2\/media\/45910"}],"wp:attachment":[{"href":"https:\/\/www.eldiariodetucuman.com\/web\/wp-json\/wp\/v2\/media?parent=45909"}],"wp:term":[{"taxonomy":"category","embeddable":true,"href":"https:\/\/www.eldiariodetucuman.com\/web\/wp-json\/wp\/v2\/categories?post=45909"},{"taxonomy":"post_tag","embeddable":true,"href":"https:\/\/www.eldiariodetucuman.com\/web\/wp-json\/wp\/v2\/tags?post=45909"}],"curies":[{"name":"wp","href":"https:\/\/api.w.org\/{rel}","templated":true}]}}