{"id":45907,"date":"2025-10-11T18:14:05","date_gmt":"2025-10-11T21:14:05","guid":{"rendered":"https:\/\/www.eldiariodetucuman.com\/web\/jaldo-participo-de-la-segunda-noche-de-la-fiesta-nacional-e-internacional-del-caballo\/"},"modified":"2025-10-11T18:14:05","modified_gmt":"2025-10-11T21:14:05","slug":"jaldo-participo-de-la-segunda-noche-de-la-fiesta-nacional-e-internacional-del-caballo","status":"publish","type":"post","link":"https:\/\/www.eldiariodetucuman.com\/web\/jaldo-participo-de-la-segunda-noche-de-la-fiesta-nacional-e-internacional-del-caballo\/","title":{"rendered":"Jaldo particip\u00f3 de la segunda noche de la Fiesta Nacional e Internacional del Caballo"},"content":{"rendered":"<p><\/p>\n<p id=\"isPasted\">El gobernador en uso de licencia, <strong>Osvaldo Jaldo<\/strong>, particip\u00f3 este viernes de la segunda noche de la XXVI Fiesta Nacional e Internacional del Caballo, que se desarrolla en la ciudad de Trancas.<\/p>\n<p>Jaldo asisti\u00f3 acompa\u00f1ado por su esposa, <strong>Ana Mar\u00eda Grillo<\/strong>, y fue recibido por el intendente <strong>Antonio Moreno<\/strong>, el legislador <strong>Roberto Moreno<\/strong> y concejales del municipio. Tambi\u00e9n estuvieron presentes el ministro del Interior, <strong>Dar\u00edo Monteros<\/strong>; el ministro de Salud, <strong>Luis Medina Ruiz<\/strong>; el titular del IPLA, <strong>Dante Loza<\/strong>; la secretaria de Relaciones Internacionales, <strong>Virginia \u00c1vila<\/strong>; la diputada <strong>Gladys Medina<\/strong>; la intendenta de San Miguel de Tucum\u00e1n, <strong>Rossana Chahla<\/strong>; el presidente del Ente Tucum\u00e1n Turismo, <strong>Domingo Amaya<\/strong>; el secretario de Producci\u00f3n, <strong>Eduardo Castro<\/strong>, y el legislador <strong>Ger\u00f3nimo Vargas Aignasse<\/strong>, entre otras autoridades.<\/p>\n<\/p>\n<p>Durante el encuentro, Jaldo destac\u00f3 la importancia de esta celebraci\u00f3n para la comunidad: \u201cLo primero que quiero es agradecer a todos los medios de comunicaci\u00f3n, porque si hoy esta fiesta cumple 26 a\u00f1os es gracias a ustedes, que han acompa\u00f1ado y difundido cada edici\u00f3n. Gracias a ese trabajo, hoy la Fiesta del Caballo es conocida no solo en Tucum\u00e1n y en la Argentina, sino tambi\u00e9n en el mundo\u201d, expres\u00f3.<\/p>\n<p>El mandatario, adem\u00e1s, subray\u00f3 que el evento representa mucho m\u00e1s que un espect\u00e1culo: \u201cEsta fiesta tiene que ver con nuestras ra\u00edces, con cuidar la historia y la tradici\u00f3n. Es importante que nuestros ni\u00f1os y j\u00f3venes sepan de d\u00f3nde venimos. Hemos visto a m\u00e1s de 2.500 chicos y a casi 60 academias de danza contando nuestra historia y homenajeando a los patriotas que dieron su vida por la libertad. Por eso, esta no es solo una fiesta de doma y folclore, sino tambi\u00e9n una fiesta de la familia y de la cultura\u201d, se\u00f1al\u00f3.<\/p>\n<\/p>\n<p>Jaldo remarc\u00f3 el esfuerzo de los tranque\u00f1os para mantener viva esta tradici\u00f3n y sostuvo que el Gobierno provincial acompa\u00f1a cada una de las festividades populares del interior: \u201cAs\u00ed como hoy estamos en Trancas, ma\u00f1ana estaremos en Monteros con el intendente \u2018Panchito\u2019 Serra. Acompa\u00f1amos todas las fiestas patronales y festivales porque la gente los espera todo el a\u00f1o. Adem\u00e1s de ser espacios de encuentro, son oportunidades para los emprendedores que venden productos artesanales y comidas t\u00edpicas. Estos eventos generan trabajo y alegr\u00eda para las familias\u201d, dijo.<\/p>\n<\/p>\n<p>El gobernador en uso de licencia tambi\u00e9n reflexion\u00f3 sobre la coyuntura nacional: \u201cVivimos momentos dif\u00edciles, pero en Tucum\u00e1n seguimos apostando por la cultura, la tradici\u00f3n y la historia. Mientras el mundo vive en crisis y guerras, nosotros seguimos sosteniendo nuestras ra\u00edces. Esta fiesta es un s\u00edmbolo de unidad y esperanza\u201d, afirm\u00f3.<\/p>\n<p>A su turno, el ministro del Interior, Dar\u00edo Monteros, destac\u00f3 la decisi\u00f3n pol\u00edtica de fortalecer la identidad cultural de cada pueblo: \u201cDesde el primer d\u00eda, el gobernador nos pidi\u00f3 no descuidar la idiosincrasia de las ciudades y comunas. La cultura tambi\u00e9n forma parte del desarrollo. Hoy vemos una fiesta imponente, con m\u00e1s de 2.500 artistas en escena, que emociona y une a las familias tucumanas y a los turistas que nos visitan\u201d, sostuvo.<\/p>\n<\/p>\n<p>La intendenta de San Miguel de Tucum\u00e1n, Rossana Chahla, tambi\u00e9n elogi\u00f3 la magnitud del evento: \u201cFue un espect\u00e1culo incre\u00edble, con m\u00e1s de 2.500 personas representando nuestra cultura y nuestro folclore. Felicito al intendente Moreno y a todo su equipo, porque esto no se logra sin trabajo y sin el acompa\u00f1amiento del Gobierno provincial\u201d, se\u00f1al\u00f3.<\/p>\n<p>Por su parte, el intendente Antonio Moreno agradeci\u00f3 el acompa\u00f1amiento del Gobierno y resalt\u00f3 el compromiso de la comunidad tranque\u00f1a: \u201cEsta fiesta crece a\u00f1o a a\u00f1o gracias al trabajo conjunto del municipio, la provincia y el pueblo. Es un orgullo defender nuestra cultura, nuestra identidad y el valor del trabajo que nos define como argentinos\u201d, expres\u00f3.<\/p>\n<\/p>\n<p>Finalmente, el legislador Roberto Moreno hizo hincapi\u00e9 en el sentido hist\u00f3rico y patri\u00f3tico del festival: \u201cEsta segunda noche de Argentinidad nos invita a recordar nuestras ra\u00edces. Como dec\u00eda Bernab\u00e9 Ar\u00e1oz, Tucum\u00e1n siempre se planta para defender lo suyo. Somos una provincia que ama la educaci\u00f3n, la salud, la cultura y que lucha por un pa\u00eds federal\u201d, afirm\u00f3.<\/p>\n<p>Fuente: <a href=\"https:\/\/www.comunicaciontucuman.gob.ar\/noticia\/gobernacion\/237413\/jaldo-participo-segunda-noche-fiesta-nacional-e-internacional-caballo\"> Fuente de la nota <\/a><\/p>\n","protected":false},"excerpt":{"rendered":"<p>El gobernador en uso de licencia, Osvaldo Jaldo, particip\u00f3 este viernes de la segunda noche de la XXVI Fiesta Nacional e Internacional del Caballo, que se desarrolla en la ciudad de Trancas. Jaldo asisti\u00f3 acompa\u00f1ado por su esposa, Ana Mar\u00eda Grillo, y fue recibido por el intendente Antonio Moreno, el legislador Roberto Moreno y concejales [&hellip;]<\/p>\n","protected":false},"author":1,"featured_media":45908,"comment_status":"closed","ping_status":"open","sticky":false,"template":"","format":"standard","meta":{"footnotes":""},"categories":[3],"tags":[],"class_list":{"0":"post-45907","1":"post","2":"type-post","3":"status-publish","4":"format-standard","5":"has-post-thumbnail","7":"category-politica"},"yoast_head":"<!-- This site is optimized with the Yoast SEO plugin v27.4 - https:\/\/yoast.com\/product\/yoast-seo-wordpress\/ -->\n<title>Jaldo particip\u00f3 de la segunda noche de la Fiesta Nacional e Internacional del Caballo - El Diario de Tucuman<\/title>\n<meta name=\"robots\" content=\"index, follow, max-snippet:-1, max-image-preview:large, max-video-preview:-1\" \/>\n<link rel=\"canonical\" href=\"https:\/\/www.eldiariodetucuman.com\/web\/jaldo-participo-de-la-segunda-noche-de-la-fiesta-nacional-e-internacional-del-caballo\/\" \/>\n<meta property=\"og:locale\" content=\"es_ES\" \/>\n<meta property=\"og:type\" content=\"article\" \/>\n<meta property=\"og:title\" content=\"Jaldo particip\u00f3 de la segunda noche de la Fiesta Nacional e Internacional del Caballo - El Diario de Tucuman\" \/>\n<meta property=\"og:description\" content=\"El gobernador en uso de licencia, Osvaldo Jaldo, particip\u00f3 este viernes de la segunda noche de la XXVI Fiesta Nacional e Internacional del Caballo, que se desarrolla en la ciudad de Trancas. Jaldo asisti\u00f3 acompa\u00f1ado por su esposa, Ana Mar\u00eda Grillo, y fue recibido por el intendente Antonio Moreno, el legislador Roberto Moreno y concejales [&hellip;]\" \/>\n<meta property=\"og:url\" content=\"https:\/\/www.eldiariodetucuman.com\/web\/jaldo-participo-de-la-segunda-noche-de-la-fiesta-nacional-e-internacional-del-caballo\/\" \/>\n<meta property=\"og:site_name\" content=\"El Diario de Tucuman\" \/>\n<meta property=\"article:published_time\" content=\"2025-10-11T21:14:05+00:00\" \/>\n<meta name=\"author\" content=\"admin\" \/>\n<meta name=\"twitter:card\" content=\"summary_large_image\" \/>\n<meta name=\"twitter:label1\" content=\"Escrito por\" \/>\n\t<meta name=\"twitter:data1\" content=\"admin\" \/>\n\t<meta name=\"twitter:label2\" content=\"Tiempo de lectura\" \/>\n\t<meta name=\"twitter:data2\" content=\"4 minutos\" \/>\n<script type=\"application\/ld+json\" class=\"yoast-schema-graph\">{\"@context\":\"https:\\\/\\\/schema.org\",\"@graph\":[{\"@type\":\"Article\",\"@id\":\"https:\\\/\\\/www.eldiariodetucuman.com\\\/web\\\/jaldo-participo-de-la-segunda-noche-de-la-fiesta-nacional-e-internacional-del-caballo\\\/#article\",\"isPartOf\":{\"@id\":\"https:\\\/\\\/www.eldiariodetucuman.com\\\/web\\\/jaldo-participo-de-la-segunda-noche-de-la-fiesta-nacional-e-internacional-del-caballo\\\/\"},\"author\":{\"name\":\"admin\",\"@id\":\"https:\\\/\\\/www.eldiariodetucuman.com\\\/web\\\/#\\\/schema\\\/person\\\/9250197d75ab5483412e19678b121caa\"},\"headline\":\"Jaldo particip\u00f3 de la segunda noche de la Fiesta Nacional e Internacional del Caballo\",\"datePublished\":\"2025-10-11T21:14:05+00:00\",\"mainEntityOfPage\":{\"@id\":\"https:\\\/\\\/www.eldiariodetucuman.com\\\/web\\\/jaldo-participo-de-la-segunda-noche-de-la-fiesta-nacional-e-internacional-del-caballo\\\/\"},\"wordCount\":739,\"publisher\":{\"@id\":\"https:\\\/\\\/www.eldiariodetucuman.com\\\/web\\\/#organization\"},\"image\":{\"@id\":\"https:\\\/\\\/www.eldiariodetucuman.com\\\/web\\\/jaldo-participo-de-la-segunda-noche-de-la-fiesta-nacional-e-internacional-del-caballo\\\/#primaryimage\"},\"thumbnailUrl\":\"https:\\\/\\\/www.eldiariodetucuman.com\\\/web\\\/wp-content\\\/uploads\\\/2025\\\/10\\\/Jaldo-participo-de-la-segunda-noche-de-la-Fiesta-Nacional.jpeg\",\"articleSection\":[\"Politica\"],\"inLanguage\":\"es\"},{\"@type\":\"WebPage\",\"@id\":\"https:\\\/\\\/www.eldiariodetucuman.com\\\/web\\\/jaldo-participo-de-la-segunda-noche-de-la-fiesta-nacional-e-internacional-del-caballo\\\/\",\"url\":\"https:\\\/\\\/www.eldiariodetucuman.com\\\/web\\\/jaldo-participo-de-la-segunda-noche-de-la-fiesta-nacional-e-internacional-del-caballo\\\/\",\"name\":\"Jaldo particip\u00f3 de la segunda noche de la Fiesta Nacional e Internacional del Caballo - El Diario de Tucuman\",\"isPartOf\":{\"@id\":\"https:\\\/\\\/www.eldiariodetucuman.com\\\/web\\\/#website\"},\"primaryImageOfPage\":{\"@id\":\"https:\\\/\\\/www.eldiariodetucuman.com\\\/web\\\/jaldo-participo-de-la-segunda-noche-de-la-fiesta-nacional-e-internacional-del-caballo\\\/#primaryimage\"},\"image\":{\"@id\":\"https:\\\/\\\/www.eldiariodetucuman.com\\\/web\\\/jaldo-participo-de-la-segunda-noche-de-la-fiesta-nacional-e-internacional-del-caballo\\\/#primaryimage\"},\"thumbnailUrl\":\"https:\\\/\\\/www.eldiariodetucuman.com\\\/web\\\/wp-content\\\/uploads\\\/2025\\\/10\\\/Jaldo-participo-de-la-segunda-noche-de-la-Fiesta-Nacional.jpeg\",\"datePublished\":\"2025-10-11T21:14:05+00:00\",\"breadcrumb\":{\"@id\":\"https:\\\/\\\/www.eldiariodetucuman.com\\\/web\\\/jaldo-participo-de-la-segunda-noche-de-la-fiesta-nacional-e-internacional-del-caballo\\\/#breadcrumb\"},\"inLanguage\":\"es\",\"potentialAction\":[{\"@type\":\"ReadAction\",\"target\":[\"https:\\\/\\\/www.eldiariodetucuman.com\\\/web\\\/jaldo-participo-de-la-segunda-noche-de-la-fiesta-nacional-e-internacional-del-caballo\\\/\"]}]},{\"@type\":\"ImageObject\",\"inLanguage\":\"es\",\"@id\":\"https:\\\/\\\/www.eldiariodetucuman.com\\\/web\\\/jaldo-participo-de-la-segunda-noche-de-la-fiesta-nacional-e-internacional-del-caballo\\\/#primaryimage\",\"url\":\"https:\\\/\\\/www.eldiariodetucuman.com\\\/web\\\/wp-content\\\/uploads\\\/2025\\\/10\\\/Jaldo-participo-de-la-segunda-noche-de-la-Fiesta-Nacional.jpeg\",\"contentUrl\":\"https:\\\/\\\/www.eldiariodetucuman.com\\\/web\\\/wp-content\\\/uploads\\\/2025\\\/10\\\/Jaldo-participo-de-la-segunda-noche-de-la-Fiesta-Nacional.jpeg\",\"width\":818,\"height\":460},{\"@type\":\"BreadcrumbList\",\"@id\":\"https:\\\/\\\/www.eldiariodetucuman.com\\\/web\\\/jaldo-participo-de-la-segunda-noche-de-la-fiesta-nacional-e-internacional-del-caballo\\\/#breadcrumb\",\"itemListElement\":[{\"@type\":\"ListItem\",\"position\":1,\"name\":\"Portada\",\"item\":\"https:\\\/\\\/www.eldiariodetucuman.com\\\/web\\\/\"},{\"@type\":\"ListItem\",\"position\":2,\"name\":\"Jaldo particip\u00f3 de la segunda noche de la Fiesta Nacional e Internacional del Caballo\"}]},{\"@type\":\"WebSite\",\"@id\":\"https:\\\/\\\/www.eldiariodetucuman.com\\\/web\\\/#website\",\"url\":\"https:\\\/\\\/www.eldiariodetucuman.com\\\/web\\\/\",\"name\":\"El Diario de Tucuman\",\"description\":\"Diario Tucuman - Informaci\u00f3n y noticias\",\"publisher\":{\"@id\":\"https:\\\/\\\/www.eldiariodetucuman.com\\\/web\\\/#organization\"},\"potentialAction\":[{\"@type\":\"SearchAction\",\"target\":{\"@type\":\"EntryPoint\",\"urlTemplate\":\"https:\\\/\\\/www.eldiariodetucuman.com\\\/web\\\/?s={search_term_string}\"},\"query-input\":{\"@type\":\"PropertyValueSpecification\",\"valueRequired\":true,\"valueName\":\"search_term_string\"}}],\"inLanguage\":\"es\"},{\"@type\":\"Organization\",\"@id\":\"https:\\\/\\\/www.eldiariodetucuman.com\\\/web\\\/#organization\",\"name\":\"El Diario de Tucuman\",\"url\":\"https:\\\/\\\/www.eldiariodetucuman.com\\\/web\\\/\",\"logo\":{\"@type\":\"ImageObject\",\"inLanguage\":\"es\",\"@id\":\"https:\\\/\\\/www.eldiariodetucuman.com\\\/web\\\/#\\\/schema\\\/logo\\\/image\\\/\",\"url\":\"http:\\\/\\\/www.eldiariodetucuman.com\\\/web\\\/wp-content\\\/uploads\\\/2017\\\/12\\\/el-diario-de-tucuman.jpg\",\"contentUrl\":\"http:\\\/\\\/www.eldiariodetucuman.com\\\/web\\\/wp-content\\\/uploads\\\/2017\\\/12\\\/el-diario-de-tucuman.jpg\",\"width\":272,\"height\":92,\"caption\":\"El Diario de Tucuman\"},\"image\":{\"@id\":\"https:\\\/\\\/www.eldiariodetucuman.com\\\/web\\\/#\\\/schema\\\/logo\\\/image\\\/\"}},{\"@type\":\"Person\",\"@id\":\"https:\\\/\\\/www.eldiariodetucuman.com\\\/web\\\/#\\\/schema\\\/person\\\/9250197d75ab5483412e19678b121caa\",\"name\":\"admin\",\"image\":{\"@type\":\"ImageObject\",\"inLanguage\":\"es\",\"@id\":\"https:\\\/\\\/secure.gravatar.com\\\/avatar\\\/c44d117c2be811212c22cb481f6b8384b6873de103fbc49e7a03cc58d7dea4ac?s=96&d=mm&r=g\",\"url\":\"https:\\\/\\\/secure.gravatar.com\\\/avatar\\\/c44d117c2be811212c22cb481f6b8384b6873de103fbc49e7a03cc58d7dea4ac?s=96&d=mm&r=g\",\"contentUrl\":\"https:\\\/\\\/secure.gravatar.com\\\/avatar\\\/c44d117c2be811212c22cb481f6b8384b6873de103fbc49e7a03cc58d7dea4ac?s=96&d=mm&r=g\",\"caption\":\"admin\"},\"url\":\"https:\\\/\\\/www.eldiariodetucuman.com\\\/web\\\/author\\\/admin\\\/\"}]}<\/script>\n<!-- \/ Yoast SEO plugin. -->","yoast_head_json":{"title":"Jaldo particip\u00f3 de la segunda noche de la Fiesta Nacional e Internacional del Caballo - El Diario de Tucuman","robots":{"index":"index","follow":"follow","max-snippet":"max-snippet:-1","max-image-preview":"max-image-preview:large","max-video-preview":"max-video-preview:-1"},"canonical":"https:\/\/www.eldiariodetucuman.com\/web\/jaldo-participo-de-la-segunda-noche-de-la-fiesta-nacional-e-internacional-del-caballo\/","og_locale":"es_ES","og_type":"article","og_title":"Jaldo particip\u00f3 de la segunda noche de la Fiesta Nacional e Internacional del Caballo - El Diario de Tucuman","og_description":"El gobernador en uso de licencia, Osvaldo Jaldo, particip\u00f3 este viernes de la segunda noche de la XXVI Fiesta Nacional e Internacional del Caballo, que se desarrolla en la ciudad de Trancas. Jaldo asisti\u00f3 acompa\u00f1ado por su esposa, Ana Mar\u00eda Grillo, y fue recibido por el intendente Antonio Moreno, el legislador Roberto Moreno y concejales [&hellip;]","og_url":"https:\/\/www.eldiariodetucuman.com\/web\/jaldo-participo-de-la-segunda-noche-de-la-fiesta-nacional-e-internacional-del-caballo\/","og_site_name":"El Diario de Tucuman","article_published_time":"2025-10-11T21:14:05+00:00","author":"admin","twitter_card":"summary_large_image","twitter_misc":{"Escrito por":"admin","Tiempo de lectura":"4 minutos"},"schema":{"@context":"https:\/\/schema.org","@graph":[{"@type":"Article","@id":"https:\/\/www.eldiariodetucuman.com\/web\/jaldo-participo-de-la-segunda-noche-de-la-fiesta-nacional-e-internacional-del-caballo\/#article","isPartOf":{"@id":"https:\/\/www.eldiariodetucuman.com\/web\/jaldo-participo-de-la-segunda-noche-de-la-fiesta-nacional-e-internacional-del-caballo\/"},"author":{"name":"admin","@id":"https:\/\/www.eldiariodetucuman.com\/web\/#\/schema\/person\/9250197d75ab5483412e19678b121caa"},"headline":"Jaldo particip\u00f3 de la segunda noche de la Fiesta Nacional e Internacional del Caballo","datePublished":"2025-10-11T21:14:05+00:00","mainEntityOfPage":{"@id":"https:\/\/www.eldiariodetucuman.com\/web\/jaldo-participo-de-la-segunda-noche-de-la-fiesta-nacional-e-internacional-del-caballo\/"},"wordCount":739,"publisher":{"@id":"https:\/\/www.eldiariodetucuman.com\/web\/#organization"},"image":{"@id":"https:\/\/www.eldiariodetucuman.com\/web\/jaldo-participo-de-la-segunda-noche-de-la-fiesta-nacional-e-internacional-del-caballo\/#primaryimage"},"thumbnailUrl":"https:\/\/www.eldiariodetucuman.com\/web\/wp-content\/uploads\/2025\/10\/Jaldo-participo-de-la-segunda-noche-de-la-Fiesta-Nacional.jpeg","articleSection":["Politica"],"inLanguage":"es"},{"@type":"WebPage","@id":"https:\/\/www.eldiariodetucuman.com\/web\/jaldo-participo-de-la-segunda-noche-de-la-fiesta-nacional-e-internacional-del-caballo\/","url":"https:\/\/www.eldiariodetucuman.com\/web\/jaldo-participo-de-la-segunda-noche-de-la-fiesta-nacional-e-internacional-del-caballo\/","name":"Jaldo particip\u00f3 de la segunda noche de la Fiesta Nacional e Internacional del Caballo - El Diario de Tucuman","isPartOf":{"@id":"https:\/\/www.eldiariodetucuman.com\/web\/#website"},"primaryImageOfPage":{"@id":"https:\/\/www.eldiariodetucuman.com\/web\/jaldo-participo-de-la-segunda-noche-de-la-fiesta-nacional-e-internacional-del-caballo\/#primaryimage"},"image":{"@id":"https:\/\/www.eldiariodetucuman.com\/web\/jaldo-participo-de-la-segunda-noche-de-la-fiesta-nacional-e-internacional-del-caballo\/#primaryimage"},"thumbnailUrl":"https:\/\/www.eldiariodetucuman.com\/web\/wp-content\/uploads\/2025\/10\/Jaldo-participo-de-la-segunda-noche-de-la-Fiesta-Nacional.jpeg","datePublished":"2025-10-11T21:14:05+00:00","breadcrumb":{"@id":"https:\/\/www.eldiariodetucuman.com\/web\/jaldo-participo-de-la-segunda-noche-de-la-fiesta-nacional-e-internacional-del-caballo\/#breadcrumb"},"inLanguage":"es","potentialAction":[{"@type":"ReadAction","target":["https:\/\/www.eldiariodetucuman.com\/web\/jaldo-participo-de-la-segunda-noche-de-la-fiesta-nacional-e-internacional-del-caballo\/"]}]},{"@type":"ImageObject","inLanguage":"es","@id":"https:\/\/www.eldiariodetucuman.com\/web\/jaldo-participo-de-la-segunda-noche-de-la-fiesta-nacional-e-internacional-del-caballo\/#primaryimage","url":"https:\/\/www.eldiariodetucuman.com\/web\/wp-content\/uploads\/2025\/10\/Jaldo-participo-de-la-segunda-noche-de-la-Fiesta-Nacional.jpeg","contentUrl":"https:\/\/www.eldiariodetucuman.com\/web\/wp-content\/uploads\/2025\/10\/Jaldo-participo-de-la-segunda-noche-de-la-Fiesta-Nacional.jpeg","width":818,"height":460},{"@type":"BreadcrumbList","@id":"https:\/\/www.eldiariodetucuman.com\/web\/jaldo-participo-de-la-segunda-noche-de-la-fiesta-nacional-e-internacional-del-caballo\/#breadcrumb","itemListElement":[{"@type":"ListItem","position":1,"name":"Portada","item":"https:\/\/www.eldiariodetucuman.com\/web\/"},{"@type":"ListItem","position":2,"name":"Jaldo particip\u00f3 de la segunda noche de la Fiesta Nacional e Internacional del Caballo"}]},{"@type":"WebSite","@id":"https:\/\/www.eldiariodetucuman.com\/web\/#website","url":"https:\/\/www.eldiariodetucuman.com\/web\/","name":"El Diario de Tucuman","description":"Diario Tucuman - Informaci\u00f3n y noticias","publisher":{"@id":"https:\/\/www.eldiariodetucuman.com\/web\/#organization"},"potentialAction":[{"@type":"SearchAction","target":{"@type":"EntryPoint","urlTemplate":"https:\/\/www.eldiariodetucuman.com\/web\/?s={search_term_string}"},"query-input":{"@type":"PropertyValueSpecification","valueRequired":true,"valueName":"search_term_string"}}],"inLanguage":"es"},{"@type":"Organization","@id":"https:\/\/www.eldiariodetucuman.com\/web\/#organization","name":"El Diario de Tucuman","url":"https:\/\/www.eldiariodetucuman.com\/web\/","logo":{"@type":"ImageObject","inLanguage":"es","@id":"https:\/\/www.eldiariodetucuman.com\/web\/#\/schema\/logo\/image\/","url":"http:\/\/www.eldiariodetucuman.com\/web\/wp-content\/uploads\/2017\/12\/el-diario-de-tucuman.jpg","contentUrl":"http:\/\/www.eldiariodetucuman.com\/web\/wp-content\/uploads\/2017\/12\/el-diario-de-tucuman.jpg","width":272,"height":92,"caption":"El Diario de Tucuman"},"image":{"@id":"https:\/\/www.eldiariodetucuman.com\/web\/#\/schema\/logo\/image\/"}},{"@type":"Person","@id":"https:\/\/www.eldiariodetucuman.com\/web\/#\/schema\/person\/9250197d75ab5483412e19678b121caa","name":"admin","image":{"@type":"ImageObject","inLanguage":"es","@id":"https:\/\/secure.gravatar.com\/avatar\/c44d117c2be811212c22cb481f6b8384b6873de103fbc49e7a03cc58d7dea4ac?s=96&d=mm&r=g","url":"https:\/\/secure.gravatar.com\/avatar\/c44d117c2be811212c22cb481f6b8384b6873de103fbc49e7a03cc58d7dea4ac?s=96&d=mm&r=g","contentUrl":"https:\/\/secure.gravatar.com\/avatar\/c44d117c2be811212c22cb481f6b8384b6873de103fbc49e7a03cc58d7dea4ac?s=96&d=mm&r=g","caption":"admin"},"url":"https:\/\/www.eldiariodetucuman.com\/web\/author\/admin\/"}]}},"_links":{"self":[{"href":"https:\/\/www.eldiariodetucuman.com\/web\/wp-json\/wp\/v2\/posts\/45907","targetHints":{"allow":["GET"]}}],"collection":[{"href":"https:\/\/www.eldiariodetucuman.com\/web\/wp-json\/wp\/v2\/posts"}],"about":[{"href":"https:\/\/www.eldiariodetucuman.com\/web\/wp-json\/wp\/v2\/types\/post"}],"author":[{"embeddable":true,"href":"https:\/\/www.eldiariodetucuman.com\/web\/wp-json\/wp\/v2\/users\/1"}],"replies":[{"embeddable":true,"href":"https:\/\/www.eldiariodetucuman.com\/web\/wp-json\/wp\/v2\/comments?post=45907"}],"version-history":[{"count":0,"href":"https:\/\/www.eldiariodetucuman.com\/web\/wp-json\/wp\/v2\/posts\/45907\/revisions"}],"wp:featuredmedia":[{"embeddable":true,"href":"https:\/\/www.eldiariodetucuman.com\/web\/wp-json\/wp\/v2\/media\/45908"}],"wp:attachment":[{"href":"https:\/\/www.eldiariodetucuman.com\/web\/wp-json\/wp\/v2\/media?parent=45907"}],"wp:term":[{"taxonomy":"category","embeddable":true,"href":"https:\/\/www.eldiariodetucuman.com\/web\/wp-json\/wp\/v2\/categories?post=45907"},{"taxonomy":"post_tag","embeddable":true,"href":"https:\/\/www.eldiariodetucuman.com\/web\/wp-json\/wp\/v2\/tags?post=45907"}],"curies":[{"name":"wp","href":"https:\/\/api.w.org\/{rel}","templated":true}]}}