{"id":45903,"date":"2025-10-11T16:38:00","date_gmt":"2025-10-11T19:38:00","guid":{"rendered":"https:\/\/www.eldiariodetucuman.com\/web\/violento-intento-de-robo-a-un-motociclista-al-norte-de-la-capital\/"},"modified":"2025-10-11T16:38:00","modified_gmt":"2025-10-11T19:38:00","slug":"violento-intento-de-robo-a-un-motociclista-al-norte-de-la-capital","status":"publish","type":"post","link":"https:\/\/www.eldiariodetucuman.com\/web\/violento-intento-de-robo-a-un-motociclista-al-norte-de-la-capital\/","title":{"rendered":"Violento intento de robo a un motociclista al norte de la Capital"},"content":{"rendered":"<p>  <\/p>\n<p>El caso es investigado por la Unidad Fiscal Especializada en Robos y Hurtos II, a cargo de Susana Cordisco, quien fue representada por la auxiliar de fiscal Julieta P\u00e9rez Morales en la audiencia de control de la aprehensi\u00f3n, formalizaci\u00f3n de la investigaci\u00f3n y pedido de medidas de coerci\u00f3n.<\/p>\n<p>La Fiscal\u00eda formul\u00f3 cargos contra el acusado por los delitos calificados como robo agravado por ser cometido con arma de fuego en grado de tentativa y tenencia ilegal de arma en grado de autor. La Unidad Fiscal requiri\u00f3 en contra de este sujeto, la prisi\u00f3n preventiva por 40 d\u00edas, para que permanezca privado de la libertad bajo esa modaludad.<\/p>\n<h2>La acusaci\u00f3n<\/h2>\n<p><strong>Primer hecho<\/strong><\/p>\n<p> El 9 de octubre de 2025, a las 01:20 horas aproximadamente, en circunstancias en que la v\u00edctima caminaba por avenida Juan B. Justo y pasaje Marconi de la ciudad Capital empujando su motocicleta de marca Yamaha, modelo Crypton, de color rojo, que dej\u00f3 de funcionar por un desperfecto mec\u00e1nico, fue que el acusado, con claras intenciones de apoderarse de bienes ajenos, y empu\u00f1ando una r\u00e9plica de pistola 9 mm, met\u00e1lica, de color negra, con su respectivo cargador, se acerc\u00f3 al motociclista y le dijo: \u00abDame la moto hijo de p&#8230;\u00bb, luego golpe\u00f3 a la v\u00edctima en la cabeza, y al no poder sustraer la motocicleta se dio a la fuga.<\/p>\n<p><strong>Segundo hecho<\/strong><\/p>\n<p> El mismo d\u00eda, a las 01:40 horas aproximadamente, en circunstancias en que personal policial del GEAM, alertados por el Sistema de Emergencias 911 realizaba recorridos en b\u00fasqueda del autor del intento de robo antes detallado, fue que divisaron en inmediaciones de las avenidas Juan B. Justo y Francisco de Aguirre al sujeto, quien ten\u00eda en su mano la r\u00e9plica de pistola, la cual tir\u00f3 al suelo al notar la presencia policial.<\/p>\n<p>Ante esta situaci\u00f3n, el personal se acerc\u00f3 y al realizarle un palpado preventivo, encontraron bajo sus prendas de vestir, a la altura de la cintura un revolver calibre 32 largo, de siete alveolos, la cual ten\u00eda sin la debida autorizaci\u00f3n legal para su tenencia.<\/p>\n<p>Fuente: <a href=\"https:\/\/www.lv12.com.ar\/robo\/violento-intento-robo-un-motociclista-al-norte-la-capital-n187123\"> Fuente de la nota <\/a><\/p>\n","protected":false},"excerpt":{"rendered":"<p>El caso es investigado por la Unidad Fiscal Especializada en Robos y Hurtos II, a cargo de Susana Cordisco, quien fue representada por la auxiliar de fiscal Julieta P\u00e9rez Morales en la audiencia de control de la aprehensi\u00f3n, formalizaci\u00f3n de la investigaci\u00f3n y pedido de medidas de coerci\u00f3n. La Fiscal\u00eda formul\u00f3 cargos contra el acusado [&hellip;]<\/p>\n","protected":false},"author":1,"featured_media":45904,"comment_status":"closed","ping_status":"open","sticky":false,"template":"","format":"standard","meta":{"footnotes":""},"categories":[927],"tags":[],"class_list":{"0":"post-45903","1":"post","2":"type-post","3":"status-publish","4":"format-standard","5":"has-post-thumbnail","7":"category-policiales"},"yoast_head":"<!-- This site is optimized with the Yoast SEO plugin v27.4 - https:\/\/yoast.com\/product\/yoast-seo-wordpress\/ -->\n<title>Violento intento de robo a un motociclista al norte de la Capital - El Diario de Tucuman<\/title>\n<meta name=\"robots\" content=\"index, follow, max-snippet:-1, max-image-preview:large, max-video-preview:-1\" \/>\n<link rel=\"canonical\" href=\"https:\/\/www.eldiariodetucuman.com\/web\/violento-intento-de-robo-a-un-motociclista-al-norte-de-la-capital\/\" \/>\n<meta property=\"og:locale\" content=\"es_ES\" \/>\n<meta property=\"og:type\" content=\"article\" \/>\n<meta property=\"og:title\" content=\"Violento intento de robo a un motociclista al norte de la Capital - El Diario de Tucuman\" \/>\n<meta property=\"og:description\" content=\"El caso es investigado por la Unidad Fiscal Especializada en Robos y Hurtos II, a cargo de Susana Cordisco, quien fue representada por la auxiliar de fiscal Julieta P\u00e9rez Morales en la audiencia de control de la aprehensi\u00f3n, formalizaci\u00f3n de la investigaci\u00f3n y pedido de medidas de coerci\u00f3n. La Fiscal\u00eda formul\u00f3 cargos contra el acusado [&hellip;]\" \/>\n<meta property=\"og:url\" content=\"https:\/\/www.eldiariodetucuman.com\/web\/violento-intento-de-robo-a-un-motociclista-al-norte-de-la-capital\/\" \/>\n<meta property=\"og:site_name\" content=\"El Diario de Tucuman\" \/>\n<meta property=\"article:published_time\" content=\"2025-10-11T19:38:00+00:00\" \/>\n<meta name=\"author\" content=\"admin\" \/>\n<meta name=\"twitter:card\" content=\"summary_large_image\" \/>\n<meta name=\"twitter:label1\" content=\"Escrito por\" \/>\n\t<meta name=\"twitter:data1\" content=\"admin\" \/>\n\t<meta name=\"twitter:label2\" content=\"Tiempo de lectura\" \/>\n\t<meta name=\"twitter:data2\" content=\"2 minutos\" \/>\n<script type=\"application\/ld+json\" class=\"yoast-schema-graph\">{\"@context\":\"https:\\\/\\\/schema.org\",\"@graph\":[{\"@type\":\"Article\",\"@id\":\"https:\\\/\\\/www.eldiariodetucuman.com\\\/web\\\/violento-intento-de-robo-a-un-motociclista-al-norte-de-la-capital\\\/#article\",\"isPartOf\":{\"@id\":\"https:\\\/\\\/www.eldiariodetucuman.com\\\/web\\\/violento-intento-de-robo-a-un-motociclista-al-norte-de-la-capital\\\/\"},\"author\":{\"name\":\"admin\",\"@id\":\"https:\\\/\\\/www.eldiariodetucuman.com\\\/web\\\/#\\\/schema\\\/person\\\/9250197d75ab5483412e19678b121caa\"},\"headline\":\"Violento intento de robo a un motociclista al norte de la Capital\",\"datePublished\":\"2025-10-11T19:38:00+00:00\",\"mainEntityOfPage\":{\"@id\":\"https:\\\/\\\/www.eldiariodetucuman.com\\\/web\\\/violento-intento-de-robo-a-un-motociclista-al-norte-de-la-capital\\\/\"},\"wordCount\":369,\"publisher\":{\"@id\":\"https:\\\/\\\/www.eldiariodetucuman.com\\\/web\\\/#organization\"},\"image\":{\"@id\":\"https:\\\/\\\/www.eldiariodetucuman.com\\\/web\\\/violento-intento-de-robo-a-un-motociclista-al-norte-de-la-capital\\\/#primaryimage\"},\"thumbnailUrl\":\"https:\\\/\\\/www.eldiariodetucuman.com\\\/web\\\/wp-content\\\/uploads\\\/2025\\\/10\\\/Violento-intento-de-robo-a-un-motociclista-al-norte-de.png\",\"articleSection\":[\"Policiales\"],\"inLanguage\":\"es\"},{\"@type\":\"WebPage\",\"@id\":\"https:\\\/\\\/www.eldiariodetucuman.com\\\/web\\\/violento-intento-de-robo-a-un-motociclista-al-norte-de-la-capital\\\/\",\"url\":\"https:\\\/\\\/www.eldiariodetucuman.com\\\/web\\\/violento-intento-de-robo-a-un-motociclista-al-norte-de-la-capital\\\/\",\"name\":\"Violento intento de robo a un motociclista al norte de la Capital - El Diario de Tucuman\",\"isPartOf\":{\"@id\":\"https:\\\/\\\/www.eldiariodetucuman.com\\\/web\\\/#website\"},\"primaryImageOfPage\":{\"@id\":\"https:\\\/\\\/www.eldiariodetucuman.com\\\/web\\\/violento-intento-de-robo-a-un-motociclista-al-norte-de-la-capital\\\/#primaryimage\"},\"image\":{\"@id\":\"https:\\\/\\\/www.eldiariodetucuman.com\\\/web\\\/violento-intento-de-robo-a-un-motociclista-al-norte-de-la-capital\\\/#primaryimage\"},\"thumbnailUrl\":\"https:\\\/\\\/www.eldiariodetucuman.com\\\/web\\\/wp-content\\\/uploads\\\/2025\\\/10\\\/Violento-intento-de-robo-a-un-motociclista-al-norte-de.png\",\"datePublished\":\"2025-10-11T19:38:00+00:00\",\"breadcrumb\":{\"@id\":\"https:\\\/\\\/www.eldiariodetucuman.com\\\/web\\\/violento-intento-de-robo-a-un-motociclista-al-norte-de-la-capital\\\/#breadcrumb\"},\"inLanguage\":\"es\",\"potentialAction\":[{\"@type\":\"ReadAction\",\"target\":[\"https:\\\/\\\/www.eldiariodetucuman.com\\\/web\\\/violento-intento-de-robo-a-un-motociclista-al-norte-de-la-capital\\\/\"]}]},{\"@type\":\"ImageObject\",\"inLanguage\":\"es\",\"@id\":\"https:\\\/\\\/www.eldiariodetucuman.com\\\/web\\\/violento-intento-de-robo-a-un-motociclista-al-norte-de-la-capital\\\/#primaryimage\",\"url\":\"https:\\\/\\\/www.eldiariodetucuman.com\\\/web\\\/wp-content\\\/uploads\\\/2025\\\/10\\\/Violento-intento-de-robo-a-un-motociclista-al-norte-de.png\",\"contentUrl\":\"https:\\\/\\\/www.eldiariodetucuman.com\\\/web\\\/wp-content\\\/uploads\\\/2025\\\/10\\\/Violento-intento-de-robo-a-un-motociclista-al-norte-de.png\",\"width\":1200,\"height\":675},{\"@type\":\"BreadcrumbList\",\"@id\":\"https:\\\/\\\/www.eldiariodetucuman.com\\\/web\\\/violento-intento-de-robo-a-un-motociclista-al-norte-de-la-capital\\\/#breadcrumb\",\"itemListElement\":[{\"@type\":\"ListItem\",\"position\":1,\"name\":\"Portada\",\"item\":\"https:\\\/\\\/www.eldiariodetucuman.com\\\/web\\\/\"},{\"@type\":\"ListItem\",\"position\":2,\"name\":\"Violento intento de robo a un motociclista al norte de la Capital\"}]},{\"@type\":\"WebSite\",\"@id\":\"https:\\\/\\\/www.eldiariodetucuman.com\\\/web\\\/#website\",\"url\":\"https:\\\/\\\/www.eldiariodetucuman.com\\\/web\\\/\",\"name\":\"El Diario de Tucuman\",\"description\":\"Diario Tucuman - Informaci\u00f3n y noticias\",\"publisher\":{\"@id\":\"https:\\\/\\\/www.eldiariodetucuman.com\\\/web\\\/#organization\"},\"potentialAction\":[{\"@type\":\"SearchAction\",\"target\":{\"@type\":\"EntryPoint\",\"urlTemplate\":\"https:\\\/\\\/www.eldiariodetucuman.com\\\/web\\\/?s={search_term_string}\"},\"query-input\":{\"@type\":\"PropertyValueSpecification\",\"valueRequired\":true,\"valueName\":\"search_term_string\"}}],\"inLanguage\":\"es\"},{\"@type\":\"Organization\",\"@id\":\"https:\\\/\\\/www.eldiariodetucuman.com\\\/web\\\/#organization\",\"name\":\"El Diario de Tucuman\",\"url\":\"https:\\\/\\\/www.eldiariodetucuman.com\\\/web\\\/\",\"logo\":{\"@type\":\"ImageObject\",\"inLanguage\":\"es\",\"@id\":\"https:\\\/\\\/www.eldiariodetucuman.com\\\/web\\\/#\\\/schema\\\/logo\\\/image\\\/\",\"url\":\"http:\\\/\\\/www.eldiariodetucuman.com\\\/web\\\/wp-content\\\/uploads\\\/2017\\\/12\\\/el-diario-de-tucuman.jpg\",\"contentUrl\":\"http:\\\/\\\/www.eldiariodetucuman.com\\\/web\\\/wp-content\\\/uploads\\\/2017\\\/12\\\/el-diario-de-tucuman.jpg\",\"width\":272,\"height\":92,\"caption\":\"El Diario de Tucuman\"},\"image\":{\"@id\":\"https:\\\/\\\/www.eldiariodetucuman.com\\\/web\\\/#\\\/schema\\\/logo\\\/image\\\/\"}},{\"@type\":\"Person\",\"@id\":\"https:\\\/\\\/www.eldiariodetucuman.com\\\/web\\\/#\\\/schema\\\/person\\\/9250197d75ab5483412e19678b121caa\",\"name\":\"admin\",\"image\":{\"@type\":\"ImageObject\",\"inLanguage\":\"es\",\"@id\":\"https:\\\/\\\/secure.gravatar.com\\\/avatar\\\/c44d117c2be811212c22cb481f6b8384b6873de103fbc49e7a03cc58d7dea4ac?s=96&d=mm&r=g\",\"url\":\"https:\\\/\\\/secure.gravatar.com\\\/avatar\\\/c44d117c2be811212c22cb481f6b8384b6873de103fbc49e7a03cc58d7dea4ac?s=96&d=mm&r=g\",\"contentUrl\":\"https:\\\/\\\/secure.gravatar.com\\\/avatar\\\/c44d117c2be811212c22cb481f6b8384b6873de103fbc49e7a03cc58d7dea4ac?s=96&d=mm&r=g\",\"caption\":\"admin\"},\"url\":\"https:\\\/\\\/www.eldiariodetucuman.com\\\/web\\\/author\\\/admin\\\/\"}]}<\/script>\n<!-- \/ Yoast SEO plugin. -->","yoast_head_json":{"title":"Violento intento de robo a un motociclista al norte de la Capital - El Diario de Tucuman","robots":{"index":"index","follow":"follow","max-snippet":"max-snippet:-1","max-image-preview":"max-image-preview:large","max-video-preview":"max-video-preview:-1"},"canonical":"https:\/\/www.eldiariodetucuman.com\/web\/violento-intento-de-robo-a-un-motociclista-al-norte-de-la-capital\/","og_locale":"es_ES","og_type":"article","og_title":"Violento intento de robo a un motociclista al norte de la Capital - El Diario de Tucuman","og_description":"El caso es investigado por la Unidad Fiscal Especializada en Robos y Hurtos II, a cargo de Susana Cordisco, quien fue representada por la auxiliar de fiscal Julieta P\u00e9rez Morales en la audiencia de control de la aprehensi\u00f3n, formalizaci\u00f3n de la investigaci\u00f3n y pedido de medidas de coerci\u00f3n. La Fiscal\u00eda formul\u00f3 cargos contra el acusado [&hellip;]","og_url":"https:\/\/www.eldiariodetucuman.com\/web\/violento-intento-de-robo-a-un-motociclista-al-norte-de-la-capital\/","og_site_name":"El Diario de Tucuman","article_published_time":"2025-10-11T19:38:00+00:00","author":"admin","twitter_card":"summary_large_image","twitter_misc":{"Escrito por":"admin","Tiempo de lectura":"2 minutos"},"schema":{"@context":"https:\/\/schema.org","@graph":[{"@type":"Article","@id":"https:\/\/www.eldiariodetucuman.com\/web\/violento-intento-de-robo-a-un-motociclista-al-norte-de-la-capital\/#article","isPartOf":{"@id":"https:\/\/www.eldiariodetucuman.com\/web\/violento-intento-de-robo-a-un-motociclista-al-norte-de-la-capital\/"},"author":{"name":"admin","@id":"https:\/\/www.eldiariodetucuman.com\/web\/#\/schema\/person\/9250197d75ab5483412e19678b121caa"},"headline":"Violento intento de robo a un motociclista al norte de la Capital","datePublished":"2025-10-11T19:38:00+00:00","mainEntityOfPage":{"@id":"https:\/\/www.eldiariodetucuman.com\/web\/violento-intento-de-robo-a-un-motociclista-al-norte-de-la-capital\/"},"wordCount":369,"publisher":{"@id":"https:\/\/www.eldiariodetucuman.com\/web\/#organization"},"image":{"@id":"https:\/\/www.eldiariodetucuman.com\/web\/violento-intento-de-robo-a-un-motociclista-al-norte-de-la-capital\/#primaryimage"},"thumbnailUrl":"https:\/\/www.eldiariodetucuman.com\/web\/wp-content\/uploads\/2025\/10\/Violento-intento-de-robo-a-un-motociclista-al-norte-de.png","articleSection":["Policiales"],"inLanguage":"es"},{"@type":"WebPage","@id":"https:\/\/www.eldiariodetucuman.com\/web\/violento-intento-de-robo-a-un-motociclista-al-norte-de-la-capital\/","url":"https:\/\/www.eldiariodetucuman.com\/web\/violento-intento-de-robo-a-un-motociclista-al-norte-de-la-capital\/","name":"Violento intento de robo a un motociclista al norte de la Capital - El Diario de Tucuman","isPartOf":{"@id":"https:\/\/www.eldiariodetucuman.com\/web\/#website"},"primaryImageOfPage":{"@id":"https:\/\/www.eldiariodetucuman.com\/web\/violento-intento-de-robo-a-un-motociclista-al-norte-de-la-capital\/#primaryimage"},"image":{"@id":"https:\/\/www.eldiariodetucuman.com\/web\/violento-intento-de-robo-a-un-motociclista-al-norte-de-la-capital\/#primaryimage"},"thumbnailUrl":"https:\/\/www.eldiariodetucuman.com\/web\/wp-content\/uploads\/2025\/10\/Violento-intento-de-robo-a-un-motociclista-al-norte-de.png","datePublished":"2025-10-11T19:38:00+00:00","breadcrumb":{"@id":"https:\/\/www.eldiariodetucuman.com\/web\/violento-intento-de-robo-a-un-motociclista-al-norte-de-la-capital\/#breadcrumb"},"inLanguage":"es","potentialAction":[{"@type":"ReadAction","target":["https:\/\/www.eldiariodetucuman.com\/web\/violento-intento-de-robo-a-un-motociclista-al-norte-de-la-capital\/"]}]},{"@type":"ImageObject","inLanguage":"es","@id":"https:\/\/www.eldiariodetucuman.com\/web\/violento-intento-de-robo-a-un-motociclista-al-norte-de-la-capital\/#primaryimage","url":"https:\/\/www.eldiariodetucuman.com\/web\/wp-content\/uploads\/2025\/10\/Violento-intento-de-robo-a-un-motociclista-al-norte-de.png","contentUrl":"https:\/\/www.eldiariodetucuman.com\/web\/wp-content\/uploads\/2025\/10\/Violento-intento-de-robo-a-un-motociclista-al-norte-de.png","width":1200,"height":675},{"@type":"BreadcrumbList","@id":"https:\/\/www.eldiariodetucuman.com\/web\/violento-intento-de-robo-a-un-motociclista-al-norte-de-la-capital\/#breadcrumb","itemListElement":[{"@type":"ListItem","position":1,"name":"Portada","item":"https:\/\/www.eldiariodetucuman.com\/web\/"},{"@type":"ListItem","position":2,"name":"Violento intento de robo a un motociclista al norte de la Capital"}]},{"@type":"WebSite","@id":"https:\/\/www.eldiariodetucuman.com\/web\/#website","url":"https:\/\/www.eldiariodetucuman.com\/web\/","name":"El Diario de Tucuman","description":"Diario Tucuman - Informaci\u00f3n y noticias","publisher":{"@id":"https:\/\/www.eldiariodetucuman.com\/web\/#organization"},"potentialAction":[{"@type":"SearchAction","target":{"@type":"EntryPoint","urlTemplate":"https:\/\/www.eldiariodetucuman.com\/web\/?s={search_term_string}"},"query-input":{"@type":"PropertyValueSpecification","valueRequired":true,"valueName":"search_term_string"}}],"inLanguage":"es"},{"@type":"Organization","@id":"https:\/\/www.eldiariodetucuman.com\/web\/#organization","name":"El Diario de Tucuman","url":"https:\/\/www.eldiariodetucuman.com\/web\/","logo":{"@type":"ImageObject","inLanguage":"es","@id":"https:\/\/www.eldiariodetucuman.com\/web\/#\/schema\/logo\/image\/","url":"http:\/\/www.eldiariodetucuman.com\/web\/wp-content\/uploads\/2017\/12\/el-diario-de-tucuman.jpg","contentUrl":"http:\/\/www.eldiariodetucuman.com\/web\/wp-content\/uploads\/2017\/12\/el-diario-de-tucuman.jpg","width":272,"height":92,"caption":"El Diario de Tucuman"},"image":{"@id":"https:\/\/www.eldiariodetucuman.com\/web\/#\/schema\/logo\/image\/"}},{"@type":"Person","@id":"https:\/\/www.eldiariodetucuman.com\/web\/#\/schema\/person\/9250197d75ab5483412e19678b121caa","name":"admin","image":{"@type":"ImageObject","inLanguage":"es","@id":"https:\/\/secure.gravatar.com\/avatar\/c44d117c2be811212c22cb481f6b8384b6873de103fbc49e7a03cc58d7dea4ac?s=96&d=mm&r=g","url":"https:\/\/secure.gravatar.com\/avatar\/c44d117c2be811212c22cb481f6b8384b6873de103fbc49e7a03cc58d7dea4ac?s=96&d=mm&r=g","contentUrl":"https:\/\/secure.gravatar.com\/avatar\/c44d117c2be811212c22cb481f6b8384b6873de103fbc49e7a03cc58d7dea4ac?s=96&d=mm&r=g","caption":"admin"},"url":"https:\/\/www.eldiariodetucuman.com\/web\/author\/admin\/"}]}},"_links":{"self":[{"href":"https:\/\/www.eldiariodetucuman.com\/web\/wp-json\/wp\/v2\/posts\/45903","targetHints":{"allow":["GET"]}}],"collection":[{"href":"https:\/\/www.eldiariodetucuman.com\/web\/wp-json\/wp\/v2\/posts"}],"about":[{"href":"https:\/\/www.eldiariodetucuman.com\/web\/wp-json\/wp\/v2\/types\/post"}],"author":[{"embeddable":true,"href":"https:\/\/www.eldiariodetucuman.com\/web\/wp-json\/wp\/v2\/users\/1"}],"replies":[{"embeddable":true,"href":"https:\/\/www.eldiariodetucuman.com\/web\/wp-json\/wp\/v2\/comments?post=45903"}],"version-history":[{"count":0,"href":"https:\/\/www.eldiariodetucuman.com\/web\/wp-json\/wp\/v2\/posts\/45903\/revisions"}],"wp:featuredmedia":[{"embeddable":true,"href":"https:\/\/www.eldiariodetucuman.com\/web\/wp-json\/wp\/v2\/media\/45904"}],"wp:attachment":[{"href":"https:\/\/www.eldiariodetucuman.com\/web\/wp-json\/wp\/v2\/media?parent=45903"}],"wp:term":[{"taxonomy":"category","embeddable":true,"href":"https:\/\/www.eldiariodetucuman.com\/web\/wp-json\/wp\/v2\/categories?post=45903"},{"taxonomy":"post_tag","embeddable":true,"href":"https:\/\/www.eldiariodetucuman.com\/web\/wp-json\/wp\/v2\/tags?post=45903"}],"curies":[{"name":"wp","href":"https:\/\/api.w.org\/{rel}","templated":true}]}}