{"id":45901,"date":"2025-10-11T15:31:07","date_gmt":"2025-10-11T18:31:07","guid":{"rendered":"https:\/\/www.eldiariodetucuman.com\/web\/estiman-que-la-proxima-campana-de-trigo-alcanzara-un-volumen-record\/"},"modified":"2025-10-11T15:31:07","modified_gmt":"2025-10-11T18:31:07","slug":"estiman-que-la-proxima-campana-de-trigo-alcanzara-un-volumen-record","status":"publish","type":"post","link":"https:\/\/www.eldiariodetucuman.com\/web\/estiman-que-la-proxima-campana-de-trigo-alcanzara-un-volumen-record\/","title":{"rendered":"Estiman que la pr\u00f3xima campa\u00f1a de trigo alcanzar\u00e1 un volumen r\u00e9cord"},"content":{"rendered":"<p><\/p>\n<h2>Se calculan 23 millones de toneladas. Juegan a favor las lluvias en las principales zonas productivas.<\/h2>\n<p><strong>Las estimaciones para la pr\u00f3xima campa\u00f1a de trigo alcanzan el volumen hist\u00f3rico de 23 millones de toneladas, seg\u00fan un informe de la Gu\u00eda Estrat\u00e9gica para el Agro (GEA) de la Bolsa de Comercio de Rosario (BCR).<\/strong><\/p>\n<p>Este primer c\u00e1lculo coincide con el r\u00e9cord productivo del ciclo 2021\/22, situando al cultivo muy por encima de los 20 Mt que se marcaban como escenario normal.<\/p>\n<p>La situaci\u00f3n para la producci\u00f3n es in\u00e9dita y arranca un mes clave para su rendimiento con expectativas de llegar a un nuevo m\u00e1ximo hist\u00f3rico.<\/p>\n<p>El sector vigila como nunca las enfermedades, consciente de que existe un potencial que no ha visto antes, se desprende del informe de la Bolsa de Rosario.<\/p>\n<p>T\u00e9cnicos, incluyendo profesionales con 30 a\u00f1os de experiencia, se\u00f1alan que \u00abnunca vimos a los trigos as\u00ed,\u00bb un comentario que se multiplica en las encuestas y que nunca antes sucedi\u00f3 en los \u00faltimos 16 a\u00f1os del seguimiento que realiza GEA\/BCR.<\/p>\n<p>Para alcanzar este guarismo de 23 Mt, se estima un rinde promedio pa\u00eds de 35,4 qq\/ha.<\/p>\n<p>El cultivo cont\u00f3 con buenas reservas en los suelos por las lluvias del oto\u00f1o, a lo que le siguieron lluvias in\u00e9ditas en julio y agosto, con records especialmente en el \u00faltimo.<\/p>\n<p>Estas lluvias significaron la recuperaci\u00f3n del trigo cuando sufr\u00eda una falta de agua acuciante y parec\u00eda fracasar por la falta de agua.<\/p>\n<p>En la regi\u00f3n n\u00facleo, el rinde de base es de 40 qq\/ha y tiene alt\u00edsimas chances de contribuir con un volumen que estar\u00eda cerca de representar la tercera parte del total nacional.<\/p>\n<p>En Entre R\u00edos, la condici\u00f3n de los trigos muy buenos es el doble que en el a\u00f1o pasado. En C\u00f3rdoba, se destaca que un lote de trigo se deja para cosecha por lo \u00abbueno que est\u00e1\u00bb.<\/p>\n<p>Buenos Aires, el territorio de mayor potencial triguero, pese a la vulnerabilidad que muestra respecto a los anegamientos, se perfila para alcanzar un rinde de casi 40 qq\/ha, esperando tambi\u00e9n un a\u00f1o superador.<\/p>\n<p>En C\u00f3rdoba, el trigo pasa por un escenario mucho mejor que el del a\u00f1o pasado y superar\u00eda por lejos los 23,7 qq\/ha del 2024 con 35,5 qq\/ha.<\/p>\n<p>El \u00e1rea santafesina tambi\u00e9n muestra diferencia con los rindes del a\u00f1o pasado, cuando no lleg\u00f3 a los 30 qq\/ha, y esta vez se perfila para alcanzar los 38 qq\/ha. La Pampa tambi\u00e9n se destaca con muy buenas expectativas.<\/p>\n<p>Lamentablemente, tambi\u00e9n se destaca un descuento de 403.000 ha por los excesos h\u00eddricos. Buenos Aires es la provincia m\u00e1s golpeada por ese fen\u00f3meno, mostrando la cara negativa de esta campa\u00f1a. La provincia, sobre todo en el centro norte, tiene m\u00e1s de 210.000 ha trigueras que ya se dan por perdidas por la grave situaci\u00f3n de excesos que golpea a este territorio.<\/p>\n<p>La provincia ha recibido casi el doble de lluvias de lo que suele recibir respecto a la media desde el 1 de enero al 8 de octubre, concentr\u00e1ndose las tormentas en el oto\u00f1o y el invierno.<\/p>\n<p>En cuanto al ma\u00edz, el temprano se va implantando en fecha pese a las lluvias. Se estima que la producci\u00f3n rondar\u00eda los 61 Mt, otra cifra in\u00e9dita para Argentina.<\/p>\n<p>La siembra de soja, que arranca en una semana, se afirma en 16,4 M ha, con una baja interanual del 7%. Con un escenario normal de clima, la soja podr\u00eda producir 47,0 Mt<\/p>\n<p>na<\/p>\n<p>Fuente: <a href=\"https:\/\/tucuman24.com\/nota\/193203\/estiman-que-la-proxima-campana-de-trigo-alcanzara-un-volumen-record.html\"> Fuente de la nota <\/a><\/p>\n","protected":false},"excerpt":{"rendered":"<p>Se calculan 23 millones de toneladas. Juegan a favor las lluvias en las principales zonas productivas. Las estimaciones para la pr\u00f3xima campa\u00f1a de trigo alcanzan el volumen hist\u00f3rico de 23 millones de toneladas, seg\u00fan un informe de la Gu\u00eda Estrat\u00e9gica para el Agro (GEA) de la Bolsa de Comercio de Rosario (BCR). Este primer c\u00e1lculo [&hellip;]<\/p>\n","protected":false},"author":1,"featured_media":45902,"comment_status":"closed","ping_status":"open","sticky":false,"template":"","format":"standard","meta":{"footnotes":""},"categories":[2],"tags":[],"class_list":{"0":"post-45901","1":"post","2":"type-post","3":"status-publish","4":"format-standard","5":"has-post-thumbnail","7":"category-actualidad"},"yoast_head":"<!-- This site is optimized with the Yoast SEO plugin v27.4 - https:\/\/yoast.com\/product\/yoast-seo-wordpress\/ -->\n<title>Estiman que la pr\u00f3xima campa\u00f1a de trigo alcanzar\u00e1 un volumen r\u00e9cord - El Diario de Tucuman<\/title>\n<meta name=\"robots\" content=\"index, follow, max-snippet:-1, max-image-preview:large, max-video-preview:-1\" \/>\n<link rel=\"canonical\" href=\"https:\/\/www.eldiariodetucuman.com\/web\/estiman-que-la-proxima-campana-de-trigo-alcanzara-un-volumen-record\/\" \/>\n<meta property=\"og:locale\" content=\"es_ES\" \/>\n<meta property=\"og:type\" content=\"article\" \/>\n<meta property=\"og:title\" content=\"Estiman que la pr\u00f3xima campa\u00f1a de trigo alcanzar\u00e1 un volumen r\u00e9cord - El Diario de Tucuman\" \/>\n<meta property=\"og:description\" content=\"Se calculan 23 millones de toneladas. Juegan a favor las lluvias en las principales zonas productivas. Las estimaciones para la pr\u00f3xima campa\u00f1a de trigo alcanzan el volumen hist\u00f3rico de 23 millones de toneladas, seg\u00fan un informe de la Gu\u00eda Estrat\u00e9gica para el Agro (GEA) de la Bolsa de Comercio de Rosario (BCR). Este primer c\u00e1lculo [&hellip;]\" \/>\n<meta property=\"og:url\" content=\"https:\/\/www.eldiariodetucuman.com\/web\/estiman-que-la-proxima-campana-de-trigo-alcanzara-un-volumen-record\/\" \/>\n<meta property=\"og:site_name\" content=\"El Diario de Tucuman\" \/>\n<meta property=\"article:published_time\" content=\"2025-10-11T18:31:07+00:00\" \/>\n<meta name=\"author\" content=\"admin\" \/>\n<meta name=\"twitter:card\" content=\"summary_large_image\" \/>\n<meta name=\"twitter:label1\" content=\"Escrito por\" \/>\n\t<meta name=\"twitter:data1\" content=\"admin\" \/>\n\t<meta name=\"twitter:label2\" content=\"Tiempo de lectura\" \/>\n\t<meta name=\"twitter:data2\" content=\"3 minutos\" \/>\n<script type=\"application\/ld+json\" class=\"yoast-schema-graph\">{\"@context\":\"https:\\\/\\\/schema.org\",\"@graph\":[{\"@type\":\"Article\",\"@id\":\"https:\\\/\\\/www.eldiariodetucuman.com\\\/web\\\/estiman-que-la-proxima-campana-de-trigo-alcanzara-un-volumen-record\\\/#article\",\"isPartOf\":{\"@id\":\"https:\\\/\\\/www.eldiariodetucuman.com\\\/web\\\/estiman-que-la-proxima-campana-de-trigo-alcanzara-un-volumen-record\\\/\"},\"author\":{\"name\":\"admin\",\"@id\":\"https:\\\/\\\/www.eldiariodetucuman.com\\\/web\\\/#\\\/schema\\\/person\\\/9250197d75ab5483412e19678b121caa\"},\"headline\":\"Estiman que la pr\u00f3xima campa\u00f1a de trigo alcanzar\u00e1 un volumen r\u00e9cord\",\"datePublished\":\"2025-10-11T18:31:07+00:00\",\"mainEntityOfPage\":{\"@id\":\"https:\\\/\\\/www.eldiariodetucuman.com\\\/web\\\/estiman-que-la-proxima-campana-de-trigo-alcanzara-un-volumen-record\\\/\"},\"wordCount\":621,\"publisher\":{\"@id\":\"https:\\\/\\\/www.eldiariodetucuman.com\\\/web\\\/#organization\"},\"image\":{\"@id\":\"https:\\\/\\\/www.eldiariodetucuman.com\\\/web\\\/estiman-que-la-proxima-campana-de-trigo-alcanzara-un-volumen-record\\\/#primaryimage\"},\"thumbnailUrl\":\"https:\\\/\\\/www.eldiariodetucuman.com\\\/web\\\/wp-content\\\/uploads\\\/2025\\\/10\\\/Estiman-que-la-proxima-campana-de-trigo-alcanzara-un-volumen.png\",\"articleSection\":[\"Actualidad\"],\"inLanguage\":\"es\"},{\"@type\":\"WebPage\",\"@id\":\"https:\\\/\\\/www.eldiariodetucuman.com\\\/web\\\/estiman-que-la-proxima-campana-de-trigo-alcanzara-un-volumen-record\\\/\",\"url\":\"https:\\\/\\\/www.eldiariodetucuman.com\\\/web\\\/estiman-que-la-proxima-campana-de-trigo-alcanzara-un-volumen-record\\\/\",\"name\":\"Estiman que la pr\u00f3xima campa\u00f1a de trigo alcanzar\u00e1 un volumen r\u00e9cord - El Diario de Tucuman\",\"isPartOf\":{\"@id\":\"https:\\\/\\\/www.eldiariodetucuman.com\\\/web\\\/#website\"},\"primaryImageOfPage\":{\"@id\":\"https:\\\/\\\/www.eldiariodetucuman.com\\\/web\\\/estiman-que-la-proxima-campana-de-trigo-alcanzara-un-volumen-record\\\/#primaryimage\"},\"image\":{\"@id\":\"https:\\\/\\\/www.eldiariodetucuman.com\\\/web\\\/estiman-que-la-proxima-campana-de-trigo-alcanzara-un-volumen-record\\\/#primaryimage\"},\"thumbnailUrl\":\"https:\\\/\\\/www.eldiariodetucuman.com\\\/web\\\/wp-content\\\/uploads\\\/2025\\\/10\\\/Estiman-que-la-proxima-campana-de-trigo-alcanzara-un-volumen.png\",\"datePublished\":\"2025-10-11T18:31:07+00:00\",\"breadcrumb\":{\"@id\":\"https:\\\/\\\/www.eldiariodetucuman.com\\\/web\\\/estiman-que-la-proxima-campana-de-trigo-alcanzara-un-volumen-record\\\/#breadcrumb\"},\"inLanguage\":\"es\",\"potentialAction\":[{\"@type\":\"ReadAction\",\"target\":[\"https:\\\/\\\/www.eldiariodetucuman.com\\\/web\\\/estiman-que-la-proxima-campana-de-trigo-alcanzara-un-volumen-record\\\/\"]}]},{\"@type\":\"ImageObject\",\"inLanguage\":\"es\",\"@id\":\"https:\\\/\\\/www.eldiariodetucuman.com\\\/web\\\/estiman-que-la-proxima-campana-de-trigo-alcanzara-un-volumen-record\\\/#primaryimage\",\"url\":\"https:\\\/\\\/www.eldiariodetucuman.com\\\/web\\\/wp-content\\\/uploads\\\/2025\\\/10\\\/Estiman-que-la-proxima-campana-de-trigo-alcanzara-un-volumen.png\",\"contentUrl\":\"https:\\\/\\\/www.eldiariodetucuman.com\\\/web\\\/wp-content\\\/uploads\\\/2025\\\/10\\\/Estiman-que-la-proxima-campana-de-trigo-alcanzara-un-volumen.png\",\"width\":672,\"height\":378},{\"@type\":\"BreadcrumbList\",\"@id\":\"https:\\\/\\\/www.eldiariodetucuman.com\\\/web\\\/estiman-que-la-proxima-campana-de-trigo-alcanzara-un-volumen-record\\\/#breadcrumb\",\"itemListElement\":[{\"@type\":\"ListItem\",\"position\":1,\"name\":\"Portada\",\"item\":\"https:\\\/\\\/www.eldiariodetucuman.com\\\/web\\\/\"},{\"@type\":\"ListItem\",\"position\":2,\"name\":\"Estiman que la pr\u00f3xima campa\u00f1a de trigo alcanzar\u00e1 un volumen r\u00e9cord\"}]},{\"@type\":\"WebSite\",\"@id\":\"https:\\\/\\\/www.eldiariodetucuman.com\\\/web\\\/#website\",\"url\":\"https:\\\/\\\/www.eldiariodetucuman.com\\\/web\\\/\",\"name\":\"El Diario de Tucuman\",\"description\":\"Diario Tucuman - Informaci\u00f3n y noticias\",\"publisher\":{\"@id\":\"https:\\\/\\\/www.eldiariodetucuman.com\\\/web\\\/#organization\"},\"potentialAction\":[{\"@type\":\"SearchAction\",\"target\":{\"@type\":\"EntryPoint\",\"urlTemplate\":\"https:\\\/\\\/www.eldiariodetucuman.com\\\/web\\\/?s={search_term_string}\"},\"query-input\":{\"@type\":\"PropertyValueSpecification\",\"valueRequired\":true,\"valueName\":\"search_term_string\"}}],\"inLanguage\":\"es\"},{\"@type\":\"Organization\",\"@id\":\"https:\\\/\\\/www.eldiariodetucuman.com\\\/web\\\/#organization\",\"name\":\"El Diario de Tucuman\",\"url\":\"https:\\\/\\\/www.eldiariodetucuman.com\\\/web\\\/\",\"logo\":{\"@type\":\"ImageObject\",\"inLanguage\":\"es\",\"@id\":\"https:\\\/\\\/www.eldiariodetucuman.com\\\/web\\\/#\\\/schema\\\/logo\\\/image\\\/\",\"url\":\"http:\\\/\\\/www.eldiariodetucuman.com\\\/web\\\/wp-content\\\/uploads\\\/2017\\\/12\\\/el-diario-de-tucuman.jpg\",\"contentUrl\":\"http:\\\/\\\/www.eldiariodetucuman.com\\\/web\\\/wp-content\\\/uploads\\\/2017\\\/12\\\/el-diario-de-tucuman.jpg\",\"width\":272,\"height\":92,\"caption\":\"El Diario de Tucuman\"},\"image\":{\"@id\":\"https:\\\/\\\/www.eldiariodetucuman.com\\\/web\\\/#\\\/schema\\\/logo\\\/image\\\/\"}},{\"@type\":\"Person\",\"@id\":\"https:\\\/\\\/www.eldiariodetucuman.com\\\/web\\\/#\\\/schema\\\/person\\\/9250197d75ab5483412e19678b121caa\",\"name\":\"admin\",\"image\":{\"@type\":\"ImageObject\",\"inLanguage\":\"es\",\"@id\":\"https:\\\/\\\/secure.gravatar.com\\\/avatar\\\/c44d117c2be811212c22cb481f6b8384b6873de103fbc49e7a03cc58d7dea4ac?s=96&d=mm&r=g\",\"url\":\"https:\\\/\\\/secure.gravatar.com\\\/avatar\\\/c44d117c2be811212c22cb481f6b8384b6873de103fbc49e7a03cc58d7dea4ac?s=96&d=mm&r=g\",\"contentUrl\":\"https:\\\/\\\/secure.gravatar.com\\\/avatar\\\/c44d117c2be811212c22cb481f6b8384b6873de103fbc49e7a03cc58d7dea4ac?s=96&d=mm&r=g\",\"caption\":\"admin\"},\"url\":\"https:\\\/\\\/www.eldiariodetucuman.com\\\/web\\\/author\\\/admin\\\/\"}]}<\/script>\n<!-- \/ Yoast SEO plugin. -->","yoast_head_json":{"title":"Estiman que la pr\u00f3xima campa\u00f1a de trigo alcanzar\u00e1 un volumen r\u00e9cord - El Diario de Tucuman","robots":{"index":"index","follow":"follow","max-snippet":"max-snippet:-1","max-image-preview":"max-image-preview:large","max-video-preview":"max-video-preview:-1"},"canonical":"https:\/\/www.eldiariodetucuman.com\/web\/estiman-que-la-proxima-campana-de-trigo-alcanzara-un-volumen-record\/","og_locale":"es_ES","og_type":"article","og_title":"Estiman que la pr\u00f3xima campa\u00f1a de trigo alcanzar\u00e1 un volumen r\u00e9cord - El Diario de Tucuman","og_description":"Se calculan 23 millones de toneladas. Juegan a favor las lluvias en las principales zonas productivas. Las estimaciones para la pr\u00f3xima campa\u00f1a de trigo alcanzan el volumen hist\u00f3rico de 23 millones de toneladas, seg\u00fan un informe de la Gu\u00eda Estrat\u00e9gica para el Agro (GEA) de la Bolsa de Comercio de Rosario (BCR). Este primer c\u00e1lculo [&hellip;]","og_url":"https:\/\/www.eldiariodetucuman.com\/web\/estiman-que-la-proxima-campana-de-trigo-alcanzara-un-volumen-record\/","og_site_name":"El Diario de Tucuman","article_published_time":"2025-10-11T18:31:07+00:00","author":"admin","twitter_card":"summary_large_image","twitter_misc":{"Escrito por":"admin","Tiempo de lectura":"3 minutos"},"schema":{"@context":"https:\/\/schema.org","@graph":[{"@type":"Article","@id":"https:\/\/www.eldiariodetucuman.com\/web\/estiman-que-la-proxima-campana-de-trigo-alcanzara-un-volumen-record\/#article","isPartOf":{"@id":"https:\/\/www.eldiariodetucuman.com\/web\/estiman-que-la-proxima-campana-de-trigo-alcanzara-un-volumen-record\/"},"author":{"name":"admin","@id":"https:\/\/www.eldiariodetucuman.com\/web\/#\/schema\/person\/9250197d75ab5483412e19678b121caa"},"headline":"Estiman que la pr\u00f3xima campa\u00f1a de trigo alcanzar\u00e1 un volumen r\u00e9cord","datePublished":"2025-10-11T18:31:07+00:00","mainEntityOfPage":{"@id":"https:\/\/www.eldiariodetucuman.com\/web\/estiman-que-la-proxima-campana-de-trigo-alcanzara-un-volumen-record\/"},"wordCount":621,"publisher":{"@id":"https:\/\/www.eldiariodetucuman.com\/web\/#organization"},"image":{"@id":"https:\/\/www.eldiariodetucuman.com\/web\/estiman-que-la-proxima-campana-de-trigo-alcanzara-un-volumen-record\/#primaryimage"},"thumbnailUrl":"https:\/\/www.eldiariodetucuman.com\/web\/wp-content\/uploads\/2025\/10\/Estiman-que-la-proxima-campana-de-trigo-alcanzara-un-volumen.png","articleSection":["Actualidad"],"inLanguage":"es"},{"@type":"WebPage","@id":"https:\/\/www.eldiariodetucuman.com\/web\/estiman-que-la-proxima-campana-de-trigo-alcanzara-un-volumen-record\/","url":"https:\/\/www.eldiariodetucuman.com\/web\/estiman-que-la-proxima-campana-de-trigo-alcanzara-un-volumen-record\/","name":"Estiman que la pr\u00f3xima campa\u00f1a de trigo alcanzar\u00e1 un volumen r\u00e9cord - El Diario de Tucuman","isPartOf":{"@id":"https:\/\/www.eldiariodetucuman.com\/web\/#website"},"primaryImageOfPage":{"@id":"https:\/\/www.eldiariodetucuman.com\/web\/estiman-que-la-proxima-campana-de-trigo-alcanzara-un-volumen-record\/#primaryimage"},"image":{"@id":"https:\/\/www.eldiariodetucuman.com\/web\/estiman-que-la-proxima-campana-de-trigo-alcanzara-un-volumen-record\/#primaryimage"},"thumbnailUrl":"https:\/\/www.eldiariodetucuman.com\/web\/wp-content\/uploads\/2025\/10\/Estiman-que-la-proxima-campana-de-trigo-alcanzara-un-volumen.png","datePublished":"2025-10-11T18:31:07+00:00","breadcrumb":{"@id":"https:\/\/www.eldiariodetucuman.com\/web\/estiman-que-la-proxima-campana-de-trigo-alcanzara-un-volumen-record\/#breadcrumb"},"inLanguage":"es","potentialAction":[{"@type":"ReadAction","target":["https:\/\/www.eldiariodetucuman.com\/web\/estiman-que-la-proxima-campana-de-trigo-alcanzara-un-volumen-record\/"]}]},{"@type":"ImageObject","inLanguage":"es","@id":"https:\/\/www.eldiariodetucuman.com\/web\/estiman-que-la-proxima-campana-de-trigo-alcanzara-un-volumen-record\/#primaryimage","url":"https:\/\/www.eldiariodetucuman.com\/web\/wp-content\/uploads\/2025\/10\/Estiman-que-la-proxima-campana-de-trigo-alcanzara-un-volumen.png","contentUrl":"https:\/\/www.eldiariodetucuman.com\/web\/wp-content\/uploads\/2025\/10\/Estiman-que-la-proxima-campana-de-trigo-alcanzara-un-volumen.png","width":672,"height":378},{"@type":"BreadcrumbList","@id":"https:\/\/www.eldiariodetucuman.com\/web\/estiman-que-la-proxima-campana-de-trigo-alcanzara-un-volumen-record\/#breadcrumb","itemListElement":[{"@type":"ListItem","position":1,"name":"Portada","item":"https:\/\/www.eldiariodetucuman.com\/web\/"},{"@type":"ListItem","position":2,"name":"Estiman que la pr\u00f3xima campa\u00f1a de trigo alcanzar\u00e1 un volumen r\u00e9cord"}]},{"@type":"WebSite","@id":"https:\/\/www.eldiariodetucuman.com\/web\/#website","url":"https:\/\/www.eldiariodetucuman.com\/web\/","name":"El Diario de Tucuman","description":"Diario Tucuman - Informaci\u00f3n y noticias","publisher":{"@id":"https:\/\/www.eldiariodetucuman.com\/web\/#organization"},"potentialAction":[{"@type":"SearchAction","target":{"@type":"EntryPoint","urlTemplate":"https:\/\/www.eldiariodetucuman.com\/web\/?s={search_term_string}"},"query-input":{"@type":"PropertyValueSpecification","valueRequired":true,"valueName":"search_term_string"}}],"inLanguage":"es"},{"@type":"Organization","@id":"https:\/\/www.eldiariodetucuman.com\/web\/#organization","name":"El Diario de Tucuman","url":"https:\/\/www.eldiariodetucuman.com\/web\/","logo":{"@type":"ImageObject","inLanguage":"es","@id":"https:\/\/www.eldiariodetucuman.com\/web\/#\/schema\/logo\/image\/","url":"http:\/\/www.eldiariodetucuman.com\/web\/wp-content\/uploads\/2017\/12\/el-diario-de-tucuman.jpg","contentUrl":"http:\/\/www.eldiariodetucuman.com\/web\/wp-content\/uploads\/2017\/12\/el-diario-de-tucuman.jpg","width":272,"height":92,"caption":"El Diario de Tucuman"},"image":{"@id":"https:\/\/www.eldiariodetucuman.com\/web\/#\/schema\/logo\/image\/"}},{"@type":"Person","@id":"https:\/\/www.eldiariodetucuman.com\/web\/#\/schema\/person\/9250197d75ab5483412e19678b121caa","name":"admin","image":{"@type":"ImageObject","inLanguage":"es","@id":"https:\/\/secure.gravatar.com\/avatar\/c44d117c2be811212c22cb481f6b8384b6873de103fbc49e7a03cc58d7dea4ac?s=96&d=mm&r=g","url":"https:\/\/secure.gravatar.com\/avatar\/c44d117c2be811212c22cb481f6b8384b6873de103fbc49e7a03cc58d7dea4ac?s=96&d=mm&r=g","contentUrl":"https:\/\/secure.gravatar.com\/avatar\/c44d117c2be811212c22cb481f6b8384b6873de103fbc49e7a03cc58d7dea4ac?s=96&d=mm&r=g","caption":"admin"},"url":"https:\/\/www.eldiariodetucuman.com\/web\/author\/admin\/"}]}},"_links":{"self":[{"href":"https:\/\/www.eldiariodetucuman.com\/web\/wp-json\/wp\/v2\/posts\/45901","targetHints":{"allow":["GET"]}}],"collection":[{"href":"https:\/\/www.eldiariodetucuman.com\/web\/wp-json\/wp\/v2\/posts"}],"about":[{"href":"https:\/\/www.eldiariodetucuman.com\/web\/wp-json\/wp\/v2\/types\/post"}],"author":[{"embeddable":true,"href":"https:\/\/www.eldiariodetucuman.com\/web\/wp-json\/wp\/v2\/users\/1"}],"replies":[{"embeddable":true,"href":"https:\/\/www.eldiariodetucuman.com\/web\/wp-json\/wp\/v2\/comments?post=45901"}],"version-history":[{"count":0,"href":"https:\/\/www.eldiariodetucuman.com\/web\/wp-json\/wp\/v2\/posts\/45901\/revisions"}],"wp:featuredmedia":[{"embeddable":true,"href":"https:\/\/www.eldiariodetucuman.com\/web\/wp-json\/wp\/v2\/media\/45902"}],"wp:attachment":[{"href":"https:\/\/www.eldiariodetucuman.com\/web\/wp-json\/wp\/v2\/media?parent=45901"}],"wp:term":[{"taxonomy":"category","embeddable":true,"href":"https:\/\/www.eldiariodetucuman.com\/web\/wp-json\/wp\/v2\/categories?post=45901"},{"taxonomy":"post_tag","embeddable":true,"href":"https:\/\/www.eldiariodetucuman.com\/web\/wp-json\/wp\/v2\/tags?post=45901"}],"curies":[{"name":"wp","href":"https:\/\/api.w.org\/{rel}","templated":true}]}}