{"id":45878,"date":"2025-10-08T23:33:03","date_gmt":"2025-10-09T02:33:03","guid":{"rendered":"https:\/\/www.eldiariodetucuman.com\/web\/referentes-del-kirchnerismo-cuestionaron-el-fallo-por-el-ataque-a-cristina\/"},"modified":"2025-10-08T23:33:05","modified_gmt":"2025-10-09T02:33:05","slug":"referentes-del-kirchnerismo-cuestionaron-el-fallo-por-el-ataque-a-cristina","status":"publish","type":"post","link":"https:\/\/www.eldiariodetucuman.com\/web\/referentes-del-kirchnerismo-cuestionaron-el-fallo-por-el-ataque-a-cristina\/","title":{"rendered":"Referentes del kirchnerismo cuestionaron el fallo por el ataque a Cristina"},"content":{"rendered":"<p><\/p>\n<p class=\"com-paragraph   --s\"><strong>Juan Mart\u00edn Mena<\/strong>, ministro de Justicia y Derechos Humanos de la provincia de Buenos Aires, sostuvo que la Justicia <strong>deber\u00eda haber aplicado la pena m\u00e1xima <\/strong>para los acusados por el ataque a Cristina Kirchner. Este pronunciamiento se da en el marco de la jornada en la que se puso punto final al juicio oral que concluy\u00f3 con las condenas para <strong>Sabag Montiel<\/strong> y<strong> Brenda Uliarte<\/strong>, de 10 y 8 a\u00f1os de prisi\u00f3n. <strong>\u201cEste episodio confirma la oscura din\u00e1mica del poder real<\/strong>, que nunca pudo doblegar a Cristina\u201d, sostuvo el funcionario provincial.<\/p>\n<p class=\"com-paragraph   --s\"><strong>\u201cLa justicia argentina no aplic\u00f3 la pena m\u00e1xima, es inexplicable\u201d<\/strong>, sostuvo Mena. A la vez, se\u00f1al\u00f3 que no sorprende esto que considera como un fallo injusto, dado que se trata de una causa relacionada a <strong>Cristina Kirchner, \u201cpara quien sistem\u00e1ticamente hay otra ley siempre en su perjuicio\u201d<\/strong>, indic\u00f3.<\/p>\n<p class=\"com-paragraph   --s\"><strong>\u201cPersiste la falta de respuestas<\/strong> sobre qui\u00e9nes instigaron, planificaron y financiaron el ataque, <strong>privando de justicia plena a Cristina<\/strong> y a toda la sociedad argentina\u201d, reclam\u00f3 el funcionario.<\/p>\n<p class=\"com-paragraph   --s\">Por su parte, <strong>Eduardo \u201cWado\u201d de Pedro <\/strong>se\u00f1al\u00f3 que las penas otorgadas son \u201cleves\u201d y afirm\u00f3 que<strong> \u201cno se investig\u00f3 lo que ocurri\u00f3 en las sombras\u201d<\/strong>.<\/p>\n<p class=\"com-paragraph   --s\"><strong>\u201c\u00bfC\u00f3mo fue la planificaci\u00f3n del hecho? <\/strong>\u00bfQu\u00e9 pas\u00f3 con la pista de<strong> Gerardo Milman <\/strong>y por qu\u00e9 borraron el contenido de los celulares de su entorno en las oficinas de <strong>Bullrich?<\/strong>\u201c, plante\u00f3 el diputado nacional cercano a Cristina Kirchner mediante una publicaci\u00f3n en su cuenta de X.<\/p>\n<p class=\"com-paragraph   --s\">De Pedro se\u00f1al\u00f3 la <strong>responsabilidad de la Justicia en el encubrimiento <\/strong>de esa trama que se\u00f1ala y sostuvo que, a tres a\u00f1os del ataque, <strong>no se sabe qui\u00e9n mand\u00f3 a matar a la expresidenta.<\/strong> <\/p>\n<p class=\"com-paragraph   --s\">Adem\u00e1s, el diputado indic\u00f3 que<strong> los derechos de Cristina Kirchner son vulnerados <\/strong>tanto en las causas en las que se la persigue como acusada como en esta en la que ella es la v\u00edctima.<\/p>\n<p class=\"com-paragraph   --s\">Haciendo referencia a la condena recibida por Sabag Montiel y Uliarte, tambi\u00e9n hizo p\u00fablica su opini\u00f3n el candidato de Fuerza Patria, <strong>Juan Grabois<\/strong>. \u201cEs f\u00e1cil condenar hampones y sicarios;<strong> justicia ser\u00eda si el fallo que s\u00ed sali\u00f3 fuera contra los instigadores de la bala que iba a salir\u201d<\/strong>, escribi\u00f3 en su cuenta de X.<\/p>\n<p class=\"com-paragraph   --s\">Noticia en desarrollo.<\/p>\n<p><a href=\"https:\/\/www.lanacion.com.ar\/politica\/referentes-del-kirchnerismo-cuestionaron-el-fallo-por-el-ataque-a-cristina-y-pidieron-profundizar-la-nid08102025\/\">Fuente de la nota <\/a><\/p>\n","protected":false},"excerpt":{"rendered":"<p>Juan Mart\u00edn Mena, ministro de Justicia y Derechos Humanos de la provincia de Buenos Aires, sostuvo que la Justicia deber\u00eda haber aplicado la pena m\u00e1xima para los acusados por el ataque a Cristina Kirchner. Este pronunciamiento se da en el marco de la jornada en la que se puso punto final al juicio oral que [&hellip;]<\/p>\n","protected":false},"author":5,"featured_media":45879,"comment_status":"closed","ping_status":"open","sticky":false,"template":"","format":"standard","meta":{"footnotes":""},"categories":[3],"tags":[],"class_list":{"0":"post-45878","1":"post","2":"type-post","3":"status-publish","4":"format-standard","5":"has-post-thumbnail","7":"category-politica"},"yoast_head":"<!-- This site is optimized with the Yoast SEO plugin v27.4 - https:\/\/yoast.com\/product\/yoast-seo-wordpress\/ -->\n<title>Referentes del kirchnerismo cuestionaron el fallo por el ataque a Cristina - El Diario de Tucuman<\/title>\n<meta name=\"robots\" content=\"index, follow, max-snippet:-1, max-image-preview:large, max-video-preview:-1\" \/>\n<link rel=\"canonical\" href=\"https:\/\/www.eldiariodetucuman.com\/web\/referentes-del-kirchnerismo-cuestionaron-el-fallo-por-el-ataque-a-cristina\/\" \/>\n<meta property=\"og:locale\" content=\"es_ES\" \/>\n<meta property=\"og:type\" content=\"article\" \/>\n<meta property=\"og:title\" content=\"Referentes del kirchnerismo cuestionaron el fallo por el ataque a Cristina - El Diario de Tucuman\" \/>\n<meta property=\"og:description\" content=\"Juan Mart\u00edn Mena, ministro de Justicia y Derechos Humanos de la provincia de Buenos Aires, sostuvo que la Justicia deber\u00eda haber aplicado la pena m\u00e1xima para los acusados por el ataque a Cristina Kirchner. Este pronunciamiento se da en el marco de la jornada en la que se puso punto final al juicio oral que [&hellip;]\" \/>\n<meta property=\"og:url\" content=\"https:\/\/www.eldiariodetucuman.com\/web\/referentes-del-kirchnerismo-cuestionaron-el-fallo-por-el-ataque-a-cristina\/\" \/>\n<meta property=\"og:site_name\" content=\"El Diario de Tucuman\" \/>\n<meta property=\"article:published_time\" content=\"2025-10-09T02:33:03+00:00\" \/>\n<meta property=\"article:modified_time\" content=\"2025-10-09T02:33:05+00:00\" \/>\n<meta property=\"og:image\" content=\"https:\/\/www.eldiariodetucuman.com\/web\/wp-content\/uploads\/2025\/10\/wado-de-ORZSNX5FTJBU3CTQVDAPUN4WOY.jpg\" \/>\n\t<meta property=\"og:image:width\" content=\"1200\" \/>\n\t<meta property=\"og:image:height\" content=\"800\" \/>\n\t<meta property=\"og:image:type\" content=\"image\/jpeg\" \/>\n<meta name=\"author\" content=\"Redactor Uno\" \/>\n<meta name=\"twitter:card\" content=\"summary_large_image\" \/>\n<meta name=\"twitter:label1\" content=\"Escrito por\" \/>\n\t<meta name=\"twitter:data1\" content=\"Redactor Uno\" \/>\n\t<meta name=\"twitter:label2\" content=\"Tiempo de lectura\" \/>\n\t<meta name=\"twitter:data2\" content=\"2 minutos\" \/>\n<script type=\"application\/ld+json\" class=\"yoast-schema-graph\">{\"@context\":\"https:\\\/\\\/schema.org\",\"@graph\":[{\"@type\":\"Article\",\"@id\":\"https:\\\/\\\/www.eldiariodetucuman.com\\\/web\\\/referentes-del-kirchnerismo-cuestionaron-el-fallo-por-el-ataque-a-cristina\\\/#article\",\"isPartOf\":{\"@id\":\"https:\\\/\\\/www.eldiariodetucuman.com\\\/web\\\/referentes-del-kirchnerismo-cuestionaron-el-fallo-por-el-ataque-a-cristina\\\/\"},\"author\":{\"name\":\"Redactor Uno\",\"@id\":\"https:\\\/\\\/www.eldiariodetucuman.com\\\/web\\\/#\\\/schema\\\/person\\\/7e6644a46e60888f6b868594407e08dd\"},\"headline\":\"Referentes del kirchnerismo cuestionaron el fallo por el ataque a Cristina\",\"datePublished\":\"2025-10-09T02:33:03+00:00\",\"dateModified\":\"2025-10-09T02:33:05+00:00\",\"mainEntityOfPage\":{\"@id\":\"https:\\\/\\\/www.eldiariodetucuman.com\\\/web\\\/referentes-del-kirchnerismo-cuestionaron-el-fallo-por-el-ataque-a-cristina\\\/\"},\"wordCount\":403,\"publisher\":{\"@id\":\"https:\\\/\\\/www.eldiariodetucuman.com\\\/web\\\/#organization\"},\"image\":{\"@id\":\"https:\\\/\\\/www.eldiariodetucuman.com\\\/web\\\/referentes-del-kirchnerismo-cuestionaron-el-fallo-por-el-ataque-a-cristina\\\/#primaryimage\"},\"thumbnailUrl\":\"https:\\\/\\\/www.eldiariodetucuman.com\\\/web\\\/wp-content\\\/uploads\\\/2025\\\/10\\\/wado-de-ORZSNX5FTJBU3CTQVDAPUN4WOY.jpg\",\"articleSection\":[\"Politica\"],\"inLanguage\":\"es\"},{\"@type\":\"WebPage\",\"@id\":\"https:\\\/\\\/www.eldiariodetucuman.com\\\/web\\\/referentes-del-kirchnerismo-cuestionaron-el-fallo-por-el-ataque-a-cristina\\\/\",\"url\":\"https:\\\/\\\/www.eldiariodetucuman.com\\\/web\\\/referentes-del-kirchnerismo-cuestionaron-el-fallo-por-el-ataque-a-cristina\\\/\",\"name\":\"Referentes del kirchnerismo cuestionaron el fallo por el ataque a Cristina - El Diario de Tucuman\",\"isPartOf\":{\"@id\":\"https:\\\/\\\/www.eldiariodetucuman.com\\\/web\\\/#website\"},\"primaryImageOfPage\":{\"@id\":\"https:\\\/\\\/www.eldiariodetucuman.com\\\/web\\\/referentes-del-kirchnerismo-cuestionaron-el-fallo-por-el-ataque-a-cristina\\\/#primaryimage\"},\"image\":{\"@id\":\"https:\\\/\\\/www.eldiariodetucuman.com\\\/web\\\/referentes-del-kirchnerismo-cuestionaron-el-fallo-por-el-ataque-a-cristina\\\/#primaryimage\"},\"thumbnailUrl\":\"https:\\\/\\\/www.eldiariodetucuman.com\\\/web\\\/wp-content\\\/uploads\\\/2025\\\/10\\\/wado-de-ORZSNX5FTJBU3CTQVDAPUN4WOY.jpg\",\"datePublished\":\"2025-10-09T02:33:03+00:00\",\"dateModified\":\"2025-10-09T02:33:05+00:00\",\"breadcrumb\":{\"@id\":\"https:\\\/\\\/www.eldiariodetucuman.com\\\/web\\\/referentes-del-kirchnerismo-cuestionaron-el-fallo-por-el-ataque-a-cristina\\\/#breadcrumb\"},\"inLanguage\":\"es\",\"potentialAction\":[{\"@type\":\"ReadAction\",\"target\":[\"https:\\\/\\\/www.eldiariodetucuman.com\\\/web\\\/referentes-del-kirchnerismo-cuestionaron-el-fallo-por-el-ataque-a-cristina\\\/\"]}]},{\"@type\":\"ImageObject\",\"inLanguage\":\"es\",\"@id\":\"https:\\\/\\\/www.eldiariodetucuman.com\\\/web\\\/referentes-del-kirchnerismo-cuestionaron-el-fallo-por-el-ataque-a-cristina\\\/#primaryimage\",\"url\":\"https:\\\/\\\/www.eldiariodetucuman.com\\\/web\\\/wp-content\\\/uploads\\\/2025\\\/10\\\/wado-de-ORZSNX5FTJBU3CTQVDAPUN4WOY.jpg\",\"contentUrl\":\"https:\\\/\\\/www.eldiariodetucuman.com\\\/web\\\/wp-content\\\/uploads\\\/2025\\\/10\\\/wado-de-ORZSNX5FTJBU3CTQVDAPUN4WOY.jpg\",\"width\":1200,\"height\":800},{\"@type\":\"BreadcrumbList\",\"@id\":\"https:\\\/\\\/www.eldiariodetucuman.com\\\/web\\\/referentes-del-kirchnerismo-cuestionaron-el-fallo-por-el-ataque-a-cristina\\\/#breadcrumb\",\"itemListElement\":[{\"@type\":\"ListItem\",\"position\":1,\"name\":\"Portada\",\"item\":\"https:\\\/\\\/www.eldiariodetucuman.com\\\/web\\\/\"},{\"@type\":\"ListItem\",\"position\":2,\"name\":\"Referentes del kirchnerismo cuestionaron el fallo por el ataque a Cristina\"}]},{\"@type\":\"WebSite\",\"@id\":\"https:\\\/\\\/www.eldiariodetucuman.com\\\/web\\\/#website\",\"url\":\"https:\\\/\\\/www.eldiariodetucuman.com\\\/web\\\/\",\"name\":\"El Diario de Tucuman\",\"description\":\"Diario Tucuman - Informaci\u00f3n y noticias\",\"publisher\":{\"@id\":\"https:\\\/\\\/www.eldiariodetucuman.com\\\/web\\\/#organization\"},\"potentialAction\":[{\"@type\":\"SearchAction\",\"target\":{\"@type\":\"EntryPoint\",\"urlTemplate\":\"https:\\\/\\\/www.eldiariodetucuman.com\\\/web\\\/?s={search_term_string}\"},\"query-input\":{\"@type\":\"PropertyValueSpecification\",\"valueRequired\":true,\"valueName\":\"search_term_string\"}}],\"inLanguage\":\"es\"},{\"@type\":\"Organization\",\"@id\":\"https:\\\/\\\/www.eldiariodetucuman.com\\\/web\\\/#organization\",\"name\":\"El Diario de Tucuman\",\"url\":\"https:\\\/\\\/www.eldiariodetucuman.com\\\/web\\\/\",\"logo\":{\"@type\":\"ImageObject\",\"inLanguage\":\"es\",\"@id\":\"https:\\\/\\\/www.eldiariodetucuman.com\\\/web\\\/#\\\/schema\\\/logo\\\/image\\\/\",\"url\":\"http:\\\/\\\/www.eldiariodetucuman.com\\\/web\\\/wp-content\\\/uploads\\\/2017\\\/12\\\/el-diario-de-tucuman.jpg\",\"contentUrl\":\"http:\\\/\\\/www.eldiariodetucuman.com\\\/web\\\/wp-content\\\/uploads\\\/2017\\\/12\\\/el-diario-de-tucuman.jpg\",\"width\":272,\"height\":92,\"caption\":\"El Diario de Tucuman\"},\"image\":{\"@id\":\"https:\\\/\\\/www.eldiariodetucuman.com\\\/web\\\/#\\\/schema\\\/logo\\\/image\\\/\"}},{\"@type\":\"Person\",\"@id\":\"https:\\\/\\\/www.eldiariodetucuman.com\\\/web\\\/#\\\/schema\\\/person\\\/7e6644a46e60888f6b868594407e08dd\",\"name\":\"Redactor Uno\",\"image\":{\"@type\":\"ImageObject\",\"inLanguage\":\"es\",\"@id\":\"https:\\\/\\\/secure.gravatar.com\\\/avatar\\\/0049b1bdf1bd548385c9ea6b9356431717930913089febd2ba904f0187d7d074?s=96&d=mm&r=g\",\"url\":\"https:\\\/\\\/secure.gravatar.com\\\/avatar\\\/0049b1bdf1bd548385c9ea6b9356431717930913089febd2ba904f0187d7d074?s=96&d=mm&r=g\",\"contentUrl\":\"https:\\\/\\\/secure.gravatar.com\\\/avatar\\\/0049b1bdf1bd548385c9ea6b9356431717930913089febd2ba904f0187d7d074?s=96&d=mm&r=g\",\"caption\":\"Redactor Uno\"},\"url\":\"https:\\\/\\\/www.eldiariodetucuman.com\\\/web\\\/author\\\/mramasco\\\/\"}]}<\/script>\n<!-- \/ Yoast SEO plugin. -->","yoast_head_json":{"title":"Referentes del kirchnerismo cuestionaron el fallo por el ataque a Cristina - El Diario de Tucuman","robots":{"index":"index","follow":"follow","max-snippet":"max-snippet:-1","max-image-preview":"max-image-preview:large","max-video-preview":"max-video-preview:-1"},"canonical":"https:\/\/www.eldiariodetucuman.com\/web\/referentes-del-kirchnerismo-cuestionaron-el-fallo-por-el-ataque-a-cristina\/","og_locale":"es_ES","og_type":"article","og_title":"Referentes del kirchnerismo cuestionaron el fallo por el ataque a Cristina - El Diario de Tucuman","og_description":"Juan Mart\u00edn Mena, ministro de Justicia y Derechos Humanos de la provincia de Buenos Aires, sostuvo que la Justicia deber\u00eda haber aplicado la pena m\u00e1xima para los acusados por el ataque a Cristina Kirchner. Este pronunciamiento se da en el marco de la jornada en la que se puso punto final al juicio oral que [&hellip;]","og_url":"https:\/\/www.eldiariodetucuman.com\/web\/referentes-del-kirchnerismo-cuestionaron-el-fallo-por-el-ataque-a-cristina\/","og_site_name":"El Diario de Tucuman","article_published_time":"2025-10-09T02:33:03+00:00","article_modified_time":"2025-10-09T02:33:05+00:00","og_image":[{"width":1200,"height":800,"url":"https:\/\/www.eldiariodetucuman.com\/web\/wp-content\/uploads\/2025\/10\/wado-de-ORZSNX5FTJBU3CTQVDAPUN4WOY.jpg","type":"image\/jpeg"}],"author":"Redactor Uno","twitter_card":"summary_large_image","twitter_misc":{"Escrito por":"Redactor Uno","Tiempo de lectura":"2 minutos"},"schema":{"@context":"https:\/\/schema.org","@graph":[{"@type":"Article","@id":"https:\/\/www.eldiariodetucuman.com\/web\/referentes-del-kirchnerismo-cuestionaron-el-fallo-por-el-ataque-a-cristina\/#article","isPartOf":{"@id":"https:\/\/www.eldiariodetucuman.com\/web\/referentes-del-kirchnerismo-cuestionaron-el-fallo-por-el-ataque-a-cristina\/"},"author":{"name":"Redactor Uno","@id":"https:\/\/www.eldiariodetucuman.com\/web\/#\/schema\/person\/7e6644a46e60888f6b868594407e08dd"},"headline":"Referentes del kirchnerismo cuestionaron el fallo por el ataque a Cristina","datePublished":"2025-10-09T02:33:03+00:00","dateModified":"2025-10-09T02:33:05+00:00","mainEntityOfPage":{"@id":"https:\/\/www.eldiariodetucuman.com\/web\/referentes-del-kirchnerismo-cuestionaron-el-fallo-por-el-ataque-a-cristina\/"},"wordCount":403,"publisher":{"@id":"https:\/\/www.eldiariodetucuman.com\/web\/#organization"},"image":{"@id":"https:\/\/www.eldiariodetucuman.com\/web\/referentes-del-kirchnerismo-cuestionaron-el-fallo-por-el-ataque-a-cristina\/#primaryimage"},"thumbnailUrl":"https:\/\/www.eldiariodetucuman.com\/web\/wp-content\/uploads\/2025\/10\/wado-de-ORZSNX5FTJBU3CTQVDAPUN4WOY.jpg","articleSection":["Politica"],"inLanguage":"es"},{"@type":"WebPage","@id":"https:\/\/www.eldiariodetucuman.com\/web\/referentes-del-kirchnerismo-cuestionaron-el-fallo-por-el-ataque-a-cristina\/","url":"https:\/\/www.eldiariodetucuman.com\/web\/referentes-del-kirchnerismo-cuestionaron-el-fallo-por-el-ataque-a-cristina\/","name":"Referentes del kirchnerismo cuestionaron el fallo por el ataque a Cristina - El Diario de Tucuman","isPartOf":{"@id":"https:\/\/www.eldiariodetucuman.com\/web\/#website"},"primaryImageOfPage":{"@id":"https:\/\/www.eldiariodetucuman.com\/web\/referentes-del-kirchnerismo-cuestionaron-el-fallo-por-el-ataque-a-cristina\/#primaryimage"},"image":{"@id":"https:\/\/www.eldiariodetucuman.com\/web\/referentes-del-kirchnerismo-cuestionaron-el-fallo-por-el-ataque-a-cristina\/#primaryimage"},"thumbnailUrl":"https:\/\/www.eldiariodetucuman.com\/web\/wp-content\/uploads\/2025\/10\/wado-de-ORZSNX5FTJBU3CTQVDAPUN4WOY.jpg","datePublished":"2025-10-09T02:33:03+00:00","dateModified":"2025-10-09T02:33:05+00:00","breadcrumb":{"@id":"https:\/\/www.eldiariodetucuman.com\/web\/referentes-del-kirchnerismo-cuestionaron-el-fallo-por-el-ataque-a-cristina\/#breadcrumb"},"inLanguage":"es","potentialAction":[{"@type":"ReadAction","target":["https:\/\/www.eldiariodetucuman.com\/web\/referentes-del-kirchnerismo-cuestionaron-el-fallo-por-el-ataque-a-cristina\/"]}]},{"@type":"ImageObject","inLanguage":"es","@id":"https:\/\/www.eldiariodetucuman.com\/web\/referentes-del-kirchnerismo-cuestionaron-el-fallo-por-el-ataque-a-cristina\/#primaryimage","url":"https:\/\/www.eldiariodetucuman.com\/web\/wp-content\/uploads\/2025\/10\/wado-de-ORZSNX5FTJBU3CTQVDAPUN4WOY.jpg","contentUrl":"https:\/\/www.eldiariodetucuman.com\/web\/wp-content\/uploads\/2025\/10\/wado-de-ORZSNX5FTJBU3CTQVDAPUN4WOY.jpg","width":1200,"height":800},{"@type":"BreadcrumbList","@id":"https:\/\/www.eldiariodetucuman.com\/web\/referentes-del-kirchnerismo-cuestionaron-el-fallo-por-el-ataque-a-cristina\/#breadcrumb","itemListElement":[{"@type":"ListItem","position":1,"name":"Portada","item":"https:\/\/www.eldiariodetucuman.com\/web\/"},{"@type":"ListItem","position":2,"name":"Referentes del kirchnerismo cuestionaron el fallo por el ataque a Cristina"}]},{"@type":"WebSite","@id":"https:\/\/www.eldiariodetucuman.com\/web\/#website","url":"https:\/\/www.eldiariodetucuman.com\/web\/","name":"El Diario de Tucuman","description":"Diario Tucuman - Informaci\u00f3n y noticias","publisher":{"@id":"https:\/\/www.eldiariodetucuman.com\/web\/#organization"},"potentialAction":[{"@type":"SearchAction","target":{"@type":"EntryPoint","urlTemplate":"https:\/\/www.eldiariodetucuman.com\/web\/?s={search_term_string}"},"query-input":{"@type":"PropertyValueSpecification","valueRequired":true,"valueName":"search_term_string"}}],"inLanguage":"es"},{"@type":"Organization","@id":"https:\/\/www.eldiariodetucuman.com\/web\/#organization","name":"El Diario de Tucuman","url":"https:\/\/www.eldiariodetucuman.com\/web\/","logo":{"@type":"ImageObject","inLanguage":"es","@id":"https:\/\/www.eldiariodetucuman.com\/web\/#\/schema\/logo\/image\/","url":"http:\/\/www.eldiariodetucuman.com\/web\/wp-content\/uploads\/2017\/12\/el-diario-de-tucuman.jpg","contentUrl":"http:\/\/www.eldiariodetucuman.com\/web\/wp-content\/uploads\/2017\/12\/el-diario-de-tucuman.jpg","width":272,"height":92,"caption":"El Diario de Tucuman"},"image":{"@id":"https:\/\/www.eldiariodetucuman.com\/web\/#\/schema\/logo\/image\/"}},{"@type":"Person","@id":"https:\/\/www.eldiariodetucuman.com\/web\/#\/schema\/person\/7e6644a46e60888f6b868594407e08dd","name":"Redactor Uno","image":{"@type":"ImageObject","inLanguage":"es","@id":"https:\/\/secure.gravatar.com\/avatar\/0049b1bdf1bd548385c9ea6b9356431717930913089febd2ba904f0187d7d074?s=96&d=mm&r=g","url":"https:\/\/secure.gravatar.com\/avatar\/0049b1bdf1bd548385c9ea6b9356431717930913089febd2ba904f0187d7d074?s=96&d=mm&r=g","contentUrl":"https:\/\/secure.gravatar.com\/avatar\/0049b1bdf1bd548385c9ea6b9356431717930913089febd2ba904f0187d7d074?s=96&d=mm&r=g","caption":"Redactor Uno"},"url":"https:\/\/www.eldiariodetucuman.com\/web\/author\/mramasco\/"}]}},"_links":{"self":[{"href":"https:\/\/www.eldiariodetucuman.com\/web\/wp-json\/wp\/v2\/posts\/45878","targetHints":{"allow":["GET"]}}],"collection":[{"href":"https:\/\/www.eldiariodetucuman.com\/web\/wp-json\/wp\/v2\/posts"}],"about":[{"href":"https:\/\/www.eldiariodetucuman.com\/web\/wp-json\/wp\/v2\/types\/post"}],"author":[{"embeddable":true,"href":"https:\/\/www.eldiariodetucuman.com\/web\/wp-json\/wp\/v2\/users\/5"}],"replies":[{"embeddable":true,"href":"https:\/\/www.eldiariodetucuman.com\/web\/wp-json\/wp\/v2\/comments?post=45878"}],"version-history":[{"count":1,"href":"https:\/\/www.eldiariodetucuman.com\/web\/wp-json\/wp\/v2\/posts\/45878\/revisions"}],"predecessor-version":[{"id":45880,"href":"https:\/\/www.eldiariodetucuman.com\/web\/wp-json\/wp\/v2\/posts\/45878\/revisions\/45880"}],"wp:featuredmedia":[{"embeddable":true,"href":"https:\/\/www.eldiariodetucuman.com\/web\/wp-json\/wp\/v2\/media\/45879"}],"wp:attachment":[{"href":"https:\/\/www.eldiariodetucuman.com\/web\/wp-json\/wp\/v2\/media?parent=45878"}],"wp:term":[{"taxonomy":"category","embeddable":true,"href":"https:\/\/www.eldiariodetucuman.com\/web\/wp-json\/wp\/v2\/categories?post=45878"},{"taxonomy":"post_tag","embeddable":true,"href":"https:\/\/www.eldiariodetucuman.com\/web\/wp-json\/wp\/v2\/tags?post=45878"}],"curies":[{"name":"wp","href":"https:\/\/api.w.org\/{rel}","templated":true}]}}