{"id":45876,"date":"2025-10-08T18:07:18","date_gmt":"2025-10-08T21:07:18","guid":{"rendered":"https:\/\/www.eldiariodetucuman.com\/web\/jaldo-se-reunio-con-intendentes-y-concejales-de-toda-la-provincia\/"},"modified":"2025-10-08T18:07:18","modified_gmt":"2025-10-08T21:07:18","slug":"jaldo-se-reunio-con-intendentes-y-concejales-de-toda-la-provincia","status":"publish","type":"post","link":"https:\/\/www.eldiariodetucuman.com\/web\/jaldo-se-reunio-con-intendentes-y-concejales-de-toda-la-provincia\/","title":{"rendered":"Jaldo se reuni\u00f3 con intendentes y concejales de toda la provincia"},"content":{"rendered":"<p><\/p>\n<p id=\"isPasted\">El gobernador en uso de licencia,<strong> Osvaldo Jaldo<\/strong>, encabez\u00f3 este mi\u00e9rcoles una reuni\u00f3n de trabajo con intendentes y concejales de toda la provincia. El objetivo fue hacer un balance de lo realizado en cada municipio, fortalecer la institucionalidad local.<\/p>\n<p>El Mandatario estuvo acompa\u00f1ado por el ministro de Interior,<strong> Dar\u00edo Monteros.<\/strong><\/p>\n<p>&#13;<br \/>\n&#13;<\/p>\n<p>\u201cLe hemos sugerido a todos que, aunque haya elecciones, no descuidemos la gesti\u00f3n municipal, la institucionalidad ni los problemas de la gente. Primero est\u00e1 la gesti\u00f3n, despu\u00e9s lo electoral\u201d, afirm\u00f3.<\/p>\n<p>&#13;<\/p>\n<p>El gobernador tambi\u00e9n destac\u00f3 el trabajo conjunto realizado en obra p\u00fablica, salud, educaci\u00f3n y seguridad, con aportes tanto provinciales como municipales. Valor\u00f3 adem\u00e1s la participaci\u00f3n de concejales, incluso de municipios donde el intendente no pertenece a su espacio pol\u00edtico.<\/p>\n<p>\u201cGobernamos para los 19 municipios, incluido San Miguel de Tucum\u00e1n, sin distinci\u00f3n de banderas pol\u00edticas\u201d, sostuvo.<\/p>\n<p>Jaldo subray\u00f3 logros en seguridad, como el secuestro de una tonelada de coca\u00edna en lo que va del a\u00f1o, gracias al trabajo conjunto entre fuerzas provinciales y federales en el Operativo Lapacho.<\/p>\n<p>Tambi\u00e9n resalt\u00f3 avances en salud y educaci\u00f3n, como la mejora en hospitales y la incorporaci\u00f3n de ingl\u00e9s desde primer grado en escuelas p\u00fablicas, adem\u00e1s de capacitaci\u00f3n en inteligencia artificial para m\u00e1s de 20 mil docentes.<\/p>\n<p>En cuanto a la recuperaci\u00f3n del patrimonio estatal, destac\u00f3 la restituci\u00f3n de casi mil hect\u00e1reas de tierras usurpadas, ubicadas en zonas estrat\u00e9gicas como los Valles Calchaqu\u00edes y El Cadillal.<\/p>\n<p>Sobre el tramo final de la campa\u00f1a, Jaldo pidi\u00f3 reforzar la unidad del peronismo y del espacio Frente Tucum\u00e1n Primero en cada municipio, con apertura hacia nuevos sectores. \u201cTenemos que abrir los brazos a todos los tucumanos, est\u00e9n o no afiliados a nuestro espacio. Nos est\u00e1n acompa\u00f1ando porque ven una gesti\u00f3n que est\u00e1 cambiando Tucum\u00e1n\u00bb.<\/p>\n<\/p>\n<p>Participaron intendentes de Simoca (<strong id=\"isPasted\">Elvio Salazar);<\/strong> Monteros (<strong>Francisco Serra (h<\/strong>); Banda del R\u00edo Sal\u00ed (<strong>Gonzalo Monteros<\/strong>); Burruyac\u00fa (<strong>Jorge Leal<\/strong>); La Cocha(<strong>Gabriela Rodr\u00edguez<\/strong>); Graneros (<strong>Raquel Graneros)<\/strong>, Trancas (<strong>Antonio Moreno<\/strong>); Aguilares (<strong>Gimena Mansilla<\/strong>); Las Talitas <strong>(Marta Najar<\/strong>); Taf\u00ed del Valle (<strong>Francisco Caliva<\/strong>); Lules (<strong>Marta Albarrac\u00edn<\/strong>); Alderetes (<strong>Graciela Guti\u00e9rrez<\/strong>); Famaill\u00e1 (<strong>Jos\u00e9 Orellana<\/strong>); el interventor de Alberdi, <strong>Guillermo Norry<\/strong> y<strong>\u00a0<\/strong>el\u00a0candidato a intendente de Alberdi del Frente Tucum\u00e1n Primero, <strong>B<\/strong><strong>runo Romano <\/strong>y<strong>\u00a0<\/strong>concejales.<\/p>\n<p>El objetivo de la reuni\u00f3n, explic\u00f3 el ministro de Interior, Dar\u00edo Monteros, fue \u201carticular acciones con intendentes y concejales de toda la provincia. Se ha priorizado a la gesti\u00f3n de gobierno, la institucionalidad, seguir trabajando en cada una de las jurisdicciones y en todos los \u00e1mbitos que nos compete al gobierno, salud, educaci\u00f3n, seguridad, servicio, obra, estar a la par de la gente\u201d.<\/p>\n<\/p>\n<p>Fuente: <a href=\"https:\/\/www.comunicaciontucuman.gob.ar\/noticia\/gobernacion\/237362\/jaldo-se-reunio-intendentes-concejales-toda-provincia\"> Fuente de la nota <\/a><\/p>\n","protected":false},"excerpt":{"rendered":"<p>El gobernador en uso de licencia, Osvaldo Jaldo, encabez\u00f3 este mi\u00e9rcoles una reuni\u00f3n de trabajo con intendentes y concejales de toda la provincia. El objetivo fue hacer un balance de lo realizado en cada municipio, fortalecer la institucionalidad local. El Mandatario estuvo acompa\u00f1ado por el ministro de Interior, Dar\u00edo Monteros. &#13; &#13; \u201cLe hemos sugerido [&hellip;]<\/p>\n","protected":false},"author":1,"featured_media":45877,"comment_status":"closed","ping_status":"open","sticky":false,"template":"","format":"standard","meta":{"footnotes":""},"categories":[3],"tags":[],"class_list":{"0":"post-45876","1":"post","2":"type-post","3":"status-publish","4":"format-standard","5":"has-post-thumbnail","7":"category-politica"},"yoast_head":"<!-- This site is optimized with the Yoast SEO plugin v27.5 - https:\/\/yoast.com\/product\/yoast-seo-wordpress\/ -->\n<title>Jaldo se reuni\u00f3 con intendentes y concejales de toda la provincia - El Diario de Tucuman<\/title>\n<meta name=\"robots\" content=\"index, follow, max-snippet:-1, max-image-preview:large, max-video-preview:-1\" \/>\n<link rel=\"canonical\" href=\"https:\/\/www.eldiariodetucuman.com\/web\/jaldo-se-reunio-con-intendentes-y-concejales-de-toda-la-provincia\/\" \/>\n<meta property=\"og:locale\" content=\"es_ES\" \/>\n<meta property=\"og:type\" content=\"article\" \/>\n<meta property=\"og:title\" content=\"Jaldo se reuni\u00f3 con intendentes y concejales de toda la provincia - El Diario de Tucuman\" \/>\n<meta property=\"og:description\" content=\"El gobernador en uso de licencia, Osvaldo Jaldo, encabez\u00f3 este mi\u00e9rcoles una reuni\u00f3n de trabajo con intendentes y concejales de toda la provincia. El objetivo fue hacer un balance de lo realizado en cada municipio, fortalecer la institucionalidad local. El Mandatario estuvo acompa\u00f1ado por el ministro de Interior, Dar\u00edo Monteros. &#013; &#013; \u201cLe hemos sugerido [&hellip;]\" \/>\n<meta property=\"og:url\" content=\"https:\/\/www.eldiariodetucuman.com\/web\/jaldo-se-reunio-con-intendentes-y-concejales-de-toda-la-provincia\/\" \/>\n<meta property=\"og:site_name\" content=\"El Diario de Tucuman\" \/>\n<meta property=\"article:published_time\" content=\"2025-10-08T21:07:18+00:00\" \/>\n<meta name=\"author\" content=\"admin\" \/>\n<meta name=\"twitter:card\" content=\"summary_large_image\" \/>\n<meta name=\"twitter:label1\" content=\"Escrito por\" \/>\n\t<meta name=\"twitter:data1\" content=\"admin\" \/>\n\t<meta name=\"twitter:label2\" content=\"Tiempo de lectura\" \/>\n\t<meta name=\"twitter:data2\" content=\"2 minutos\" \/>\n<script type=\"application\/ld+json\" class=\"yoast-schema-graph\">{\"@context\":\"https:\\\/\\\/schema.org\",\"@graph\":[{\"@type\":\"Article\",\"@id\":\"https:\\\/\\\/www.eldiariodetucuman.com\\\/web\\\/jaldo-se-reunio-con-intendentes-y-concejales-de-toda-la-provincia\\\/#article\",\"isPartOf\":{\"@id\":\"https:\\\/\\\/www.eldiariodetucuman.com\\\/web\\\/jaldo-se-reunio-con-intendentes-y-concejales-de-toda-la-provincia\\\/\"},\"author\":{\"name\":\"admin\",\"@id\":\"https:\\\/\\\/www.eldiariodetucuman.com\\\/web\\\/#\\\/schema\\\/person\\\/9250197d75ab5483412e19678b121caa\"},\"headline\":\"Jaldo se reuni\u00f3 con intendentes y concejales de toda la provincia\",\"datePublished\":\"2025-10-08T21:07:18+00:00\",\"mainEntityOfPage\":{\"@id\":\"https:\\\/\\\/www.eldiariodetucuman.com\\\/web\\\/jaldo-se-reunio-con-intendentes-y-concejales-de-toda-la-provincia\\\/\"},\"wordCount\":482,\"publisher\":{\"@id\":\"https:\\\/\\\/www.eldiariodetucuman.com\\\/web\\\/#organization\"},\"image\":{\"@id\":\"https:\\\/\\\/www.eldiariodetucuman.com\\\/web\\\/jaldo-se-reunio-con-intendentes-y-concejales-de-toda-la-provincia\\\/#primaryimage\"},\"thumbnailUrl\":\"https:\\\/\\\/www.eldiariodetucuman.com\\\/web\\\/wp-content\\\/uploads\\\/2025\\\/10\\\/Jaldo-se-reunio-con-intendentes-y-concejales-de-toda-la.jpeg\",\"articleSection\":[\"Politica\"],\"inLanguage\":\"es\"},{\"@type\":\"WebPage\",\"@id\":\"https:\\\/\\\/www.eldiariodetucuman.com\\\/web\\\/jaldo-se-reunio-con-intendentes-y-concejales-de-toda-la-provincia\\\/\",\"url\":\"https:\\\/\\\/www.eldiariodetucuman.com\\\/web\\\/jaldo-se-reunio-con-intendentes-y-concejales-de-toda-la-provincia\\\/\",\"name\":\"Jaldo se reuni\u00f3 con intendentes y concejales de toda la provincia - El Diario de Tucuman\",\"isPartOf\":{\"@id\":\"https:\\\/\\\/www.eldiariodetucuman.com\\\/web\\\/#website\"},\"primaryImageOfPage\":{\"@id\":\"https:\\\/\\\/www.eldiariodetucuman.com\\\/web\\\/jaldo-se-reunio-con-intendentes-y-concejales-de-toda-la-provincia\\\/#primaryimage\"},\"image\":{\"@id\":\"https:\\\/\\\/www.eldiariodetucuman.com\\\/web\\\/jaldo-se-reunio-con-intendentes-y-concejales-de-toda-la-provincia\\\/#primaryimage\"},\"thumbnailUrl\":\"https:\\\/\\\/www.eldiariodetucuman.com\\\/web\\\/wp-content\\\/uploads\\\/2025\\\/10\\\/Jaldo-se-reunio-con-intendentes-y-concejales-de-toda-la.jpeg\",\"datePublished\":\"2025-10-08T21:07:18+00:00\",\"breadcrumb\":{\"@id\":\"https:\\\/\\\/www.eldiariodetucuman.com\\\/web\\\/jaldo-se-reunio-con-intendentes-y-concejales-de-toda-la-provincia\\\/#breadcrumb\"},\"inLanguage\":\"es\",\"potentialAction\":[{\"@type\":\"ReadAction\",\"target\":[\"https:\\\/\\\/www.eldiariodetucuman.com\\\/web\\\/jaldo-se-reunio-con-intendentes-y-concejales-de-toda-la-provincia\\\/\"]}]},{\"@type\":\"ImageObject\",\"inLanguage\":\"es\",\"@id\":\"https:\\\/\\\/www.eldiariodetucuman.com\\\/web\\\/jaldo-se-reunio-con-intendentes-y-concejales-de-toda-la-provincia\\\/#primaryimage\",\"url\":\"https:\\\/\\\/www.eldiariodetucuman.com\\\/web\\\/wp-content\\\/uploads\\\/2025\\\/10\\\/Jaldo-se-reunio-con-intendentes-y-concejales-de-toda-la.jpeg\",\"contentUrl\":\"https:\\\/\\\/www.eldiariodetucuman.com\\\/web\\\/wp-content\\\/uploads\\\/2025\\\/10\\\/Jaldo-se-reunio-con-intendentes-y-concejales-de-toda-la.jpeg\",\"width\":818,\"height\":460},{\"@type\":\"BreadcrumbList\",\"@id\":\"https:\\\/\\\/www.eldiariodetucuman.com\\\/web\\\/jaldo-se-reunio-con-intendentes-y-concejales-de-toda-la-provincia\\\/#breadcrumb\",\"itemListElement\":[{\"@type\":\"ListItem\",\"position\":1,\"name\":\"Portada\",\"item\":\"https:\\\/\\\/www.eldiariodetucuman.com\\\/web\\\/\"},{\"@type\":\"ListItem\",\"position\":2,\"name\":\"Jaldo se reuni\u00f3 con intendentes y concejales de toda la provincia\"}]},{\"@type\":\"WebSite\",\"@id\":\"https:\\\/\\\/www.eldiariodetucuman.com\\\/web\\\/#website\",\"url\":\"https:\\\/\\\/www.eldiariodetucuman.com\\\/web\\\/\",\"name\":\"El Diario de Tucuman\",\"description\":\"Diario Tucuman - Informaci\u00f3n y noticias\",\"publisher\":{\"@id\":\"https:\\\/\\\/www.eldiariodetucuman.com\\\/web\\\/#organization\"},\"potentialAction\":[{\"@type\":\"SearchAction\",\"target\":{\"@type\":\"EntryPoint\",\"urlTemplate\":\"https:\\\/\\\/www.eldiariodetucuman.com\\\/web\\\/?s={search_term_string}\"},\"query-input\":{\"@type\":\"PropertyValueSpecification\",\"valueRequired\":true,\"valueName\":\"search_term_string\"}}],\"inLanguage\":\"es\"},{\"@type\":\"Organization\",\"@id\":\"https:\\\/\\\/www.eldiariodetucuman.com\\\/web\\\/#organization\",\"name\":\"El Diario de Tucuman\",\"url\":\"https:\\\/\\\/www.eldiariodetucuman.com\\\/web\\\/\",\"logo\":{\"@type\":\"ImageObject\",\"inLanguage\":\"es\",\"@id\":\"https:\\\/\\\/www.eldiariodetucuman.com\\\/web\\\/#\\\/schema\\\/logo\\\/image\\\/\",\"url\":\"http:\\\/\\\/www.eldiariodetucuman.com\\\/web\\\/wp-content\\\/uploads\\\/2017\\\/12\\\/el-diario-de-tucuman.jpg\",\"contentUrl\":\"http:\\\/\\\/www.eldiariodetucuman.com\\\/web\\\/wp-content\\\/uploads\\\/2017\\\/12\\\/el-diario-de-tucuman.jpg\",\"width\":272,\"height\":92,\"caption\":\"El Diario de Tucuman\"},\"image\":{\"@id\":\"https:\\\/\\\/www.eldiariodetucuman.com\\\/web\\\/#\\\/schema\\\/logo\\\/image\\\/\"}},{\"@type\":\"Person\",\"@id\":\"https:\\\/\\\/www.eldiariodetucuman.com\\\/web\\\/#\\\/schema\\\/person\\\/9250197d75ab5483412e19678b121caa\",\"name\":\"admin\",\"image\":{\"@type\":\"ImageObject\",\"inLanguage\":\"es\",\"@id\":\"https:\\\/\\\/secure.gravatar.com\\\/avatar\\\/c44d117c2be811212c22cb481f6b8384b6873de103fbc49e7a03cc58d7dea4ac?s=96&d=mm&r=g\",\"url\":\"https:\\\/\\\/secure.gravatar.com\\\/avatar\\\/c44d117c2be811212c22cb481f6b8384b6873de103fbc49e7a03cc58d7dea4ac?s=96&d=mm&r=g\",\"contentUrl\":\"https:\\\/\\\/secure.gravatar.com\\\/avatar\\\/c44d117c2be811212c22cb481f6b8384b6873de103fbc49e7a03cc58d7dea4ac?s=96&d=mm&r=g\",\"caption\":\"admin\"},\"url\":\"https:\\\/\\\/www.eldiariodetucuman.com\\\/web\\\/author\\\/admin\\\/\"}]}<\/script>\n<!-- \/ Yoast SEO plugin. -->","yoast_head_json":{"title":"Jaldo se reuni\u00f3 con intendentes y concejales de toda la provincia - El Diario de Tucuman","robots":{"index":"index","follow":"follow","max-snippet":"max-snippet:-1","max-image-preview":"max-image-preview:large","max-video-preview":"max-video-preview:-1"},"canonical":"https:\/\/www.eldiariodetucuman.com\/web\/jaldo-se-reunio-con-intendentes-y-concejales-de-toda-la-provincia\/","og_locale":"es_ES","og_type":"article","og_title":"Jaldo se reuni\u00f3 con intendentes y concejales de toda la provincia - El Diario de Tucuman","og_description":"El gobernador en uso de licencia, Osvaldo Jaldo, encabez\u00f3 este mi\u00e9rcoles una reuni\u00f3n de trabajo con intendentes y concejales de toda la provincia. El objetivo fue hacer un balance de lo realizado en cada municipio, fortalecer la institucionalidad local. El Mandatario estuvo acompa\u00f1ado por el ministro de Interior, Dar\u00edo Monteros. &#13; &#13; \u201cLe hemos sugerido [&hellip;]","og_url":"https:\/\/www.eldiariodetucuman.com\/web\/jaldo-se-reunio-con-intendentes-y-concejales-de-toda-la-provincia\/","og_site_name":"El Diario de Tucuman","article_published_time":"2025-10-08T21:07:18+00:00","author":"admin","twitter_card":"summary_large_image","twitter_misc":{"Escrito por":"admin","Tiempo de lectura":"2 minutos"},"schema":{"@context":"https:\/\/schema.org","@graph":[{"@type":"Article","@id":"https:\/\/www.eldiariodetucuman.com\/web\/jaldo-se-reunio-con-intendentes-y-concejales-de-toda-la-provincia\/#article","isPartOf":{"@id":"https:\/\/www.eldiariodetucuman.com\/web\/jaldo-se-reunio-con-intendentes-y-concejales-de-toda-la-provincia\/"},"author":{"name":"admin","@id":"https:\/\/www.eldiariodetucuman.com\/web\/#\/schema\/person\/9250197d75ab5483412e19678b121caa"},"headline":"Jaldo se reuni\u00f3 con intendentes y concejales de toda la provincia","datePublished":"2025-10-08T21:07:18+00:00","mainEntityOfPage":{"@id":"https:\/\/www.eldiariodetucuman.com\/web\/jaldo-se-reunio-con-intendentes-y-concejales-de-toda-la-provincia\/"},"wordCount":482,"publisher":{"@id":"https:\/\/www.eldiariodetucuman.com\/web\/#organization"},"image":{"@id":"https:\/\/www.eldiariodetucuman.com\/web\/jaldo-se-reunio-con-intendentes-y-concejales-de-toda-la-provincia\/#primaryimage"},"thumbnailUrl":"https:\/\/www.eldiariodetucuman.com\/web\/wp-content\/uploads\/2025\/10\/Jaldo-se-reunio-con-intendentes-y-concejales-de-toda-la.jpeg","articleSection":["Politica"],"inLanguage":"es"},{"@type":"WebPage","@id":"https:\/\/www.eldiariodetucuman.com\/web\/jaldo-se-reunio-con-intendentes-y-concejales-de-toda-la-provincia\/","url":"https:\/\/www.eldiariodetucuman.com\/web\/jaldo-se-reunio-con-intendentes-y-concejales-de-toda-la-provincia\/","name":"Jaldo se reuni\u00f3 con intendentes y concejales de toda la provincia - El Diario de Tucuman","isPartOf":{"@id":"https:\/\/www.eldiariodetucuman.com\/web\/#website"},"primaryImageOfPage":{"@id":"https:\/\/www.eldiariodetucuman.com\/web\/jaldo-se-reunio-con-intendentes-y-concejales-de-toda-la-provincia\/#primaryimage"},"image":{"@id":"https:\/\/www.eldiariodetucuman.com\/web\/jaldo-se-reunio-con-intendentes-y-concejales-de-toda-la-provincia\/#primaryimage"},"thumbnailUrl":"https:\/\/www.eldiariodetucuman.com\/web\/wp-content\/uploads\/2025\/10\/Jaldo-se-reunio-con-intendentes-y-concejales-de-toda-la.jpeg","datePublished":"2025-10-08T21:07:18+00:00","breadcrumb":{"@id":"https:\/\/www.eldiariodetucuman.com\/web\/jaldo-se-reunio-con-intendentes-y-concejales-de-toda-la-provincia\/#breadcrumb"},"inLanguage":"es","potentialAction":[{"@type":"ReadAction","target":["https:\/\/www.eldiariodetucuman.com\/web\/jaldo-se-reunio-con-intendentes-y-concejales-de-toda-la-provincia\/"]}]},{"@type":"ImageObject","inLanguage":"es","@id":"https:\/\/www.eldiariodetucuman.com\/web\/jaldo-se-reunio-con-intendentes-y-concejales-de-toda-la-provincia\/#primaryimage","url":"https:\/\/www.eldiariodetucuman.com\/web\/wp-content\/uploads\/2025\/10\/Jaldo-se-reunio-con-intendentes-y-concejales-de-toda-la.jpeg","contentUrl":"https:\/\/www.eldiariodetucuman.com\/web\/wp-content\/uploads\/2025\/10\/Jaldo-se-reunio-con-intendentes-y-concejales-de-toda-la.jpeg","width":818,"height":460},{"@type":"BreadcrumbList","@id":"https:\/\/www.eldiariodetucuman.com\/web\/jaldo-se-reunio-con-intendentes-y-concejales-de-toda-la-provincia\/#breadcrumb","itemListElement":[{"@type":"ListItem","position":1,"name":"Portada","item":"https:\/\/www.eldiariodetucuman.com\/web\/"},{"@type":"ListItem","position":2,"name":"Jaldo se reuni\u00f3 con intendentes y concejales de toda la provincia"}]},{"@type":"WebSite","@id":"https:\/\/www.eldiariodetucuman.com\/web\/#website","url":"https:\/\/www.eldiariodetucuman.com\/web\/","name":"El Diario de Tucuman","description":"Diario Tucuman - Informaci\u00f3n y noticias","publisher":{"@id":"https:\/\/www.eldiariodetucuman.com\/web\/#organization"},"potentialAction":[{"@type":"SearchAction","target":{"@type":"EntryPoint","urlTemplate":"https:\/\/www.eldiariodetucuman.com\/web\/?s={search_term_string}"},"query-input":{"@type":"PropertyValueSpecification","valueRequired":true,"valueName":"search_term_string"}}],"inLanguage":"es"},{"@type":"Organization","@id":"https:\/\/www.eldiariodetucuman.com\/web\/#organization","name":"El Diario de Tucuman","url":"https:\/\/www.eldiariodetucuman.com\/web\/","logo":{"@type":"ImageObject","inLanguage":"es","@id":"https:\/\/www.eldiariodetucuman.com\/web\/#\/schema\/logo\/image\/","url":"http:\/\/www.eldiariodetucuman.com\/web\/wp-content\/uploads\/2017\/12\/el-diario-de-tucuman.jpg","contentUrl":"http:\/\/www.eldiariodetucuman.com\/web\/wp-content\/uploads\/2017\/12\/el-diario-de-tucuman.jpg","width":272,"height":92,"caption":"El Diario de Tucuman"},"image":{"@id":"https:\/\/www.eldiariodetucuman.com\/web\/#\/schema\/logo\/image\/"}},{"@type":"Person","@id":"https:\/\/www.eldiariodetucuman.com\/web\/#\/schema\/person\/9250197d75ab5483412e19678b121caa","name":"admin","image":{"@type":"ImageObject","inLanguage":"es","@id":"https:\/\/secure.gravatar.com\/avatar\/c44d117c2be811212c22cb481f6b8384b6873de103fbc49e7a03cc58d7dea4ac?s=96&d=mm&r=g","url":"https:\/\/secure.gravatar.com\/avatar\/c44d117c2be811212c22cb481f6b8384b6873de103fbc49e7a03cc58d7dea4ac?s=96&d=mm&r=g","contentUrl":"https:\/\/secure.gravatar.com\/avatar\/c44d117c2be811212c22cb481f6b8384b6873de103fbc49e7a03cc58d7dea4ac?s=96&d=mm&r=g","caption":"admin"},"url":"https:\/\/www.eldiariodetucuman.com\/web\/author\/admin\/"}]}},"_links":{"self":[{"href":"https:\/\/www.eldiariodetucuman.com\/web\/wp-json\/wp\/v2\/posts\/45876","targetHints":{"allow":["GET"]}}],"collection":[{"href":"https:\/\/www.eldiariodetucuman.com\/web\/wp-json\/wp\/v2\/posts"}],"about":[{"href":"https:\/\/www.eldiariodetucuman.com\/web\/wp-json\/wp\/v2\/types\/post"}],"author":[{"embeddable":true,"href":"https:\/\/www.eldiariodetucuman.com\/web\/wp-json\/wp\/v2\/users\/1"}],"replies":[{"embeddable":true,"href":"https:\/\/www.eldiariodetucuman.com\/web\/wp-json\/wp\/v2\/comments?post=45876"}],"version-history":[{"count":0,"href":"https:\/\/www.eldiariodetucuman.com\/web\/wp-json\/wp\/v2\/posts\/45876\/revisions"}],"wp:featuredmedia":[{"embeddable":true,"href":"https:\/\/www.eldiariodetucuman.com\/web\/wp-json\/wp\/v2\/media\/45877"}],"wp:attachment":[{"href":"https:\/\/www.eldiariodetucuman.com\/web\/wp-json\/wp\/v2\/media?parent=45876"}],"wp:term":[{"taxonomy":"category","embeddable":true,"href":"https:\/\/www.eldiariodetucuman.com\/web\/wp-json\/wp\/v2\/categories?post=45876"},{"taxonomy":"post_tag","embeddable":true,"href":"https:\/\/www.eldiariodetucuman.com\/web\/wp-json\/wp\/v2\/tags?post=45876"}],"curies":[{"name":"wp","href":"https:\/\/api.w.org\/{rel}","templated":true}]}}