{"id":45874,"date":"2025-10-08T18:01:04","date_gmt":"2025-10-08T21:01:04","guid":{"rendered":"https:\/\/www.eldiariodetucuman.com\/web\/tucuman-va-a-estar-en-el-centro-del-tenis-mundial-en-esa-semana\/"},"modified":"2025-10-08T18:01:04","modified_gmt":"2025-10-08T21:01:04","slug":"tucuman-va-a-estar-en-el-centro-del-tenis-mundial-en-esa-semana","status":"publish","type":"post","link":"https:\/\/www.eldiariodetucuman.com\/web\/tucuman-va-a-estar-en-el-centro-del-tenis-mundial-en-esa-semana\/","title":{"rendered":"Tucum\u00e1n va a estar en el centro del tenis mundial en esa semana"},"content":{"rendered":"<p>    <\/p>\n<p>\u00abTodos los presentes aqu\u00ed presentes, agradecer por supuesto el esfuerzo del gobierno de Tucum\u00e1n y de todas las entidades que nos est\u00e1n acompa\u00f1ando. Agradecer al Tucum\u00e1n Lawn Tennis, ya tiene mucha historia el club en torneos internacionales, as\u00ed que nosotros en ese sentido estamos tranquilos. Augusto (Arquez), Mecha (Mercedes Paz), gracias por&#8230; y Fernando (Renta Mora), muchas gracias por coorganizar y acompa\u00f1arnos y en este proyecto\u00bb, expres\u00f3 Mart\u00edn Jaite en la conferencia de presentaci\u00f3n.<\/p>\n<p> image   <\/p>\n<p>\u00abTennium es una empresa que tiene muchos torneos en el mundo, organiza torneos tanto masculinos como femeninos y hace cinco a\u00f1os iniciamos este viaje por los torneos femeninos. Hace cinco a\u00f1os empezamos en Buenos Aires el primer WTA 125 y fuimos creciendo de torneos por Sudam\u00e9rica. Actualmente hay siete torneos en Sudam\u00e9rica y para m\u00ed es un placer muy grande que uno de los torneos sea en Tucum\u00e1n y que sea el segundo torneo que podemos hacer en Argentina ante caracter\u00edsticas\u00bb, agreg\u00f3 Jaite.<\/p>\n<p>El ex capit\u00e1n del equipo argentino de Copa Davis hizo hincapi\u00e9 en la importancia que tienen esta clase de torneos para el crecimiento de las jugadoras. \u00abEs un torneo muy importante para el desarrollo del tenis femenino, no solamente argentino sino sudamericano. Cuando iniciamos hace cinco a\u00f1os este trayecto ninguna jugadora argentina pod\u00eda entrar directamente en el cuadro, ten\u00edamos que dar limitaciones especiales y hoy despu\u00e9s de cinco a\u00f1os en Tucum\u00e1n van a haber tres jugadoras argentinas que ya entran directamente al cuadro\u00bb.<\/p>\n<p>\u00abHoy estamos presentando este WTA 125 aqu\u00ed, as\u00ed que para Tennium es realmente un honor, es un placer, ojal\u00e1 nos acompa\u00f1en, ojal\u00e1 el p\u00fablico tambi\u00e9n acompa\u00f1e y ojal\u00e1, estoy seguro que del 3 al 9 de noviembre esto va a ser una fiesta. Tambi\u00e9n hay que destacar que tenemos un acuerdo con ESPN y Disney que son los que van a estar pasando sobre todos los partidos semifinales y finales, as\u00ed que Tucum\u00e1n va a estar en el centro del tenis mundial durante esa semana\u00bb, concluy\u00f3 el ex tenista.<\/p>\n<p>Fuente: <a href=\"https:\/\/www.lv12.com.ar\/tucuman\/tucuman-va-estar-el-centro-del-tenis-mundial-esa-semana-n186992\"> Fuente de la nota <\/a><\/p>\n","protected":false},"excerpt":{"rendered":"<p>\u00abTodos los presentes aqu\u00ed presentes, agradecer por supuesto el esfuerzo del gobierno de Tucum\u00e1n y de todas las entidades que nos est\u00e1n acompa\u00f1ando. Agradecer al Tucum\u00e1n Lawn Tennis, ya tiene mucha historia el club en torneos internacionales, as\u00ed que nosotros en ese sentido estamos tranquilos. Augusto (Arquez), Mecha (Mercedes Paz), gracias por&#8230; y Fernando (Renta [&hellip;]<\/p>\n","protected":false},"author":1,"featured_media":45875,"comment_status":"closed","ping_status":"open","sticky":false,"template":"","format":"standard","meta":{"footnotes":""},"categories":[6],"tags":[],"class_list":{"0":"post-45874","1":"post","2":"type-post","3":"status-publish","4":"format-standard","5":"has-post-thumbnail","7":"category-deporte"},"yoast_head":"<!-- This site is optimized with the Yoast SEO plugin v27.5 - https:\/\/yoast.com\/product\/yoast-seo-wordpress\/ -->\n<title>Tucum\u00e1n va a estar en el centro del tenis mundial en esa semana - El Diario de Tucuman<\/title>\n<meta name=\"robots\" content=\"index, follow, max-snippet:-1, max-image-preview:large, max-video-preview:-1\" \/>\n<link rel=\"canonical\" href=\"https:\/\/www.eldiariodetucuman.com\/web\/tucuman-va-a-estar-en-el-centro-del-tenis-mundial-en-esa-semana\/\" \/>\n<meta property=\"og:locale\" content=\"es_ES\" \/>\n<meta property=\"og:type\" content=\"article\" \/>\n<meta property=\"og:title\" content=\"Tucum\u00e1n va a estar en el centro del tenis mundial en esa semana - El Diario de Tucuman\" \/>\n<meta property=\"og:description\" content=\"\u00abTodos los presentes aqu\u00ed presentes, agradecer por supuesto el esfuerzo del gobierno de Tucum\u00e1n y de todas las entidades que nos est\u00e1n acompa\u00f1ando. Agradecer al Tucum\u00e1n Lawn Tennis, ya tiene mucha historia el club en torneos internacionales, as\u00ed que nosotros en ese sentido estamos tranquilos. Augusto (Arquez), Mecha (Mercedes Paz), gracias por&#8230; y Fernando (Renta [&hellip;]\" \/>\n<meta property=\"og:url\" content=\"https:\/\/www.eldiariodetucuman.com\/web\/tucuman-va-a-estar-en-el-centro-del-tenis-mundial-en-esa-semana\/\" \/>\n<meta property=\"og:site_name\" content=\"El Diario de Tucuman\" \/>\n<meta property=\"article:published_time\" content=\"2025-10-08T21:01:04+00:00\" \/>\n<meta name=\"author\" content=\"admin\" \/>\n<meta name=\"twitter:card\" content=\"summary_large_image\" \/>\n<meta name=\"twitter:label1\" content=\"Escrito por\" \/>\n\t<meta name=\"twitter:data1\" content=\"admin\" \/>\n\t<meta name=\"twitter:label2\" content=\"Tiempo de lectura\" \/>\n\t<meta name=\"twitter:data2\" content=\"2 minutos\" \/>\n<script type=\"application\/ld+json\" class=\"yoast-schema-graph\">{\"@context\":\"https:\\\/\\\/schema.org\",\"@graph\":[{\"@type\":\"Article\",\"@id\":\"https:\\\/\\\/www.eldiariodetucuman.com\\\/web\\\/tucuman-va-a-estar-en-el-centro-del-tenis-mundial-en-esa-semana\\\/#article\",\"isPartOf\":{\"@id\":\"https:\\\/\\\/www.eldiariodetucuman.com\\\/web\\\/tucuman-va-a-estar-en-el-centro-del-tenis-mundial-en-esa-semana\\\/\"},\"author\":{\"name\":\"admin\",\"@id\":\"https:\\\/\\\/www.eldiariodetucuman.com\\\/web\\\/#\\\/schema\\\/person\\\/9250197d75ab5483412e19678b121caa\"},\"headline\":\"Tucum\u00e1n va a estar en el centro del tenis mundial en esa semana\",\"datePublished\":\"2025-10-08T21:01:04+00:00\",\"mainEntityOfPage\":{\"@id\":\"https:\\\/\\\/www.eldiariodetucuman.com\\\/web\\\/tucuman-va-a-estar-en-el-centro-del-tenis-mundial-en-esa-semana\\\/\"},\"wordCount\":371,\"publisher\":{\"@id\":\"https:\\\/\\\/www.eldiariodetucuman.com\\\/web\\\/#organization\"},\"image\":{\"@id\":\"https:\\\/\\\/www.eldiariodetucuman.com\\\/web\\\/tucuman-va-a-estar-en-el-centro-del-tenis-mundial-en-esa-semana\\\/#primaryimage\"},\"thumbnailUrl\":\"https:\\\/\\\/www.eldiariodetucuman.com\\\/web\\\/wp-content\\\/uploads\\\/2025\\\/10\\\/Tucuman-va-a-estar-en-el-centro-del-tenis-mundial.jfif.jpeg\",\"articleSection\":[\"Deporte\"],\"inLanguage\":\"es\"},{\"@type\":\"WebPage\",\"@id\":\"https:\\\/\\\/www.eldiariodetucuman.com\\\/web\\\/tucuman-va-a-estar-en-el-centro-del-tenis-mundial-en-esa-semana\\\/\",\"url\":\"https:\\\/\\\/www.eldiariodetucuman.com\\\/web\\\/tucuman-va-a-estar-en-el-centro-del-tenis-mundial-en-esa-semana\\\/\",\"name\":\"Tucum\u00e1n va a estar en el centro del tenis mundial en esa semana - El Diario de Tucuman\",\"isPartOf\":{\"@id\":\"https:\\\/\\\/www.eldiariodetucuman.com\\\/web\\\/#website\"},\"primaryImageOfPage\":{\"@id\":\"https:\\\/\\\/www.eldiariodetucuman.com\\\/web\\\/tucuman-va-a-estar-en-el-centro-del-tenis-mundial-en-esa-semana\\\/#primaryimage\"},\"image\":{\"@id\":\"https:\\\/\\\/www.eldiariodetucuman.com\\\/web\\\/tucuman-va-a-estar-en-el-centro-del-tenis-mundial-en-esa-semana\\\/#primaryimage\"},\"thumbnailUrl\":\"https:\\\/\\\/www.eldiariodetucuman.com\\\/web\\\/wp-content\\\/uploads\\\/2025\\\/10\\\/Tucuman-va-a-estar-en-el-centro-del-tenis-mundial.jfif.jpeg\",\"datePublished\":\"2025-10-08T21:01:04+00:00\",\"breadcrumb\":{\"@id\":\"https:\\\/\\\/www.eldiariodetucuman.com\\\/web\\\/tucuman-va-a-estar-en-el-centro-del-tenis-mundial-en-esa-semana\\\/#breadcrumb\"},\"inLanguage\":\"es\",\"potentialAction\":[{\"@type\":\"ReadAction\",\"target\":[\"https:\\\/\\\/www.eldiariodetucuman.com\\\/web\\\/tucuman-va-a-estar-en-el-centro-del-tenis-mundial-en-esa-semana\\\/\"]}]},{\"@type\":\"ImageObject\",\"inLanguage\":\"es\",\"@id\":\"https:\\\/\\\/www.eldiariodetucuman.com\\\/web\\\/tucuman-va-a-estar-en-el-centro-del-tenis-mundial-en-esa-semana\\\/#primaryimage\",\"url\":\"https:\\\/\\\/www.eldiariodetucuman.com\\\/web\\\/wp-content\\\/uploads\\\/2025\\\/10\\\/Tucuman-va-a-estar-en-el-centro-del-tenis-mundial.jfif.jpeg\",\"contentUrl\":\"https:\\\/\\\/www.eldiariodetucuman.com\\\/web\\\/wp-content\\\/uploads\\\/2025\\\/10\\\/Tucuman-va-a-estar-en-el-centro-del-tenis-mundial.jfif.jpeg\",\"width\":1200,\"height\":675},{\"@type\":\"BreadcrumbList\",\"@id\":\"https:\\\/\\\/www.eldiariodetucuman.com\\\/web\\\/tucuman-va-a-estar-en-el-centro-del-tenis-mundial-en-esa-semana\\\/#breadcrumb\",\"itemListElement\":[{\"@type\":\"ListItem\",\"position\":1,\"name\":\"Portada\",\"item\":\"https:\\\/\\\/www.eldiariodetucuman.com\\\/web\\\/\"},{\"@type\":\"ListItem\",\"position\":2,\"name\":\"Tucum\u00e1n va a estar en el centro del tenis mundial en esa semana\"}]},{\"@type\":\"WebSite\",\"@id\":\"https:\\\/\\\/www.eldiariodetucuman.com\\\/web\\\/#website\",\"url\":\"https:\\\/\\\/www.eldiariodetucuman.com\\\/web\\\/\",\"name\":\"El Diario de Tucuman\",\"description\":\"Diario Tucuman - Informaci\u00f3n y noticias\",\"publisher\":{\"@id\":\"https:\\\/\\\/www.eldiariodetucuman.com\\\/web\\\/#organization\"},\"potentialAction\":[{\"@type\":\"SearchAction\",\"target\":{\"@type\":\"EntryPoint\",\"urlTemplate\":\"https:\\\/\\\/www.eldiariodetucuman.com\\\/web\\\/?s={search_term_string}\"},\"query-input\":{\"@type\":\"PropertyValueSpecification\",\"valueRequired\":true,\"valueName\":\"search_term_string\"}}],\"inLanguage\":\"es\"},{\"@type\":\"Organization\",\"@id\":\"https:\\\/\\\/www.eldiariodetucuman.com\\\/web\\\/#organization\",\"name\":\"El Diario de Tucuman\",\"url\":\"https:\\\/\\\/www.eldiariodetucuman.com\\\/web\\\/\",\"logo\":{\"@type\":\"ImageObject\",\"inLanguage\":\"es\",\"@id\":\"https:\\\/\\\/www.eldiariodetucuman.com\\\/web\\\/#\\\/schema\\\/logo\\\/image\\\/\",\"url\":\"http:\\\/\\\/www.eldiariodetucuman.com\\\/web\\\/wp-content\\\/uploads\\\/2017\\\/12\\\/el-diario-de-tucuman.jpg\",\"contentUrl\":\"http:\\\/\\\/www.eldiariodetucuman.com\\\/web\\\/wp-content\\\/uploads\\\/2017\\\/12\\\/el-diario-de-tucuman.jpg\",\"width\":272,\"height\":92,\"caption\":\"El Diario de Tucuman\"},\"image\":{\"@id\":\"https:\\\/\\\/www.eldiariodetucuman.com\\\/web\\\/#\\\/schema\\\/logo\\\/image\\\/\"}},{\"@type\":\"Person\",\"@id\":\"https:\\\/\\\/www.eldiariodetucuman.com\\\/web\\\/#\\\/schema\\\/person\\\/9250197d75ab5483412e19678b121caa\",\"name\":\"admin\",\"image\":{\"@type\":\"ImageObject\",\"inLanguage\":\"es\",\"@id\":\"https:\\\/\\\/secure.gravatar.com\\\/avatar\\\/c44d117c2be811212c22cb481f6b8384b6873de103fbc49e7a03cc58d7dea4ac?s=96&d=mm&r=g\",\"url\":\"https:\\\/\\\/secure.gravatar.com\\\/avatar\\\/c44d117c2be811212c22cb481f6b8384b6873de103fbc49e7a03cc58d7dea4ac?s=96&d=mm&r=g\",\"contentUrl\":\"https:\\\/\\\/secure.gravatar.com\\\/avatar\\\/c44d117c2be811212c22cb481f6b8384b6873de103fbc49e7a03cc58d7dea4ac?s=96&d=mm&r=g\",\"caption\":\"admin\"},\"url\":\"https:\\\/\\\/www.eldiariodetucuman.com\\\/web\\\/author\\\/admin\\\/\"}]}<\/script>\n<!-- \/ Yoast SEO plugin. -->","yoast_head_json":{"title":"Tucum\u00e1n va a estar en el centro del tenis mundial en esa semana - El Diario de Tucuman","robots":{"index":"index","follow":"follow","max-snippet":"max-snippet:-1","max-image-preview":"max-image-preview:large","max-video-preview":"max-video-preview:-1"},"canonical":"https:\/\/www.eldiariodetucuman.com\/web\/tucuman-va-a-estar-en-el-centro-del-tenis-mundial-en-esa-semana\/","og_locale":"es_ES","og_type":"article","og_title":"Tucum\u00e1n va a estar en el centro del tenis mundial en esa semana - El Diario de Tucuman","og_description":"\u00abTodos los presentes aqu\u00ed presentes, agradecer por supuesto el esfuerzo del gobierno de Tucum\u00e1n y de todas las entidades que nos est\u00e1n acompa\u00f1ando. Agradecer al Tucum\u00e1n Lawn Tennis, ya tiene mucha historia el club en torneos internacionales, as\u00ed que nosotros en ese sentido estamos tranquilos. Augusto (Arquez), Mecha (Mercedes Paz), gracias por&#8230; y Fernando (Renta [&hellip;]","og_url":"https:\/\/www.eldiariodetucuman.com\/web\/tucuman-va-a-estar-en-el-centro-del-tenis-mundial-en-esa-semana\/","og_site_name":"El Diario de Tucuman","article_published_time":"2025-10-08T21:01:04+00:00","author":"admin","twitter_card":"summary_large_image","twitter_misc":{"Escrito por":"admin","Tiempo de lectura":"2 minutos"},"schema":{"@context":"https:\/\/schema.org","@graph":[{"@type":"Article","@id":"https:\/\/www.eldiariodetucuman.com\/web\/tucuman-va-a-estar-en-el-centro-del-tenis-mundial-en-esa-semana\/#article","isPartOf":{"@id":"https:\/\/www.eldiariodetucuman.com\/web\/tucuman-va-a-estar-en-el-centro-del-tenis-mundial-en-esa-semana\/"},"author":{"name":"admin","@id":"https:\/\/www.eldiariodetucuman.com\/web\/#\/schema\/person\/9250197d75ab5483412e19678b121caa"},"headline":"Tucum\u00e1n va a estar en el centro del tenis mundial en esa semana","datePublished":"2025-10-08T21:01:04+00:00","mainEntityOfPage":{"@id":"https:\/\/www.eldiariodetucuman.com\/web\/tucuman-va-a-estar-en-el-centro-del-tenis-mundial-en-esa-semana\/"},"wordCount":371,"publisher":{"@id":"https:\/\/www.eldiariodetucuman.com\/web\/#organization"},"image":{"@id":"https:\/\/www.eldiariodetucuman.com\/web\/tucuman-va-a-estar-en-el-centro-del-tenis-mundial-en-esa-semana\/#primaryimage"},"thumbnailUrl":"https:\/\/www.eldiariodetucuman.com\/web\/wp-content\/uploads\/2025\/10\/Tucuman-va-a-estar-en-el-centro-del-tenis-mundial.jfif.jpeg","articleSection":["Deporte"],"inLanguage":"es"},{"@type":"WebPage","@id":"https:\/\/www.eldiariodetucuman.com\/web\/tucuman-va-a-estar-en-el-centro-del-tenis-mundial-en-esa-semana\/","url":"https:\/\/www.eldiariodetucuman.com\/web\/tucuman-va-a-estar-en-el-centro-del-tenis-mundial-en-esa-semana\/","name":"Tucum\u00e1n va a estar en el centro del tenis mundial en esa semana - El Diario de Tucuman","isPartOf":{"@id":"https:\/\/www.eldiariodetucuman.com\/web\/#website"},"primaryImageOfPage":{"@id":"https:\/\/www.eldiariodetucuman.com\/web\/tucuman-va-a-estar-en-el-centro-del-tenis-mundial-en-esa-semana\/#primaryimage"},"image":{"@id":"https:\/\/www.eldiariodetucuman.com\/web\/tucuman-va-a-estar-en-el-centro-del-tenis-mundial-en-esa-semana\/#primaryimage"},"thumbnailUrl":"https:\/\/www.eldiariodetucuman.com\/web\/wp-content\/uploads\/2025\/10\/Tucuman-va-a-estar-en-el-centro-del-tenis-mundial.jfif.jpeg","datePublished":"2025-10-08T21:01:04+00:00","breadcrumb":{"@id":"https:\/\/www.eldiariodetucuman.com\/web\/tucuman-va-a-estar-en-el-centro-del-tenis-mundial-en-esa-semana\/#breadcrumb"},"inLanguage":"es","potentialAction":[{"@type":"ReadAction","target":["https:\/\/www.eldiariodetucuman.com\/web\/tucuman-va-a-estar-en-el-centro-del-tenis-mundial-en-esa-semana\/"]}]},{"@type":"ImageObject","inLanguage":"es","@id":"https:\/\/www.eldiariodetucuman.com\/web\/tucuman-va-a-estar-en-el-centro-del-tenis-mundial-en-esa-semana\/#primaryimage","url":"https:\/\/www.eldiariodetucuman.com\/web\/wp-content\/uploads\/2025\/10\/Tucuman-va-a-estar-en-el-centro-del-tenis-mundial.jfif.jpeg","contentUrl":"https:\/\/www.eldiariodetucuman.com\/web\/wp-content\/uploads\/2025\/10\/Tucuman-va-a-estar-en-el-centro-del-tenis-mundial.jfif.jpeg","width":1200,"height":675},{"@type":"BreadcrumbList","@id":"https:\/\/www.eldiariodetucuman.com\/web\/tucuman-va-a-estar-en-el-centro-del-tenis-mundial-en-esa-semana\/#breadcrumb","itemListElement":[{"@type":"ListItem","position":1,"name":"Portada","item":"https:\/\/www.eldiariodetucuman.com\/web\/"},{"@type":"ListItem","position":2,"name":"Tucum\u00e1n va a estar en el centro del tenis mundial en esa semana"}]},{"@type":"WebSite","@id":"https:\/\/www.eldiariodetucuman.com\/web\/#website","url":"https:\/\/www.eldiariodetucuman.com\/web\/","name":"El Diario de Tucuman","description":"Diario Tucuman - Informaci\u00f3n y noticias","publisher":{"@id":"https:\/\/www.eldiariodetucuman.com\/web\/#organization"},"potentialAction":[{"@type":"SearchAction","target":{"@type":"EntryPoint","urlTemplate":"https:\/\/www.eldiariodetucuman.com\/web\/?s={search_term_string}"},"query-input":{"@type":"PropertyValueSpecification","valueRequired":true,"valueName":"search_term_string"}}],"inLanguage":"es"},{"@type":"Organization","@id":"https:\/\/www.eldiariodetucuman.com\/web\/#organization","name":"El Diario de Tucuman","url":"https:\/\/www.eldiariodetucuman.com\/web\/","logo":{"@type":"ImageObject","inLanguage":"es","@id":"https:\/\/www.eldiariodetucuman.com\/web\/#\/schema\/logo\/image\/","url":"http:\/\/www.eldiariodetucuman.com\/web\/wp-content\/uploads\/2017\/12\/el-diario-de-tucuman.jpg","contentUrl":"http:\/\/www.eldiariodetucuman.com\/web\/wp-content\/uploads\/2017\/12\/el-diario-de-tucuman.jpg","width":272,"height":92,"caption":"El Diario de Tucuman"},"image":{"@id":"https:\/\/www.eldiariodetucuman.com\/web\/#\/schema\/logo\/image\/"}},{"@type":"Person","@id":"https:\/\/www.eldiariodetucuman.com\/web\/#\/schema\/person\/9250197d75ab5483412e19678b121caa","name":"admin","image":{"@type":"ImageObject","inLanguage":"es","@id":"https:\/\/secure.gravatar.com\/avatar\/c44d117c2be811212c22cb481f6b8384b6873de103fbc49e7a03cc58d7dea4ac?s=96&d=mm&r=g","url":"https:\/\/secure.gravatar.com\/avatar\/c44d117c2be811212c22cb481f6b8384b6873de103fbc49e7a03cc58d7dea4ac?s=96&d=mm&r=g","contentUrl":"https:\/\/secure.gravatar.com\/avatar\/c44d117c2be811212c22cb481f6b8384b6873de103fbc49e7a03cc58d7dea4ac?s=96&d=mm&r=g","caption":"admin"},"url":"https:\/\/www.eldiariodetucuman.com\/web\/author\/admin\/"}]}},"_links":{"self":[{"href":"https:\/\/www.eldiariodetucuman.com\/web\/wp-json\/wp\/v2\/posts\/45874","targetHints":{"allow":["GET"]}}],"collection":[{"href":"https:\/\/www.eldiariodetucuman.com\/web\/wp-json\/wp\/v2\/posts"}],"about":[{"href":"https:\/\/www.eldiariodetucuman.com\/web\/wp-json\/wp\/v2\/types\/post"}],"author":[{"embeddable":true,"href":"https:\/\/www.eldiariodetucuman.com\/web\/wp-json\/wp\/v2\/users\/1"}],"replies":[{"embeddable":true,"href":"https:\/\/www.eldiariodetucuman.com\/web\/wp-json\/wp\/v2\/comments?post=45874"}],"version-history":[{"count":0,"href":"https:\/\/www.eldiariodetucuman.com\/web\/wp-json\/wp\/v2\/posts\/45874\/revisions"}],"wp:featuredmedia":[{"embeddable":true,"href":"https:\/\/www.eldiariodetucuman.com\/web\/wp-json\/wp\/v2\/media\/45875"}],"wp:attachment":[{"href":"https:\/\/www.eldiariodetucuman.com\/web\/wp-json\/wp\/v2\/media?parent=45874"}],"wp:term":[{"taxonomy":"category","embeddable":true,"href":"https:\/\/www.eldiariodetucuman.com\/web\/wp-json\/wp\/v2\/categories?post=45874"},{"taxonomy":"post_tag","embeddable":true,"href":"https:\/\/www.eldiariodetucuman.com\/web\/wp-json\/wp\/v2\/tags?post=45874"}],"curies":[{"name":"wp","href":"https:\/\/api.w.org\/{rel}","templated":true}]}}