{"id":45869,"date":"2025-10-07T18:05:08","date_gmt":"2025-10-07T21:05:08","guid":{"rendered":"https:\/\/www.eldiariodetucuman.com\/web\/jaldo-se-reunio-con-empresarios-de-la-economia-del-conocimiento\/"},"modified":"2025-10-07T18:05:08","modified_gmt":"2025-10-07T21:05:08","slug":"jaldo-se-reunio-con-empresarios-de-la-economia-del-conocimiento","status":"publish","type":"post","link":"https:\/\/www.eldiariodetucuman.com\/web\/jaldo-se-reunio-con-empresarios-de-la-economia-del-conocimiento\/","title":{"rendered":"Jaldo se reuni\u00f3 con empresarios de la Econom\u00eda del Conocimiento"},"content":{"rendered":"<p><\/p>\n<p id=\"isPasted\">El gobernador en uso de licencia, <strong>Osvaldo Jaldo<\/strong>, particip\u00f3 esta ma\u00f1ana de una reuni\u00f3n organizada por el Instituto de Desarrollo Productivo (IDEP Tucum\u00e1n), junto a empresarios que formaron parte de Expocon 2025, la exposici\u00f3n dedicada a la Econom\u00eda del Conocimiento que se consolid\u00f3 como uno de los eventos m\u00e1s relevantes del sector en el norte argentino.<\/p>\n<\/p>\n<p>El encuentro se llev\u00f3 a cabo en el Jockey Club (San Mart\u00edn 451) y cont\u00f3 con la participaci\u00f3n de representantes de unas 50 empresas locales, quienes compartieron sus balances y reflexiones sobre el impacto del evento, adem\u00e1s de debatir propuestas para seguir fortaleciendo el sector.<\/p>\n<\/p>\n<p>&#13;<br \/>\n&#13;<\/p>\n<p id=\"isPasted\">\u201cEn el IDEP est\u00e1 la decisi\u00f3n, el pensar y el sentir del gobierno de la provincia\u201d, afirm\u00f3 Jaldo, al valorar el car\u00e1cter p\u00fablico-privado del organismo y su reestructuraci\u00f3n para incluir la Econom\u00eda del Conocimiento como eje estrat\u00e9gico.<\/p>\n<p>&#13;<\/p>\n<p>El mandatario celebr\u00f3 el balance positivo de Expocon 2025, que reuni\u00f3 a m\u00e1s de 7.000 participantes y cientos de expositores, consolidando a Tucum\u00e1n como un referente regional e internacional: \u201cHa sido un \u00e9xito total. Hoy Tucum\u00e1n es referencia en el norte del pa\u00eds y tambi\u00e9n a nivel internacional\u201d.<\/p>\n<p>Jaldo subray\u00f3 que este sector no solo genera crecimiento econ\u00f3mico, sino salidas laborales concretas para j\u00f3venes capacitados: \u201cCuando hablamos de talento, hablamos de nuestros j\u00f3venes. Esta actividad ofrece sueldos dignos y mucho futuro\u201d.<\/p>\n<p>Tambi\u00e9n mencion\u00f3 pol\u00edticas p\u00fablicas clave, como las exenciones impositivas e incentivos para nuevas incorporaciones, adem\u00e1s de la capacitaci\u00f3n en inteligencia artificial para m\u00e1s de 20.000 docentes, y la implementaci\u00f3n del ingl\u00e9s en escuelas primarias p\u00fablicas.<\/p>\n<p>Finalmente, destac\u00f3 el progreso en indicadores nacionales.\u201cTucum\u00e1n pas\u00f3 de estar \u00faltimo a ocupar el tercer o cuarto lugar en cantidad de empresas y talentos en Econom\u00eda del Conocimiento\u201d, expres\u00f3.<\/p>\n<\/p>\n<p>Jaldo estuvo acompa\u00f1ado por el ministro de Econom\u00eda y Producci\u00f3n y presidente del IDEP<strong id=\"isPasted\"\/>, <strong id=\"isPasted\">Daniel Abad; <\/strong>el<strong id=\"isPasted\"> <\/strong>vicepresidente del IDEP<strong id=\"isPasted\">,\u00a0<strong id=\"isPasted\">Juan Casa\u00f1as<\/strong>;<\/strong> el secretario de Producci\u00f3n,<strong> Eduardo Castro;\u00a0<\/strong>el secretario de Gobierno y Relaciones Institucionales<strong id=\"isPasted\">, Ra\u00fal Albarrac\u00edn;\u00a0<strong id=\"isPasted\"\/><\/strong>el director ejecutivo del organismo del IDEP,<strong id=\"isPasted\">\u00a0<strong>Maximiliano Mart\u00ednez M\u00e1rquez\u00a0<\/strong><\/strong>y la legisladora,\u00a0<strong id=\"isPasted\">Carolina Vargas Aignasse,\u00a0<\/strong>entre otros funcionarios y referentes del \u00e1mbito productivo y tecnol\u00f3gico.<\/p>\n<p>Durante la reuni\u00f3n, se analizaron los resultados de Expocon 2025, que registr\u00f3 7.000 participantes y posicion\u00f3 a Tucum\u00e1n como un referente regional en innovaci\u00f3n tecnol\u00f3gica. El evento reuni\u00f3 a casi 400 expositores de m\u00e1s de 60 empresas locales, que mostraron el potencial del sector para generar empleo calificado y contribuir al crecimiento econ\u00f3mico provincial.<\/p>\n<p>Adem\u00e1s, se comenz\u00f3 a planificar la pr\u00f3xima edici\u00f3n del evento, Expocon 2026, con el objetivo de continuar fortaleciendo el ecosistema de la Econom\u00eda del Conocimiento en Tucum\u00e1n.<\/p>\n<\/p>\n<p id=\"isPasted\">Abad, destac\u00f3 el compromiso del Gobierno provincial con el desarrollo del sector privado y la Econom\u00eda del Conocimiento, durante el encuentro de balance de Expocon.<\/p>\n<p>Tambi\u00e9n remarc\u00f3 que desde el inicio de la gesti\u00f3n se tom\u00f3 la decisi\u00f3n pol\u00edtica de poner al Estado al servicio de la actividad privada, entendiendo que es el \u00fanico sector capaz de generar empleo genuino y crecimiento econ\u00f3mico.<\/p>\n<p>&#13;<br \/>\n&#13;<\/p>\n<p>El IDEP fue potenciado, se actualiz\u00f3 la ley para incluir nuevas actividades, y trabajamos con todos los sectores, sin distinciones pol\u00edticas\u201d, se\u00f1al\u00f3. Adem\u00e1s de Expocon, mencion\u00f3 otras iniciativas productivas impulsadas desde el IDEP en conjunto con la Secretar\u00eda de Producci\u00f3n, como los programas vinculados al caf\u00e9 y palta.<\/p>\n<p>&#13;<\/p>\n<p>El ministro subray\u00f3 tambi\u00e9n que Tucum\u00e1n mantiene un acompa\u00f1amiento econ\u00f3mico fuerte: \u201cEl Estado invierte 45 mil millones de pesos anuales en beneficios fiscales, a trav\u00e9s de exenciones y al\u00edcuotas cero, para sostener la competitividad de las empresas\u201d.<\/p>\n<p>Finalmente, Abad valor\u00f3 el rol de las universidades, institutos y centros de investigaci\u00f3n como pilares del desarrollo, y convoc\u00f3 a seguir trabajando en conjunto: \u201cTenemos las condiciones para que Tucum\u00e1n recupere el pleno empleo y la plena producci\u00f3n. La \u00fanica forma de lograrlo es con trabajo, articulaci\u00f3n y una visi\u00f3n productiva compartida\u201d.<\/p>\n<\/p>\n<p id=\"isPasted\">Casa\u00f1as destac\u00f3 el crecimiento de la Econom\u00eda del Conocimiento en Tucum\u00e1n y su impacto positivo en la generaci\u00f3n de empleo y en el futuro de los j\u00f3venes.<\/p>\n<p>&#13;<br \/>\n&#13;<\/p>\n<p>\u201cEstamos posicionando a Tucum\u00e1n como un faro tecnol\u00f3gico en Argentina\u201d, afirm\u00f3, al recordar que la primera Expocon en 2024 fue reconocida a nivel nacional, y la edici\u00f3n 2025 alcanz\u00f3 proyecci\u00f3n internacional con cobertura de medios como TN.<\/p>\n<p>&#13;<\/p>\n<p>Asimismo, subray\u00f3 que el objetivo del IDEP es crear condiciones para que el talento y el empuje del sector privado puedan desarrollarse, siguiendo el impulso del Gobernador.<\/p>\n<p>La legisladora Vargas Aignasse resalt\u00f3 el aporte clave del sector privado en el desarrollo de la Econom\u00eda del Conocimiento en la provincia.<\/p>\n<p>&#13;<br \/>\n&#13;<\/p>\n<p>\u00abEscucharlos a ustedes, que se arriesgan, que investigan, es reconocer que han puesto la vara alta en Tucum\u00e1n\u00bb, se\u00f1al\u00f3, al tiempo que destac\u00f3 que el avance del sector es el resultado de una decisi\u00f3n pol\u00edtica impulsada por el gobernador en uso de licencia, Osvaldo Jaldo, y ejecutada a trav\u00e9s del IDEP, espacio que defini\u00f3 como \u201cun \u00e1mbito p\u00fablico-privado de articulaci\u00f3n y concreci\u00f3n de pol\u00edticas p\u00fablicas\u201d.<\/p>\n<p>&#13;<\/p>\n<p>Vargas Aignasse subray\u00f3 que en menos de dos a\u00f1os de gesti\u00f3n se han logrado transformaciones profundas, entre ellas la ampliaci\u00f3n del alcance de la Ley de Econom\u00eda del Conocimiento, incorporando sectores como el audiovisual, el de videojuegos, la biotecnolog\u00eda y los servicios profesionales aplicados.<\/p>\n<\/p>\n<\/p>\n<p>&#13;<br \/>\n<br \/>&#13;\n<\/p>\n<p>Fuente: <a href=\"https:\/\/www.comunicaciontucuman.gob.ar\/noticia\/gobernacion\/237341\/jaldo-se-reunio-empresarios-economia-conocimiento\"> Fuente de la nota <\/a><\/p>\n","protected":false},"excerpt":{"rendered":"<p>El gobernador en uso de licencia, Osvaldo Jaldo, particip\u00f3 esta ma\u00f1ana de una reuni\u00f3n organizada por el Instituto de Desarrollo Productivo (IDEP Tucum\u00e1n), junto a empresarios que formaron parte de Expocon 2025, la exposici\u00f3n dedicada a la Econom\u00eda del Conocimiento que se consolid\u00f3 como uno de los eventos m\u00e1s relevantes del sector en el norte [&hellip;]<\/p>\n","protected":false},"author":1,"featured_media":45870,"comment_status":"closed","ping_status":"open","sticky":false,"template":"","format":"standard","meta":{"footnotes":""},"categories":[3],"tags":[],"class_list":{"0":"post-45869","1":"post","2":"type-post","3":"status-publish","4":"format-standard","5":"has-post-thumbnail","7":"category-politica"},"yoast_head":"<!-- This site is optimized with the Yoast SEO plugin v27.5 - https:\/\/yoast.com\/product\/yoast-seo-wordpress\/ -->\n<title>Jaldo se reuni\u00f3 con empresarios de la Econom\u00eda del Conocimiento - El Diario de Tucuman<\/title>\n<meta name=\"robots\" content=\"index, follow, max-snippet:-1, max-image-preview:large, max-video-preview:-1\" \/>\n<link rel=\"canonical\" href=\"https:\/\/www.eldiariodetucuman.com\/web\/jaldo-se-reunio-con-empresarios-de-la-economia-del-conocimiento\/\" \/>\n<meta property=\"og:locale\" content=\"es_ES\" \/>\n<meta property=\"og:type\" content=\"article\" \/>\n<meta property=\"og:title\" content=\"Jaldo se reuni\u00f3 con empresarios de la Econom\u00eda del Conocimiento - El Diario de Tucuman\" \/>\n<meta property=\"og:description\" content=\"El gobernador en uso de licencia, Osvaldo Jaldo, particip\u00f3 esta ma\u00f1ana de una reuni\u00f3n organizada por el Instituto de Desarrollo Productivo (IDEP Tucum\u00e1n), junto a empresarios que formaron parte de Expocon 2025, la exposici\u00f3n dedicada a la Econom\u00eda del Conocimiento que se consolid\u00f3 como uno de los eventos m\u00e1s relevantes del sector en el norte [&hellip;]\" \/>\n<meta property=\"og:url\" content=\"https:\/\/www.eldiariodetucuman.com\/web\/jaldo-se-reunio-con-empresarios-de-la-economia-del-conocimiento\/\" \/>\n<meta property=\"og:site_name\" content=\"El Diario de Tucuman\" \/>\n<meta property=\"article:published_time\" content=\"2025-10-07T21:05:08+00:00\" \/>\n<meta name=\"author\" content=\"admin\" \/>\n<meta name=\"twitter:card\" content=\"summary_large_image\" \/>\n<meta name=\"twitter:label1\" content=\"Escrito por\" \/>\n\t<meta name=\"twitter:data1\" content=\"admin\" \/>\n\t<meta name=\"twitter:label2\" content=\"Tiempo de lectura\" \/>\n\t<meta name=\"twitter:data2\" content=\"5 minutos\" \/>\n<script type=\"application\/ld+json\" class=\"yoast-schema-graph\">{\"@context\":\"https:\\\/\\\/schema.org\",\"@graph\":[{\"@type\":\"Article\",\"@id\":\"https:\\\/\\\/www.eldiariodetucuman.com\\\/web\\\/jaldo-se-reunio-con-empresarios-de-la-economia-del-conocimiento\\\/#article\",\"isPartOf\":{\"@id\":\"https:\\\/\\\/www.eldiariodetucuman.com\\\/web\\\/jaldo-se-reunio-con-empresarios-de-la-economia-del-conocimiento\\\/\"},\"author\":{\"name\":\"admin\",\"@id\":\"https:\\\/\\\/www.eldiariodetucuman.com\\\/web\\\/#\\\/schema\\\/person\\\/9250197d75ab5483412e19678b121caa\"},\"headline\":\"Jaldo se reuni\u00f3 con empresarios de la Econom\u00eda del Conocimiento\",\"datePublished\":\"2025-10-07T21:05:08+00:00\",\"mainEntityOfPage\":{\"@id\":\"https:\\\/\\\/www.eldiariodetucuman.com\\\/web\\\/jaldo-se-reunio-con-empresarios-de-la-economia-del-conocimiento\\\/\"},\"wordCount\":954,\"publisher\":{\"@id\":\"https:\\\/\\\/www.eldiariodetucuman.com\\\/web\\\/#organization\"},\"image\":{\"@id\":\"https:\\\/\\\/www.eldiariodetucuman.com\\\/web\\\/jaldo-se-reunio-con-empresarios-de-la-economia-del-conocimiento\\\/#primaryimage\"},\"thumbnailUrl\":\"https:\\\/\\\/www.eldiariodetucuman.com\\\/web\\\/wp-content\\\/uploads\\\/2025\\\/10\\\/Jaldo-se-reunio-con-empresarios-de-la-Economia-del-Conocimiento.jpeg\",\"articleSection\":[\"Politica\"],\"inLanguage\":\"es\"},{\"@type\":\"WebPage\",\"@id\":\"https:\\\/\\\/www.eldiariodetucuman.com\\\/web\\\/jaldo-se-reunio-con-empresarios-de-la-economia-del-conocimiento\\\/\",\"url\":\"https:\\\/\\\/www.eldiariodetucuman.com\\\/web\\\/jaldo-se-reunio-con-empresarios-de-la-economia-del-conocimiento\\\/\",\"name\":\"Jaldo se reuni\u00f3 con empresarios de la Econom\u00eda del Conocimiento - El Diario de Tucuman\",\"isPartOf\":{\"@id\":\"https:\\\/\\\/www.eldiariodetucuman.com\\\/web\\\/#website\"},\"primaryImageOfPage\":{\"@id\":\"https:\\\/\\\/www.eldiariodetucuman.com\\\/web\\\/jaldo-se-reunio-con-empresarios-de-la-economia-del-conocimiento\\\/#primaryimage\"},\"image\":{\"@id\":\"https:\\\/\\\/www.eldiariodetucuman.com\\\/web\\\/jaldo-se-reunio-con-empresarios-de-la-economia-del-conocimiento\\\/#primaryimage\"},\"thumbnailUrl\":\"https:\\\/\\\/www.eldiariodetucuman.com\\\/web\\\/wp-content\\\/uploads\\\/2025\\\/10\\\/Jaldo-se-reunio-con-empresarios-de-la-Economia-del-Conocimiento.jpeg\",\"datePublished\":\"2025-10-07T21:05:08+00:00\",\"breadcrumb\":{\"@id\":\"https:\\\/\\\/www.eldiariodetucuman.com\\\/web\\\/jaldo-se-reunio-con-empresarios-de-la-economia-del-conocimiento\\\/#breadcrumb\"},\"inLanguage\":\"es\",\"potentialAction\":[{\"@type\":\"ReadAction\",\"target\":[\"https:\\\/\\\/www.eldiariodetucuman.com\\\/web\\\/jaldo-se-reunio-con-empresarios-de-la-economia-del-conocimiento\\\/\"]}]},{\"@type\":\"ImageObject\",\"inLanguage\":\"es\",\"@id\":\"https:\\\/\\\/www.eldiariodetucuman.com\\\/web\\\/jaldo-se-reunio-con-empresarios-de-la-economia-del-conocimiento\\\/#primaryimage\",\"url\":\"https:\\\/\\\/www.eldiariodetucuman.com\\\/web\\\/wp-content\\\/uploads\\\/2025\\\/10\\\/Jaldo-se-reunio-con-empresarios-de-la-Economia-del-Conocimiento.jpeg\",\"contentUrl\":\"https:\\\/\\\/www.eldiariodetucuman.com\\\/web\\\/wp-content\\\/uploads\\\/2025\\\/10\\\/Jaldo-se-reunio-con-empresarios-de-la-Economia-del-Conocimiento.jpeg\",\"width\":818,\"height\":460},{\"@type\":\"BreadcrumbList\",\"@id\":\"https:\\\/\\\/www.eldiariodetucuman.com\\\/web\\\/jaldo-se-reunio-con-empresarios-de-la-economia-del-conocimiento\\\/#breadcrumb\",\"itemListElement\":[{\"@type\":\"ListItem\",\"position\":1,\"name\":\"Portada\",\"item\":\"https:\\\/\\\/www.eldiariodetucuman.com\\\/web\\\/\"},{\"@type\":\"ListItem\",\"position\":2,\"name\":\"Jaldo se reuni\u00f3 con empresarios de la Econom\u00eda del Conocimiento\"}]},{\"@type\":\"WebSite\",\"@id\":\"https:\\\/\\\/www.eldiariodetucuman.com\\\/web\\\/#website\",\"url\":\"https:\\\/\\\/www.eldiariodetucuman.com\\\/web\\\/\",\"name\":\"El Diario de Tucuman\",\"description\":\"Diario Tucuman - Informaci\u00f3n y noticias\",\"publisher\":{\"@id\":\"https:\\\/\\\/www.eldiariodetucuman.com\\\/web\\\/#organization\"},\"potentialAction\":[{\"@type\":\"SearchAction\",\"target\":{\"@type\":\"EntryPoint\",\"urlTemplate\":\"https:\\\/\\\/www.eldiariodetucuman.com\\\/web\\\/?s={search_term_string}\"},\"query-input\":{\"@type\":\"PropertyValueSpecification\",\"valueRequired\":true,\"valueName\":\"search_term_string\"}}],\"inLanguage\":\"es\"},{\"@type\":\"Organization\",\"@id\":\"https:\\\/\\\/www.eldiariodetucuman.com\\\/web\\\/#organization\",\"name\":\"El Diario de Tucuman\",\"url\":\"https:\\\/\\\/www.eldiariodetucuman.com\\\/web\\\/\",\"logo\":{\"@type\":\"ImageObject\",\"inLanguage\":\"es\",\"@id\":\"https:\\\/\\\/www.eldiariodetucuman.com\\\/web\\\/#\\\/schema\\\/logo\\\/image\\\/\",\"url\":\"http:\\\/\\\/www.eldiariodetucuman.com\\\/web\\\/wp-content\\\/uploads\\\/2017\\\/12\\\/el-diario-de-tucuman.jpg\",\"contentUrl\":\"http:\\\/\\\/www.eldiariodetucuman.com\\\/web\\\/wp-content\\\/uploads\\\/2017\\\/12\\\/el-diario-de-tucuman.jpg\",\"width\":272,\"height\":92,\"caption\":\"El Diario de Tucuman\"},\"image\":{\"@id\":\"https:\\\/\\\/www.eldiariodetucuman.com\\\/web\\\/#\\\/schema\\\/logo\\\/image\\\/\"}},{\"@type\":\"Person\",\"@id\":\"https:\\\/\\\/www.eldiariodetucuman.com\\\/web\\\/#\\\/schema\\\/person\\\/9250197d75ab5483412e19678b121caa\",\"name\":\"admin\",\"image\":{\"@type\":\"ImageObject\",\"inLanguage\":\"es\",\"@id\":\"https:\\\/\\\/secure.gravatar.com\\\/avatar\\\/c44d117c2be811212c22cb481f6b8384b6873de103fbc49e7a03cc58d7dea4ac?s=96&d=mm&r=g\",\"url\":\"https:\\\/\\\/secure.gravatar.com\\\/avatar\\\/c44d117c2be811212c22cb481f6b8384b6873de103fbc49e7a03cc58d7dea4ac?s=96&d=mm&r=g\",\"contentUrl\":\"https:\\\/\\\/secure.gravatar.com\\\/avatar\\\/c44d117c2be811212c22cb481f6b8384b6873de103fbc49e7a03cc58d7dea4ac?s=96&d=mm&r=g\",\"caption\":\"admin\"},\"url\":\"https:\\\/\\\/www.eldiariodetucuman.com\\\/web\\\/author\\\/admin\\\/\"}]}<\/script>\n<!-- \/ Yoast SEO plugin. -->","yoast_head_json":{"title":"Jaldo se reuni\u00f3 con empresarios de la Econom\u00eda del Conocimiento - El Diario de Tucuman","robots":{"index":"index","follow":"follow","max-snippet":"max-snippet:-1","max-image-preview":"max-image-preview:large","max-video-preview":"max-video-preview:-1"},"canonical":"https:\/\/www.eldiariodetucuman.com\/web\/jaldo-se-reunio-con-empresarios-de-la-economia-del-conocimiento\/","og_locale":"es_ES","og_type":"article","og_title":"Jaldo se reuni\u00f3 con empresarios de la Econom\u00eda del Conocimiento - El Diario de Tucuman","og_description":"El gobernador en uso de licencia, Osvaldo Jaldo, particip\u00f3 esta ma\u00f1ana de una reuni\u00f3n organizada por el Instituto de Desarrollo Productivo (IDEP Tucum\u00e1n), junto a empresarios que formaron parte de Expocon 2025, la exposici\u00f3n dedicada a la Econom\u00eda del Conocimiento que se consolid\u00f3 como uno de los eventos m\u00e1s relevantes del sector en el norte [&hellip;]","og_url":"https:\/\/www.eldiariodetucuman.com\/web\/jaldo-se-reunio-con-empresarios-de-la-economia-del-conocimiento\/","og_site_name":"El Diario de Tucuman","article_published_time":"2025-10-07T21:05:08+00:00","author":"admin","twitter_card":"summary_large_image","twitter_misc":{"Escrito por":"admin","Tiempo de lectura":"5 minutos"},"schema":{"@context":"https:\/\/schema.org","@graph":[{"@type":"Article","@id":"https:\/\/www.eldiariodetucuman.com\/web\/jaldo-se-reunio-con-empresarios-de-la-economia-del-conocimiento\/#article","isPartOf":{"@id":"https:\/\/www.eldiariodetucuman.com\/web\/jaldo-se-reunio-con-empresarios-de-la-economia-del-conocimiento\/"},"author":{"name":"admin","@id":"https:\/\/www.eldiariodetucuman.com\/web\/#\/schema\/person\/9250197d75ab5483412e19678b121caa"},"headline":"Jaldo se reuni\u00f3 con empresarios de la Econom\u00eda del Conocimiento","datePublished":"2025-10-07T21:05:08+00:00","mainEntityOfPage":{"@id":"https:\/\/www.eldiariodetucuman.com\/web\/jaldo-se-reunio-con-empresarios-de-la-economia-del-conocimiento\/"},"wordCount":954,"publisher":{"@id":"https:\/\/www.eldiariodetucuman.com\/web\/#organization"},"image":{"@id":"https:\/\/www.eldiariodetucuman.com\/web\/jaldo-se-reunio-con-empresarios-de-la-economia-del-conocimiento\/#primaryimage"},"thumbnailUrl":"https:\/\/www.eldiariodetucuman.com\/web\/wp-content\/uploads\/2025\/10\/Jaldo-se-reunio-con-empresarios-de-la-Economia-del-Conocimiento.jpeg","articleSection":["Politica"],"inLanguage":"es"},{"@type":"WebPage","@id":"https:\/\/www.eldiariodetucuman.com\/web\/jaldo-se-reunio-con-empresarios-de-la-economia-del-conocimiento\/","url":"https:\/\/www.eldiariodetucuman.com\/web\/jaldo-se-reunio-con-empresarios-de-la-economia-del-conocimiento\/","name":"Jaldo se reuni\u00f3 con empresarios de la Econom\u00eda del Conocimiento - El Diario de Tucuman","isPartOf":{"@id":"https:\/\/www.eldiariodetucuman.com\/web\/#website"},"primaryImageOfPage":{"@id":"https:\/\/www.eldiariodetucuman.com\/web\/jaldo-se-reunio-con-empresarios-de-la-economia-del-conocimiento\/#primaryimage"},"image":{"@id":"https:\/\/www.eldiariodetucuman.com\/web\/jaldo-se-reunio-con-empresarios-de-la-economia-del-conocimiento\/#primaryimage"},"thumbnailUrl":"https:\/\/www.eldiariodetucuman.com\/web\/wp-content\/uploads\/2025\/10\/Jaldo-se-reunio-con-empresarios-de-la-Economia-del-Conocimiento.jpeg","datePublished":"2025-10-07T21:05:08+00:00","breadcrumb":{"@id":"https:\/\/www.eldiariodetucuman.com\/web\/jaldo-se-reunio-con-empresarios-de-la-economia-del-conocimiento\/#breadcrumb"},"inLanguage":"es","potentialAction":[{"@type":"ReadAction","target":["https:\/\/www.eldiariodetucuman.com\/web\/jaldo-se-reunio-con-empresarios-de-la-economia-del-conocimiento\/"]}]},{"@type":"ImageObject","inLanguage":"es","@id":"https:\/\/www.eldiariodetucuman.com\/web\/jaldo-se-reunio-con-empresarios-de-la-economia-del-conocimiento\/#primaryimage","url":"https:\/\/www.eldiariodetucuman.com\/web\/wp-content\/uploads\/2025\/10\/Jaldo-se-reunio-con-empresarios-de-la-Economia-del-Conocimiento.jpeg","contentUrl":"https:\/\/www.eldiariodetucuman.com\/web\/wp-content\/uploads\/2025\/10\/Jaldo-se-reunio-con-empresarios-de-la-Economia-del-Conocimiento.jpeg","width":818,"height":460},{"@type":"BreadcrumbList","@id":"https:\/\/www.eldiariodetucuman.com\/web\/jaldo-se-reunio-con-empresarios-de-la-economia-del-conocimiento\/#breadcrumb","itemListElement":[{"@type":"ListItem","position":1,"name":"Portada","item":"https:\/\/www.eldiariodetucuman.com\/web\/"},{"@type":"ListItem","position":2,"name":"Jaldo se reuni\u00f3 con empresarios de la Econom\u00eda del Conocimiento"}]},{"@type":"WebSite","@id":"https:\/\/www.eldiariodetucuman.com\/web\/#website","url":"https:\/\/www.eldiariodetucuman.com\/web\/","name":"El Diario de Tucuman","description":"Diario Tucuman - Informaci\u00f3n y noticias","publisher":{"@id":"https:\/\/www.eldiariodetucuman.com\/web\/#organization"},"potentialAction":[{"@type":"SearchAction","target":{"@type":"EntryPoint","urlTemplate":"https:\/\/www.eldiariodetucuman.com\/web\/?s={search_term_string}"},"query-input":{"@type":"PropertyValueSpecification","valueRequired":true,"valueName":"search_term_string"}}],"inLanguage":"es"},{"@type":"Organization","@id":"https:\/\/www.eldiariodetucuman.com\/web\/#organization","name":"El Diario de Tucuman","url":"https:\/\/www.eldiariodetucuman.com\/web\/","logo":{"@type":"ImageObject","inLanguage":"es","@id":"https:\/\/www.eldiariodetucuman.com\/web\/#\/schema\/logo\/image\/","url":"http:\/\/www.eldiariodetucuman.com\/web\/wp-content\/uploads\/2017\/12\/el-diario-de-tucuman.jpg","contentUrl":"http:\/\/www.eldiariodetucuman.com\/web\/wp-content\/uploads\/2017\/12\/el-diario-de-tucuman.jpg","width":272,"height":92,"caption":"El Diario de Tucuman"},"image":{"@id":"https:\/\/www.eldiariodetucuman.com\/web\/#\/schema\/logo\/image\/"}},{"@type":"Person","@id":"https:\/\/www.eldiariodetucuman.com\/web\/#\/schema\/person\/9250197d75ab5483412e19678b121caa","name":"admin","image":{"@type":"ImageObject","inLanguage":"es","@id":"https:\/\/secure.gravatar.com\/avatar\/c44d117c2be811212c22cb481f6b8384b6873de103fbc49e7a03cc58d7dea4ac?s=96&d=mm&r=g","url":"https:\/\/secure.gravatar.com\/avatar\/c44d117c2be811212c22cb481f6b8384b6873de103fbc49e7a03cc58d7dea4ac?s=96&d=mm&r=g","contentUrl":"https:\/\/secure.gravatar.com\/avatar\/c44d117c2be811212c22cb481f6b8384b6873de103fbc49e7a03cc58d7dea4ac?s=96&d=mm&r=g","caption":"admin"},"url":"https:\/\/www.eldiariodetucuman.com\/web\/author\/admin\/"}]}},"_links":{"self":[{"href":"https:\/\/www.eldiariodetucuman.com\/web\/wp-json\/wp\/v2\/posts\/45869","targetHints":{"allow":["GET"]}}],"collection":[{"href":"https:\/\/www.eldiariodetucuman.com\/web\/wp-json\/wp\/v2\/posts"}],"about":[{"href":"https:\/\/www.eldiariodetucuman.com\/web\/wp-json\/wp\/v2\/types\/post"}],"author":[{"embeddable":true,"href":"https:\/\/www.eldiariodetucuman.com\/web\/wp-json\/wp\/v2\/users\/1"}],"replies":[{"embeddable":true,"href":"https:\/\/www.eldiariodetucuman.com\/web\/wp-json\/wp\/v2\/comments?post=45869"}],"version-history":[{"count":0,"href":"https:\/\/www.eldiariodetucuman.com\/web\/wp-json\/wp\/v2\/posts\/45869\/revisions"}],"wp:featuredmedia":[{"embeddable":true,"href":"https:\/\/www.eldiariodetucuman.com\/web\/wp-json\/wp\/v2\/media\/45870"}],"wp:attachment":[{"href":"https:\/\/www.eldiariodetucuman.com\/web\/wp-json\/wp\/v2\/media?parent=45869"}],"wp:term":[{"taxonomy":"category","embeddable":true,"href":"https:\/\/www.eldiariodetucuman.com\/web\/wp-json\/wp\/v2\/categories?post=45869"},{"taxonomy":"post_tag","embeddable":true,"href":"https:\/\/www.eldiariodetucuman.com\/web\/wp-json\/wp\/v2\/tags?post=45869"}],"curies":[{"name":"wp","href":"https:\/\/api.w.org\/{rel}","templated":true}]}}