{"id":45864,"date":"2025-10-07T16:33:59","date_gmt":"2025-10-07T19:33:59","guid":{"rendered":"https:\/\/www.eldiariodetucuman.com\/web\/prision-preventiva-para-el-acusado-de-intento-de-asesinato\/"},"modified":"2025-10-07T16:33:59","modified_gmt":"2025-10-07T19:33:59","slug":"prision-preventiva-para-el-acusado-de-intento-de-asesinato","status":"publish","type":"post","link":"https:\/\/www.eldiariodetucuman.com\/web\/prision-preventiva-para-el-acusado-de-intento-de-asesinato\/","title":{"rendered":"prisi\u00f3n preventiva para el acusado de intento de asesinato"},"content":{"rendered":"<p>  <\/p>\n<p> Durante la audiencia, <strong>Maggio solicit\u00f3 que se dicte la prisi\u00f3n preventiva por dos meses, argumentando la existencia de riesgos procesales, tanto de fuga como de entorpecimiento de la investigaci\u00f3n. El juez interviniente resolvi\u00f3 hacer lugar al planteo<\/strong> de la acusaci\u00f3n p\u00fablica. <strong>El imputado hab\u00eda permanecido pr\u00f3fugo y reci\u00e9n pudo ser capturado luego de 11 allanamientos negativos, lo que finalmente permiti\u00f3 consolidar su detenci\u00f3n.<\/strong><\/p>\n<h3> El hecho<\/h3>\n<p>De acuerdo a la acusaci\u00f3n, el 18 de junio de 2025, cerca de las 23:30 horas, la v\u00edctima, un joven con retraso madurativo, se encontraba junto a dos conocidos en la vereda de un domicilio ubicado en calle Salta al 90, en Alderetes. En ese momento, llegaron a bordo de una motocicleta Honda XR 300 gris dos sujetos: uno que est\u00e1 siendo investigado como conductor, y \u201cPachano\u201d como acompa\u00f1ante.<\/p>\n<p>Seg\u00fan la investigaci\u00f3n, \u201cPachano\u201d extrajo un arma de fuego y efectu\u00f3 disparos contra la v\u00edctima con claras intenciones de causarle la muerte, impact\u00e1ndole en el abdomen, en la zona del hipocondrio derecho y en un brazo. La r\u00e1pida asistencia m\u00e9dica permiti\u00f3 que el joven fuera trasladado de urgencia al Hospital Centro de Salud, salvando su vida.<\/p>\n<p>Tras la agresi\u00f3n, los dos acusados huyeron a bordo de la motocicleta, siendo \u201cPachano\u201d finalmente localizado este 5 de octubre y puesto a disposici\u00f3n de la justicia.<\/p>\n<h3>Calificaci\u00f3n legal provisoria<\/h3>\n<p>El hecho fue encuadrado de manera provisoria como homicidio agravado por el uso de arma de fuego en grado de tentativa.<\/p>\n<p>Fuente: <a href=\"https:\/\/www.lv12.com.ar\/prision-preventiva\/alderetes-prision-preventiva-el-acusado-intento-asesinato-n186895\"> Fuente de la nota <\/a><\/p>\n","protected":false},"excerpt":{"rendered":"<p>Durante la audiencia, Maggio solicit\u00f3 que se dicte la prisi\u00f3n preventiva por dos meses, argumentando la existencia de riesgos procesales, tanto de fuga como de entorpecimiento de la investigaci\u00f3n. El juez interviniente resolvi\u00f3 hacer lugar al planteo de la acusaci\u00f3n p\u00fablica. El imputado hab\u00eda permanecido pr\u00f3fugo y reci\u00e9n pudo ser capturado luego de 11 allanamientos [&hellip;]<\/p>\n","protected":false},"author":1,"featured_media":45865,"comment_status":"closed","ping_status":"open","sticky":false,"template":"","format":"standard","meta":{"footnotes":""},"categories":[927],"tags":[],"class_list":{"0":"post-45864","1":"post","2":"type-post","3":"status-publish","4":"format-standard","5":"has-post-thumbnail","7":"category-policiales"},"yoast_head":"<!-- This site is optimized with the Yoast SEO plugin v27.4 - https:\/\/yoast.com\/product\/yoast-seo-wordpress\/ -->\n<title>prisi\u00f3n preventiva para el acusado de intento de asesinato - El Diario de Tucuman<\/title>\n<meta name=\"robots\" content=\"index, follow, max-snippet:-1, max-image-preview:large, max-video-preview:-1\" \/>\n<link rel=\"canonical\" href=\"https:\/\/www.eldiariodetucuman.com\/web\/prision-preventiva-para-el-acusado-de-intento-de-asesinato\/\" \/>\n<meta property=\"og:locale\" content=\"es_ES\" \/>\n<meta property=\"og:type\" content=\"article\" \/>\n<meta property=\"og:title\" content=\"prisi\u00f3n preventiva para el acusado de intento de asesinato - El Diario de Tucuman\" \/>\n<meta property=\"og:description\" content=\"Durante la audiencia, Maggio solicit\u00f3 que se dicte la prisi\u00f3n preventiva por dos meses, argumentando la existencia de riesgos procesales, tanto de fuga como de entorpecimiento de la investigaci\u00f3n. El juez interviniente resolvi\u00f3 hacer lugar al planteo de la acusaci\u00f3n p\u00fablica. El imputado hab\u00eda permanecido pr\u00f3fugo y reci\u00e9n pudo ser capturado luego de 11 allanamientos [&hellip;]\" \/>\n<meta property=\"og:url\" content=\"https:\/\/www.eldiariodetucuman.com\/web\/prision-preventiva-para-el-acusado-de-intento-de-asesinato\/\" \/>\n<meta property=\"og:site_name\" content=\"El Diario de Tucuman\" \/>\n<meta property=\"article:published_time\" content=\"2025-10-07T19:33:59+00:00\" \/>\n<meta name=\"author\" content=\"admin\" \/>\n<meta name=\"twitter:card\" content=\"summary_large_image\" \/>\n<meta name=\"twitter:label1\" content=\"Escrito por\" \/>\n\t<meta name=\"twitter:data1\" content=\"admin\" \/>\n\t<meta name=\"twitter:label2\" content=\"Tiempo de lectura\" \/>\n\t<meta name=\"twitter:data2\" content=\"1 minuto\" \/>\n<script type=\"application\/ld+json\" class=\"yoast-schema-graph\">{\"@context\":\"https:\\\/\\\/schema.org\",\"@graph\":[{\"@type\":\"Article\",\"@id\":\"https:\\\/\\\/www.eldiariodetucuman.com\\\/web\\\/prision-preventiva-para-el-acusado-de-intento-de-asesinato\\\/#article\",\"isPartOf\":{\"@id\":\"https:\\\/\\\/www.eldiariodetucuman.com\\\/web\\\/prision-preventiva-para-el-acusado-de-intento-de-asesinato\\\/\"},\"author\":{\"name\":\"admin\",\"@id\":\"https:\\\/\\\/www.eldiariodetucuman.com\\\/web\\\/#\\\/schema\\\/person\\\/9250197d75ab5483412e19678b121caa\"},\"headline\":\"prisi\u00f3n preventiva para el acusado de intento de asesinato\",\"datePublished\":\"2025-10-07T19:33:59+00:00\",\"mainEntityOfPage\":{\"@id\":\"https:\\\/\\\/www.eldiariodetucuman.com\\\/web\\\/prision-preventiva-para-el-acusado-de-intento-de-asesinato\\\/\"},\"wordCount\":269,\"publisher\":{\"@id\":\"https:\\\/\\\/www.eldiariodetucuman.com\\\/web\\\/#organization\"},\"image\":{\"@id\":\"https:\\\/\\\/www.eldiariodetucuman.com\\\/web\\\/prision-preventiva-para-el-acusado-de-intento-de-asesinato\\\/#primaryimage\"},\"thumbnailUrl\":\"https:\\\/\\\/www.eldiariodetucuman.com\\\/web\\\/wp-content\\\/uploads\\\/2025\\\/10\\\/prision-preventiva-para-el-acusado-de-intento-de-asesinato.png\",\"articleSection\":[\"Policiales\"],\"inLanguage\":\"es\"},{\"@type\":\"WebPage\",\"@id\":\"https:\\\/\\\/www.eldiariodetucuman.com\\\/web\\\/prision-preventiva-para-el-acusado-de-intento-de-asesinato\\\/\",\"url\":\"https:\\\/\\\/www.eldiariodetucuman.com\\\/web\\\/prision-preventiva-para-el-acusado-de-intento-de-asesinato\\\/\",\"name\":\"prisi\u00f3n preventiva para el acusado de intento de asesinato - El Diario de Tucuman\",\"isPartOf\":{\"@id\":\"https:\\\/\\\/www.eldiariodetucuman.com\\\/web\\\/#website\"},\"primaryImageOfPage\":{\"@id\":\"https:\\\/\\\/www.eldiariodetucuman.com\\\/web\\\/prision-preventiva-para-el-acusado-de-intento-de-asesinato\\\/#primaryimage\"},\"image\":{\"@id\":\"https:\\\/\\\/www.eldiariodetucuman.com\\\/web\\\/prision-preventiva-para-el-acusado-de-intento-de-asesinato\\\/#primaryimage\"},\"thumbnailUrl\":\"https:\\\/\\\/www.eldiariodetucuman.com\\\/web\\\/wp-content\\\/uploads\\\/2025\\\/10\\\/prision-preventiva-para-el-acusado-de-intento-de-asesinato.png\",\"datePublished\":\"2025-10-07T19:33:59+00:00\",\"breadcrumb\":{\"@id\":\"https:\\\/\\\/www.eldiariodetucuman.com\\\/web\\\/prision-preventiva-para-el-acusado-de-intento-de-asesinato\\\/#breadcrumb\"},\"inLanguage\":\"es\",\"potentialAction\":[{\"@type\":\"ReadAction\",\"target\":[\"https:\\\/\\\/www.eldiariodetucuman.com\\\/web\\\/prision-preventiva-para-el-acusado-de-intento-de-asesinato\\\/\"]}]},{\"@type\":\"ImageObject\",\"inLanguage\":\"es\",\"@id\":\"https:\\\/\\\/www.eldiariodetucuman.com\\\/web\\\/prision-preventiva-para-el-acusado-de-intento-de-asesinato\\\/#primaryimage\",\"url\":\"https:\\\/\\\/www.eldiariodetucuman.com\\\/web\\\/wp-content\\\/uploads\\\/2025\\\/10\\\/prision-preventiva-para-el-acusado-de-intento-de-asesinato.png\",\"contentUrl\":\"https:\\\/\\\/www.eldiariodetucuman.com\\\/web\\\/wp-content\\\/uploads\\\/2025\\\/10\\\/prision-preventiva-para-el-acusado-de-intento-de-asesinato.png\",\"width\":1200,\"height\":675},{\"@type\":\"BreadcrumbList\",\"@id\":\"https:\\\/\\\/www.eldiariodetucuman.com\\\/web\\\/prision-preventiva-para-el-acusado-de-intento-de-asesinato\\\/#breadcrumb\",\"itemListElement\":[{\"@type\":\"ListItem\",\"position\":1,\"name\":\"Portada\",\"item\":\"https:\\\/\\\/www.eldiariodetucuman.com\\\/web\\\/\"},{\"@type\":\"ListItem\",\"position\":2,\"name\":\"prisi\u00f3n preventiva para el acusado de intento de asesinato\"}]},{\"@type\":\"WebSite\",\"@id\":\"https:\\\/\\\/www.eldiariodetucuman.com\\\/web\\\/#website\",\"url\":\"https:\\\/\\\/www.eldiariodetucuman.com\\\/web\\\/\",\"name\":\"El Diario de Tucuman\",\"description\":\"Diario Tucuman - Informaci\u00f3n y noticias\",\"publisher\":{\"@id\":\"https:\\\/\\\/www.eldiariodetucuman.com\\\/web\\\/#organization\"},\"potentialAction\":[{\"@type\":\"SearchAction\",\"target\":{\"@type\":\"EntryPoint\",\"urlTemplate\":\"https:\\\/\\\/www.eldiariodetucuman.com\\\/web\\\/?s={search_term_string}\"},\"query-input\":{\"@type\":\"PropertyValueSpecification\",\"valueRequired\":true,\"valueName\":\"search_term_string\"}}],\"inLanguage\":\"es\"},{\"@type\":\"Organization\",\"@id\":\"https:\\\/\\\/www.eldiariodetucuman.com\\\/web\\\/#organization\",\"name\":\"El Diario de Tucuman\",\"url\":\"https:\\\/\\\/www.eldiariodetucuman.com\\\/web\\\/\",\"logo\":{\"@type\":\"ImageObject\",\"inLanguage\":\"es\",\"@id\":\"https:\\\/\\\/www.eldiariodetucuman.com\\\/web\\\/#\\\/schema\\\/logo\\\/image\\\/\",\"url\":\"http:\\\/\\\/www.eldiariodetucuman.com\\\/web\\\/wp-content\\\/uploads\\\/2017\\\/12\\\/el-diario-de-tucuman.jpg\",\"contentUrl\":\"http:\\\/\\\/www.eldiariodetucuman.com\\\/web\\\/wp-content\\\/uploads\\\/2017\\\/12\\\/el-diario-de-tucuman.jpg\",\"width\":272,\"height\":92,\"caption\":\"El Diario de Tucuman\"},\"image\":{\"@id\":\"https:\\\/\\\/www.eldiariodetucuman.com\\\/web\\\/#\\\/schema\\\/logo\\\/image\\\/\"}},{\"@type\":\"Person\",\"@id\":\"https:\\\/\\\/www.eldiariodetucuman.com\\\/web\\\/#\\\/schema\\\/person\\\/9250197d75ab5483412e19678b121caa\",\"name\":\"admin\",\"image\":{\"@type\":\"ImageObject\",\"inLanguage\":\"es\",\"@id\":\"https:\\\/\\\/secure.gravatar.com\\\/avatar\\\/c44d117c2be811212c22cb481f6b8384b6873de103fbc49e7a03cc58d7dea4ac?s=96&d=mm&r=g\",\"url\":\"https:\\\/\\\/secure.gravatar.com\\\/avatar\\\/c44d117c2be811212c22cb481f6b8384b6873de103fbc49e7a03cc58d7dea4ac?s=96&d=mm&r=g\",\"contentUrl\":\"https:\\\/\\\/secure.gravatar.com\\\/avatar\\\/c44d117c2be811212c22cb481f6b8384b6873de103fbc49e7a03cc58d7dea4ac?s=96&d=mm&r=g\",\"caption\":\"admin\"},\"url\":\"https:\\\/\\\/www.eldiariodetucuman.com\\\/web\\\/author\\\/admin\\\/\"}]}<\/script>\n<!-- \/ Yoast SEO plugin. -->","yoast_head_json":{"title":"prisi\u00f3n preventiva para el acusado de intento de asesinato - El Diario de Tucuman","robots":{"index":"index","follow":"follow","max-snippet":"max-snippet:-1","max-image-preview":"max-image-preview:large","max-video-preview":"max-video-preview:-1"},"canonical":"https:\/\/www.eldiariodetucuman.com\/web\/prision-preventiva-para-el-acusado-de-intento-de-asesinato\/","og_locale":"es_ES","og_type":"article","og_title":"prisi\u00f3n preventiva para el acusado de intento de asesinato - El Diario de Tucuman","og_description":"Durante la audiencia, Maggio solicit\u00f3 que se dicte la prisi\u00f3n preventiva por dos meses, argumentando la existencia de riesgos procesales, tanto de fuga como de entorpecimiento de la investigaci\u00f3n. El juez interviniente resolvi\u00f3 hacer lugar al planteo de la acusaci\u00f3n p\u00fablica. El imputado hab\u00eda permanecido pr\u00f3fugo y reci\u00e9n pudo ser capturado luego de 11 allanamientos [&hellip;]","og_url":"https:\/\/www.eldiariodetucuman.com\/web\/prision-preventiva-para-el-acusado-de-intento-de-asesinato\/","og_site_name":"El Diario de Tucuman","article_published_time":"2025-10-07T19:33:59+00:00","author":"admin","twitter_card":"summary_large_image","twitter_misc":{"Escrito por":"admin","Tiempo de lectura":"1 minuto"},"schema":{"@context":"https:\/\/schema.org","@graph":[{"@type":"Article","@id":"https:\/\/www.eldiariodetucuman.com\/web\/prision-preventiva-para-el-acusado-de-intento-de-asesinato\/#article","isPartOf":{"@id":"https:\/\/www.eldiariodetucuman.com\/web\/prision-preventiva-para-el-acusado-de-intento-de-asesinato\/"},"author":{"name":"admin","@id":"https:\/\/www.eldiariodetucuman.com\/web\/#\/schema\/person\/9250197d75ab5483412e19678b121caa"},"headline":"prisi\u00f3n preventiva para el acusado de intento de asesinato","datePublished":"2025-10-07T19:33:59+00:00","mainEntityOfPage":{"@id":"https:\/\/www.eldiariodetucuman.com\/web\/prision-preventiva-para-el-acusado-de-intento-de-asesinato\/"},"wordCount":269,"publisher":{"@id":"https:\/\/www.eldiariodetucuman.com\/web\/#organization"},"image":{"@id":"https:\/\/www.eldiariodetucuman.com\/web\/prision-preventiva-para-el-acusado-de-intento-de-asesinato\/#primaryimage"},"thumbnailUrl":"https:\/\/www.eldiariodetucuman.com\/web\/wp-content\/uploads\/2025\/10\/prision-preventiva-para-el-acusado-de-intento-de-asesinato.png","articleSection":["Policiales"],"inLanguage":"es"},{"@type":"WebPage","@id":"https:\/\/www.eldiariodetucuman.com\/web\/prision-preventiva-para-el-acusado-de-intento-de-asesinato\/","url":"https:\/\/www.eldiariodetucuman.com\/web\/prision-preventiva-para-el-acusado-de-intento-de-asesinato\/","name":"prisi\u00f3n preventiva para el acusado de intento de asesinato - El Diario de Tucuman","isPartOf":{"@id":"https:\/\/www.eldiariodetucuman.com\/web\/#website"},"primaryImageOfPage":{"@id":"https:\/\/www.eldiariodetucuman.com\/web\/prision-preventiva-para-el-acusado-de-intento-de-asesinato\/#primaryimage"},"image":{"@id":"https:\/\/www.eldiariodetucuman.com\/web\/prision-preventiva-para-el-acusado-de-intento-de-asesinato\/#primaryimage"},"thumbnailUrl":"https:\/\/www.eldiariodetucuman.com\/web\/wp-content\/uploads\/2025\/10\/prision-preventiva-para-el-acusado-de-intento-de-asesinato.png","datePublished":"2025-10-07T19:33:59+00:00","breadcrumb":{"@id":"https:\/\/www.eldiariodetucuman.com\/web\/prision-preventiva-para-el-acusado-de-intento-de-asesinato\/#breadcrumb"},"inLanguage":"es","potentialAction":[{"@type":"ReadAction","target":["https:\/\/www.eldiariodetucuman.com\/web\/prision-preventiva-para-el-acusado-de-intento-de-asesinato\/"]}]},{"@type":"ImageObject","inLanguage":"es","@id":"https:\/\/www.eldiariodetucuman.com\/web\/prision-preventiva-para-el-acusado-de-intento-de-asesinato\/#primaryimage","url":"https:\/\/www.eldiariodetucuman.com\/web\/wp-content\/uploads\/2025\/10\/prision-preventiva-para-el-acusado-de-intento-de-asesinato.png","contentUrl":"https:\/\/www.eldiariodetucuman.com\/web\/wp-content\/uploads\/2025\/10\/prision-preventiva-para-el-acusado-de-intento-de-asesinato.png","width":1200,"height":675},{"@type":"BreadcrumbList","@id":"https:\/\/www.eldiariodetucuman.com\/web\/prision-preventiva-para-el-acusado-de-intento-de-asesinato\/#breadcrumb","itemListElement":[{"@type":"ListItem","position":1,"name":"Portada","item":"https:\/\/www.eldiariodetucuman.com\/web\/"},{"@type":"ListItem","position":2,"name":"prisi\u00f3n preventiva para el acusado de intento de asesinato"}]},{"@type":"WebSite","@id":"https:\/\/www.eldiariodetucuman.com\/web\/#website","url":"https:\/\/www.eldiariodetucuman.com\/web\/","name":"El Diario de Tucuman","description":"Diario Tucuman - Informaci\u00f3n y noticias","publisher":{"@id":"https:\/\/www.eldiariodetucuman.com\/web\/#organization"},"potentialAction":[{"@type":"SearchAction","target":{"@type":"EntryPoint","urlTemplate":"https:\/\/www.eldiariodetucuman.com\/web\/?s={search_term_string}"},"query-input":{"@type":"PropertyValueSpecification","valueRequired":true,"valueName":"search_term_string"}}],"inLanguage":"es"},{"@type":"Organization","@id":"https:\/\/www.eldiariodetucuman.com\/web\/#organization","name":"El Diario de Tucuman","url":"https:\/\/www.eldiariodetucuman.com\/web\/","logo":{"@type":"ImageObject","inLanguage":"es","@id":"https:\/\/www.eldiariodetucuman.com\/web\/#\/schema\/logo\/image\/","url":"http:\/\/www.eldiariodetucuman.com\/web\/wp-content\/uploads\/2017\/12\/el-diario-de-tucuman.jpg","contentUrl":"http:\/\/www.eldiariodetucuman.com\/web\/wp-content\/uploads\/2017\/12\/el-diario-de-tucuman.jpg","width":272,"height":92,"caption":"El Diario de Tucuman"},"image":{"@id":"https:\/\/www.eldiariodetucuman.com\/web\/#\/schema\/logo\/image\/"}},{"@type":"Person","@id":"https:\/\/www.eldiariodetucuman.com\/web\/#\/schema\/person\/9250197d75ab5483412e19678b121caa","name":"admin","image":{"@type":"ImageObject","inLanguage":"es","@id":"https:\/\/secure.gravatar.com\/avatar\/c44d117c2be811212c22cb481f6b8384b6873de103fbc49e7a03cc58d7dea4ac?s=96&d=mm&r=g","url":"https:\/\/secure.gravatar.com\/avatar\/c44d117c2be811212c22cb481f6b8384b6873de103fbc49e7a03cc58d7dea4ac?s=96&d=mm&r=g","contentUrl":"https:\/\/secure.gravatar.com\/avatar\/c44d117c2be811212c22cb481f6b8384b6873de103fbc49e7a03cc58d7dea4ac?s=96&d=mm&r=g","caption":"admin"},"url":"https:\/\/www.eldiariodetucuman.com\/web\/author\/admin\/"}]}},"_links":{"self":[{"href":"https:\/\/www.eldiariodetucuman.com\/web\/wp-json\/wp\/v2\/posts\/45864","targetHints":{"allow":["GET"]}}],"collection":[{"href":"https:\/\/www.eldiariodetucuman.com\/web\/wp-json\/wp\/v2\/posts"}],"about":[{"href":"https:\/\/www.eldiariodetucuman.com\/web\/wp-json\/wp\/v2\/types\/post"}],"author":[{"embeddable":true,"href":"https:\/\/www.eldiariodetucuman.com\/web\/wp-json\/wp\/v2\/users\/1"}],"replies":[{"embeddable":true,"href":"https:\/\/www.eldiariodetucuman.com\/web\/wp-json\/wp\/v2\/comments?post=45864"}],"version-history":[{"count":0,"href":"https:\/\/www.eldiariodetucuman.com\/web\/wp-json\/wp\/v2\/posts\/45864\/revisions"}],"wp:featuredmedia":[{"embeddable":true,"href":"https:\/\/www.eldiariodetucuman.com\/web\/wp-json\/wp\/v2\/media\/45865"}],"wp:attachment":[{"href":"https:\/\/www.eldiariodetucuman.com\/web\/wp-json\/wp\/v2\/media?parent=45864"}],"wp:term":[{"taxonomy":"category","embeddable":true,"href":"https:\/\/www.eldiariodetucuman.com\/web\/wp-json\/wp\/v2\/categories?post=45864"},{"taxonomy":"post_tag","embeddable":true,"href":"https:\/\/www.eldiariodetucuman.com\/web\/wp-json\/wp\/v2\/tags?post=45864"}],"curies":[{"name":"wp","href":"https:\/\/api.w.org\/{rel}","templated":true}]}}