{"id":45863,"date":"2025-10-07T15:26:02","date_gmt":"2025-10-07T18:26:02","guid":{"rendered":"https:\/\/www.eldiariodetucuman.com\/web\/analistas-elevan-proyecciones-hasta-21-para-la-inflacion-de-septiembre\/"},"modified":"2025-10-07T15:26:02","modified_gmt":"2025-10-07T18:26:02","slug":"analistas-elevan-proyecciones-hasta-21-para-la-inflacion-de-septiembre","status":"publish","type":"post","link":"https:\/\/www.eldiariodetucuman.com\/web\/analistas-elevan-proyecciones-hasta-21-para-la-inflacion-de-septiembre\/","title":{"rendered":"Analistas elevan proyecciones hasta 2,1% para la inflaci\u00f3n de septiembre"},"content":{"rendered":"<p><\/p>\n<h2>El IPC volver\u00eda a ubicarse por debajo del 2% mensual a partir de enero de 2026.<\/h2>\n<p>Analistas elevaron sus expectativas sobre el \u00edndice de precios al consumidor y proyectaron que la inflaci\u00f3n se ubic\u00f3 en 2,1% en septiembre, de acuerdo con el Relevamiento de Expectativas de Mercado (REM) realizado por el Banco Central (BCRA).<\/p>\n<p>En el noveno relevamiento del a\u00f1o, las consultoras y entidades financieras que participaron del REM estimaron una inflaci\u00f3n mensual de 2,1% para septiembre (+0,3 puntos porcentuales respecto del REM previo).<\/p>\n<p>Respecto del IPC N\u00facleo, el conjunto de participantes del REM ubic\u00f3 sus estimaciones para septiembre en 2,0% (+0,2 p.p. respecto del REM previo).<\/p>\n<p>Asimismo, para los \u00faltimos meses de 2025 se proyecta una inflaci\u00f3n nivel general en torno del 2,0% mensual, al tiempo que volver\u00eda a ubicarse por debajo del 2,0% mensual a partir de enero de 2026.<\/p>\n<p>Para todo 2025, esperan una inflaci\u00f3n de 29,8%, con un incremento de 1,6 puntos porcentuales respecto del relevamiento anterior.<\/p>\n<p>Por otra parte, en el relevamiento de septiembre, el conjunto de analistas del REM estim\u00f3 que en el tercer trimestre del a\u00f1o el PIB ajustado por estacionalidad se habr\u00eda reducido 0,6% respecto al segundo trimestre de 2025 (0,3 p.p. de mayor ca\u00edda respecto al REM previo). Proyectan que crezca 0,5% en el cuarto trimestre del a\u00f1o (-0,1 p.p. respecto al REM previo) y que se acelere a 0,8% en el primer trimestre 2026.<\/p>\n<p>Para 2025 esperan en promedio un nivel de PIB real 3,9% superior al promedio de 2024 (-0,5 p.p. respecto del REM previo).<\/p>\n<p>La mediana de las proyecciones de tipo de cambio nominal se ubic\u00f3 en $1.440 por d\u00f3lar para el promedio de octubre de 2025. Para diciembre de 2025 el conjunto de participantes pronostica un tipo de cambio nominal de $1.536\/USD, lo que arroja una variaci\u00f3n interanual esperada de 50,5% (+9,3 p.p. respecto del REM previo).<\/p>\n<p>FUENTE NA<\/p>\n<p>Fuente: <a href=\"https:\/\/tucuman24.com\/nota\/192951\/analistas-elevan-proyecciones-hasta-21-para-la-inflacion-de-septiembre.html\"> Fuente de la nota <\/a><\/p>\n","protected":false},"excerpt":{"rendered":"<p>El IPC volver\u00eda a ubicarse por debajo del 2% mensual a partir de enero de 2026. Analistas elevaron sus expectativas sobre el \u00edndice de precios al consumidor y proyectaron que la inflaci\u00f3n se ubic\u00f3 en 2,1% en septiembre, de acuerdo con el Relevamiento de Expectativas de Mercado (REM) realizado por el Banco Central (BCRA). En [&hellip;]<\/p>\n","protected":false},"author":1,"featured_media":44688,"comment_status":"closed","ping_status":"open","sticky":false,"template":"","format":"standard","meta":{"footnotes":""},"categories":[2],"tags":[],"class_list":{"0":"post-45863","1":"post","2":"type-post","3":"status-publish","4":"format-standard","5":"has-post-thumbnail","7":"category-actualidad"},"yoast_head":"<!-- This site is optimized with the Yoast SEO plugin v27.4 - https:\/\/yoast.com\/product\/yoast-seo-wordpress\/ -->\n<title>Analistas elevan proyecciones hasta 2,1% para la inflaci\u00f3n de septiembre - El Diario de Tucuman<\/title>\n<meta name=\"robots\" content=\"index, follow, max-snippet:-1, max-image-preview:large, max-video-preview:-1\" \/>\n<link rel=\"canonical\" href=\"https:\/\/www.eldiariodetucuman.com\/web\/analistas-elevan-proyecciones-hasta-21-para-la-inflacion-de-septiembre\/\" \/>\n<meta property=\"og:locale\" content=\"es_ES\" \/>\n<meta property=\"og:type\" content=\"article\" \/>\n<meta property=\"og:title\" content=\"Analistas elevan proyecciones hasta 2,1% para la inflaci\u00f3n de septiembre - El Diario de Tucuman\" \/>\n<meta property=\"og:description\" content=\"El IPC volver\u00eda a ubicarse por debajo del 2% mensual a partir de enero de 2026. Analistas elevaron sus expectativas sobre el \u00edndice de precios al consumidor y proyectaron que la inflaci\u00f3n se ubic\u00f3 en 2,1% en septiembre, de acuerdo con el Relevamiento de Expectativas de Mercado (REM) realizado por el Banco Central (BCRA). En [&hellip;]\" \/>\n<meta property=\"og:url\" content=\"https:\/\/www.eldiariodetucuman.com\/web\/analistas-elevan-proyecciones-hasta-21-para-la-inflacion-de-septiembre\/\" \/>\n<meta property=\"og:site_name\" content=\"El Diario de Tucuman\" \/>\n<meta property=\"article:published_time\" content=\"2025-10-07T18:26:02+00:00\" \/>\n<meta name=\"author\" content=\"admin\" \/>\n<meta name=\"twitter:card\" content=\"summary_large_image\" \/>\n<meta name=\"twitter:label1\" content=\"Escrito por\" \/>\n\t<meta name=\"twitter:data1\" content=\"admin\" \/>\n\t<meta name=\"twitter:label2\" content=\"Tiempo de lectura\" \/>\n\t<meta name=\"twitter:data2\" content=\"2 minutos\" \/>\n<script type=\"application\/ld+json\" class=\"yoast-schema-graph\">{\"@context\":\"https:\\\/\\\/schema.org\",\"@graph\":[{\"@type\":\"Article\",\"@id\":\"https:\\\/\\\/www.eldiariodetucuman.com\\\/web\\\/analistas-elevan-proyecciones-hasta-21-para-la-inflacion-de-septiembre\\\/#article\",\"isPartOf\":{\"@id\":\"https:\\\/\\\/www.eldiariodetucuman.com\\\/web\\\/analistas-elevan-proyecciones-hasta-21-para-la-inflacion-de-septiembre\\\/\"},\"author\":{\"name\":\"admin\",\"@id\":\"https:\\\/\\\/www.eldiariodetucuman.com\\\/web\\\/#\\\/schema\\\/person\\\/9250197d75ab5483412e19678b121caa\"},\"headline\":\"Analistas elevan proyecciones hasta 2,1% para la inflaci\u00f3n de septiembre\",\"datePublished\":\"2025-10-07T18:26:02+00:00\",\"mainEntityOfPage\":{\"@id\":\"https:\\\/\\\/www.eldiariodetucuman.com\\\/web\\\/analistas-elevan-proyecciones-hasta-21-para-la-inflacion-de-septiembre\\\/\"},\"wordCount\":318,\"publisher\":{\"@id\":\"https:\\\/\\\/www.eldiariodetucuman.com\\\/web\\\/#organization\"},\"image\":{\"@id\":\"https:\\\/\\\/www.eldiariodetucuman.com\\\/web\\\/analistas-elevan-proyecciones-hasta-21-para-la-inflacion-de-septiembre\\\/#primaryimage\"},\"thumbnailUrl\":\"https:\\\/\\\/www.eldiariodetucuman.com\\\/web\\\/wp-content\\\/uploads\\\/2025\\\/06\\\/El-Gobierno-confia-en-que-la-inflacion-de-mayo-haya.jpg\",\"articleSection\":[\"Actualidad\"],\"inLanguage\":\"es\"},{\"@type\":\"WebPage\",\"@id\":\"https:\\\/\\\/www.eldiariodetucuman.com\\\/web\\\/analistas-elevan-proyecciones-hasta-21-para-la-inflacion-de-septiembre\\\/\",\"url\":\"https:\\\/\\\/www.eldiariodetucuman.com\\\/web\\\/analistas-elevan-proyecciones-hasta-21-para-la-inflacion-de-septiembre\\\/\",\"name\":\"Analistas elevan proyecciones hasta 2,1% para la inflaci\u00f3n de septiembre - El Diario de Tucuman\",\"isPartOf\":{\"@id\":\"https:\\\/\\\/www.eldiariodetucuman.com\\\/web\\\/#website\"},\"primaryImageOfPage\":{\"@id\":\"https:\\\/\\\/www.eldiariodetucuman.com\\\/web\\\/analistas-elevan-proyecciones-hasta-21-para-la-inflacion-de-septiembre\\\/#primaryimage\"},\"image\":{\"@id\":\"https:\\\/\\\/www.eldiariodetucuman.com\\\/web\\\/analistas-elevan-proyecciones-hasta-21-para-la-inflacion-de-septiembre\\\/#primaryimage\"},\"thumbnailUrl\":\"https:\\\/\\\/www.eldiariodetucuman.com\\\/web\\\/wp-content\\\/uploads\\\/2025\\\/06\\\/El-Gobierno-confia-en-que-la-inflacion-de-mayo-haya.jpg\",\"datePublished\":\"2025-10-07T18:26:02+00:00\",\"breadcrumb\":{\"@id\":\"https:\\\/\\\/www.eldiariodetucuman.com\\\/web\\\/analistas-elevan-proyecciones-hasta-21-para-la-inflacion-de-septiembre\\\/#breadcrumb\"},\"inLanguage\":\"es\",\"potentialAction\":[{\"@type\":\"ReadAction\",\"target\":[\"https:\\\/\\\/www.eldiariodetucuman.com\\\/web\\\/analistas-elevan-proyecciones-hasta-21-para-la-inflacion-de-septiembre\\\/\"]}]},{\"@type\":\"ImageObject\",\"inLanguage\":\"es\",\"@id\":\"https:\\\/\\\/www.eldiariodetucuman.com\\\/web\\\/analistas-elevan-proyecciones-hasta-21-para-la-inflacion-de-septiembre\\\/#primaryimage\",\"url\":\"https:\\\/\\\/www.eldiariodetucuman.com\\\/web\\\/wp-content\\\/uploads\\\/2025\\\/06\\\/El-Gobierno-confia-en-que-la-inflacion-de-mayo-haya.jpg\",\"contentUrl\":\"https:\\\/\\\/www.eldiariodetucuman.com\\\/web\\\/wp-content\\\/uploads\\\/2025\\\/06\\\/El-Gobierno-confia-en-que-la-inflacion-de-mayo-haya.jpg\",\"width\":992,\"height\":558},{\"@type\":\"BreadcrumbList\",\"@id\":\"https:\\\/\\\/www.eldiariodetucuman.com\\\/web\\\/analistas-elevan-proyecciones-hasta-21-para-la-inflacion-de-septiembre\\\/#breadcrumb\",\"itemListElement\":[{\"@type\":\"ListItem\",\"position\":1,\"name\":\"Portada\",\"item\":\"https:\\\/\\\/www.eldiariodetucuman.com\\\/web\\\/\"},{\"@type\":\"ListItem\",\"position\":2,\"name\":\"Analistas elevan proyecciones hasta 2,1% para la inflaci\u00f3n de septiembre\"}]},{\"@type\":\"WebSite\",\"@id\":\"https:\\\/\\\/www.eldiariodetucuman.com\\\/web\\\/#website\",\"url\":\"https:\\\/\\\/www.eldiariodetucuman.com\\\/web\\\/\",\"name\":\"El Diario de Tucuman\",\"description\":\"Diario Tucuman - Informaci\u00f3n y noticias\",\"publisher\":{\"@id\":\"https:\\\/\\\/www.eldiariodetucuman.com\\\/web\\\/#organization\"},\"potentialAction\":[{\"@type\":\"SearchAction\",\"target\":{\"@type\":\"EntryPoint\",\"urlTemplate\":\"https:\\\/\\\/www.eldiariodetucuman.com\\\/web\\\/?s={search_term_string}\"},\"query-input\":{\"@type\":\"PropertyValueSpecification\",\"valueRequired\":true,\"valueName\":\"search_term_string\"}}],\"inLanguage\":\"es\"},{\"@type\":\"Organization\",\"@id\":\"https:\\\/\\\/www.eldiariodetucuman.com\\\/web\\\/#organization\",\"name\":\"El Diario de Tucuman\",\"url\":\"https:\\\/\\\/www.eldiariodetucuman.com\\\/web\\\/\",\"logo\":{\"@type\":\"ImageObject\",\"inLanguage\":\"es\",\"@id\":\"https:\\\/\\\/www.eldiariodetucuman.com\\\/web\\\/#\\\/schema\\\/logo\\\/image\\\/\",\"url\":\"http:\\\/\\\/www.eldiariodetucuman.com\\\/web\\\/wp-content\\\/uploads\\\/2017\\\/12\\\/el-diario-de-tucuman.jpg\",\"contentUrl\":\"http:\\\/\\\/www.eldiariodetucuman.com\\\/web\\\/wp-content\\\/uploads\\\/2017\\\/12\\\/el-diario-de-tucuman.jpg\",\"width\":272,\"height\":92,\"caption\":\"El Diario de Tucuman\"},\"image\":{\"@id\":\"https:\\\/\\\/www.eldiariodetucuman.com\\\/web\\\/#\\\/schema\\\/logo\\\/image\\\/\"}},{\"@type\":\"Person\",\"@id\":\"https:\\\/\\\/www.eldiariodetucuman.com\\\/web\\\/#\\\/schema\\\/person\\\/9250197d75ab5483412e19678b121caa\",\"name\":\"admin\",\"image\":{\"@type\":\"ImageObject\",\"inLanguage\":\"es\",\"@id\":\"https:\\\/\\\/secure.gravatar.com\\\/avatar\\\/c44d117c2be811212c22cb481f6b8384b6873de103fbc49e7a03cc58d7dea4ac?s=96&d=mm&r=g\",\"url\":\"https:\\\/\\\/secure.gravatar.com\\\/avatar\\\/c44d117c2be811212c22cb481f6b8384b6873de103fbc49e7a03cc58d7dea4ac?s=96&d=mm&r=g\",\"contentUrl\":\"https:\\\/\\\/secure.gravatar.com\\\/avatar\\\/c44d117c2be811212c22cb481f6b8384b6873de103fbc49e7a03cc58d7dea4ac?s=96&d=mm&r=g\",\"caption\":\"admin\"},\"url\":\"https:\\\/\\\/www.eldiariodetucuman.com\\\/web\\\/author\\\/admin\\\/\"}]}<\/script>\n<!-- \/ Yoast SEO plugin. -->","yoast_head_json":{"title":"Analistas elevan proyecciones hasta 2,1% para la inflaci\u00f3n de septiembre - El Diario de Tucuman","robots":{"index":"index","follow":"follow","max-snippet":"max-snippet:-1","max-image-preview":"max-image-preview:large","max-video-preview":"max-video-preview:-1"},"canonical":"https:\/\/www.eldiariodetucuman.com\/web\/analistas-elevan-proyecciones-hasta-21-para-la-inflacion-de-septiembre\/","og_locale":"es_ES","og_type":"article","og_title":"Analistas elevan proyecciones hasta 2,1% para la inflaci\u00f3n de septiembre - El Diario de Tucuman","og_description":"El IPC volver\u00eda a ubicarse por debajo del 2% mensual a partir de enero de 2026. Analistas elevaron sus expectativas sobre el \u00edndice de precios al consumidor y proyectaron que la inflaci\u00f3n se ubic\u00f3 en 2,1% en septiembre, de acuerdo con el Relevamiento de Expectativas de Mercado (REM) realizado por el Banco Central (BCRA). En [&hellip;]","og_url":"https:\/\/www.eldiariodetucuman.com\/web\/analistas-elevan-proyecciones-hasta-21-para-la-inflacion-de-septiembre\/","og_site_name":"El Diario de Tucuman","article_published_time":"2025-10-07T18:26:02+00:00","author":"admin","twitter_card":"summary_large_image","twitter_misc":{"Escrito por":"admin","Tiempo de lectura":"2 minutos"},"schema":{"@context":"https:\/\/schema.org","@graph":[{"@type":"Article","@id":"https:\/\/www.eldiariodetucuman.com\/web\/analistas-elevan-proyecciones-hasta-21-para-la-inflacion-de-septiembre\/#article","isPartOf":{"@id":"https:\/\/www.eldiariodetucuman.com\/web\/analistas-elevan-proyecciones-hasta-21-para-la-inflacion-de-septiembre\/"},"author":{"name":"admin","@id":"https:\/\/www.eldiariodetucuman.com\/web\/#\/schema\/person\/9250197d75ab5483412e19678b121caa"},"headline":"Analistas elevan proyecciones hasta 2,1% para la inflaci\u00f3n de septiembre","datePublished":"2025-10-07T18:26:02+00:00","mainEntityOfPage":{"@id":"https:\/\/www.eldiariodetucuman.com\/web\/analistas-elevan-proyecciones-hasta-21-para-la-inflacion-de-septiembre\/"},"wordCount":318,"publisher":{"@id":"https:\/\/www.eldiariodetucuman.com\/web\/#organization"},"image":{"@id":"https:\/\/www.eldiariodetucuman.com\/web\/analistas-elevan-proyecciones-hasta-21-para-la-inflacion-de-septiembre\/#primaryimage"},"thumbnailUrl":"https:\/\/www.eldiariodetucuman.com\/web\/wp-content\/uploads\/2025\/06\/El-Gobierno-confia-en-que-la-inflacion-de-mayo-haya.jpg","articleSection":["Actualidad"],"inLanguage":"es"},{"@type":"WebPage","@id":"https:\/\/www.eldiariodetucuman.com\/web\/analistas-elevan-proyecciones-hasta-21-para-la-inflacion-de-septiembre\/","url":"https:\/\/www.eldiariodetucuman.com\/web\/analistas-elevan-proyecciones-hasta-21-para-la-inflacion-de-septiembre\/","name":"Analistas elevan proyecciones hasta 2,1% para la inflaci\u00f3n de septiembre - El Diario de Tucuman","isPartOf":{"@id":"https:\/\/www.eldiariodetucuman.com\/web\/#website"},"primaryImageOfPage":{"@id":"https:\/\/www.eldiariodetucuman.com\/web\/analistas-elevan-proyecciones-hasta-21-para-la-inflacion-de-septiembre\/#primaryimage"},"image":{"@id":"https:\/\/www.eldiariodetucuman.com\/web\/analistas-elevan-proyecciones-hasta-21-para-la-inflacion-de-septiembre\/#primaryimage"},"thumbnailUrl":"https:\/\/www.eldiariodetucuman.com\/web\/wp-content\/uploads\/2025\/06\/El-Gobierno-confia-en-que-la-inflacion-de-mayo-haya.jpg","datePublished":"2025-10-07T18:26:02+00:00","breadcrumb":{"@id":"https:\/\/www.eldiariodetucuman.com\/web\/analistas-elevan-proyecciones-hasta-21-para-la-inflacion-de-septiembre\/#breadcrumb"},"inLanguage":"es","potentialAction":[{"@type":"ReadAction","target":["https:\/\/www.eldiariodetucuman.com\/web\/analistas-elevan-proyecciones-hasta-21-para-la-inflacion-de-septiembre\/"]}]},{"@type":"ImageObject","inLanguage":"es","@id":"https:\/\/www.eldiariodetucuman.com\/web\/analistas-elevan-proyecciones-hasta-21-para-la-inflacion-de-septiembre\/#primaryimage","url":"https:\/\/www.eldiariodetucuman.com\/web\/wp-content\/uploads\/2025\/06\/El-Gobierno-confia-en-que-la-inflacion-de-mayo-haya.jpg","contentUrl":"https:\/\/www.eldiariodetucuman.com\/web\/wp-content\/uploads\/2025\/06\/El-Gobierno-confia-en-que-la-inflacion-de-mayo-haya.jpg","width":992,"height":558},{"@type":"BreadcrumbList","@id":"https:\/\/www.eldiariodetucuman.com\/web\/analistas-elevan-proyecciones-hasta-21-para-la-inflacion-de-septiembre\/#breadcrumb","itemListElement":[{"@type":"ListItem","position":1,"name":"Portada","item":"https:\/\/www.eldiariodetucuman.com\/web\/"},{"@type":"ListItem","position":2,"name":"Analistas elevan proyecciones hasta 2,1% para la inflaci\u00f3n de septiembre"}]},{"@type":"WebSite","@id":"https:\/\/www.eldiariodetucuman.com\/web\/#website","url":"https:\/\/www.eldiariodetucuman.com\/web\/","name":"El Diario de Tucuman","description":"Diario Tucuman - Informaci\u00f3n y noticias","publisher":{"@id":"https:\/\/www.eldiariodetucuman.com\/web\/#organization"},"potentialAction":[{"@type":"SearchAction","target":{"@type":"EntryPoint","urlTemplate":"https:\/\/www.eldiariodetucuman.com\/web\/?s={search_term_string}"},"query-input":{"@type":"PropertyValueSpecification","valueRequired":true,"valueName":"search_term_string"}}],"inLanguage":"es"},{"@type":"Organization","@id":"https:\/\/www.eldiariodetucuman.com\/web\/#organization","name":"El Diario de Tucuman","url":"https:\/\/www.eldiariodetucuman.com\/web\/","logo":{"@type":"ImageObject","inLanguage":"es","@id":"https:\/\/www.eldiariodetucuman.com\/web\/#\/schema\/logo\/image\/","url":"http:\/\/www.eldiariodetucuman.com\/web\/wp-content\/uploads\/2017\/12\/el-diario-de-tucuman.jpg","contentUrl":"http:\/\/www.eldiariodetucuman.com\/web\/wp-content\/uploads\/2017\/12\/el-diario-de-tucuman.jpg","width":272,"height":92,"caption":"El Diario de Tucuman"},"image":{"@id":"https:\/\/www.eldiariodetucuman.com\/web\/#\/schema\/logo\/image\/"}},{"@type":"Person","@id":"https:\/\/www.eldiariodetucuman.com\/web\/#\/schema\/person\/9250197d75ab5483412e19678b121caa","name":"admin","image":{"@type":"ImageObject","inLanguage":"es","@id":"https:\/\/secure.gravatar.com\/avatar\/c44d117c2be811212c22cb481f6b8384b6873de103fbc49e7a03cc58d7dea4ac?s=96&d=mm&r=g","url":"https:\/\/secure.gravatar.com\/avatar\/c44d117c2be811212c22cb481f6b8384b6873de103fbc49e7a03cc58d7dea4ac?s=96&d=mm&r=g","contentUrl":"https:\/\/secure.gravatar.com\/avatar\/c44d117c2be811212c22cb481f6b8384b6873de103fbc49e7a03cc58d7dea4ac?s=96&d=mm&r=g","caption":"admin"},"url":"https:\/\/www.eldiariodetucuman.com\/web\/author\/admin\/"}]}},"_links":{"self":[{"href":"https:\/\/www.eldiariodetucuman.com\/web\/wp-json\/wp\/v2\/posts\/45863","targetHints":{"allow":["GET"]}}],"collection":[{"href":"https:\/\/www.eldiariodetucuman.com\/web\/wp-json\/wp\/v2\/posts"}],"about":[{"href":"https:\/\/www.eldiariodetucuman.com\/web\/wp-json\/wp\/v2\/types\/post"}],"author":[{"embeddable":true,"href":"https:\/\/www.eldiariodetucuman.com\/web\/wp-json\/wp\/v2\/users\/1"}],"replies":[{"embeddable":true,"href":"https:\/\/www.eldiariodetucuman.com\/web\/wp-json\/wp\/v2\/comments?post=45863"}],"version-history":[{"count":0,"href":"https:\/\/www.eldiariodetucuman.com\/web\/wp-json\/wp\/v2\/posts\/45863\/revisions"}],"wp:featuredmedia":[{"embeddable":true,"href":"https:\/\/www.eldiariodetucuman.com\/web\/wp-json\/wp\/v2\/media\/44688"}],"wp:attachment":[{"href":"https:\/\/www.eldiariodetucuman.com\/web\/wp-json\/wp\/v2\/media?parent=45863"}],"wp:term":[{"taxonomy":"category","embeddable":true,"href":"https:\/\/www.eldiariodetucuman.com\/web\/wp-json\/wp\/v2\/categories?post=45863"},{"taxonomy":"post_tag","embeddable":true,"href":"https:\/\/www.eldiariodetucuman.com\/web\/wp-json\/wp\/v2\/tags?post=45863"}],"curies":[{"name":"wp","href":"https:\/\/api.w.org\/{rel}","templated":true}]}}