{"id":45840,"date":"2025-10-04T23:23:02","date_gmt":"2025-10-05T02:23:02","guid":{"rendered":"https:\/\/www.eldiariodetucuman.com\/web\/una-crisis-por-capitulos-que-complica-el-horizonte-electoral-del-gobierno\/"},"modified":"2025-10-04T23:23:05","modified_gmt":"2025-10-05T02:23:05","slug":"una-crisis-por-capitulos-que-complica-el-horizonte-electoral-del-gobierno","status":"publish","type":"post","link":"https:\/\/www.eldiariodetucuman.com\/web\/una-crisis-por-capitulos-que-complica-el-horizonte-electoral-del-gobierno\/","title":{"rendered":"Una crisis por cap\u00edtulos que complica el horizonte electoral del Gobierno"},"content":{"rendered":"<p><\/p>\n<p class=\"com-paragraph   --s\"><strong>El Gobierno desarroll\u00f3 a lo largo de este a\u00f1o una extra\u00f1a habilidad para autogenerarse crisis por cap\u00edtulos,<\/strong> con un m\u00e9todo que parece infalible: en general el problema surge por un error no forzado e involucra de entrada a un actor central del poder libertario; el tema es inicialmente minimizado, pero igual trepa con velocidad en la agenda p\u00fablica; ante la escalada, no se logra coordinar una estrategia veros\u00edmil y efectiva para hacer control de da\u00f1os, y termina con un alto impacto en la reputaci\u00f3n simb\u00f3lica del oficialismo y en el \u00e1nimo de la ciudadan\u00eda.<\/p>\n<p class=\"com-paragraph   --s\">El caso <strong>$LIBRA<\/strong> en febrero, el esc\u00e1ndalo de los audios de <strong>Diego Spagnuolo<\/strong> en agosto, y ahora la miniserie de <strong>Jos\u00e9 Luis Espert<\/strong>, todos siguieron el mismo libreto. Claramente fueron episodios potenciados desde la oposici\u00f3n con intencionalidad electoral, pero <strong>lo m\u00e1s llamativo es la carencia de recursos para la defensa que denota la Casa Rosada<\/strong>. La misma fuerza pol\u00edtica que el a\u00f1o pasado dominaba a voluntad la conversaci\u00f3n p\u00fablica, especialmente en el \u00e1mbito digital, ahora luce incapaz de interrumpir esa secuencia de deterioro que se repite ante cualquier denuncia. Los propios funcionarios se sorprenden del nivel de descoordinaci\u00f3n y de la ausencia de ordenamiento interno.<\/p>\n<p>Comisi\u00f3n de Presupuesto y Hacienda en la C\u00e1mara de Diputados de la Naci\u00f3n. Preside Jos\u00e9 Luis Espert, invitado Secretario Carlos Guberman. 01\/10\/2025 Camila Godoy<\/p>\n<p class=\"com-paragraph   --s\">Esta semana la pol\u00e9mica en torno de Espert fue una nueva exhibici\u00f3n de esas carencias. El viernes anterior el candidato de Fuerza Patria, <strong>Juan Grabois<\/strong>, present\u00f3 la denuncia por supuestos nexos con <strong>Fred Machado<\/strong>, un empresario acusado de v\u00ednculos con el narcotr\u00e1fico. El esc\u00e1ndalo se potenci\u00f3 de tal manera, que este viernes termin\u00f3 con una cumbre nocturna en Olivos para resolver la cuesti\u00f3n, con <strong>Javier Milei <\/strong>personalmente involucrado en su definici\u00f3n.<\/p>\n<p class=\"com-paragraph   --s\">El diputado fue convocado para reunirse con \u00e9l, y tambi\u00e9n estuvieron all\u00ed <strong>Karina Milei<\/strong> y <strong>Santiago Caputo<\/strong>. Seg\u00fan relat\u00f3 una persona muy cercana al poder libertario, y avalaron otras dos fuentes de las distintas tribus, la reuni\u00f3n tuvo una din\u00e1mica curiosa. <strong>La hermana presidencial y el asesor habr\u00edan esbozado la idea de que quiz\u00e1s lo m\u00e1s conveniente era que Espert deb\u00eda bajarse de su candidatura<\/strong>. Los dos siempre se opusieron a la idea de que encabezara la lista en la provincia de Buenos Aires, en parte porque no lo consideraban un buen candidato por su estilo y por su perfil poco bonaerense, y otro tanto porque nunca le perdonaron su \u00e9poca de cr\u00edticas duras a Milei.<\/p>\n<p>Karina Milei y Santiago CaputoT\u00e9lam<\/p>\n<p class=\"com-paragraph   --s\"><strong>Despu\u00e9s de ese planteo inicial, el propio Espert habr\u00eda admitido que dadas las circunstancias, \u00e9l estaba dispuesto a resignar su lugar. <\/strong>Inmediatamente se activaron todas las usinas libertarias que filtraron el dato: la decisi\u00f3n era inminente. De all\u00ed la expectativa que se gener\u00f3 durante una media hora. Sin embargo, faltaba la palabra decisiva. <strong>\u201cEl profe se queda\u201d, sentenci\u00f3 Milei. <\/strong>Tuit canchero del diputado, retuit del presidente y asunto resuelto. Sin embargo, <strong>los protagonistas negaron esta versi\u00f3n de los hechos<\/strong>, dijeron que nunca se evalu\u00f3 la renuncia a la candidatura y que el encuentro fue s\u00f3lo para definir las pr\u00f3ximas l\u00edneas de acci\u00f3n. <\/p>\n<p class=\"com-paragraph   --s\">Quienes conocen de cerca al Presidente aseguran que pesaron dos razones en la persistente defensa de su protegido. <strong>La primera, jam\u00e1s permitir\u00e1 que Grabois y el periodismo le marquen la agenda y las decisiones<\/strong>. \u201cNo me voy a someter a lo que diga esa banda de kirchneristas. Una cosa es que \u00e9l no haya comunicado bien su situaci\u00f3n, pero otra es correrlo cuando no tiene ni siquiera una imputaci\u00f3n penal\u201d, esgrimi\u00f3 Milei ante sus interlocutores.<\/p>\n<p>Javier Milei, ayer en Santa Fecarolina Niklison <\/p>\n<p class=\"com-paragraph   --s\"><strong>La segunda raz\u00f3n, cierta dosis de soberbia para no admitir que quiz\u00e1s fue un error elegir a Espert como candidato.<\/strong> Fue la \u00fanica figura que \u00e9l mismo design\u00f3 y defendi\u00f3 ante las cr\u00edticas de su entorno. Si <strong>Lule Menem<\/strong> no se pod\u00eda ir porque representaba a Karina, Espert se queda porque se transform\u00f3 en un s\u00edmbolo para Milei. Nadie puede explicar racionalmente las razones de ese v\u00ednculo tan f\u00e9rreo, reconstruido despu\u00e9s de las fuertes diferencias que mantuvieron.<\/p>\n<p class=\"com-paragraph   --s\">La cumbre del viernes en Olivos fue el corolario de d\u00edas fren\u00e9ticos, en los que se dieron din\u00e1micas impensadas. La primera salida en p\u00fablico fue el lunes en TN, donde Espert primero se escandaliz\u00f3 por las ramificaciones narco del triple crimen de Florencio Varela, y poco despu\u00e9s minimiz\u00f3 por completo sus v\u00ednculos con Fred Machado. <strong>En diez minutos pas\u00f3 de \u201cc\u00e1rcel o bala\u201d a \u201ccampa\u00f1a sucia contra las ideas de la libertad\u201d.<\/strong><\/p>\n<p class=\"com-paragraph   --s\">Como el tema segu\u00eda instalado, en el equipo de campa\u00f1a se analiz\u00f3 la situaci\u00f3n y se resolvi\u00f3 que fuera el mi\u00e9rcoles a la noche a dar explicaciones m\u00e1s claras en el canal A24. Seg\u00fan reconocen en ese espacio, <strong>Espert no estaba muy convencido y fue un poco a rega\u00f1adientes. \u201cAcept\u00f3 ir a desgano pero no sigui\u00f3 la l\u00ednea discursiva que se preve\u00eda<\/strong>. En vez de mostrarse franco y sincero parec\u00eda hablar para un expediente judicial\u201d, reconoc\u00edan desde el campamento libertario.<\/p>\n<p>Jos\u00e9 Luis Espert en el video que grab\u00f3 para dar explicaciones por su v\u00ednculo con Fred Machado<\/p>\n<p class=\"com-paragraph   --s\"><strong>Al mediod\u00eda del jueves Espert se reuni\u00f3 varias horas con Santiago Caputo<\/strong> para reorientar la estrategia, pero sobre todo para saber exactamente c\u00f3mo hab\u00eda sido su relaci\u00f3n con Machado, qu\u00e9 compromisos asumi\u00f3, cu\u00e1ntos pagos recibi\u00f3. En funci\u00f3n de lo que el diputado relat\u00f3, se arm\u00f3 una l\u00ednea argumental y se resolvi\u00f3 grabar un video. <\/p>\n<p class=\"com-paragraph   --s\"><strong>Espert no parec\u00eda demasiado c\u00f3modo con la idea porque lo posterg\u00f3 durante todo el d\u00eda.<\/strong> A media tarde <strong>LA NACION<\/strong> public\u00f3 una nota de <strong>Hugo Alconada Mon<\/strong> y <strong>Paz Rodr\u00edguez Niell<\/strong> en la que se detallaba c\u00f3mo hab\u00eda sido el circuito de los 200.000 d\u00f3lares que recibi\u00f3 el economista, y que contradec\u00eda las explicaciones que \u00e9l hab\u00eda dado previamente.<\/p>\n<p class=\"com-paragraph   --s\">Hubo enojos fuertes en la Casa Rosada porque en vez de anticiparse al informe, ahora ya aparecer\u00eda en forma reactiva. Finalmente el video se emiti\u00f3 casi a la medianoche de ese jueves, en seis minutos cargados de inexactitudes y datos err\u00f3neos. Entre quienes hab\u00edan asesorado a Espert se increment\u00f3 el malestar porque entendieron que les hab\u00eda ocultado informaci\u00f3n. <strong>\u201cSi el tipo nos miente a nosotros, es imposible ayudarlo\u201d,<\/strong> se quej\u00f3 uno de ellos.<\/p>\n<p>El bloque de diputados kirchneristas embestir\u00e1 contra Espert el pr\u00f3ximo mi\u00e9rcoles Soledad Aznarez<\/p>\n<p class=\"com-paragraph   --s\"><strong>En el oficialismo hay muchas prevenciones por lo que puede pasar el mi\u00e9rcoles en la C\u00e1mara de Diputados<\/strong>. Ese d\u00eda se debatir\u00e1 la continuidad de Espert como presidente de la Comisi\u00f3n de Presupuesto y se espera una verdadera trituradora. Hay temor a defecciones sensibles en el propio campo de los aliados que fuercen a situaciones indeseadas.<\/p>\n<p class=\"com-paragraph   --s\">Dentro del Gobierno, el caso fue muy nocivo, porque pr\u00e1cticamente domin\u00f3 todas las conversaciones. <strong>Patricia Bullrich<\/strong> llev\u00f3 la voz cantante, dentro y fuera del gabinete, no s\u00f3lo porque como ministra de Seguridad que habla de combatir el narcotr\u00e1fico, el v\u00ednculo de Espert con Machado la expone a una contradicci\u00f3n inc\u00f3moda. Sino tambi\u00e9n porque como candidata siente que necesita desmarcarse del ancla que hoy significa el tema. En el fondo, explican cerca de la funcionaria, <strong>busca preservarse en su aventura porte\u00f1a y diferenciarse del resultado nacional, al que ve cada vez m\u00e1s comprometido<\/strong>. Igual no le saca el cuerpo a la campa\u00f1a. Fue ella la que propuso hacer la presentaci\u00f3n del proyecto del c\u00f3digo penal en la c\u00e1rcel de Ezeiza con Milei.<\/p>\n<p>Javier Milei y Patricia Bullrich, durante la presentaci\u00f3n del C\u00f3digo Penal en EzeizaLUIS ROBAYO &#8211; AFP<\/p>\n<p class=\"com-paragraph   --s\">El resto de los ministros se fueron acoplando a la idea de que era insostenible la situaci\u00f3n de Espert. Fue tal la preocupaci\u00f3n con la cuesti\u00f3n que le pidieron a <strong>Mariano Cuneo Libarona<\/strong> que hiciera un reporte del estado de situaci\u00f3n judicial del caso. El ministro revis\u00f3 los expedientes y la informaci\u00f3n disponible e hizo una devoluci\u00f3n lapidaria: <strong>\u201cTodo es mucho m\u00e1s complejo de lo que parece. Es muy delicada su situaci\u00f3n\u201d.<\/strong><\/p>\n<p class=\"com-paragraph   --s\">Se present\u00f3 entonces un panorama in\u00e9dito en el interior del poder libertario: un grupo importante de funcionarios qued\u00f3 alineado para que Espert diera un paso al costado, y enfrente resist\u00eda Milei. Se produjo un quiebre muy sutil pero que algunos catadores sensibles percibieron. Si bien el Presidente baj\u00f3 la consigna de que hab\u00eda que defender a su amigo, y de que le pidi\u00f3 a Santiago Caputo (muy alineado con el Presidente en esta crisis) que dotara al equipo de instrumental argumental para hacerlo, <strong>varios de los actores libertarios m\u00e1s visibles eludieron la sugerencia y se aferraron al mensaje de que \u201cdebe dar explicaciones\u201d<\/strong>.<\/p>\n<p>Reuni\u00f3n de gabinete en Casa Rosada, se retira Mariano C\u00faneo LibaronaFabi\u00e1n  Marelli<\/p>\n<p class=\"com-paragraph   --s\">Uno de ellos grafic\u00f3: \u201cNos tiramos arriba de la bomba con el tema de los audios para defender al Gobierno, porque dijimos que eran turbios y una opereta. Pero quedar pegados a un narco, ya es demasiado\u201d. <strong>La tensi\u00f3n interna fue muy alta, pero al mismo tiempo infrecuente.<\/strong> Esta vez no derivaba de la disputa entre kariletos y caputescos. El responsable era el propio Milei, la fuente de energ\u00eda de todo el proyecto.<\/p>\n<p class=\"com-paragraph   --s\"><strong>La otra consecuencia palpable del esc\u00e1ndalo fue la desviaci\u00f3n de la campa\u00f1a electoral<\/strong>, en el momento en el que el oficialismo cre\u00eda haber encontrado un punto de apoyo con la ayuda econ\u00f3mica prometida por EE.UU., despu\u00e9s de dos meses de fuerte ca\u00edda en las encuestas.<\/p>\n<p>Esperando a Milei en Santa FeCarolina Niklison <\/p>\n<p class=\"com-paragraph   --s\">La organizaci\u00f3n ingres\u00f3 en una fase de descontrol y cambios constantes de agenda, y el discurso previsto, que era \u201cLa libertad avanza o la Argentina retrocede\u201d, qued\u00f3 desplazado por Espert se queda o Espert se baja. Un candidato que se encontraba de recorrida por el interior bonaerense, de acuerdo a la planificaci\u00f3n prevista, lo llamaron a \u00faltimo momento para que estuviera en Ezeiza en el acto del Presidente. La log\u00edstica de la recorrida de Santa Fe y Paran\u00e1 debi\u00f3 ser replanteada porque se iba a hacer el viernes y se pas\u00f3 para ayer. <\/p>\n<p class=\"com-paragraph   --s\">Un postulante importante del oficialismo plante\u00f3 al cerrar la semana: <strong>\u201cVen\u00edamos de semanas muy dif\u00edciles y por eso era vital repuntar con la campa\u00f1a. Pero ahora, \u00bfc\u00f3mo hacemos campa\u00f1a?<\/strong> Les ped\u00ed a los m\u00edos que en las recorridas no convoquen a los medios porque inevitablemente me preguntan por el tema Espert. <strong>Estamos m\u00e1s ap\u00e1ticos que la gente.<\/strong> Los militantes no militan y no hay mesas de volanteo en las calles\u201d. <\/p>\n<p class=\"com-paragraph   --s\">La semana pasada hubo una brisa de entusiasmo por una encuesta que en la provincia de Buenos Aires hab\u00eda recortado a 8 puntos la diferencia con el peronismo, pero ahora todo volvi\u00f3 a entrar en un cono de dudas. <strong>Hay un pesimismo muy marcado en las filas libertarias respecto del futuro electoral.<\/strong><\/p>\n<p class=\"com-paragraph   --s\">Milei volvi\u00f3 de su \u00faltimo viaje a Estados Unidos con una \u201crecomendaci\u00f3n\u201d pol\u00edtica muy clara: recomponer alianzas y lograr consensos para recuperar el control de la agenda en el Congreso y avanzar con las reformas. Se lo dijeron desde la Casa Blanca y el Tesoro, hasta el FMI. <strong>Le piden que sea consensual, que articule el di\u00e1logo con gobernadores y legisladores y que ampl\u00ede su equipo en funci\u00f3n de esos objetivos.<\/strong> En definitiva, le reclaman que sea otro Milei. Peque\u00f1o dilema existencial para una figura que trascendi\u00f3 por hacer exactamente lo opuesto.<\/p>\n<p>Reuni\u00f3n de los Gobernadores Alfredo Cornejo, Rogelio Frigerio y Leandro Zdero con Guillermo Francos, Luis Caputo y Lisandro Catal\u00e1nPresidencia<\/p>\n<p class=\"com-paragraph   --s\">Quienes m\u00e1s lo conocen, admiten que no est\u00e1 muy convencido de actuar en respuesta a ese planteo. Pero de todos modos, <strong>habilit\u00f3 dos movimientos. El primero fue con los gobernadores. <\/strong>Hubo un sondeo a los m\u00e1s cercanos para ver qu\u00e9 disposici\u00f3n ten\u00edan para hacer una foto en clave de exhibici\u00f3n de gobernabilidad. Los mandatarios agradecieron la invitaci\u00f3n, pero pidieron programarla para despu\u00e9s de las elecciones. Tambi\u00e9n hablaron con ellos la posibilidad de morigerar la avanzada con el proyecto de regulaci\u00f3n de los DNU, que est\u00e1 agendada para este mi\u00e9rcoles en Diputados y requiere 129 votos para ser aprobada. <\/p>\n<p class=\"com-paragraph   --s\"><strong>El Gobierno sabe que es dif\u00edcil evitar una derrota, pero trabaja para que la oposici\u00f3n no tenga dos tercios, <\/strong>porque eso implicar\u00eda que cuando seguramente se vete el proyecto, no tenga apoyo suficiente para la insistencia. Hay consenso entre algunos gobernadores e influyentes legisladores que supieron ser aliados en que ser\u00eda un golpe demasiado duro quitarle esa herramienta a un gobierno con fragilidades como el de Milei. En la Casa Rosada tambi\u00e9n eval\u00faan alternativas de cambios, como que el proyecto empiece a regir reci\u00e9n en diciembre de 2027, para condicionar a cualquier futuro aspirante al poder.<\/p>\n<p>Mauricio Macri y Guillermo Francos, en un encuentro reciente en la embajada de Arabia Saudita<\/p>\n<p class=\"com-paragraph   --s\"><strong>El segundo movimiento estuvo dirigido a recomponer el di\u00e1logo con Mauricio Macri, con quien se reuni\u00f3 dos veces en una semana<\/strong>, despu\u00e9s de un a\u00f1o de silencio. Fue clave en ese reencuentro el rol de Francos, a quien el expresidente destaca especialmente. Al di\u00e1logo del \u00faltimo viernes <strong>se sum\u00f3 tambi\u00e9n Karina, por un pedido del propio Macri<\/strong>. \u201cEn la primera reuni\u00f3n \u00e9l dijo que era importante que estuviera, porque ella est\u00e1 a cargo de lo partidario y es clave que entienda que somos amigos\u201d, describi\u00f3 un funcionario. <\/p>\n<p class=\"com-paragraph   --s\">Lo que trascendi\u00f3 de la reuni\u00f3n fue el pedido de Milei a Macri para que lo ayude a construir una nueva gobernabilidad a partir del 27 de octubre. El expresidente est\u00e1 dispuesto a acompa\u00f1ar porque est\u00e1 preocupado por las debilidades del Gobierno, aunque a\u00fan no sepa con certeza si Milei est\u00e1 convencido de esa convocatoria, que deber\u00eda incluir a otras fuerzas.<\/p>\n<p>Javier Milei y Santiago Luis Caputo STRINGER &#8211; AFP<\/p>\n<p class=\"com-paragraph   --s\">Una interpretaci\u00f3n que se hizo en la Casa Rosada es que <strong>Milei le pidi\u00f3 a Francos que se transforme en el bastonero de esa nueva etapa, y que el jefe de Gabinete hizo el primer movimiento con Macri, asociado a Karina, porque ambos entienden que ella es inescindible de su hermano. Emergi\u00f3 all\u00ed una sociedad inesperada. Quien no aparece en esa coreograf\u00eda es Santiago Caputo. <\/strong>\u201cFrancos vio que Karina es intocable y decidi\u00f3 aliarse con ella\u201d, decodifica un integrante del Gobierno.<\/p>\n<p class=\"com-paragraph   --s\">Sin embargo, en el entorno del asesor minimizan esa gestualidad, confiados en que para lograr consensos amplios Milei va a necesitar muchos m\u00e1s apoyos que los que puede ofrecer Macri, y ah\u00ed el asesor puede proveer esos v\u00ednculos.<\/p>\n<p class=\"com-paragraph   --s\">Detr\u00e1s de estos movimientos precarios y muy condicionados al resultado electoral, aparece un interrogante central: <strong>\u00bfMilei est\u00e1 dispuesto a avanzar en un redise\u00f1o de su estructura de poder?<\/strong> Esto es clave, porque tambi\u00e9n implicar\u00eda que el propio presidente ha resuelto pasar a otra etapa de su gobierno. <\/p>\n<p class=\"com-paragraph   --s\">Pero no hay nadie que afirme con convicci\u00f3n semejante cambio de piel. Es m\u00e1s, bien cerca del Presidente <strong>hay quienes admiten que Milei aceler\u00f3 los contactos porque necesita mostrar que entendi\u00f3 el mensaje de Washington antes de volver a reunirse con Donald Trump en nueve d\u00edas.<\/strong><\/p>\n<p>Scott Bessent y Luis Caputo volver\u00e1n a verseMECON<\/p>\n<p class=\"com-paragraph   --s\">En este momento est\u00e1n en la capital norteamericana <strong>Luis Caputo<\/strong> y <strong>Santiago Bausili<\/strong>, tratando de darle una forma concreta a la ayuda prometida por <strong>Scott Bessent<\/strong>. En la Casa Rosada dicen que lo m\u00e1s probable es que haya precisiones sobre el swap o, como mencion\u00f3 <strong>Kristalina Georgieva<\/strong>, un aporte en los Derechos Especiales de Giro (DEG) que administra el FMI. <\/p>\n<p class=\"com-paragraph   --s\"><strong>No disimulan que lo ideal ser\u00eda que se incluya un anuncio de compra de bonos de la deuda, <\/strong>porque bajar\u00eda de inmediato el riesgo pa\u00eds y ser\u00eda la medida de instrumentaci\u00f3n m\u00e1s r\u00e1pida, con efecto directo antes de las elecciones. Pero eso es cada vez m\u00e1s dif\u00edcil dada la reacci\u00f3n negativa de la oposici\u00f3n dem\u00f3crata ante los mensajes de ayuda econ\u00f3mica de Bessent.<\/p>\n<p class=\"com-paragraph   --s\">Lo que s\u00ed est\u00e1 claro, es que la misi\u00f3n de Caputo necesita regresar con un resultado concreto para no generar un efecto adverso de expectativas incumplidas. <strong>Dif\u00edcilmente el ministro podr\u00eda desmentir la urgencia que tiene para obtener esa se\u00f1al que le permita poder continuar con su plan.<\/strong><\/p>\n<p><a href=\"https:\/\/www.lanacion.com.ar\/politica\/una-crisis-por-capitulos-que-complica-el-horizonte-electoral-del-gobierno-nid04102025\/\">Fuente de la nota <\/a><\/p>\n","protected":false},"excerpt":{"rendered":"<p>El Gobierno desarroll\u00f3 a lo largo de este a\u00f1o una extra\u00f1a habilidad para autogenerarse crisis por cap\u00edtulos, con un m\u00e9todo que parece infalible: en general el problema surge por un error no forzado e involucra de entrada a un actor central del poder libertario; el tema es inicialmente minimizado, pero igual trepa con velocidad en [&hellip;]<\/p>\n","protected":false},"author":5,"featured_media":45841,"comment_status":"closed","ping_status":"open","sticky":false,"template":"","format":"standard","meta":{"footnotes":""},"categories":[3],"tags":[],"class_list":{"0":"post-45840","1":"post","2":"type-post","3":"status-publish","4":"format-standard","5":"has-post-thumbnail","7":"category-politica"},"yoast_head":"<!-- This site is optimized with the Yoast SEO plugin v27.5 - https:\/\/yoast.com\/product\/yoast-seo-wordpress\/ -->\n<title>Una crisis por cap\u00edtulos que complica el horizonte electoral del Gobierno - El Diario de Tucuman<\/title>\n<meta name=\"robots\" content=\"index, follow, max-snippet:-1, max-image-preview:large, max-video-preview:-1\" \/>\n<link rel=\"canonical\" href=\"https:\/\/www.eldiariodetucuman.com\/web\/una-crisis-por-capitulos-que-complica-el-horizonte-electoral-del-gobierno\/\" \/>\n<meta property=\"og:locale\" content=\"es_ES\" \/>\n<meta property=\"og:type\" content=\"article\" \/>\n<meta property=\"og:title\" content=\"Una crisis por cap\u00edtulos que complica el horizonte electoral del Gobierno - El Diario de Tucuman\" \/>\n<meta property=\"og:description\" content=\"El Gobierno desarroll\u00f3 a lo largo de este a\u00f1o una extra\u00f1a habilidad para autogenerarse crisis por cap\u00edtulos, con un m\u00e9todo que parece infalible: en general el problema surge por un error no forzado e involucra de entrada a un actor central del poder libertario; el tema es inicialmente minimizado, pero igual trepa con velocidad en [&hellip;]\" \/>\n<meta property=\"og:url\" content=\"https:\/\/www.eldiariodetucuman.com\/web\/una-crisis-por-capitulos-que-complica-el-horizonte-electoral-del-gobierno\/\" \/>\n<meta property=\"og:site_name\" content=\"El Diario de Tucuman\" \/>\n<meta property=\"article:published_time\" content=\"2025-10-05T02:23:02+00:00\" \/>\n<meta property=\"article:modified_time\" content=\"2025-10-05T02:23:05+00:00\" \/>\n<meta property=\"og:image\" content=\"https:\/\/www.eldiariodetucuman.com\/web\/wp-content\/uploads\/2025\/10\/javier-milei-y-jose-luis-espert-en-la-WVU7WTOFHVD2TNJX2NRXJBLDV4.JPG\" \/>\n\t<meta property=\"og:image:width\" content=\"1200\" \/>\n\t<meta property=\"og:image:height\" content=\"776\" \/>\n\t<meta property=\"og:image:type\" content=\"image\/jpeg\" \/>\n<meta name=\"author\" content=\"Redactor Uno\" \/>\n<meta name=\"twitter:card\" content=\"summary_large_image\" \/>\n<meta name=\"twitter:label1\" content=\"Escrito por\" \/>\n\t<meta name=\"twitter:data1\" content=\"Redactor Uno\" \/>\n\t<meta name=\"twitter:label2\" content=\"Tiempo de lectura\" \/>\n\t<meta name=\"twitter:data2\" content=\"14 minutos\" \/>\n<script type=\"application\/ld+json\" class=\"yoast-schema-graph\">{\"@context\":\"https:\\\/\\\/schema.org\",\"@graph\":[{\"@type\":\"Article\",\"@id\":\"https:\\\/\\\/www.eldiariodetucuman.com\\\/web\\\/una-crisis-por-capitulos-que-complica-el-horizonte-electoral-del-gobierno\\\/#article\",\"isPartOf\":{\"@id\":\"https:\\\/\\\/www.eldiariodetucuman.com\\\/web\\\/una-crisis-por-capitulos-que-complica-el-horizonte-electoral-del-gobierno\\\/\"},\"author\":{\"name\":\"Redactor Uno\",\"@id\":\"https:\\\/\\\/www.eldiariodetucuman.com\\\/web\\\/#\\\/schema\\\/person\\\/7e6644a46e60888f6b868594407e08dd\"},\"headline\":\"Una crisis por cap\u00edtulos que complica el horizonte electoral del Gobierno\",\"datePublished\":\"2025-10-05T02:23:02+00:00\",\"dateModified\":\"2025-10-05T02:23:05+00:00\",\"mainEntityOfPage\":{\"@id\":\"https:\\\/\\\/www.eldiariodetucuman.com\\\/web\\\/una-crisis-por-capitulos-que-complica-el-horizonte-electoral-del-gobierno\\\/\"},\"wordCount\":2857,\"publisher\":{\"@id\":\"https:\\\/\\\/www.eldiariodetucuman.com\\\/web\\\/#organization\"},\"image\":{\"@id\":\"https:\\\/\\\/www.eldiariodetucuman.com\\\/web\\\/una-crisis-por-capitulos-que-complica-el-horizonte-electoral-del-gobierno\\\/#primaryimage\"},\"thumbnailUrl\":\"https:\\\/\\\/www.eldiariodetucuman.com\\\/web\\\/wp-content\\\/uploads\\\/2025\\\/10\\\/javier-milei-y-jose-luis-espert-en-la-WVU7WTOFHVD2TNJX2NRXJBLDV4.JPG\",\"articleSection\":[\"Politica\"],\"inLanguage\":\"es\"},{\"@type\":\"WebPage\",\"@id\":\"https:\\\/\\\/www.eldiariodetucuman.com\\\/web\\\/una-crisis-por-capitulos-que-complica-el-horizonte-electoral-del-gobierno\\\/\",\"url\":\"https:\\\/\\\/www.eldiariodetucuman.com\\\/web\\\/una-crisis-por-capitulos-que-complica-el-horizonte-electoral-del-gobierno\\\/\",\"name\":\"Una crisis por cap\u00edtulos que complica el horizonte electoral del Gobierno - El Diario de Tucuman\",\"isPartOf\":{\"@id\":\"https:\\\/\\\/www.eldiariodetucuman.com\\\/web\\\/#website\"},\"primaryImageOfPage\":{\"@id\":\"https:\\\/\\\/www.eldiariodetucuman.com\\\/web\\\/una-crisis-por-capitulos-que-complica-el-horizonte-electoral-del-gobierno\\\/#primaryimage\"},\"image\":{\"@id\":\"https:\\\/\\\/www.eldiariodetucuman.com\\\/web\\\/una-crisis-por-capitulos-que-complica-el-horizonte-electoral-del-gobierno\\\/#primaryimage\"},\"thumbnailUrl\":\"https:\\\/\\\/www.eldiariodetucuman.com\\\/web\\\/wp-content\\\/uploads\\\/2025\\\/10\\\/javier-milei-y-jose-luis-espert-en-la-WVU7WTOFHVD2TNJX2NRXJBLDV4.JPG\",\"datePublished\":\"2025-10-05T02:23:02+00:00\",\"dateModified\":\"2025-10-05T02:23:05+00:00\",\"breadcrumb\":{\"@id\":\"https:\\\/\\\/www.eldiariodetucuman.com\\\/web\\\/una-crisis-por-capitulos-que-complica-el-horizonte-electoral-del-gobierno\\\/#breadcrumb\"},\"inLanguage\":\"es\",\"potentialAction\":[{\"@type\":\"ReadAction\",\"target\":[\"https:\\\/\\\/www.eldiariodetucuman.com\\\/web\\\/una-crisis-por-capitulos-que-complica-el-horizonte-electoral-del-gobierno\\\/\"]}]},{\"@type\":\"ImageObject\",\"inLanguage\":\"es\",\"@id\":\"https:\\\/\\\/www.eldiariodetucuman.com\\\/web\\\/una-crisis-por-capitulos-que-complica-el-horizonte-electoral-del-gobierno\\\/#primaryimage\",\"url\":\"https:\\\/\\\/www.eldiariodetucuman.com\\\/web\\\/wp-content\\\/uploads\\\/2025\\\/10\\\/javier-milei-y-jose-luis-espert-en-la-WVU7WTOFHVD2TNJX2NRXJBLDV4.JPG\",\"contentUrl\":\"https:\\\/\\\/www.eldiariodetucuman.com\\\/web\\\/wp-content\\\/uploads\\\/2025\\\/10\\\/javier-milei-y-jose-luis-espert-en-la-WVU7WTOFHVD2TNJX2NRXJBLDV4.JPG\",\"width\":1200,\"height\":776},{\"@type\":\"BreadcrumbList\",\"@id\":\"https:\\\/\\\/www.eldiariodetucuman.com\\\/web\\\/una-crisis-por-capitulos-que-complica-el-horizonte-electoral-del-gobierno\\\/#breadcrumb\",\"itemListElement\":[{\"@type\":\"ListItem\",\"position\":1,\"name\":\"Portada\",\"item\":\"https:\\\/\\\/www.eldiariodetucuman.com\\\/web\\\/\"},{\"@type\":\"ListItem\",\"position\":2,\"name\":\"Una crisis por cap\u00edtulos que complica el horizonte electoral del Gobierno\"}]},{\"@type\":\"WebSite\",\"@id\":\"https:\\\/\\\/www.eldiariodetucuman.com\\\/web\\\/#website\",\"url\":\"https:\\\/\\\/www.eldiariodetucuman.com\\\/web\\\/\",\"name\":\"El Diario de Tucuman\",\"description\":\"Diario Tucuman - Informaci\u00f3n y noticias\",\"publisher\":{\"@id\":\"https:\\\/\\\/www.eldiariodetucuman.com\\\/web\\\/#organization\"},\"potentialAction\":[{\"@type\":\"SearchAction\",\"target\":{\"@type\":\"EntryPoint\",\"urlTemplate\":\"https:\\\/\\\/www.eldiariodetucuman.com\\\/web\\\/?s={search_term_string}\"},\"query-input\":{\"@type\":\"PropertyValueSpecification\",\"valueRequired\":true,\"valueName\":\"search_term_string\"}}],\"inLanguage\":\"es\"},{\"@type\":\"Organization\",\"@id\":\"https:\\\/\\\/www.eldiariodetucuman.com\\\/web\\\/#organization\",\"name\":\"El Diario de Tucuman\",\"url\":\"https:\\\/\\\/www.eldiariodetucuman.com\\\/web\\\/\",\"logo\":{\"@type\":\"ImageObject\",\"inLanguage\":\"es\",\"@id\":\"https:\\\/\\\/www.eldiariodetucuman.com\\\/web\\\/#\\\/schema\\\/logo\\\/image\\\/\",\"url\":\"http:\\\/\\\/www.eldiariodetucuman.com\\\/web\\\/wp-content\\\/uploads\\\/2017\\\/12\\\/el-diario-de-tucuman.jpg\",\"contentUrl\":\"http:\\\/\\\/www.eldiariodetucuman.com\\\/web\\\/wp-content\\\/uploads\\\/2017\\\/12\\\/el-diario-de-tucuman.jpg\",\"width\":272,\"height\":92,\"caption\":\"El Diario de Tucuman\"},\"image\":{\"@id\":\"https:\\\/\\\/www.eldiariodetucuman.com\\\/web\\\/#\\\/schema\\\/logo\\\/image\\\/\"}},{\"@type\":\"Person\",\"@id\":\"https:\\\/\\\/www.eldiariodetucuman.com\\\/web\\\/#\\\/schema\\\/person\\\/7e6644a46e60888f6b868594407e08dd\",\"name\":\"Redactor Uno\",\"image\":{\"@type\":\"ImageObject\",\"inLanguage\":\"es\",\"@id\":\"https:\\\/\\\/secure.gravatar.com\\\/avatar\\\/0049b1bdf1bd548385c9ea6b9356431717930913089febd2ba904f0187d7d074?s=96&d=mm&r=g\",\"url\":\"https:\\\/\\\/secure.gravatar.com\\\/avatar\\\/0049b1bdf1bd548385c9ea6b9356431717930913089febd2ba904f0187d7d074?s=96&d=mm&r=g\",\"contentUrl\":\"https:\\\/\\\/secure.gravatar.com\\\/avatar\\\/0049b1bdf1bd548385c9ea6b9356431717930913089febd2ba904f0187d7d074?s=96&d=mm&r=g\",\"caption\":\"Redactor Uno\"},\"url\":\"https:\\\/\\\/www.eldiariodetucuman.com\\\/web\\\/author\\\/mramasco\\\/\"}]}<\/script>\n<!-- \/ Yoast SEO plugin. -->","yoast_head_json":{"title":"Una crisis por cap\u00edtulos que complica el horizonte electoral del Gobierno - El Diario de Tucuman","robots":{"index":"index","follow":"follow","max-snippet":"max-snippet:-1","max-image-preview":"max-image-preview:large","max-video-preview":"max-video-preview:-1"},"canonical":"https:\/\/www.eldiariodetucuman.com\/web\/una-crisis-por-capitulos-que-complica-el-horizonte-electoral-del-gobierno\/","og_locale":"es_ES","og_type":"article","og_title":"Una crisis por cap\u00edtulos que complica el horizonte electoral del Gobierno - El Diario de Tucuman","og_description":"El Gobierno desarroll\u00f3 a lo largo de este a\u00f1o una extra\u00f1a habilidad para autogenerarse crisis por cap\u00edtulos, con un m\u00e9todo que parece infalible: en general el problema surge por un error no forzado e involucra de entrada a un actor central del poder libertario; el tema es inicialmente minimizado, pero igual trepa con velocidad en [&hellip;]","og_url":"https:\/\/www.eldiariodetucuman.com\/web\/una-crisis-por-capitulos-que-complica-el-horizonte-electoral-del-gobierno\/","og_site_name":"El Diario de Tucuman","article_published_time":"2025-10-05T02:23:02+00:00","article_modified_time":"2025-10-05T02:23:05+00:00","og_image":[{"width":1200,"height":776,"url":"https:\/\/www.eldiariodetucuman.com\/web\/wp-content\/uploads\/2025\/10\/javier-milei-y-jose-luis-espert-en-la-WVU7WTOFHVD2TNJX2NRXJBLDV4.JPG","type":"image\/jpeg"}],"author":"Redactor Uno","twitter_card":"summary_large_image","twitter_misc":{"Escrito por":"Redactor Uno","Tiempo de lectura":"14 minutos"},"schema":{"@context":"https:\/\/schema.org","@graph":[{"@type":"Article","@id":"https:\/\/www.eldiariodetucuman.com\/web\/una-crisis-por-capitulos-que-complica-el-horizonte-electoral-del-gobierno\/#article","isPartOf":{"@id":"https:\/\/www.eldiariodetucuman.com\/web\/una-crisis-por-capitulos-que-complica-el-horizonte-electoral-del-gobierno\/"},"author":{"name":"Redactor Uno","@id":"https:\/\/www.eldiariodetucuman.com\/web\/#\/schema\/person\/7e6644a46e60888f6b868594407e08dd"},"headline":"Una crisis por cap\u00edtulos que complica el horizonte electoral del Gobierno","datePublished":"2025-10-05T02:23:02+00:00","dateModified":"2025-10-05T02:23:05+00:00","mainEntityOfPage":{"@id":"https:\/\/www.eldiariodetucuman.com\/web\/una-crisis-por-capitulos-que-complica-el-horizonte-electoral-del-gobierno\/"},"wordCount":2857,"publisher":{"@id":"https:\/\/www.eldiariodetucuman.com\/web\/#organization"},"image":{"@id":"https:\/\/www.eldiariodetucuman.com\/web\/una-crisis-por-capitulos-que-complica-el-horizonte-electoral-del-gobierno\/#primaryimage"},"thumbnailUrl":"https:\/\/www.eldiariodetucuman.com\/web\/wp-content\/uploads\/2025\/10\/javier-milei-y-jose-luis-espert-en-la-WVU7WTOFHVD2TNJX2NRXJBLDV4.JPG","articleSection":["Politica"],"inLanguage":"es"},{"@type":"WebPage","@id":"https:\/\/www.eldiariodetucuman.com\/web\/una-crisis-por-capitulos-que-complica-el-horizonte-electoral-del-gobierno\/","url":"https:\/\/www.eldiariodetucuman.com\/web\/una-crisis-por-capitulos-que-complica-el-horizonte-electoral-del-gobierno\/","name":"Una crisis por cap\u00edtulos que complica el horizonte electoral del Gobierno - El Diario de Tucuman","isPartOf":{"@id":"https:\/\/www.eldiariodetucuman.com\/web\/#website"},"primaryImageOfPage":{"@id":"https:\/\/www.eldiariodetucuman.com\/web\/una-crisis-por-capitulos-que-complica-el-horizonte-electoral-del-gobierno\/#primaryimage"},"image":{"@id":"https:\/\/www.eldiariodetucuman.com\/web\/una-crisis-por-capitulos-que-complica-el-horizonte-electoral-del-gobierno\/#primaryimage"},"thumbnailUrl":"https:\/\/www.eldiariodetucuman.com\/web\/wp-content\/uploads\/2025\/10\/javier-milei-y-jose-luis-espert-en-la-WVU7WTOFHVD2TNJX2NRXJBLDV4.JPG","datePublished":"2025-10-05T02:23:02+00:00","dateModified":"2025-10-05T02:23:05+00:00","breadcrumb":{"@id":"https:\/\/www.eldiariodetucuman.com\/web\/una-crisis-por-capitulos-que-complica-el-horizonte-electoral-del-gobierno\/#breadcrumb"},"inLanguage":"es","potentialAction":[{"@type":"ReadAction","target":["https:\/\/www.eldiariodetucuman.com\/web\/una-crisis-por-capitulos-que-complica-el-horizonte-electoral-del-gobierno\/"]}]},{"@type":"ImageObject","inLanguage":"es","@id":"https:\/\/www.eldiariodetucuman.com\/web\/una-crisis-por-capitulos-que-complica-el-horizonte-electoral-del-gobierno\/#primaryimage","url":"https:\/\/www.eldiariodetucuman.com\/web\/wp-content\/uploads\/2025\/10\/javier-milei-y-jose-luis-espert-en-la-WVU7WTOFHVD2TNJX2NRXJBLDV4.JPG","contentUrl":"https:\/\/www.eldiariodetucuman.com\/web\/wp-content\/uploads\/2025\/10\/javier-milei-y-jose-luis-espert-en-la-WVU7WTOFHVD2TNJX2NRXJBLDV4.JPG","width":1200,"height":776},{"@type":"BreadcrumbList","@id":"https:\/\/www.eldiariodetucuman.com\/web\/una-crisis-por-capitulos-que-complica-el-horizonte-electoral-del-gobierno\/#breadcrumb","itemListElement":[{"@type":"ListItem","position":1,"name":"Portada","item":"https:\/\/www.eldiariodetucuman.com\/web\/"},{"@type":"ListItem","position":2,"name":"Una crisis por cap\u00edtulos que complica el horizonte electoral del Gobierno"}]},{"@type":"WebSite","@id":"https:\/\/www.eldiariodetucuman.com\/web\/#website","url":"https:\/\/www.eldiariodetucuman.com\/web\/","name":"El Diario de Tucuman","description":"Diario Tucuman - Informaci\u00f3n y noticias","publisher":{"@id":"https:\/\/www.eldiariodetucuman.com\/web\/#organization"},"potentialAction":[{"@type":"SearchAction","target":{"@type":"EntryPoint","urlTemplate":"https:\/\/www.eldiariodetucuman.com\/web\/?s={search_term_string}"},"query-input":{"@type":"PropertyValueSpecification","valueRequired":true,"valueName":"search_term_string"}}],"inLanguage":"es"},{"@type":"Organization","@id":"https:\/\/www.eldiariodetucuman.com\/web\/#organization","name":"El Diario de Tucuman","url":"https:\/\/www.eldiariodetucuman.com\/web\/","logo":{"@type":"ImageObject","inLanguage":"es","@id":"https:\/\/www.eldiariodetucuman.com\/web\/#\/schema\/logo\/image\/","url":"http:\/\/www.eldiariodetucuman.com\/web\/wp-content\/uploads\/2017\/12\/el-diario-de-tucuman.jpg","contentUrl":"http:\/\/www.eldiariodetucuman.com\/web\/wp-content\/uploads\/2017\/12\/el-diario-de-tucuman.jpg","width":272,"height":92,"caption":"El Diario de Tucuman"},"image":{"@id":"https:\/\/www.eldiariodetucuman.com\/web\/#\/schema\/logo\/image\/"}},{"@type":"Person","@id":"https:\/\/www.eldiariodetucuman.com\/web\/#\/schema\/person\/7e6644a46e60888f6b868594407e08dd","name":"Redactor Uno","image":{"@type":"ImageObject","inLanguage":"es","@id":"https:\/\/secure.gravatar.com\/avatar\/0049b1bdf1bd548385c9ea6b9356431717930913089febd2ba904f0187d7d074?s=96&d=mm&r=g","url":"https:\/\/secure.gravatar.com\/avatar\/0049b1bdf1bd548385c9ea6b9356431717930913089febd2ba904f0187d7d074?s=96&d=mm&r=g","contentUrl":"https:\/\/secure.gravatar.com\/avatar\/0049b1bdf1bd548385c9ea6b9356431717930913089febd2ba904f0187d7d074?s=96&d=mm&r=g","caption":"Redactor Uno"},"url":"https:\/\/www.eldiariodetucuman.com\/web\/author\/mramasco\/"}]}},"_links":{"self":[{"href":"https:\/\/www.eldiariodetucuman.com\/web\/wp-json\/wp\/v2\/posts\/45840","targetHints":{"allow":["GET"]}}],"collection":[{"href":"https:\/\/www.eldiariodetucuman.com\/web\/wp-json\/wp\/v2\/posts"}],"about":[{"href":"https:\/\/www.eldiariodetucuman.com\/web\/wp-json\/wp\/v2\/types\/post"}],"author":[{"embeddable":true,"href":"https:\/\/www.eldiariodetucuman.com\/web\/wp-json\/wp\/v2\/users\/5"}],"replies":[{"embeddable":true,"href":"https:\/\/www.eldiariodetucuman.com\/web\/wp-json\/wp\/v2\/comments?post=45840"}],"version-history":[{"count":1,"href":"https:\/\/www.eldiariodetucuman.com\/web\/wp-json\/wp\/v2\/posts\/45840\/revisions"}],"predecessor-version":[{"id":45842,"href":"https:\/\/www.eldiariodetucuman.com\/web\/wp-json\/wp\/v2\/posts\/45840\/revisions\/45842"}],"wp:featuredmedia":[{"embeddable":true,"href":"https:\/\/www.eldiariodetucuman.com\/web\/wp-json\/wp\/v2\/media\/45841"}],"wp:attachment":[{"href":"https:\/\/www.eldiariodetucuman.com\/web\/wp-json\/wp\/v2\/media?parent=45840"}],"wp:term":[{"taxonomy":"category","embeddable":true,"href":"https:\/\/www.eldiariodetucuman.com\/web\/wp-json\/wp\/v2\/categories?post=45840"},{"taxonomy":"post_tag","embeddable":true,"href":"https:\/\/www.eldiariodetucuman.com\/web\/wp-json\/wp\/v2\/tags?post=45840"}],"curies":[{"name":"wp","href":"https:\/\/api.w.org\/{rel}","templated":true}]}}