{"id":45838,"date":"2025-10-04T17:58:49","date_gmt":"2025-10-04T20:58:49","guid":{"rendered":"https:\/\/www.eldiariodetucuman.com\/web\/acevedo-y-jaldo-recorrieron-obras-de-infraestructura-en-los-ralos\/"},"modified":"2025-10-04T17:58:49","modified_gmt":"2025-10-04T20:58:49","slug":"acevedo-y-jaldo-recorrieron-obras-de-infraestructura-en-los-ralos","status":"publish","type":"post","link":"https:\/\/www.eldiariodetucuman.com\/web\/acevedo-y-jaldo-recorrieron-obras-de-infraestructura-en-los-ralos\/","title":{"rendered":"Acevedo y Jaldo recorrieron obras de infraestructura en Los Ralos"},"content":{"rendered":"<p><\/p>\n<p id=\"isPasted\">El vicegobernador <strong>Miguel Acevedo<\/strong>, a cargo del Ejecutivo provincial visit\u00f3 esta tarde la comuna de Los Ralos en donde recorri\u00f3 obras de alumbrado p\u00fablico, carpeta asf\u00e1ltica y cord\u00f3n cuneta.<\/p>\n<p>Acevedo estuvo acompa\u00f1ado por el gobernador en uso de licencia, <strong>Osvaldo Jaldo<\/strong>; el vicepresidente primero de la Legislatura, <strong>Aldo Salom\u00f3n<\/strong>; los ministros<strong> Dar\u00edo Monteros<\/strong> (Interior),<strong> Luis Medina Ruiz<\/strong> (Salud); la diputada nacional <strong>Gladys Medina<\/strong>; los legisladores <strong>Javier Noguera<\/strong>, <strong>Carlos \u00abCacho\u00bb G\u00f3mez<\/strong> y <strong>Patricia Liz\u00e1rraga<\/strong>; la comisionada comunal <strong>Ely Brand\u00e1n<\/strong>; la intendenta de Alderetes, <strong>Graciela Guti\u00e9rrez<\/strong>, su par de Taf\u00ed del Valle, <strong>Francisco Caliva<\/strong>; el secretario de Municipios y Grandes Comunas, <strong>Marcelo Santill\u00e1n<\/strong>; el secretario de Trabajo, <strong>Andr\u00e9s \u00abPuchero\u00bb Galv\u00e1n<\/strong>, y los secretarios generales <strong>C\u00e9sar Gonz\u00e1lez<\/strong> (UTA) y <strong>David Acosta<\/strong> (UOCRA), adem\u00e1s de concejales y comisionados de la zona.\u00a0<\/p>\n<p>El gobernador en uso de licencia, Osvaldo Jaldo, destac\u00f3 el progreso visible en la localidad: \u00abLos Ralos hizo un giro de 180 grados. Los vecinos vieron pavimento nuevo, alumbrado p\u00fablico nuevo, pozos de agua nuevos. Han visto c\u00f3mo se han mejorado los servicios para tener un Ralo limpio e higi\u00e9nico, con calles dignas de transitar. Estamos cumpliendo de menor a mayor y estamos viendo c\u00f3mo est\u00e1n progresando los pueblos del interior\u00bb.<\/p>\n<\/p>\n<p>Jaldo recalc\u00f3 adem\u00e1s, que la provincia asume sus responsabilidades con recursos propios: \u00abNosotros nos estamos haciendo cargo de nuestra responsabilidad. Una mejor Salud P\u00fablica la atendemos con recursos provinciales. Una mejor Educaci\u00f3n P\u00fablica con recursos provinciales. Y en Seguridad estamos yendo a fondo, con el trabajo de detener delincuentes que eran intocables y hoy est\u00e1n descansando en Benjam\u00edn Paz, en el nuevo servicio penitenciario. Vamos a defender a nuestros ni\u00f1os y j\u00f3venes de las sustancias t\u00f3xicas que tanto afectan\u00bb.<\/p>\n<p>El mandatario tambi\u00e9n elev\u00f3 un fuerte reclamo al gobierno central por los recortes: \u00abLa gente est\u00e1 sintiendo los recortes de la Naci\u00f3n. Muchos jubilados y familias con discapacitados perdieron pensiones y beneficios. La Naci\u00f3n todav\u00eda est\u00e1 a tiempo de reparar el da\u00f1o que ha venido causando y de hacer obras p\u00fablicas que tienen que ver con la conectividad y la seguridad vial.\u00bb<\/p>\n<p>Finalmente, apunt\u00f3 a las rutas nacionales: \u00abNecesitamos que se reparen las rutas nacionales, que son obligaci\u00f3n del gobierno nacional. Por ah\u00ed sale el az\u00facar, el lim\u00f3n, el ar\u00e1ndano y todas nuestras econom\u00edas regionales. La Naci\u00f3n no ha hecho un parche en los m\u00e1s de 800 kil\u00f3metros de rutas nacionales que tiene Tucum\u00e1n\u00bb.<\/p>\n<\/p>\n<p>El vicegobernador Miguel Acevedo subray\u00f3 que la gesti\u00f3n provincial no se detiene a pesar del contexto nacional: \u00abAc\u00e1 en Tucum\u00e1n se sigue haciendo obra p\u00fablica porque es lo que digo yo, cuando se consigue el equilibrio, los recursos hay que buscarlos en servicio para la comunidad. El Gobierno de la provincia est\u00e1 haciendo obras porque entendemos que Tucum\u00e1n es una provincia donde el federalismo debe reinar\u00bb.<\/p>\n<p>El ministro del Interior, Dar\u00edo Monteros, compar\u00f3 la inacci\u00f3n federal con el dinamismo provincial: \u00abParecer\u00eda que Tucum\u00e1n no est\u00e1 en la Argentina, porque este gobierno nacional no inaugur\u00f3 una obra en ning\u00fan lugar del pa\u00eds. Y ac\u00e1 en Tucum\u00e1n se est\u00e1 avanzando en obra de infraestructura en cada localidad. Esta comisionada nos cuenta hoy m\u00e1s de catorce obras que se est\u00e1n realizando en este a\u00f1o y diez meses, como pozo de agua, el acceso al pueblo, iluminaci\u00f3n, y una obra de pavimento en hormig\u00f3n con cord\u00f3n cuneta y desag\u00fce\u00bb.<\/p>\n<\/p>\n<p>Monteros atribuy\u00f3 el avance al manejo financiero: \u00abPedirle a los tucumanos que apoyen este proyecto de Osvaldo Jaldo y Miguel Acevedo, que lograron un equilibrio fiscal y un super\u00e1vit fiscal. Y ese super\u00e1vit hoy se lo est\u00e1 viendo con esta obra de infraestructura y servicio, salud, educaci\u00f3n y seguridad\u00bb.<\/p>\n<p>La comisionada comunal, Ely Brand\u00e1n, celebr\u00f3 el compromiso: \u00abMuy contenta con el anuncio que hizo nuestro gobernador. Catorce obras que venimos haciendo, donde venimos cambiando la calidad de vida de nuestros vecinos. Hoy la gente ha vuelto a creer en la pol\u00edtica, porque ni la Naci\u00f3n ni ning\u00fan candidato opositor todav\u00eda conoci\u00f3 a Los Ralos ni estuvo cuando la gente de mi pueblo lo necesitaba\u00bb.<\/p>\n<p>Brand\u00e1n tambi\u00e9n confirm\u00f3 un nuevo proyecto: \u00abEl gobernador me anunci\u00f3 que vamos a girar los fondos para que se pavimente de Los Ralos hasta el cementerio, una ruta de dos kil\u00f3metros. Es una visita primordial todos los d\u00edas y especialmente los fines de semana.\u00bb<\/p>\n<p>Fuente: <a href=\"https:\/\/www.comunicaciontucuman.gob.ar\/noticia\/gobernacion\/237297\/acevedo-jaldo-recorrieron-obras-infraestructura-ralos\"> Fuente de la nota <\/a><\/p>\n","protected":false},"excerpt":{"rendered":"<p>El vicegobernador Miguel Acevedo, a cargo del Ejecutivo provincial visit\u00f3 esta tarde la comuna de Los Ralos en donde recorri\u00f3 obras de alumbrado p\u00fablico, carpeta asf\u00e1ltica y cord\u00f3n cuneta. Acevedo estuvo acompa\u00f1ado por el gobernador en uso de licencia, Osvaldo Jaldo; el vicepresidente primero de la Legislatura, Aldo Salom\u00f3n; los ministros Dar\u00edo Monteros (Interior), Luis [&hellip;]<\/p>\n","protected":false},"author":1,"featured_media":45839,"comment_status":"closed","ping_status":"open","sticky":false,"template":"","format":"standard","meta":{"footnotes":""},"categories":[3],"tags":[],"class_list":{"0":"post-45838","1":"post","2":"type-post","3":"status-publish","4":"format-standard","5":"has-post-thumbnail","7":"category-politica"},"yoast_head":"<!-- This site is optimized with the Yoast SEO plugin v27.5 - https:\/\/yoast.com\/product\/yoast-seo-wordpress\/ -->\n<title>Acevedo y Jaldo recorrieron obras de infraestructura en Los Ralos - El Diario de Tucuman<\/title>\n<meta name=\"robots\" content=\"index, follow, max-snippet:-1, max-image-preview:large, max-video-preview:-1\" \/>\n<link rel=\"canonical\" href=\"https:\/\/www.eldiariodetucuman.com\/web\/acevedo-y-jaldo-recorrieron-obras-de-infraestructura-en-los-ralos\/\" \/>\n<meta property=\"og:locale\" content=\"es_ES\" \/>\n<meta property=\"og:type\" content=\"article\" \/>\n<meta property=\"og:title\" content=\"Acevedo y Jaldo recorrieron obras de infraestructura en Los Ralos - El Diario de Tucuman\" \/>\n<meta property=\"og:description\" content=\"El vicegobernador Miguel Acevedo, a cargo del Ejecutivo provincial visit\u00f3 esta tarde la comuna de Los Ralos en donde recorri\u00f3 obras de alumbrado p\u00fablico, carpeta asf\u00e1ltica y cord\u00f3n cuneta. Acevedo estuvo acompa\u00f1ado por el gobernador en uso de licencia, Osvaldo Jaldo; el vicepresidente primero de la Legislatura, Aldo Salom\u00f3n; los ministros Dar\u00edo Monteros (Interior), Luis [&hellip;]\" \/>\n<meta property=\"og:url\" content=\"https:\/\/www.eldiariodetucuman.com\/web\/acevedo-y-jaldo-recorrieron-obras-de-infraestructura-en-los-ralos\/\" \/>\n<meta property=\"og:site_name\" content=\"El Diario de Tucuman\" \/>\n<meta property=\"article:published_time\" content=\"2025-10-04T20:58:49+00:00\" \/>\n<meta name=\"author\" content=\"admin\" \/>\n<meta name=\"twitter:card\" content=\"summary_large_image\" \/>\n<meta name=\"twitter:label1\" content=\"Escrito por\" \/>\n\t<meta name=\"twitter:data1\" content=\"admin\" \/>\n\t<meta name=\"twitter:label2\" content=\"Tiempo de lectura\" \/>\n\t<meta name=\"twitter:data2\" content=\"4 minutos\" \/>\n<script type=\"application\/ld+json\" class=\"yoast-schema-graph\">{\"@context\":\"https:\\\/\\\/schema.org\",\"@graph\":[{\"@type\":\"Article\",\"@id\":\"https:\\\/\\\/www.eldiariodetucuman.com\\\/web\\\/acevedo-y-jaldo-recorrieron-obras-de-infraestructura-en-los-ralos\\\/#article\",\"isPartOf\":{\"@id\":\"https:\\\/\\\/www.eldiariodetucuman.com\\\/web\\\/acevedo-y-jaldo-recorrieron-obras-de-infraestructura-en-los-ralos\\\/\"},\"author\":{\"name\":\"admin\",\"@id\":\"https:\\\/\\\/www.eldiariodetucuman.com\\\/web\\\/#\\\/schema\\\/person\\\/9250197d75ab5483412e19678b121caa\"},\"headline\":\"Acevedo y Jaldo recorrieron obras de infraestructura en Los Ralos\",\"datePublished\":\"2025-10-04T20:58:49+00:00\",\"mainEntityOfPage\":{\"@id\":\"https:\\\/\\\/www.eldiariodetucuman.com\\\/web\\\/acevedo-y-jaldo-recorrieron-obras-de-infraestructura-en-los-ralos\\\/\"},\"wordCount\":792,\"publisher\":{\"@id\":\"https:\\\/\\\/www.eldiariodetucuman.com\\\/web\\\/#organization\"},\"image\":{\"@id\":\"https:\\\/\\\/www.eldiariodetucuman.com\\\/web\\\/acevedo-y-jaldo-recorrieron-obras-de-infraestructura-en-los-ralos\\\/#primaryimage\"},\"thumbnailUrl\":\"https:\\\/\\\/www.eldiariodetucuman.com\\\/web\\\/wp-content\\\/uploads\\\/2025\\\/10\\\/Acevedo-y-Jaldo-recorrieron-obras-de-infraestructura-en-Los-Ralos.jpeg\",\"articleSection\":[\"Politica\"],\"inLanguage\":\"es\"},{\"@type\":\"WebPage\",\"@id\":\"https:\\\/\\\/www.eldiariodetucuman.com\\\/web\\\/acevedo-y-jaldo-recorrieron-obras-de-infraestructura-en-los-ralos\\\/\",\"url\":\"https:\\\/\\\/www.eldiariodetucuman.com\\\/web\\\/acevedo-y-jaldo-recorrieron-obras-de-infraestructura-en-los-ralos\\\/\",\"name\":\"Acevedo y Jaldo recorrieron obras de infraestructura en Los Ralos - El Diario de Tucuman\",\"isPartOf\":{\"@id\":\"https:\\\/\\\/www.eldiariodetucuman.com\\\/web\\\/#website\"},\"primaryImageOfPage\":{\"@id\":\"https:\\\/\\\/www.eldiariodetucuman.com\\\/web\\\/acevedo-y-jaldo-recorrieron-obras-de-infraestructura-en-los-ralos\\\/#primaryimage\"},\"image\":{\"@id\":\"https:\\\/\\\/www.eldiariodetucuman.com\\\/web\\\/acevedo-y-jaldo-recorrieron-obras-de-infraestructura-en-los-ralos\\\/#primaryimage\"},\"thumbnailUrl\":\"https:\\\/\\\/www.eldiariodetucuman.com\\\/web\\\/wp-content\\\/uploads\\\/2025\\\/10\\\/Acevedo-y-Jaldo-recorrieron-obras-de-infraestructura-en-Los-Ralos.jpeg\",\"datePublished\":\"2025-10-04T20:58:49+00:00\",\"breadcrumb\":{\"@id\":\"https:\\\/\\\/www.eldiariodetucuman.com\\\/web\\\/acevedo-y-jaldo-recorrieron-obras-de-infraestructura-en-los-ralos\\\/#breadcrumb\"},\"inLanguage\":\"es\",\"potentialAction\":[{\"@type\":\"ReadAction\",\"target\":[\"https:\\\/\\\/www.eldiariodetucuman.com\\\/web\\\/acevedo-y-jaldo-recorrieron-obras-de-infraestructura-en-los-ralos\\\/\"]}]},{\"@type\":\"ImageObject\",\"inLanguage\":\"es\",\"@id\":\"https:\\\/\\\/www.eldiariodetucuman.com\\\/web\\\/acevedo-y-jaldo-recorrieron-obras-de-infraestructura-en-los-ralos\\\/#primaryimage\",\"url\":\"https:\\\/\\\/www.eldiariodetucuman.com\\\/web\\\/wp-content\\\/uploads\\\/2025\\\/10\\\/Acevedo-y-Jaldo-recorrieron-obras-de-infraestructura-en-Los-Ralos.jpeg\",\"contentUrl\":\"https:\\\/\\\/www.eldiariodetucuman.com\\\/web\\\/wp-content\\\/uploads\\\/2025\\\/10\\\/Acevedo-y-Jaldo-recorrieron-obras-de-infraestructura-en-Los-Ralos.jpeg\",\"width\":818,\"height\":460},{\"@type\":\"BreadcrumbList\",\"@id\":\"https:\\\/\\\/www.eldiariodetucuman.com\\\/web\\\/acevedo-y-jaldo-recorrieron-obras-de-infraestructura-en-los-ralos\\\/#breadcrumb\",\"itemListElement\":[{\"@type\":\"ListItem\",\"position\":1,\"name\":\"Portada\",\"item\":\"https:\\\/\\\/www.eldiariodetucuman.com\\\/web\\\/\"},{\"@type\":\"ListItem\",\"position\":2,\"name\":\"Acevedo y Jaldo recorrieron obras de infraestructura en Los Ralos\"}]},{\"@type\":\"WebSite\",\"@id\":\"https:\\\/\\\/www.eldiariodetucuman.com\\\/web\\\/#website\",\"url\":\"https:\\\/\\\/www.eldiariodetucuman.com\\\/web\\\/\",\"name\":\"El Diario de Tucuman\",\"description\":\"Diario Tucuman - Informaci\u00f3n y noticias\",\"publisher\":{\"@id\":\"https:\\\/\\\/www.eldiariodetucuman.com\\\/web\\\/#organization\"},\"potentialAction\":[{\"@type\":\"SearchAction\",\"target\":{\"@type\":\"EntryPoint\",\"urlTemplate\":\"https:\\\/\\\/www.eldiariodetucuman.com\\\/web\\\/?s={search_term_string}\"},\"query-input\":{\"@type\":\"PropertyValueSpecification\",\"valueRequired\":true,\"valueName\":\"search_term_string\"}}],\"inLanguage\":\"es\"},{\"@type\":\"Organization\",\"@id\":\"https:\\\/\\\/www.eldiariodetucuman.com\\\/web\\\/#organization\",\"name\":\"El Diario de Tucuman\",\"url\":\"https:\\\/\\\/www.eldiariodetucuman.com\\\/web\\\/\",\"logo\":{\"@type\":\"ImageObject\",\"inLanguage\":\"es\",\"@id\":\"https:\\\/\\\/www.eldiariodetucuman.com\\\/web\\\/#\\\/schema\\\/logo\\\/image\\\/\",\"url\":\"http:\\\/\\\/www.eldiariodetucuman.com\\\/web\\\/wp-content\\\/uploads\\\/2017\\\/12\\\/el-diario-de-tucuman.jpg\",\"contentUrl\":\"http:\\\/\\\/www.eldiariodetucuman.com\\\/web\\\/wp-content\\\/uploads\\\/2017\\\/12\\\/el-diario-de-tucuman.jpg\",\"width\":272,\"height\":92,\"caption\":\"El Diario de Tucuman\"},\"image\":{\"@id\":\"https:\\\/\\\/www.eldiariodetucuman.com\\\/web\\\/#\\\/schema\\\/logo\\\/image\\\/\"}},{\"@type\":\"Person\",\"@id\":\"https:\\\/\\\/www.eldiariodetucuman.com\\\/web\\\/#\\\/schema\\\/person\\\/9250197d75ab5483412e19678b121caa\",\"name\":\"admin\",\"image\":{\"@type\":\"ImageObject\",\"inLanguage\":\"es\",\"@id\":\"https:\\\/\\\/secure.gravatar.com\\\/avatar\\\/c44d117c2be811212c22cb481f6b8384b6873de103fbc49e7a03cc58d7dea4ac?s=96&d=mm&r=g\",\"url\":\"https:\\\/\\\/secure.gravatar.com\\\/avatar\\\/c44d117c2be811212c22cb481f6b8384b6873de103fbc49e7a03cc58d7dea4ac?s=96&d=mm&r=g\",\"contentUrl\":\"https:\\\/\\\/secure.gravatar.com\\\/avatar\\\/c44d117c2be811212c22cb481f6b8384b6873de103fbc49e7a03cc58d7dea4ac?s=96&d=mm&r=g\",\"caption\":\"admin\"},\"url\":\"https:\\\/\\\/www.eldiariodetucuman.com\\\/web\\\/author\\\/admin\\\/\"}]}<\/script>\n<!-- \/ Yoast SEO plugin. -->","yoast_head_json":{"title":"Acevedo y Jaldo recorrieron obras de infraestructura en Los Ralos - El Diario de Tucuman","robots":{"index":"index","follow":"follow","max-snippet":"max-snippet:-1","max-image-preview":"max-image-preview:large","max-video-preview":"max-video-preview:-1"},"canonical":"https:\/\/www.eldiariodetucuman.com\/web\/acevedo-y-jaldo-recorrieron-obras-de-infraestructura-en-los-ralos\/","og_locale":"es_ES","og_type":"article","og_title":"Acevedo y Jaldo recorrieron obras de infraestructura en Los Ralos - El Diario de Tucuman","og_description":"El vicegobernador Miguel Acevedo, a cargo del Ejecutivo provincial visit\u00f3 esta tarde la comuna de Los Ralos en donde recorri\u00f3 obras de alumbrado p\u00fablico, carpeta asf\u00e1ltica y cord\u00f3n cuneta. Acevedo estuvo acompa\u00f1ado por el gobernador en uso de licencia, Osvaldo Jaldo; el vicepresidente primero de la Legislatura, Aldo Salom\u00f3n; los ministros Dar\u00edo Monteros (Interior), Luis [&hellip;]","og_url":"https:\/\/www.eldiariodetucuman.com\/web\/acevedo-y-jaldo-recorrieron-obras-de-infraestructura-en-los-ralos\/","og_site_name":"El Diario de Tucuman","article_published_time":"2025-10-04T20:58:49+00:00","author":"admin","twitter_card":"summary_large_image","twitter_misc":{"Escrito por":"admin","Tiempo de lectura":"4 minutos"},"schema":{"@context":"https:\/\/schema.org","@graph":[{"@type":"Article","@id":"https:\/\/www.eldiariodetucuman.com\/web\/acevedo-y-jaldo-recorrieron-obras-de-infraestructura-en-los-ralos\/#article","isPartOf":{"@id":"https:\/\/www.eldiariodetucuman.com\/web\/acevedo-y-jaldo-recorrieron-obras-de-infraestructura-en-los-ralos\/"},"author":{"name":"admin","@id":"https:\/\/www.eldiariodetucuman.com\/web\/#\/schema\/person\/9250197d75ab5483412e19678b121caa"},"headline":"Acevedo y Jaldo recorrieron obras de infraestructura en Los Ralos","datePublished":"2025-10-04T20:58:49+00:00","mainEntityOfPage":{"@id":"https:\/\/www.eldiariodetucuman.com\/web\/acevedo-y-jaldo-recorrieron-obras-de-infraestructura-en-los-ralos\/"},"wordCount":792,"publisher":{"@id":"https:\/\/www.eldiariodetucuman.com\/web\/#organization"},"image":{"@id":"https:\/\/www.eldiariodetucuman.com\/web\/acevedo-y-jaldo-recorrieron-obras-de-infraestructura-en-los-ralos\/#primaryimage"},"thumbnailUrl":"https:\/\/www.eldiariodetucuman.com\/web\/wp-content\/uploads\/2025\/10\/Acevedo-y-Jaldo-recorrieron-obras-de-infraestructura-en-Los-Ralos.jpeg","articleSection":["Politica"],"inLanguage":"es"},{"@type":"WebPage","@id":"https:\/\/www.eldiariodetucuman.com\/web\/acevedo-y-jaldo-recorrieron-obras-de-infraestructura-en-los-ralos\/","url":"https:\/\/www.eldiariodetucuman.com\/web\/acevedo-y-jaldo-recorrieron-obras-de-infraestructura-en-los-ralos\/","name":"Acevedo y Jaldo recorrieron obras de infraestructura en Los Ralos - El Diario de Tucuman","isPartOf":{"@id":"https:\/\/www.eldiariodetucuman.com\/web\/#website"},"primaryImageOfPage":{"@id":"https:\/\/www.eldiariodetucuman.com\/web\/acevedo-y-jaldo-recorrieron-obras-de-infraestructura-en-los-ralos\/#primaryimage"},"image":{"@id":"https:\/\/www.eldiariodetucuman.com\/web\/acevedo-y-jaldo-recorrieron-obras-de-infraestructura-en-los-ralos\/#primaryimage"},"thumbnailUrl":"https:\/\/www.eldiariodetucuman.com\/web\/wp-content\/uploads\/2025\/10\/Acevedo-y-Jaldo-recorrieron-obras-de-infraestructura-en-Los-Ralos.jpeg","datePublished":"2025-10-04T20:58:49+00:00","breadcrumb":{"@id":"https:\/\/www.eldiariodetucuman.com\/web\/acevedo-y-jaldo-recorrieron-obras-de-infraestructura-en-los-ralos\/#breadcrumb"},"inLanguage":"es","potentialAction":[{"@type":"ReadAction","target":["https:\/\/www.eldiariodetucuman.com\/web\/acevedo-y-jaldo-recorrieron-obras-de-infraestructura-en-los-ralos\/"]}]},{"@type":"ImageObject","inLanguage":"es","@id":"https:\/\/www.eldiariodetucuman.com\/web\/acevedo-y-jaldo-recorrieron-obras-de-infraestructura-en-los-ralos\/#primaryimage","url":"https:\/\/www.eldiariodetucuman.com\/web\/wp-content\/uploads\/2025\/10\/Acevedo-y-Jaldo-recorrieron-obras-de-infraestructura-en-Los-Ralos.jpeg","contentUrl":"https:\/\/www.eldiariodetucuman.com\/web\/wp-content\/uploads\/2025\/10\/Acevedo-y-Jaldo-recorrieron-obras-de-infraestructura-en-Los-Ralos.jpeg","width":818,"height":460},{"@type":"BreadcrumbList","@id":"https:\/\/www.eldiariodetucuman.com\/web\/acevedo-y-jaldo-recorrieron-obras-de-infraestructura-en-los-ralos\/#breadcrumb","itemListElement":[{"@type":"ListItem","position":1,"name":"Portada","item":"https:\/\/www.eldiariodetucuman.com\/web\/"},{"@type":"ListItem","position":2,"name":"Acevedo y Jaldo recorrieron obras de infraestructura en Los Ralos"}]},{"@type":"WebSite","@id":"https:\/\/www.eldiariodetucuman.com\/web\/#website","url":"https:\/\/www.eldiariodetucuman.com\/web\/","name":"El Diario de Tucuman","description":"Diario Tucuman - Informaci\u00f3n y noticias","publisher":{"@id":"https:\/\/www.eldiariodetucuman.com\/web\/#organization"},"potentialAction":[{"@type":"SearchAction","target":{"@type":"EntryPoint","urlTemplate":"https:\/\/www.eldiariodetucuman.com\/web\/?s={search_term_string}"},"query-input":{"@type":"PropertyValueSpecification","valueRequired":true,"valueName":"search_term_string"}}],"inLanguage":"es"},{"@type":"Organization","@id":"https:\/\/www.eldiariodetucuman.com\/web\/#organization","name":"El Diario de Tucuman","url":"https:\/\/www.eldiariodetucuman.com\/web\/","logo":{"@type":"ImageObject","inLanguage":"es","@id":"https:\/\/www.eldiariodetucuman.com\/web\/#\/schema\/logo\/image\/","url":"http:\/\/www.eldiariodetucuman.com\/web\/wp-content\/uploads\/2017\/12\/el-diario-de-tucuman.jpg","contentUrl":"http:\/\/www.eldiariodetucuman.com\/web\/wp-content\/uploads\/2017\/12\/el-diario-de-tucuman.jpg","width":272,"height":92,"caption":"El Diario de Tucuman"},"image":{"@id":"https:\/\/www.eldiariodetucuman.com\/web\/#\/schema\/logo\/image\/"}},{"@type":"Person","@id":"https:\/\/www.eldiariodetucuman.com\/web\/#\/schema\/person\/9250197d75ab5483412e19678b121caa","name":"admin","image":{"@type":"ImageObject","inLanguage":"es","@id":"https:\/\/secure.gravatar.com\/avatar\/c44d117c2be811212c22cb481f6b8384b6873de103fbc49e7a03cc58d7dea4ac?s=96&d=mm&r=g","url":"https:\/\/secure.gravatar.com\/avatar\/c44d117c2be811212c22cb481f6b8384b6873de103fbc49e7a03cc58d7dea4ac?s=96&d=mm&r=g","contentUrl":"https:\/\/secure.gravatar.com\/avatar\/c44d117c2be811212c22cb481f6b8384b6873de103fbc49e7a03cc58d7dea4ac?s=96&d=mm&r=g","caption":"admin"},"url":"https:\/\/www.eldiariodetucuman.com\/web\/author\/admin\/"}]}},"_links":{"self":[{"href":"https:\/\/www.eldiariodetucuman.com\/web\/wp-json\/wp\/v2\/posts\/45838","targetHints":{"allow":["GET"]}}],"collection":[{"href":"https:\/\/www.eldiariodetucuman.com\/web\/wp-json\/wp\/v2\/posts"}],"about":[{"href":"https:\/\/www.eldiariodetucuman.com\/web\/wp-json\/wp\/v2\/types\/post"}],"author":[{"embeddable":true,"href":"https:\/\/www.eldiariodetucuman.com\/web\/wp-json\/wp\/v2\/users\/1"}],"replies":[{"embeddable":true,"href":"https:\/\/www.eldiariodetucuman.com\/web\/wp-json\/wp\/v2\/comments?post=45838"}],"version-history":[{"count":0,"href":"https:\/\/www.eldiariodetucuman.com\/web\/wp-json\/wp\/v2\/posts\/45838\/revisions"}],"wp:featuredmedia":[{"embeddable":true,"href":"https:\/\/www.eldiariodetucuman.com\/web\/wp-json\/wp\/v2\/media\/45839"}],"wp:attachment":[{"href":"https:\/\/www.eldiariodetucuman.com\/web\/wp-json\/wp\/v2\/media?parent=45838"}],"wp:term":[{"taxonomy":"category","embeddable":true,"href":"https:\/\/www.eldiariodetucuman.com\/web\/wp-json\/wp\/v2\/categories?post=45838"},{"taxonomy":"post_tag","embeddable":true,"href":"https:\/\/www.eldiariodetucuman.com\/web\/wp-json\/wp\/v2\/tags?post=45838"}],"curies":[{"name":"wp","href":"https:\/\/api.w.org\/{rel}","templated":true}]}}