{"id":45825,"date":"2025-10-03T16:30:44","date_gmt":"2025-10-03T19:30:44","guid":{"rendered":"https:\/\/www.eldiariodetucuman.com\/web\/siete-anos-de-prision-al-jefe-de-la-banda-que-robaba-camionetas-de-alta-gama\/"},"modified":"2025-10-03T16:30:44","modified_gmt":"2025-10-03T19:30:44","slug":"siete-anos-de-prision-al-jefe-de-la-banda-que-robaba-camionetas-de-alta-gama","status":"publish","type":"post","link":"https:\/\/www.eldiariodetucuman.com\/web\/siete-anos-de-prision-al-jefe-de-la-banda-que-robaba-camionetas-de-alta-gama\/","title":{"rendered":"Siete a\u00f1os de prisi\u00f3n al jefe de la banda que robaba camionetas de alta gama"},"content":{"rendered":"<p>  <\/p>\n<p> En una audiencia de juicio abreviado, Ahumada, fue acusado por los delitos de asociaci\u00f3n il\u00edcita en concurso real con el delito de hurto agravado reiterado en cuatro ocasiones m\u00e1s la pena de siete a\u00f1os de c\u00e1rcel, con una reparaci\u00f3n econ\u00f3mica a las v\u00edctimas y el decomiso de un autom\u00f3vil que fuera empleado para cometer los il\u00edcitos. Seg\u00fan la acusaci\u00f3n, en el marco del plan criminal com\u00fan el \u201cjefe\u201d habr\u00eda intervenido activamente en la sustracci\u00f3n de cuatro camionetas en distintas zonas de la provincia, manejaba y administraba la banda delictiva. Adem\u00e1s contactaba con compradores del mercado negro (en C\u00f3rdoba o Bolivia), generaba v\u00ednculos con estructuras que faciliten el paso fronterizo con los puestos de control y divid\u00eda las ganancias entre sus miembros.<\/p>\n<p>En esta causa ya fueron condenados otros cuatro integrantes (a tres a\u00f1os de prisi\u00f3n de cumplimiento condicional), entre ellos, su padre.<\/p>\n<p>\u201cSiguiendo las pautas de pol\u00edtica criminal, dispuestas por el ministro fiscal Edmundo Jim\u00e9nez, nos abocamos durante mucho tiempo a esta investigaci\u00f3n sumamente compleja. Es un legajo que actualmente cuenta con 4.000 fojas, donde se llevaron a cabo muchas medidas con intervenci\u00f3n, incluso, de la Fiscal\u00eda de Narcomenudeo y de la Justicia Federal (por el delito de contrabando). Son hechos ocurridos desde el 28 de junio hasta el 29 de julio de 2024 manifest\u00f3 el fiscal Carlos Pic\u00f3n.<\/p>\n<p> image   <\/p>\n<p>La organizaci\u00f3n ten\u00eda ramificaciones en otras provincias para cometer il\u00edcitos respecto a robos de camionetas que posteriormente eran trasladadas a otras jurisdicciones, es decir, eran sustra\u00eddas en la v\u00eda p\u00fablica a trav\u00e9s de inhibidores o similares con destino a C\u00f3rdoba, La Rioja, Salta e incluso a Bolivia.<\/p>\n<p>Pic\u00f3n adelant\u00f3 que se busca dar con el paradero de otros dos consortes (identificados en la provincia de C\u00f3rdoba) que ya cuentan con pedido de capturas vigente. En tanto, la reparaci\u00f3n econ\u00f3mica en concepto de da\u00f1os a las v\u00edctimas asciende a la suma de $15.000.000. <\/p>\n<p>Fuente: <a href=\"https:\/\/www.lv12.com.ar\/prision\/siete-anos-prision-al-jefe-la-banda-que-robaba-camionetas-alta-gama-n186701\"> Fuente de la nota <\/a><\/p>\n","protected":false},"excerpt":{"rendered":"<p>En una audiencia de juicio abreviado, Ahumada, fue acusado por los delitos de asociaci\u00f3n il\u00edcita en concurso real con el delito de hurto agravado reiterado en cuatro ocasiones m\u00e1s la pena de siete a\u00f1os de c\u00e1rcel, con una reparaci\u00f3n econ\u00f3mica a las v\u00edctimas y el decomiso de un autom\u00f3vil que fuera empleado para cometer los [&hellip;]<\/p>\n","protected":false},"author":1,"featured_media":45826,"comment_status":"closed","ping_status":"open","sticky":false,"template":"","format":"standard","meta":{"footnotes":""},"categories":[927],"tags":[],"class_list":{"0":"post-45825","1":"post","2":"type-post","3":"status-publish","4":"format-standard","5":"has-post-thumbnail","7":"category-policiales"},"yoast_head":"<!-- This site is optimized with the Yoast SEO plugin v27.5 - https:\/\/yoast.com\/product\/yoast-seo-wordpress\/ -->\n<title>Siete a\u00f1os de prisi\u00f3n al jefe de la banda que robaba camionetas de alta gama - El Diario de Tucuman<\/title>\n<meta name=\"robots\" content=\"index, follow, max-snippet:-1, max-image-preview:large, max-video-preview:-1\" \/>\n<link rel=\"canonical\" href=\"https:\/\/www.eldiariodetucuman.com\/web\/siete-anos-de-prision-al-jefe-de-la-banda-que-robaba-camionetas-de-alta-gama\/\" \/>\n<meta property=\"og:locale\" content=\"es_ES\" \/>\n<meta property=\"og:type\" content=\"article\" \/>\n<meta property=\"og:title\" content=\"Siete a\u00f1os de prisi\u00f3n al jefe de la banda que robaba camionetas de alta gama - El Diario de Tucuman\" \/>\n<meta property=\"og:description\" content=\"En una audiencia de juicio abreviado, Ahumada, fue acusado por los delitos de asociaci\u00f3n il\u00edcita en concurso real con el delito de hurto agravado reiterado en cuatro ocasiones m\u00e1s la pena de siete a\u00f1os de c\u00e1rcel, con una reparaci\u00f3n econ\u00f3mica a las v\u00edctimas y el decomiso de un autom\u00f3vil que fuera empleado para cometer los [&hellip;]\" \/>\n<meta property=\"og:url\" content=\"https:\/\/www.eldiariodetucuman.com\/web\/siete-anos-de-prision-al-jefe-de-la-banda-que-robaba-camionetas-de-alta-gama\/\" \/>\n<meta property=\"og:site_name\" content=\"El Diario de Tucuman\" \/>\n<meta property=\"article:published_time\" content=\"2025-10-03T19:30:44+00:00\" \/>\n<meta name=\"author\" content=\"admin\" \/>\n<meta name=\"twitter:card\" content=\"summary_large_image\" \/>\n<meta name=\"twitter:label1\" content=\"Escrito por\" \/>\n\t<meta name=\"twitter:data1\" content=\"admin\" \/>\n\t<meta name=\"twitter:label2\" content=\"Tiempo de lectura\" \/>\n\t<meta name=\"twitter:data2\" content=\"2 minutos\" \/>\n<script type=\"application\/ld+json\" class=\"yoast-schema-graph\">{\"@context\":\"https:\\\/\\\/schema.org\",\"@graph\":[{\"@type\":\"Article\",\"@id\":\"https:\\\/\\\/www.eldiariodetucuman.com\\\/web\\\/siete-anos-de-prision-al-jefe-de-la-banda-que-robaba-camionetas-de-alta-gama\\\/#article\",\"isPartOf\":{\"@id\":\"https:\\\/\\\/www.eldiariodetucuman.com\\\/web\\\/siete-anos-de-prision-al-jefe-de-la-banda-que-robaba-camionetas-de-alta-gama\\\/\"},\"author\":{\"name\":\"admin\",\"@id\":\"https:\\\/\\\/www.eldiariodetucuman.com\\\/web\\\/#\\\/schema\\\/person\\\/9250197d75ab5483412e19678b121caa\"},\"headline\":\"Siete a\u00f1os de prisi\u00f3n al jefe de la banda que robaba camionetas de alta gama\",\"datePublished\":\"2025-10-03T19:30:44+00:00\",\"mainEntityOfPage\":{\"@id\":\"https:\\\/\\\/www.eldiariodetucuman.com\\\/web\\\/siete-anos-de-prision-al-jefe-de-la-banda-que-robaba-camionetas-de-alta-gama\\\/\"},\"wordCount\":370,\"publisher\":{\"@id\":\"https:\\\/\\\/www.eldiariodetucuman.com\\\/web\\\/#organization\"},\"image\":{\"@id\":\"https:\\\/\\\/www.eldiariodetucuman.com\\\/web\\\/siete-anos-de-prision-al-jefe-de-la-banda-que-robaba-camionetas-de-alta-gama\\\/#primaryimage\"},\"thumbnailUrl\":\"https:\\\/\\\/www.eldiariodetucuman.com\\\/web\\\/wp-content\\\/uploads\\\/2025\\\/10\\\/Siete-anos-de-prision-al-jefe-de-la-banda-que.png\",\"articleSection\":[\"Policiales\"],\"inLanguage\":\"es\"},{\"@type\":\"WebPage\",\"@id\":\"https:\\\/\\\/www.eldiariodetucuman.com\\\/web\\\/siete-anos-de-prision-al-jefe-de-la-banda-que-robaba-camionetas-de-alta-gama\\\/\",\"url\":\"https:\\\/\\\/www.eldiariodetucuman.com\\\/web\\\/siete-anos-de-prision-al-jefe-de-la-banda-que-robaba-camionetas-de-alta-gama\\\/\",\"name\":\"Siete a\u00f1os de prisi\u00f3n al jefe de la banda que robaba camionetas de alta gama - El Diario de Tucuman\",\"isPartOf\":{\"@id\":\"https:\\\/\\\/www.eldiariodetucuman.com\\\/web\\\/#website\"},\"primaryImageOfPage\":{\"@id\":\"https:\\\/\\\/www.eldiariodetucuman.com\\\/web\\\/siete-anos-de-prision-al-jefe-de-la-banda-que-robaba-camionetas-de-alta-gama\\\/#primaryimage\"},\"image\":{\"@id\":\"https:\\\/\\\/www.eldiariodetucuman.com\\\/web\\\/siete-anos-de-prision-al-jefe-de-la-banda-que-robaba-camionetas-de-alta-gama\\\/#primaryimage\"},\"thumbnailUrl\":\"https:\\\/\\\/www.eldiariodetucuman.com\\\/web\\\/wp-content\\\/uploads\\\/2025\\\/10\\\/Siete-anos-de-prision-al-jefe-de-la-banda-que.png\",\"datePublished\":\"2025-10-03T19:30:44+00:00\",\"breadcrumb\":{\"@id\":\"https:\\\/\\\/www.eldiariodetucuman.com\\\/web\\\/siete-anos-de-prision-al-jefe-de-la-banda-que-robaba-camionetas-de-alta-gama\\\/#breadcrumb\"},\"inLanguage\":\"es\",\"potentialAction\":[{\"@type\":\"ReadAction\",\"target\":[\"https:\\\/\\\/www.eldiariodetucuman.com\\\/web\\\/siete-anos-de-prision-al-jefe-de-la-banda-que-robaba-camionetas-de-alta-gama\\\/\"]}]},{\"@type\":\"ImageObject\",\"inLanguage\":\"es\",\"@id\":\"https:\\\/\\\/www.eldiariodetucuman.com\\\/web\\\/siete-anos-de-prision-al-jefe-de-la-banda-que-robaba-camionetas-de-alta-gama\\\/#primaryimage\",\"url\":\"https:\\\/\\\/www.eldiariodetucuman.com\\\/web\\\/wp-content\\\/uploads\\\/2025\\\/10\\\/Siete-anos-de-prision-al-jefe-de-la-banda-que.png\",\"contentUrl\":\"https:\\\/\\\/www.eldiariodetucuman.com\\\/web\\\/wp-content\\\/uploads\\\/2025\\\/10\\\/Siete-anos-de-prision-al-jefe-de-la-banda-que.png\",\"width\":1200,\"height\":675},{\"@type\":\"BreadcrumbList\",\"@id\":\"https:\\\/\\\/www.eldiariodetucuman.com\\\/web\\\/siete-anos-de-prision-al-jefe-de-la-banda-que-robaba-camionetas-de-alta-gama\\\/#breadcrumb\",\"itemListElement\":[{\"@type\":\"ListItem\",\"position\":1,\"name\":\"Portada\",\"item\":\"https:\\\/\\\/www.eldiariodetucuman.com\\\/web\\\/\"},{\"@type\":\"ListItem\",\"position\":2,\"name\":\"Siete a\u00f1os de prisi\u00f3n al jefe de la banda que robaba camionetas de alta gama\"}]},{\"@type\":\"WebSite\",\"@id\":\"https:\\\/\\\/www.eldiariodetucuman.com\\\/web\\\/#website\",\"url\":\"https:\\\/\\\/www.eldiariodetucuman.com\\\/web\\\/\",\"name\":\"El Diario de Tucuman\",\"description\":\"Diario Tucuman - Informaci\u00f3n y noticias\",\"publisher\":{\"@id\":\"https:\\\/\\\/www.eldiariodetucuman.com\\\/web\\\/#organization\"},\"potentialAction\":[{\"@type\":\"SearchAction\",\"target\":{\"@type\":\"EntryPoint\",\"urlTemplate\":\"https:\\\/\\\/www.eldiariodetucuman.com\\\/web\\\/?s={search_term_string}\"},\"query-input\":{\"@type\":\"PropertyValueSpecification\",\"valueRequired\":true,\"valueName\":\"search_term_string\"}}],\"inLanguage\":\"es\"},{\"@type\":\"Organization\",\"@id\":\"https:\\\/\\\/www.eldiariodetucuman.com\\\/web\\\/#organization\",\"name\":\"El Diario de Tucuman\",\"url\":\"https:\\\/\\\/www.eldiariodetucuman.com\\\/web\\\/\",\"logo\":{\"@type\":\"ImageObject\",\"inLanguage\":\"es\",\"@id\":\"https:\\\/\\\/www.eldiariodetucuman.com\\\/web\\\/#\\\/schema\\\/logo\\\/image\\\/\",\"url\":\"http:\\\/\\\/www.eldiariodetucuman.com\\\/web\\\/wp-content\\\/uploads\\\/2017\\\/12\\\/el-diario-de-tucuman.jpg\",\"contentUrl\":\"http:\\\/\\\/www.eldiariodetucuman.com\\\/web\\\/wp-content\\\/uploads\\\/2017\\\/12\\\/el-diario-de-tucuman.jpg\",\"width\":272,\"height\":92,\"caption\":\"El Diario de Tucuman\"},\"image\":{\"@id\":\"https:\\\/\\\/www.eldiariodetucuman.com\\\/web\\\/#\\\/schema\\\/logo\\\/image\\\/\"}},{\"@type\":\"Person\",\"@id\":\"https:\\\/\\\/www.eldiariodetucuman.com\\\/web\\\/#\\\/schema\\\/person\\\/9250197d75ab5483412e19678b121caa\",\"name\":\"admin\",\"image\":{\"@type\":\"ImageObject\",\"inLanguage\":\"es\",\"@id\":\"https:\\\/\\\/secure.gravatar.com\\\/avatar\\\/c44d117c2be811212c22cb481f6b8384b6873de103fbc49e7a03cc58d7dea4ac?s=96&d=mm&r=g\",\"url\":\"https:\\\/\\\/secure.gravatar.com\\\/avatar\\\/c44d117c2be811212c22cb481f6b8384b6873de103fbc49e7a03cc58d7dea4ac?s=96&d=mm&r=g\",\"contentUrl\":\"https:\\\/\\\/secure.gravatar.com\\\/avatar\\\/c44d117c2be811212c22cb481f6b8384b6873de103fbc49e7a03cc58d7dea4ac?s=96&d=mm&r=g\",\"caption\":\"admin\"},\"url\":\"https:\\\/\\\/www.eldiariodetucuman.com\\\/web\\\/author\\\/admin\\\/\"}]}<\/script>\n<!-- \/ Yoast SEO plugin. -->","yoast_head_json":{"title":"Siete a\u00f1os de prisi\u00f3n al jefe de la banda que robaba camionetas de alta gama - El Diario de Tucuman","robots":{"index":"index","follow":"follow","max-snippet":"max-snippet:-1","max-image-preview":"max-image-preview:large","max-video-preview":"max-video-preview:-1"},"canonical":"https:\/\/www.eldiariodetucuman.com\/web\/siete-anos-de-prision-al-jefe-de-la-banda-que-robaba-camionetas-de-alta-gama\/","og_locale":"es_ES","og_type":"article","og_title":"Siete a\u00f1os de prisi\u00f3n al jefe de la banda que robaba camionetas de alta gama - El Diario de Tucuman","og_description":"En una audiencia de juicio abreviado, Ahumada, fue acusado por los delitos de asociaci\u00f3n il\u00edcita en concurso real con el delito de hurto agravado reiterado en cuatro ocasiones m\u00e1s la pena de siete a\u00f1os de c\u00e1rcel, con una reparaci\u00f3n econ\u00f3mica a las v\u00edctimas y el decomiso de un autom\u00f3vil que fuera empleado para cometer los [&hellip;]","og_url":"https:\/\/www.eldiariodetucuman.com\/web\/siete-anos-de-prision-al-jefe-de-la-banda-que-robaba-camionetas-de-alta-gama\/","og_site_name":"El Diario de Tucuman","article_published_time":"2025-10-03T19:30:44+00:00","author":"admin","twitter_card":"summary_large_image","twitter_misc":{"Escrito por":"admin","Tiempo de lectura":"2 minutos"},"schema":{"@context":"https:\/\/schema.org","@graph":[{"@type":"Article","@id":"https:\/\/www.eldiariodetucuman.com\/web\/siete-anos-de-prision-al-jefe-de-la-banda-que-robaba-camionetas-de-alta-gama\/#article","isPartOf":{"@id":"https:\/\/www.eldiariodetucuman.com\/web\/siete-anos-de-prision-al-jefe-de-la-banda-que-robaba-camionetas-de-alta-gama\/"},"author":{"name":"admin","@id":"https:\/\/www.eldiariodetucuman.com\/web\/#\/schema\/person\/9250197d75ab5483412e19678b121caa"},"headline":"Siete a\u00f1os de prisi\u00f3n al jefe de la banda que robaba camionetas de alta gama","datePublished":"2025-10-03T19:30:44+00:00","mainEntityOfPage":{"@id":"https:\/\/www.eldiariodetucuman.com\/web\/siete-anos-de-prision-al-jefe-de-la-banda-que-robaba-camionetas-de-alta-gama\/"},"wordCount":370,"publisher":{"@id":"https:\/\/www.eldiariodetucuman.com\/web\/#organization"},"image":{"@id":"https:\/\/www.eldiariodetucuman.com\/web\/siete-anos-de-prision-al-jefe-de-la-banda-que-robaba-camionetas-de-alta-gama\/#primaryimage"},"thumbnailUrl":"https:\/\/www.eldiariodetucuman.com\/web\/wp-content\/uploads\/2025\/10\/Siete-anos-de-prision-al-jefe-de-la-banda-que.png","articleSection":["Policiales"],"inLanguage":"es"},{"@type":"WebPage","@id":"https:\/\/www.eldiariodetucuman.com\/web\/siete-anos-de-prision-al-jefe-de-la-banda-que-robaba-camionetas-de-alta-gama\/","url":"https:\/\/www.eldiariodetucuman.com\/web\/siete-anos-de-prision-al-jefe-de-la-banda-que-robaba-camionetas-de-alta-gama\/","name":"Siete a\u00f1os de prisi\u00f3n al jefe de la banda que robaba camionetas de alta gama - El Diario de Tucuman","isPartOf":{"@id":"https:\/\/www.eldiariodetucuman.com\/web\/#website"},"primaryImageOfPage":{"@id":"https:\/\/www.eldiariodetucuman.com\/web\/siete-anos-de-prision-al-jefe-de-la-banda-que-robaba-camionetas-de-alta-gama\/#primaryimage"},"image":{"@id":"https:\/\/www.eldiariodetucuman.com\/web\/siete-anos-de-prision-al-jefe-de-la-banda-que-robaba-camionetas-de-alta-gama\/#primaryimage"},"thumbnailUrl":"https:\/\/www.eldiariodetucuman.com\/web\/wp-content\/uploads\/2025\/10\/Siete-anos-de-prision-al-jefe-de-la-banda-que.png","datePublished":"2025-10-03T19:30:44+00:00","breadcrumb":{"@id":"https:\/\/www.eldiariodetucuman.com\/web\/siete-anos-de-prision-al-jefe-de-la-banda-que-robaba-camionetas-de-alta-gama\/#breadcrumb"},"inLanguage":"es","potentialAction":[{"@type":"ReadAction","target":["https:\/\/www.eldiariodetucuman.com\/web\/siete-anos-de-prision-al-jefe-de-la-banda-que-robaba-camionetas-de-alta-gama\/"]}]},{"@type":"ImageObject","inLanguage":"es","@id":"https:\/\/www.eldiariodetucuman.com\/web\/siete-anos-de-prision-al-jefe-de-la-banda-que-robaba-camionetas-de-alta-gama\/#primaryimage","url":"https:\/\/www.eldiariodetucuman.com\/web\/wp-content\/uploads\/2025\/10\/Siete-anos-de-prision-al-jefe-de-la-banda-que.png","contentUrl":"https:\/\/www.eldiariodetucuman.com\/web\/wp-content\/uploads\/2025\/10\/Siete-anos-de-prision-al-jefe-de-la-banda-que.png","width":1200,"height":675},{"@type":"BreadcrumbList","@id":"https:\/\/www.eldiariodetucuman.com\/web\/siete-anos-de-prision-al-jefe-de-la-banda-que-robaba-camionetas-de-alta-gama\/#breadcrumb","itemListElement":[{"@type":"ListItem","position":1,"name":"Portada","item":"https:\/\/www.eldiariodetucuman.com\/web\/"},{"@type":"ListItem","position":2,"name":"Siete a\u00f1os de prisi\u00f3n al jefe de la banda que robaba camionetas de alta gama"}]},{"@type":"WebSite","@id":"https:\/\/www.eldiariodetucuman.com\/web\/#website","url":"https:\/\/www.eldiariodetucuman.com\/web\/","name":"El Diario de Tucuman","description":"Diario Tucuman - Informaci\u00f3n y noticias","publisher":{"@id":"https:\/\/www.eldiariodetucuman.com\/web\/#organization"},"potentialAction":[{"@type":"SearchAction","target":{"@type":"EntryPoint","urlTemplate":"https:\/\/www.eldiariodetucuman.com\/web\/?s={search_term_string}"},"query-input":{"@type":"PropertyValueSpecification","valueRequired":true,"valueName":"search_term_string"}}],"inLanguage":"es"},{"@type":"Organization","@id":"https:\/\/www.eldiariodetucuman.com\/web\/#organization","name":"El Diario de Tucuman","url":"https:\/\/www.eldiariodetucuman.com\/web\/","logo":{"@type":"ImageObject","inLanguage":"es","@id":"https:\/\/www.eldiariodetucuman.com\/web\/#\/schema\/logo\/image\/","url":"http:\/\/www.eldiariodetucuman.com\/web\/wp-content\/uploads\/2017\/12\/el-diario-de-tucuman.jpg","contentUrl":"http:\/\/www.eldiariodetucuman.com\/web\/wp-content\/uploads\/2017\/12\/el-diario-de-tucuman.jpg","width":272,"height":92,"caption":"El Diario de Tucuman"},"image":{"@id":"https:\/\/www.eldiariodetucuman.com\/web\/#\/schema\/logo\/image\/"}},{"@type":"Person","@id":"https:\/\/www.eldiariodetucuman.com\/web\/#\/schema\/person\/9250197d75ab5483412e19678b121caa","name":"admin","image":{"@type":"ImageObject","inLanguage":"es","@id":"https:\/\/secure.gravatar.com\/avatar\/c44d117c2be811212c22cb481f6b8384b6873de103fbc49e7a03cc58d7dea4ac?s=96&d=mm&r=g","url":"https:\/\/secure.gravatar.com\/avatar\/c44d117c2be811212c22cb481f6b8384b6873de103fbc49e7a03cc58d7dea4ac?s=96&d=mm&r=g","contentUrl":"https:\/\/secure.gravatar.com\/avatar\/c44d117c2be811212c22cb481f6b8384b6873de103fbc49e7a03cc58d7dea4ac?s=96&d=mm&r=g","caption":"admin"},"url":"https:\/\/www.eldiariodetucuman.com\/web\/author\/admin\/"}]}},"_links":{"self":[{"href":"https:\/\/www.eldiariodetucuman.com\/web\/wp-json\/wp\/v2\/posts\/45825","targetHints":{"allow":["GET"]}}],"collection":[{"href":"https:\/\/www.eldiariodetucuman.com\/web\/wp-json\/wp\/v2\/posts"}],"about":[{"href":"https:\/\/www.eldiariodetucuman.com\/web\/wp-json\/wp\/v2\/types\/post"}],"author":[{"embeddable":true,"href":"https:\/\/www.eldiariodetucuman.com\/web\/wp-json\/wp\/v2\/users\/1"}],"replies":[{"embeddable":true,"href":"https:\/\/www.eldiariodetucuman.com\/web\/wp-json\/wp\/v2\/comments?post=45825"}],"version-history":[{"count":0,"href":"https:\/\/www.eldiariodetucuman.com\/web\/wp-json\/wp\/v2\/posts\/45825\/revisions"}],"wp:featuredmedia":[{"embeddable":true,"href":"https:\/\/www.eldiariodetucuman.com\/web\/wp-json\/wp\/v2\/media\/45826"}],"wp:attachment":[{"href":"https:\/\/www.eldiariodetucuman.com\/web\/wp-json\/wp\/v2\/media?parent=45825"}],"wp:term":[{"taxonomy":"category","embeddable":true,"href":"https:\/\/www.eldiariodetucuman.com\/web\/wp-json\/wp\/v2\/categories?post=45825"},{"taxonomy":"post_tag","embeddable":true,"href":"https:\/\/www.eldiariodetucuman.com\/web\/wp-json\/wp\/v2\/tags?post=45825"}],"curies":[{"name":"wp","href":"https:\/\/api.w.org\/{rel}","templated":true}]}}