{"id":45820,"date":"2025-10-02T23:19:24","date_gmt":"2025-10-03T02:19:24","guid":{"rendered":"https:\/\/www.eldiariodetucuman.com\/web\/espert-sale-a-defenderse-pero-en-el-gobierno-se-reabre-el-debate-sobre-su-candidatura\/"},"modified":"2025-10-02T23:19:28","modified_gmt":"2025-10-03T02:19:28","slug":"espert-sale-a-defenderse-pero-en-el-gobierno-se-reabre-el-debate-sobre-su-candidatura","status":"publish","type":"post","link":"https:\/\/www.eldiariodetucuman.com\/web\/espert-sale-a-defenderse-pero-en-el-gobierno-se-reabre-el-debate-sobre-su-candidatura\/","title":{"rendered":"Espert sale a defenderse, pero en el Gobierno se reabre el debate sobre su candidatura"},"content":{"rendered":"<p><\/p>\n<p class=\"com-paragraph  --capital --s\">La decisi\u00f3n de <strong>Javier Milei<\/strong> de respaldar a <strong>Jos\u00e9 Luis Espert <\/strong>y sostenerlo como primer candidato a diputado nacional en Buenos Aires frente a la denuncia por su v\u00ednculo con <strong>Federico \u201cFred\u201d Machado<\/strong>, acusado de narcotr\u00e1fico, provoca una gran preocupaci\u00f3n en la Casa Rosada, cuando faltan casi tres semanas para las legislativas nacionales.<\/p>\n<p class=\"com-paragraph   --s\">Luego de que <strong>LA NACION<\/strong> confirmara este jueves, en base a datos oficiales de Estados Unidos, que la transferencia que le hizo Machado a Espert, en enero de 2020, por <strong>200.000 d\u00f3lares<\/strong> figura en una contabilidad oficial elaborada por el Bank of America, se abri\u00f3 una discusi\u00f3n interna en la c\u00fapula de La Libertad Avanza (LLA) sobre la continuidad de la postulaci\u00f3n del economista. <\/p>\n<p class=\"com-paragraph   --s\">El sector ligado a <strong>Santiago Caputo<\/strong>, principal asesor de Milei, <strong>apuesta a preservar a Espert <\/strong>en la cancha. Y aguardan que<strong> el diputado presente documentaci\u00f3n<\/strong> para certificar que esa transferencia fue declarada y brinde una <strong>\u201cexplicaci\u00f3n razonable\u201d <\/strong>de que cuando recibi\u00f3 los fondos no ten\u00eda conocimiento de que Machado era investigado por narcotr\u00e1fico. <\/p>\n<p>Manuel Adorni, Patricia Bullrich, Javier Milei y Jos\u00e9 Luis Espert.<\/p>\n<p class=\"com-paragraph   --s\">\u201cSi est\u00e1n declarados esos ingresos y el origen de los mismos, cabe una explicaci\u00f3n razonable\u201d, deslizan fuentes oficiales. En la Casa Rosada aguardan por estas horas que Espert difunda un video. <\/p>\n<p class=\"com-paragraph   --s\">En cambio, otro grupo, encabezado por la ministra de Seguridad,<strong> Patricia Bullrich<\/strong>, considera que no hay m\u00e1s margen para salir a justificar la maniobra. <strong>\u201cYa es tarde para una explicaci\u00f3n\u201d<\/strong>, plante\u00f3 un alto funcionario del Gobierno ante la consulta de <strong>LA NACION<\/strong>. <\/p>\n<p>Javier Milei, junto a Patricia Bullrich y Jos\u00e9 Luis Espert, en Expoagrola naci\u00f3n<\/p>\n<p class=\"com-paragraph   --s\">Hasta ayer, en privado, la mayor\u00eda de los altos mandos del Gobierno coincid\u00eda en que el economista deb\u00eda salir a defenderse. Sin embargo, Bullrich fue la primera funcionaria de peso que sali\u00f3 a pedirle a Espert que diera explicaciones sobre su relaci\u00f3n con Machado y si hab\u00eda recibido un giro de US$200.000 d\u00f3lares despu\u00e9s de la campa\u00f1a presidencial de 2019. \u201cSon chimentos de peluquer\u00eda, otra opereta m\u00e1s\u201d, hab\u00eda planteado Milei. <\/p>\n<p class=\"com-paragraph   --s\">En momentos en que el esc\u00e1ndalo de Espert pone en apuros a la Casa Rosada, Bullrich no dud\u00f3 en desmarcarse. Puertas adentro, incluso frente al Presidente, la ministra de Seguridad hab\u00eda advertido que el oficialismo pod\u00eda pagar un costo pol\u00edtico excesivo si no se despejaban las dudas en torno a la vinculaci\u00f3n de Espert, quien encabeza la boleta de LLA en Buenos Aires, con Machado, quien se encuentra preso en la Argentina y con pedido de extradici\u00f3n de los Estados Unidos, donde es investigado por fraude, conspiraci\u00f3n para traficar drogas il\u00edcitas y lavado de dinero.<\/p>\n<p class=\"com-paragraph   --s\">El mi\u00e9rcoles a la noche, despu\u00e9s de que Espert trastabillara durante una entrevista con el canal A24 y se negara a contestar sobre la transferencia de Machado por 200.000 d\u00f3lares, Bullrich volvi\u00f3 a la carga. Se contact\u00f3 con Milei y el resto de los integrantes de la \u201cmesa pol\u00edtica\u201d, que conform\u00f3 el Presidente despu\u00e9s de la traum\u00e1tica derrota del 7 de septiembre en la elecci\u00f3n bonaerense, e<strong> insisti\u00f3 en que la explicaci\u00f3n de Espert no era convincente <\/strong>y que deb\u00eda volver a poner la cara para dar respuestas. Hubo coincidencias en torno a que el economista, a quien Milei puso al frente de la lista de diputados nacionales en la provincia y promovi\u00f3 como titular de la estrat\u00e9gica comisi\u00f3n de Presupuesto y Hacienda, hab\u00eda sido difuso en su planteo. <\/p>\n<p class=\"com-paragraph   --s\">Bullrich esperaba hasta la tarde del jueves a que el economista saliera a explicar nuevamente cu\u00e1l era su relaci\u00f3n con Machado, acusado de narco. Ella est\u00e1 inc\u00f3moda e inquieta por la proximidad de la competencia electoral. Est\u00e1 a cargo de la cartera de Seguridad y una de sus principales caballitos de batalla en la gesti\u00f3n es la lucha contra el crimen organizado y el narcotr\u00e1fico. \u201cEs nuestra bandera en la gesti\u00f3n. Y estamos poniendo m\u00e1s sal en la herida. <strong>As\u00ed nos van a entrar todas las balas\u201d<\/strong>, repiten en el sector de LLA que respalda a la ministra.<\/p>\n<p class=\"com-paragraph   --s\">Adem\u00e1s, como postulante a senadora nacional de LLA en la Capital, Bullrich se juega mucho. Est\u00e1 claro que aspira a ganar en la ciudad, emblem\u00e1tico basti\u00f3n de los Macri, con holgura. Para eso requiere de evitar una fuga de votantes \u201crepublicanos\u201d. Son los sectores que acompa\u00f1aron la boleta del macrismo, que lider\u00f3 Silvia Lospennato en la compulsa porte\u00f1a del 18 de mayo. <\/p>\n<p class=\"com-paragraph   --s\">Bullrich ya hab\u00eda transmitido internamente frente a Caputo, principal consejero de Milei, que deb\u00edan ser flexibles para ir a seducir a los votantes de Pro o que supieron respaldar a JxC y que ahora se muestran desencantados con Milei. Es el sector de la sociedad que le reclama a Milei mayor institucionalidad, transparencia en la gesti\u00f3n o critica sus diatribas contra el Congreso o la prensa. El Presidente los denomina como \u201c\u00f1o\u00f1os republicanos\u201d. <\/p>\n<p class=\"com-paragraph   --s\">Pese a que Caputo llam\u00f3 a defender la identidad del proyecto de LLA y a mantener el estilo que llev\u00f3 a Milei a la Casa Rosada, la ministra de Seguridad apuesta a conjugar el voto del n\u00facleo duro de LLA en la Capital que acompa\u00f1\u00f3 a Manuel Adorni en elecci\u00f3n local de mayo y al 15% que opt\u00f3 por la boleta de Pro, encabezada por Lospennato. <\/p>\n<p class=\"com-paragraph   --s\"><strong>Bullrich necesita pescar en esas dos peceras<\/strong>. Por eso, empuj\u00f3 p\u00fablicamente la idea de que Milei deb\u00eda retomar el di\u00e1logo con Macri. \u00bfSe entusiasma ahora con una foto durante la campa\u00f1a? Ella transmite que ya est\u00e1 satisfecha con el acercamiento entre el Presidente y el titular de Pro. <\/p>\n<p><a href=\"https:\/\/www.lanacion.com.ar\/politica\/maxima-tension-espert-sale-a-dar-explicaciones-pero-en-el-gobierno-se-reabre-el-debate-sobre-su-nid02102025\/\">Fuente de la nota <\/a><\/p>\n","protected":false},"excerpt":{"rendered":"<p>La decisi\u00f3n de Javier Milei de respaldar a Jos\u00e9 Luis Espert y sostenerlo como primer candidato a diputado nacional en Buenos Aires frente a la denuncia por su v\u00ednculo con Federico \u201cFred\u201d Machado, acusado de narcotr\u00e1fico, provoca una gran preocupaci\u00f3n en la Casa Rosada, cuando faltan casi tres semanas para las legislativas nacionales. Luego de [&hellip;]<\/p>\n","protected":false},"author":5,"featured_media":45821,"comment_status":"closed","ping_status":"open","sticky":false,"template":"","format":"standard","meta":{"footnotes":""},"categories":[3],"tags":[],"class_list":{"0":"post-45820","1":"post","2":"type-post","3":"status-publish","4":"format-standard","5":"has-post-thumbnail","7":"category-politica"},"yoast_head":"<!-- This site is optimized with the Yoast SEO plugin v27.5 - https:\/\/yoast.com\/product\/yoast-seo-wordpress\/ -->\n<title>Espert sale a defenderse, pero en el Gobierno se reabre el debate sobre su candidatura - El Diario de Tucuman<\/title>\n<meta name=\"robots\" content=\"index, follow, max-snippet:-1, max-image-preview:large, max-video-preview:-1\" \/>\n<link rel=\"canonical\" href=\"https:\/\/www.eldiariodetucuman.com\/web\/espert-sale-a-defenderse-pero-en-el-gobierno-se-reabre-el-debate-sobre-su-candidatura\/\" \/>\n<meta property=\"og:locale\" content=\"es_ES\" \/>\n<meta property=\"og:type\" content=\"article\" \/>\n<meta property=\"og:title\" content=\"Espert sale a defenderse, pero en el Gobierno se reabre el debate sobre su candidatura - El Diario de Tucuman\" \/>\n<meta property=\"og:description\" content=\"La decisi\u00f3n de Javier Milei de respaldar a Jos\u00e9 Luis Espert y sostenerlo como primer candidato a diputado nacional en Buenos Aires frente a la denuncia por su v\u00ednculo con Federico \u201cFred\u201d Machado, acusado de narcotr\u00e1fico, provoca una gran preocupaci\u00f3n en la Casa Rosada, cuando faltan casi tres semanas para las legislativas nacionales. Luego de [&hellip;]\" \/>\n<meta property=\"og:url\" content=\"https:\/\/www.eldiariodetucuman.com\/web\/espert-sale-a-defenderse-pero-en-el-gobierno-se-reabre-el-debate-sobre-su-candidatura\/\" \/>\n<meta property=\"og:site_name\" content=\"El Diario de Tucuman\" \/>\n<meta property=\"article:published_time\" content=\"2025-10-03T02:19:24+00:00\" \/>\n<meta property=\"article:modified_time\" content=\"2025-10-03T02:19:28+00:00\" \/>\n<meta property=\"og:image\" content=\"https:\/\/www.eldiariodetucuman.com\/web\/wp-content\/uploads\/2025\/10\/espert-junto-a-milei-y-su-hermana-karina-en-la-NR24E35BABEBROJKTQUIDESE7I.jpg\" \/>\n\t<meta property=\"og:image:width\" content=\"1200\" \/>\n\t<meta property=\"og:image:height\" content=\"799\" \/>\n\t<meta property=\"og:image:type\" content=\"image\/jpeg\" \/>\n<meta name=\"author\" content=\"Redactor Uno\" \/>\n<meta name=\"twitter:card\" content=\"summary_large_image\" \/>\n<meta name=\"twitter:label1\" content=\"Escrito por\" \/>\n\t<meta name=\"twitter:data1\" content=\"Redactor Uno\" \/>\n\t<meta name=\"twitter:label2\" content=\"Tiempo de lectura\" \/>\n\t<meta name=\"twitter:data2\" content=\"5 minutos\" \/>\n<script type=\"application\/ld+json\" class=\"yoast-schema-graph\">{\"@context\":\"https:\\\/\\\/schema.org\",\"@graph\":[{\"@type\":\"Article\",\"@id\":\"https:\\\/\\\/www.eldiariodetucuman.com\\\/web\\\/espert-sale-a-defenderse-pero-en-el-gobierno-se-reabre-el-debate-sobre-su-candidatura\\\/#article\",\"isPartOf\":{\"@id\":\"https:\\\/\\\/www.eldiariodetucuman.com\\\/web\\\/espert-sale-a-defenderse-pero-en-el-gobierno-se-reabre-el-debate-sobre-su-candidatura\\\/\"},\"author\":{\"name\":\"Redactor Uno\",\"@id\":\"https:\\\/\\\/www.eldiariodetucuman.com\\\/web\\\/#\\\/schema\\\/person\\\/7e6644a46e60888f6b868594407e08dd\"},\"headline\":\"Espert sale a defenderse, pero en el Gobierno se reabre el debate sobre su candidatura\",\"datePublished\":\"2025-10-03T02:19:24+00:00\",\"dateModified\":\"2025-10-03T02:19:28+00:00\",\"mainEntityOfPage\":{\"@id\":\"https:\\\/\\\/www.eldiariodetucuman.com\\\/web\\\/espert-sale-a-defenderse-pero-en-el-gobierno-se-reabre-el-debate-sobre-su-candidatura\\\/\"},\"wordCount\":988,\"publisher\":{\"@id\":\"https:\\\/\\\/www.eldiariodetucuman.com\\\/web\\\/#organization\"},\"image\":{\"@id\":\"https:\\\/\\\/www.eldiariodetucuman.com\\\/web\\\/espert-sale-a-defenderse-pero-en-el-gobierno-se-reabre-el-debate-sobre-su-candidatura\\\/#primaryimage\"},\"thumbnailUrl\":\"https:\\\/\\\/www.eldiariodetucuman.com\\\/web\\\/wp-content\\\/uploads\\\/2025\\\/10\\\/espert-junto-a-milei-y-su-hermana-karina-en-la-NR24E35BABEBROJKTQUIDESE7I.jpg\",\"articleSection\":[\"Politica\"],\"inLanguage\":\"es\"},{\"@type\":\"WebPage\",\"@id\":\"https:\\\/\\\/www.eldiariodetucuman.com\\\/web\\\/espert-sale-a-defenderse-pero-en-el-gobierno-se-reabre-el-debate-sobre-su-candidatura\\\/\",\"url\":\"https:\\\/\\\/www.eldiariodetucuman.com\\\/web\\\/espert-sale-a-defenderse-pero-en-el-gobierno-se-reabre-el-debate-sobre-su-candidatura\\\/\",\"name\":\"Espert sale a defenderse, pero en el Gobierno se reabre el debate sobre su candidatura - El Diario de Tucuman\",\"isPartOf\":{\"@id\":\"https:\\\/\\\/www.eldiariodetucuman.com\\\/web\\\/#website\"},\"primaryImageOfPage\":{\"@id\":\"https:\\\/\\\/www.eldiariodetucuman.com\\\/web\\\/espert-sale-a-defenderse-pero-en-el-gobierno-se-reabre-el-debate-sobre-su-candidatura\\\/#primaryimage\"},\"image\":{\"@id\":\"https:\\\/\\\/www.eldiariodetucuman.com\\\/web\\\/espert-sale-a-defenderse-pero-en-el-gobierno-se-reabre-el-debate-sobre-su-candidatura\\\/#primaryimage\"},\"thumbnailUrl\":\"https:\\\/\\\/www.eldiariodetucuman.com\\\/web\\\/wp-content\\\/uploads\\\/2025\\\/10\\\/espert-junto-a-milei-y-su-hermana-karina-en-la-NR24E35BABEBROJKTQUIDESE7I.jpg\",\"datePublished\":\"2025-10-03T02:19:24+00:00\",\"dateModified\":\"2025-10-03T02:19:28+00:00\",\"breadcrumb\":{\"@id\":\"https:\\\/\\\/www.eldiariodetucuman.com\\\/web\\\/espert-sale-a-defenderse-pero-en-el-gobierno-se-reabre-el-debate-sobre-su-candidatura\\\/#breadcrumb\"},\"inLanguage\":\"es\",\"potentialAction\":[{\"@type\":\"ReadAction\",\"target\":[\"https:\\\/\\\/www.eldiariodetucuman.com\\\/web\\\/espert-sale-a-defenderse-pero-en-el-gobierno-se-reabre-el-debate-sobre-su-candidatura\\\/\"]}]},{\"@type\":\"ImageObject\",\"inLanguage\":\"es\",\"@id\":\"https:\\\/\\\/www.eldiariodetucuman.com\\\/web\\\/espert-sale-a-defenderse-pero-en-el-gobierno-se-reabre-el-debate-sobre-su-candidatura\\\/#primaryimage\",\"url\":\"https:\\\/\\\/www.eldiariodetucuman.com\\\/web\\\/wp-content\\\/uploads\\\/2025\\\/10\\\/espert-junto-a-milei-y-su-hermana-karina-en-la-NR24E35BABEBROJKTQUIDESE7I.jpg\",\"contentUrl\":\"https:\\\/\\\/www.eldiariodetucuman.com\\\/web\\\/wp-content\\\/uploads\\\/2025\\\/10\\\/espert-junto-a-milei-y-su-hermana-karina-en-la-NR24E35BABEBROJKTQUIDESE7I.jpg\",\"width\":1200,\"height\":799},{\"@type\":\"BreadcrumbList\",\"@id\":\"https:\\\/\\\/www.eldiariodetucuman.com\\\/web\\\/espert-sale-a-defenderse-pero-en-el-gobierno-se-reabre-el-debate-sobre-su-candidatura\\\/#breadcrumb\",\"itemListElement\":[{\"@type\":\"ListItem\",\"position\":1,\"name\":\"Portada\",\"item\":\"https:\\\/\\\/www.eldiariodetucuman.com\\\/web\\\/\"},{\"@type\":\"ListItem\",\"position\":2,\"name\":\"Espert sale a defenderse, pero en el Gobierno se reabre el debate sobre su candidatura\"}]},{\"@type\":\"WebSite\",\"@id\":\"https:\\\/\\\/www.eldiariodetucuman.com\\\/web\\\/#website\",\"url\":\"https:\\\/\\\/www.eldiariodetucuman.com\\\/web\\\/\",\"name\":\"El Diario de Tucuman\",\"description\":\"Diario Tucuman - Informaci\u00f3n y noticias\",\"publisher\":{\"@id\":\"https:\\\/\\\/www.eldiariodetucuman.com\\\/web\\\/#organization\"},\"potentialAction\":[{\"@type\":\"SearchAction\",\"target\":{\"@type\":\"EntryPoint\",\"urlTemplate\":\"https:\\\/\\\/www.eldiariodetucuman.com\\\/web\\\/?s={search_term_string}\"},\"query-input\":{\"@type\":\"PropertyValueSpecification\",\"valueRequired\":true,\"valueName\":\"search_term_string\"}}],\"inLanguage\":\"es\"},{\"@type\":\"Organization\",\"@id\":\"https:\\\/\\\/www.eldiariodetucuman.com\\\/web\\\/#organization\",\"name\":\"El Diario de Tucuman\",\"url\":\"https:\\\/\\\/www.eldiariodetucuman.com\\\/web\\\/\",\"logo\":{\"@type\":\"ImageObject\",\"inLanguage\":\"es\",\"@id\":\"https:\\\/\\\/www.eldiariodetucuman.com\\\/web\\\/#\\\/schema\\\/logo\\\/image\\\/\",\"url\":\"http:\\\/\\\/www.eldiariodetucuman.com\\\/web\\\/wp-content\\\/uploads\\\/2017\\\/12\\\/el-diario-de-tucuman.jpg\",\"contentUrl\":\"http:\\\/\\\/www.eldiariodetucuman.com\\\/web\\\/wp-content\\\/uploads\\\/2017\\\/12\\\/el-diario-de-tucuman.jpg\",\"width\":272,\"height\":92,\"caption\":\"El Diario de Tucuman\"},\"image\":{\"@id\":\"https:\\\/\\\/www.eldiariodetucuman.com\\\/web\\\/#\\\/schema\\\/logo\\\/image\\\/\"}},{\"@type\":\"Person\",\"@id\":\"https:\\\/\\\/www.eldiariodetucuman.com\\\/web\\\/#\\\/schema\\\/person\\\/7e6644a46e60888f6b868594407e08dd\",\"name\":\"Redactor Uno\",\"image\":{\"@type\":\"ImageObject\",\"inLanguage\":\"es\",\"@id\":\"https:\\\/\\\/secure.gravatar.com\\\/avatar\\\/0049b1bdf1bd548385c9ea6b9356431717930913089febd2ba904f0187d7d074?s=96&d=mm&r=g\",\"url\":\"https:\\\/\\\/secure.gravatar.com\\\/avatar\\\/0049b1bdf1bd548385c9ea6b9356431717930913089febd2ba904f0187d7d074?s=96&d=mm&r=g\",\"contentUrl\":\"https:\\\/\\\/secure.gravatar.com\\\/avatar\\\/0049b1bdf1bd548385c9ea6b9356431717930913089febd2ba904f0187d7d074?s=96&d=mm&r=g\",\"caption\":\"Redactor Uno\"},\"url\":\"https:\\\/\\\/www.eldiariodetucuman.com\\\/web\\\/author\\\/mramasco\\\/\"}]}<\/script>\n<!-- \/ Yoast SEO plugin. -->","yoast_head_json":{"title":"Espert sale a defenderse, pero en el Gobierno se reabre el debate sobre su candidatura - El Diario de Tucuman","robots":{"index":"index","follow":"follow","max-snippet":"max-snippet:-1","max-image-preview":"max-image-preview:large","max-video-preview":"max-video-preview:-1"},"canonical":"https:\/\/www.eldiariodetucuman.com\/web\/espert-sale-a-defenderse-pero-en-el-gobierno-se-reabre-el-debate-sobre-su-candidatura\/","og_locale":"es_ES","og_type":"article","og_title":"Espert sale a defenderse, pero en el Gobierno se reabre el debate sobre su candidatura - El Diario de Tucuman","og_description":"La decisi\u00f3n de Javier Milei de respaldar a Jos\u00e9 Luis Espert y sostenerlo como primer candidato a diputado nacional en Buenos Aires frente a la denuncia por su v\u00ednculo con Federico \u201cFred\u201d Machado, acusado de narcotr\u00e1fico, provoca una gran preocupaci\u00f3n en la Casa Rosada, cuando faltan casi tres semanas para las legislativas nacionales. Luego de [&hellip;]","og_url":"https:\/\/www.eldiariodetucuman.com\/web\/espert-sale-a-defenderse-pero-en-el-gobierno-se-reabre-el-debate-sobre-su-candidatura\/","og_site_name":"El Diario de Tucuman","article_published_time":"2025-10-03T02:19:24+00:00","article_modified_time":"2025-10-03T02:19:28+00:00","og_image":[{"width":1200,"height":799,"url":"https:\/\/www.eldiariodetucuman.com\/web\/wp-content\/uploads\/2025\/10\/espert-junto-a-milei-y-su-hermana-karina-en-la-NR24E35BABEBROJKTQUIDESE7I.jpg","type":"image\/jpeg"}],"author":"Redactor Uno","twitter_card":"summary_large_image","twitter_misc":{"Escrito por":"Redactor Uno","Tiempo de lectura":"5 minutos"},"schema":{"@context":"https:\/\/schema.org","@graph":[{"@type":"Article","@id":"https:\/\/www.eldiariodetucuman.com\/web\/espert-sale-a-defenderse-pero-en-el-gobierno-se-reabre-el-debate-sobre-su-candidatura\/#article","isPartOf":{"@id":"https:\/\/www.eldiariodetucuman.com\/web\/espert-sale-a-defenderse-pero-en-el-gobierno-se-reabre-el-debate-sobre-su-candidatura\/"},"author":{"name":"Redactor Uno","@id":"https:\/\/www.eldiariodetucuman.com\/web\/#\/schema\/person\/7e6644a46e60888f6b868594407e08dd"},"headline":"Espert sale a defenderse, pero en el Gobierno se reabre el debate sobre su candidatura","datePublished":"2025-10-03T02:19:24+00:00","dateModified":"2025-10-03T02:19:28+00:00","mainEntityOfPage":{"@id":"https:\/\/www.eldiariodetucuman.com\/web\/espert-sale-a-defenderse-pero-en-el-gobierno-se-reabre-el-debate-sobre-su-candidatura\/"},"wordCount":988,"publisher":{"@id":"https:\/\/www.eldiariodetucuman.com\/web\/#organization"},"image":{"@id":"https:\/\/www.eldiariodetucuman.com\/web\/espert-sale-a-defenderse-pero-en-el-gobierno-se-reabre-el-debate-sobre-su-candidatura\/#primaryimage"},"thumbnailUrl":"https:\/\/www.eldiariodetucuman.com\/web\/wp-content\/uploads\/2025\/10\/espert-junto-a-milei-y-su-hermana-karina-en-la-NR24E35BABEBROJKTQUIDESE7I.jpg","articleSection":["Politica"],"inLanguage":"es"},{"@type":"WebPage","@id":"https:\/\/www.eldiariodetucuman.com\/web\/espert-sale-a-defenderse-pero-en-el-gobierno-se-reabre-el-debate-sobre-su-candidatura\/","url":"https:\/\/www.eldiariodetucuman.com\/web\/espert-sale-a-defenderse-pero-en-el-gobierno-se-reabre-el-debate-sobre-su-candidatura\/","name":"Espert sale a defenderse, pero en el Gobierno se reabre el debate sobre su candidatura - El Diario de Tucuman","isPartOf":{"@id":"https:\/\/www.eldiariodetucuman.com\/web\/#website"},"primaryImageOfPage":{"@id":"https:\/\/www.eldiariodetucuman.com\/web\/espert-sale-a-defenderse-pero-en-el-gobierno-se-reabre-el-debate-sobre-su-candidatura\/#primaryimage"},"image":{"@id":"https:\/\/www.eldiariodetucuman.com\/web\/espert-sale-a-defenderse-pero-en-el-gobierno-se-reabre-el-debate-sobre-su-candidatura\/#primaryimage"},"thumbnailUrl":"https:\/\/www.eldiariodetucuman.com\/web\/wp-content\/uploads\/2025\/10\/espert-junto-a-milei-y-su-hermana-karina-en-la-NR24E35BABEBROJKTQUIDESE7I.jpg","datePublished":"2025-10-03T02:19:24+00:00","dateModified":"2025-10-03T02:19:28+00:00","breadcrumb":{"@id":"https:\/\/www.eldiariodetucuman.com\/web\/espert-sale-a-defenderse-pero-en-el-gobierno-se-reabre-el-debate-sobre-su-candidatura\/#breadcrumb"},"inLanguage":"es","potentialAction":[{"@type":"ReadAction","target":["https:\/\/www.eldiariodetucuman.com\/web\/espert-sale-a-defenderse-pero-en-el-gobierno-se-reabre-el-debate-sobre-su-candidatura\/"]}]},{"@type":"ImageObject","inLanguage":"es","@id":"https:\/\/www.eldiariodetucuman.com\/web\/espert-sale-a-defenderse-pero-en-el-gobierno-se-reabre-el-debate-sobre-su-candidatura\/#primaryimage","url":"https:\/\/www.eldiariodetucuman.com\/web\/wp-content\/uploads\/2025\/10\/espert-junto-a-milei-y-su-hermana-karina-en-la-NR24E35BABEBROJKTQUIDESE7I.jpg","contentUrl":"https:\/\/www.eldiariodetucuman.com\/web\/wp-content\/uploads\/2025\/10\/espert-junto-a-milei-y-su-hermana-karina-en-la-NR24E35BABEBROJKTQUIDESE7I.jpg","width":1200,"height":799},{"@type":"BreadcrumbList","@id":"https:\/\/www.eldiariodetucuman.com\/web\/espert-sale-a-defenderse-pero-en-el-gobierno-se-reabre-el-debate-sobre-su-candidatura\/#breadcrumb","itemListElement":[{"@type":"ListItem","position":1,"name":"Portada","item":"https:\/\/www.eldiariodetucuman.com\/web\/"},{"@type":"ListItem","position":2,"name":"Espert sale a defenderse, pero en el Gobierno se reabre el debate sobre su candidatura"}]},{"@type":"WebSite","@id":"https:\/\/www.eldiariodetucuman.com\/web\/#website","url":"https:\/\/www.eldiariodetucuman.com\/web\/","name":"El Diario de Tucuman","description":"Diario Tucuman - Informaci\u00f3n y noticias","publisher":{"@id":"https:\/\/www.eldiariodetucuman.com\/web\/#organization"},"potentialAction":[{"@type":"SearchAction","target":{"@type":"EntryPoint","urlTemplate":"https:\/\/www.eldiariodetucuman.com\/web\/?s={search_term_string}"},"query-input":{"@type":"PropertyValueSpecification","valueRequired":true,"valueName":"search_term_string"}}],"inLanguage":"es"},{"@type":"Organization","@id":"https:\/\/www.eldiariodetucuman.com\/web\/#organization","name":"El Diario de Tucuman","url":"https:\/\/www.eldiariodetucuman.com\/web\/","logo":{"@type":"ImageObject","inLanguage":"es","@id":"https:\/\/www.eldiariodetucuman.com\/web\/#\/schema\/logo\/image\/","url":"http:\/\/www.eldiariodetucuman.com\/web\/wp-content\/uploads\/2017\/12\/el-diario-de-tucuman.jpg","contentUrl":"http:\/\/www.eldiariodetucuman.com\/web\/wp-content\/uploads\/2017\/12\/el-diario-de-tucuman.jpg","width":272,"height":92,"caption":"El Diario de Tucuman"},"image":{"@id":"https:\/\/www.eldiariodetucuman.com\/web\/#\/schema\/logo\/image\/"}},{"@type":"Person","@id":"https:\/\/www.eldiariodetucuman.com\/web\/#\/schema\/person\/7e6644a46e60888f6b868594407e08dd","name":"Redactor Uno","image":{"@type":"ImageObject","inLanguage":"es","@id":"https:\/\/secure.gravatar.com\/avatar\/0049b1bdf1bd548385c9ea6b9356431717930913089febd2ba904f0187d7d074?s=96&d=mm&r=g","url":"https:\/\/secure.gravatar.com\/avatar\/0049b1bdf1bd548385c9ea6b9356431717930913089febd2ba904f0187d7d074?s=96&d=mm&r=g","contentUrl":"https:\/\/secure.gravatar.com\/avatar\/0049b1bdf1bd548385c9ea6b9356431717930913089febd2ba904f0187d7d074?s=96&d=mm&r=g","caption":"Redactor Uno"},"url":"https:\/\/www.eldiariodetucuman.com\/web\/author\/mramasco\/"}]}},"_links":{"self":[{"href":"https:\/\/www.eldiariodetucuman.com\/web\/wp-json\/wp\/v2\/posts\/45820","targetHints":{"allow":["GET"]}}],"collection":[{"href":"https:\/\/www.eldiariodetucuman.com\/web\/wp-json\/wp\/v2\/posts"}],"about":[{"href":"https:\/\/www.eldiariodetucuman.com\/web\/wp-json\/wp\/v2\/types\/post"}],"author":[{"embeddable":true,"href":"https:\/\/www.eldiariodetucuman.com\/web\/wp-json\/wp\/v2\/users\/5"}],"replies":[{"embeddable":true,"href":"https:\/\/www.eldiariodetucuman.com\/web\/wp-json\/wp\/v2\/comments?post=45820"}],"version-history":[{"count":1,"href":"https:\/\/www.eldiariodetucuman.com\/web\/wp-json\/wp\/v2\/posts\/45820\/revisions"}],"predecessor-version":[{"id":45822,"href":"https:\/\/www.eldiariodetucuman.com\/web\/wp-json\/wp\/v2\/posts\/45820\/revisions\/45822"}],"wp:featuredmedia":[{"embeddable":true,"href":"https:\/\/www.eldiariodetucuman.com\/web\/wp-json\/wp\/v2\/media\/45821"}],"wp:attachment":[{"href":"https:\/\/www.eldiariodetucuman.com\/web\/wp-json\/wp\/v2\/media?parent=45820"}],"wp:term":[{"taxonomy":"category","embeddable":true,"href":"https:\/\/www.eldiariodetucuman.com\/web\/wp-json\/wp\/v2\/categories?post=45820"},{"taxonomy":"post_tag","embeddable":true,"href":"https:\/\/www.eldiariodetucuman.com\/web\/wp-json\/wp\/v2\/tags?post=45820"}],"curies":[{"name":"wp","href":"https:\/\/api.w.org\/{rel}","templated":true}]}}