{"id":45816,"date":"2025-10-02T17:47:38","date_gmt":"2025-10-02T20:47:38","guid":{"rendered":"https:\/\/www.eldiariodetucuman.com\/web\/san-miguel-va-a-ser-un-partido-complicado\/"},"modified":"2025-10-02T17:47:38","modified_gmt":"2025-10-02T20:47:38","slug":"san-miguel-va-a-ser-un-partido-complicado","status":"publish","type":"post","link":"https:\/\/www.eldiariodetucuman.com\/web\/san-miguel-va-a-ser-un-partido-complicado\/","title":{"rendered":"San Miguel va a ser un partido complicado"},"content":{"rendered":"<p>    <\/p>\n<p>San Mart\u00edn no podr\u00e1 contar con Mart\u00edn Pino que cuenta con una molestia, Mauro Osores que sufri\u00f3 un peque\u00f1o desgarro y Federico Murillo que est\u00e1 m\u00e1s adentro que afuera.<\/p>\n<p>Una de las inc\u00f3gnitas es que pasar\u00e1 con Mat\u00edas Garc\u00eda. El volante central tiene nueve amarillas y si ve la tarjeta el s\u00e1bado ser\u00e1 suspendido dos jornadas. El DT opin\u00f3 lo siguiente: \u00abLo necesitamos, sabiendo que tiene ocho amarillas, no, nueve amarillas tiene, as\u00ed que tratar de ver, todav\u00eda tenemos tiempo, todav\u00eda no sabemos si va a jugar Mat\u00edas, si va a jugar Gustavo, si va a jugar Vera, ah\u00ed estamos buscando, tambi\u00e9n pensando en el rival que el \u00faltimo partido jug\u00f3 con una l\u00ednea de cinco y con tres volantes, ver qu\u00e9 es lo mejor para llegar all\u00e1 a San Miguel y tratar de lastimar\u00bb.<\/p>\n<p>\u00abEllos tambi\u00e9n tienen la chance hasta de quedar sextos, porque no est\u00e1n clasificados todav\u00eda entre los cuatro mejores, as\u00ed que tanto ellos como nosotros tenemos que ganar para meternos entre los cuatro, como dec\u00eda vos, tiene un gran plantel, tiene un entrenador que ya conoce y ya trabaj\u00f3 en el club, as\u00ed que va a ser un partido complicado, un partido duro, pero bueno, tenemos que tratar de ir a buscar los tres puntos, porque nos va a acomodar para tener la tranquilidad de estar entre los cuatro mejores\u00bb, concluy\u00f3 el entrenador del \u00abSanto\u00bb.<\/p>\n<p>Fuente: <a href=\"https:\/\/www.lv12.com.ar\/mariano-campodonico\/mariano-campodonico-san-miguel-va-ser-un-partido-complicado-n186639\"> Fuente de la nota <\/a><\/p>\n","protected":false},"excerpt":{"rendered":"<p>San Mart\u00edn no podr\u00e1 contar con Mart\u00edn Pino que cuenta con una molestia, Mauro Osores que sufri\u00f3 un peque\u00f1o desgarro y Federico Murillo que est\u00e1 m\u00e1s adentro que afuera. Una de las inc\u00f3gnitas es que pasar\u00e1 con Mat\u00edas Garc\u00eda. El volante central tiene nueve amarillas y si ve la tarjeta el s\u00e1bado ser\u00e1 suspendido dos [&hellip;]<\/p>\n","protected":false},"author":1,"featured_media":45817,"comment_status":"closed","ping_status":"open","sticky":false,"template":"","format":"standard","meta":{"footnotes":""},"categories":[6],"tags":[],"class_list":{"0":"post-45816","1":"post","2":"type-post","3":"status-publish","4":"format-standard","5":"has-post-thumbnail","7":"category-deporte"},"yoast_head":"<!-- This site is optimized with the Yoast SEO plugin v27.5 - https:\/\/yoast.com\/product\/yoast-seo-wordpress\/ -->\n<title>San Miguel va a ser un partido complicado - El Diario de Tucuman<\/title>\n<meta name=\"robots\" content=\"index, follow, max-snippet:-1, max-image-preview:large, max-video-preview:-1\" \/>\n<link rel=\"canonical\" href=\"https:\/\/www.eldiariodetucuman.com\/web\/san-miguel-va-a-ser-un-partido-complicado\/\" \/>\n<meta property=\"og:locale\" content=\"es_ES\" \/>\n<meta property=\"og:type\" content=\"article\" \/>\n<meta property=\"og:title\" content=\"San Miguel va a ser un partido complicado - El Diario de Tucuman\" \/>\n<meta property=\"og:description\" content=\"San Mart\u00edn no podr\u00e1 contar con Mart\u00edn Pino que cuenta con una molestia, Mauro Osores que sufri\u00f3 un peque\u00f1o desgarro y Federico Murillo que est\u00e1 m\u00e1s adentro que afuera. Una de las inc\u00f3gnitas es que pasar\u00e1 con Mat\u00edas Garc\u00eda. El volante central tiene nueve amarillas y si ve la tarjeta el s\u00e1bado ser\u00e1 suspendido dos [&hellip;]\" \/>\n<meta property=\"og:url\" content=\"https:\/\/www.eldiariodetucuman.com\/web\/san-miguel-va-a-ser-un-partido-complicado\/\" \/>\n<meta property=\"og:site_name\" content=\"El Diario de Tucuman\" \/>\n<meta property=\"article:published_time\" content=\"2025-10-02T20:47:38+00:00\" \/>\n<meta name=\"author\" content=\"admin\" \/>\n<meta name=\"twitter:card\" content=\"summary_large_image\" \/>\n<meta name=\"twitter:label1\" content=\"Escrito por\" \/>\n\t<meta name=\"twitter:data1\" content=\"admin\" \/>\n\t<meta name=\"twitter:label2\" content=\"Tiempo de lectura\" \/>\n\t<meta name=\"twitter:data2\" content=\"1 minuto\" \/>\n<script type=\"application\/ld+json\" class=\"yoast-schema-graph\">{\"@context\":\"https:\\\/\\\/schema.org\",\"@graph\":[{\"@type\":\"Article\",\"@id\":\"https:\\\/\\\/www.eldiariodetucuman.com\\\/web\\\/san-miguel-va-a-ser-un-partido-complicado\\\/#article\",\"isPartOf\":{\"@id\":\"https:\\\/\\\/www.eldiariodetucuman.com\\\/web\\\/san-miguel-va-a-ser-un-partido-complicado\\\/\"},\"author\":{\"name\":\"admin\",\"@id\":\"https:\\\/\\\/www.eldiariodetucuman.com\\\/web\\\/#\\\/schema\\\/person\\\/9250197d75ab5483412e19678b121caa\"},\"headline\":\"San Miguel va a ser un partido complicado\",\"datePublished\":\"2025-10-02T20:47:38+00:00\",\"mainEntityOfPage\":{\"@id\":\"https:\\\/\\\/www.eldiariodetucuman.com\\\/web\\\/san-miguel-va-a-ser-un-partido-complicado\\\/\"},\"wordCount\":259,\"publisher\":{\"@id\":\"https:\\\/\\\/www.eldiariodetucuman.com\\\/web\\\/#organization\"},\"image\":{\"@id\":\"https:\\\/\\\/www.eldiariodetucuman.com\\\/web\\\/san-miguel-va-a-ser-un-partido-complicado\\\/#primaryimage\"},\"thumbnailUrl\":\"https:\\\/\\\/www.eldiariodetucuman.com\\\/web\\\/wp-content\\\/uploads\\\/2025\\\/10\\\/San-Miguel-va-a-ser-un-partido-complicado.jpg\",\"articleSection\":[\"Deporte\"],\"inLanguage\":\"es\"},{\"@type\":\"WebPage\",\"@id\":\"https:\\\/\\\/www.eldiariodetucuman.com\\\/web\\\/san-miguel-va-a-ser-un-partido-complicado\\\/\",\"url\":\"https:\\\/\\\/www.eldiariodetucuman.com\\\/web\\\/san-miguel-va-a-ser-un-partido-complicado\\\/\",\"name\":\"San Miguel va a ser un partido complicado - El Diario de Tucuman\",\"isPartOf\":{\"@id\":\"https:\\\/\\\/www.eldiariodetucuman.com\\\/web\\\/#website\"},\"primaryImageOfPage\":{\"@id\":\"https:\\\/\\\/www.eldiariodetucuman.com\\\/web\\\/san-miguel-va-a-ser-un-partido-complicado\\\/#primaryimage\"},\"image\":{\"@id\":\"https:\\\/\\\/www.eldiariodetucuman.com\\\/web\\\/san-miguel-va-a-ser-un-partido-complicado\\\/#primaryimage\"},\"thumbnailUrl\":\"https:\\\/\\\/www.eldiariodetucuman.com\\\/web\\\/wp-content\\\/uploads\\\/2025\\\/10\\\/San-Miguel-va-a-ser-un-partido-complicado.jpg\",\"datePublished\":\"2025-10-02T20:47:38+00:00\",\"breadcrumb\":{\"@id\":\"https:\\\/\\\/www.eldiariodetucuman.com\\\/web\\\/san-miguel-va-a-ser-un-partido-complicado\\\/#breadcrumb\"},\"inLanguage\":\"es\",\"potentialAction\":[{\"@type\":\"ReadAction\",\"target\":[\"https:\\\/\\\/www.eldiariodetucuman.com\\\/web\\\/san-miguel-va-a-ser-un-partido-complicado\\\/\"]}]},{\"@type\":\"ImageObject\",\"inLanguage\":\"es\",\"@id\":\"https:\\\/\\\/www.eldiariodetucuman.com\\\/web\\\/san-miguel-va-a-ser-un-partido-complicado\\\/#primaryimage\",\"url\":\"https:\\\/\\\/www.eldiariodetucuman.com\\\/web\\\/wp-content\\\/uploads\\\/2025\\\/10\\\/San-Miguel-va-a-ser-un-partido-complicado.jpg\",\"contentUrl\":\"https:\\\/\\\/www.eldiariodetucuman.com\\\/web\\\/wp-content\\\/uploads\\\/2025\\\/10\\\/San-Miguel-va-a-ser-un-partido-complicado.jpg\",\"width\":1200,\"height\":675},{\"@type\":\"BreadcrumbList\",\"@id\":\"https:\\\/\\\/www.eldiariodetucuman.com\\\/web\\\/san-miguel-va-a-ser-un-partido-complicado\\\/#breadcrumb\",\"itemListElement\":[{\"@type\":\"ListItem\",\"position\":1,\"name\":\"Portada\",\"item\":\"https:\\\/\\\/www.eldiariodetucuman.com\\\/web\\\/\"},{\"@type\":\"ListItem\",\"position\":2,\"name\":\"San Miguel va a ser un partido complicado\"}]},{\"@type\":\"WebSite\",\"@id\":\"https:\\\/\\\/www.eldiariodetucuman.com\\\/web\\\/#website\",\"url\":\"https:\\\/\\\/www.eldiariodetucuman.com\\\/web\\\/\",\"name\":\"El Diario de Tucuman\",\"description\":\"Diario Tucuman - Informaci\u00f3n y noticias\",\"publisher\":{\"@id\":\"https:\\\/\\\/www.eldiariodetucuman.com\\\/web\\\/#organization\"},\"potentialAction\":[{\"@type\":\"SearchAction\",\"target\":{\"@type\":\"EntryPoint\",\"urlTemplate\":\"https:\\\/\\\/www.eldiariodetucuman.com\\\/web\\\/?s={search_term_string}\"},\"query-input\":{\"@type\":\"PropertyValueSpecification\",\"valueRequired\":true,\"valueName\":\"search_term_string\"}}],\"inLanguage\":\"es\"},{\"@type\":\"Organization\",\"@id\":\"https:\\\/\\\/www.eldiariodetucuman.com\\\/web\\\/#organization\",\"name\":\"El Diario de Tucuman\",\"url\":\"https:\\\/\\\/www.eldiariodetucuman.com\\\/web\\\/\",\"logo\":{\"@type\":\"ImageObject\",\"inLanguage\":\"es\",\"@id\":\"https:\\\/\\\/www.eldiariodetucuman.com\\\/web\\\/#\\\/schema\\\/logo\\\/image\\\/\",\"url\":\"http:\\\/\\\/www.eldiariodetucuman.com\\\/web\\\/wp-content\\\/uploads\\\/2017\\\/12\\\/el-diario-de-tucuman.jpg\",\"contentUrl\":\"http:\\\/\\\/www.eldiariodetucuman.com\\\/web\\\/wp-content\\\/uploads\\\/2017\\\/12\\\/el-diario-de-tucuman.jpg\",\"width\":272,\"height\":92,\"caption\":\"El Diario de Tucuman\"},\"image\":{\"@id\":\"https:\\\/\\\/www.eldiariodetucuman.com\\\/web\\\/#\\\/schema\\\/logo\\\/image\\\/\"}},{\"@type\":\"Person\",\"@id\":\"https:\\\/\\\/www.eldiariodetucuman.com\\\/web\\\/#\\\/schema\\\/person\\\/9250197d75ab5483412e19678b121caa\",\"name\":\"admin\",\"image\":{\"@type\":\"ImageObject\",\"inLanguage\":\"es\",\"@id\":\"https:\\\/\\\/secure.gravatar.com\\\/avatar\\\/c44d117c2be811212c22cb481f6b8384b6873de103fbc49e7a03cc58d7dea4ac?s=96&d=mm&r=g\",\"url\":\"https:\\\/\\\/secure.gravatar.com\\\/avatar\\\/c44d117c2be811212c22cb481f6b8384b6873de103fbc49e7a03cc58d7dea4ac?s=96&d=mm&r=g\",\"contentUrl\":\"https:\\\/\\\/secure.gravatar.com\\\/avatar\\\/c44d117c2be811212c22cb481f6b8384b6873de103fbc49e7a03cc58d7dea4ac?s=96&d=mm&r=g\",\"caption\":\"admin\"},\"url\":\"https:\\\/\\\/www.eldiariodetucuman.com\\\/web\\\/author\\\/admin\\\/\"}]}<\/script>\n<!-- \/ Yoast SEO plugin. -->","yoast_head_json":{"title":"San Miguel va a ser un partido complicado - El Diario de Tucuman","robots":{"index":"index","follow":"follow","max-snippet":"max-snippet:-1","max-image-preview":"max-image-preview:large","max-video-preview":"max-video-preview:-1"},"canonical":"https:\/\/www.eldiariodetucuman.com\/web\/san-miguel-va-a-ser-un-partido-complicado\/","og_locale":"es_ES","og_type":"article","og_title":"San Miguel va a ser un partido complicado - El Diario de Tucuman","og_description":"San Mart\u00edn no podr\u00e1 contar con Mart\u00edn Pino que cuenta con una molestia, Mauro Osores que sufri\u00f3 un peque\u00f1o desgarro y Federico Murillo que est\u00e1 m\u00e1s adentro que afuera. Una de las inc\u00f3gnitas es que pasar\u00e1 con Mat\u00edas Garc\u00eda. El volante central tiene nueve amarillas y si ve la tarjeta el s\u00e1bado ser\u00e1 suspendido dos [&hellip;]","og_url":"https:\/\/www.eldiariodetucuman.com\/web\/san-miguel-va-a-ser-un-partido-complicado\/","og_site_name":"El Diario de Tucuman","article_published_time":"2025-10-02T20:47:38+00:00","author":"admin","twitter_card":"summary_large_image","twitter_misc":{"Escrito por":"admin","Tiempo de lectura":"1 minuto"},"schema":{"@context":"https:\/\/schema.org","@graph":[{"@type":"Article","@id":"https:\/\/www.eldiariodetucuman.com\/web\/san-miguel-va-a-ser-un-partido-complicado\/#article","isPartOf":{"@id":"https:\/\/www.eldiariodetucuman.com\/web\/san-miguel-va-a-ser-un-partido-complicado\/"},"author":{"name":"admin","@id":"https:\/\/www.eldiariodetucuman.com\/web\/#\/schema\/person\/9250197d75ab5483412e19678b121caa"},"headline":"San Miguel va a ser un partido complicado","datePublished":"2025-10-02T20:47:38+00:00","mainEntityOfPage":{"@id":"https:\/\/www.eldiariodetucuman.com\/web\/san-miguel-va-a-ser-un-partido-complicado\/"},"wordCount":259,"publisher":{"@id":"https:\/\/www.eldiariodetucuman.com\/web\/#organization"},"image":{"@id":"https:\/\/www.eldiariodetucuman.com\/web\/san-miguel-va-a-ser-un-partido-complicado\/#primaryimage"},"thumbnailUrl":"https:\/\/www.eldiariodetucuman.com\/web\/wp-content\/uploads\/2025\/10\/San-Miguel-va-a-ser-un-partido-complicado.jpg","articleSection":["Deporte"],"inLanguage":"es"},{"@type":"WebPage","@id":"https:\/\/www.eldiariodetucuman.com\/web\/san-miguel-va-a-ser-un-partido-complicado\/","url":"https:\/\/www.eldiariodetucuman.com\/web\/san-miguel-va-a-ser-un-partido-complicado\/","name":"San Miguel va a ser un partido complicado - El Diario de Tucuman","isPartOf":{"@id":"https:\/\/www.eldiariodetucuman.com\/web\/#website"},"primaryImageOfPage":{"@id":"https:\/\/www.eldiariodetucuman.com\/web\/san-miguel-va-a-ser-un-partido-complicado\/#primaryimage"},"image":{"@id":"https:\/\/www.eldiariodetucuman.com\/web\/san-miguel-va-a-ser-un-partido-complicado\/#primaryimage"},"thumbnailUrl":"https:\/\/www.eldiariodetucuman.com\/web\/wp-content\/uploads\/2025\/10\/San-Miguel-va-a-ser-un-partido-complicado.jpg","datePublished":"2025-10-02T20:47:38+00:00","breadcrumb":{"@id":"https:\/\/www.eldiariodetucuman.com\/web\/san-miguel-va-a-ser-un-partido-complicado\/#breadcrumb"},"inLanguage":"es","potentialAction":[{"@type":"ReadAction","target":["https:\/\/www.eldiariodetucuman.com\/web\/san-miguel-va-a-ser-un-partido-complicado\/"]}]},{"@type":"ImageObject","inLanguage":"es","@id":"https:\/\/www.eldiariodetucuman.com\/web\/san-miguel-va-a-ser-un-partido-complicado\/#primaryimage","url":"https:\/\/www.eldiariodetucuman.com\/web\/wp-content\/uploads\/2025\/10\/San-Miguel-va-a-ser-un-partido-complicado.jpg","contentUrl":"https:\/\/www.eldiariodetucuman.com\/web\/wp-content\/uploads\/2025\/10\/San-Miguel-va-a-ser-un-partido-complicado.jpg","width":1200,"height":675},{"@type":"BreadcrumbList","@id":"https:\/\/www.eldiariodetucuman.com\/web\/san-miguel-va-a-ser-un-partido-complicado\/#breadcrumb","itemListElement":[{"@type":"ListItem","position":1,"name":"Portada","item":"https:\/\/www.eldiariodetucuman.com\/web\/"},{"@type":"ListItem","position":2,"name":"San Miguel va a ser un partido complicado"}]},{"@type":"WebSite","@id":"https:\/\/www.eldiariodetucuman.com\/web\/#website","url":"https:\/\/www.eldiariodetucuman.com\/web\/","name":"El Diario de Tucuman","description":"Diario Tucuman - Informaci\u00f3n y noticias","publisher":{"@id":"https:\/\/www.eldiariodetucuman.com\/web\/#organization"},"potentialAction":[{"@type":"SearchAction","target":{"@type":"EntryPoint","urlTemplate":"https:\/\/www.eldiariodetucuman.com\/web\/?s={search_term_string}"},"query-input":{"@type":"PropertyValueSpecification","valueRequired":true,"valueName":"search_term_string"}}],"inLanguage":"es"},{"@type":"Organization","@id":"https:\/\/www.eldiariodetucuman.com\/web\/#organization","name":"El Diario de Tucuman","url":"https:\/\/www.eldiariodetucuman.com\/web\/","logo":{"@type":"ImageObject","inLanguage":"es","@id":"https:\/\/www.eldiariodetucuman.com\/web\/#\/schema\/logo\/image\/","url":"http:\/\/www.eldiariodetucuman.com\/web\/wp-content\/uploads\/2017\/12\/el-diario-de-tucuman.jpg","contentUrl":"http:\/\/www.eldiariodetucuman.com\/web\/wp-content\/uploads\/2017\/12\/el-diario-de-tucuman.jpg","width":272,"height":92,"caption":"El Diario de Tucuman"},"image":{"@id":"https:\/\/www.eldiariodetucuman.com\/web\/#\/schema\/logo\/image\/"}},{"@type":"Person","@id":"https:\/\/www.eldiariodetucuman.com\/web\/#\/schema\/person\/9250197d75ab5483412e19678b121caa","name":"admin","image":{"@type":"ImageObject","inLanguage":"es","@id":"https:\/\/secure.gravatar.com\/avatar\/c44d117c2be811212c22cb481f6b8384b6873de103fbc49e7a03cc58d7dea4ac?s=96&d=mm&r=g","url":"https:\/\/secure.gravatar.com\/avatar\/c44d117c2be811212c22cb481f6b8384b6873de103fbc49e7a03cc58d7dea4ac?s=96&d=mm&r=g","contentUrl":"https:\/\/secure.gravatar.com\/avatar\/c44d117c2be811212c22cb481f6b8384b6873de103fbc49e7a03cc58d7dea4ac?s=96&d=mm&r=g","caption":"admin"},"url":"https:\/\/www.eldiariodetucuman.com\/web\/author\/admin\/"}]}},"_links":{"self":[{"href":"https:\/\/www.eldiariodetucuman.com\/web\/wp-json\/wp\/v2\/posts\/45816","targetHints":{"allow":["GET"]}}],"collection":[{"href":"https:\/\/www.eldiariodetucuman.com\/web\/wp-json\/wp\/v2\/posts"}],"about":[{"href":"https:\/\/www.eldiariodetucuman.com\/web\/wp-json\/wp\/v2\/types\/post"}],"author":[{"embeddable":true,"href":"https:\/\/www.eldiariodetucuman.com\/web\/wp-json\/wp\/v2\/users\/1"}],"replies":[{"embeddable":true,"href":"https:\/\/www.eldiariodetucuman.com\/web\/wp-json\/wp\/v2\/comments?post=45816"}],"version-history":[{"count":0,"href":"https:\/\/www.eldiariodetucuman.com\/web\/wp-json\/wp\/v2\/posts\/45816\/revisions"}],"wp:featuredmedia":[{"embeddable":true,"href":"https:\/\/www.eldiariodetucuman.com\/web\/wp-json\/wp\/v2\/media\/45817"}],"wp:attachment":[{"href":"https:\/\/www.eldiariodetucuman.com\/web\/wp-json\/wp\/v2\/media?parent=45816"}],"wp:term":[{"taxonomy":"category","embeddable":true,"href":"https:\/\/www.eldiariodetucuman.com\/web\/wp-json\/wp\/v2\/categories?post=45816"},{"taxonomy":"post_tag","embeddable":true,"href":"https:\/\/www.eldiariodetucuman.com\/web\/wp-json\/wp\/v2\/tags?post=45816"}],"curies":[{"name":"wp","href":"https:\/\/api.w.org\/{rel}","templated":true}]}}