{"id":45813,"date":"2025-10-01T23:17:42","date_gmt":"2025-10-02T02:17:42","guid":{"rendered":"https:\/\/www.eldiariodetucuman.com\/web\/milei-ratifico-a-espert-como-candidato-esta-claro-que-esto-es-una-operacion-berreta\/"},"modified":"2025-10-01T23:17:46","modified_gmt":"2025-10-02T02:17:46","slug":"milei-ratifico-a-espert-como-candidato-esta-claro-que-esto-es-una-operacion-berreta","status":"publish","type":"post","link":"https:\/\/www.eldiariodetucuman.com\/web\/milei-ratifico-a-espert-como-candidato-esta-claro-que-esto-es-una-operacion-berreta\/","title":{"rendered":"Milei ratific\u00f3 a Espert como candidato: \u201cEst\u00e1 claro que esto es una operaci\u00f3n berreta\u201d"},"content":{"rendered":"<p><\/p>\n<p class=\"com-paragraph  --capital --s\">El presidente <strong>Javier Milei<\/strong> ratific\u00f3 como candidato a <strong>Jos\u00e9 Luis Espert<\/strong>, que encabeza la lista de <strong>La Libertad Avanza<\/strong> en la provincia de Buenos Aires, para las elecciones de diputados nacionales. Adem\u00e1s, dijo que nunca pens\u00f3 en apartarlo. \u201cEsto es un refrito de una operaci\u00f3n en 2019, y Espert fue candidato sin problemas. <strong>Est\u00e1 claro que es una operaci\u00f3n berreta.<\/strong> Est\u00e1n nerviosos\u201d, indic\u00f3.<\/p>\n<p class=\"com-paragraph   --s\">Apunt\u00f3 contra la oposici\u00f3n y en especial al kirchnerismo: \u201c<strong>No voy a permitir que un conjunto de forajidos me marque la agenda<\/strong>\u201d, dijo en di\u00e1logo con Radio Mitre. <\/p>\n<p class=\"com-paragraph   --s\">\u201c<strong>Esto es una metodolog\u00eda del kirchnerismo<\/strong>. Ellos son el gobierno m\u00e1s corrupto de la historia. Que les digan cualquier barbaridad no les importa, pero cuando hay gente honesta, y dicen esas cosas, uno dice qu\u00e9 pasa. Es tremendo c\u00f3mo construyen operaciones para dinamitar y meter problemas\u00bb, sum\u00f3 y remarc\u00f3 que el Gobierno no se va permitir que \u201cquieran imponer a quien echar\u201d.<\/p>\n<p class=\"com-paragraph   --s\">Milei, adem\u00e1s, insisti\u00f3 en que las acusaciones contra Espert son \u201cchimentos de peluquer\u00eda\u201d y argument\u00f3: \u201cDesarrollaron la metodolog\u00eda de ensuciar gente con el caso Olivera, pero yo tambi\u00e9n conf\u00edo en que los argentinos no se van a dejar llevar por unos mentirosos. Los que tienen que dar explicaciones son ellos, <strong>su jefa est\u00e1 presa con una tobillera<\/strong>\u201d.<\/p>\n<p class=\"com-paragraph   --s\">\u201cSi yo creyera que alguno est\u00e1 sucio, lo hubiera echado, pero no me voy a dejar psicopatear ni darles el cr\u00e9dito de ensuciar a gente honesta\u201d, consider\u00f3. En ese tramo hizo referencia a su gabinete, al caso de los audios de Spagnuolo y a las acusaciones contra su hermana, Karina Milei.<\/p>\n<p>Milei defendi\u00f3 a Espert tras las acusaciones<\/p>\n<p class=\"com-paragraph   --s\">Por otro lado, Milei dijo que esperaba la <strong>inestabilidad en el tipo de cambio<\/strong>, lo atribuy\u00f3 a la <strong>oposici\u00f3n \u201cdestructiva del kirchnerismo\u201d<\/strong> e intent\u00f3 llevar tranquilidad: \u201cHay que pasar este a\u00f1o electoral, que es un infierno\u201d. Y a\u00f1adi\u00f3: \u201cLa oposici\u00f3n que es af\u00edn se ve obligada a exacerbar diferencias pero nosotros estamos trabajando con las provincias para las reforma tributaria y laboral que hay que encarar el 11 de diciembre\u201d. <\/p>\n<p class=\"com-paragraph   --s\">El jefe de Estado resalt\u00f3 tambi\u00e9n su encuentro con Mauricio Macri y neg\u00f3, por otro lado, que el Gobierno se haya \u201cquemado\u201d los d\u00f3lares. \u201cNosotros compramos 25 mil millones de d\u00f3lares\u201d, afirm\u00f3 en Radio Mitre. Luego, coment\u00f3 que est\u00e1 cerrando el acuerdo con el Tesoro de Estados Unidos. <\/p>\n<p class=\"com-paragraph   --s\">\u201cEsper\u00e1bamos que esto pudiera pasar. <strong>Ahora es una cuesti\u00f3n de tener que pasar este infierno que es el a\u00f1o electoral<\/strong>. Cuando vos ten\u00e9s un a\u00f1o electoral hay una situaci\u00f3n: hay una parte de la oposici\u00f3n que es muy destructiva, y los que son afines por la din\u00e1mica electoral se ven necesitados de exacerbar las diferencias\u00bb, afirm\u00f3.<\/p>\n<p class=\"com-paragraph   --s\">Adem\u00e1s continu\u00f3: \u201c<strong>El tema es que la pirotecnia electoral hace creer que la diferencia de las cosas sea m\u00e1s grande<\/strong> y que parezca que el proceso est\u00e1 m\u00e1s empastado\u201d.<\/p>\n<p>Milei confirm\u00f3 que se reuni\u00f3 con Mauricio Macri<\/p>\n<p class=\"com-paragraph   --s\">\u201cEntendemos que la gente no puede llegar a fin de mes. Hay 31% de pobres, un n\u00famero enorme y aberrante. Pero es el resultado de 100 a\u00f1os. Recibimos un pa\u00eds subdesarrollado a punto de convertirse en Venezuela. Hay personas que ignoran esta cuesti\u00f3n\u201d, declar\u00f3 y agreg\u00f3: \u201c<strong>Si seguimos as\u00ed, en 10 a\u00f1os vamos a ser como Espa\u00f1a. En 20, como Alemania. En 30, Estados Unidos<\/strong>, y 40, ser uno de los mejores pa\u00edses del mundo. Esto no es instant\u00e1neo\u201d.<\/p>\n<p class=\"com-paragraph   --s\">Por otra parte, Milei <strong>confirm\u00f3 que se reuni\u00f3 con <\/strong><strong>Mauricio Macri<\/strong>: \u201cLo vamos llevando. <strong>Vamos construyendo la base de la gobernabilidad<\/strong>. Estamos trabajando en sacar las reformas estructurales que son necesarias a partir del 11 de diciembre. Estamos en condiciones de ponernos de acuerdo para algunas cosas, como la reforma tributaria y laboral\u201d.<\/p>\n<h3 class=\"com-title --font-primary --l --font-extra\">El acuerdo con Estados Unidos<\/h3>\n<p class=\"com-paragraph   --s\">A su vez, el Presidente cont\u00f3 c\u00f3mo se gest\u00f3 la ayuda que el gobierno argentino podr\u00eda recibir de parte de Donald Trump y asegur\u00f3 que el trato <strong>est\u00e1 a punto de cerrarse<\/strong>. \u201cEl acuerdo tiene tres bloques. Uno que tiene que ver con el swap, el otro es la recompra de deuda, y est\u00e1 hasta la posibilidad de que compren deuda en el mercado primario\u201d, dijo y aclar\u00f3: \u201cCuando nos reunimos, [el secretario del Tesoro] Bessent expuso el programa que <strong>estamos cerrando y ahora estamos con los detalles, lo que vendr\u00eda a ser la letra chica<\/strong>. Es muy interesante esta posibilidad\u201d. <\/p>\n<p class=\"com-paragraph   --s\">Adem\u00e1s, habl\u00f3 sobre el viaje que har\u00e1 el 14 de octubre para ver otra vez a Trump. \u201c\u00bfNos va a endeudar de nuevo?\u201c, le pregunt\u00f3 Gabriel Anello. \u201dNo, porque tenemos super\u00e1vit. Rollear la deuda no es endeudarse\u00bb, sostuvo. \u201cVamos a tener buenas noticias\u201d, pronostic\u00f3.<\/p>\n<p>Milei se reuni\u00f3 con Trump durante su \u00faltima visita a Estados UnidosEvan Vucci &#8211; AP<\/p>\n<p class=\"com-paragraph   --s\">\u201cPropusimos la dolarizaci\u00f3n end\u00f3gena y la gente no la tom\u00f3. No empez\u00f3 a tomar sus d\u00f3lares para pasarlos a pesos. Frente a ese diagn\u00f3stico nos dimos cuenta de que era porque el BCRA no estaba capitalizado. Por eso vino el acuerdo \u00fanico con el FMI. Ellos hicieron un trabajo enorme, Kristalina Georgieva es una super estrella. <strong>Messi es Scott Bessent.<\/strong> Si le tengo que dar la camiseta de Messi a alguien, es a \u00e9l\u201d, expres\u00f3. <\/p>\n<p class=\"com-paragraph   --s\">En esta l\u00ednea, coment\u00f3: \u201cGeorgieva sabe pivotar entre la econom\u00eda y la pol\u00edtica, es muy valioso. Nosotros tomamos ese pr\u00e9stamo y lo usamos para pagar la deuda del Tesoro con el BCRA. Le bajamos a los argentinos el impuesto inflacionario. Terminamos las aberraciones del kirchnerismo, que se robaba las reservas para hacer populismo. Eso permite que la inflaci\u00f3n siga un sendero a la baja\u201d.<\/p>\n<p class=\"com-paragraph   --s\">Milei sostuvo que el equipo econ\u00f3mico se plante\u00f3 el escenario \u201cm\u00e1s pesimista\u201d -el cual consider\u00f3 como no conseguir ning\u00fan tipo de financiamiento- y sigui\u00f3 una alternativa. \u00bb Buscamos alguna soluci\u00f3n de armar una especie de financiamiento con el Tesoro americano. Esta conversaci\u00f3n fue tan fruct\u00edfera que <strong>tuvimos el honor de tener a Scott Bessent en la Argentina y fue una experiencia maravillosa<\/strong>. Sabe de econom\u00eda y mercados\u00bb, manifest\u00f3.<\/p>\n<p><a href=\"https:\/\/www.lanacion.com.ar\/politica\/para-milei-hay-que-pasar-el-ano-electoral-que-es-un-infierno-nid01102025\/\">Fuente de la nota <\/a><\/p>\n","protected":false},"excerpt":{"rendered":"<p>El presidente Javier Milei ratific\u00f3 como candidato a Jos\u00e9 Luis Espert, que encabeza la lista de La Libertad Avanza en la provincia de Buenos Aires, para las elecciones de diputados nacionales. Adem\u00e1s, dijo que nunca pens\u00f3 en apartarlo. \u201cEsto es un refrito de una operaci\u00f3n en 2019, y Espert fue candidato sin problemas. Est\u00e1 claro [&hellip;]<\/p>\n","protected":false},"author":5,"featured_media":45814,"comment_status":"closed","ping_status":"open","sticky":false,"template":"","format":"standard","meta":{"footnotes":""},"categories":[3],"tags":[],"class_list":{"0":"post-45813","1":"post","2":"type-post","3":"status-publish","4":"format-standard","5":"has-post-thumbnail","7":"category-politica"},"yoast_head":"<!-- This site is optimized with the Yoast SEO plugin v27.5 - https:\/\/yoast.com\/product\/yoast-seo-wordpress\/ -->\n<title>Milei ratific\u00f3 a Espert como candidato: \u201cEst\u00e1 claro que esto es una operaci\u00f3n berreta\u201d - El Diario de Tucuman<\/title>\n<meta name=\"robots\" content=\"index, follow, max-snippet:-1, max-image-preview:large, max-video-preview:-1\" \/>\n<link rel=\"canonical\" href=\"https:\/\/www.eldiariodetucuman.com\/web\/milei-ratifico-a-espert-como-candidato-esta-claro-que-esto-es-una-operacion-berreta\/\" \/>\n<meta property=\"og:locale\" content=\"es_ES\" \/>\n<meta property=\"og:type\" content=\"article\" \/>\n<meta property=\"og:title\" content=\"Milei ratific\u00f3 a Espert como candidato: \u201cEst\u00e1 claro que esto es una operaci\u00f3n berreta\u201d - El Diario de Tucuman\" \/>\n<meta property=\"og:description\" content=\"El presidente Javier Milei ratific\u00f3 como candidato a Jos\u00e9 Luis Espert, que encabeza la lista de La Libertad Avanza en la provincia de Buenos Aires, para las elecciones de diputados nacionales. Adem\u00e1s, dijo que nunca pens\u00f3 en apartarlo. \u201cEsto es un refrito de una operaci\u00f3n en 2019, y Espert fue candidato sin problemas. Est\u00e1 claro [&hellip;]\" \/>\n<meta property=\"og:url\" content=\"https:\/\/www.eldiariodetucuman.com\/web\/milei-ratifico-a-espert-como-candidato-esta-claro-que-esto-es-una-operacion-berreta\/\" \/>\n<meta property=\"og:site_name\" content=\"El Diario de Tucuman\" \/>\n<meta property=\"article:published_time\" content=\"2025-10-02T02:17:42+00:00\" \/>\n<meta property=\"article:modified_time\" content=\"2025-10-02T02:17:46+00:00\" \/>\n<meta property=\"og:image\" content=\"https:\/\/www.eldiariodetucuman.com\/web\/wp-content\/uploads\/2025\/10\/milei-ratifico-a-espert-como-candidato-esta-claro-L73KIF6X7JDL7GXT2SKLL3R5HU.jfif.jpeg\" \/>\n\t<meta property=\"og:image:width\" content=\"1200\" \/>\n\t<meta property=\"og:image:height\" content=\"800\" \/>\n\t<meta property=\"og:image:type\" content=\"image\/jpeg\" \/>\n<meta name=\"author\" content=\"Redactor Uno\" \/>\n<meta name=\"twitter:card\" content=\"summary_large_image\" \/>\n<meta name=\"twitter:label1\" content=\"Escrito por\" \/>\n\t<meta name=\"twitter:data1\" content=\"Redactor Uno\" \/>\n\t<meta name=\"twitter:label2\" content=\"Tiempo de lectura\" \/>\n\t<meta name=\"twitter:data2\" content=\"5 minutos\" \/>\n<script type=\"application\/ld+json\" class=\"yoast-schema-graph\">{\"@context\":\"https:\\\/\\\/schema.org\",\"@graph\":[{\"@type\":\"Article\",\"@id\":\"https:\\\/\\\/www.eldiariodetucuman.com\\\/web\\\/milei-ratifico-a-espert-como-candidato-esta-claro-que-esto-es-una-operacion-berreta\\\/#article\",\"isPartOf\":{\"@id\":\"https:\\\/\\\/www.eldiariodetucuman.com\\\/web\\\/milei-ratifico-a-espert-como-candidato-esta-claro-que-esto-es-una-operacion-berreta\\\/\"},\"author\":{\"name\":\"Redactor Uno\",\"@id\":\"https:\\\/\\\/www.eldiariodetucuman.com\\\/web\\\/#\\\/schema\\\/person\\\/7e6644a46e60888f6b868594407e08dd\"},\"headline\":\"Milei ratific\u00f3 a Espert como candidato: \u201cEst\u00e1 claro que esto es una operaci\u00f3n berreta\u201d\",\"datePublished\":\"2025-10-02T02:17:42+00:00\",\"dateModified\":\"2025-10-02T02:17:46+00:00\",\"mainEntityOfPage\":{\"@id\":\"https:\\\/\\\/www.eldiariodetucuman.com\\\/web\\\/milei-ratifico-a-espert-como-candidato-esta-claro-que-esto-es-una-operacion-berreta\\\/\"},\"wordCount\":1052,\"publisher\":{\"@id\":\"https:\\\/\\\/www.eldiariodetucuman.com\\\/web\\\/#organization\"},\"image\":{\"@id\":\"https:\\\/\\\/www.eldiariodetucuman.com\\\/web\\\/milei-ratifico-a-espert-como-candidato-esta-claro-que-esto-es-una-operacion-berreta\\\/#primaryimage\"},\"thumbnailUrl\":\"https:\\\/\\\/www.eldiariodetucuman.com\\\/web\\\/wp-content\\\/uploads\\\/2025\\\/10\\\/milei-ratifico-a-espert-como-candidato-esta-claro-L73KIF6X7JDL7GXT2SKLL3R5HU.jfif.jpeg\",\"articleSection\":[\"Politica\"],\"inLanguage\":\"es\"},{\"@type\":\"WebPage\",\"@id\":\"https:\\\/\\\/www.eldiariodetucuman.com\\\/web\\\/milei-ratifico-a-espert-como-candidato-esta-claro-que-esto-es-una-operacion-berreta\\\/\",\"url\":\"https:\\\/\\\/www.eldiariodetucuman.com\\\/web\\\/milei-ratifico-a-espert-como-candidato-esta-claro-que-esto-es-una-operacion-berreta\\\/\",\"name\":\"Milei ratific\u00f3 a Espert como candidato: \u201cEst\u00e1 claro que esto es una operaci\u00f3n berreta\u201d - El Diario de Tucuman\",\"isPartOf\":{\"@id\":\"https:\\\/\\\/www.eldiariodetucuman.com\\\/web\\\/#website\"},\"primaryImageOfPage\":{\"@id\":\"https:\\\/\\\/www.eldiariodetucuman.com\\\/web\\\/milei-ratifico-a-espert-como-candidato-esta-claro-que-esto-es-una-operacion-berreta\\\/#primaryimage\"},\"image\":{\"@id\":\"https:\\\/\\\/www.eldiariodetucuman.com\\\/web\\\/milei-ratifico-a-espert-como-candidato-esta-claro-que-esto-es-una-operacion-berreta\\\/#primaryimage\"},\"thumbnailUrl\":\"https:\\\/\\\/www.eldiariodetucuman.com\\\/web\\\/wp-content\\\/uploads\\\/2025\\\/10\\\/milei-ratifico-a-espert-como-candidato-esta-claro-L73KIF6X7JDL7GXT2SKLL3R5HU.jfif.jpeg\",\"datePublished\":\"2025-10-02T02:17:42+00:00\",\"dateModified\":\"2025-10-02T02:17:46+00:00\",\"breadcrumb\":{\"@id\":\"https:\\\/\\\/www.eldiariodetucuman.com\\\/web\\\/milei-ratifico-a-espert-como-candidato-esta-claro-que-esto-es-una-operacion-berreta\\\/#breadcrumb\"},\"inLanguage\":\"es\",\"potentialAction\":[{\"@type\":\"ReadAction\",\"target\":[\"https:\\\/\\\/www.eldiariodetucuman.com\\\/web\\\/milei-ratifico-a-espert-como-candidato-esta-claro-que-esto-es-una-operacion-berreta\\\/\"]}]},{\"@type\":\"ImageObject\",\"inLanguage\":\"es\",\"@id\":\"https:\\\/\\\/www.eldiariodetucuman.com\\\/web\\\/milei-ratifico-a-espert-como-candidato-esta-claro-que-esto-es-una-operacion-berreta\\\/#primaryimage\",\"url\":\"https:\\\/\\\/www.eldiariodetucuman.com\\\/web\\\/wp-content\\\/uploads\\\/2025\\\/10\\\/milei-ratifico-a-espert-como-candidato-esta-claro-L73KIF6X7JDL7GXT2SKLL3R5HU.jfif.jpeg\",\"contentUrl\":\"https:\\\/\\\/www.eldiariodetucuman.com\\\/web\\\/wp-content\\\/uploads\\\/2025\\\/10\\\/milei-ratifico-a-espert-como-candidato-esta-claro-L73KIF6X7JDL7GXT2SKLL3R5HU.jfif.jpeg\",\"width\":1200,\"height\":800},{\"@type\":\"BreadcrumbList\",\"@id\":\"https:\\\/\\\/www.eldiariodetucuman.com\\\/web\\\/milei-ratifico-a-espert-como-candidato-esta-claro-que-esto-es-una-operacion-berreta\\\/#breadcrumb\",\"itemListElement\":[{\"@type\":\"ListItem\",\"position\":1,\"name\":\"Portada\",\"item\":\"https:\\\/\\\/www.eldiariodetucuman.com\\\/web\\\/\"},{\"@type\":\"ListItem\",\"position\":2,\"name\":\"Milei ratific\u00f3 a Espert como candidato: \u201cEst\u00e1 claro que esto es una operaci\u00f3n berreta\u201d\"}]},{\"@type\":\"WebSite\",\"@id\":\"https:\\\/\\\/www.eldiariodetucuman.com\\\/web\\\/#website\",\"url\":\"https:\\\/\\\/www.eldiariodetucuman.com\\\/web\\\/\",\"name\":\"El Diario de Tucuman\",\"description\":\"Diario Tucuman - Informaci\u00f3n y noticias\",\"publisher\":{\"@id\":\"https:\\\/\\\/www.eldiariodetucuman.com\\\/web\\\/#organization\"},\"potentialAction\":[{\"@type\":\"SearchAction\",\"target\":{\"@type\":\"EntryPoint\",\"urlTemplate\":\"https:\\\/\\\/www.eldiariodetucuman.com\\\/web\\\/?s={search_term_string}\"},\"query-input\":{\"@type\":\"PropertyValueSpecification\",\"valueRequired\":true,\"valueName\":\"search_term_string\"}}],\"inLanguage\":\"es\"},{\"@type\":\"Organization\",\"@id\":\"https:\\\/\\\/www.eldiariodetucuman.com\\\/web\\\/#organization\",\"name\":\"El Diario de Tucuman\",\"url\":\"https:\\\/\\\/www.eldiariodetucuman.com\\\/web\\\/\",\"logo\":{\"@type\":\"ImageObject\",\"inLanguage\":\"es\",\"@id\":\"https:\\\/\\\/www.eldiariodetucuman.com\\\/web\\\/#\\\/schema\\\/logo\\\/image\\\/\",\"url\":\"http:\\\/\\\/www.eldiariodetucuman.com\\\/web\\\/wp-content\\\/uploads\\\/2017\\\/12\\\/el-diario-de-tucuman.jpg\",\"contentUrl\":\"http:\\\/\\\/www.eldiariodetucuman.com\\\/web\\\/wp-content\\\/uploads\\\/2017\\\/12\\\/el-diario-de-tucuman.jpg\",\"width\":272,\"height\":92,\"caption\":\"El Diario de Tucuman\"},\"image\":{\"@id\":\"https:\\\/\\\/www.eldiariodetucuman.com\\\/web\\\/#\\\/schema\\\/logo\\\/image\\\/\"}},{\"@type\":\"Person\",\"@id\":\"https:\\\/\\\/www.eldiariodetucuman.com\\\/web\\\/#\\\/schema\\\/person\\\/7e6644a46e60888f6b868594407e08dd\",\"name\":\"Redactor Uno\",\"image\":{\"@type\":\"ImageObject\",\"inLanguage\":\"es\",\"@id\":\"https:\\\/\\\/secure.gravatar.com\\\/avatar\\\/0049b1bdf1bd548385c9ea6b9356431717930913089febd2ba904f0187d7d074?s=96&d=mm&r=g\",\"url\":\"https:\\\/\\\/secure.gravatar.com\\\/avatar\\\/0049b1bdf1bd548385c9ea6b9356431717930913089febd2ba904f0187d7d074?s=96&d=mm&r=g\",\"contentUrl\":\"https:\\\/\\\/secure.gravatar.com\\\/avatar\\\/0049b1bdf1bd548385c9ea6b9356431717930913089febd2ba904f0187d7d074?s=96&d=mm&r=g\",\"caption\":\"Redactor Uno\"},\"url\":\"https:\\\/\\\/www.eldiariodetucuman.com\\\/web\\\/author\\\/mramasco\\\/\"}]}<\/script>\n<!-- \/ Yoast SEO plugin. -->","yoast_head_json":{"title":"Milei ratific\u00f3 a Espert como candidato: \u201cEst\u00e1 claro que esto es una operaci\u00f3n berreta\u201d - El Diario de Tucuman","robots":{"index":"index","follow":"follow","max-snippet":"max-snippet:-1","max-image-preview":"max-image-preview:large","max-video-preview":"max-video-preview:-1"},"canonical":"https:\/\/www.eldiariodetucuman.com\/web\/milei-ratifico-a-espert-como-candidato-esta-claro-que-esto-es-una-operacion-berreta\/","og_locale":"es_ES","og_type":"article","og_title":"Milei ratific\u00f3 a Espert como candidato: \u201cEst\u00e1 claro que esto es una operaci\u00f3n berreta\u201d - El Diario de Tucuman","og_description":"El presidente Javier Milei ratific\u00f3 como candidato a Jos\u00e9 Luis Espert, que encabeza la lista de La Libertad Avanza en la provincia de Buenos Aires, para las elecciones de diputados nacionales. Adem\u00e1s, dijo que nunca pens\u00f3 en apartarlo. \u201cEsto es un refrito de una operaci\u00f3n en 2019, y Espert fue candidato sin problemas. Est\u00e1 claro [&hellip;]","og_url":"https:\/\/www.eldiariodetucuman.com\/web\/milei-ratifico-a-espert-como-candidato-esta-claro-que-esto-es-una-operacion-berreta\/","og_site_name":"El Diario de Tucuman","article_published_time":"2025-10-02T02:17:42+00:00","article_modified_time":"2025-10-02T02:17:46+00:00","og_image":[{"width":1200,"height":800,"url":"https:\/\/www.eldiariodetucuman.com\/web\/wp-content\/uploads\/2025\/10\/milei-ratifico-a-espert-como-candidato-esta-claro-L73KIF6X7JDL7GXT2SKLL3R5HU.jfif.jpeg","type":"image\/jpeg"}],"author":"Redactor Uno","twitter_card":"summary_large_image","twitter_misc":{"Escrito por":"Redactor Uno","Tiempo de lectura":"5 minutos"},"schema":{"@context":"https:\/\/schema.org","@graph":[{"@type":"Article","@id":"https:\/\/www.eldiariodetucuman.com\/web\/milei-ratifico-a-espert-como-candidato-esta-claro-que-esto-es-una-operacion-berreta\/#article","isPartOf":{"@id":"https:\/\/www.eldiariodetucuman.com\/web\/milei-ratifico-a-espert-como-candidato-esta-claro-que-esto-es-una-operacion-berreta\/"},"author":{"name":"Redactor Uno","@id":"https:\/\/www.eldiariodetucuman.com\/web\/#\/schema\/person\/7e6644a46e60888f6b868594407e08dd"},"headline":"Milei ratific\u00f3 a Espert como candidato: \u201cEst\u00e1 claro que esto es una operaci\u00f3n berreta\u201d","datePublished":"2025-10-02T02:17:42+00:00","dateModified":"2025-10-02T02:17:46+00:00","mainEntityOfPage":{"@id":"https:\/\/www.eldiariodetucuman.com\/web\/milei-ratifico-a-espert-como-candidato-esta-claro-que-esto-es-una-operacion-berreta\/"},"wordCount":1052,"publisher":{"@id":"https:\/\/www.eldiariodetucuman.com\/web\/#organization"},"image":{"@id":"https:\/\/www.eldiariodetucuman.com\/web\/milei-ratifico-a-espert-como-candidato-esta-claro-que-esto-es-una-operacion-berreta\/#primaryimage"},"thumbnailUrl":"https:\/\/www.eldiariodetucuman.com\/web\/wp-content\/uploads\/2025\/10\/milei-ratifico-a-espert-como-candidato-esta-claro-L73KIF6X7JDL7GXT2SKLL3R5HU.jfif.jpeg","articleSection":["Politica"],"inLanguage":"es"},{"@type":"WebPage","@id":"https:\/\/www.eldiariodetucuman.com\/web\/milei-ratifico-a-espert-como-candidato-esta-claro-que-esto-es-una-operacion-berreta\/","url":"https:\/\/www.eldiariodetucuman.com\/web\/milei-ratifico-a-espert-como-candidato-esta-claro-que-esto-es-una-operacion-berreta\/","name":"Milei ratific\u00f3 a Espert como candidato: \u201cEst\u00e1 claro que esto es una operaci\u00f3n berreta\u201d - El Diario de Tucuman","isPartOf":{"@id":"https:\/\/www.eldiariodetucuman.com\/web\/#website"},"primaryImageOfPage":{"@id":"https:\/\/www.eldiariodetucuman.com\/web\/milei-ratifico-a-espert-como-candidato-esta-claro-que-esto-es-una-operacion-berreta\/#primaryimage"},"image":{"@id":"https:\/\/www.eldiariodetucuman.com\/web\/milei-ratifico-a-espert-como-candidato-esta-claro-que-esto-es-una-operacion-berreta\/#primaryimage"},"thumbnailUrl":"https:\/\/www.eldiariodetucuman.com\/web\/wp-content\/uploads\/2025\/10\/milei-ratifico-a-espert-como-candidato-esta-claro-L73KIF6X7JDL7GXT2SKLL3R5HU.jfif.jpeg","datePublished":"2025-10-02T02:17:42+00:00","dateModified":"2025-10-02T02:17:46+00:00","breadcrumb":{"@id":"https:\/\/www.eldiariodetucuman.com\/web\/milei-ratifico-a-espert-como-candidato-esta-claro-que-esto-es-una-operacion-berreta\/#breadcrumb"},"inLanguage":"es","potentialAction":[{"@type":"ReadAction","target":["https:\/\/www.eldiariodetucuman.com\/web\/milei-ratifico-a-espert-como-candidato-esta-claro-que-esto-es-una-operacion-berreta\/"]}]},{"@type":"ImageObject","inLanguage":"es","@id":"https:\/\/www.eldiariodetucuman.com\/web\/milei-ratifico-a-espert-como-candidato-esta-claro-que-esto-es-una-operacion-berreta\/#primaryimage","url":"https:\/\/www.eldiariodetucuman.com\/web\/wp-content\/uploads\/2025\/10\/milei-ratifico-a-espert-como-candidato-esta-claro-L73KIF6X7JDL7GXT2SKLL3R5HU.jfif.jpeg","contentUrl":"https:\/\/www.eldiariodetucuman.com\/web\/wp-content\/uploads\/2025\/10\/milei-ratifico-a-espert-como-candidato-esta-claro-L73KIF6X7JDL7GXT2SKLL3R5HU.jfif.jpeg","width":1200,"height":800},{"@type":"BreadcrumbList","@id":"https:\/\/www.eldiariodetucuman.com\/web\/milei-ratifico-a-espert-como-candidato-esta-claro-que-esto-es-una-operacion-berreta\/#breadcrumb","itemListElement":[{"@type":"ListItem","position":1,"name":"Portada","item":"https:\/\/www.eldiariodetucuman.com\/web\/"},{"@type":"ListItem","position":2,"name":"Milei ratific\u00f3 a Espert como candidato: \u201cEst\u00e1 claro que esto es una operaci\u00f3n berreta\u201d"}]},{"@type":"WebSite","@id":"https:\/\/www.eldiariodetucuman.com\/web\/#website","url":"https:\/\/www.eldiariodetucuman.com\/web\/","name":"El Diario de Tucuman","description":"Diario Tucuman - Informaci\u00f3n y noticias","publisher":{"@id":"https:\/\/www.eldiariodetucuman.com\/web\/#organization"},"potentialAction":[{"@type":"SearchAction","target":{"@type":"EntryPoint","urlTemplate":"https:\/\/www.eldiariodetucuman.com\/web\/?s={search_term_string}"},"query-input":{"@type":"PropertyValueSpecification","valueRequired":true,"valueName":"search_term_string"}}],"inLanguage":"es"},{"@type":"Organization","@id":"https:\/\/www.eldiariodetucuman.com\/web\/#organization","name":"El Diario de Tucuman","url":"https:\/\/www.eldiariodetucuman.com\/web\/","logo":{"@type":"ImageObject","inLanguage":"es","@id":"https:\/\/www.eldiariodetucuman.com\/web\/#\/schema\/logo\/image\/","url":"http:\/\/www.eldiariodetucuman.com\/web\/wp-content\/uploads\/2017\/12\/el-diario-de-tucuman.jpg","contentUrl":"http:\/\/www.eldiariodetucuman.com\/web\/wp-content\/uploads\/2017\/12\/el-diario-de-tucuman.jpg","width":272,"height":92,"caption":"El Diario de Tucuman"},"image":{"@id":"https:\/\/www.eldiariodetucuman.com\/web\/#\/schema\/logo\/image\/"}},{"@type":"Person","@id":"https:\/\/www.eldiariodetucuman.com\/web\/#\/schema\/person\/7e6644a46e60888f6b868594407e08dd","name":"Redactor Uno","image":{"@type":"ImageObject","inLanguage":"es","@id":"https:\/\/secure.gravatar.com\/avatar\/0049b1bdf1bd548385c9ea6b9356431717930913089febd2ba904f0187d7d074?s=96&d=mm&r=g","url":"https:\/\/secure.gravatar.com\/avatar\/0049b1bdf1bd548385c9ea6b9356431717930913089febd2ba904f0187d7d074?s=96&d=mm&r=g","contentUrl":"https:\/\/secure.gravatar.com\/avatar\/0049b1bdf1bd548385c9ea6b9356431717930913089febd2ba904f0187d7d074?s=96&d=mm&r=g","caption":"Redactor Uno"},"url":"https:\/\/www.eldiariodetucuman.com\/web\/author\/mramasco\/"}]}},"_links":{"self":[{"href":"https:\/\/www.eldiariodetucuman.com\/web\/wp-json\/wp\/v2\/posts\/45813","targetHints":{"allow":["GET"]}}],"collection":[{"href":"https:\/\/www.eldiariodetucuman.com\/web\/wp-json\/wp\/v2\/posts"}],"about":[{"href":"https:\/\/www.eldiariodetucuman.com\/web\/wp-json\/wp\/v2\/types\/post"}],"author":[{"embeddable":true,"href":"https:\/\/www.eldiariodetucuman.com\/web\/wp-json\/wp\/v2\/users\/5"}],"replies":[{"embeddable":true,"href":"https:\/\/www.eldiariodetucuman.com\/web\/wp-json\/wp\/v2\/comments?post=45813"}],"version-history":[{"count":1,"href":"https:\/\/www.eldiariodetucuman.com\/web\/wp-json\/wp\/v2\/posts\/45813\/revisions"}],"predecessor-version":[{"id":45815,"href":"https:\/\/www.eldiariodetucuman.com\/web\/wp-json\/wp\/v2\/posts\/45813\/revisions\/45815"}],"wp:featuredmedia":[{"embeddable":true,"href":"https:\/\/www.eldiariodetucuman.com\/web\/wp-json\/wp\/v2\/media\/45814"}],"wp:attachment":[{"href":"https:\/\/www.eldiariodetucuman.com\/web\/wp-json\/wp\/v2\/media?parent=45813"}],"wp:term":[{"taxonomy":"category","embeddable":true,"href":"https:\/\/www.eldiariodetucuman.com\/web\/wp-json\/wp\/v2\/categories?post=45813"},{"taxonomy":"post_tag","embeddable":true,"href":"https:\/\/www.eldiariodetucuman.com\/web\/wp-json\/wp\/v2\/tags?post=45813"}],"curies":[{"name":"wp","href":"https:\/\/api.w.org\/{rel}","templated":true}]}}